{"id":2859,"date":"2020-12-01T13:25:58","date_gmt":"2020-12-01T12:25:58","guid":{"rendered":"https:\/\/www.lebenshilfe-dillenburg.de\/?p=2859"},"modified":"2026-01-30T12:09:35","modified_gmt":"2026-01-30T11:09:35","slug":"schreibwerkstatt-gewinnt-sonderpreis","status":"publish","type":"post","link":"https:\/\/lebenshilfe-dillenburg.de\/leicht\/schreibwerkstatt-gewinnt-sonderpreis\/","title":{"rendered":"Schreibwerkstatt gewinnt Sonderpreis"},"content":{"rendered":"<p>Die Schreibwerkstatt der Lebenshilfe Dillenburg ist am Montagabend ausgezeichnet worden: Im Rahmen der Verleihung des Hessischen Elisabeth-Preises f\u00fcr Soziales ist das inklusive Projekt mit dem Sonderpreis der Jury gew\u00fcrdigt worden.<!--more--><\/p>\n<p>Urspr\u00fcnglich als Pr\u00e4senzveranstaltung im Schloss in Wiesbaden geplant, hat die Liga der Freien Wohlfahrtspflege in Hessen in Kooperation mit LOTTO Hessen und mit Unterst\u00fctzung der Hessischen Landesregierung den Preis in diesem Jahr via Live-Stream \u00fcberreicht. \u201eDie Lebenshilfe Dillenburg gibt Menschen und ihren Geschichten einen Raum, eine Plattform\u201c, zitierte HR-Moderatorin Julia Tzsch\u00e4tzsch das Urteil der Jury, die begeistert gewesen sei von dem Projekt, das Menschen mit Behinderungen in die Gemeinschaft und ins kulturelle Leben bringe.<\/p>\n<p>Die Schreibwerkstatt der Lebenshilfe Dillenburg hat es sich seit 2017 zur Aufgabe gemacht, Menschen mit Behinderungen eine Stimme zu geben. Viele der im Projekt betreuten Menschen k\u00f6nnen nicht lesen und schreiben. Daher helfen Schreibpaten dabei, die Biografien und Geschichten in 1000-Zeichen-Texten zu Papier zu bringen. Diese Texte erreichen \u00fcber Ver\u00f6ffentlichungen oder B\u00fchnenauftritte eine breite Masse und schaffen so Begegnungen. \u201eDadurch k\u00f6nnen wir den Menschen zeigen, dass es viele Gemeinsamkeiten gibt zwischen den Menschen mit und ohne Behinderungen\u201c, betonte Initiator Sascha Kirchhoff, Kulturreferent der Lebenshilfe Dillenburg, der mit seinem Team der Verleihung zugeschaltet wurde.<\/p>\n<p>Der Sonderpreis der Jury ist mit 1000 Euro dotiert, die die Lebenshilfe Dillenburg nun f\u00fcr ihr Projekt nutzen kann. \u201eEine solche Unterst\u00fctzung k\u00f6nnen wir nat\u00fcrlich gerade in der jetzigen Zeit sehr gut gebrauchen\u201c, so Kirchhoff. Insgesamt 70 Projekte sind in diesem Jahr als Bewerbungen f\u00fcr den Elisabeth-Preis eingegangen, sieben wurden ausgezeichnet. \u201eDiese Projekte zeigen Menschen jeden Alters Wege aus der Einsamkeit, so dass sie sich wieder als Teil der Gesellschaft f\u00fchlen, gesch\u00e4tzt und respektiert werden\u201c, so Liga-Vorstandsvorsitzende Dr. Yasmin Alinaghi. \u201eEs sind ganz vielf\u00e4ltige Projekte gegen Einsamkeit oder Vereinsamung dabei. Sie leisten eine herausragende Arbeit.\u201c<\/p>\n","protected":false},"excerpt":{"rendered":"<p>Die Schreibwerkstatt der Lebenshilfe Dillenburg ist am Montagabend ausgezeichnet worden: Im Rahmen der Verleihung des Hessischen Elisabeth-Preises f\u00fcr Soziales ist das inklusive Projekt mit dem Sonderpreis der Jury gew\u00fcrdigt worden.<\/p>\n","protected":false},"author":4,"featured_media":7568,"comment_status":"closed","ping_status":"closed","sticky":false,"template":"","format":"standard","meta":{"_acf_changed":false,"_gspb_post_css":"","_kad_blocks_custom_css":"","_kad_blocks_head_custom_js":"","_kad_blocks_body_custom_js":"","_kad_blocks_footer_custom_js":"","_kad_post_transparent":"","_kad_post_title":"","_kad_post_layout":"","_kad_post_sidebar_id":"","_kad_post_content_style":"","_kad_post_vertical_padding":"","_kad_post_feature":"","_kad_post_feature_position":"","_kad_post_header":false,"_kad_post_footer":false,"_kad_post_classname":"","footnotes":""},"categories":[53],"tags":[],"class_list":["post-2859","post","type-post","status-publish","format-standard","has-post-thumbnail","hentry","category-meldungen"],"acf":[],"yoast_head":"<!-- This site is optimized with the Yoast SEO plugin v27.5 - https:\/\/yoast.com\/product\/yoast-seo-wordpress\/ -->\n<title>Schreibwerkstatt gewinnt Sonderpreis - Lebenshilfe Dillenburg e.V.<\/title>\n<meta name=\"robots\" content=\"index, follow, max-snippet:-1, max-image-preview:large, max-video-preview:-1\" \/>\n<link rel=\"canonical\" href=\"https:\/\/lebenshilfe-dillenburg.de\/leicht\/schreibwerkstatt-gewinnt-sonderpreis\/\" \/>\n<meta property=\"og:locale\" content=\"de_DE\" \/>\n<meta property=\"og:type\" content=\"article\" \/>\n<meta property=\"og:title\" content=\"Schreibwerkstatt gewinnt Sonderpreis - Lebenshilfe Dillenburg e.V.\" \/>\n<meta property=\"og:description\" content=\"Die Schreibwerkstatt der Lebenshilfe Dillenburg ist am Montagabend ausgezeichnet worden: Im Rahmen der Verleihung des Hessischen Elisabeth-Preises f\u00fcr Soziales ist das inklusive Projekt mit dem Sonderpreis der Jury gew\u00fcrdigt worden.\" \/>\n<meta property=\"og:url\" content=\"https:\/\/lebenshilfe-dillenburg.de\/leicht\/schreibwerkstatt-gewinnt-sonderpreis\/\" \/>\n<meta property=\"og:site_name\" content=\"Lebenshilfe Dillenburg e.V.\" \/>\n<meta property=\"article:publisher\" content=\"https:\/\/www.facebook.com\/lebenshilfedillenburg\/\" \/>\n<meta property=\"article:published_time\" content=\"2020-12-01T12:25:58+00:00\" \/>\n<meta property=\"article:modified_time\" content=\"2026-01-30T11:09:35+00:00\" \/>\n<meta property=\"og:image\" content=\"https:\/\/lebenshilfe-dillenburg.de\/wp-content\/uploads\/schreibwerkstatt-gewinnt-sonderpreis-91a4740.jpg\" \/>\n\t<meta property=\"og:image:width\" content=\"1365\" \/>\n\t<meta property=\"og:image:height\" content=\"2048\" \/>\n\t<meta property=\"og:image:type\" content=\"image\/jpeg\" \/>\n<meta name=\"author\" content=\"Conny Holtfoth\" \/>\n<meta name=\"twitter:card\" content=\"summary_large_image\" \/>\n<meta name=\"twitter:label1\" content=\"Geschrieben von\" \/>\n\t<meta name=\"twitter:data1\" content=\"Conny Holtfoth\" \/>\n\t<meta name=\"twitter:label2\" content=\"Gesch\u00e4tzte Lesezeit\" \/>\n\t<meta name=\"twitter:data2\" content=\"2\u00a0Minuten\" \/>\n<script type=\"application\/ld+json\" class=\"yoast-schema-graph\">{\"@context\":\"https:\\\/\\\/schema.org\",\"@graph\":[{\"@type\":\"Article\",\"@id\":\"https:\\\/\\\/lebenshilfe-dillenburg.de\\\/leicht\\\/schreibwerkstatt-gewinnt-sonderpreis\\\/#article\",\"isPartOf\":{\"@id\":\"https:\\\/\\\/lebenshilfe-dillenburg.de\\\/leicht\\\/schreibwerkstatt-gewinnt-sonderpreis\\\/\"},\"author\":{\"name\":\"Conny Holtfoth\",\"@id\":\"https:\\\/\\\/lebenshilfe-dillenburg.de\\\/leicht\\\/#\\\/schema\\\/person\\\/b6c52dad8d881b49213c3345a7cd5efe\"},\"headline\":\"Schreibwerkstatt gewinnt Sonderpreis\",\"datePublished\":\"2020-12-01T12:25:58+00:00\",\"dateModified\":\"2026-01-30T11:09:35+00:00\",\"mainEntityOfPage\":{\"@id\":\"https:\\\/\\\/lebenshilfe-dillenburg.de\\\/leicht\\\/schreibwerkstatt-gewinnt-sonderpreis\\\/\"},\"wordCount\":310,\"publisher\":{\"@id\":\"https:\\\/\\\/lebenshilfe-dillenburg.de\\\/leicht\\\/#organization\"},\"image\":{\"@id\":\"https:\\\/\\\/lebenshilfe-dillenburg.de\\\/leicht\\\/schreibwerkstatt-gewinnt-sonderpreis\\\/#primaryimage\"},\"thumbnailUrl\":\"https:\\\/\\\/lebenshilfe-dillenburg.de\\\/wp-content\\\/uploads\\\/frau-schreibt-notizen-am-tisch-91a4740.jpg\",\"articleSection\":[\"Meldungen\"],\"inLanguage\":\"de\"},{\"@type\":\"WebPage\",\"@id\":\"https:\\\/\\\/lebenshilfe-dillenburg.de\\\/leicht\\\/schreibwerkstatt-gewinnt-sonderpreis\\\/\",\"url\":\"https:\\\/\\\/lebenshilfe-dillenburg.de\\\/leicht\\\/schreibwerkstatt-gewinnt-sonderpreis\\\/\",\"name\":\"Schreibwerkstatt gewinnt Sonderpreis - Lebenshilfe Dillenburg e.V.\",\"isPartOf\":{\"@id\":\"https:\\\/\\\/lebenshilfe-dillenburg.de\\\/leicht\\\/#website\"},\"primaryImageOfPage\":{\"@id\":\"https:\\\/\\\/lebenshilfe-dillenburg.de\\\/leicht\\\/schreibwerkstatt-gewinnt-sonderpreis\\\/#primaryimage\"},\"image\":{\"@id\":\"https:\\\/\\\/lebenshilfe-dillenburg.de\\\/leicht\\\/schreibwerkstatt-gewinnt-sonderpreis\\\/#primaryimage\"},\"thumbnailUrl\":\"https:\\\/\\\/lebenshilfe-dillenburg.de\\\/wp-content\\\/uploads\\\/frau-schreibt-notizen-am-tisch-91a4740.jpg\",\"datePublished\":\"2020-12-01T12:25:58+00:00\",\"dateModified\":\"2026-01-30T11:09:35+00:00\",\"breadcrumb\":{\"@id\":\"https:\\\/\\\/lebenshilfe-dillenburg.de\\\/leicht\\\/schreibwerkstatt-gewinnt-sonderpreis\\\/#breadcrumb\"},\"inLanguage\":\"de\",\"potentialAction\":[{\"@type\":\"ReadAction\",\"target\":[\"https:\\\/\\\/lebenshilfe-dillenburg.de\\\/leicht\\\/schreibwerkstatt-gewinnt-sonderpreis\\\/\"]}]},{\"@type\":\"ImageObject\",\"inLanguage\":\"de\",\"@id\":\"https:\\\/\\\/lebenshilfe-dillenburg.de\\\/leicht\\\/schreibwerkstatt-gewinnt-sonderpreis\\\/#primaryimage\",\"url\":\"https:\\\/\\\/lebenshilfe-dillenburg.de\\\/wp-content\\\/uploads\\\/frau-schreibt-notizen-am-tisch-91a4740.jpg\",\"contentUrl\":\"https:\\\/\\\/lebenshilfe-dillenburg.de\\\/wp-content\\\/uploads\\\/frau-schreibt-notizen-am-tisch-91a4740.jpg\",\"width\":720,\"height\":1080,\"caption\":\"Anne Kathrin Meister schreibt in der Schreibwerkstatt ihre Lebensgeschichte auf.\"},{\"@type\":\"BreadcrumbList\",\"@id\":\"https:\\\/\\\/lebenshilfe-dillenburg.de\\\/leicht\\\/schreibwerkstatt-gewinnt-sonderpreis\\\/#breadcrumb\",\"itemListElement\":[{\"@type\":\"ListItem\",\"position\":1,\"name\":\"Startseite der Lebenshilfe Dillenburg\",\"item\":\"https:\\\/\\\/lebenshilfe-dillenburg.de\\\/leicht\\\/\"},{\"@type\":\"ListItem\",\"position\":2,\"name\":\"Schreibwerkstatt gewinnt Sonderpreis\"}]},{\"@type\":\"WebSite\",\"@id\":\"https:\\\/\\\/lebenshilfe-dillenburg.de\\\/leicht\\\/#website\",\"url\":\"https:\\\/\\\/lebenshilfe-dillenburg.de\\\/leicht\\\/\",\"name\":\"Lebenshilfe Dillenburg \u2013 Teilhabe & Unterst\u00fctzung im Lahn-Dill-Kreis\",\"description\":\"\",\"publisher\":{\"@id\":\"https:\\\/\\\/lebenshilfe-dillenburg.de\\\/leicht\\\/#organization\"},\"potentialAction\":[{\"@type\":\"SearchAction\",\"target\":{\"@type\":\"EntryPoint\",\"urlTemplate\":\"https:\\\/\\\/lebenshilfe-dillenburg.de\\\/leicht\\\/?s={search_term_string}\"},\"query-input\":{\"@type\":\"PropertyValueSpecification\",\"valueRequired\":true,\"valueName\":\"search_term_string\"}}],\"inLanguage\":\"de\"},{\"@type\":\"Organization\",\"@id\":\"https:\\\/\\\/lebenshilfe-dillenburg.de\\\/leicht\\\/#organization\",\"name\":\"Lebenshilfe Dillenburg e.V.\",\"url\":\"https:\\\/\\\/lebenshilfe-dillenburg.de\\\/leicht\\\/\",\"logo\":{\"@type\":\"ImageObject\",\"inLanguage\":\"de\",\"@id\":\"https:\\\/\\\/lebenshilfe-dillenburg.de\\\/leicht\\\/#\\\/schema\\\/logo\\\/image\\\/\",\"url\":\"https:\\\/\\\/lebenshilfe-dillenburg.de\\\/wp-content\\\/uploads\\\/lebenshilfe-dillenburg-desktop.webp\",\"contentUrl\":\"https:\\\/\\\/lebenshilfe-dillenburg.de\\\/wp-content\\\/uploads\\\/lebenshilfe-dillenburg-desktop.webp\",\"width\":461,\"height\":202,\"caption\":\"Lebenshilfe Dillenburg e.V.\"},\"image\":{\"@id\":\"https:\\\/\\\/lebenshilfe-dillenburg.de\\\/leicht\\\/#\\\/schema\\\/logo\\\/image\\\/\"},\"sameAs\":[\"https:\\\/\\\/www.facebook.com\\\/lebenshilfedillenburg\\\/\",\"https:\\\/\\\/www.instagram.com\\\/lebenshilfe_dillenburg\\\/\"]},{\"@type\":\"Person\",\"@id\":\"https:\\\/\\\/lebenshilfe-dillenburg.de\\\/leicht\\\/#\\\/schema\\\/person\\\/b6c52dad8d881b49213c3345a7cd5efe\",\"name\":\"Conny Holtfoth\",\"sameAs\":[\"http:\\\/\\\/lebenshilfe-dillenburg.de\"],\"url\":\"https:\\\/\\\/lebenshilfe-dillenburg.de\\\/leicht\\\/author\\\/conny\\\/\"}]}<\/script>\n<!-- \/ Yoast SEO plugin. -->","yoast_head_json":{"title":"Schreibwerkstatt gewinnt Sonderpreis - Lebenshilfe Dillenburg e.V.","robots":{"index":"index","follow":"follow","max-snippet":"max-snippet:-1","max-image-preview":"max-image-preview:large","max-video-preview":"max-video-preview:-1"},"canonical":"https:\/\/lebenshilfe-dillenburg.de\/leicht\/schreibwerkstatt-gewinnt-sonderpreis\/","og_locale":"de_DE","og_type":"article","og_title":"Schreibwerkstatt gewinnt Sonderpreis - Lebenshilfe Dillenburg e.V.","og_description":"Die Schreibwerkstatt der Lebenshilfe Dillenburg ist am Montagabend ausgezeichnet worden: Im Rahmen der Verleihung des Hessischen Elisabeth-Preises f\u00fcr Soziales ist das inklusive Projekt mit dem Sonderpreis der Jury gew\u00fcrdigt worden.","og_url":"https:\/\/lebenshilfe-dillenburg.de\/leicht\/schreibwerkstatt-gewinnt-sonderpreis\/","og_site_name":"Lebenshilfe Dillenburg e.V.","article_publisher":"https:\/\/www.facebook.com\/lebenshilfedillenburg\/","article_published_time":"2020-12-01T12:25:58+00:00","article_modified_time":"2026-01-30T11:09:35+00:00","og_image":[{"width":1365,"height":2048,"url":"https:\/\/lebenshilfe-dillenburg.de\/wp-content\/uploads\/schreibwerkstatt-gewinnt-sonderpreis-91a4740.jpg","type":"image\/jpeg"}],"author":"Conny Holtfoth","twitter_card":"summary_large_image","twitter_misc":{"Geschrieben von":"Conny Holtfoth","Gesch\u00e4tzte Lesezeit":"2\u00a0Minuten"},"schema":{"@context":"https:\/\/schema.org","@graph":[{"@type":"Article","@id":"https:\/\/lebenshilfe-dillenburg.de\/leicht\/schreibwerkstatt-gewinnt-sonderpreis\/#article","isPartOf":{"@id":"https:\/\/lebenshilfe-dillenburg.de\/leicht\/schreibwerkstatt-gewinnt-sonderpreis\/"},"author":{"name":"Conny Holtfoth","@id":"https:\/\/lebenshilfe-dillenburg.de\/leicht\/#\/schema\/person\/b6c52dad8d881b49213c3345a7cd5efe"},"headline":"Schreibwerkstatt gewinnt Sonderpreis","datePublished":"2020-12-01T12:25:58+00:00","dateModified":"2026-01-30T11:09:35+00:00","mainEntityOfPage":{"@id":"https:\/\/lebenshilfe-dillenburg.de\/leicht\/schreibwerkstatt-gewinnt-sonderpreis\/"},"wordCount":310,"publisher":{"@id":"https:\/\/lebenshilfe-dillenburg.de\/leicht\/#organization"},"image":{"@id":"https:\/\/lebenshilfe-dillenburg.de\/leicht\/schreibwerkstatt-gewinnt-sonderpreis\/#primaryimage"},"thumbnailUrl":"https:\/\/lebenshilfe-dillenburg.de\/wp-content\/uploads\/frau-schreibt-notizen-am-tisch-91a4740.jpg","articleSection":["Meldungen"],"inLanguage":"de"},{"@type":"WebPage","@id":"https:\/\/lebenshilfe-dillenburg.de\/leicht\/schreibwerkstatt-gewinnt-sonderpreis\/","url":"https:\/\/lebenshilfe-dillenburg.de\/leicht\/schreibwerkstatt-gewinnt-sonderpreis\/","name":"Schreibwerkstatt gewinnt Sonderpreis - Lebenshilfe Dillenburg e.V.","isPartOf":{"@id":"https:\/\/lebenshilfe-dillenburg.de\/leicht\/#website"},"primaryImageOfPage":{"@id":"https:\/\/lebenshilfe-dillenburg.de\/leicht\/schreibwerkstatt-gewinnt-sonderpreis\/#primaryimage"},"image":{"@id":"https:\/\/lebenshilfe-dillenburg.de\/leicht\/schreibwerkstatt-gewinnt-sonderpreis\/#primaryimage"},"thumbnailUrl":"https:\/\/lebenshilfe-dillenburg.de\/wp-content\/uploads\/frau-schreibt-notizen-am-tisch-91a4740.jpg","datePublished":"2020-12-01T12:25:58+00:00","dateModified":"2026-01-30T11:09:35+00:00","breadcrumb":{"@id":"https:\/\/lebenshilfe-dillenburg.de\/leicht\/schreibwerkstatt-gewinnt-sonderpreis\/#breadcrumb"},"inLanguage":"de","potentialAction":[{"@type":"ReadAction","target":["https:\/\/lebenshilfe-dillenburg.de\/leicht\/schreibwerkstatt-gewinnt-sonderpreis\/"]}]},{"@type":"ImageObject","inLanguage":"de","@id":"https:\/\/lebenshilfe-dillenburg.de\/leicht\/schreibwerkstatt-gewinnt-sonderpreis\/#primaryimage","url":"https:\/\/lebenshilfe-dillenburg.de\/wp-content\/uploads\/frau-schreibt-notizen-am-tisch-91a4740.jpg","contentUrl":"https:\/\/lebenshilfe-dillenburg.de\/wp-content\/uploads\/frau-schreibt-notizen-am-tisch-91a4740.jpg","width":720,"height":1080,"caption":"Anne Kathrin Meister schreibt in der Schreibwerkstatt ihre Lebensgeschichte auf."},{"@type":"BreadcrumbList","@id":"https:\/\/lebenshilfe-dillenburg.de\/leicht\/schreibwerkstatt-gewinnt-sonderpreis\/#breadcrumb","itemListElement":[{"@type":"ListItem","position":1,"name":"Startseite der Lebenshilfe Dillenburg","item":"https:\/\/lebenshilfe-dillenburg.de\/leicht\/"},{"@type":"ListItem","position":2,"name":"Schreibwerkstatt gewinnt Sonderpreis"}]},{"@type":"WebSite","@id":"https:\/\/lebenshilfe-dillenburg.de\/leicht\/#website","url":"https:\/\/lebenshilfe-dillenburg.de\/leicht\/","name":"Lebenshilfe Dillenburg \u2013 Teilhabe & Unterst\u00fctzung im Lahn-Dill-Kreis","description":"","publisher":{"@id":"https:\/\/lebenshilfe-dillenburg.de\/leicht\/#organization"},"potentialAction":[{"@type":"SearchAction","target":{"@type":"EntryPoint","urlTemplate":"https:\/\/lebenshilfe-dillenburg.de\/leicht\/?s={search_term_string}"},"query-input":{"@type":"PropertyValueSpecification","valueRequired":true,"valueName":"search_term_string"}}],"inLanguage":"de"},{"@type":"Organization","@id":"https:\/\/lebenshilfe-dillenburg.de\/leicht\/#organization","name":"Lebenshilfe Dillenburg e.V.","url":"https:\/\/lebenshilfe-dillenburg.de\/leicht\/","logo":{"@type":"ImageObject","inLanguage":"de","@id":"https:\/\/lebenshilfe-dillenburg.de\/leicht\/#\/schema\/logo\/image\/","url":"https:\/\/lebenshilfe-dillenburg.de\/wp-content\/uploads\/lebenshilfe-dillenburg-desktop.webp","contentUrl":"https:\/\/lebenshilfe-dillenburg.de\/wp-content\/uploads\/lebenshilfe-dillenburg-desktop.webp","width":461,"height":202,"caption":"Lebenshilfe Dillenburg e.V."},"image":{"@id":"https:\/\/lebenshilfe-dillenburg.de\/leicht\/#\/schema\/logo\/image\/"},"sameAs":["https:\/\/www.facebook.com\/lebenshilfedillenburg\/","https:\/\/www.instagram.com\/lebenshilfe_dillenburg\/"]},{"@type":"Person","@id":"https:\/\/lebenshilfe-dillenburg.de\/leicht\/#\/schema\/person\/b6c52dad8d881b49213c3345a7cd5efe","name":"Conny Holtfoth","sameAs":["http:\/\/lebenshilfe-dillenburg.de"],"url":"https:\/\/lebenshilfe-dillenburg.de\/leicht\/author\/conny\/"}]}},"taxonomy_info":{"category":[{"value":53,"label":"Meldungen"}]},"featured_image_src_large":["https:\/\/lebenshilfe-dillenburg.de\/wp-content\/uploads\/frau-schreibt-notizen-am-tisch-91a4740-1280x1920.jpg",1280,1920,true],"author_info":{"display_name":"Conny Holtfoth","author_link":"https:\/\/lebenshilfe-dillenburg.de\/leicht\/author\/conny\/"},"comment_info":0,"category_info":[{"term_id":53,"name":"Meldungen","slug":"meldungen","term_group":0,"term_taxonomy_id":53,"taxonomy":"category","description":"","parent":0,"count":127,"filter":"raw","term_order":"5","cat_ID":53,"category_count":127,"category_description":"","cat_name":"Meldungen","category_nicename":"meldungen","category_parent":0}],"tag_info":false,"_links":{"self":[{"href":"https:\/\/lebenshilfe-dillenburg.de\/leicht\/wp-json\/wp\/v2\/posts\/2859","targetHints":{"allow":["GET"]}}],"collection":[{"href":"https:\/\/lebenshilfe-dillenburg.de\/leicht\/wp-json\/wp\/v2\/posts"}],"about":[{"href":"https:\/\/lebenshilfe-dillenburg.de\/leicht\/wp-json\/wp\/v2\/types\/post"}],"author":[{"embeddable":true,"href":"https:\/\/lebenshilfe-dillenburg.de\/leicht\/wp-json\/wp\/v2\/users\/4"}],"replies":[{"embeddable":true,"href":"https:\/\/lebenshilfe-dillenburg.de\/leicht\/wp-json\/wp\/v2\/comments?post=2859"}],"version-history":[{"count":0,"href":"https:\/\/lebenshilfe-dillenburg.de\/leicht\/wp-json\/wp\/v2\/posts\/2859\/revisions"}],"wp:featuredmedia":[{"embeddable":true,"href":"https:\/\/lebenshilfe-dillenburg.de\/leicht\/wp-json\/wp\/v2\/media\/7568"}],"wp:attachment":[{"href":"https:\/\/lebenshilfe-dillenburg.de\/leicht\/wp-json\/wp\/v2\/media?parent=2859"}],"wp:term":[{"taxonomy":"category","embeddable":true,"href":"https:\/\/lebenshilfe-dillenburg.de\/leicht\/wp-json\/wp\/v2\/categories?post=2859"},{"taxonomy":"post_tag","embeddable":true,"href":"https:\/\/lebenshilfe-dillenburg.de\/leicht\/wp-json\/wp\/v2\/tags?post=2859"}],"curies":[{"name":"wp","href":"https:\/\/api.w.org\/{rel}","templated":true}]}}