{"id":2999,"date":"2021-03-23T12:21:05","date_gmt":"2021-03-23T11:21:05","guid":{"rendered":"https:\/\/www.lebenshilfe-dillenburg.de\/?p=2999"},"modified":"2026-01-30T12:09:37","modified_gmt":"2026-01-30T11:09:37","slug":"schnelligkeit-und-teamgeist-rueckblick-auf-ein-jahr-pandemie","status":"publish","type":"post","link":"https:\/\/lebenshilfe-dillenburg.de\/leicht\/schnelligkeit-und-teamgeist-rueckblick-auf-ein-jahr-pandemie\/","title":{"rendered":"Schnelligkeit und Teamgeist &#8211; R\u00fcckblick auf ein Jahr Pandemie"},"content":{"rendered":"<p>Ein Pandemiekonzept entwickeln. F\u00fcr alle F\u00e4lle. Vorbereitet sein auf das, was da kommen k\u00f6nne. Wenn Wohnbereichsleiterin Tanja Rockens\u00fc\u00df und Personalreferent Simon Braun an die Zeit vor genau einem Jahr zur\u00fcckdenken, erinnern sie sich in erster Linie an eine gro\u00dfe Unsicherheit. \u201eKeiner konnte damals absehen, was da kommt.\u201c Was kam, war folgenschwer. Und doch entwickelte die Lebenshilfe Dillenburg aus dieser Zeit heraus eine besondere St\u00e4rke \u2013 durch Schnelligkeit und Teamgeist.<!--more--><\/p>\n<p><strong>\u00a0<\/strong>\u201eSchnelligkeit z\u00e4hlt. Das ist das, was uns Niederscheld gelehrt hat.\u201c Niederscheld. An diese Zeit denkt niemand bei der Lebenshilfe Dillenburg gern zur\u00fcck. Es war M\u00e4rz 2020, als sich in der station\u00e4ren Wohneinrichtung im Dillenburger Ortsteil zehn Menschen mit Behinderung und 16 hauptamtliche Besch\u00e4ftigte mit dem Corona-Virus infizieren. Drei der Bewohner verstarben im April.<\/p>\n<p>Ein Ereignis, das bei all seiner Tragik aber auch wegweisend war. Denn der Verein r\u00fcckte bereichs\u00fcbergreifend noch n\u00e4her zusammen. So erkl\u00e4rten sich Mitarbeiter aus anderen Einrichtungen bereit, im Wohnheim Niederscheld auszuhelfen &#8211; in einer fremden Einrichtung mit ihnen fremden Klienten. Und das, obwohl zu diesem Zeitpunkt noch niemand vorhersagen konnte, welche langfristigen Folgen eine Infektion mit dem neuen Virus mit sich bringen kann.<\/p>\n<figure id=\"attachment_3002\" aria-describedby=\"caption-attachment-3002\" style=\"width: 600px\" class=\"wp-caption alignnone\"><img loading=\"lazy\" decoding=\"async\" class=\"size-medium wp-image-3002\" src=\"https:\/\/lebenshilfe-dillenburg.de\/wp-content\/uploads\/2021\/03\/img-8755-600x371.jpg\" alt=\"\" width=\"600\" height=\"371\" \/><figcaption id=\"caption-attachment-3002\" class=\"wp-caption-text\">Die Corona-Krise bringt die Lebenshilfe-Bereiche n\u00e4her zusammen: Julia Ebertz-Sanchez (l.), Miriam Kollmar (2.v.l.) und Manuela Schober-Hahn (2.v.r.) (alle Interdisziplin\u00e4re Fr\u00fchf\u00f6rderstelle) haben aushilfsweise gemeinsam mit Lisa Bombe (Mitte) und Sabrina Wagner (Gruppenleitung Werkstatt Flammersbach) in der Werkstatt Flammersbach gearbeitet.<\/figcaption><\/figure>\n<p>Dar\u00fcber hinaus unterst\u00fctzten Mitarbeiter anderer Bereiche etwa die Werkst\u00e4tten, um nach deren Schlie\u00dfung die Produktion am Laufen zu halten. \u201eEs war eine Zeit der Improvisation, aber auch eine des Teamgeists\u201c, so Rockens\u00fc\u00df. Offizielle Verordnungen von Seiten des Landes gab es damals noch nicht. \u201eEs war purer Zufall, dass wir drei Tage vor dem Ausbruch im Wohnheim Schutzausr\u00fcstung gekauft hatten\u201c, erz\u00e4hlt Rockens\u00fc\u00df. FFP2-Masken damals f\u00fcr 18,90 Euro das St\u00fcck. Selbst heute ist es noch so, dass der Verein die umfangreiche Anschaffung von Schutz- und Hygienematerialien sowie die Durchf\u00fchrung zus\u00e4tzlicher Desinfektionsma\u00dfnahmen in gr\u00f6\u00dften Teilen selbst tragen muss.<\/p>\n<p>Auch erh\u00f6hte Personalkosten stehen bei der Lebenshilfe Dillenburg zu Buche. \u201eWir haben zus\u00e4tzliche personelle Ressourcen geschaffen, um die w\u00f6chentlichen Testungen in unseren besonderen Wohnformen zu unterst\u00fctzen\u201c, merkt Personalreferent Simon Braun an und f\u00fcgt hinzu: \u201eWir in der Eingliederungshilfe sind nach wie vor Einzelk\u00e4mpfer im Pandemiegeschehen.\u201c Braun ist neben Rockens\u00fc\u00df und den beiden Vorstandsmitgliedern Dirk Botzon und Dr. Oliver Schmitzer sowie Lars L\u00fcckoff (Leitung der Werkstatt Dillenburg und stellv. Bereichsleitung Dillenburger Werkst\u00e4tten) und Karin Schill (Leitung Sozialer Dienst) Mitglied im Krisenstab. In diesem Gremium wird organisiert und koordiniert. \u201eUnd es wird agiert statt nur reagiert\u201c, sagt Rockens\u00fc\u00df. Das habe sich in den vergangenen Monaten bew\u00e4hrt. \u201eWir lernen aus jeder Situation etwas Neues und setzen das um. So passen wir st\u00e4ndig unsere Strategien an. Nat\u00fcrlich kann es sein, dass uns das nicht immer gelingt, aber in 90 Prozent der F\u00e4lle tut es das.\u201c<\/p>\n<figure id=\"attachment_2976\" aria-describedby=\"caption-attachment-2976\" style=\"width: 600px\" class=\"wp-caption alignnone\"><img loading=\"lazy\" decoding=\"async\" class=\"size-medium wp-image-2976\" src=\"https:\/\/lebenshilfe-dillenburg.de\/wp-content\/uploads\/2021\/03\/img-2099-600x287.jpg\" alt=\"\" width=\"600\" height=\"287\" \/><figcaption id=\"caption-attachment-2976\" class=\"wp-caption-text\">Der Krisenstab der Lebenshilfe Dillenburg mit (v.l.) Simon Braun, Karin Schill, Dirk Botzon, Dr. Oliver Schmitzer, Tanja Rockens\u00fc\u00df und Lars L\u00fcckoff steht in regelm\u00e4\u00dfigem Austausch.<\/figcaption><\/figure>\n<p>Was bei allen Entscheidungen ma\u00dfgeblich war und ist: der gr\u00f6\u00dftm\u00f6gliche Schutz, aber auch die gr\u00f6\u00dftm\u00f6gliche Freiheit f\u00fcr die von der Lebenshilfe betreuten Menschen. Bedeutet zum einen: fr\u00fchzeitige Kooperationen mit regionalen Praxen zur PCR-Testung bei Verdachtsf\u00e4llen, konsequenter Einsatz von FFP2-Masken &#8211; bereits seit Pandemiebeginn durch alle Besch\u00e4ftigten in allen Bereichen (f\u00fcr die Kita wurden besondere Empfehlungen des Landes Hessen umgesetzt) und seit Anfang September auch f\u00fcr die Betreuten in den Werkst\u00e4tten &#8211; , w\u00f6chentliche Schnelltests in den besonderen Wohnformen mit der zus\u00e4tzlichen M\u00f6glichkeit zu anlassbezogenen Tests in allen anderen Einrichtungen, die Gew\u00e4hrleistung einer schnellen Nachvollziehbarkeit der Kontaktpersonen durch vorbereitete Nachverfolgungslisten sowie eine gut funktionierende Netzwerkarbeit.<\/p>\n<p>Bedeutet aber auch zum anderen: Im Unterschied zu Altenpflegeeinrichtungen sind aktuell mehr Besuche der Angeh\u00f6rigen m\u00f6glich \u2013 ohne Schnelltest, aber mit FFP2- oder OP-Maskenpflicht. Auch ist es den Bewohnern erlaubt, das Wochenende bei ihren Angeh\u00f6rigen zu verbringen. \u201eWir sehen neben der Gefahr, k\u00f6rperlich durch das Virus zu erkranken, n\u00e4mlich auch die Gefahr f\u00fcr die Psyche, gerade bei den von uns betreuten Menschen\u201c, erkl\u00e4rt Rockens\u00fc\u00df. Vielen Menschen mit geistigen Beeintr\u00e4chtigungen f\u00e4llt es schwer, die Tragweite des Virus und die damit verbundenen Einschr\u00e4nkungen nachzuvollziehen. Die psychischen Reaktionen darauf reichen laut Rockens\u00fc\u00df bereits jetzt von absolutem R\u00fcckzug bis hin zu aggressiven Durchbr\u00fcchen.<\/p>\n<p>Im Laufe der Pandemie gab es zwar immer wieder einzelne positive F\u00e4lle, doch durch das angewandte Schutzkonzept war nach dem schweren Infektionsgeschehen im M\u00e4rz 2020 nie mehr eine gesamte Gruppe innerhalb einer Einrichtung betroffen. \u201eDas funktioniert aber auch nur, weil alle Bereiche der Lebenshilfe so gut zusammenarbeiten\u201c, betont Rockens\u00fc\u00df. \u201eDie Mitarbeiter setzen die Hygiene- und Schutzma\u00dfnahmen in vorbildlicher Weise um. Durch das t\u00e4gliche Engagement jedes und jeder Einzelnen haben wir es bisher geschafft, die Menschen, die wir begleiten, gut durch diese Krise zu bringen.\u201c<\/p>\n","protected":false},"excerpt":{"rendered":"<p>Ein Pandemiekonzept entwickeln. F\u00fcr alle F\u00e4lle. Vorbereitet sein auf das, was da kommen k\u00f6nne. Wenn Wohnbereichsleiterin Tanja Rockens\u00fc\u00df und Personalreferent Simon Braun an die Zeit vor genau einem Jahr zur\u00fcckdenken, erinnern sie sich in erster Linie an eine gro\u00dfe Unsicherheit. \u201eKeiner konnte damals absehen, was da kommt.\u201c Was kam, war folgenschwer. Und doch entwickelte die&#8230;<\/p>\n","protected":false},"author":4,"featured_media":3001,"comment_status":"closed","ping_status":"closed","sticky":false,"template":"","format":"standard","meta":{"_acf_changed":false,"_gspb_post_css":"","_kad_blocks_custom_css":"","_kad_blocks_head_custom_js":"","_kad_blocks_body_custom_js":"","_kad_blocks_footer_custom_js":"","_kad_post_transparent":"","_kad_post_title":"","_kad_post_layout":"","_kad_post_sidebar_id":"","_kad_post_content_style":"","_kad_post_vertical_padding":"","_kad_post_feature":"","_kad_post_feature_position":"","_kad_post_header":false,"_kad_post_footer":false,"_kad_post_classname":"","footnotes":""},"categories":[53],"tags":[],"class_list":["post-2999","post","type-post","status-publish","format-standard","has-post-thumbnail","hentry","category-meldungen"],"acf":[],"yoast_head":"<!-- This site is optimized with the Yoast SEO plugin v27.5 - https:\/\/yoast.com\/product\/yoast-seo-wordpress\/ -->\n<title>Schnelligkeit und Teamgeist - R\u00fcckblick auf ein Jahr Pandemie - Lebenshilfe Dillenburg e.V.<\/title>\n<meta name=\"robots\" content=\"index, follow, max-snippet:-1, max-image-preview:large, max-video-preview:-1\" \/>\n<link rel=\"canonical\" href=\"https:\/\/lebenshilfe-dillenburg.de\/leicht\/schnelligkeit-und-teamgeist-rueckblick-auf-ein-jahr-pandemie\/\" \/>\n<meta property=\"og:locale\" content=\"de_DE\" \/>\n<meta property=\"og:type\" content=\"article\" \/>\n<meta property=\"og:title\" content=\"Schnelligkeit und Teamgeist - R\u00fcckblick auf ein Jahr Pandemie - Lebenshilfe Dillenburg e.V.\" \/>\n<meta property=\"og:description\" content=\"Ein Pandemiekonzept entwickeln. F\u00fcr alle F\u00e4lle. Vorbereitet sein auf das, was da kommen k\u00f6nne. Wenn Wohnbereichsleiterin Tanja Rockens\u00fc\u00df und Personalreferent Simon Braun an die Zeit vor genau einem Jahr zur\u00fcckdenken, erinnern sie sich in erster Linie an eine gro\u00dfe Unsicherheit. \u201eKeiner konnte damals absehen, was da kommt.\u201c Was kam, war folgenschwer. Und doch entwickelte die...\" \/>\n<meta property=\"og:url\" content=\"https:\/\/lebenshilfe-dillenburg.de\/leicht\/schnelligkeit-und-teamgeist-rueckblick-auf-ein-jahr-pandemie\/\" \/>\n<meta property=\"og:site_name\" content=\"Lebenshilfe Dillenburg e.V.\" \/>\n<meta property=\"article:publisher\" content=\"https:\/\/www.facebook.com\/lebenshilfedillenburg\/\" \/>\n<meta property=\"article:published_time\" content=\"2021-03-23T11:21:05+00:00\" \/>\n<meta property=\"article:modified_time\" content=\"2026-01-30T11:09:37+00:00\" \/>\n<meta property=\"og:image\" content=\"https:\/\/lebenshilfe-dillenburg.de\/wp-content\/uploads\/img-9060-scaled-5.jpg\" \/>\n\t<meta property=\"og:image:width\" content=\"2560\" \/>\n\t<meta property=\"og:image:height\" content=\"1843\" \/>\n\t<meta property=\"og:image:type\" content=\"image\/jpeg\" \/>\n<meta name=\"author\" content=\"Conny Holtfoth\" \/>\n<meta name=\"twitter:card\" content=\"summary_large_image\" \/>\n<meta name=\"twitter:label1\" content=\"Geschrieben von\" \/>\n\t<meta name=\"twitter:data1\" content=\"Conny Holtfoth\" \/>\n\t<meta name=\"twitter:label2\" content=\"Gesch\u00e4tzte Lesezeit\" \/>\n\t<meta name=\"twitter:data2\" content=\"4\u00a0Minuten\" \/>\n<script type=\"application\/ld+json\" class=\"yoast-schema-graph\">{\"@context\":\"https:\\\/\\\/schema.org\",\"@graph\":[{\"@type\":\"Article\",\"@id\":\"https:\\\/\\\/lebenshilfe-dillenburg.de\\\/leicht\\\/schnelligkeit-und-teamgeist-rueckblick-auf-ein-jahr-pandemie\\\/#article\",\"isPartOf\":{\"@id\":\"https:\\\/\\\/lebenshilfe-dillenburg.de\\\/leicht\\\/schnelligkeit-und-teamgeist-rueckblick-auf-ein-jahr-pandemie\\\/\"},\"author\":{\"name\":\"Conny Holtfoth\",\"@id\":\"https:\\\/\\\/lebenshilfe-dillenburg.de\\\/leicht\\\/#\\\/schema\\\/person\\\/b6c52dad8d881b49213c3345a7cd5efe\"},\"headline\":\"Schnelligkeit und Teamgeist &#8211; R\u00fcckblick auf ein Jahr Pandemie\",\"datePublished\":\"2021-03-23T11:21:05+00:00\",\"dateModified\":\"2026-01-30T11:09:37+00:00\",\"mainEntityOfPage\":{\"@id\":\"https:\\\/\\\/lebenshilfe-dillenburg.de\\\/leicht\\\/schnelligkeit-und-teamgeist-rueckblick-auf-ein-jahr-pandemie\\\/\"},\"wordCount\":870,\"publisher\":{\"@id\":\"https:\\\/\\\/lebenshilfe-dillenburg.de\\\/leicht\\\/#organization\"},\"image\":{\"@id\":\"https:\\\/\\\/lebenshilfe-dillenburg.de\\\/leicht\\\/schnelligkeit-und-teamgeist-rueckblick-auf-ein-jahr-pandemie\\\/#primaryimage\"},\"thumbnailUrl\":\"https:\\\/\\\/lebenshilfe-dillenburg.de\\\/wp-content\\\/uploads\\\/drei-maenner-mit-schutzanzug-im-freien.jpg\",\"articleSection\":[\"Meldungen\"],\"inLanguage\":\"de\"},{\"@type\":\"WebPage\",\"@id\":\"https:\\\/\\\/lebenshilfe-dillenburg.de\\\/leicht\\\/schnelligkeit-und-teamgeist-rueckblick-auf-ein-jahr-pandemie\\\/\",\"url\":\"https:\\\/\\\/lebenshilfe-dillenburg.de\\\/leicht\\\/schnelligkeit-und-teamgeist-rueckblick-auf-ein-jahr-pandemie\\\/\",\"name\":\"Schnelligkeit und Teamgeist - R\u00fcckblick auf ein Jahr Pandemie - Lebenshilfe Dillenburg e.V.\",\"isPartOf\":{\"@id\":\"https:\\\/\\\/lebenshilfe-dillenburg.de\\\/leicht\\\/#website\"},\"primaryImageOfPage\":{\"@id\":\"https:\\\/\\\/lebenshilfe-dillenburg.de\\\/leicht\\\/schnelligkeit-und-teamgeist-rueckblick-auf-ein-jahr-pandemie\\\/#primaryimage\"},\"image\":{\"@id\":\"https:\\\/\\\/lebenshilfe-dillenburg.de\\\/leicht\\\/schnelligkeit-und-teamgeist-rueckblick-auf-ein-jahr-pandemie\\\/#primaryimage\"},\"thumbnailUrl\":\"https:\\\/\\\/lebenshilfe-dillenburg.de\\\/wp-content\\\/uploads\\\/drei-maenner-mit-schutzanzug-im-freien.jpg\",\"datePublished\":\"2021-03-23T11:21:05+00:00\",\"dateModified\":\"2026-01-30T11:09:37+00:00\",\"breadcrumb\":{\"@id\":\"https:\\\/\\\/lebenshilfe-dillenburg.de\\\/leicht\\\/schnelligkeit-und-teamgeist-rueckblick-auf-ein-jahr-pandemie\\\/#breadcrumb\"},\"inLanguage\":\"de\",\"potentialAction\":[{\"@type\":\"ReadAction\",\"target\":[\"https:\\\/\\\/lebenshilfe-dillenburg.de\\\/leicht\\\/schnelligkeit-und-teamgeist-rueckblick-auf-ein-jahr-pandemie\\\/\"]}]},{\"@type\":\"ImageObject\",\"inLanguage\":\"de\",\"@id\":\"https:\\\/\\\/lebenshilfe-dillenburg.de\\\/leicht\\\/schnelligkeit-und-teamgeist-rueckblick-auf-ein-jahr-pandemie\\\/#primaryimage\",\"url\":\"https:\\\/\\\/lebenshilfe-dillenburg.de\\\/wp-content\\\/uploads\\\/drei-maenner-mit-schutzanzug-im-freien.jpg\",\"contentUrl\":\"https:\\\/\\\/lebenshilfe-dillenburg.de\\\/wp-content\\\/uploads\\\/drei-maenner-mit-schutzanzug-im-freien.jpg\",\"width\":1500,\"height\":1080,\"caption\":\"Ein R\u00fcckblick auf die herausfordernde Zeit des Ausbruchs im Wohnheim Niederscheld.\"},{\"@type\":\"BreadcrumbList\",\"@id\":\"https:\\\/\\\/lebenshilfe-dillenburg.de\\\/leicht\\\/schnelligkeit-und-teamgeist-rueckblick-auf-ein-jahr-pandemie\\\/#breadcrumb\",\"itemListElement\":[{\"@type\":\"ListItem\",\"position\":1,\"name\":\"Startseite der Lebenshilfe Dillenburg\",\"item\":\"https:\\\/\\\/lebenshilfe-dillenburg.de\\\/leicht\\\/\"},{\"@type\":\"ListItem\",\"position\":2,\"name\":\"Schnelligkeit und Teamgeist &#8211; R\u00fcckblick auf ein Jahr Pandemie\"}]},{\"@type\":\"WebSite\",\"@id\":\"https:\\\/\\\/lebenshilfe-dillenburg.de\\\/leicht\\\/#website\",\"url\":\"https:\\\/\\\/lebenshilfe-dillenburg.de\\\/leicht\\\/\",\"name\":\"Lebenshilfe Dillenburg \u2013 Teilhabe & Unterst\u00fctzung im Lahn-Dill-Kreis\",\"description\":\"\",\"publisher\":{\"@id\":\"https:\\\/\\\/lebenshilfe-dillenburg.de\\\/leicht\\\/#organization\"},\"potentialAction\":[{\"@type\":\"SearchAction\",\"target\":{\"@type\":\"EntryPoint\",\"urlTemplate\":\"https:\\\/\\\/lebenshilfe-dillenburg.de\\\/leicht\\\/?s={search_term_string}\"},\"query-input\":{\"@type\":\"PropertyValueSpecification\",\"valueRequired\":true,\"valueName\":\"search_term_string\"}}],\"inLanguage\":\"de\"},{\"@type\":\"Organization\",\"@id\":\"https:\\\/\\\/lebenshilfe-dillenburg.de\\\/leicht\\\/#organization\",\"name\":\"Lebenshilfe Dillenburg e.V.\",\"url\":\"https:\\\/\\\/lebenshilfe-dillenburg.de\\\/leicht\\\/\",\"logo\":{\"@type\":\"ImageObject\",\"inLanguage\":\"de\",\"@id\":\"https:\\\/\\\/lebenshilfe-dillenburg.de\\\/leicht\\\/#\\\/schema\\\/logo\\\/image\\\/\",\"url\":\"https:\\\/\\\/lebenshilfe-dillenburg.de\\\/wp-content\\\/uploads\\\/lebenshilfe-dillenburg-desktop.webp\",\"contentUrl\":\"https:\\\/\\\/lebenshilfe-dillenburg.de\\\/wp-content\\\/uploads\\\/lebenshilfe-dillenburg-desktop.webp\",\"width\":461,\"height\":202,\"caption\":\"Lebenshilfe Dillenburg e.V.\"},\"image\":{\"@id\":\"https:\\\/\\\/lebenshilfe-dillenburg.de\\\/leicht\\\/#\\\/schema\\\/logo\\\/image\\\/\"},\"sameAs\":[\"https:\\\/\\\/www.facebook.com\\\/lebenshilfedillenburg\\\/\",\"https:\\\/\\\/www.instagram.com\\\/lebenshilfe_dillenburg\\\/\"]},{\"@type\":\"Person\",\"@id\":\"https:\\\/\\\/lebenshilfe-dillenburg.de\\\/leicht\\\/#\\\/schema\\\/person\\\/b6c52dad8d881b49213c3345a7cd5efe\",\"name\":\"Conny Holtfoth\",\"sameAs\":[\"http:\\\/\\\/lebenshilfe-dillenburg.de\"],\"url\":\"https:\\\/\\\/lebenshilfe-dillenburg.de\\\/leicht\\\/author\\\/conny\\\/\"}]}<\/script>\n<!-- \/ Yoast SEO plugin. -->","yoast_head_json":{"title":"Schnelligkeit und Teamgeist - R\u00fcckblick auf ein Jahr Pandemie - Lebenshilfe Dillenburg e.V.","robots":{"index":"index","follow":"follow","max-snippet":"max-snippet:-1","max-image-preview":"max-image-preview:large","max-video-preview":"max-video-preview:-1"},"canonical":"https:\/\/lebenshilfe-dillenburg.de\/leicht\/schnelligkeit-und-teamgeist-rueckblick-auf-ein-jahr-pandemie\/","og_locale":"de_DE","og_type":"article","og_title":"Schnelligkeit und Teamgeist - R\u00fcckblick auf ein Jahr Pandemie - Lebenshilfe Dillenburg e.V.","og_description":"Ein Pandemiekonzept entwickeln. F\u00fcr alle F\u00e4lle. Vorbereitet sein auf das, was da kommen k\u00f6nne. Wenn Wohnbereichsleiterin Tanja Rockens\u00fc\u00df und Personalreferent Simon Braun an die Zeit vor genau einem Jahr zur\u00fcckdenken, erinnern sie sich in erster Linie an eine gro\u00dfe Unsicherheit. \u201eKeiner konnte damals absehen, was da kommt.\u201c Was kam, war folgenschwer. Und doch entwickelte die...","og_url":"https:\/\/lebenshilfe-dillenburg.de\/leicht\/schnelligkeit-und-teamgeist-rueckblick-auf-ein-jahr-pandemie\/","og_site_name":"Lebenshilfe Dillenburg e.V.","article_publisher":"https:\/\/www.facebook.com\/lebenshilfedillenburg\/","article_published_time":"2021-03-23T11:21:05+00:00","article_modified_time":"2026-01-30T11:09:37+00:00","og_image":[{"width":2560,"height":1843,"url":"https:\/\/lebenshilfe-dillenburg.de\/wp-content\/uploads\/img-9060-scaled-5.jpg","type":"image\/jpeg"}],"author":"Conny Holtfoth","twitter_card":"summary_large_image","twitter_misc":{"Geschrieben von":"Conny Holtfoth","Gesch\u00e4tzte Lesezeit":"4\u00a0Minuten"},"schema":{"@context":"https:\/\/schema.org","@graph":[{"@type":"Article","@id":"https:\/\/lebenshilfe-dillenburg.de\/leicht\/schnelligkeit-und-teamgeist-rueckblick-auf-ein-jahr-pandemie\/#article","isPartOf":{"@id":"https:\/\/lebenshilfe-dillenburg.de\/leicht\/schnelligkeit-und-teamgeist-rueckblick-auf-ein-jahr-pandemie\/"},"author":{"name":"Conny Holtfoth","@id":"https:\/\/lebenshilfe-dillenburg.de\/leicht\/#\/schema\/person\/b6c52dad8d881b49213c3345a7cd5efe"},"headline":"Schnelligkeit und Teamgeist &#8211; R\u00fcckblick auf ein Jahr Pandemie","datePublished":"2021-03-23T11:21:05+00:00","dateModified":"2026-01-30T11:09:37+00:00","mainEntityOfPage":{"@id":"https:\/\/lebenshilfe-dillenburg.de\/leicht\/schnelligkeit-und-teamgeist-rueckblick-auf-ein-jahr-pandemie\/"},"wordCount":870,"publisher":{"@id":"https:\/\/lebenshilfe-dillenburg.de\/leicht\/#organization"},"image":{"@id":"https:\/\/lebenshilfe-dillenburg.de\/leicht\/schnelligkeit-und-teamgeist-rueckblick-auf-ein-jahr-pandemie\/#primaryimage"},"thumbnailUrl":"https:\/\/lebenshilfe-dillenburg.de\/wp-content\/uploads\/drei-maenner-mit-schutzanzug-im-freien.jpg","articleSection":["Meldungen"],"inLanguage":"de"},{"@type":"WebPage","@id":"https:\/\/lebenshilfe-dillenburg.de\/leicht\/schnelligkeit-und-teamgeist-rueckblick-auf-ein-jahr-pandemie\/","url":"https:\/\/lebenshilfe-dillenburg.de\/leicht\/schnelligkeit-und-teamgeist-rueckblick-auf-ein-jahr-pandemie\/","name":"Schnelligkeit und Teamgeist - R\u00fcckblick auf ein Jahr Pandemie - Lebenshilfe Dillenburg e.V.","isPartOf":{"@id":"https:\/\/lebenshilfe-dillenburg.de\/leicht\/#website"},"primaryImageOfPage":{"@id":"https:\/\/lebenshilfe-dillenburg.de\/leicht\/schnelligkeit-und-teamgeist-rueckblick-auf-ein-jahr-pandemie\/#primaryimage"},"image":{"@id":"https:\/\/lebenshilfe-dillenburg.de\/leicht\/schnelligkeit-und-teamgeist-rueckblick-auf-ein-jahr-pandemie\/#primaryimage"},"thumbnailUrl":"https:\/\/lebenshilfe-dillenburg.de\/wp-content\/uploads\/drei-maenner-mit-schutzanzug-im-freien.jpg","datePublished":"2021-03-23T11:21:05+00:00","dateModified":"2026-01-30T11:09:37+00:00","breadcrumb":{"@id":"https:\/\/lebenshilfe-dillenburg.de\/leicht\/schnelligkeit-und-teamgeist-rueckblick-auf-ein-jahr-pandemie\/#breadcrumb"},"inLanguage":"de","potentialAction":[{"@type":"ReadAction","target":["https:\/\/lebenshilfe-dillenburg.de\/leicht\/schnelligkeit-und-teamgeist-rueckblick-auf-ein-jahr-pandemie\/"]}]},{"@type":"ImageObject","inLanguage":"de","@id":"https:\/\/lebenshilfe-dillenburg.de\/leicht\/schnelligkeit-und-teamgeist-rueckblick-auf-ein-jahr-pandemie\/#primaryimage","url":"https:\/\/lebenshilfe-dillenburg.de\/wp-content\/uploads\/drei-maenner-mit-schutzanzug-im-freien.jpg","contentUrl":"https:\/\/lebenshilfe-dillenburg.de\/wp-content\/uploads\/drei-maenner-mit-schutzanzug-im-freien.jpg","width":1500,"height":1080,"caption":"Ein R\u00fcckblick auf die herausfordernde Zeit des Ausbruchs im Wohnheim Niederscheld."},{"@type":"BreadcrumbList","@id":"https:\/\/lebenshilfe-dillenburg.de\/leicht\/schnelligkeit-und-teamgeist-rueckblick-auf-ein-jahr-pandemie\/#breadcrumb","itemListElement":[{"@type":"ListItem","position":1,"name":"Startseite der Lebenshilfe Dillenburg","item":"https:\/\/lebenshilfe-dillenburg.de\/leicht\/"},{"@type":"ListItem","position":2,"name":"Schnelligkeit und Teamgeist &#8211; R\u00fcckblick auf ein Jahr Pandemie"}]},{"@type":"WebSite","@id":"https:\/\/lebenshilfe-dillenburg.de\/leicht\/#website","url":"https:\/\/lebenshilfe-dillenburg.de\/leicht\/","name":"Lebenshilfe Dillenburg \u2013 Teilhabe & Unterst\u00fctzung im Lahn-Dill-Kreis","description":"","publisher":{"@id":"https:\/\/lebenshilfe-dillenburg.de\/leicht\/#organization"},"potentialAction":[{"@type":"SearchAction","target":{"@type":"EntryPoint","urlTemplate":"https:\/\/lebenshilfe-dillenburg.de\/leicht\/?s={search_term_string}"},"query-input":{"@type":"PropertyValueSpecification","valueRequired":true,"valueName":"search_term_string"}}],"inLanguage":"de"},{"@type":"Organization","@id":"https:\/\/lebenshilfe-dillenburg.de\/leicht\/#organization","name":"Lebenshilfe Dillenburg e.V.","url":"https:\/\/lebenshilfe-dillenburg.de\/leicht\/","logo":{"@type":"ImageObject","inLanguage":"de","@id":"https:\/\/lebenshilfe-dillenburg.de\/leicht\/#\/schema\/logo\/image\/","url":"https:\/\/lebenshilfe-dillenburg.de\/wp-content\/uploads\/lebenshilfe-dillenburg-desktop.webp","contentUrl":"https:\/\/lebenshilfe-dillenburg.de\/wp-content\/uploads\/lebenshilfe-dillenburg-desktop.webp","width":461,"height":202,"caption":"Lebenshilfe Dillenburg e.V."},"image":{"@id":"https:\/\/lebenshilfe-dillenburg.de\/leicht\/#\/schema\/logo\/image\/"},"sameAs":["https:\/\/www.facebook.com\/lebenshilfedillenburg\/","https:\/\/www.instagram.com\/lebenshilfe_dillenburg\/"]},{"@type":"Person","@id":"https:\/\/lebenshilfe-dillenburg.de\/leicht\/#\/schema\/person\/b6c52dad8d881b49213c3345a7cd5efe","name":"Conny Holtfoth","sameAs":["http:\/\/lebenshilfe-dillenburg.de"],"url":"https:\/\/lebenshilfe-dillenburg.de\/leicht\/author\/conny\/"}]}},"taxonomy_info":{"category":[{"value":53,"label":"Meldungen"}]},"featured_image_src_large":["https:\/\/lebenshilfe-dillenburg.de\/wp-content\/uploads\/drei-maenner-mit-schutzanzug-im-freien-1920x1382.jpg",1366,983,true],"author_info":{"display_name":"Conny Holtfoth","author_link":"https:\/\/lebenshilfe-dillenburg.de\/leicht\/author\/conny\/"},"comment_info":0,"category_info":[{"term_id":53,"name":"Meldungen","slug":"meldungen","term_group":0,"term_taxonomy_id":53,"taxonomy":"category","description":"","parent":0,"count":127,"filter":"raw","term_order":"5","cat_ID":53,"category_count":127,"category_description":"","cat_name":"Meldungen","category_nicename":"meldungen","category_parent":0}],"tag_info":false,"_links":{"self":[{"href":"https:\/\/lebenshilfe-dillenburg.de\/leicht\/wp-json\/wp\/v2\/posts\/2999","targetHints":{"allow":["GET"]}}],"collection":[{"href":"https:\/\/lebenshilfe-dillenburg.de\/leicht\/wp-json\/wp\/v2\/posts"}],"about":[{"href":"https:\/\/lebenshilfe-dillenburg.de\/leicht\/wp-json\/wp\/v2\/types\/post"}],"author":[{"embeddable":true,"href":"https:\/\/lebenshilfe-dillenburg.de\/leicht\/wp-json\/wp\/v2\/users\/4"}],"replies":[{"embeddable":true,"href":"https:\/\/lebenshilfe-dillenburg.de\/leicht\/wp-json\/wp\/v2\/comments?post=2999"}],"version-history":[{"count":0,"href":"https:\/\/lebenshilfe-dillenburg.de\/leicht\/wp-json\/wp\/v2\/posts\/2999\/revisions"}],"wp:featuredmedia":[{"embeddable":true,"href":"https:\/\/lebenshilfe-dillenburg.de\/leicht\/wp-json\/wp\/v2\/media\/3001"}],"wp:attachment":[{"href":"https:\/\/lebenshilfe-dillenburg.de\/leicht\/wp-json\/wp\/v2\/media?parent=2999"}],"wp:term":[{"taxonomy":"category","embeddable":true,"href":"https:\/\/lebenshilfe-dillenburg.de\/leicht\/wp-json\/wp\/v2\/categories?post=2999"},{"taxonomy":"post_tag","embeddable":true,"href":"https:\/\/lebenshilfe-dillenburg.de\/leicht\/wp-json\/wp\/v2\/tags?post=2999"}],"curies":[{"name":"wp","href":"https:\/\/api.w.org\/{rel}","templated":true}]}}