{"id":3040,"date":"2021-01-15T11:51:46","date_gmt":"2021-01-15T10:51:46","guid":{"rendered":"https:\/\/www.lebenshilfe-dillenburg.de\/?p=3040"},"modified":"2026-01-30T12:09:37","modified_gmt":"2026-01-30T11:09:37","slug":"bild-das-beruehrende-gedicht-fuer-einen-corona-toten","status":"publish","type":"post","link":"https:\/\/lebenshilfe-dillenburg.de\/leicht\/bild-das-beruehrende-gedicht-fuer-einen-corona-toten\/","title":{"rendered":"BILD: Das ber\u00fchrende Gedicht f\u00fcr einen Corona-Toten"},"content":{"rendered":"<p>Sechs Minuten und elf Sekunden dauert das Gedicht, das Livia Warch (27) im Internet ver\u00f6ffentlichte. Darin beschreibt die Krankenschwester einf\u00fchlsam und ber\u00fchrend, wie ein Patient, den sie in einem Behindertenheim pflegte, an Corona starb.<!--more--><\/p>\n<p><a href=\"https:\/\/www.bild.de\/regional\/frankfurt\/frankfurt-aktuell\/krankenschwester-livia-ihr-beruehrendes-gedicht-fuer-einen-corona-toten-74912164.bild.html?fbclid=IwAR3aS3Yz-a5IIX2mEy7OwuF_DLP_RhDyrQ5AGfF32M5a-YFRHht88MKMK_4\">Krankenschwester Livia: Ihr ber\u00fchrendes Gedicht f\u00fcr einen Corona-Toten | Regional | BILD.de<\/a><\/p>\n","protected":false},"excerpt":{"rendered":"<p>Sechs Minuten und elf Sekunden dauert das Gedicht, das Livia Warch (27) im Internet ver\u00f6ffentlichte. Darin beschreibt die Krankenschwester einf\u00fchlsam und ber\u00fchrend, wie ein Patient, den sie in einem Behindertenheim pflegte, an Corona starb.<\/p>\n","protected":false},"author":4,"featured_media":7486,"comment_status":"closed","ping_status":"closed","sticky":false,"template":"","format":"standard","meta":{"_acf_changed":false,"_gspb_post_css":"","_kad_blocks_custom_css":"","_kad_blocks_head_custom_js":"","_kad_blocks_body_custom_js":"","_kad_blocks_footer_custom_js":"","_kad_post_transparent":"","_kad_post_title":"","_kad_post_layout":"","_kad_post_sidebar_id":"","_kad_post_content_style":"","_kad_post_vertical_padding":"","_kad_post_feature":"","_kad_post_feature_position":"","_kad_post_header":false,"_kad_post_footer":false,"_kad_post_classname":"","footnotes":""},"categories":[52,5],"tags":[],"class_list":["post-3040","post","type-post","status-publish","format-standard","has-post-thumbnail","hentry","category-aktuelles","category-pressemeldungen"],"acf":[],"yoast_head":"<!-- This site is optimized with the Yoast SEO plugin v27.5 - https:\/\/yoast.com\/product\/yoast-seo-wordpress\/ -->\n<title>BILD: Das ber\u00fchrende Gedicht f\u00fcr einen Corona-Toten - Lebenshilfe Dillenburg e.V.<\/title>\n<meta name=\"robots\" content=\"index, follow, max-snippet:-1, max-image-preview:large, max-video-preview:-1\" \/>\n<link rel=\"canonical\" href=\"https:\/\/lebenshilfe-dillenburg.de\/leicht\/bild-das-beruehrende-gedicht-fuer-einen-corona-toten\/\" \/>\n<meta property=\"og:locale\" content=\"de_DE\" \/>\n<meta property=\"og:type\" content=\"article\" \/>\n<meta property=\"og:title\" content=\"BILD: Das ber\u00fchrende Gedicht f\u00fcr einen Corona-Toten - Lebenshilfe Dillenburg e.V.\" \/>\n<meta property=\"og:description\" content=\"Sechs Minuten und elf Sekunden dauert das Gedicht, das Livia Warch (27) im Internet ver\u00f6ffentlichte. Darin beschreibt die Krankenschwester einf\u00fchlsam und ber\u00fchrend, wie ein Patient, den sie in einem Behindertenheim pflegte, an Corona starb.\" \/>\n<meta property=\"og:url\" content=\"https:\/\/lebenshilfe-dillenburg.de\/leicht\/bild-das-beruehrende-gedicht-fuer-einen-corona-toten\/\" \/>\n<meta property=\"og:site_name\" content=\"Lebenshilfe Dillenburg e.V.\" \/>\n<meta property=\"article:publisher\" content=\"https:\/\/www.facebook.com\/lebenshilfedillenburg\/\" \/>\n<meta property=\"article:published_time\" content=\"2021-01-15T10:51:46+00:00\" \/>\n<meta property=\"article:modified_time\" content=\"2026-01-30T11:09:37+00:00\" \/>\n<meta property=\"og:image\" content=\"https:\/\/lebenshilfe-dillenburg.de\/wp-content\/uploads\/bild-das-beruehrende-gedicht-fuer-einen-corona-toten-2021-03-26-11-52-27-krankenschwester-livia-ihr-beruehrendes-gedicht-fuer-einen-corona-toten-regiona-1.png\" \/>\n\t<meta property=\"og:image:width\" content=\"1089\" \/>\n\t<meta property=\"og:image:height\" content=\"834\" \/>\n\t<meta property=\"og:image:type\" content=\"image\/png\" \/>\n<meta name=\"author\" content=\"Conny Holtfoth\" \/>\n<meta name=\"twitter:card\" content=\"summary_large_image\" \/>\n<meta name=\"twitter:label1\" content=\"Geschrieben von\" \/>\n\t<meta name=\"twitter:data1\" content=\"Conny Holtfoth\" \/>\n<script type=\"application\/ld+json\" class=\"yoast-schema-graph\">{\"@context\":\"https:\\\/\\\/schema.org\",\"@graph\":[{\"@type\":\"Article\",\"@id\":\"https:\\\/\\\/lebenshilfe-dillenburg.de\\\/leicht\\\/bild-das-beruehrende-gedicht-fuer-einen-corona-toten\\\/#article\",\"isPartOf\":{\"@id\":\"https:\\\/\\\/lebenshilfe-dillenburg.de\\\/leicht\\\/bild-das-beruehrende-gedicht-fuer-einen-corona-toten\\\/\"},\"author\":{\"name\":\"Conny Holtfoth\",\"@id\":\"https:\\\/\\\/lebenshilfe-dillenburg.de\\\/leicht\\\/#\\\/schema\\\/person\\\/b6c52dad8d881b49213c3345a7cd5efe\"},\"headline\":\"BILD: Das ber\u00fchrende Gedicht f\u00fcr einen Corona-Toten\",\"datePublished\":\"2021-01-15T10:51:46+00:00\",\"dateModified\":\"2026-01-30T11:09:37+00:00\",\"mainEntityOfPage\":{\"@id\":\"https:\\\/\\\/lebenshilfe-dillenburg.de\\\/leicht\\\/bild-das-beruehrende-gedicht-fuer-einen-corona-toten\\\/\"},\"wordCount\":58,\"publisher\":{\"@id\":\"https:\\\/\\\/lebenshilfe-dillenburg.de\\\/leicht\\\/#organization\"},\"image\":{\"@id\":\"https:\\\/\\\/lebenshilfe-dillenburg.de\\\/leicht\\\/bild-das-beruehrende-gedicht-fuer-einen-corona-toten\\\/#primaryimage\"},\"thumbnailUrl\":\"https:\\\/\\\/lebenshilfe-dillenburg.de\\\/wp-content\\\/uploads\\\/krankenschwester-mit-ffp2-maske-corona-gedicht.png\",\"articleSection\":[\"Aktuelles\",\"Pressemeldungen\"],\"inLanguage\":\"de\"},{\"@type\":\"WebPage\",\"@id\":\"https:\\\/\\\/lebenshilfe-dillenburg.de\\\/leicht\\\/bild-das-beruehrende-gedicht-fuer-einen-corona-toten\\\/\",\"url\":\"https:\\\/\\\/lebenshilfe-dillenburg.de\\\/leicht\\\/bild-das-beruehrende-gedicht-fuer-einen-corona-toten\\\/\",\"name\":\"BILD: Das ber\u00fchrende Gedicht f\u00fcr einen Corona-Toten - Lebenshilfe Dillenburg e.V.\",\"isPartOf\":{\"@id\":\"https:\\\/\\\/lebenshilfe-dillenburg.de\\\/leicht\\\/#website\"},\"primaryImageOfPage\":{\"@id\":\"https:\\\/\\\/lebenshilfe-dillenburg.de\\\/leicht\\\/bild-das-beruehrende-gedicht-fuer-einen-corona-toten\\\/#primaryimage\"},\"image\":{\"@id\":\"https:\\\/\\\/lebenshilfe-dillenburg.de\\\/leicht\\\/bild-das-beruehrende-gedicht-fuer-einen-corona-toten\\\/#primaryimage\"},\"thumbnailUrl\":\"https:\\\/\\\/lebenshilfe-dillenburg.de\\\/wp-content\\\/uploads\\\/krankenschwester-mit-ffp2-maske-corona-gedicht.png\",\"datePublished\":\"2021-01-15T10:51:46+00:00\",\"dateModified\":\"2026-01-30T11:09:37+00:00\",\"breadcrumb\":{\"@id\":\"https:\\\/\\\/lebenshilfe-dillenburg.de\\\/leicht\\\/bild-das-beruehrende-gedicht-fuer-einen-corona-toten\\\/#breadcrumb\"},\"inLanguage\":\"de\",\"potentialAction\":[{\"@type\":\"ReadAction\",\"target\":[\"https:\\\/\\\/lebenshilfe-dillenburg.de\\\/leicht\\\/bild-das-beruehrende-gedicht-fuer-einen-corona-toten\\\/\"]}]},{\"@type\":\"ImageObject\",\"inLanguage\":\"de\",\"@id\":\"https:\\\/\\\/lebenshilfe-dillenburg.de\\\/leicht\\\/bild-das-beruehrende-gedicht-fuer-einen-corona-toten\\\/#primaryimage\",\"url\":\"https:\\\/\\\/lebenshilfe-dillenburg.de\\\/wp-content\\\/uploads\\\/krankenschwester-mit-ffp2-maske-corona-gedicht.png\",\"contentUrl\":\"https:\\\/\\\/lebenshilfe-dillenburg.de\\\/wp-content\\\/uploads\\\/krankenschwester-mit-ffp2-maske-corona-gedicht.png\",\"width\":1089,\"height\":834,\"caption\":\"Krankenschwester mit FFP2-Maske: ber\u00fchrendes Gedicht f\u00fcr Corona-Tote im Video\"},{\"@type\":\"BreadcrumbList\",\"@id\":\"https:\\\/\\\/lebenshilfe-dillenburg.de\\\/leicht\\\/bild-das-beruehrende-gedicht-fuer-einen-corona-toten\\\/#breadcrumb\",\"itemListElement\":[{\"@type\":\"ListItem\",\"position\":1,\"name\":\"Startseite der Lebenshilfe Dillenburg\",\"item\":\"https:\\\/\\\/lebenshilfe-dillenburg.de\\\/leicht\\\/\"},{\"@type\":\"ListItem\",\"position\":2,\"name\":\"BILD: Das ber\u00fchrende Gedicht f\u00fcr einen Corona-Toten\"}]},{\"@type\":\"WebSite\",\"@id\":\"https:\\\/\\\/lebenshilfe-dillenburg.de\\\/leicht\\\/#website\",\"url\":\"https:\\\/\\\/lebenshilfe-dillenburg.de\\\/leicht\\\/\",\"name\":\"Lebenshilfe Dillenburg \u2013 Teilhabe & Unterst\u00fctzung im Lahn-Dill-Kreis\",\"description\":\"\",\"publisher\":{\"@id\":\"https:\\\/\\\/lebenshilfe-dillenburg.de\\\/leicht\\\/#organization\"},\"potentialAction\":[{\"@type\":\"SearchAction\",\"target\":{\"@type\":\"EntryPoint\",\"urlTemplate\":\"https:\\\/\\\/lebenshilfe-dillenburg.de\\\/leicht\\\/?s={search_term_string}\"},\"query-input\":{\"@type\":\"PropertyValueSpecification\",\"valueRequired\":true,\"valueName\":\"search_term_string\"}}],\"inLanguage\":\"de\"},{\"@type\":\"Organization\",\"@id\":\"https:\\\/\\\/lebenshilfe-dillenburg.de\\\/leicht\\\/#organization\",\"name\":\"Lebenshilfe Dillenburg e.V.\",\"url\":\"https:\\\/\\\/lebenshilfe-dillenburg.de\\\/leicht\\\/\",\"logo\":{\"@type\":\"ImageObject\",\"inLanguage\":\"de\",\"@id\":\"https:\\\/\\\/lebenshilfe-dillenburg.de\\\/leicht\\\/#\\\/schema\\\/logo\\\/image\\\/\",\"url\":\"https:\\\/\\\/lebenshilfe-dillenburg.de\\\/wp-content\\\/uploads\\\/lebenshilfe-dillenburg-desktop.webp\",\"contentUrl\":\"https:\\\/\\\/lebenshilfe-dillenburg.de\\\/wp-content\\\/uploads\\\/lebenshilfe-dillenburg-desktop.webp\",\"width\":461,\"height\":202,\"caption\":\"Lebenshilfe Dillenburg e.V.\"},\"image\":{\"@id\":\"https:\\\/\\\/lebenshilfe-dillenburg.de\\\/leicht\\\/#\\\/schema\\\/logo\\\/image\\\/\"},\"sameAs\":[\"https:\\\/\\\/www.facebook.com\\\/lebenshilfedillenburg\\\/\",\"https:\\\/\\\/www.instagram.com\\\/lebenshilfe_dillenburg\\\/\"]},{\"@type\":\"Person\",\"@id\":\"https:\\\/\\\/lebenshilfe-dillenburg.de\\\/leicht\\\/#\\\/schema\\\/person\\\/b6c52dad8d881b49213c3345a7cd5efe\",\"name\":\"Conny Holtfoth\",\"sameAs\":[\"http:\\\/\\\/lebenshilfe-dillenburg.de\"],\"url\":\"https:\\\/\\\/lebenshilfe-dillenburg.de\\\/leicht\\\/author\\\/conny\\\/\"}]}<\/script>\n<!-- \/ Yoast SEO plugin. -->","yoast_head_json":{"title":"BILD: Das ber\u00fchrende Gedicht f\u00fcr einen Corona-Toten - Lebenshilfe Dillenburg e.V.","robots":{"index":"index","follow":"follow","max-snippet":"max-snippet:-1","max-image-preview":"max-image-preview:large","max-video-preview":"max-video-preview:-1"},"canonical":"https:\/\/lebenshilfe-dillenburg.de\/leicht\/bild-das-beruehrende-gedicht-fuer-einen-corona-toten\/","og_locale":"de_DE","og_type":"article","og_title":"BILD: Das ber\u00fchrende Gedicht f\u00fcr einen Corona-Toten - Lebenshilfe Dillenburg e.V.","og_description":"Sechs Minuten und elf Sekunden dauert das Gedicht, das Livia Warch (27) im Internet ver\u00f6ffentlichte. Darin beschreibt die Krankenschwester einf\u00fchlsam und ber\u00fchrend, wie ein Patient, den sie in einem Behindertenheim pflegte, an Corona starb.","og_url":"https:\/\/lebenshilfe-dillenburg.de\/leicht\/bild-das-beruehrende-gedicht-fuer-einen-corona-toten\/","og_site_name":"Lebenshilfe Dillenburg e.V.","article_publisher":"https:\/\/www.facebook.com\/lebenshilfedillenburg\/","article_published_time":"2021-01-15T10:51:46+00:00","article_modified_time":"2026-01-30T11:09:37+00:00","og_image":[{"width":1089,"height":834,"url":"https:\/\/lebenshilfe-dillenburg.de\/wp-content\/uploads\/bild-das-beruehrende-gedicht-fuer-einen-corona-toten-2021-03-26-11-52-27-krankenschwester-livia-ihr-beruehrendes-gedicht-fuer-einen-corona-toten-regiona-1.png","type":"image\/png"}],"author":"Conny Holtfoth","twitter_card":"summary_large_image","twitter_misc":{"Geschrieben von":"Conny Holtfoth"},"schema":{"@context":"https:\/\/schema.org","@graph":[{"@type":"Article","@id":"https:\/\/lebenshilfe-dillenburg.de\/leicht\/bild-das-beruehrende-gedicht-fuer-einen-corona-toten\/#article","isPartOf":{"@id":"https:\/\/lebenshilfe-dillenburg.de\/leicht\/bild-das-beruehrende-gedicht-fuer-einen-corona-toten\/"},"author":{"name":"Conny Holtfoth","@id":"https:\/\/lebenshilfe-dillenburg.de\/leicht\/#\/schema\/person\/b6c52dad8d881b49213c3345a7cd5efe"},"headline":"BILD: Das ber\u00fchrende Gedicht f\u00fcr einen Corona-Toten","datePublished":"2021-01-15T10:51:46+00:00","dateModified":"2026-01-30T11:09:37+00:00","mainEntityOfPage":{"@id":"https:\/\/lebenshilfe-dillenburg.de\/leicht\/bild-das-beruehrende-gedicht-fuer-einen-corona-toten\/"},"wordCount":58,"publisher":{"@id":"https:\/\/lebenshilfe-dillenburg.de\/leicht\/#organization"},"image":{"@id":"https:\/\/lebenshilfe-dillenburg.de\/leicht\/bild-das-beruehrende-gedicht-fuer-einen-corona-toten\/#primaryimage"},"thumbnailUrl":"https:\/\/lebenshilfe-dillenburg.de\/wp-content\/uploads\/krankenschwester-mit-ffp2-maske-corona-gedicht.png","articleSection":["Aktuelles","Pressemeldungen"],"inLanguage":"de"},{"@type":"WebPage","@id":"https:\/\/lebenshilfe-dillenburg.de\/leicht\/bild-das-beruehrende-gedicht-fuer-einen-corona-toten\/","url":"https:\/\/lebenshilfe-dillenburg.de\/leicht\/bild-das-beruehrende-gedicht-fuer-einen-corona-toten\/","name":"BILD: Das ber\u00fchrende Gedicht f\u00fcr einen Corona-Toten - Lebenshilfe Dillenburg e.V.","isPartOf":{"@id":"https:\/\/lebenshilfe-dillenburg.de\/leicht\/#website"},"primaryImageOfPage":{"@id":"https:\/\/lebenshilfe-dillenburg.de\/leicht\/bild-das-beruehrende-gedicht-fuer-einen-corona-toten\/#primaryimage"},"image":{"@id":"https:\/\/lebenshilfe-dillenburg.de\/leicht\/bild-das-beruehrende-gedicht-fuer-einen-corona-toten\/#primaryimage"},"thumbnailUrl":"https:\/\/lebenshilfe-dillenburg.de\/wp-content\/uploads\/krankenschwester-mit-ffp2-maske-corona-gedicht.png","datePublished":"2021-01-15T10:51:46+00:00","dateModified":"2026-01-30T11:09:37+00:00","breadcrumb":{"@id":"https:\/\/lebenshilfe-dillenburg.de\/leicht\/bild-das-beruehrende-gedicht-fuer-einen-corona-toten\/#breadcrumb"},"inLanguage":"de","potentialAction":[{"@type":"ReadAction","target":["https:\/\/lebenshilfe-dillenburg.de\/leicht\/bild-das-beruehrende-gedicht-fuer-einen-corona-toten\/"]}]},{"@type":"ImageObject","inLanguage":"de","@id":"https:\/\/lebenshilfe-dillenburg.de\/leicht\/bild-das-beruehrende-gedicht-fuer-einen-corona-toten\/#primaryimage","url":"https:\/\/lebenshilfe-dillenburg.de\/wp-content\/uploads\/krankenschwester-mit-ffp2-maske-corona-gedicht.png","contentUrl":"https:\/\/lebenshilfe-dillenburg.de\/wp-content\/uploads\/krankenschwester-mit-ffp2-maske-corona-gedicht.png","width":1089,"height":834,"caption":"Krankenschwester mit FFP2-Maske: ber\u00fchrendes Gedicht f\u00fcr Corona-Tote im Video"},{"@type":"BreadcrumbList","@id":"https:\/\/lebenshilfe-dillenburg.de\/leicht\/bild-das-beruehrende-gedicht-fuer-einen-corona-toten\/#breadcrumb","itemListElement":[{"@type":"ListItem","position":1,"name":"Startseite der Lebenshilfe Dillenburg","item":"https:\/\/lebenshilfe-dillenburg.de\/leicht\/"},{"@type":"ListItem","position":2,"name":"BILD: Das ber\u00fchrende Gedicht f\u00fcr einen Corona-Toten"}]},{"@type":"WebSite","@id":"https:\/\/lebenshilfe-dillenburg.de\/leicht\/#website","url":"https:\/\/lebenshilfe-dillenburg.de\/leicht\/","name":"Lebenshilfe Dillenburg \u2013 Teilhabe & Unterst\u00fctzung im Lahn-Dill-Kreis","description":"","publisher":{"@id":"https:\/\/lebenshilfe-dillenburg.de\/leicht\/#organization"},"potentialAction":[{"@type":"SearchAction","target":{"@type":"EntryPoint","urlTemplate":"https:\/\/lebenshilfe-dillenburg.de\/leicht\/?s={search_term_string}"},"query-input":{"@type":"PropertyValueSpecification","valueRequired":true,"valueName":"search_term_string"}}],"inLanguage":"de"},{"@type":"Organization","@id":"https:\/\/lebenshilfe-dillenburg.de\/leicht\/#organization","name":"Lebenshilfe Dillenburg e.V.","url":"https:\/\/lebenshilfe-dillenburg.de\/leicht\/","logo":{"@type":"ImageObject","inLanguage":"de","@id":"https:\/\/lebenshilfe-dillenburg.de\/leicht\/#\/schema\/logo\/image\/","url":"https:\/\/lebenshilfe-dillenburg.de\/wp-content\/uploads\/lebenshilfe-dillenburg-desktop.webp","contentUrl":"https:\/\/lebenshilfe-dillenburg.de\/wp-content\/uploads\/lebenshilfe-dillenburg-desktop.webp","width":461,"height":202,"caption":"Lebenshilfe Dillenburg e.V."},"image":{"@id":"https:\/\/lebenshilfe-dillenburg.de\/leicht\/#\/schema\/logo\/image\/"},"sameAs":["https:\/\/www.facebook.com\/lebenshilfedillenburg\/","https:\/\/www.instagram.com\/lebenshilfe_dillenburg\/"]},{"@type":"Person","@id":"https:\/\/lebenshilfe-dillenburg.de\/leicht\/#\/schema\/person\/b6c52dad8d881b49213c3345a7cd5efe","name":"Conny Holtfoth","sameAs":["http:\/\/lebenshilfe-dillenburg.de"],"url":"https:\/\/lebenshilfe-dillenburg.de\/leicht\/author\/conny\/"}]}},"taxonomy_info":{"category":[{"value":52,"label":"Aktuelles"},{"value":5,"label":"Pressemeldungen"}]},"featured_image_src_large":["https:\/\/lebenshilfe-dillenburg.de\/wp-content\/uploads\/krankenschwester-mit-ffp2-maske-corona-gedicht.png",1089,834,false],"author_info":{"display_name":"Conny Holtfoth","author_link":"https:\/\/lebenshilfe-dillenburg.de\/leicht\/author\/conny\/"},"comment_info":0,"category_info":[{"term_id":52,"name":"Aktuelles","slug":"aktuelles","term_group":0,"term_taxonomy_id":52,"taxonomy":"category","description":"","parent":0,"count":22,"filter":"raw","term_order":"4","cat_ID":52,"category_count":22,"category_description":"","cat_name":"Aktuelles","category_nicename":"aktuelles","category_parent":0},{"term_id":5,"name":"Pressemeldungen","slug":"pressemeldungen","term_group":0,"term_taxonomy_id":5,"taxonomy":"category","description":"","parent":0,"count":7,"filter":"raw","term_order":"9","cat_ID":5,"category_count":7,"category_description":"","cat_name":"Pressemeldungen","category_nicename":"pressemeldungen","category_parent":0}],"tag_info":false,"_links":{"self":[{"href":"https:\/\/lebenshilfe-dillenburg.de\/leicht\/wp-json\/wp\/v2\/posts\/3040","targetHints":{"allow":["GET"]}}],"collection":[{"href":"https:\/\/lebenshilfe-dillenburg.de\/leicht\/wp-json\/wp\/v2\/posts"}],"about":[{"href":"https:\/\/lebenshilfe-dillenburg.de\/leicht\/wp-json\/wp\/v2\/types\/post"}],"author":[{"embeddable":true,"href":"https:\/\/lebenshilfe-dillenburg.de\/leicht\/wp-json\/wp\/v2\/users\/4"}],"replies":[{"embeddable":true,"href":"https:\/\/lebenshilfe-dillenburg.de\/leicht\/wp-json\/wp\/v2\/comments?post=3040"}],"version-history":[{"count":0,"href":"https:\/\/lebenshilfe-dillenburg.de\/leicht\/wp-json\/wp\/v2\/posts\/3040\/revisions"}],"wp:featuredmedia":[{"embeddable":true,"href":"https:\/\/lebenshilfe-dillenburg.de\/leicht\/wp-json\/wp\/v2\/media\/7486"}],"wp:attachment":[{"href":"https:\/\/lebenshilfe-dillenburg.de\/leicht\/wp-json\/wp\/v2\/media?parent=3040"}],"wp:term":[{"taxonomy":"category","embeddable":true,"href":"https:\/\/lebenshilfe-dillenburg.de\/leicht\/wp-json\/wp\/v2\/categories?post=3040"},{"taxonomy":"post_tag","embeddable":true,"href":"https:\/\/lebenshilfe-dillenburg.de\/leicht\/wp-json\/wp\/v2\/tags?post=3040"}],"curies":[{"name":"wp","href":"https:\/\/api.w.org\/{rel}","templated":true}]}}