{"id":3305,"date":"2021-08-19T13:36:30","date_gmt":"2021-08-19T11:36:30","guid":{"rendered":"https:\/\/www.lebenshilfe-dillenburg.de\/?p=3305"},"modified":"2026-01-30T12:09:36","modified_gmt":"2026-01-30T11:09:36","slug":"mehr-sichtbarkeit-von-menschen-mit-behinderung","status":"publish","type":"post","link":"https:\/\/lebenshilfe-dillenburg.de\/leicht\/mehr-sichtbarkeit-von-menschen-mit-behinderung\/","title":{"rendered":"&#8222;Mehr Sichtbarkeit von Menschen mit Behinderung&#8220;"},"content":{"rendered":"<p>Menschen mit Behinderung m\u00fcssen sichtbarer werden in der Gesellschaft \u2013 so der dringliche Appell der Lebenshilfe Dillenburg im Gespr\u00e4ch mit zwei Vertreterinnen der Politik: Ulla Schmidt, Vorsitzende der Lebenshilfe-Bundesvereinigung, und SPD-Bundestagsabgeordnete Dagmar Schmidt haben am Donnerstag dem Verein einen Besuch abgestattet.<!--more--><\/p>\n<p>Wohnbereichsleiterin Tanja Rockens\u00fc\u00df erz\u00e4hlte von einer Bewohnerin, 73 Jahre alt. Seit 30 Jahren ist das Wohnheim in Manderbach ihre Heimat. \u201eWir w\u00fcrden sie in eine Riesenkrise st\u00fcrzen, wenn sie aus diesem Umfeld gerissen w\u00fcrde\u201c, betonte Wohnbereichsleiterin Tanja Rockens\u00fc\u00df. Nur ein Beispiel f\u00fcr zahlreiche andere Betreute, bei denen der pflegerische Aufwand im Alter rapide zugenommen hat und die in den besonderen Wohnformen der Lebenshilfe zu Hause sind. \u201eInzwischen ist es so, dass wir gar nicht genug Zeit f\u00fcr die Umsetzung von Teilhabe haben, weil stattdessen die Pflege im Vordergrund steht\u201c, beklagte Rockens\u00fc\u00df.<\/p>\n<p>Ein Dilemma, das rechtlich gesch\u00fcrt wird: durch die gesetzliche Festlegung einer nur geringf\u00fcgigen Pauschale f\u00fcr Pflegebed\u00fcrftige, die in vollstation\u00e4ren Einrichtungen leben.\u00a0\u201eDas stellt uns vor gro\u00dfe Herausforderungen\u201c, merkte Lebenshilfe-Vorstand Dr. Oliver Schmitzer an. \u201eWir sto\u00dfen immer wieder an Grenzen. Kostentr\u00e4ger schlagen uns vor, f\u00fcr unsere pflegebed\u00fcrftigen Bewohnerinnen und Bewohner andere Einrichtungen zu finden, aber es gibt keine anderen geeigneten Einrichtungen, die auf unsere Klientel eingestellt sind. Auch ist es unser Anspruch, lebenslanges Wohnen zu gew\u00e4hrleisten. Das ist es, wof\u00fcr wir stehen.\u201c<\/p>\n<p>Ein Thema, das erst im vergangenen Jahrzehnt wirklich greifbar geworden sei, wie Ulla Schmidt sagte: \u201eDie Generation der Rentnerinnen und Rentner mit Behinderung, die lange und gut leben, aber im Alter pflegebed\u00fcrftig sind.\u201c Die Abschaffung des Paragraphen 43a im Sozialgesetzbuch XI, der diese Pauschale festlegt, stehe weiterhin auf der Tagesordnung, betonte Dagmar Schmidt. Denn es sei wichtig, dass Menschen mit Behinderungen je nach Bed\u00fcrfnissen dort leben k\u00f6nnen, wo es ihnen am besten gehe. Unabh\u00e4ngig von Leistungsbetr\u00e4gen.<\/p>\n<p>F\u00fcr vielf\u00e4ltige Wohnformen macht sich die Lebenshilfe Dillenburg schon lange stark. So lebt die H\u00e4lfte ihrer Bewohnerinnen und Bewohner ambulant betreut in einer eigenen Wohnung oder einer Wohngemeinschaft. Der Preis der Selbstst\u00e4ndigkeit sei aber leider auch h\u00e4ufig eine soziale Vereinsamung aufgrund weniger sozialer Kontakte, wie Schmitzer sagte. Umso mehr sei es notwendig, dass Menschen mit Behinderungen selbstverst\u00e4ndlicher im Erscheinungsbild der Gesellschaft auftauchen.<\/p>\n<p>Daf\u00fcr macht sich auch Kulturreferent Sascha Kirchhoff bei der Lebenshilfe Dillenburg stark. Er stellte den G\u00e4sten einige seiner Projekte vor, die es Menschen mit Behinderung erm\u00f6glichen, \u201enicht nur als Konsument, sondern als aktiv gestaltender Teil in Erscheinung zu treten\u201c. So hat beispielsweise k\u00fcrzlich im Dillenburger \u201eGloria\u201c-Kino ein Kurzfilm der Lebenshilfe Dillenburg Premiere gefeiert, in dem Menschen mit Behinderung die Protagonisten sind.<\/p>\n","protected":false},"excerpt":{"rendered":"<p>Menschen mit Behinderung m\u00fcssen sichtbarer werden in der Gesellschaft \u2013 so der dringliche Appell der Lebenshilfe Dillenburg im Gespr\u00e4ch mit zwei Vertreterinnen der Politik: Ulla Schmidt, Vorsitzende der Lebenshilfe-Bundesvereinigung, und SPD-Bundestagsabgeordnete Dagmar Schmidt haben am Donnerstag dem Verein einen Besuch abgestattet.<\/p>\n","protected":false},"author":4,"featured_media":7503,"comment_status":"closed","ping_status":"closed","sticky":false,"template":"","format":"standard","meta":{"_acf_changed":false,"_gspb_post_css":"","_kad_blocks_custom_css":"","_kad_blocks_head_custom_js":"","_kad_blocks_body_custom_js":"","_kad_blocks_footer_custom_js":"","_kad_post_transparent":"","_kad_post_title":"","_kad_post_layout":"","_kad_post_sidebar_id":"","_kad_post_content_style":"","_kad_post_vertical_padding":"","_kad_post_feature":"","_kad_post_feature_position":"","_kad_post_header":false,"_kad_post_footer":false,"_kad_post_classname":"","footnotes":""},"categories":[53],"tags":[],"class_list":["post-3305","post","type-post","status-publish","format-standard","has-post-thumbnail","hentry","category-meldungen"],"acf":[],"yoast_head":"<!-- This site is optimized with the Yoast SEO plugin v27.5 - https:\/\/yoast.com\/product\/yoast-seo-wordpress\/ -->\n<title>&quot;Mehr Sichtbarkeit von Menschen mit Behinderung&quot; - Lebenshilfe Dillenburg e.V.<\/title>\n<meta name=\"robots\" content=\"index, follow, max-snippet:-1, max-image-preview:large, max-video-preview:-1\" \/>\n<link rel=\"canonical\" href=\"https:\/\/lebenshilfe-dillenburg.de\/leicht\/mehr-sichtbarkeit-von-menschen-mit-behinderung\/\" \/>\n<meta property=\"og:locale\" content=\"de_DE\" \/>\n<meta property=\"og:type\" content=\"article\" \/>\n<meta property=\"og:title\" content=\"&quot;Mehr Sichtbarkeit von Menschen mit Behinderung&quot; - Lebenshilfe Dillenburg e.V.\" \/>\n<meta property=\"og:description\" content=\"Menschen mit Behinderung m\u00fcssen sichtbarer werden in der Gesellschaft \u2013 so der dringliche Appell der Lebenshilfe Dillenburg im Gespr\u00e4ch mit zwei Vertreterinnen der Politik: Ulla Schmidt, Vorsitzende der Lebenshilfe-Bundesvereinigung, und SPD-Bundestagsabgeordnete Dagmar Schmidt haben am Donnerstag dem Verein einen Besuch abgestattet.\" \/>\n<meta property=\"og:url\" content=\"https:\/\/lebenshilfe-dillenburg.de\/leicht\/mehr-sichtbarkeit-von-menschen-mit-behinderung\/\" \/>\n<meta property=\"og:site_name\" content=\"Lebenshilfe Dillenburg e.V.\" \/>\n<meta property=\"article:publisher\" content=\"https:\/\/www.facebook.com\/lebenshilfedillenburg\/\" \/>\n<meta property=\"article:published_time\" content=\"2021-08-19T11:36:30+00:00\" \/>\n<meta property=\"article:modified_time\" content=\"2026-01-30T11:09:36+00:00\" \/>\n<meta property=\"og:image\" content=\"https:\/\/lebenshilfe-dillenburg.de\/wp-content\/uploads\/img-3330-scaled-1.jpg\" \/>\n\t<meta property=\"og:image:width\" content=\"2560\" \/>\n\t<meta property=\"og:image:height\" content=\"1707\" \/>\n\t<meta property=\"og:image:type\" content=\"image\/jpeg\" \/>\n<meta name=\"author\" content=\"Conny Holtfoth\" \/>\n<meta name=\"twitter:card\" content=\"summary_large_image\" \/>\n<meta name=\"twitter:label1\" content=\"Geschrieben von\" \/>\n\t<meta name=\"twitter:data1\" content=\"Conny Holtfoth\" \/>\n\t<meta name=\"twitter:label2\" content=\"Gesch\u00e4tzte Lesezeit\" \/>\n\t<meta name=\"twitter:data2\" content=\"2\u00a0Minuten\" \/>\n<script type=\"application\/ld+json\" class=\"yoast-schema-graph\">{\"@context\":\"https:\\\/\\\/schema.org\",\"@graph\":[{\"@type\":\"Article\",\"@id\":\"https:\\\/\\\/lebenshilfe-dillenburg.de\\\/leicht\\\/mehr-sichtbarkeit-von-menschen-mit-behinderung\\\/#article\",\"isPartOf\":{\"@id\":\"https:\\\/\\\/lebenshilfe-dillenburg.de\\\/leicht\\\/mehr-sichtbarkeit-von-menschen-mit-behinderung\\\/\"},\"author\":{\"name\":\"Conny Holtfoth\",\"@id\":\"https:\\\/\\\/lebenshilfe-dillenburg.de\\\/leicht\\\/#\\\/schema\\\/person\\\/b6c52dad8d881b49213c3345a7cd5efe\"},\"headline\":\"&#8222;Mehr Sichtbarkeit von Menschen mit Behinderung&#8220;\",\"datePublished\":\"2021-08-19T11:36:30+00:00\",\"dateModified\":\"2026-01-30T11:09:36+00:00\",\"mainEntityOfPage\":{\"@id\":\"https:\\\/\\\/lebenshilfe-dillenburg.de\\\/leicht\\\/mehr-sichtbarkeit-von-menschen-mit-behinderung\\\/\"},\"wordCount\":451,\"publisher\":{\"@id\":\"https:\\\/\\\/lebenshilfe-dillenburg.de\\\/leicht\\\/#organization\"},\"image\":{\"@id\":\"https:\\\/\\\/lebenshilfe-dillenburg.de\\\/leicht\\\/mehr-sichtbarkeit-von-menschen-mit-behinderung\\\/#primaryimage\"},\"thumbnailUrl\":\"https:\\\/\\\/lebenshilfe-dillenburg.de\\\/wp-content\\\/uploads\\\/lebenshilfe-dillenburg-besuch-gruppenfoto.jpg\",\"articleSection\":[\"Meldungen\"],\"inLanguage\":\"de\"},{\"@type\":\"WebPage\",\"@id\":\"https:\\\/\\\/lebenshilfe-dillenburg.de\\\/leicht\\\/mehr-sichtbarkeit-von-menschen-mit-behinderung\\\/\",\"url\":\"https:\\\/\\\/lebenshilfe-dillenburg.de\\\/leicht\\\/mehr-sichtbarkeit-von-menschen-mit-behinderung\\\/\",\"name\":\"\\\"Mehr Sichtbarkeit von Menschen mit Behinderung\\\" - Lebenshilfe Dillenburg e.V.\",\"isPartOf\":{\"@id\":\"https:\\\/\\\/lebenshilfe-dillenburg.de\\\/leicht\\\/#website\"},\"primaryImageOfPage\":{\"@id\":\"https:\\\/\\\/lebenshilfe-dillenburg.de\\\/leicht\\\/mehr-sichtbarkeit-von-menschen-mit-behinderung\\\/#primaryimage\"},\"image\":{\"@id\":\"https:\\\/\\\/lebenshilfe-dillenburg.de\\\/leicht\\\/mehr-sichtbarkeit-von-menschen-mit-behinderung\\\/#primaryimage\"},\"thumbnailUrl\":\"https:\\\/\\\/lebenshilfe-dillenburg.de\\\/wp-content\\\/uploads\\\/lebenshilfe-dillenburg-besuch-gruppenfoto.jpg\",\"datePublished\":\"2021-08-19T11:36:30+00:00\",\"dateModified\":\"2026-01-30T11:09:36+00:00\",\"breadcrumb\":{\"@id\":\"https:\\\/\\\/lebenshilfe-dillenburg.de\\\/leicht\\\/mehr-sichtbarkeit-von-menschen-mit-behinderung\\\/#breadcrumb\"},\"inLanguage\":\"de\",\"potentialAction\":[{\"@type\":\"ReadAction\",\"target\":[\"https:\\\/\\\/lebenshilfe-dillenburg.de\\\/leicht\\\/mehr-sichtbarkeit-von-menschen-mit-behinderung\\\/\"]}]},{\"@type\":\"ImageObject\",\"inLanguage\":\"de\",\"@id\":\"https:\\\/\\\/lebenshilfe-dillenburg.de\\\/leicht\\\/mehr-sichtbarkeit-von-menschen-mit-behinderung\\\/#primaryimage\",\"url\":\"https:\\\/\\\/lebenshilfe-dillenburg.de\\\/wp-content\\\/uploads\\\/lebenshilfe-dillenburg-besuch-gruppenfoto.jpg\",\"contentUrl\":\"https:\\\/\\\/lebenshilfe-dillenburg.de\\\/wp-content\\\/uploads\\\/lebenshilfe-dillenburg-besuch-gruppenfoto.jpg\",\"width\":1500,\"height\":1000,\"caption\":\"Dagmar Schmidt (l.) und Ulla Schmidt (3.v.l.) haben gemeinsam mit Wolfgang Schuster (2.v.l.) und Cirsten Kunz (r.) die Lebenshilfe Dillenburg (hier mit Dr. Oliver Schmitzer (4.v.l.) und Sascha Kirchhoff) besucht. (Foto: Holtfoth)\"},{\"@type\":\"BreadcrumbList\",\"@id\":\"https:\\\/\\\/lebenshilfe-dillenburg.de\\\/leicht\\\/mehr-sichtbarkeit-von-menschen-mit-behinderung\\\/#breadcrumb\",\"itemListElement\":[{\"@type\":\"ListItem\",\"position\":1,\"name\":\"Startseite der Lebenshilfe Dillenburg\",\"item\":\"https:\\\/\\\/lebenshilfe-dillenburg.de\\\/leicht\\\/\"},{\"@type\":\"ListItem\",\"position\":2,\"name\":\"&#8222;Mehr Sichtbarkeit von Menschen mit Behinderung&#8220;\"}]},{\"@type\":\"WebSite\",\"@id\":\"https:\\\/\\\/lebenshilfe-dillenburg.de\\\/leicht\\\/#website\",\"url\":\"https:\\\/\\\/lebenshilfe-dillenburg.de\\\/leicht\\\/\",\"name\":\"Lebenshilfe Dillenburg \u2013 Teilhabe & Unterst\u00fctzung im Lahn-Dill-Kreis\",\"description\":\"\",\"publisher\":{\"@id\":\"https:\\\/\\\/lebenshilfe-dillenburg.de\\\/leicht\\\/#organization\"},\"potentialAction\":[{\"@type\":\"SearchAction\",\"target\":{\"@type\":\"EntryPoint\",\"urlTemplate\":\"https:\\\/\\\/lebenshilfe-dillenburg.de\\\/leicht\\\/?s={search_term_string}\"},\"query-input\":{\"@type\":\"PropertyValueSpecification\",\"valueRequired\":true,\"valueName\":\"search_term_string\"}}],\"inLanguage\":\"de\"},{\"@type\":\"Organization\",\"@id\":\"https:\\\/\\\/lebenshilfe-dillenburg.de\\\/leicht\\\/#organization\",\"name\":\"Lebenshilfe Dillenburg e.V.\",\"url\":\"https:\\\/\\\/lebenshilfe-dillenburg.de\\\/leicht\\\/\",\"logo\":{\"@type\":\"ImageObject\",\"inLanguage\":\"de\",\"@id\":\"https:\\\/\\\/lebenshilfe-dillenburg.de\\\/leicht\\\/#\\\/schema\\\/logo\\\/image\\\/\",\"url\":\"https:\\\/\\\/lebenshilfe-dillenburg.de\\\/wp-content\\\/uploads\\\/lebenshilfe-dillenburg-desktop.webp\",\"contentUrl\":\"https:\\\/\\\/lebenshilfe-dillenburg.de\\\/wp-content\\\/uploads\\\/lebenshilfe-dillenburg-desktop.webp\",\"width\":461,\"height\":202,\"caption\":\"Lebenshilfe Dillenburg e.V.\"},\"image\":{\"@id\":\"https:\\\/\\\/lebenshilfe-dillenburg.de\\\/leicht\\\/#\\\/schema\\\/logo\\\/image\\\/\"},\"sameAs\":[\"https:\\\/\\\/www.facebook.com\\\/lebenshilfedillenburg\\\/\",\"https:\\\/\\\/www.instagram.com\\\/lebenshilfe_dillenburg\\\/\"]},{\"@type\":\"Person\",\"@id\":\"https:\\\/\\\/lebenshilfe-dillenburg.de\\\/leicht\\\/#\\\/schema\\\/person\\\/b6c52dad8d881b49213c3345a7cd5efe\",\"name\":\"Conny Holtfoth\",\"sameAs\":[\"http:\\\/\\\/lebenshilfe-dillenburg.de\"],\"url\":\"https:\\\/\\\/lebenshilfe-dillenburg.de\\\/leicht\\\/author\\\/conny\\\/\"}]}<\/script>\n<!-- \/ Yoast SEO plugin. -->","yoast_head_json":{"title":"\"Mehr Sichtbarkeit von Menschen mit Behinderung\" - Lebenshilfe Dillenburg e.V.","robots":{"index":"index","follow":"follow","max-snippet":"max-snippet:-1","max-image-preview":"max-image-preview:large","max-video-preview":"max-video-preview:-1"},"canonical":"https:\/\/lebenshilfe-dillenburg.de\/leicht\/mehr-sichtbarkeit-von-menschen-mit-behinderung\/","og_locale":"de_DE","og_type":"article","og_title":"\"Mehr Sichtbarkeit von Menschen mit Behinderung\" - Lebenshilfe Dillenburg e.V.","og_description":"Menschen mit Behinderung m\u00fcssen sichtbarer werden in der Gesellschaft \u2013 so der dringliche Appell der Lebenshilfe Dillenburg im Gespr\u00e4ch mit zwei Vertreterinnen der Politik: Ulla Schmidt, Vorsitzende der Lebenshilfe-Bundesvereinigung, und SPD-Bundestagsabgeordnete Dagmar Schmidt haben am Donnerstag dem Verein einen Besuch abgestattet.","og_url":"https:\/\/lebenshilfe-dillenburg.de\/leicht\/mehr-sichtbarkeit-von-menschen-mit-behinderung\/","og_site_name":"Lebenshilfe Dillenburg e.V.","article_publisher":"https:\/\/www.facebook.com\/lebenshilfedillenburg\/","article_published_time":"2021-08-19T11:36:30+00:00","article_modified_time":"2026-01-30T11:09:36+00:00","og_image":[{"width":2560,"height":1707,"url":"https:\/\/lebenshilfe-dillenburg.de\/wp-content\/uploads\/img-3330-scaled-1.jpg","type":"image\/jpeg"}],"author":"Conny Holtfoth","twitter_card":"summary_large_image","twitter_misc":{"Geschrieben von":"Conny Holtfoth","Gesch\u00e4tzte Lesezeit":"2\u00a0Minuten"},"schema":{"@context":"https:\/\/schema.org","@graph":[{"@type":"Article","@id":"https:\/\/lebenshilfe-dillenburg.de\/leicht\/mehr-sichtbarkeit-von-menschen-mit-behinderung\/#article","isPartOf":{"@id":"https:\/\/lebenshilfe-dillenburg.de\/leicht\/mehr-sichtbarkeit-von-menschen-mit-behinderung\/"},"author":{"name":"Conny Holtfoth","@id":"https:\/\/lebenshilfe-dillenburg.de\/leicht\/#\/schema\/person\/b6c52dad8d881b49213c3345a7cd5efe"},"headline":"&#8222;Mehr Sichtbarkeit von Menschen mit Behinderung&#8220;","datePublished":"2021-08-19T11:36:30+00:00","dateModified":"2026-01-30T11:09:36+00:00","mainEntityOfPage":{"@id":"https:\/\/lebenshilfe-dillenburg.de\/leicht\/mehr-sichtbarkeit-von-menschen-mit-behinderung\/"},"wordCount":451,"publisher":{"@id":"https:\/\/lebenshilfe-dillenburg.de\/leicht\/#organization"},"image":{"@id":"https:\/\/lebenshilfe-dillenburg.de\/leicht\/mehr-sichtbarkeit-von-menschen-mit-behinderung\/#primaryimage"},"thumbnailUrl":"https:\/\/lebenshilfe-dillenburg.de\/wp-content\/uploads\/lebenshilfe-dillenburg-besuch-gruppenfoto.jpg","articleSection":["Meldungen"],"inLanguage":"de"},{"@type":"WebPage","@id":"https:\/\/lebenshilfe-dillenburg.de\/leicht\/mehr-sichtbarkeit-von-menschen-mit-behinderung\/","url":"https:\/\/lebenshilfe-dillenburg.de\/leicht\/mehr-sichtbarkeit-von-menschen-mit-behinderung\/","name":"\"Mehr Sichtbarkeit von Menschen mit Behinderung\" - Lebenshilfe Dillenburg e.V.","isPartOf":{"@id":"https:\/\/lebenshilfe-dillenburg.de\/leicht\/#website"},"primaryImageOfPage":{"@id":"https:\/\/lebenshilfe-dillenburg.de\/leicht\/mehr-sichtbarkeit-von-menschen-mit-behinderung\/#primaryimage"},"image":{"@id":"https:\/\/lebenshilfe-dillenburg.de\/leicht\/mehr-sichtbarkeit-von-menschen-mit-behinderung\/#primaryimage"},"thumbnailUrl":"https:\/\/lebenshilfe-dillenburg.de\/wp-content\/uploads\/lebenshilfe-dillenburg-besuch-gruppenfoto.jpg","datePublished":"2021-08-19T11:36:30+00:00","dateModified":"2026-01-30T11:09:36+00:00","breadcrumb":{"@id":"https:\/\/lebenshilfe-dillenburg.de\/leicht\/mehr-sichtbarkeit-von-menschen-mit-behinderung\/#breadcrumb"},"inLanguage":"de","potentialAction":[{"@type":"ReadAction","target":["https:\/\/lebenshilfe-dillenburg.de\/leicht\/mehr-sichtbarkeit-von-menschen-mit-behinderung\/"]}]},{"@type":"ImageObject","inLanguage":"de","@id":"https:\/\/lebenshilfe-dillenburg.de\/leicht\/mehr-sichtbarkeit-von-menschen-mit-behinderung\/#primaryimage","url":"https:\/\/lebenshilfe-dillenburg.de\/wp-content\/uploads\/lebenshilfe-dillenburg-besuch-gruppenfoto.jpg","contentUrl":"https:\/\/lebenshilfe-dillenburg.de\/wp-content\/uploads\/lebenshilfe-dillenburg-besuch-gruppenfoto.jpg","width":1500,"height":1000,"caption":"Dagmar Schmidt (l.) und Ulla Schmidt (3.v.l.) haben gemeinsam mit Wolfgang Schuster (2.v.l.) und Cirsten Kunz (r.) die Lebenshilfe Dillenburg (hier mit Dr. Oliver Schmitzer (4.v.l.) und Sascha Kirchhoff) besucht. (Foto: Holtfoth)"},{"@type":"BreadcrumbList","@id":"https:\/\/lebenshilfe-dillenburg.de\/leicht\/mehr-sichtbarkeit-von-menschen-mit-behinderung\/#breadcrumb","itemListElement":[{"@type":"ListItem","position":1,"name":"Startseite der Lebenshilfe Dillenburg","item":"https:\/\/lebenshilfe-dillenburg.de\/leicht\/"},{"@type":"ListItem","position":2,"name":"&#8222;Mehr Sichtbarkeit von Menschen mit Behinderung&#8220;"}]},{"@type":"WebSite","@id":"https:\/\/lebenshilfe-dillenburg.de\/leicht\/#website","url":"https:\/\/lebenshilfe-dillenburg.de\/leicht\/","name":"Lebenshilfe Dillenburg \u2013 Teilhabe & Unterst\u00fctzung im Lahn-Dill-Kreis","description":"","publisher":{"@id":"https:\/\/lebenshilfe-dillenburg.de\/leicht\/#organization"},"potentialAction":[{"@type":"SearchAction","target":{"@type":"EntryPoint","urlTemplate":"https:\/\/lebenshilfe-dillenburg.de\/leicht\/?s={search_term_string}"},"query-input":{"@type":"PropertyValueSpecification","valueRequired":true,"valueName":"search_term_string"}}],"inLanguage":"de"},{"@type":"Organization","@id":"https:\/\/lebenshilfe-dillenburg.de\/leicht\/#organization","name":"Lebenshilfe Dillenburg e.V.","url":"https:\/\/lebenshilfe-dillenburg.de\/leicht\/","logo":{"@type":"ImageObject","inLanguage":"de","@id":"https:\/\/lebenshilfe-dillenburg.de\/leicht\/#\/schema\/logo\/image\/","url":"https:\/\/lebenshilfe-dillenburg.de\/wp-content\/uploads\/lebenshilfe-dillenburg-desktop.webp","contentUrl":"https:\/\/lebenshilfe-dillenburg.de\/wp-content\/uploads\/lebenshilfe-dillenburg-desktop.webp","width":461,"height":202,"caption":"Lebenshilfe Dillenburg e.V."},"image":{"@id":"https:\/\/lebenshilfe-dillenburg.de\/leicht\/#\/schema\/logo\/image\/"},"sameAs":["https:\/\/www.facebook.com\/lebenshilfedillenburg\/","https:\/\/www.instagram.com\/lebenshilfe_dillenburg\/"]},{"@type":"Person","@id":"https:\/\/lebenshilfe-dillenburg.de\/leicht\/#\/schema\/person\/b6c52dad8d881b49213c3345a7cd5efe","name":"Conny Holtfoth","sameAs":["http:\/\/lebenshilfe-dillenburg.de"],"url":"https:\/\/lebenshilfe-dillenburg.de\/leicht\/author\/conny\/"}]}},"taxonomy_info":{"category":[{"value":53,"label":"Meldungen"}]},"featured_image_src_large":["https:\/\/lebenshilfe-dillenburg.de\/wp-content\/uploads\/lebenshilfe-dillenburg-besuch-gruppenfoto-1920x1280.jpg",1366,911,true],"author_info":{"display_name":"Conny Holtfoth","author_link":"https:\/\/lebenshilfe-dillenburg.de\/leicht\/author\/conny\/"},"comment_info":0,"category_info":[{"term_id":53,"name":"Meldungen","slug":"meldungen","term_group":0,"term_taxonomy_id":53,"taxonomy":"category","description":"","parent":0,"count":127,"filter":"raw","term_order":"5","cat_ID":53,"category_count":127,"category_description":"","cat_name":"Meldungen","category_nicename":"meldungen","category_parent":0}],"tag_info":false,"_links":{"self":[{"href":"https:\/\/lebenshilfe-dillenburg.de\/leicht\/wp-json\/wp\/v2\/posts\/3305","targetHints":{"allow":["GET"]}}],"collection":[{"href":"https:\/\/lebenshilfe-dillenburg.de\/leicht\/wp-json\/wp\/v2\/posts"}],"about":[{"href":"https:\/\/lebenshilfe-dillenburg.de\/leicht\/wp-json\/wp\/v2\/types\/post"}],"author":[{"embeddable":true,"href":"https:\/\/lebenshilfe-dillenburg.de\/leicht\/wp-json\/wp\/v2\/users\/4"}],"replies":[{"embeddable":true,"href":"https:\/\/lebenshilfe-dillenburg.de\/leicht\/wp-json\/wp\/v2\/comments?post=3305"}],"version-history":[{"count":0,"href":"https:\/\/lebenshilfe-dillenburg.de\/leicht\/wp-json\/wp\/v2\/posts\/3305\/revisions"}],"wp:featuredmedia":[{"embeddable":true,"href":"https:\/\/lebenshilfe-dillenburg.de\/leicht\/wp-json\/wp\/v2\/media\/7503"}],"wp:attachment":[{"href":"https:\/\/lebenshilfe-dillenburg.de\/leicht\/wp-json\/wp\/v2\/media?parent=3305"}],"wp:term":[{"taxonomy":"category","embeddable":true,"href":"https:\/\/lebenshilfe-dillenburg.de\/leicht\/wp-json\/wp\/v2\/categories?post=3305"},{"taxonomy":"post_tag","embeddable":true,"href":"https:\/\/lebenshilfe-dillenburg.de\/leicht\/wp-json\/wp\/v2\/tags?post=3305"}],"curies":[{"name":"wp","href":"https:\/\/api.w.org\/{rel}","templated":true}]}}