{"id":3356,"date":"2021-09-13T10:41:36","date_gmt":"2021-09-13T08:41:36","guid":{"rendered":"https:\/\/www.lebenshilfe-dillenburg.de\/?p=3356"},"modified":"2026-01-30T12:09:36","modified_gmt":"2026-01-30T11:09:36","slug":"bundestagswahl-jede-stimme-ist-wichtig","status":"publish","type":"post","link":"https:\/\/lebenshilfe-dillenburg.de\/leicht\/bundestagswahl-jede-stimme-ist-wichtig\/","title":{"rendered":"Bundestagswahl: &#8222;Jede Stimme ist wichtig&#8220;"},"content":{"rendered":"<p>Sascha Ernst und Marlies Repp \u2013 zwei Menschen von bundesweit 85.000, die in diesem Jahr erstmals bei der Bundestagswahl stimmberechtigt sind.<!--more--><\/p>\n<p>38 Fragen. Mietbremse. Steuern. Impfpatente. Kohleausstieg. Werkstatt-Gruppenleiter Johannes Krauss geht sie Schritt f\u00fcr Schritt mit seinem Betreuten Sascha Ernst am Wahl-O-Maten durch. Erkl\u00e4rt, wenn Formulierungen zu kompliziert sind.<\/p>\n<p>Politik interessiert den 45-j\u00e4hrigen Werkstattbesch\u00e4ftigten. \u201eJeden Tag schaue ich Nachrichten, da kriege ich viel mit\u201c, sagt er. Wen er w\u00e4hlen will, wei\u00df er noch nicht. \u201eOft kommt bei unserer Politik am Ende ja immer nur das Gleiche heraus.\u201c<\/p>\n<p>Doch seine Stimme z\u00e4hlt am 26. September. Nach vielen Jahren, in denen Menschen mit Behinderungen kein Kreuz setzen durften. Bis 2019 durften sie nicht an Wahlen teilnehmen. Ausschlusskriterium war bis dahin die umfassende Betreuung in allen Lebenslagen. Nun ist es ihnen durch die Gesetzes\u00e4nderung m\u00f6glich \u2013 bei Bedarf mit Unterst\u00fctzung einer Wahlassistenz.<\/p>\n<p>Eine Wahlassistenz braucht der Werkstattbesch\u00e4ftigte nicht, aber Entscheidungshilfe. Daher klickt er sich durch den Wahl-O-Maten. Klare Meinungen hat er zu allen Themen. Etwa: \u201eParteien sollen keine Spenden erhalten. Da sollte lieber mal mehr an die Lebenshilfe gespendet werden.\u201c Eine Sache ist ihm besonders wichtig: \u201eGleichheit. Dass keine Unterschiede zwischen den Menschen gemacht werden. Das habe ich von meinem Vater gelernt.\u201c<\/p>\n<figure id=\"attachment_3357\" aria-describedby=\"caption-attachment-3357\" style=\"width: 600px\" class=\"wp-caption alignnone\"><img loading=\"lazy\" decoding=\"async\" class=\"size-medium wp-image-3357\" src=\"https:\/\/lebenshilfe-dillenburg.de\/wp-content\/uploads\/2021\/09\/img-3644-600x400.jpg\" alt=\"\" width=\"600\" height=\"400\" \/><figcaption id=\"caption-attachment-3357\" class=\"wp-caption-text\">Sascha Ernst hat klare Meinungen zu politischen Themen. (Foto: Holtfoth)<\/figcaption><\/figure>\n<p>Ernst ist in diesem Jahr im Wahlvorstand zur Wahl des Werkstattrats t\u00e4tig, in dem er selbst \u00fcber viele Jahre hinweg aktiv war. Auf viele Jahre im Werkstattrat blickt auch Marlies Repp zur\u00fcck. Die 61-J\u00e4hrige ist seit 2011 Mitglied dieses Gremiums, zieht sich aber in diesem Jahr gesundheitsbedingt zur\u00fcck. Die Aufgabe im Werkstattrat lag ihr stets sehr am Herzen: \u201eIch habe mich immer schon gern f\u00fcr Menschen und ihre Anliegen eingesetzt.\u201c<\/p>\n<p>Dass Menschen mit Behinderung viele Jahre lang nicht wahlberechtigt waren, kann sie nicht nachvollziehen. \u201eIch finde es schade, dass Menschen wie ich vorher nicht ber\u00fccksichtigt wurden.\u201c Was sich die Besch\u00e4ftigte der Werkstatt Flammersbach von Politik und Gesellschaft w\u00fcnscht: \u201eMenschen mit Behinderung m\u00fcssen mehr wahrgenommen und eingebunden werden.\u201c\u00a0 Ein wichtiges Anliegen ist ihr die Barrierefreiheit \u2013 sowohl sprachlich als auch baulich. Dar\u00fcber hinaus interessiert sie sich sehr daf\u00fcr, \u201ewie es nach der Wahl in Sachen Rente, Mehrwertsteuer und Arbeitslosengeld weitergeht\u201c.<\/p>\n<p>Ihr Kreuzchen hat sie bereits gesetzt \u2013 per Briefwahl. \u201eNat\u00fcrlich w\u00e4hle ich. Denn jede Stimme ist wichtig.\u201c<\/p>\n<figure id=\"attachment_3358\" aria-describedby=\"caption-attachment-3358\" style=\"width: 600px\" class=\"wp-caption alignnone\"><img loading=\"lazy\" decoding=\"async\" class=\"size-medium wp-image-3358\" src=\"https:\/\/lebenshilfe-dillenburg.de\/wp-content\/uploads\/2021\/09\/img-3799-600x418.jpg\" alt=\"\" width=\"600\" height=\"418\" \/><figcaption id=\"caption-attachment-3358\" class=\"wp-caption-text\">Marlies Repp war viele Jahre im Werkstattrat aktiv. Ihr Kreuzchen f\u00fcr die Bundestagswahl hat sie per Briefwahl bereits gesetzt. (Foto: Holtfoth)<\/figcaption><\/figure>\n","protected":false},"excerpt":{"rendered":"<p>Sascha Ernst und Marlies Repp \u2013 zwei Menschen von bundesweit 85.000, die in diesem Jahr erstmals bei der Bundestagswahl stimmberechtigt sind.<\/p>\n","protected":false},"author":4,"featured_media":7511,"comment_status":"closed","ping_status":"closed","sticky":false,"template":"","format":"standard","meta":{"_acf_changed":false,"_gspb_post_css":"","_kad_blocks_custom_css":"","_kad_blocks_head_custom_js":"","_kad_blocks_body_custom_js":"","_kad_blocks_footer_custom_js":"","_kad_post_transparent":"","_kad_post_title":"","_kad_post_layout":"","_kad_post_sidebar_id":"","_kad_post_content_style":"","_kad_post_vertical_padding":"","_kad_post_feature":"","_kad_post_feature_position":"","_kad_post_header":false,"_kad_post_footer":false,"_kad_post_classname":"","footnotes":""},"categories":[53],"tags":[],"class_list":["post-3356","post","type-post","status-publish","format-standard","has-post-thumbnail","hentry","category-meldungen"],"acf":[],"yoast_head":"<!-- This site is optimized with the Yoast SEO plugin v27.5 - https:\/\/yoast.com\/product\/yoast-seo-wordpress\/ -->\n<title>Bundestagswahl: &quot;Jede Stimme ist wichtig&quot; - Lebenshilfe Dillenburg e.V.<\/title>\n<meta name=\"robots\" content=\"index, follow, max-snippet:-1, max-image-preview:large, max-video-preview:-1\" \/>\n<link rel=\"canonical\" href=\"https:\/\/lebenshilfe-dillenburg.de\/leicht\/bundestagswahl-jede-stimme-ist-wichtig\/\" \/>\n<meta property=\"og:locale\" content=\"de_DE\" \/>\n<meta property=\"og:type\" content=\"article\" \/>\n<meta property=\"og:title\" content=\"Bundestagswahl: &quot;Jede Stimme ist wichtig&quot; - Lebenshilfe Dillenburg e.V.\" \/>\n<meta property=\"og:description\" content=\"Sascha Ernst und Marlies Repp \u2013 zwei Menschen von bundesweit 85.000, die in diesem Jahr erstmals bei der Bundestagswahl stimmberechtigt sind.\" \/>\n<meta property=\"og:url\" content=\"https:\/\/lebenshilfe-dillenburg.de\/leicht\/bundestagswahl-jede-stimme-ist-wichtig\/\" \/>\n<meta property=\"og:site_name\" content=\"Lebenshilfe Dillenburg e.V.\" \/>\n<meta property=\"article:publisher\" content=\"https:\/\/www.facebook.com\/lebenshilfedillenburg\/\" \/>\n<meta property=\"article:published_time\" content=\"2021-09-13T08:41:36+00:00\" \/>\n<meta property=\"article:modified_time\" content=\"2026-01-30T11:09:36+00:00\" \/>\n<meta property=\"og:image\" content=\"https:\/\/lebenshilfe-dillenburg.de\/wp-content\/uploads\/jede-stimme-ist-wichtig-img-3743-768x439.png\" \/>\n\t<meta property=\"og:image:width\" content=\"768\" \/>\n\t<meta property=\"og:image:height\" content=\"439\" \/>\n\t<meta property=\"og:image:type\" content=\"image\/png\" \/>\n<meta name=\"author\" content=\"Conny Holtfoth\" \/>\n<meta name=\"twitter:card\" content=\"summary_large_image\" \/>\n<meta name=\"twitter:label1\" content=\"Geschrieben von\" \/>\n\t<meta name=\"twitter:data1\" content=\"Conny Holtfoth\" \/>\n\t<meta name=\"twitter:label2\" content=\"Gesch\u00e4tzte Lesezeit\" \/>\n\t<meta name=\"twitter:data2\" content=\"2\u00a0Minuten\" \/>\n<script type=\"application\/ld+json\" class=\"yoast-schema-graph\">{\"@context\":\"https:\\\/\\\/schema.org\",\"@graph\":[{\"@type\":\"Article\",\"@id\":\"https:\\\/\\\/lebenshilfe-dillenburg.de\\\/leicht\\\/bundestagswahl-jede-stimme-ist-wichtig\\\/#article\",\"isPartOf\":{\"@id\":\"https:\\\/\\\/lebenshilfe-dillenburg.de\\\/leicht\\\/bundestagswahl-jede-stimme-ist-wichtig\\\/\"},\"author\":{\"name\":\"Conny Holtfoth\",\"@id\":\"https:\\\/\\\/lebenshilfe-dillenburg.de\\\/leicht\\\/#\\\/schema\\\/person\\\/b6c52dad8d881b49213c3345a7cd5efe\"},\"headline\":\"Bundestagswahl: &#8222;Jede Stimme ist wichtig&#8220;\",\"datePublished\":\"2021-09-13T08:41:36+00:00\",\"dateModified\":\"2026-01-30T11:09:36+00:00\",\"mainEntityOfPage\":{\"@id\":\"https:\\\/\\\/lebenshilfe-dillenburg.de\\\/leicht\\\/bundestagswahl-jede-stimme-ist-wichtig\\\/\"},\"wordCount\":430,\"publisher\":{\"@id\":\"https:\\\/\\\/lebenshilfe-dillenburg.de\\\/leicht\\\/#organization\"},\"image\":{\"@id\":\"https:\\\/\\\/lebenshilfe-dillenburg.de\\\/leicht\\\/bundestagswahl-jede-stimme-ist-wichtig\\\/#primaryimage\"},\"thumbnailUrl\":\"https:\\\/\\\/lebenshilfe-dillenburg.de\\\/wp-content\\\/uploads\\\/wahl-o-mat-am-arbeitsplatz-mit-maske.png\",\"articleSection\":[\"Meldungen\"],\"inLanguage\":\"de\"},{\"@type\":\"WebPage\",\"@id\":\"https:\\\/\\\/lebenshilfe-dillenburg.de\\\/leicht\\\/bundestagswahl-jede-stimme-ist-wichtig\\\/\",\"url\":\"https:\\\/\\\/lebenshilfe-dillenburg.de\\\/leicht\\\/bundestagswahl-jede-stimme-ist-wichtig\\\/\",\"name\":\"Bundestagswahl: \\\"Jede Stimme ist wichtig\\\" - Lebenshilfe Dillenburg e.V.\",\"isPartOf\":{\"@id\":\"https:\\\/\\\/lebenshilfe-dillenburg.de\\\/leicht\\\/#website\"},\"primaryImageOfPage\":{\"@id\":\"https:\\\/\\\/lebenshilfe-dillenburg.de\\\/leicht\\\/bundestagswahl-jede-stimme-ist-wichtig\\\/#primaryimage\"},\"image\":{\"@id\":\"https:\\\/\\\/lebenshilfe-dillenburg.de\\\/leicht\\\/bundestagswahl-jede-stimme-ist-wichtig\\\/#primaryimage\"},\"thumbnailUrl\":\"https:\\\/\\\/lebenshilfe-dillenburg.de\\\/wp-content\\\/uploads\\\/wahl-o-mat-am-arbeitsplatz-mit-maske.png\",\"datePublished\":\"2021-09-13T08:41:36+00:00\",\"dateModified\":\"2026-01-30T11:09:36+00:00\",\"breadcrumb\":{\"@id\":\"https:\\\/\\\/lebenshilfe-dillenburg.de\\\/leicht\\\/bundestagswahl-jede-stimme-ist-wichtig\\\/#breadcrumb\"},\"inLanguage\":\"de\",\"potentialAction\":[{\"@type\":\"ReadAction\",\"target\":[\"https:\\\/\\\/lebenshilfe-dillenburg.de\\\/leicht\\\/bundestagswahl-jede-stimme-ist-wichtig\\\/\"]}]},{\"@type\":\"ImageObject\",\"inLanguage\":\"de\",\"@id\":\"https:\\\/\\\/lebenshilfe-dillenburg.de\\\/leicht\\\/bundestagswahl-jede-stimme-ist-wichtig\\\/#primaryimage\",\"url\":\"https:\\\/\\\/lebenshilfe-dillenburg.de\\\/wp-content\\\/uploads\\\/wahl-o-mat-am-arbeitsplatz-mit-maske.png\",\"contentUrl\":\"https:\\\/\\\/lebenshilfe-dillenburg.de\\\/wp-content\\\/uploads\\\/wahl-o-mat-am-arbeitsplatz-mit-maske.png\",\"width\":1500,\"height\":858,\"caption\":\"Gemeinsam mit seinem Gruppenleiter Johannes Krauss klickt sich Sascha Ernst durch den Wahl-O-Maten. (Foto: Holtfoth)\"},{\"@type\":\"BreadcrumbList\",\"@id\":\"https:\\\/\\\/lebenshilfe-dillenburg.de\\\/leicht\\\/bundestagswahl-jede-stimme-ist-wichtig\\\/#breadcrumb\",\"itemListElement\":[{\"@type\":\"ListItem\",\"position\":1,\"name\":\"Startseite der Lebenshilfe Dillenburg\",\"item\":\"https:\\\/\\\/lebenshilfe-dillenburg.de\\\/leicht\\\/\"},{\"@type\":\"ListItem\",\"position\":2,\"name\":\"Bundestagswahl: &#8222;Jede Stimme ist wichtig&#8220;\"}]},{\"@type\":\"WebSite\",\"@id\":\"https:\\\/\\\/lebenshilfe-dillenburg.de\\\/leicht\\\/#website\",\"url\":\"https:\\\/\\\/lebenshilfe-dillenburg.de\\\/leicht\\\/\",\"name\":\"Lebenshilfe Dillenburg \u2013 Teilhabe & Unterst\u00fctzung im Lahn-Dill-Kreis\",\"description\":\"\",\"publisher\":{\"@id\":\"https:\\\/\\\/lebenshilfe-dillenburg.de\\\/leicht\\\/#organization\"},\"potentialAction\":[{\"@type\":\"SearchAction\",\"target\":{\"@type\":\"EntryPoint\",\"urlTemplate\":\"https:\\\/\\\/lebenshilfe-dillenburg.de\\\/leicht\\\/?s={search_term_string}\"},\"query-input\":{\"@type\":\"PropertyValueSpecification\",\"valueRequired\":true,\"valueName\":\"search_term_string\"}}],\"inLanguage\":\"de\"},{\"@type\":\"Organization\",\"@id\":\"https:\\\/\\\/lebenshilfe-dillenburg.de\\\/leicht\\\/#organization\",\"name\":\"Lebenshilfe Dillenburg e.V.\",\"url\":\"https:\\\/\\\/lebenshilfe-dillenburg.de\\\/leicht\\\/\",\"logo\":{\"@type\":\"ImageObject\",\"inLanguage\":\"de\",\"@id\":\"https:\\\/\\\/lebenshilfe-dillenburg.de\\\/leicht\\\/#\\\/schema\\\/logo\\\/image\\\/\",\"url\":\"https:\\\/\\\/lebenshilfe-dillenburg.de\\\/wp-content\\\/uploads\\\/lebenshilfe-dillenburg-desktop.webp\",\"contentUrl\":\"https:\\\/\\\/lebenshilfe-dillenburg.de\\\/wp-content\\\/uploads\\\/lebenshilfe-dillenburg-desktop.webp\",\"width\":461,\"height\":202,\"caption\":\"Lebenshilfe Dillenburg e.V.\"},\"image\":{\"@id\":\"https:\\\/\\\/lebenshilfe-dillenburg.de\\\/leicht\\\/#\\\/schema\\\/logo\\\/image\\\/\"},\"sameAs\":[\"https:\\\/\\\/www.facebook.com\\\/lebenshilfedillenburg\\\/\",\"https:\\\/\\\/www.instagram.com\\\/lebenshilfe_dillenburg\\\/\"]},{\"@type\":\"Person\",\"@id\":\"https:\\\/\\\/lebenshilfe-dillenburg.de\\\/leicht\\\/#\\\/schema\\\/person\\\/b6c52dad8d881b49213c3345a7cd5efe\",\"name\":\"Conny Holtfoth\",\"sameAs\":[\"http:\\\/\\\/lebenshilfe-dillenburg.de\"],\"url\":\"https:\\\/\\\/lebenshilfe-dillenburg.de\\\/leicht\\\/author\\\/conny\\\/\"}]}<\/script>\n<!-- \/ Yoast SEO plugin. -->","yoast_head_json":{"title":"Bundestagswahl: \"Jede Stimme ist wichtig\" - Lebenshilfe Dillenburg e.V.","robots":{"index":"index","follow":"follow","max-snippet":"max-snippet:-1","max-image-preview":"max-image-preview:large","max-video-preview":"max-video-preview:-1"},"canonical":"https:\/\/lebenshilfe-dillenburg.de\/leicht\/bundestagswahl-jede-stimme-ist-wichtig\/","og_locale":"de_DE","og_type":"article","og_title":"Bundestagswahl: \"Jede Stimme ist wichtig\" - Lebenshilfe Dillenburg e.V.","og_description":"Sascha Ernst und Marlies Repp \u2013 zwei Menschen von bundesweit 85.000, die in diesem Jahr erstmals bei der Bundestagswahl stimmberechtigt sind.","og_url":"https:\/\/lebenshilfe-dillenburg.de\/leicht\/bundestagswahl-jede-stimme-ist-wichtig\/","og_site_name":"Lebenshilfe Dillenburg e.V.","article_publisher":"https:\/\/www.facebook.com\/lebenshilfedillenburg\/","article_published_time":"2021-09-13T08:41:36+00:00","article_modified_time":"2026-01-30T11:09:36+00:00","og_image":[{"width":768,"height":439,"url":"https:\/\/lebenshilfe-dillenburg.de\/wp-content\/uploads\/jede-stimme-ist-wichtig-img-3743-768x439.png","type":"image\/png"}],"author":"Conny Holtfoth","twitter_card":"summary_large_image","twitter_misc":{"Geschrieben von":"Conny Holtfoth","Gesch\u00e4tzte Lesezeit":"2\u00a0Minuten"},"schema":{"@context":"https:\/\/schema.org","@graph":[{"@type":"Article","@id":"https:\/\/lebenshilfe-dillenburg.de\/leicht\/bundestagswahl-jede-stimme-ist-wichtig\/#article","isPartOf":{"@id":"https:\/\/lebenshilfe-dillenburg.de\/leicht\/bundestagswahl-jede-stimme-ist-wichtig\/"},"author":{"name":"Conny Holtfoth","@id":"https:\/\/lebenshilfe-dillenburg.de\/leicht\/#\/schema\/person\/b6c52dad8d881b49213c3345a7cd5efe"},"headline":"Bundestagswahl: &#8222;Jede Stimme ist wichtig&#8220;","datePublished":"2021-09-13T08:41:36+00:00","dateModified":"2026-01-30T11:09:36+00:00","mainEntityOfPage":{"@id":"https:\/\/lebenshilfe-dillenburg.de\/leicht\/bundestagswahl-jede-stimme-ist-wichtig\/"},"wordCount":430,"publisher":{"@id":"https:\/\/lebenshilfe-dillenburg.de\/leicht\/#organization"},"image":{"@id":"https:\/\/lebenshilfe-dillenburg.de\/leicht\/bundestagswahl-jede-stimme-ist-wichtig\/#primaryimage"},"thumbnailUrl":"https:\/\/lebenshilfe-dillenburg.de\/wp-content\/uploads\/wahl-o-mat-am-arbeitsplatz-mit-maske.png","articleSection":["Meldungen"],"inLanguage":"de"},{"@type":"WebPage","@id":"https:\/\/lebenshilfe-dillenburg.de\/leicht\/bundestagswahl-jede-stimme-ist-wichtig\/","url":"https:\/\/lebenshilfe-dillenburg.de\/leicht\/bundestagswahl-jede-stimme-ist-wichtig\/","name":"Bundestagswahl: \"Jede Stimme ist wichtig\" - Lebenshilfe Dillenburg e.V.","isPartOf":{"@id":"https:\/\/lebenshilfe-dillenburg.de\/leicht\/#website"},"primaryImageOfPage":{"@id":"https:\/\/lebenshilfe-dillenburg.de\/leicht\/bundestagswahl-jede-stimme-ist-wichtig\/#primaryimage"},"image":{"@id":"https:\/\/lebenshilfe-dillenburg.de\/leicht\/bundestagswahl-jede-stimme-ist-wichtig\/#primaryimage"},"thumbnailUrl":"https:\/\/lebenshilfe-dillenburg.de\/wp-content\/uploads\/wahl-o-mat-am-arbeitsplatz-mit-maske.png","datePublished":"2021-09-13T08:41:36+00:00","dateModified":"2026-01-30T11:09:36+00:00","breadcrumb":{"@id":"https:\/\/lebenshilfe-dillenburg.de\/leicht\/bundestagswahl-jede-stimme-ist-wichtig\/#breadcrumb"},"inLanguage":"de","potentialAction":[{"@type":"ReadAction","target":["https:\/\/lebenshilfe-dillenburg.de\/leicht\/bundestagswahl-jede-stimme-ist-wichtig\/"]}]},{"@type":"ImageObject","inLanguage":"de","@id":"https:\/\/lebenshilfe-dillenburg.de\/leicht\/bundestagswahl-jede-stimme-ist-wichtig\/#primaryimage","url":"https:\/\/lebenshilfe-dillenburg.de\/wp-content\/uploads\/wahl-o-mat-am-arbeitsplatz-mit-maske.png","contentUrl":"https:\/\/lebenshilfe-dillenburg.de\/wp-content\/uploads\/wahl-o-mat-am-arbeitsplatz-mit-maske.png","width":1500,"height":858,"caption":"Gemeinsam mit seinem Gruppenleiter Johannes Krauss klickt sich Sascha Ernst durch den Wahl-O-Maten. (Foto: Holtfoth)"},{"@type":"BreadcrumbList","@id":"https:\/\/lebenshilfe-dillenburg.de\/leicht\/bundestagswahl-jede-stimme-ist-wichtig\/#breadcrumb","itemListElement":[{"@type":"ListItem","position":1,"name":"Startseite der Lebenshilfe Dillenburg","item":"https:\/\/lebenshilfe-dillenburg.de\/leicht\/"},{"@type":"ListItem","position":2,"name":"Bundestagswahl: &#8222;Jede Stimme ist wichtig&#8220;"}]},{"@type":"WebSite","@id":"https:\/\/lebenshilfe-dillenburg.de\/leicht\/#website","url":"https:\/\/lebenshilfe-dillenburg.de\/leicht\/","name":"Lebenshilfe Dillenburg \u2013 Teilhabe & Unterst\u00fctzung im Lahn-Dill-Kreis","description":"","publisher":{"@id":"https:\/\/lebenshilfe-dillenburg.de\/leicht\/#organization"},"potentialAction":[{"@type":"SearchAction","target":{"@type":"EntryPoint","urlTemplate":"https:\/\/lebenshilfe-dillenburg.de\/leicht\/?s={search_term_string}"},"query-input":{"@type":"PropertyValueSpecification","valueRequired":true,"valueName":"search_term_string"}}],"inLanguage":"de"},{"@type":"Organization","@id":"https:\/\/lebenshilfe-dillenburg.de\/leicht\/#organization","name":"Lebenshilfe Dillenburg e.V.","url":"https:\/\/lebenshilfe-dillenburg.de\/leicht\/","logo":{"@type":"ImageObject","inLanguage":"de","@id":"https:\/\/lebenshilfe-dillenburg.de\/leicht\/#\/schema\/logo\/image\/","url":"https:\/\/lebenshilfe-dillenburg.de\/wp-content\/uploads\/lebenshilfe-dillenburg-desktop.webp","contentUrl":"https:\/\/lebenshilfe-dillenburg.de\/wp-content\/uploads\/lebenshilfe-dillenburg-desktop.webp","width":461,"height":202,"caption":"Lebenshilfe Dillenburg e.V."},"image":{"@id":"https:\/\/lebenshilfe-dillenburg.de\/leicht\/#\/schema\/logo\/image\/"},"sameAs":["https:\/\/www.facebook.com\/lebenshilfedillenburg\/","https:\/\/www.instagram.com\/lebenshilfe_dillenburg\/"]},{"@type":"Person","@id":"https:\/\/lebenshilfe-dillenburg.de\/leicht\/#\/schema\/person\/b6c52dad8d881b49213c3345a7cd5efe","name":"Conny Holtfoth","sameAs":["http:\/\/lebenshilfe-dillenburg.de"],"url":"https:\/\/lebenshilfe-dillenburg.de\/leicht\/author\/conny\/"}]}},"taxonomy_info":{"category":[{"value":53,"label":"Meldungen"}]},"featured_image_src_large":["https:\/\/lebenshilfe-dillenburg.de\/wp-content\/uploads\/wahl-o-mat-am-arbeitsplatz-mit-maske-1920x1098.png",1366,781,true],"author_info":{"display_name":"Conny Holtfoth","author_link":"https:\/\/lebenshilfe-dillenburg.de\/leicht\/author\/conny\/"},"comment_info":0,"category_info":[{"term_id":53,"name":"Meldungen","slug":"meldungen","term_group":0,"term_taxonomy_id":53,"taxonomy":"category","description":"","parent":0,"count":127,"filter":"raw","term_order":"5","cat_ID":53,"category_count":127,"category_description":"","cat_name":"Meldungen","category_nicename":"meldungen","category_parent":0}],"tag_info":false,"_links":{"self":[{"href":"https:\/\/lebenshilfe-dillenburg.de\/leicht\/wp-json\/wp\/v2\/posts\/3356","targetHints":{"allow":["GET"]}}],"collection":[{"href":"https:\/\/lebenshilfe-dillenburg.de\/leicht\/wp-json\/wp\/v2\/posts"}],"about":[{"href":"https:\/\/lebenshilfe-dillenburg.de\/leicht\/wp-json\/wp\/v2\/types\/post"}],"author":[{"embeddable":true,"href":"https:\/\/lebenshilfe-dillenburg.de\/leicht\/wp-json\/wp\/v2\/users\/4"}],"replies":[{"embeddable":true,"href":"https:\/\/lebenshilfe-dillenburg.de\/leicht\/wp-json\/wp\/v2\/comments?post=3356"}],"version-history":[{"count":0,"href":"https:\/\/lebenshilfe-dillenburg.de\/leicht\/wp-json\/wp\/v2\/posts\/3356\/revisions"}],"wp:featuredmedia":[{"embeddable":true,"href":"https:\/\/lebenshilfe-dillenburg.de\/leicht\/wp-json\/wp\/v2\/media\/7511"}],"wp:attachment":[{"href":"https:\/\/lebenshilfe-dillenburg.de\/leicht\/wp-json\/wp\/v2\/media?parent=3356"}],"wp:term":[{"taxonomy":"category","embeddable":true,"href":"https:\/\/lebenshilfe-dillenburg.de\/leicht\/wp-json\/wp\/v2\/categories?post=3356"},{"taxonomy":"post_tag","embeddable":true,"href":"https:\/\/lebenshilfe-dillenburg.de\/leicht\/wp-json\/wp\/v2\/tags?post=3356"}],"curies":[{"name":"wp","href":"https:\/\/api.w.org\/{rel}","templated":true}]}}