{"id":3474,"date":"2021-12-03T11:17:49","date_gmt":"2021-12-03T10:17:49","guid":{"rendered":"https:\/\/www.lebenshilfe-dillenburg.de\/?p=3474"},"modified":"2026-01-30T12:09:36","modified_gmt":"2026-01-30T11:09:36","slug":"veraenderungen-in-der-lebenshilfe-stiftung","status":"publish","type":"post","link":"https:\/\/lebenshilfe-dillenburg.de\/leicht\/veraenderungen-in-der-lebenshilfe-stiftung\/","title":{"rendered":"Ver\u00e4nderungen in der Lebenshilfe-Stiftung"},"content":{"rendered":"<p>Die Zeichen stehen auf Ver\u00e4nderung bei der Stiftung der Lebenshilfe Dillenburg. So ergaben sich am vergangenen Dienstag bei der gemeinsamen Sitzung von Stiftungsvorstand und -rat verschiedene Positionsverschiebungen und -neubesetzungen. Neue Gesichter in der Stiftung: Jochen M\u00fcller als stellvertretender Stiftungsvorstand und Pia Graf als Beisitzerin im Stiftungsrat.<!--more--><\/p>\n<p>Die Pandemie hatte die turnusgem\u00e4\u00dfen Wahlen im vergangenen Jahr vereitelt, j\u00fcngste Entwicklungen haben eine Neuausrichtung jedoch unabdingbar gemacht. So erhielt die Lebenshilfe Dillenburg die traurige Nachricht, dass am 20. September unerwartet J\u00fcrgen Schwehn, Vorsitzender des Stiftungsvorstands, verstorben ist. \u201eJ\u00fcrgen Schwehn war seit 2012 im Stiftungsrat und seit 2017 als Vorsitzender des Stiftungsvorstands t\u00e4tig. Wir vermissen ihn sehr\u201c, sagte J\u00fcrgen Raab, der das Amt von Schwehn vorerst \u00fcbernehmen wird. Jedoch nur bis zum 30. Juni. Denn nach 40-j\u00e4hriger ehrenamtlicher T\u00e4tigkeit f\u00fcr die Lebenshilfe Dillenburg \u2013 Raab ist zugleich Aufsichtsratsvorsitzender des Vereins \u2013 m\u00f6chte er im Sommer kommenden Jahres alle \u00c4mter niederlegen. \u00a0Als Stiftungsvorstandsstellvertreter ist Jochen M\u00fcller aus Manderbach hinzugekommen, der 35-j\u00e4hrige Berufserfahrung als Bankkaufmann mitbringt.<\/p>\n<p>Eine weitere vakante Stelle, die nachzubesetzen war, ist die von Eberhard Lehr, der aus Altersgr\u00fcnden zum Jahresende aus seinem Amt des Stiftungsratsmitglieds ausscheiden m\u00f6chte. \u201eWir alle haben Verst\u00e4ndnis f\u00fcr diese Entscheidung, auch weil die meisten von uns wissen, dass Eberhard Lehr sich \u00fcber viele Jahre hinweg ehrenamtlich f\u00fcr die Lebenshilfe Dillenburg engagiert hat &#8211; und zwar im Verein und in der Stiftung Lebenshilfe Dillenburg\u201c, merkte Raab an. Von 2004 bis 2017 war Lehr im Vorstand bzw. im Aufsichtsrat des Vereins Lebenshilfe Dillenburg t\u00e4tig, dar\u00fcber hinaus von 2010 bis 2011 stellvertretender Aufsichtsratsvorsitzender. Seit 15 Jahren wirkte er in der Stiftung mit, zun\u00e4chst im Stiftungsrat und von 2012 bis 2017 im Stiftungsvorstand als Vorsitzender.\u00a0 Seitdem war er als Beisitzer im Stiftungsrat aktiv. Diese Position \u00fcbernimmt nun Pia Graf aus Arborn, die zugleich Mitglied im Aufsichtsrat des Vereins ist. Alle weiteren Mitglieder wurden in ihren bisherigen Positionen best\u00e4tigt. So ist Karlheinz Welsch weiterhin Mitglied im Stiftungsvorstand, Vincenz Heiliger f\u00fchrt den Stiftungsrat an, vertreten von Uta Kasper-Sa\u00dfmannshausen. Dr. Horst Heinzel und G\u00f6tz Konrad fungieren als Beisitzer.<\/p>\n<p>Menschen mit Behinderungen eine lebenswerte Zukunft sichern und die Arbeit des Vereins nachhaltig f\u00f6rdern \u2013 das hat sich die Stiftung Lebenshilfe Dillenburg, gegr\u00fcndet im Oktober 1997, zum Ziel gesetzt. Sie ist eine selbstst\u00e4ndige Stiftung des b\u00fcrgerlichen Rechts und verfolgt ausschlie\u00dflich gemeinn\u00fctzige Zwecke zum Wohle der Menschen mit Behinderung im n\u00f6rdlichen Lahn-Dill-Kreis. \u201eF\u00fcr alle, die eine langfristige und andauernde F\u00f6rderung der Lebenshilfe-Arbeit anstreben, ist eine Zustiftung zum Stiftungsverm\u00f6gen der richtige Weg\u201c, betonte Raab. Diese Zustiftung kann in Form einer Einmalzahlung erfolgen, dar\u00fcber hinaus gibt es jedoch auch die M\u00f6glichkeit, die Stiftung im Testament zu bedenken. Ein Verm\u00e4chtnis zugunsten der Stiftung der Lebenshilfe Dillenburg ist eine M\u00f6glichkeit, Gutes \u00fcber den Tod hinaus zu tun und so die Betreuung von Menschen mit Behinderungen wirksam und langfristig zu sichern. Zustiftung statt Geschenken, etwa bei Geburtstagsfeiern \u2013 das w\u00e4re laut Raab zudem ein sch\u00f6ner Gedanke, um die Stiftung zu unterst\u00fctzen. \u201eGerade in Zeiten wie diesen, in denen uns der Niedrigzins zu schaffen macht und wir pandemiebedingt keine Benefizveranstaltungen planen k\u00f6nnen, sind wir als Stiftung auf Unterst\u00fctzung angewiesen\u201c, so Raab.<\/p>\n","protected":false},"excerpt":{"rendered":"<p>Die Zeichen stehen auf Ver\u00e4nderung bei der Stiftung der Lebenshilfe Dillenburg. So ergaben sich am vergangenen Dienstag bei der gemeinsamen Sitzung von Stiftungsvorstand und -rat verschiedene Positionsverschiebungen und -neubesetzungen. Neue Gesichter in der Stiftung: Jochen M\u00fcller als stellvertretender Stiftungsvorstand und Pia Graf als Beisitzerin im Stiftungsrat.<\/p>\n","protected":false},"author":4,"featured_media":7521,"comment_status":"closed","ping_status":"closed","sticky":false,"template":"","format":"standard","meta":{"_acf_changed":false,"_gspb_post_css":"","_kad_blocks_custom_css":"","_kad_blocks_head_custom_js":"","_kad_blocks_body_custom_js":"","_kad_blocks_footer_custom_js":"","_kad_post_transparent":"","_kad_post_title":"","_kad_post_layout":"","_kad_post_sidebar_id":"","_kad_post_content_style":"","_kad_post_vertical_padding":"","_kad_post_feature":"","_kad_post_feature_position":"","_kad_post_header":false,"_kad_post_footer":false,"_kad_post_classname":"","footnotes":""},"categories":[53],"tags":[],"class_list":["post-3474","post","type-post","status-publish","format-standard","has-post-thumbnail","hentry","category-meldungen"],"acf":[],"yoast_head":"<!-- This site is optimized with the Yoast SEO plugin v27.5 - https:\/\/yoast.com\/product\/yoast-seo-wordpress\/ -->\n<title>Ver\u00e4nderungen in der Lebenshilfe-Stiftung - Lebenshilfe Dillenburg e.V.<\/title>\n<meta name=\"robots\" content=\"index, follow, max-snippet:-1, max-image-preview:large, max-video-preview:-1\" \/>\n<link rel=\"canonical\" href=\"https:\/\/lebenshilfe-dillenburg.de\/leicht\/veraenderungen-in-der-lebenshilfe-stiftung\/\" \/>\n<meta property=\"og:locale\" content=\"de_DE\" \/>\n<meta property=\"og:type\" content=\"article\" \/>\n<meta property=\"og:title\" content=\"Ver\u00e4nderungen in der Lebenshilfe-Stiftung - Lebenshilfe Dillenburg e.V.\" \/>\n<meta property=\"og:description\" content=\"Die Zeichen stehen auf Ver\u00e4nderung bei der Stiftung der Lebenshilfe Dillenburg. So ergaben sich am vergangenen Dienstag bei der gemeinsamen Sitzung von Stiftungsvorstand und -rat verschiedene Positionsverschiebungen und -neubesetzungen. Neue Gesichter in der Stiftung: Jochen M\u00fcller als stellvertretender Stiftungsvorstand und Pia Graf als Beisitzerin im Stiftungsrat.\" \/>\n<meta property=\"og:url\" content=\"https:\/\/lebenshilfe-dillenburg.de\/leicht\/veraenderungen-in-der-lebenshilfe-stiftung\/\" \/>\n<meta property=\"og:site_name\" content=\"Lebenshilfe Dillenburg e.V.\" \/>\n<meta property=\"article:publisher\" content=\"https:\/\/www.facebook.com\/lebenshilfedillenburg\/\" \/>\n<meta property=\"article:published_time\" content=\"2021-12-03T10:17:49+00:00\" \/>\n<meta property=\"article:modified_time\" content=\"2026-01-30T11:09:36+00:00\" \/>\n<meta property=\"og:image\" content=\"https:\/\/lebenshilfe-dillenburg.de\/wp-content\/uploads\/stiftung-scaled-1.jpg\" \/>\n\t<meta property=\"og:image:width\" content=\"2560\" \/>\n\t<meta property=\"og:image:height\" content=\"1920\" \/>\n\t<meta property=\"og:image:type\" content=\"image\/jpeg\" \/>\n<meta name=\"author\" content=\"Conny Holtfoth\" \/>\n<meta name=\"twitter:card\" content=\"summary_large_image\" \/>\n<meta name=\"twitter:label1\" content=\"Geschrieben von\" \/>\n\t<meta name=\"twitter:data1\" content=\"Conny Holtfoth\" \/>\n\t<meta name=\"twitter:label2\" content=\"Gesch\u00e4tzte Lesezeit\" \/>\n\t<meta name=\"twitter:data2\" content=\"3\u00a0Minuten\" \/>\n<script type=\"application\/ld+json\" class=\"yoast-schema-graph\">{\"@context\":\"https:\\\/\\\/schema.org\",\"@graph\":[{\"@type\":\"Article\",\"@id\":\"https:\\\/\\\/lebenshilfe-dillenburg.de\\\/leicht\\\/veraenderungen-in-der-lebenshilfe-stiftung\\\/#article\",\"isPartOf\":{\"@id\":\"https:\\\/\\\/lebenshilfe-dillenburg.de\\\/leicht\\\/veraenderungen-in-der-lebenshilfe-stiftung\\\/\"},\"author\":{\"name\":\"Conny Holtfoth\",\"@id\":\"https:\\\/\\\/lebenshilfe-dillenburg.de\\\/leicht\\\/#\\\/schema\\\/person\\\/b6c52dad8d881b49213c3345a7cd5efe\"},\"headline\":\"Ver\u00e4nderungen in der Lebenshilfe-Stiftung\",\"datePublished\":\"2021-12-03T10:17:49+00:00\",\"dateModified\":\"2026-01-30T11:09:36+00:00\",\"mainEntityOfPage\":{\"@id\":\"https:\\\/\\\/lebenshilfe-dillenburg.de\\\/leicht\\\/veraenderungen-in-der-lebenshilfe-stiftung\\\/\"},\"wordCount\":540,\"publisher\":{\"@id\":\"https:\\\/\\\/lebenshilfe-dillenburg.de\\\/leicht\\\/#organization\"},\"image\":{\"@id\":\"https:\\\/\\\/lebenshilfe-dillenburg.de\\\/leicht\\\/veraenderungen-in-der-lebenshilfe-stiftung\\\/#primaryimage\"},\"thumbnailUrl\":\"https:\\\/\\\/lebenshilfe-dillenburg.de\\\/wp-content\\\/uploads\\\/stiftung-vorstand-wahlen-gruppenfoto.jpg\",\"articleSection\":[\"Meldungen\"],\"inLanguage\":\"de\"},{\"@type\":\"WebPage\",\"@id\":\"https:\\\/\\\/lebenshilfe-dillenburg.de\\\/leicht\\\/veraenderungen-in-der-lebenshilfe-stiftung\\\/\",\"url\":\"https:\\\/\\\/lebenshilfe-dillenburg.de\\\/leicht\\\/veraenderungen-in-der-lebenshilfe-stiftung\\\/\",\"name\":\"Ver\u00e4nderungen in der Lebenshilfe-Stiftung - Lebenshilfe Dillenburg e.V.\",\"isPartOf\":{\"@id\":\"https:\\\/\\\/lebenshilfe-dillenburg.de\\\/leicht\\\/#website\"},\"primaryImageOfPage\":{\"@id\":\"https:\\\/\\\/lebenshilfe-dillenburg.de\\\/leicht\\\/veraenderungen-in-der-lebenshilfe-stiftung\\\/#primaryimage\"},\"image\":{\"@id\":\"https:\\\/\\\/lebenshilfe-dillenburg.de\\\/leicht\\\/veraenderungen-in-der-lebenshilfe-stiftung\\\/#primaryimage\"},\"thumbnailUrl\":\"https:\\\/\\\/lebenshilfe-dillenburg.de\\\/wp-content\\\/uploads\\\/stiftung-vorstand-wahlen-gruppenfoto.jpg\",\"datePublished\":\"2021-12-03T10:17:49+00:00\",\"dateModified\":\"2026-01-30T11:09:36+00:00\",\"breadcrumb\":{\"@id\":\"https:\\\/\\\/lebenshilfe-dillenburg.de\\\/leicht\\\/veraenderungen-in-der-lebenshilfe-stiftung\\\/#breadcrumb\"},\"inLanguage\":\"de\",\"potentialAction\":[{\"@type\":\"ReadAction\",\"target\":[\"https:\\\/\\\/lebenshilfe-dillenburg.de\\\/leicht\\\/veraenderungen-in-der-lebenshilfe-stiftung\\\/\"]}]},{\"@type\":\"ImageObject\",\"inLanguage\":\"de\",\"@id\":\"https:\\\/\\\/lebenshilfe-dillenburg.de\\\/leicht\\\/veraenderungen-in-der-lebenshilfe-stiftung\\\/#primaryimage\",\"url\":\"https:\\\/\\\/lebenshilfe-dillenburg.de\\\/wp-content\\\/uploads\\\/stiftung-vorstand-wahlen-gruppenfoto.jpg\",\"contentUrl\":\"https:\\\/\\\/lebenshilfe-dillenburg.de\\\/wp-content\\\/uploads\\\/stiftung-vorstand-wahlen-gruppenfoto.jpg\",\"width\":1440,\"height\":1080,\"caption\":\"Nach den Wahlen (v.l.): J\u00fcrgen Raab (Vorsitzender des Stiftungsvorstands), Pia Graf (Beisitzerin im Stiftungsrat), Karlheinz Welsch (Mitglied im Stiftungsvorstand), Uta Kasper-Sa\u00dfmannshausen (stellvertretende Vorsitzende Stiftungsrat), Jochen M\u00fcller (stellvertretender Stiftungvorstandsvorsitzender), Eberhard Lehr (ausscheidendes Mitglied im Stiftungsrat) und Vincenz Heiliger (Vorsitzender des Stiftungsrats). (Foto C. Burk)\"},{\"@type\":\"BreadcrumbList\",\"@id\":\"https:\\\/\\\/lebenshilfe-dillenburg.de\\\/leicht\\\/veraenderungen-in-der-lebenshilfe-stiftung\\\/#breadcrumb\",\"itemListElement\":[{\"@type\":\"ListItem\",\"position\":1,\"name\":\"Startseite der Lebenshilfe Dillenburg\",\"item\":\"https:\\\/\\\/lebenshilfe-dillenburg.de\\\/leicht\\\/\"},{\"@type\":\"ListItem\",\"position\":2,\"name\":\"Ver\u00e4nderungen in der Lebenshilfe-Stiftung\"}]},{\"@type\":\"WebSite\",\"@id\":\"https:\\\/\\\/lebenshilfe-dillenburg.de\\\/leicht\\\/#website\",\"url\":\"https:\\\/\\\/lebenshilfe-dillenburg.de\\\/leicht\\\/\",\"name\":\"Lebenshilfe Dillenburg \u2013 Teilhabe & Unterst\u00fctzung im Lahn-Dill-Kreis\",\"description\":\"\",\"publisher\":{\"@id\":\"https:\\\/\\\/lebenshilfe-dillenburg.de\\\/leicht\\\/#organization\"},\"potentialAction\":[{\"@type\":\"SearchAction\",\"target\":{\"@type\":\"EntryPoint\",\"urlTemplate\":\"https:\\\/\\\/lebenshilfe-dillenburg.de\\\/leicht\\\/?s={search_term_string}\"},\"query-input\":{\"@type\":\"PropertyValueSpecification\",\"valueRequired\":true,\"valueName\":\"search_term_string\"}}],\"inLanguage\":\"de\"},{\"@type\":\"Organization\",\"@id\":\"https:\\\/\\\/lebenshilfe-dillenburg.de\\\/leicht\\\/#organization\",\"name\":\"Lebenshilfe Dillenburg e.V.\",\"url\":\"https:\\\/\\\/lebenshilfe-dillenburg.de\\\/leicht\\\/\",\"logo\":{\"@type\":\"ImageObject\",\"inLanguage\":\"de\",\"@id\":\"https:\\\/\\\/lebenshilfe-dillenburg.de\\\/leicht\\\/#\\\/schema\\\/logo\\\/image\\\/\",\"url\":\"https:\\\/\\\/lebenshilfe-dillenburg.de\\\/wp-content\\\/uploads\\\/lebenshilfe-dillenburg-desktop.webp\",\"contentUrl\":\"https:\\\/\\\/lebenshilfe-dillenburg.de\\\/wp-content\\\/uploads\\\/lebenshilfe-dillenburg-desktop.webp\",\"width\":461,\"height\":202,\"caption\":\"Lebenshilfe Dillenburg e.V.\"},\"image\":{\"@id\":\"https:\\\/\\\/lebenshilfe-dillenburg.de\\\/leicht\\\/#\\\/schema\\\/logo\\\/image\\\/\"},\"sameAs\":[\"https:\\\/\\\/www.facebook.com\\\/lebenshilfedillenburg\\\/\",\"https:\\\/\\\/www.instagram.com\\\/lebenshilfe_dillenburg\\\/\"]},{\"@type\":\"Person\",\"@id\":\"https:\\\/\\\/lebenshilfe-dillenburg.de\\\/leicht\\\/#\\\/schema\\\/person\\\/b6c52dad8d881b49213c3345a7cd5efe\",\"name\":\"Conny Holtfoth\",\"sameAs\":[\"http:\\\/\\\/lebenshilfe-dillenburg.de\"],\"url\":\"https:\\\/\\\/lebenshilfe-dillenburg.de\\\/leicht\\\/author\\\/conny\\\/\"}]}<\/script>\n<!-- \/ Yoast SEO plugin. -->","yoast_head_json":{"title":"Ver\u00e4nderungen in der Lebenshilfe-Stiftung - Lebenshilfe Dillenburg e.V.","robots":{"index":"index","follow":"follow","max-snippet":"max-snippet:-1","max-image-preview":"max-image-preview:large","max-video-preview":"max-video-preview:-1"},"canonical":"https:\/\/lebenshilfe-dillenburg.de\/leicht\/veraenderungen-in-der-lebenshilfe-stiftung\/","og_locale":"de_DE","og_type":"article","og_title":"Ver\u00e4nderungen in der Lebenshilfe-Stiftung - Lebenshilfe Dillenburg e.V.","og_description":"Die Zeichen stehen auf Ver\u00e4nderung bei der Stiftung der Lebenshilfe Dillenburg. So ergaben sich am vergangenen Dienstag bei der gemeinsamen Sitzung von Stiftungsvorstand und -rat verschiedene Positionsverschiebungen und -neubesetzungen. Neue Gesichter in der Stiftung: Jochen M\u00fcller als stellvertretender Stiftungsvorstand und Pia Graf als Beisitzerin im Stiftungsrat.","og_url":"https:\/\/lebenshilfe-dillenburg.de\/leicht\/veraenderungen-in-der-lebenshilfe-stiftung\/","og_site_name":"Lebenshilfe Dillenburg e.V.","article_publisher":"https:\/\/www.facebook.com\/lebenshilfedillenburg\/","article_published_time":"2021-12-03T10:17:49+00:00","article_modified_time":"2026-01-30T11:09:36+00:00","og_image":[{"width":2560,"height":1920,"url":"https:\/\/lebenshilfe-dillenburg.de\/wp-content\/uploads\/stiftung-scaled-1.jpg","type":"image\/jpeg"}],"author":"Conny Holtfoth","twitter_card":"summary_large_image","twitter_misc":{"Geschrieben von":"Conny Holtfoth","Gesch\u00e4tzte Lesezeit":"3\u00a0Minuten"},"schema":{"@context":"https:\/\/schema.org","@graph":[{"@type":"Article","@id":"https:\/\/lebenshilfe-dillenburg.de\/leicht\/veraenderungen-in-der-lebenshilfe-stiftung\/#article","isPartOf":{"@id":"https:\/\/lebenshilfe-dillenburg.de\/leicht\/veraenderungen-in-der-lebenshilfe-stiftung\/"},"author":{"name":"Conny Holtfoth","@id":"https:\/\/lebenshilfe-dillenburg.de\/leicht\/#\/schema\/person\/b6c52dad8d881b49213c3345a7cd5efe"},"headline":"Ver\u00e4nderungen in der Lebenshilfe-Stiftung","datePublished":"2021-12-03T10:17:49+00:00","dateModified":"2026-01-30T11:09:36+00:00","mainEntityOfPage":{"@id":"https:\/\/lebenshilfe-dillenburg.de\/leicht\/veraenderungen-in-der-lebenshilfe-stiftung\/"},"wordCount":540,"publisher":{"@id":"https:\/\/lebenshilfe-dillenburg.de\/leicht\/#organization"},"image":{"@id":"https:\/\/lebenshilfe-dillenburg.de\/leicht\/veraenderungen-in-der-lebenshilfe-stiftung\/#primaryimage"},"thumbnailUrl":"https:\/\/lebenshilfe-dillenburg.de\/wp-content\/uploads\/stiftung-vorstand-wahlen-gruppenfoto.jpg","articleSection":["Meldungen"],"inLanguage":"de"},{"@type":"WebPage","@id":"https:\/\/lebenshilfe-dillenburg.de\/leicht\/veraenderungen-in-der-lebenshilfe-stiftung\/","url":"https:\/\/lebenshilfe-dillenburg.de\/leicht\/veraenderungen-in-der-lebenshilfe-stiftung\/","name":"Ver\u00e4nderungen in der Lebenshilfe-Stiftung - Lebenshilfe Dillenburg e.V.","isPartOf":{"@id":"https:\/\/lebenshilfe-dillenburg.de\/leicht\/#website"},"primaryImageOfPage":{"@id":"https:\/\/lebenshilfe-dillenburg.de\/leicht\/veraenderungen-in-der-lebenshilfe-stiftung\/#primaryimage"},"image":{"@id":"https:\/\/lebenshilfe-dillenburg.de\/leicht\/veraenderungen-in-der-lebenshilfe-stiftung\/#primaryimage"},"thumbnailUrl":"https:\/\/lebenshilfe-dillenburg.de\/wp-content\/uploads\/stiftung-vorstand-wahlen-gruppenfoto.jpg","datePublished":"2021-12-03T10:17:49+00:00","dateModified":"2026-01-30T11:09:36+00:00","breadcrumb":{"@id":"https:\/\/lebenshilfe-dillenburg.de\/leicht\/veraenderungen-in-der-lebenshilfe-stiftung\/#breadcrumb"},"inLanguage":"de","potentialAction":[{"@type":"ReadAction","target":["https:\/\/lebenshilfe-dillenburg.de\/leicht\/veraenderungen-in-der-lebenshilfe-stiftung\/"]}]},{"@type":"ImageObject","inLanguage":"de","@id":"https:\/\/lebenshilfe-dillenburg.de\/leicht\/veraenderungen-in-der-lebenshilfe-stiftung\/#primaryimage","url":"https:\/\/lebenshilfe-dillenburg.de\/wp-content\/uploads\/stiftung-vorstand-wahlen-gruppenfoto.jpg","contentUrl":"https:\/\/lebenshilfe-dillenburg.de\/wp-content\/uploads\/stiftung-vorstand-wahlen-gruppenfoto.jpg","width":1440,"height":1080,"caption":"Nach den Wahlen (v.l.): J\u00fcrgen Raab (Vorsitzender des Stiftungsvorstands), Pia Graf (Beisitzerin im Stiftungsrat), Karlheinz Welsch (Mitglied im Stiftungsvorstand), Uta Kasper-Sa\u00dfmannshausen (stellvertretende Vorsitzende Stiftungsrat), Jochen M\u00fcller (stellvertretender Stiftungvorstandsvorsitzender), Eberhard Lehr (ausscheidendes Mitglied im Stiftungsrat) und Vincenz Heiliger (Vorsitzender des Stiftungsrats). (Foto C. Burk)"},{"@type":"BreadcrumbList","@id":"https:\/\/lebenshilfe-dillenburg.de\/leicht\/veraenderungen-in-der-lebenshilfe-stiftung\/#breadcrumb","itemListElement":[{"@type":"ListItem","position":1,"name":"Startseite der Lebenshilfe Dillenburg","item":"https:\/\/lebenshilfe-dillenburg.de\/leicht\/"},{"@type":"ListItem","position":2,"name":"Ver\u00e4nderungen in der Lebenshilfe-Stiftung"}]},{"@type":"WebSite","@id":"https:\/\/lebenshilfe-dillenburg.de\/leicht\/#website","url":"https:\/\/lebenshilfe-dillenburg.de\/leicht\/","name":"Lebenshilfe Dillenburg \u2013 Teilhabe & Unterst\u00fctzung im Lahn-Dill-Kreis","description":"","publisher":{"@id":"https:\/\/lebenshilfe-dillenburg.de\/leicht\/#organization"},"potentialAction":[{"@type":"SearchAction","target":{"@type":"EntryPoint","urlTemplate":"https:\/\/lebenshilfe-dillenburg.de\/leicht\/?s={search_term_string}"},"query-input":{"@type":"PropertyValueSpecification","valueRequired":true,"valueName":"search_term_string"}}],"inLanguage":"de"},{"@type":"Organization","@id":"https:\/\/lebenshilfe-dillenburg.de\/leicht\/#organization","name":"Lebenshilfe Dillenburg e.V.","url":"https:\/\/lebenshilfe-dillenburg.de\/leicht\/","logo":{"@type":"ImageObject","inLanguage":"de","@id":"https:\/\/lebenshilfe-dillenburg.de\/leicht\/#\/schema\/logo\/image\/","url":"https:\/\/lebenshilfe-dillenburg.de\/wp-content\/uploads\/lebenshilfe-dillenburg-desktop.webp","contentUrl":"https:\/\/lebenshilfe-dillenburg.de\/wp-content\/uploads\/lebenshilfe-dillenburg-desktop.webp","width":461,"height":202,"caption":"Lebenshilfe Dillenburg e.V."},"image":{"@id":"https:\/\/lebenshilfe-dillenburg.de\/leicht\/#\/schema\/logo\/image\/"},"sameAs":["https:\/\/www.facebook.com\/lebenshilfedillenburg\/","https:\/\/www.instagram.com\/lebenshilfe_dillenburg\/"]},{"@type":"Person","@id":"https:\/\/lebenshilfe-dillenburg.de\/leicht\/#\/schema\/person\/b6c52dad8d881b49213c3345a7cd5efe","name":"Conny Holtfoth","sameAs":["http:\/\/lebenshilfe-dillenburg.de"],"url":"https:\/\/lebenshilfe-dillenburg.de\/leicht\/author\/conny\/"}]}},"taxonomy_info":{"category":[{"value":53,"label":"Meldungen"}]},"featured_image_src_large":["https:\/\/lebenshilfe-dillenburg.de\/wp-content\/uploads\/stiftung-vorstand-wahlen-gruppenfoto-1920x1440.jpg",1366,1025,true],"author_info":{"display_name":"Conny Holtfoth","author_link":"https:\/\/lebenshilfe-dillenburg.de\/leicht\/author\/conny\/"},"comment_info":0,"category_info":[{"term_id":53,"name":"Meldungen","slug":"meldungen","term_group":0,"term_taxonomy_id":53,"taxonomy":"category","description":"","parent":0,"count":127,"filter":"raw","term_order":"5","cat_ID":53,"category_count":127,"category_description":"","cat_name":"Meldungen","category_nicename":"meldungen","category_parent":0}],"tag_info":false,"_links":{"self":[{"href":"https:\/\/lebenshilfe-dillenburg.de\/leicht\/wp-json\/wp\/v2\/posts\/3474","targetHints":{"allow":["GET"]}}],"collection":[{"href":"https:\/\/lebenshilfe-dillenburg.de\/leicht\/wp-json\/wp\/v2\/posts"}],"about":[{"href":"https:\/\/lebenshilfe-dillenburg.de\/leicht\/wp-json\/wp\/v2\/types\/post"}],"author":[{"embeddable":true,"href":"https:\/\/lebenshilfe-dillenburg.de\/leicht\/wp-json\/wp\/v2\/users\/4"}],"replies":[{"embeddable":true,"href":"https:\/\/lebenshilfe-dillenburg.de\/leicht\/wp-json\/wp\/v2\/comments?post=3474"}],"version-history":[{"count":0,"href":"https:\/\/lebenshilfe-dillenburg.de\/leicht\/wp-json\/wp\/v2\/posts\/3474\/revisions"}],"wp:featuredmedia":[{"embeddable":true,"href":"https:\/\/lebenshilfe-dillenburg.de\/leicht\/wp-json\/wp\/v2\/media\/7521"}],"wp:attachment":[{"href":"https:\/\/lebenshilfe-dillenburg.de\/leicht\/wp-json\/wp\/v2\/media?parent=3474"}],"wp:term":[{"taxonomy":"category","embeddable":true,"href":"https:\/\/lebenshilfe-dillenburg.de\/leicht\/wp-json\/wp\/v2\/categories?post=3474"},{"taxonomy":"post_tag","embeddable":true,"href":"https:\/\/lebenshilfe-dillenburg.de\/leicht\/wp-json\/wp\/v2\/tags?post=3474"}],"curies":[{"name":"wp","href":"https:\/\/api.w.org\/{rel}","templated":true}]}}