{"id":3741,"date":"2022-07-12T13:05:24","date_gmt":"2022-07-12T11:05:24","guid":{"rendered":"https:\/\/www.lebenshilfe-dillenburg.de\/?p=3741"},"modified":"2026-01-30T12:09:38","modified_gmt":"2026-01-30T11:09:38","slug":"ein-tag-im-betreuten-wohnen","status":"publish","type":"post","link":"https:\/\/lebenshilfe-dillenburg.de\/leicht\/ein-tag-im-betreuten-wohnen\/","title":{"rendered":"Ein Tag im Betreuten Wohnen"},"content":{"rendered":"<p>\u201eEinfach mal \u00fcber den eigenen Tellerrand hinausschauen und diese Eindr\u00fccke mit meinen Sch\u00fclerinnen und Sch\u00fclern teilen.\u201c Frank Schr\u00f6ter, Lehrer an der H\u00f6heren Berufsfachschule f\u00fcr Sozialassistenz an den Gewerblichen Schulen Dillenburg, hat einen Tag lang Lebenshilfe-Mitarbeiter Sascha Kirchhoff bei der Arbeit begleitet.<!--more--><\/p>\n<p>Kirchhoff arbeitet im Betreuten Wohnen der Lebenshilfe Dillenburg. \u201eDer beste Job der Welt, aber auch einer der anstrengendsten\u201c, wie er sagt. Denn: Kein Tag ist wie der andere. Das Betreute Wohnen ist ein ambulantes Betreuungsangebot f\u00fcr Menschen mit geistigen, psychischen oder k\u00f6rperlichen Behinderungen, die mit individueller Unterst\u00fctzung in der Lage sind, ihren Lebensalltag zu meistern. Sie in Krisen und Konflikten zu unterst\u00fctzen und zu st\u00e4rken, bei Beh\u00f6rdeng\u00e4ngen, Arztbesuchen und der Haushaltsf\u00fchrung zu begleiten, fester Ansprechpartner zu sein \u2013 all das erfordert eine intensive Beziehungsarbeit.<\/p>\n<p>\u201eIch erlebe das hier als einen enorm vielseitigen Job, der sehr nah am Menschen ist\u201c, sagt Schr\u00f6ter, ich der auch an der Fachschule f\u00fcr Sozialwesen Schwerpunkt Sozialp\u00e4dagogik unterrichtet. Er erlebt an diesem Tag vier verschiedene Betreute \u2013 alle mit unterschiedlichen Problemen und Anliegen. Diese werden zum Beispiel bei einem gemeinsamen Spaziergang besprochen.<\/p>\n<p>Im B\u00fcro der Wohnbereichszentrale hatte es zuvor ein gro\u00dfes Hallo gegeben, als Schr\u00f6ter dort auf einige seiner ehemaligen Sch\u00fclerinnen und Sch\u00fcler traf, die inzwischen bei der Lebenshilfe besch\u00e4ftigt sind. Seine jetzigen Sch\u00fclerinnen und Sch\u00fcler seien sehr von der Pandemie gebeutelt, erz\u00e4hlte Schr\u00f6ter. Insbesondere auf die Klassen der Unterstufe habe die Pandemie Auswirkungen gehabt \u2013 auf die Psyche, aber auch auf die pers\u00f6nliche und berufliche Orientierung. \u201eDaher hoffe ich, dass wir die Kooperation zwischen Lebenshilfe Dillenburg und Gewerblichen Schulen weiter beleben k\u00f6nnen\u201c, so Schr\u00f6ter.<\/p>\n<p><a href=\"https:\/\/lebenshilfe-dillenburg.de\/wp-content\/uploads\/zwei-maenner-auf-wanderweg-im-gruenen.jpg\"><img loading=\"lazy\" decoding=\"async\" class=\"alignnone size-medium wp-image-3744\" src=\"https:\/\/lebenshilfe-dillenburg.de\/wp-content\/uploads\/2022\/07\/img-4070-450x600.jpg\" alt=\"\" width=\"450\" height=\"600\" \/><\/a><\/p>\n","protected":false},"excerpt":{"rendered":"<p>\u201eEinfach mal \u00fcber den eigenen Tellerrand hinausschauen und diese Eindr\u00fccke mit meinen Sch\u00fclerinnen und Sch\u00fclern teilen.\u201c Frank Schr\u00f6ter, Lehrer an der H\u00f6heren Berufsfachschule f\u00fcr Sozialassistenz an den Gewerblichen Schulen Dillenburg, hat einen Tag lang Lebenshilfe-Mitarbeiter Sascha Kirchhoff bei der Arbeit begleitet.<\/p>\n","protected":false},"author":4,"featured_media":3743,"comment_status":"closed","ping_status":"closed","sticky":false,"template":"","format":"standard","meta":{"_acf_changed":false,"_gspb_post_css":"","_kad_blocks_custom_css":"","_kad_blocks_head_custom_js":"","_kad_blocks_body_custom_js":"","_kad_blocks_footer_custom_js":"","_kad_post_transparent":"","_kad_post_title":"","_kad_post_layout":"","_kad_post_sidebar_id":"","_kad_post_content_style":"","_kad_post_vertical_padding":"","_kad_post_feature":"","_kad_post_feature_position":"","_kad_post_header":false,"_kad_post_footer":false,"_kad_post_classname":"","footnotes":""},"categories":[52],"tags":[],"class_list":["post-3741","post","type-post","status-publish","format-standard","has-post-thumbnail","hentry","category-aktuelles"],"acf":[],"yoast_head":"<!-- This site is optimized with the Yoast SEO plugin v27.5 - https:\/\/yoast.com\/product\/yoast-seo-wordpress\/ -->\n<title>Ein Tag im Betreuten Wohnen - Lebenshilfe Dillenburg e.V.<\/title>\n<meta name=\"robots\" content=\"index, follow, max-snippet:-1, max-image-preview:large, max-video-preview:-1\" \/>\n<link rel=\"canonical\" href=\"https:\/\/lebenshilfe-dillenburg.de\/leicht\/ein-tag-im-betreuten-wohnen\/\" \/>\n<meta property=\"og:locale\" content=\"de_DE\" \/>\n<meta property=\"og:type\" content=\"article\" \/>\n<meta property=\"og:title\" content=\"Ein Tag im Betreuten Wohnen - Lebenshilfe Dillenburg e.V.\" \/>\n<meta property=\"og:description\" content=\"\u201eEinfach mal \u00fcber den eigenen Tellerrand hinausschauen und diese Eindr\u00fccke mit meinen Sch\u00fclerinnen und Sch\u00fclern teilen.\u201c Frank Schr\u00f6ter, Lehrer an der H\u00f6heren Berufsfachschule f\u00fcr Sozialassistenz an den Gewerblichen Schulen Dillenburg, hat einen Tag lang Lebenshilfe-Mitarbeiter Sascha Kirchhoff bei der Arbeit begleitet.\" \/>\n<meta property=\"og:url\" content=\"https:\/\/lebenshilfe-dillenburg.de\/leicht\/ein-tag-im-betreuten-wohnen\/\" \/>\n<meta property=\"og:site_name\" content=\"Lebenshilfe Dillenburg e.V.\" \/>\n<meta property=\"article:publisher\" content=\"https:\/\/www.facebook.com\/lebenshilfedillenburg\/\" \/>\n<meta property=\"article:published_time\" content=\"2022-07-12T11:05:24+00:00\" \/>\n<meta property=\"article:modified_time\" content=\"2026-01-30T11:09:38+00:00\" \/>\n<meta property=\"og:image\" content=\"https:\/\/lebenshilfe-dillenburg.de\/wp-content\/uploads\/img-4066-scaled-4.jpg\" \/>\n\t<meta property=\"og:image:width\" content=\"2560\" \/>\n\t<meta property=\"og:image:height\" content=\"1920\" \/>\n\t<meta property=\"og:image:type\" content=\"image\/jpeg\" \/>\n<meta name=\"author\" content=\"Conny Holtfoth\" \/>\n<meta name=\"twitter:card\" content=\"summary_large_image\" \/>\n<meta name=\"twitter:label1\" content=\"Geschrieben von\" \/>\n\t<meta name=\"twitter:data1\" content=\"Conny Holtfoth\" \/>\n\t<meta name=\"twitter:label2\" content=\"Gesch\u00e4tzte Lesezeit\" \/>\n\t<meta name=\"twitter:data2\" content=\"1\u00a0Minute\" \/>\n<script type=\"application\/ld+json\" class=\"yoast-schema-graph\">{\"@context\":\"https:\\\/\\\/schema.org\",\"@graph\":[{\"@type\":\"Article\",\"@id\":\"https:\\\/\\\/lebenshilfe-dillenburg.de\\\/leicht\\\/ein-tag-im-betreuten-wohnen\\\/#article\",\"isPartOf\":{\"@id\":\"https:\\\/\\\/lebenshilfe-dillenburg.de\\\/leicht\\\/ein-tag-im-betreuten-wohnen\\\/\"},\"author\":{\"name\":\"Conny Holtfoth\",\"@id\":\"https:\\\/\\\/lebenshilfe-dillenburg.de\\\/leicht\\\/#\\\/schema\\\/person\\\/b6c52dad8d881b49213c3345a7cd5efe\"},\"headline\":\"Ein Tag im Betreuten Wohnen\",\"datePublished\":\"2022-07-12T11:05:24+00:00\",\"dateModified\":\"2026-01-30T11:09:38+00:00\",\"mainEntityOfPage\":{\"@id\":\"https:\\\/\\\/lebenshilfe-dillenburg.de\\\/leicht\\\/ein-tag-im-betreuten-wohnen\\\/\"},\"wordCount\":292,\"publisher\":{\"@id\":\"https:\\\/\\\/lebenshilfe-dillenburg.de\\\/leicht\\\/#organization\"},\"image\":{\"@id\":\"https:\\\/\\\/lebenshilfe-dillenburg.de\\\/leicht\\\/ein-tag-im-betreuten-wohnen\\\/#primaryimage\"},\"thumbnailUrl\":\"https:\\\/\\\/lebenshilfe-dillenburg.de\\\/wp-content\\\/uploads\\\/betreutes-wohnen-ausflug-waldweg-drei-maenner.jpg\",\"articleSection\":[\"Aktuelles\"],\"inLanguage\":\"de\"},{\"@type\":\"WebPage\",\"@id\":\"https:\\\/\\\/lebenshilfe-dillenburg.de\\\/leicht\\\/ein-tag-im-betreuten-wohnen\\\/\",\"url\":\"https:\\\/\\\/lebenshilfe-dillenburg.de\\\/leicht\\\/ein-tag-im-betreuten-wohnen\\\/\",\"name\":\"Ein Tag im Betreuten Wohnen - Lebenshilfe Dillenburg e.V.\",\"isPartOf\":{\"@id\":\"https:\\\/\\\/lebenshilfe-dillenburg.de\\\/leicht\\\/#website\"},\"primaryImageOfPage\":{\"@id\":\"https:\\\/\\\/lebenshilfe-dillenburg.de\\\/leicht\\\/ein-tag-im-betreuten-wohnen\\\/#primaryimage\"},\"image\":{\"@id\":\"https:\\\/\\\/lebenshilfe-dillenburg.de\\\/leicht\\\/ein-tag-im-betreuten-wohnen\\\/#primaryimage\"},\"thumbnailUrl\":\"https:\\\/\\\/lebenshilfe-dillenburg.de\\\/wp-content\\\/uploads\\\/betreutes-wohnen-ausflug-waldweg-drei-maenner.jpg\",\"datePublished\":\"2022-07-12T11:05:24+00:00\",\"dateModified\":\"2026-01-30T11:09:38+00:00\",\"breadcrumb\":{\"@id\":\"https:\\\/\\\/lebenshilfe-dillenburg.de\\\/leicht\\\/ein-tag-im-betreuten-wohnen\\\/#breadcrumb\"},\"inLanguage\":\"de\",\"potentialAction\":[{\"@type\":\"ReadAction\",\"target\":[\"https:\\\/\\\/lebenshilfe-dillenburg.de\\\/leicht\\\/ein-tag-im-betreuten-wohnen\\\/\"]}]},{\"@type\":\"ImageObject\",\"inLanguage\":\"de\",\"@id\":\"https:\\\/\\\/lebenshilfe-dillenburg.de\\\/leicht\\\/ein-tag-im-betreuten-wohnen\\\/#primaryimage\",\"url\":\"https:\\\/\\\/lebenshilfe-dillenburg.de\\\/wp-content\\\/uploads\\\/betreutes-wohnen-ausflug-waldweg-drei-maenner.jpg\",\"contentUrl\":\"https:\\\/\\\/lebenshilfe-dillenburg.de\\\/wp-content\\\/uploads\\\/betreutes-wohnen-ausflug-waldweg-drei-maenner.jpg\",\"width\":1440,\"height\":1080,\"caption\":\"Ein Tag im Betreuten Wohnen. Frank Schr\u00f6ter (r.) begleitet Sascha Kirchhoff (l.) - hier mit Klient Stefan Heitz. (Foto: Holtfoth)\"},{\"@type\":\"BreadcrumbList\",\"@id\":\"https:\\\/\\\/lebenshilfe-dillenburg.de\\\/leicht\\\/ein-tag-im-betreuten-wohnen\\\/#breadcrumb\",\"itemListElement\":[{\"@type\":\"ListItem\",\"position\":1,\"name\":\"Startseite der Lebenshilfe Dillenburg\",\"item\":\"https:\\\/\\\/lebenshilfe-dillenburg.de\\\/leicht\\\/\"},{\"@type\":\"ListItem\",\"position\":2,\"name\":\"Ein Tag im Betreuten Wohnen\"}]},{\"@type\":\"WebSite\",\"@id\":\"https:\\\/\\\/lebenshilfe-dillenburg.de\\\/leicht\\\/#website\",\"url\":\"https:\\\/\\\/lebenshilfe-dillenburg.de\\\/leicht\\\/\",\"name\":\"Lebenshilfe Dillenburg \u2013 Teilhabe & Unterst\u00fctzung im Lahn-Dill-Kreis\",\"description\":\"\",\"publisher\":{\"@id\":\"https:\\\/\\\/lebenshilfe-dillenburg.de\\\/leicht\\\/#organization\"},\"potentialAction\":[{\"@type\":\"SearchAction\",\"target\":{\"@type\":\"EntryPoint\",\"urlTemplate\":\"https:\\\/\\\/lebenshilfe-dillenburg.de\\\/leicht\\\/?s={search_term_string}\"},\"query-input\":{\"@type\":\"PropertyValueSpecification\",\"valueRequired\":true,\"valueName\":\"search_term_string\"}}],\"inLanguage\":\"de\"},{\"@type\":\"Organization\",\"@id\":\"https:\\\/\\\/lebenshilfe-dillenburg.de\\\/leicht\\\/#organization\",\"name\":\"Lebenshilfe Dillenburg e.V.\",\"url\":\"https:\\\/\\\/lebenshilfe-dillenburg.de\\\/leicht\\\/\",\"logo\":{\"@type\":\"ImageObject\",\"inLanguage\":\"de\",\"@id\":\"https:\\\/\\\/lebenshilfe-dillenburg.de\\\/leicht\\\/#\\\/schema\\\/logo\\\/image\\\/\",\"url\":\"https:\\\/\\\/lebenshilfe-dillenburg.de\\\/wp-content\\\/uploads\\\/lebenshilfe-dillenburg-desktop.webp\",\"contentUrl\":\"https:\\\/\\\/lebenshilfe-dillenburg.de\\\/wp-content\\\/uploads\\\/lebenshilfe-dillenburg-desktop.webp\",\"width\":461,\"height\":202,\"caption\":\"Lebenshilfe Dillenburg e.V.\"},\"image\":{\"@id\":\"https:\\\/\\\/lebenshilfe-dillenburg.de\\\/leicht\\\/#\\\/schema\\\/logo\\\/image\\\/\"},\"sameAs\":[\"https:\\\/\\\/www.facebook.com\\\/lebenshilfedillenburg\\\/\",\"https:\\\/\\\/www.instagram.com\\\/lebenshilfe_dillenburg\\\/\"]},{\"@type\":\"Person\",\"@id\":\"https:\\\/\\\/lebenshilfe-dillenburg.de\\\/leicht\\\/#\\\/schema\\\/person\\\/b6c52dad8d881b49213c3345a7cd5efe\",\"name\":\"Conny Holtfoth\",\"sameAs\":[\"http:\\\/\\\/lebenshilfe-dillenburg.de\"],\"url\":\"https:\\\/\\\/lebenshilfe-dillenburg.de\\\/leicht\\\/author\\\/conny\\\/\"}]}<\/script>\n<!-- \/ Yoast SEO plugin. -->","yoast_head_json":{"title":"Ein Tag im Betreuten Wohnen - Lebenshilfe Dillenburg e.V.","robots":{"index":"index","follow":"follow","max-snippet":"max-snippet:-1","max-image-preview":"max-image-preview:large","max-video-preview":"max-video-preview:-1"},"canonical":"https:\/\/lebenshilfe-dillenburg.de\/leicht\/ein-tag-im-betreuten-wohnen\/","og_locale":"de_DE","og_type":"article","og_title":"Ein Tag im Betreuten Wohnen - Lebenshilfe Dillenburg e.V.","og_description":"\u201eEinfach mal \u00fcber den eigenen Tellerrand hinausschauen und diese Eindr\u00fccke mit meinen Sch\u00fclerinnen und Sch\u00fclern teilen.\u201c Frank Schr\u00f6ter, Lehrer an der H\u00f6heren Berufsfachschule f\u00fcr Sozialassistenz an den Gewerblichen Schulen Dillenburg, hat einen Tag lang Lebenshilfe-Mitarbeiter Sascha Kirchhoff bei der Arbeit begleitet.","og_url":"https:\/\/lebenshilfe-dillenburg.de\/leicht\/ein-tag-im-betreuten-wohnen\/","og_site_name":"Lebenshilfe Dillenburg e.V.","article_publisher":"https:\/\/www.facebook.com\/lebenshilfedillenburg\/","article_published_time":"2022-07-12T11:05:24+00:00","article_modified_time":"2026-01-30T11:09:38+00:00","og_image":[{"width":2560,"height":1920,"url":"https:\/\/lebenshilfe-dillenburg.de\/wp-content\/uploads\/img-4066-scaled-4.jpg","type":"image\/jpeg"}],"author":"Conny Holtfoth","twitter_card":"summary_large_image","twitter_misc":{"Geschrieben von":"Conny Holtfoth","Gesch\u00e4tzte Lesezeit":"1\u00a0Minute"},"schema":{"@context":"https:\/\/schema.org","@graph":[{"@type":"Article","@id":"https:\/\/lebenshilfe-dillenburg.de\/leicht\/ein-tag-im-betreuten-wohnen\/#article","isPartOf":{"@id":"https:\/\/lebenshilfe-dillenburg.de\/leicht\/ein-tag-im-betreuten-wohnen\/"},"author":{"name":"Conny Holtfoth","@id":"https:\/\/lebenshilfe-dillenburg.de\/leicht\/#\/schema\/person\/b6c52dad8d881b49213c3345a7cd5efe"},"headline":"Ein Tag im Betreuten Wohnen","datePublished":"2022-07-12T11:05:24+00:00","dateModified":"2026-01-30T11:09:38+00:00","mainEntityOfPage":{"@id":"https:\/\/lebenshilfe-dillenburg.de\/leicht\/ein-tag-im-betreuten-wohnen\/"},"wordCount":292,"publisher":{"@id":"https:\/\/lebenshilfe-dillenburg.de\/leicht\/#organization"},"image":{"@id":"https:\/\/lebenshilfe-dillenburg.de\/leicht\/ein-tag-im-betreuten-wohnen\/#primaryimage"},"thumbnailUrl":"https:\/\/lebenshilfe-dillenburg.de\/wp-content\/uploads\/betreutes-wohnen-ausflug-waldweg-drei-maenner.jpg","articleSection":["Aktuelles"],"inLanguage":"de"},{"@type":"WebPage","@id":"https:\/\/lebenshilfe-dillenburg.de\/leicht\/ein-tag-im-betreuten-wohnen\/","url":"https:\/\/lebenshilfe-dillenburg.de\/leicht\/ein-tag-im-betreuten-wohnen\/","name":"Ein Tag im Betreuten Wohnen - Lebenshilfe Dillenburg e.V.","isPartOf":{"@id":"https:\/\/lebenshilfe-dillenburg.de\/leicht\/#website"},"primaryImageOfPage":{"@id":"https:\/\/lebenshilfe-dillenburg.de\/leicht\/ein-tag-im-betreuten-wohnen\/#primaryimage"},"image":{"@id":"https:\/\/lebenshilfe-dillenburg.de\/leicht\/ein-tag-im-betreuten-wohnen\/#primaryimage"},"thumbnailUrl":"https:\/\/lebenshilfe-dillenburg.de\/wp-content\/uploads\/betreutes-wohnen-ausflug-waldweg-drei-maenner.jpg","datePublished":"2022-07-12T11:05:24+00:00","dateModified":"2026-01-30T11:09:38+00:00","breadcrumb":{"@id":"https:\/\/lebenshilfe-dillenburg.de\/leicht\/ein-tag-im-betreuten-wohnen\/#breadcrumb"},"inLanguage":"de","potentialAction":[{"@type":"ReadAction","target":["https:\/\/lebenshilfe-dillenburg.de\/leicht\/ein-tag-im-betreuten-wohnen\/"]}]},{"@type":"ImageObject","inLanguage":"de","@id":"https:\/\/lebenshilfe-dillenburg.de\/leicht\/ein-tag-im-betreuten-wohnen\/#primaryimage","url":"https:\/\/lebenshilfe-dillenburg.de\/wp-content\/uploads\/betreutes-wohnen-ausflug-waldweg-drei-maenner.jpg","contentUrl":"https:\/\/lebenshilfe-dillenburg.de\/wp-content\/uploads\/betreutes-wohnen-ausflug-waldweg-drei-maenner.jpg","width":1440,"height":1080,"caption":"Ein Tag im Betreuten Wohnen. Frank Schr\u00f6ter (r.) begleitet Sascha Kirchhoff (l.) - hier mit Klient Stefan Heitz. (Foto: Holtfoth)"},{"@type":"BreadcrumbList","@id":"https:\/\/lebenshilfe-dillenburg.de\/leicht\/ein-tag-im-betreuten-wohnen\/#breadcrumb","itemListElement":[{"@type":"ListItem","position":1,"name":"Startseite der Lebenshilfe Dillenburg","item":"https:\/\/lebenshilfe-dillenburg.de\/leicht\/"},{"@type":"ListItem","position":2,"name":"Ein Tag im Betreuten Wohnen"}]},{"@type":"WebSite","@id":"https:\/\/lebenshilfe-dillenburg.de\/leicht\/#website","url":"https:\/\/lebenshilfe-dillenburg.de\/leicht\/","name":"Lebenshilfe Dillenburg \u2013 Teilhabe & Unterst\u00fctzung im Lahn-Dill-Kreis","description":"","publisher":{"@id":"https:\/\/lebenshilfe-dillenburg.de\/leicht\/#organization"},"potentialAction":[{"@type":"SearchAction","target":{"@type":"EntryPoint","urlTemplate":"https:\/\/lebenshilfe-dillenburg.de\/leicht\/?s={search_term_string}"},"query-input":{"@type":"PropertyValueSpecification","valueRequired":true,"valueName":"search_term_string"}}],"inLanguage":"de"},{"@type":"Organization","@id":"https:\/\/lebenshilfe-dillenburg.de\/leicht\/#organization","name":"Lebenshilfe Dillenburg e.V.","url":"https:\/\/lebenshilfe-dillenburg.de\/leicht\/","logo":{"@type":"ImageObject","inLanguage":"de","@id":"https:\/\/lebenshilfe-dillenburg.de\/leicht\/#\/schema\/logo\/image\/","url":"https:\/\/lebenshilfe-dillenburg.de\/wp-content\/uploads\/lebenshilfe-dillenburg-desktop.webp","contentUrl":"https:\/\/lebenshilfe-dillenburg.de\/wp-content\/uploads\/lebenshilfe-dillenburg-desktop.webp","width":461,"height":202,"caption":"Lebenshilfe Dillenburg e.V."},"image":{"@id":"https:\/\/lebenshilfe-dillenburg.de\/leicht\/#\/schema\/logo\/image\/"},"sameAs":["https:\/\/www.facebook.com\/lebenshilfedillenburg\/","https:\/\/www.instagram.com\/lebenshilfe_dillenburg\/"]},{"@type":"Person","@id":"https:\/\/lebenshilfe-dillenburg.de\/leicht\/#\/schema\/person\/b6c52dad8d881b49213c3345a7cd5efe","name":"Conny Holtfoth","sameAs":["http:\/\/lebenshilfe-dillenburg.de"],"url":"https:\/\/lebenshilfe-dillenburg.de\/leicht\/author\/conny\/"}]}},"taxonomy_info":{"category":[{"value":52,"label":"Aktuelles"}]},"featured_image_src_large":["https:\/\/lebenshilfe-dillenburg.de\/wp-content\/uploads\/betreutes-wohnen-ausflug-waldweg-drei-maenner-1920x1440.jpg",1366,1025,true],"author_info":{"display_name":"Conny Holtfoth","author_link":"https:\/\/lebenshilfe-dillenburg.de\/leicht\/author\/conny\/"},"comment_info":0,"category_info":[{"term_id":52,"name":"Aktuelles","slug":"aktuelles","term_group":0,"term_taxonomy_id":52,"taxonomy":"category","description":"","parent":0,"count":22,"filter":"raw","term_order":"4","cat_ID":52,"category_count":22,"category_description":"","cat_name":"Aktuelles","category_nicename":"aktuelles","category_parent":0}],"tag_info":false,"_links":{"self":[{"href":"https:\/\/lebenshilfe-dillenburg.de\/leicht\/wp-json\/wp\/v2\/posts\/3741","targetHints":{"allow":["GET"]}}],"collection":[{"href":"https:\/\/lebenshilfe-dillenburg.de\/leicht\/wp-json\/wp\/v2\/posts"}],"about":[{"href":"https:\/\/lebenshilfe-dillenburg.de\/leicht\/wp-json\/wp\/v2\/types\/post"}],"author":[{"embeddable":true,"href":"https:\/\/lebenshilfe-dillenburg.de\/leicht\/wp-json\/wp\/v2\/users\/4"}],"replies":[{"embeddable":true,"href":"https:\/\/lebenshilfe-dillenburg.de\/leicht\/wp-json\/wp\/v2\/comments?post=3741"}],"version-history":[{"count":0,"href":"https:\/\/lebenshilfe-dillenburg.de\/leicht\/wp-json\/wp\/v2\/posts\/3741\/revisions"}],"wp:featuredmedia":[{"embeddable":true,"href":"https:\/\/lebenshilfe-dillenburg.de\/leicht\/wp-json\/wp\/v2\/media\/3743"}],"wp:attachment":[{"href":"https:\/\/lebenshilfe-dillenburg.de\/leicht\/wp-json\/wp\/v2\/media?parent=3741"}],"wp:term":[{"taxonomy":"category","embeddable":true,"href":"https:\/\/lebenshilfe-dillenburg.de\/leicht\/wp-json\/wp\/v2\/categories?post=3741"},{"taxonomy":"post_tag","embeddable":true,"href":"https:\/\/lebenshilfe-dillenburg.de\/leicht\/wp-json\/wp\/v2\/tags?post=3741"}],"curies":[{"name":"wp","href":"https:\/\/api.w.org\/{rel}","templated":true}]}}