{"id":3779,"date":"2022-08-16T11:26:19","date_gmt":"2022-08-16T09:26:19","guid":{"rendered":"https:\/\/www.lebenshilfe-dillenburg.de\/?p=3779"},"modified":"2026-01-30T12:09:38","modified_gmt":"2026-01-30T11:09:38","slug":"bundesverdienstkreuz-fuer-juergen-raab","status":"publish","type":"post","link":"https:\/\/lebenshilfe-dillenburg.de\/leicht\/bundesverdienstkreuz-fuer-juergen-raab\/","title":{"rendered":"Bundesverdienstkreuz f\u00fcr J\u00fcrgen Raab"},"content":{"rendered":"<p>40 Jahre im Vorstand und Aufsichtsrat Lebenshilfe Dillenburg enden f\u00fcr J\u00fcrgen Raab, den ehemaligen Leiter der Theodor-Heuss-Schule Wetzlar. Am 16. September wird der Driedorfer offiziell in der Herborner Kulturscheune verabschiedet und erh\u00e4lt f\u00fcr sein au\u00dferordentliches Engagement von Landrat Wolfgang Schuster das Bundesverdienstkreuz.<!--more--><\/p>\n<p><strong><em>Herr Raab, bald schon sind Sie Bundesverdienstkreuztr\u00e4ger. Wie f\u00fchlt sich das an? <\/em><\/strong><\/p>\n<p><strong>J\u00fcrgen Raab:<\/strong> Diese Auszeichnung ist etwas Besonderes f\u00fcr mich. Ich f\u00fchle mich stolz und geehrt, wei\u00df aber auch, dass dahinter vor allem die Zusammenarbeit mit vielen guten Leuten in der Lebenshilfe steht. Insofern sehe ich in dem Bundesverdienstkreuz auch eine W\u00fcrdigung der gesamten Lebenshilfe Dillenburg. Ich f\u00fchlte mich nicht als der Alleinentscheider im Vordergrund, sondern eher als derjenige, der Entscheidungen gemeinsam vorbereitet, diskutiert und m\u00f6glichst im Konsens trifft. Der Mann f\u00fcrs Strategische, der im Blick hatte, wie sich die Lebenshilfe in den n\u00e4chsten f\u00fcnf Jahren entwickeln soll. Ich sehe mich nicht so sehr als den Macher, sondern eher den M\u00f6glichmacher.<\/p>\n<p><strong><em>1981 wurden Sie Mitglied in der Lebenshilfe Dillenburg, bereits ein Jahr sp\u00e4ter Vorstandsmitglied. Wie kam es dazu? <\/em><\/strong><\/p>\n<p><strong>J\u00fcrgen Raab:<\/strong> Ausgangspunkt war die Geburt unseres Sohnes Sebastian, der mit dem Down-Syndrom auf die Welt kam. Wir wollten, dass er so normal wie m\u00f6glich aufw\u00e4chst und gleichzeitig so viel Hilfe wie n\u00f6tig bekommt. Um das mitzugestalten, bin ich 1981 Mitglied geworden und dann ein Jahr sp\u00e4ter Teil des Vorstands geworden.<\/p>\n<p><strong><em>Wenn Sie die Lebenshilfe von damals mit der von heute unterscheiden \u2013 was sticht da besonders ins Auge? <\/em><\/strong><\/p>\n<p><strong>J\u00fcrgen Raab:<\/strong> Zun\u00e4chst einmal schon die Gr\u00f6\u00dfe der Lebenshilfe Dillenburg. Damals waren es 42 Angestellte. Heute besch\u00e4ftigen wir \u00fcber 400 Mitarbeiterinnen und Mitarbeiter. Was mich besonders freut, sind die Entwicklungen im Werkstatt- und im Wohnbereich. Als ich zur Lebenshilfe kam, wurde dar\u00fcber diskutiert, den Holz- und Textilbereich auszubauen. Wir haben es aber geschafft, entsprechend unserer regionalen Wirtschaftsstruktur ein professioneller industrieller Dienstleister zu werden. Aufgrund der Altersstruktur unserer Menschen mit Behinderungen und deren Angeh\u00f6rigen war damals auch das Angebot an Wohnformen f\u00fcr uns v\u00f6lliges Neuland. Von der ersten anf\u00e4nglichen Wohneinheit bis hin zu vielseitigen Wohnm\u00f6glichkeiten &#8211; an vielen Standorten und je nach individuellem Betreuungsbedarf &#8211; war es ein weiter aber sehr erfolgreicher Weg. Normal ist, dass jeder verschieden ist und deshalb unterschiedliche Arbeits- und Wohnm\u00f6glichkeiten braucht. Das konnten wir im Laufe der Jahre umsetzen.<\/p>\n<p><strong><em>Wie hat sich der Weg dorthin gestaltet? <\/em><\/strong><\/p>\n<p><strong>J\u00fcrgen Raab:<\/strong> Die Gr\u00fcndungsgeneration der Lebenshilfe Dillenburg war noch gepr\u00e4gt von den schlimmen Erfahrungen im Nationalsozialismus mit dem vorrangigen Ziel, ihre Kinder zu sch\u00fctzen. Ich kam als Teil der Folgegeneration dazu. Hier wurden bereits unter dem Motto \u201eso normal wie m\u00f6glich und nur so viel Hilfe wie n\u00f6tig\u201c Aspekte wie F\u00f6rderung und Integration wichtig. \u201eVon der Wiege bis zur Bahre\u201c &#8211; das war der von der Lebenshilfe Dillenburg schon in den 80er Jahren formulierte Anspruch unserer Arbeit. Meine Aufgabe war es daher immer, diesen Anspruch m\u00f6glichst gut umzusetzen, durch die Entwicklung der Fr\u00fchf\u00f6rderung, der integrativen Kindergartenarbeit, der Weiterentwicklung des Berufsbildungsbereichs, der Werkst\u00e4tten, der Wohnformen, des Familienentlastenden Dienstes und besonderer Angebote f\u00fcr \u00e4ltere Menschen mit Behinderungen bis hin zur palliativen Betreuung im letzten Lebensabschnitt. Sehr hilfreich war es, dass wir stets von vielen Seiten gro\u00dfe materielle und ideelle Unterst\u00fctzung erfahren haben. Ob von Seiten der heimischen Betriebe oder auch von unseren Kommunen oder Privatpersonen.<\/p>\n<p><strong><em>Was gestaltete sich dagegen schwierig? <\/em><\/strong><\/p>\n<p><strong>J\u00fcrgen Raab:<\/strong> Eine gro\u00dfe Herausforderung war im Zuge der Umstrukturierung der Organisation, die Rechtsform des eingetragenen Vereins anstelle einer gGmbH zu halten. Von da an gab es einen hauptamtlichen Vorstand und einen ehrenamtlichen Aufsichtsrat, den ich ab 2011 als Vorsitzender anf\u00fchrte. Die grundlegende Idee der Selbsthilfeorganisation als Verein war mir wichtig. Ebenso aber auch die bestm\u00f6gliche Bezahlung unserer Mitarbeiterinnen und Mitarbeiter. Daher waren Tarifrecht und Zusatzversorgungskasse f\u00fcr unsere Besch\u00e4ftigten f\u00fcr mich unumst\u00f6\u00dflich. Fr\u00fchere Gesch\u00e4ftsf\u00fchrer und Vorst\u00e4nde wie Eugen Enseroth, Rainer Pliska und Marita Wickel haben stark dazu beigetragen, durch kluges und vorausschauendes Wirtschaften und eine gute betriebswirtschaftliche Organisation eine sichere finanzielle Grundlage zu schaffen.<\/p>\n<p><strong><em>Sie sprachen eben von Strategien f\u00fcr die n\u00e4chsten f\u00fcnf Jahre. Was wird die Lebenshilfe Dillenburg in den ersten f\u00fcnf Jahren ohne J\u00fcrgen Raab besch\u00e4ftigen? <\/em><\/strong><\/p>\n<p><strong>J\u00fcrgen Raab:<\/strong> Der pflegerische Aufwand wird durch die Altersstruktur eine immer wesentlichere Rolle spielen. Wir als Lebenshilfe haben den Anspruch, Menschen mit Behinderung ein Leben lang zu begleiten. Dazu braucht es aber von der Politik entsprechende rechtliche und finanzielle Strukturen.<\/p>\n<p>Von der Lebenshilfe erhoffe ich mir proaktive Hilfe in Sachen vorgeburtlicher Diagnostik. Ich sehe eine gro\u00dfe Gefahr in unserer Gesellschaft, n\u00e4mlich dass Vielfalt irgendwann g\u00e4nzlich verschwindet. In der kurzen Phase zwischen Diagnose und der Entscheidung der Mutter f\u00fcr oder gegen eine Abtreibung ist die Lebenshilfe gefordert, zu informieren und zu unterst\u00fctzen.<\/p>\n<p>Sorge macht mir auch die Diskussion um eine m\u00f6gliche Triage bei der medizinischen Versorgung in Krisenzeiten. Jedes Leben ist gleichwertig. Menschen mit Behinderung d\u00fcrfen nie mehr als minderwertig oder nicht n\u00fctzlich angesehen werden. Sollte f\u00fcr oder gegen ein Menschenleben entschieden werden m\u00fcssen, dann gibt es f\u00fcr mich als einzige L\u00f6sung das Losverfahren.<\/p>\n<p><strong><em>Wenn Sie von der Lebenshilfe Dillenburg sprechen, sprechen Sie oft noch von \u201ewir\u201c. Wie schwer wird der Abschied f\u00fcr Sie?<\/em><\/strong><\/p>\n<p><strong>J\u00fcrgen Raab:<\/strong> Das \u201eWir\u201c wird vermutlich auch immer so bleiben, denn die Lebenshilfe Dillenburg war ein entscheidender Teil meines Lebens. Ich habe viel Arbeit hineingesteckt, habe aber auch immer sehr viel zur\u00fcckbekommen. Der Gedanke an den Abschied sorgt bei mir f\u00fcr gemischte Gef\u00fchle. Ich freue mich darauf, wei\u00df aber auch, dass das dann wirklich zu Ende ist und mir was fehlen wird.<\/p>\n","protected":false},"excerpt":{"rendered":"<p>40 Jahre im Vorstand und Aufsichtsrat Lebenshilfe Dillenburg enden f\u00fcr J\u00fcrgen Raab, den ehemaligen Leiter der Theodor-Heuss-Schule Wetzlar. Am 16. September wird der Driedorfer offiziell in der Herborner Kulturscheune verabschiedet und erh\u00e4lt f\u00fcr sein au\u00dferordentliches Engagement von Landrat Wolfgang Schuster das Bundesverdienstkreuz.<\/p>\n","protected":false},"author":4,"featured_media":3780,"comment_status":"closed","ping_status":"closed","sticky":false,"template":"","format":"standard","meta":{"_acf_changed":false,"_gspb_post_css":"","_kad_blocks_custom_css":"","_kad_blocks_head_custom_js":"","_kad_blocks_body_custom_js":"","_kad_blocks_footer_custom_js":"","_kad_post_transparent":"","_kad_post_title":"","_kad_post_layout":"","_kad_post_sidebar_id":"","_kad_post_content_style":"","_kad_post_vertical_padding":"","_kad_post_feature":"","_kad_post_feature_position":"","_kad_post_header":false,"_kad_post_footer":false,"_kad_post_classname":"","footnotes":""},"categories":[53],"tags":[],"class_list":["post-3779","post","type-post","status-publish","format-standard","has-post-thumbnail","hentry","category-meldungen"],"acf":[],"yoast_head":"<!-- This site is optimized with the Yoast SEO plugin v27.5 - https:\/\/yoast.com\/product\/yoast-seo-wordpress\/ -->\n<title>Bundesverdienstkreuz f\u00fcr J\u00fcrgen Raab - Lebenshilfe Dillenburg e.V.<\/title>\n<meta name=\"robots\" content=\"index, follow, max-snippet:-1, max-image-preview:large, max-video-preview:-1\" \/>\n<link rel=\"canonical\" href=\"https:\/\/lebenshilfe-dillenburg.de\/leicht\/bundesverdienstkreuz-fuer-juergen-raab\/\" \/>\n<meta property=\"og:locale\" content=\"de_DE\" \/>\n<meta property=\"og:type\" content=\"article\" \/>\n<meta property=\"og:title\" content=\"Bundesverdienstkreuz f\u00fcr J\u00fcrgen Raab - Lebenshilfe Dillenburg e.V.\" \/>\n<meta property=\"og:description\" content=\"40 Jahre im Vorstand und Aufsichtsrat Lebenshilfe Dillenburg enden f\u00fcr J\u00fcrgen Raab, den ehemaligen Leiter der Theodor-Heuss-Schule Wetzlar. Am 16. September wird der Driedorfer offiziell in der Herborner Kulturscheune verabschiedet und erh\u00e4lt f\u00fcr sein au\u00dferordentliches Engagement von Landrat Wolfgang Schuster das Bundesverdienstkreuz.\" \/>\n<meta property=\"og:url\" content=\"https:\/\/lebenshilfe-dillenburg.de\/leicht\/bundesverdienstkreuz-fuer-juergen-raab\/\" \/>\n<meta property=\"og:site_name\" content=\"Lebenshilfe Dillenburg e.V.\" \/>\n<meta property=\"article:publisher\" content=\"https:\/\/www.facebook.com\/lebenshilfedillenburg\/\" \/>\n<meta property=\"article:published_time\" content=\"2022-08-16T09:26:19+00:00\" \/>\n<meta property=\"article:modified_time\" content=\"2026-01-30T11:09:38+00:00\" \/>\n<meta property=\"og:image\" content=\"https:\/\/lebenshilfe-dillenburg.de\/wp-content\/uploads\/bundesverdienstkreuz-fuer-juergen-raab-img-4570-scaled-3.jpg\" \/>\n\t<meta property=\"og:image:width\" content=\"2560\" \/>\n\t<meta property=\"og:image:height\" content=\"1707\" \/>\n\t<meta property=\"og:image:type\" content=\"image\/jpeg\" \/>\n<meta name=\"author\" content=\"Conny Holtfoth\" \/>\n<meta name=\"twitter:card\" content=\"summary_large_image\" \/>\n<meta name=\"twitter:label1\" content=\"Geschrieben von\" \/>\n\t<meta name=\"twitter:data1\" content=\"Conny Holtfoth\" \/>\n\t<meta name=\"twitter:label2\" content=\"Gesch\u00e4tzte Lesezeit\" \/>\n\t<meta name=\"twitter:data2\" content=\"5\u00a0Minuten\" \/>\n<script type=\"application\/ld+json\" class=\"yoast-schema-graph\">{\"@context\":\"https:\\\/\\\/schema.org\",\"@graph\":[{\"@type\":\"Article\",\"@id\":\"https:\\\/\\\/lebenshilfe-dillenburg.de\\\/leicht\\\/bundesverdienstkreuz-fuer-juergen-raab\\\/#article\",\"isPartOf\":{\"@id\":\"https:\\\/\\\/lebenshilfe-dillenburg.de\\\/leicht\\\/bundesverdienstkreuz-fuer-juergen-raab\\\/\"},\"author\":{\"name\":\"Conny Holtfoth\",\"@id\":\"https:\\\/\\\/lebenshilfe-dillenburg.de\\\/leicht\\\/#\\\/schema\\\/person\\\/b6c52dad8d881b49213c3345a7cd5efe\"},\"headline\":\"Bundesverdienstkreuz f\u00fcr J\u00fcrgen Raab\",\"datePublished\":\"2022-08-16T09:26:19+00:00\",\"dateModified\":\"2026-01-30T11:09:38+00:00\",\"mainEntityOfPage\":{\"@id\":\"https:\\\/\\\/lebenshilfe-dillenburg.de\\\/leicht\\\/bundesverdienstkreuz-fuer-juergen-raab\\\/\"},\"wordCount\":973,\"publisher\":{\"@id\":\"https:\\\/\\\/lebenshilfe-dillenburg.de\\\/leicht\\\/#organization\"},\"image\":{\"@id\":\"https:\\\/\\\/lebenshilfe-dillenburg.de\\\/leicht\\\/bundesverdienstkreuz-fuer-juergen-raab\\\/#primaryimage\"},\"thumbnailUrl\":\"https:\\\/\\\/lebenshilfe-dillenburg.de\\\/wp-content\\\/uploads\\\/juergen-raab-mit-frau-sigrid-im-garten.jpg\",\"articleSection\":[\"Meldungen\"],\"inLanguage\":\"de\"},{\"@type\":\"WebPage\",\"@id\":\"https:\\\/\\\/lebenshilfe-dillenburg.de\\\/leicht\\\/bundesverdienstkreuz-fuer-juergen-raab\\\/\",\"url\":\"https:\\\/\\\/lebenshilfe-dillenburg.de\\\/leicht\\\/bundesverdienstkreuz-fuer-juergen-raab\\\/\",\"name\":\"Bundesverdienstkreuz f\u00fcr J\u00fcrgen Raab - Lebenshilfe Dillenburg e.V.\",\"isPartOf\":{\"@id\":\"https:\\\/\\\/lebenshilfe-dillenburg.de\\\/leicht\\\/#website\"},\"primaryImageOfPage\":{\"@id\":\"https:\\\/\\\/lebenshilfe-dillenburg.de\\\/leicht\\\/bundesverdienstkreuz-fuer-juergen-raab\\\/#primaryimage\"},\"image\":{\"@id\":\"https:\\\/\\\/lebenshilfe-dillenburg.de\\\/leicht\\\/bundesverdienstkreuz-fuer-juergen-raab\\\/#primaryimage\"},\"thumbnailUrl\":\"https:\\\/\\\/lebenshilfe-dillenburg.de\\\/wp-content\\\/uploads\\\/juergen-raab-mit-frau-sigrid-im-garten.jpg\",\"datePublished\":\"2022-08-16T09:26:19+00:00\",\"dateModified\":\"2026-01-30T11:09:38+00:00\",\"breadcrumb\":{\"@id\":\"https:\\\/\\\/lebenshilfe-dillenburg.de\\\/leicht\\\/bundesverdienstkreuz-fuer-juergen-raab\\\/#breadcrumb\"},\"inLanguage\":\"de\",\"potentialAction\":[{\"@type\":\"ReadAction\",\"target\":[\"https:\\\/\\\/lebenshilfe-dillenburg.de\\\/leicht\\\/bundesverdienstkreuz-fuer-juergen-raab\\\/\"]}]},{\"@type\":\"ImageObject\",\"inLanguage\":\"de\",\"@id\":\"https:\\\/\\\/lebenshilfe-dillenburg.de\\\/leicht\\\/bundesverdienstkreuz-fuer-juergen-raab\\\/#primaryimage\",\"url\":\"https:\\\/\\\/lebenshilfe-dillenburg.de\\\/wp-content\\\/uploads\\\/juergen-raab-mit-frau-sigrid-im-garten.jpg\",\"contentUrl\":\"https:\\\/\\\/lebenshilfe-dillenburg.de\\\/wp-content\\\/uploads\\\/juergen-raab-mit-frau-sigrid-im-garten.jpg\",\"width\":1500,\"height\":1000,\"caption\":\"J\u00fcrgen Raab wurde w\u00e4hrend seiner 40-j\u00e4hrigen Ehrenamtszeit stets von seiner Frau Sigrid unterst\u00fctzt. (Foto: Holtfoth)\"},{\"@type\":\"BreadcrumbList\",\"@id\":\"https:\\\/\\\/lebenshilfe-dillenburg.de\\\/leicht\\\/bundesverdienstkreuz-fuer-juergen-raab\\\/#breadcrumb\",\"itemListElement\":[{\"@type\":\"ListItem\",\"position\":1,\"name\":\"Startseite der Lebenshilfe Dillenburg\",\"item\":\"https:\\\/\\\/lebenshilfe-dillenburg.de\\\/leicht\\\/\"},{\"@type\":\"ListItem\",\"position\":2,\"name\":\"Bundesverdienstkreuz f\u00fcr J\u00fcrgen Raab\"}]},{\"@type\":\"WebSite\",\"@id\":\"https:\\\/\\\/lebenshilfe-dillenburg.de\\\/leicht\\\/#website\",\"url\":\"https:\\\/\\\/lebenshilfe-dillenburg.de\\\/leicht\\\/\",\"name\":\"Lebenshilfe Dillenburg \u2013 Teilhabe & Unterst\u00fctzung im Lahn-Dill-Kreis\",\"description\":\"\",\"publisher\":{\"@id\":\"https:\\\/\\\/lebenshilfe-dillenburg.de\\\/leicht\\\/#organization\"},\"potentialAction\":[{\"@type\":\"SearchAction\",\"target\":{\"@type\":\"EntryPoint\",\"urlTemplate\":\"https:\\\/\\\/lebenshilfe-dillenburg.de\\\/leicht\\\/?s={search_term_string}\"},\"query-input\":{\"@type\":\"PropertyValueSpecification\",\"valueRequired\":true,\"valueName\":\"search_term_string\"}}],\"inLanguage\":\"de\"},{\"@type\":\"Organization\",\"@id\":\"https:\\\/\\\/lebenshilfe-dillenburg.de\\\/leicht\\\/#organization\",\"name\":\"Lebenshilfe Dillenburg e.V.\",\"url\":\"https:\\\/\\\/lebenshilfe-dillenburg.de\\\/leicht\\\/\",\"logo\":{\"@type\":\"ImageObject\",\"inLanguage\":\"de\",\"@id\":\"https:\\\/\\\/lebenshilfe-dillenburg.de\\\/leicht\\\/#\\\/schema\\\/logo\\\/image\\\/\",\"url\":\"https:\\\/\\\/lebenshilfe-dillenburg.de\\\/wp-content\\\/uploads\\\/lebenshilfe-dillenburg-desktop.webp\",\"contentUrl\":\"https:\\\/\\\/lebenshilfe-dillenburg.de\\\/wp-content\\\/uploads\\\/lebenshilfe-dillenburg-desktop.webp\",\"width\":461,\"height\":202,\"caption\":\"Lebenshilfe Dillenburg e.V.\"},\"image\":{\"@id\":\"https:\\\/\\\/lebenshilfe-dillenburg.de\\\/leicht\\\/#\\\/schema\\\/logo\\\/image\\\/\"},\"sameAs\":[\"https:\\\/\\\/www.facebook.com\\\/lebenshilfedillenburg\\\/\",\"https:\\\/\\\/www.instagram.com\\\/lebenshilfe_dillenburg\\\/\"]},{\"@type\":\"Person\",\"@id\":\"https:\\\/\\\/lebenshilfe-dillenburg.de\\\/leicht\\\/#\\\/schema\\\/person\\\/b6c52dad8d881b49213c3345a7cd5efe\",\"name\":\"Conny Holtfoth\",\"sameAs\":[\"http:\\\/\\\/lebenshilfe-dillenburg.de\"],\"url\":\"https:\\\/\\\/lebenshilfe-dillenburg.de\\\/leicht\\\/author\\\/conny\\\/\"}]}<\/script>\n<!-- \/ Yoast SEO plugin. -->","yoast_head_json":{"title":"Bundesverdienstkreuz f\u00fcr J\u00fcrgen Raab - Lebenshilfe Dillenburg e.V.","robots":{"index":"index","follow":"follow","max-snippet":"max-snippet:-1","max-image-preview":"max-image-preview:large","max-video-preview":"max-video-preview:-1"},"canonical":"https:\/\/lebenshilfe-dillenburg.de\/leicht\/bundesverdienstkreuz-fuer-juergen-raab\/","og_locale":"de_DE","og_type":"article","og_title":"Bundesverdienstkreuz f\u00fcr J\u00fcrgen Raab - Lebenshilfe Dillenburg e.V.","og_description":"40 Jahre im Vorstand und Aufsichtsrat Lebenshilfe Dillenburg enden f\u00fcr J\u00fcrgen Raab, den ehemaligen Leiter der Theodor-Heuss-Schule Wetzlar. Am 16. September wird der Driedorfer offiziell in der Herborner Kulturscheune verabschiedet und erh\u00e4lt f\u00fcr sein au\u00dferordentliches Engagement von Landrat Wolfgang Schuster das Bundesverdienstkreuz.","og_url":"https:\/\/lebenshilfe-dillenburg.de\/leicht\/bundesverdienstkreuz-fuer-juergen-raab\/","og_site_name":"Lebenshilfe Dillenburg e.V.","article_publisher":"https:\/\/www.facebook.com\/lebenshilfedillenburg\/","article_published_time":"2022-08-16T09:26:19+00:00","article_modified_time":"2026-01-30T11:09:38+00:00","og_image":[{"width":2560,"height":1707,"url":"https:\/\/lebenshilfe-dillenburg.de\/wp-content\/uploads\/bundesverdienstkreuz-fuer-juergen-raab-img-4570-scaled-3.jpg","type":"image\/jpeg"}],"author":"Conny Holtfoth","twitter_card":"summary_large_image","twitter_misc":{"Geschrieben von":"Conny Holtfoth","Gesch\u00e4tzte Lesezeit":"5\u00a0Minuten"},"schema":{"@context":"https:\/\/schema.org","@graph":[{"@type":"Article","@id":"https:\/\/lebenshilfe-dillenburg.de\/leicht\/bundesverdienstkreuz-fuer-juergen-raab\/#article","isPartOf":{"@id":"https:\/\/lebenshilfe-dillenburg.de\/leicht\/bundesverdienstkreuz-fuer-juergen-raab\/"},"author":{"name":"Conny Holtfoth","@id":"https:\/\/lebenshilfe-dillenburg.de\/leicht\/#\/schema\/person\/b6c52dad8d881b49213c3345a7cd5efe"},"headline":"Bundesverdienstkreuz f\u00fcr J\u00fcrgen Raab","datePublished":"2022-08-16T09:26:19+00:00","dateModified":"2026-01-30T11:09:38+00:00","mainEntityOfPage":{"@id":"https:\/\/lebenshilfe-dillenburg.de\/leicht\/bundesverdienstkreuz-fuer-juergen-raab\/"},"wordCount":973,"publisher":{"@id":"https:\/\/lebenshilfe-dillenburg.de\/leicht\/#organization"},"image":{"@id":"https:\/\/lebenshilfe-dillenburg.de\/leicht\/bundesverdienstkreuz-fuer-juergen-raab\/#primaryimage"},"thumbnailUrl":"https:\/\/lebenshilfe-dillenburg.de\/wp-content\/uploads\/juergen-raab-mit-frau-sigrid-im-garten.jpg","articleSection":["Meldungen"],"inLanguage":"de"},{"@type":"WebPage","@id":"https:\/\/lebenshilfe-dillenburg.de\/leicht\/bundesverdienstkreuz-fuer-juergen-raab\/","url":"https:\/\/lebenshilfe-dillenburg.de\/leicht\/bundesverdienstkreuz-fuer-juergen-raab\/","name":"Bundesverdienstkreuz f\u00fcr J\u00fcrgen Raab - Lebenshilfe Dillenburg e.V.","isPartOf":{"@id":"https:\/\/lebenshilfe-dillenburg.de\/leicht\/#website"},"primaryImageOfPage":{"@id":"https:\/\/lebenshilfe-dillenburg.de\/leicht\/bundesverdienstkreuz-fuer-juergen-raab\/#primaryimage"},"image":{"@id":"https:\/\/lebenshilfe-dillenburg.de\/leicht\/bundesverdienstkreuz-fuer-juergen-raab\/#primaryimage"},"thumbnailUrl":"https:\/\/lebenshilfe-dillenburg.de\/wp-content\/uploads\/juergen-raab-mit-frau-sigrid-im-garten.jpg","datePublished":"2022-08-16T09:26:19+00:00","dateModified":"2026-01-30T11:09:38+00:00","breadcrumb":{"@id":"https:\/\/lebenshilfe-dillenburg.de\/leicht\/bundesverdienstkreuz-fuer-juergen-raab\/#breadcrumb"},"inLanguage":"de","potentialAction":[{"@type":"ReadAction","target":["https:\/\/lebenshilfe-dillenburg.de\/leicht\/bundesverdienstkreuz-fuer-juergen-raab\/"]}]},{"@type":"ImageObject","inLanguage":"de","@id":"https:\/\/lebenshilfe-dillenburg.de\/leicht\/bundesverdienstkreuz-fuer-juergen-raab\/#primaryimage","url":"https:\/\/lebenshilfe-dillenburg.de\/wp-content\/uploads\/juergen-raab-mit-frau-sigrid-im-garten.jpg","contentUrl":"https:\/\/lebenshilfe-dillenburg.de\/wp-content\/uploads\/juergen-raab-mit-frau-sigrid-im-garten.jpg","width":1500,"height":1000,"caption":"J\u00fcrgen Raab wurde w\u00e4hrend seiner 40-j\u00e4hrigen Ehrenamtszeit stets von seiner Frau Sigrid unterst\u00fctzt. (Foto: Holtfoth)"},{"@type":"BreadcrumbList","@id":"https:\/\/lebenshilfe-dillenburg.de\/leicht\/bundesverdienstkreuz-fuer-juergen-raab\/#breadcrumb","itemListElement":[{"@type":"ListItem","position":1,"name":"Startseite der Lebenshilfe Dillenburg","item":"https:\/\/lebenshilfe-dillenburg.de\/leicht\/"},{"@type":"ListItem","position":2,"name":"Bundesverdienstkreuz f\u00fcr J\u00fcrgen Raab"}]},{"@type":"WebSite","@id":"https:\/\/lebenshilfe-dillenburg.de\/leicht\/#website","url":"https:\/\/lebenshilfe-dillenburg.de\/leicht\/","name":"Lebenshilfe Dillenburg \u2013 Teilhabe & Unterst\u00fctzung im Lahn-Dill-Kreis","description":"","publisher":{"@id":"https:\/\/lebenshilfe-dillenburg.de\/leicht\/#organization"},"potentialAction":[{"@type":"SearchAction","target":{"@type":"EntryPoint","urlTemplate":"https:\/\/lebenshilfe-dillenburg.de\/leicht\/?s={search_term_string}"},"query-input":{"@type":"PropertyValueSpecification","valueRequired":true,"valueName":"search_term_string"}}],"inLanguage":"de"},{"@type":"Organization","@id":"https:\/\/lebenshilfe-dillenburg.de\/leicht\/#organization","name":"Lebenshilfe Dillenburg e.V.","url":"https:\/\/lebenshilfe-dillenburg.de\/leicht\/","logo":{"@type":"ImageObject","inLanguage":"de","@id":"https:\/\/lebenshilfe-dillenburg.de\/leicht\/#\/schema\/logo\/image\/","url":"https:\/\/lebenshilfe-dillenburg.de\/wp-content\/uploads\/lebenshilfe-dillenburg-desktop.webp","contentUrl":"https:\/\/lebenshilfe-dillenburg.de\/wp-content\/uploads\/lebenshilfe-dillenburg-desktop.webp","width":461,"height":202,"caption":"Lebenshilfe Dillenburg e.V."},"image":{"@id":"https:\/\/lebenshilfe-dillenburg.de\/leicht\/#\/schema\/logo\/image\/"},"sameAs":["https:\/\/www.facebook.com\/lebenshilfedillenburg\/","https:\/\/www.instagram.com\/lebenshilfe_dillenburg\/"]},{"@type":"Person","@id":"https:\/\/lebenshilfe-dillenburg.de\/leicht\/#\/schema\/person\/b6c52dad8d881b49213c3345a7cd5efe","name":"Conny Holtfoth","sameAs":["http:\/\/lebenshilfe-dillenburg.de"],"url":"https:\/\/lebenshilfe-dillenburg.de\/leicht\/author\/conny\/"}]}},"taxonomy_info":{"category":[{"value":53,"label":"Meldungen"}]},"featured_image_src_large":["https:\/\/lebenshilfe-dillenburg.de\/wp-content\/uploads\/juergen-raab-mit-frau-sigrid-im-garten-1920x1280.jpg",1366,911,true],"author_info":{"display_name":"Conny Holtfoth","author_link":"https:\/\/lebenshilfe-dillenburg.de\/leicht\/author\/conny\/"},"comment_info":0,"category_info":[{"term_id":53,"name":"Meldungen","slug":"meldungen","term_group":0,"term_taxonomy_id":53,"taxonomy":"category","description":"","parent":0,"count":127,"filter":"raw","term_order":"5","cat_ID":53,"category_count":127,"category_description":"","cat_name":"Meldungen","category_nicename":"meldungen","category_parent":0}],"tag_info":false,"_links":{"self":[{"href":"https:\/\/lebenshilfe-dillenburg.de\/leicht\/wp-json\/wp\/v2\/posts\/3779","targetHints":{"allow":["GET"]}}],"collection":[{"href":"https:\/\/lebenshilfe-dillenburg.de\/leicht\/wp-json\/wp\/v2\/posts"}],"about":[{"href":"https:\/\/lebenshilfe-dillenburg.de\/leicht\/wp-json\/wp\/v2\/types\/post"}],"author":[{"embeddable":true,"href":"https:\/\/lebenshilfe-dillenburg.de\/leicht\/wp-json\/wp\/v2\/users\/4"}],"replies":[{"embeddable":true,"href":"https:\/\/lebenshilfe-dillenburg.de\/leicht\/wp-json\/wp\/v2\/comments?post=3779"}],"version-history":[{"count":0,"href":"https:\/\/lebenshilfe-dillenburg.de\/leicht\/wp-json\/wp\/v2\/posts\/3779\/revisions"}],"wp:featuredmedia":[{"embeddable":true,"href":"https:\/\/lebenshilfe-dillenburg.de\/leicht\/wp-json\/wp\/v2\/media\/3780"}],"wp:attachment":[{"href":"https:\/\/lebenshilfe-dillenburg.de\/leicht\/wp-json\/wp\/v2\/media?parent=3779"}],"wp:term":[{"taxonomy":"category","embeddable":true,"href":"https:\/\/lebenshilfe-dillenburg.de\/leicht\/wp-json\/wp\/v2\/categories?post=3779"},{"taxonomy":"post_tag","embeddable":true,"href":"https:\/\/lebenshilfe-dillenburg.de\/leicht\/wp-json\/wp\/v2\/tags?post=3779"}],"curies":[{"name":"wp","href":"https:\/\/api.w.org\/{rel}","templated":true}]}}