{"id":3873,"date":"2022-11-08T09:56:30","date_gmt":"2022-11-08T08:56:30","guid":{"rendered":"https:\/\/www.lebenshilfe-dillenburg.de\/?p=3873"},"modified":"2026-01-30T12:09:39","modified_gmt":"2026-01-30T11:09:39","slug":"abschied-von-sechs-leitungskraeften","status":"publish","type":"post","link":"https:\/\/lebenshilfe-dillenburg.de\/leicht\/abschied-von-sechs-leitungskraeften\/","title":{"rendered":"Abschied von sechs Leitungskr\u00e4ften"},"content":{"rendered":"\n\n\u201eWas lange w\u00e4hrt, wird endlich gut.\u201c Mit diesen Worten hat Lebenshilfe-Vorstandsmitglied Dirk Botzon in der Herborner KulturScheune die Verabschiedungsfeier f\u00fcr sechs Leitungskr\u00e4fte eingeleitet.<!--more-->\n\n \n\nAndreas Thamer (ehemalige Bereichsleitung Wohnen), Bernd Kaiser (ehemalige Leitung Wohnhaus Niederscheld), Anita Groskurt (ehemalige Leitung Familienentlastender Dienst), Rolf Jakob (ehemalige Leitung Sozialer Dienst), Dieter Seifert (ehemalige Leitung Werkstatt Oberscheld) und Armin Reeh (ehemalige Leitung Werkstatt Eibelshausen) \u2013 sechs Menschen, die sich bei der Lebenshilfe Dillenburg mit \u201eSolidarit\u00e4t, Pioniergeist, Ideenreichtum, Freude und Begeisterung\u201c unvergessen gemacht haben, wie Lebenshilfe-Vorstandsmitglied Oliver Schmitzer betonte. Und die nun feierlich und mit zwei Jahren Versp\u00e4tung in den Ruhestand verabschiedet wurden.\n\n \n\n\u201eSowohl f\u00fcr 2020 als auch f\u00fcr 2021 war bereits eine Umsetzung dieser Feierstunde angedacht\u201c, erl\u00e4uterte Botzon. \u201eAber in beiden Jahren machte uns jeweils die COVID-19-Pandemie einen dicken Strich durch die Rechnung. Umso mehr freuen wir uns, dass die Feier nun im dritten Anlauf endlich stattfinden kann.\u201c\n\n \n\nIn den vergangenen f\u00fcnf Jahren sind bei der Lebenshilfe Dillenburg 18 Leitungsstellen nach- oder neu besetzt worden. \u201eDiese Zahl h\u00e4ngt einerseits mit dem Wachstum der Lebenshilfe zusammen, gleichzeitig verdeutlicht sie aber auch den grundlegenden Generationswechsel, der in den letzten Jahren eingesetzt hat und der sich aus demographischen Gr\u00fcnden in unserer Belegschaft auch in n\u00e4chsten Jahren weiter fortsetzen wird\u201c, so Schmitzer. Die Herausforderung sei nun, Bew\u00e4hrtes fortzuf\u00fchren und gleichzeitig neue Wege und L\u00f6sungen f\u00fcr die Zukunft zu entwickeln.\n\n \n\n\u201eNichts ist so best\u00e4ndig wie der Wechsel\u201c, zitierte Lebenshilfe-Betriebsratsvorsitzender Olaf Werthmann Heraklit von Ephesus und dankte den frischgebackenen Rentnern und der Rentnerin daf\u00fcr, dass sie sich in ihrer T\u00e4tigkeit bei der Lebenshilfe Dillenburg stets f\u00fcr Menschen verantwortlich gef\u00fchlt, sie betreut, sie begleitet und ihnen Mut gemacht h\u00e4tten.\n\n \n\nIn eingespielten Videos kamen im Rahmen der Feier Hauptamtliche und Betreute der Lebenshilfe Dillenburg zu Wort, um sich von den sechs langj\u00e4hrigen Leitungskr\u00e4ften zu verabschieden. F\u00fcr stimmungsvolle Musik sorgte die Irish-Folk-Coverband \u201eStreamless 4\u201c um Stefan Betz, Einrichtungsleiter der Werkstatt Oberscheld.\n\n\n\n \n<figure class=\"wp-block-gallery has-nested-images columns-default is-cropped\">\n<figure class=\"wp-block-image size-large\"><\/figure>\n        <\/figure>\n<!-- \/wp:post-content -->","protected":false},"excerpt":{"rendered":"<p>\u201eWas lange w\u00e4hrt, wird endlich gut.\u201c Mit diesen Worten hat Lebenshilfe-Vorstandsmitglied Dirk Botzon in der Herborner KulturScheune die Verabschiedungsfeier f\u00fcr sechs Leitungskr\u00e4fte eingeleitet.<\/p>\n","protected":false},"author":4,"featured_media":7442,"comment_status":"closed","ping_status":"closed","sticky":false,"template":"","format":"standard","meta":{"_acf_changed":false,"_gspb_post_css":"","_kad_blocks_custom_css":"","_kad_blocks_head_custom_js":"","_kad_blocks_body_custom_js":"","_kad_blocks_footer_custom_js":"","_kad_post_transparent":"","_kad_post_title":"","_kad_post_layout":"","_kad_post_sidebar_id":"","_kad_post_content_style":"","_kad_post_vertical_padding":"","_kad_post_feature":"","_kad_post_feature_position":"","_kad_post_header":false,"_kad_post_footer":false,"_kad_post_classname":"","footnotes":""},"categories":[53],"tags":[],"class_list":["post-3873","post","type-post","status-publish","format-standard","has-post-thumbnail","hentry","category-meldungen"],"acf":[],"yoast_head":"<!-- This site is optimized with the Yoast SEO plugin v27.5 - https:\/\/yoast.com\/product\/yoast-seo-wordpress\/ -->\n<title>Abschied von sechs Leitungskr\u00e4ften - Lebenshilfe Dillenburg e.V.<\/title>\n<meta name=\"robots\" content=\"index, follow, max-snippet:-1, max-image-preview:large, max-video-preview:-1\" \/>\n<link rel=\"canonical\" href=\"https:\/\/lebenshilfe-dillenburg.de\/leicht\/abschied-von-sechs-leitungskraeften\/\" \/>\n<meta property=\"og:locale\" content=\"de_DE\" \/>\n<meta property=\"og:type\" content=\"article\" \/>\n<meta property=\"og:title\" content=\"Abschied von sechs Leitungskr\u00e4ften - Lebenshilfe Dillenburg e.V.\" \/>\n<meta property=\"og:description\" content=\"\u201eWas lange w\u00e4hrt, wird endlich gut.\u201c Mit diesen Worten hat Lebenshilfe-Vorstandsmitglied Dirk Botzon in der Herborner KulturScheune die Verabschiedungsfeier f\u00fcr sechs Leitungskr\u00e4fte eingeleitet.\" \/>\n<meta property=\"og:url\" content=\"https:\/\/lebenshilfe-dillenburg.de\/leicht\/abschied-von-sechs-leitungskraeften\/\" \/>\n<meta property=\"og:site_name\" content=\"Lebenshilfe Dillenburg e.V.\" \/>\n<meta property=\"article:publisher\" content=\"https:\/\/www.facebook.com\/lebenshilfedillenburg\/\" \/>\n<meta property=\"article:published_time\" content=\"2022-11-08T08:56:30+00:00\" \/>\n<meta property=\"article:modified_time\" content=\"2026-01-30T11:09:39+00:00\" \/>\n<meta property=\"og:image\" content=\"https:\/\/lebenshilfe-dillenburg.de\/wp-content\/uploads\/img-4701-scaled-3.jpg\" \/>\n\t<meta property=\"og:image:width\" content=\"2560\" \/>\n\t<meta property=\"og:image:height\" content=\"1626\" \/>\n\t<meta property=\"og:image:type\" content=\"image\/jpeg\" \/>\n<meta name=\"author\" content=\"Conny Holtfoth\" \/>\n<meta name=\"twitter:card\" content=\"summary_large_image\" \/>\n<meta name=\"twitter:label1\" content=\"Geschrieben von\" \/>\n\t<meta name=\"twitter:data1\" content=\"Conny Holtfoth\" \/>\n\t<meta name=\"twitter:label2\" content=\"Gesch\u00e4tzte Lesezeit\" \/>\n\t<meta name=\"twitter:data2\" content=\"2\u00a0Minuten\" \/>\n<script type=\"application\/ld+json\" class=\"yoast-schema-graph\">{\"@context\":\"https:\\\/\\\/schema.org\",\"@graph\":[{\"@type\":\"Article\",\"@id\":\"https:\\\/\\\/lebenshilfe-dillenburg.de\\\/leicht\\\/abschied-von-sechs-leitungskraeften\\\/#article\",\"isPartOf\":{\"@id\":\"https:\\\/\\\/lebenshilfe-dillenburg.de\\\/leicht\\\/abschied-von-sechs-leitungskraeften\\\/\"},\"author\":{\"name\":\"Conny Holtfoth\",\"@id\":\"https:\\\/\\\/lebenshilfe-dillenburg.de\\\/leicht\\\/#\\\/schema\\\/person\\\/b6c52dad8d881b49213c3345a7cd5efe\"},\"headline\":\"Abschied von sechs Leitungskr\u00e4ften\",\"datePublished\":\"2022-11-08T08:56:30+00:00\",\"dateModified\":\"2026-01-30T11:09:39+00:00\",\"mainEntityOfPage\":{\"@id\":\"https:\\\/\\\/lebenshilfe-dillenburg.de\\\/leicht\\\/abschied-von-sechs-leitungskraeften\\\/\"},\"wordCount\":335,\"publisher\":{\"@id\":\"https:\\\/\\\/lebenshilfe-dillenburg.de\\\/leicht\\\/#organization\"},\"image\":{\"@id\":\"https:\\\/\\\/lebenshilfe-dillenburg.de\\\/leicht\\\/abschied-von-sechs-leitungskraeften\\\/#primaryimage\"},\"thumbnailUrl\":\"https:\\\/\\\/lebenshilfe-dillenburg.de\\\/wp-content\\\/uploads\\\/abendveranstaltung-mit-liveband-im-saalkonzert.jpg\",\"articleSection\":[\"Meldungen\"],\"inLanguage\":\"de\"},{\"@type\":\"WebPage\",\"@id\":\"https:\\\/\\\/lebenshilfe-dillenburg.de\\\/leicht\\\/abschied-von-sechs-leitungskraeften\\\/\",\"url\":\"https:\\\/\\\/lebenshilfe-dillenburg.de\\\/leicht\\\/abschied-von-sechs-leitungskraeften\\\/\",\"name\":\"Abschied von sechs Leitungskr\u00e4ften - Lebenshilfe Dillenburg e.V.\",\"isPartOf\":{\"@id\":\"https:\\\/\\\/lebenshilfe-dillenburg.de\\\/leicht\\\/#website\"},\"primaryImageOfPage\":{\"@id\":\"https:\\\/\\\/lebenshilfe-dillenburg.de\\\/leicht\\\/abschied-von-sechs-leitungskraeften\\\/#primaryimage\"},\"image\":{\"@id\":\"https:\\\/\\\/lebenshilfe-dillenburg.de\\\/leicht\\\/abschied-von-sechs-leitungskraeften\\\/#primaryimage\"},\"thumbnailUrl\":\"https:\\\/\\\/lebenshilfe-dillenburg.de\\\/wp-content\\\/uploads\\\/abendveranstaltung-mit-liveband-im-saalkonzert.jpg\",\"datePublished\":\"2022-11-08T08:56:30+00:00\",\"dateModified\":\"2026-01-30T11:09:39+00:00\",\"breadcrumb\":{\"@id\":\"https:\\\/\\\/lebenshilfe-dillenburg.de\\\/leicht\\\/abschied-von-sechs-leitungskraeften\\\/#breadcrumb\"},\"inLanguage\":\"de\",\"potentialAction\":[{\"@type\":\"ReadAction\",\"target\":[\"https:\\\/\\\/lebenshilfe-dillenburg.de\\\/leicht\\\/abschied-von-sechs-leitungskraeften\\\/\"]}]},{\"@type\":\"ImageObject\",\"inLanguage\":\"de\",\"@id\":\"https:\\\/\\\/lebenshilfe-dillenburg.de\\\/leicht\\\/abschied-von-sechs-leitungskraeften\\\/#primaryimage\",\"url\":\"https:\\\/\\\/lebenshilfe-dillenburg.de\\\/wp-content\\\/uploads\\\/abendveranstaltung-mit-liveband-im-saalkonzert.jpg\",\"contentUrl\":\"https:\\\/\\\/lebenshilfe-dillenburg.de\\\/wp-content\\\/uploads\\\/abendveranstaltung-mit-liveband-im-saalkonzert.jpg\",\"width\":1500,\"height\":953,\"caption\":\"Abendveranstaltung im Saal mit Liveband, gedeckten Tischen und Foto-Slideshow auf gro\u00dfer Leinwand.\"},{\"@type\":\"BreadcrumbList\",\"@id\":\"https:\\\/\\\/lebenshilfe-dillenburg.de\\\/leicht\\\/abschied-von-sechs-leitungskraeften\\\/#breadcrumb\",\"itemListElement\":[{\"@type\":\"ListItem\",\"position\":1,\"name\":\"Startseite der Lebenshilfe Dillenburg\",\"item\":\"https:\\\/\\\/lebenshilfe-dillenburg.de\\\/leicht\\\/\"},{\"@type\":\"ListItem\",\"position\":2,\"name\":\"Abschied von sechs Leitungskr\u00e4ften\"}]},{\"@type\":\"WebSite\",\"@id\":\"https:\\\/\\\/lebenshilfe-dillenburg.de\\\/leicht\\\/#website\",\"url\":\"https:\\\/\\\/lebenshilfe-dillenburg.de\\\/leicht\\\/\",\"name\":\"Lebenshilfe Dillenburg \u2013 Teilhabe & Unterst\u00fctzung im Lahn-Dill-Kreis\",\"description\":\"\",\"publisher\":{\"@id\":\"https:\\\/\\\/lebenshilfe-dillenburg.de\\\/leicht\\\/#organization\"},\"potentialAction\":[{\"@type\":\"SearchAction\",\"target\":{\"@type\":\"EntryPoint\",\"urlTemplate\":\"https:\\\/\\\/lebenshilfe-dillenburg.de\\\/leicht\\\/?s={search_term_string}\"},\"query-input\":{\"@type\":\"PropertyValueSpecification\",\"valueRequired\":true,\"valueName\":\"search_term_string\"}}],\"inLanguage\":\"de\"},{\"@type\":\"Organization\",\"@id\":\"https:\\\/\\\/lebenshilfe-dillenburg.de\\\/leicht\\\/#organization\",\"name\":\"Lebenshilfe Dillenburg e.V.\",\"url\":\"https:\\\/\\\/lebenshilfe-dillenburg.de\\\/leicht\\\/\",\"logo\":{\"@type\":\"ImageObject\",\"inLanguage\":\"de\",\"@id\":\"https:\\\/\\\/lebenshilfe-dillenburg.de\\\/leicht\\\/#\\\/schema\\\/logo\\\/image\\\/\",\"url\":\"https:\\\/\\\/lebenshilfe-dillenburg.de\\\/wp-content\\\/uploads\\\/lebenshilfe-dillenburg-desktop.webp\",\"contentUrl\":\"https:\\\/\\\/lebenshilfe-dillenburg.de\\\/wp-content\\\/uploads\\\/lebenshilfe-dillenburg-desktop.webp\",\"width\":461,\"height\":202,\"caption\":\"Lebenshilfe Dillenburg e.V.\"},\"image\":{\"@id\":\"https:\\\/\\\/lebenshilfe-dillenburg.de\\\/leicht\\\/#\\\/schema\\\/logo\\\/image\\\/\"},\"sameAs\":[\"https:\\\/\\\/www.facebook.com\\\/lebenshilfedillenburg\\\/\",\"https:\\\/\\\/www.instagram.com\\\/lebenshilfe_dillenburg\\\/\"]},{\"@type\":\"Person\",\"@id\":\"https:\\\/\\\/lebenshilfe-dillenburg.de\\\/leicht\\\/#\\\/schema\\\/person\\\/b6c52dad8d881b49213c3345a7cd5efe\",\"name\":\"Conny Holtfoth\",\"sameAs\":[\"http:\\\/\\\/lebenshilfe-dillenburg.de\"],\"url\":\"https:\\\/\\\/lebenshilfe-dillenburg.de\\\/leicht\\\/author\\\/conny\\\/\"}]}<\/script>\n<!-- \/ Yoast SEO plugin. -->","yoast_head_json":{"title":"Abschied von sechs Leitungskr\u00e4ften - Lebenshilfe Dillenburg e.V.","robots":{"index":"index","follow":"follow","max-snippet":"max-snippet:-1","max-image-preview":"max-image-preview:large","max-video-preview":"max-video-preview:-1"},"canonical":"https:\/\/lebenshilfe-dillenburg.de\/leicht\/abschied-von-sechs-leitungskraeften\/","og_locale":"de_DE","og_type":"article","og_title":"Abschied von sechs Leitungskr\u00e4ften - Lebenshilfe Dillenburg e.V.","og_description":"\u201eWas lange w\u00e4hrt, wird endlich gut.\u201c Mit diesen Worten hat Lebenshilfe-Vorstandsmitglied Dirk Botzon in der Herborner KulturScheune die Verabschiedungsfeier f\u00fcr sechs Leitungskr\u00e4fte eingeleitet.","og_url":"https:\/\/lebenshilfe-dillenburg.de\/leicht\/abschied-von-sechs-leitungskraeften\/","og_site_name":"Lebenshilfe Dillenburg e.V.","article_publisher":"https:\/\/www.facebook.com\/lebenshilfedillenburg\/","article_published_time":"2022-11-08T08:56:30+00:00","article_modified_time":"2026-01-30T11:09:39+00:00","og_image":[{"width":2560,"height":1626,"url":"https:\/\/lebenshilfe-dillenburg.de\/wp-content\/uploads\/img-4701-scaled-3.jpg","type":"image\/jpeg"}],"author":"Conny Holtfoth","twitter_card":"summary_large_image","twitter_misc":{"Geschrieben von":"Conny Holtfoth","Gesch\u00e4tzte Lesezeit":"2\u00a0Minuten"},"schema":{"@context":"https:\/\/schema.org","@graph":[{"@type":"Article","@id":"https:\/\/lebenshilfe-dillenburg.de\/leicht\/abschied-von-sechs-leitungskraeften\/#article","isPartOf":{"@id":"https:\/\/lebenshilfe-dillenburg.de\/leicht\/abschied-von-sechs-leitungskraeften\/"},"author":{"name":"Conny Holtfoth","@id":"https:\/\/lebenshilfe-dillenburg.de\/leicht\/#\/schema\/person\/b6c52dad8d881b49213c3345a7cd5efe"},"headline":"Abschied von sechs Leitungskr\u00e4ften","datePublished":"2022-11-08T08:56:30+00:00","dateModified":"2026-01-30T11:09:39+00:00","mainEntityOfPage":{"@id":"https:\/\/lebenshilfe-dillenburg.de\/leicht\/abschied-von-sechs-leitungskraeften\/"},"wordCount":335,"publisher":{"@id":"https:\/\/lebenshilfe-dillenburg.de\/leicht\/#organization"},"image":{"@id":"https:\/\/lebenshilfe-dillenburg.de\/leicht\/abschied-von-sechs-leitungskraeften\/#primaryimage"},"thumbnailUrl":"https:\/\/lebenshilfe-dillenburg.de\/wp-content\/uploads\/abendveranstaltung-mit-liveband-im-saalkonzert.jpg","articleSection":["Meldungen"],"inLanguage":"de"},{"@type":"WebPage","@id":"https:\/\/lebenshilfe-dillenburg.de\/leicht\/abschied-von-sechs-leitungskraeften\/","url":"https:\/\/lebenshilfe-dillenburg.de\/leicht\/abschied-von-sechs-leitungskraeften\/","name":"Abschied von sechs Leitungskr\u00e4ften - Lebenshilfe Dillenburg e.V.","isPartOf":{"@id":"https:\/\/lebenshilfe-dillenburg.de\/leicht\/#website"},"primaryImageOfPage":{"@id":"https:\/\/lebenshilfe-dillenburg.de\/leicht\/abschied-von-sechs-leitungskraeften\/#primaryimage"},"image":{"@id":"https:\/\/lebenshilfe-dillenburg.de\/leicht\/abschied-von-sechs-leitungskraeften\/#primaryimage"},"thumbnailUrl":"https:\/\/lebenshilfe-dillenburg.de\/wp-content\/uploads\/abendveranstaltung-mit-liveband-im-saalkonzert.jpg","datePublished":"2022-11-08T08:56:30+00:00","dateModified":"2026-01-30T11:09:39+00:00","breadcrumb":{"@id":"https:\/\/lebenshilfe-dillenburg.de\/leicht\/abschied-von-sechs-leitungskraeften\/#breadcrumb"},"inLanguage":"de","potentialAction":[{"@type":"ReadAction","target":["https:\/\/lebenshilfe-dillenburg.de\/leicht\/abschied-von-sechs-leitungskraeften\/"]}]},{"@type":"ImageObject","inLanguage":"de","@id":"https:\/\/lebenshilfe-dillenburg.de\/leicht\/abschied-von-sechs-leitungskraeften\/#primaryimage","url":"https:\/\/lebenshilfe-dillenburg.de\/wp-content\/uploads\/abendveranstaltung-mit-liveband-im-saalkonzert.jpg","contentUrl":"https:\/\/lebenshilfe-dillenburg.de\/wp-content\/uploads\/abendveranstaltung-mit-liveband-im-saalkonzert.jpg","width":1500,"height":953,"caption":"Abendveranstaltung im Saal mit Liveband, gedeckten Tischen und Foto-Slideshow auf gro\u00dfer Leinwand."},{"@type":"BreadcrumbList","@id":"https:\/\/lebenshilfe-dillenburg.de\/leicht\/abschied-von-sechs-leitungskraeften\/#breadcrumb","itemListElement":[{"@type":"ListItem","position":1,"name":"Startseite der Lebenshilfe Dillenburg","item":"https:\/\/lebenshilfe-dillenburg.de\/leicht\/"},{"@type":"ListItem","position":2,"name":"Abschied von sechs Leitungskr\u00e4ften"}]},{"@type":"WebSite","@id":"https:\/\/lebenshilfe-dillenburg.de\/leicht\/#website","url":"https:\/\/lebenshilfe-dillenburg.de\/leicht\/","name":"Lebenshilfe Dillenburg \u2013 Teilhabe & Unterst\u00fctzung im Lahn-Dill-Kreis","description":"","publisher":{"@id":"https:\/\/lebenshilfe-dillenburg.de\/leicht\/#organization"},"potentialAction":[{"@type":"SearchAction","target":{"@type":"EntryPoint","urlTemplate":"https:\/\/lebenshilfe-dillenburg.de\/leicht\/?s={search_term_string}"},"query-input":{"@type":"PropertyValueSpecification","valueRequired":true,"valueName":"search_term_string"}}],"inLanguage":"de"},{"@type":"Organization","@id":"https:\/\/lebenshilfe-dillenburg.de\/leicht\/#organization","name":"Lebenshilfe Dillenburg e.V.","url":"https:\/\/lebenshilfe-dillenburg.de\/leicht\/","logo":{"@type":"ImageObject","inLanguage":"de","@id":"https:\/\/lebenshilfe-dillenburg.de\/leicht\/#\/schema\/logo\/image\/","url":"https:\/\/lebenshilfe-dillenburg.de\/wp-content\/uploads\/lebenshilfe-dillenburg-desktop.webp","contentUrl":"https:\/\/lebenshilfe-dillenburg.de\/wp-content\/uploads\/lebenshilfe-dillenburg-desktop.webp","width":461,"height":202,"caption":"Lebenshilfe Dillenburg e.V."},"image":{"@id":"https:\/\/lebenshilfe-dillenburg.de\/leicht\/#\/schema\/logo\/image\/"},"sameAs":["https:\/\/www.facebook.com\/lebenshilfedillenburg\/","https:\/\/www.instagram.com\/lebenshilfe_dillenburg\/"]},{"@type":"Person","@id":"https:\/\/lebenshilfe-dillenburg.de\/leicht\/#\/schema\/person\/b6c52dad8d881b49213c3345a7cd5efe","name":"Conny Holtfoth","sameAs":["http:\/\/lebenshilfe-dillenburg.de"],"url":"https:\/\/lebenshilfe-dillenburg.de\/leicht\/author\/conny\/"}]}},"taxonomy_info":{"category":[{"value":53,"label":"Meldungen"}]},"featured_image_src_large":["https:\/\/lebenshilfe-dillenburg.de\/wp-content\/uploads\/abendveranstaltung-mit-liveband-im-saalkonzert-1920x1220.jpg",1366,868,true],"author_info":{"display_name":"Conny Holtfoth","author_link":"https:\/\/lebenshilfe-dillenburg.de\/leicht\/author\/conny\/"},"comment_info":0,"category_info":[{"term_id":53,"name":"Meldungen","slug":"meldungen","term_group":0,"term_taxonomy_id":53,"taxonomy":"category","description":"","parent":0,"count":127,"filter":"raw","term_order":"5","cat_ID":53,"category_count":127,"category_description":"","cat_name":"Meldungen","category_nicename":"meldungen","category_parent":0}],"tag_info":false,"_links":{"self":[{"href":"https:\/\/lebenshilfe-dillenburg.de\/leicht\/wp-json\/wp\/v2\/posts\/3873","targetHints":{"allow":["GET"]}}],"collection":[{"href":"https:\/\/lebenshilfe-dillenburg.de\/leicht\/wp-json\/wp\/v2\/posts"}],"about":[{"href":"https:\/\/lebenshilfe-dillenburg.de\/leicht\/wp-json\/wp\/v2\/types\/post"}],"author":[{"embeddable":true,"href":"https:\/\/lebenshilfe-dillenburg.de\/leicht\/wp-json\/wp\/v2\/users\/4"}],"replies":[{"embeddable":true,"href":"https:\/\/lebenshilfe-dillenburg.de\/leicht\/wp-json\/wp\/v2\/comments?post=3873"}],"version-history":[{"count":0,"href":"https:\/\/lebenshilfe-dillenburg.de\/leicht\/wp-json\/wp\/v2\/posts\/3873\/revisions"}],"wp:featuredmedia":[{"embeddable":true,"href":"https:\/\/lebenshilfe-dillenburg.de\/leicht\/wp-json\/wp\/v2\/media\/7442"}],"wp:attachment":[{"href":"https:\/\/lebenshilfe-dillenburg.de\/leicht\/wp-json\/wp\/v2\/media?parent=3873"}],"wp:term":[{"taxonomy":"category","embeddable":true,"href":"https:\/\/lebenshilfe-dillenburg.de\/leicht\/wp-json\/wp\/v2\/categories?post=3873"},{"taxonomy":"post_tag","embeddable":true,"href":"https:\/\/lebenshilfe-dillenburg.de\/leicht\/wp-json\/wp\/v2\/tags?post=3873"}],"curies":[{"name":"wp","href":"https:\/\/api.w.org\/{rel}","templated":true}]}}