{"id":4223,"date":"2023-07-14T13:09:42","date_gmt":"2023-07-14T11:09:42","guid":{"rendered":"https:\/\/www.lebenshilfe-dillenburg.de\/?p=4223"},"modified":"2026-01-30T12:09:40","modified_gmt":"2026-01-30T11:09:40","slug":"vieles-in-bewegung-bei-der-lebenshilfe","status":"publish","type":"post","link":"https:\/\/lebenshilfe-dillenburg.de\/leicht\/vieles-in-bewegung-bei-der-lebenshilfe\/","title":{"rendered":"Vieles in Bewegung bei der Lebenshilfe"},"content":{"rendered":"<p>Vieles ist bei der Lebenshilfe Dillenburg im vergangenen Jahr passiert, vieles ist in Bewegung \u2013 sei es in der Personalentwicklung, in strategischen Neuausrichtungen oder in puncto Digitalisierung. Was jedoch als wesentlicher Schwerpunkt bleibt: \u201eDie Menschen, die wir betreuen, sollen sich bei uns wohlf\u00fchlen.\u201c Das betonte Aufsichtsratsvorsitzender Michael Koch am Mittwochabend bei der Jahreshauptversammlung im Festsaal des Wohnhauses Manderbach.<!--more--><\/p>\n<p>Neben der Verantwortung des Vereins, f\u00fcr das Wohl der Menschen mit Behinderung zu sorgen, sei es aber auch Aufgabe, wirtschaftlich gut zu arbeiten. \u201eDies ausgewogen zu gestalten und im Entwicklungsziel zusammenzubringen, ist eine unserer gro\u00dfen Aufgaben\u201c, so Koch weiter. F\u00fchrung, Verwaltung und Organisation seien dabei wichtige Schwerpunkte. In diesem Zusammenhang lobte er die \u201egute, menschliche und professionelle Arbeit\u201c der beiden Vorstandsmitglieder Dirk Botzon und Dr. Oliver Schmitzer ebenso wie die gro\u00dfartige Arbeit seines Vorg\u00e4ngers J\u00fcrgen Raab, der 2022 nach 40 Jahren im Vorstand und Aufsichtsrat mit dem Bundesverdienstkreuz verabschiedet worden war.<\/p>\n<p>492 Hauptamtliche arbeiten an 18 Standorten f\u00fcr insgesamt 1182 Menschen mit Behinderung. Einen Klienten-Zuwachs gab es insbesondere im Bereich des Betreuten Wohnens. In den vergangenen f\u00fcnf Jahren sind im Zuge des Generationswechsels bei der Lebenshilfe Dillenburg \u00fcber 20 Leitungsstellen neu besetzt worden. Aus diesem Grund ist die Entwicklung und F\u00f6rderung von F\u00fchrungskr\u00e4ften einer der strategischen Punkte, den die Lebenshilfe Dillenburg bereits unter anderem mit einem Entwicklungsprogramm angegangen ist. Dar\u00fcber hinaus z\u00e4hlen Information und Kommunikation sowie eine gemeinsame fachliche Grundhaltung und eine Optimierung von Arbeitsbedingungen zu den Langzeitzielen. \u201eRund 80 Prozent der dazugeh\u00f6rigen Ma\u00dfnahmen sind bereits abgeschlossen\u201c, verk\u00fcndete Schmitzer.<\/p>\n<p>Entwicklungen gibt es auch im Bereich der Digitalisierung. So hat die Lebenshilfe Dillenburg in diesem Jahr die digitale Klientenakte eingef\u00fchrt: Dadurch k\u00f6nnen jetzt wesentliche Informationen jederzeit an jedem Ort abgerufen und eingetragen werden. Auch Menschen mit Behinderung sollen an der fortschreitenden Digitalisierung teilhaben. \u201eSo wollen wir unseren Betreuten Informationen in einfacher Sprache auf Ger\u00e4ten, die jeder von ihnen benutzen kann, zukommen lassen\u201c, erl\u00e4uterte Schmitzer. Digitalisierung werde auch in der Zukunft der Werkst\u00e4tten eine Rolle spielen. \u201eWas bieten wir an, wie lassen sich digitale Arbeitspl\u00e4tze schaffen, was ist m\u00f6glich in Richtung erster Arbeitsmarkt?\u201c, z\u00e4hlte Schmitzer auf.<\/p>\n<p>Gro\u00dfe Bauvorhaben werden die Lebenshilfe Dillenburg auch noch in den kommenden Jahren begleiten. \u201eIch h\u00e4tte heute gerne gesagt: Es geht n\u00e4chsten Monat los\u201c, leitete Botzon bedauernd den Stand zum Ersatzbau der Werkstatt Eibelshausen ein. Die einschneidenden Ver\u00e4nderungen auf dem Bau- und Finanzierungssektor hatten dazu gef\u00fchrt, dass die Umsetzung des Investorenprojektes nicht weiterverfolgt werden konnte. \u201eWir arbeiten jedoch mit Hochdruck an einer L\u00f6sung und stehen in Austausch mit Kommunen, Bautr\u00e4gern und Privatpersonen\u201c, betonte Botzon. Insbesondere dr\u00e4nge die Zeit, weil die Lebenshilfe Dillenburg dringend zus\u00e4tzliche Pl\u00e4tze f\u00fcr schwerstbeeintr\u00e4chtigte oder mehrfach beeintr\u00e4chtigte Menschen in der Tagesf\u00f6rderst\u00e4tte schaffen muss. \u201eDie Warteliste ist lang, und wir k\u00f6nnen bislang den Bedarf nicht decken\u201c, so Botzon. F\u00fcr den Ersatzbau wird ein Grundst\u00fcck in Gr\u00f6\u00dfe von 8000 bis 9000 Quadratmetern ben\u00f6tigt.<\/p>\n<p>Ein Neubau steht auch beim Wohnhaus Manderbach an, das energetisch und technisch in die Jahre gekommen ist. Der Neubau soll Schritt f\u00fcr Schritt entstehen, damit der laufende Betrieb gew\u00e4hrleistet bleibt. \u201eEine Sanierung des Wohnhauses w\u00e4re teurer geworden als ein Neubau\u201c, erkl\u00e4rte Koch. Als weiteren Neubau plant der Verein aus Platzgr\u00fcnden ein neues Verwaltungsgeb\u00e4ude in der Haigerer Erlachstra\u00dfe. Dieses Projekt steht allerdings in der Priorisierung hinter den beiden Vorhaben im Werkstatt- und Wohnbereich. Im vergangenen Jahr wurden bereits an den Standorten Eibelshausen, Flammersbach, Dillenburg und Simmersbach verschiedene Brandschutzma\u00dfnahmen umgesetzt, beim station\u00e4r begleiteten Wohnen in Haiger entstand ein neuer Gemeinschaftsraum.<\/p>\n<p>Finanziell ist die Lebenshilfe Dillenburg gut aufgestellt. F\u00fcr wesentliche Aufwendungen im vergangenen Jahr sorgten die Unterhaltungskosten der Liegenschaften sowie der gewachsene Personalbereich. Erfreulich seien die gestiegenen Leistungserl\u00f6se der Werkst\u00e4tten zu benennen: \u201eUnsere Industriepartner haben uns treu zur Seite gestanden und kontinuierlich mit Auftr\u00e4gen versorgt\u201c, lie\u00df Botzon wissen.<\/p>\n<p class=\"xmsonormal\"><b>Jubilare: <\/b><\/p>\n<p class=\"xmsonormal\"><b>50 Jahre: <\/b><\/p>\n<p class=\"xmsonormal\">Rosemarie Kunz<\/p>\n<p class=\"xmsonormal\"><b>40 Jahre: <\/b><\/p>\n<p class=\"xmsonormal\">Dr. Michael Hocke, Dr. Michael Auff&#8217;m Ordt, Cornelia M\u00fcller, Ilse Eichert, Christa Schl\u00f6ser, Irmgard Wege, Werner Nickel, Gemeindeverwaltung Siegbach, Dr. Jochen Stockbr\u00fcgger, Gemeindeverwaltung Greifenstein, Heidi Nix, J\u00fcrgen Helmke, Gemeindeverwaltung Dietzh\u00f6lztal, Gerhard Knapp, Roswitha Greeb.<\/p>\n<p class=\"xmsonormal\"><b>25 Jahre: <\/b><\/p>\n<p class=\"xmsonormal\">Inge Titz, Friedegard Heppner, Sigrid M\u00fcnz, Gerhard Br\u00e4uer, Andrea Swoboda, Christop Wengenroth, Thomas Pfeiffer, Dorothea Str\u00f6her, Corinna Hast-R\u00f6der, Maria Bedenbender, Inge Pliska, Erna Paderin, Volker Enners, Annette Daubertsh\u00e4user, Michael Lenz, Sonja Sch\u00e4fer, Mikica Micic, Eleonore K\u00f6hnke, Eva-Britt Behrens, Tanja Kestler, Rike Kureck, Veronika Petters.<\/p>\n<figure id=\"attachment_4224\" aria-describedby=\"caption-attachment-4224\" style=\"width: 600px\" class=\"wp-caption alignleft\"><a href=\"https:\/\/lebenshilfe-dillenburg.de\/wp-content\/uploads\/ehrung-jubilare-25-jahre-mitgliedschaft-gruppenfoto.jpg\"><img loading=\"lazy\" decoding=\"async\" class=\"size-medium wp-image-4224\" src=\"https:\/\/lebenshilfe-dillenburg.de\/wp-content\/uploads\/2023\/07\/vieles-in-bewegung-bei-der-lebenshilfe-img-0721-002-600x432.jpg\" alt=\"\" width=\"600\" height=\"432\" \/><\/a><figcaption id=\"caption-attachment-4224\" class=\"wp-caption-text\">Dr. Oliver Schmitzer (l.), Dirk Botzon (r.) und Michael Koch (2.v.r.) ehren die Jubilare f\u00fcr 25-j\u00e4hrige Mitgliedschaft: (v.l.) Sigrid M\u00fcnz, Mikica Micic, Christof Wengenroth, Sonja Sch\u00e4fer, Volker Enners, Tanja Kestler, Corinna Hast-R\u00f6der, Annette Daubertsh\u00e4user, Michael Lenz und Rike Kureck (vorne).<\/figcaption><\/figure>\n","protected":false},"excerpt":{"rendered":"<p>Vieles ist bei der Lebenshilfe Dillenburg im vergangenen Jahr passiert, vieles ist in Bewegung \u2013 sei es in der Personalentwicklung, in strategischen Neuausrichtungen oder in puncto Digitalisierung. Was jedoch als wesentlicher Schwerpunkt bleibt: \u201eDie Menschen, die wir betreuen, sollen sich bei uns wohlf\u00fchlen.\u201c Das betonte Aufsichtsratsvorsitzender Michael Koch am Mittwochabend bei der Jahreshauptversammlung im Festsaal&#8230;<\/p>\n","protected":false},"author":4,"featured_media":4225,"comment_status":"closed","ping_status":"closed","sticky":false,"template":"","format":"standard","meta":{"_acf_changed":false,"_gspb_post_css":"","_kad_blocks_custom_css":"","_kad_blocks_head_custom_js":"","_kad_blocks_body_custom_js":"","_kad_blocks_footer_custom_js":"","_kad_post_transparent":"","_kad_post_title":"","_kad_post_layout":"","_kad_post_sidebar_id":"","_kad_post_content_style":"","_kad_post_vertical_padding":"","_kad_post_feature":"","_kad_post_feature_position":"","_kad_post_header":false,"_kad_post_footer":false,"_kad_post_classname":"","footnotes":""},"categories":[53],"tags":[],"class_list":["post-4223","post","type-post","status-publish","format-standard","has-post-thumbnail","hentry","category-meldungen"],"acf":[],"yoast_head":"<!-- This site is optimized with the Yoast SEO plugin v27.5 - https:\/\/yoast.com\/product\/yoast-seo-wordpress\/ -->\n<title>Vieles in Bewegung bei der Lebenshilfe - Lebenshilfe Dillenburg e.V.<\/title>\n<meta name=\"robots\" content=\"index, follow, max-snippet:-1, max-image-preview:large, max-video-preview:-1\" \/>\n<link rel=\"canonical\" href=\"https:\/\/lebenshilfe-dillenburg.de\/leicht\/vieles-in-bewegung-bei-der-lebenshilfe\/\" \/>\n<meta property=\"og:locale\" content=\"de_DE\" \/>\n<meta property=\"og:type\" content=\"article\" \/>\n<meta property=\"og:title\" content=\"Vieles in Bewegung bei der Lebenshilfe - Lebenshilfe Dillenburg e.V.\" \/>\n<meta property=\"og:description\" content=\"Vieles ist bei der Lebenshilfe Dillenburg im vergangenen Jahr passiert, vieles ist in Bewegung \u2013 sei es in der Personalentwicklung, in strategischen Neuausrichtungen oder in puncto Digitalisierung. Was jedoch als wesentlicher Schwerpunkt bleibt: \u201eDie Menschen, die wir betreuen, sollen sich bei uns wohlf\u00fchlen.\u201c Das betonte Aufsichtsratsvorsitzender Michael Koch am Mittwochabend bei der Jahreshauptversammlung im Festsaal...\" \/>\n<meta property=\"og:url\" content=\"https:\/\/lebenshilfe-dillenburg.de\/leicht\/vieles-in-bewegung-bei-der-lebenshilfe\/\" \/>\n<meta property=\"og:site_name\" content=\"Lebenshilfe Dillenburg e.V.\" \/>\n<meta property=\"article:publisher\" content=\"https:\/\/www.facebook.com\/lebenshilfedillenburg\/\" \/>\n<meta property=\"article:published_time\" content=\"2023-07-14T11:09:42+00:00\" \/>\n<meta property=\"article:modified_time\" content=\"2026-01-30T11:09:40+00:00\" \/>\n<meta property=\"og:image\" content=\"https:\/\/lebenshilfe-dillenburg.de\/wp-content\/uploads\/vieles-in-bewegung-bei-der-lebenshilfe-img-0725-scaled-3.jpg\" \/>\n\t<meta property=\"og:image:width\" content=\"2560\" \/>\n\t<meta property=\"og:image:height\" content=\"1920\" \/>\n\t<meta property=\"og:image:type\" content=\"image\/jpeg\" \/>\n<meta name=\"author\" content=\"Conny Holtfoth\" \/>\n<meta name=\"twitter:card\" content=\"summary_large_image\" \/>\n<meta name=\"twitter:label1\" content=\"Geschrieben von\" \/>\n\t<meta name=\"twitter:data1\" content=\"Conny Holtfoth\" \/>\n\t<meta name=\"twitter:label2\" content=\"Gesch\u00e4tzte Lesezeit\" \/>\n\t<meta name=\"twitter:data2\" content=\"4\u00a0Minuten\" \/>\n<script type=\"application\/ld+json\" class=\"yoast-schema-graph\">{\"@context\":\"https:\\\/\\\/schema.org\",\"@graph\":[{\"@type\":\"Article\",\"@id\":\"https:\\\/\\\/lebenshilfe-dillenburg.de\\\/leicht\\\/vieles-in-bewegung-bei-der-lebenshilfe\\\/#article\",\"isPartOf\":{\"@id\":\"https:\\\/\\\/lebenshilfe-dillenburg.de\\\/leicht\\\/vieles-in-bewegung-bei-der-lebenshilfe\\\/\"},\"author\":{\"name\":\"Conny Holtfoth\",\"@id\":\"https:\\\/\\\/lebenshilfe-dillenburg.de\\\/leicht\\\/#\\\/schema\\\/person\\\/b6c52dad8d881b49213c3345a7cd5efe\"},\"headline\":\"Vieles in Bewegung bei der Lebenshilfe\",\"datePublished\":\"2023-07-14T11:09:42+00:00\",\"dateModified\":\"2026-01-30T11:09:40+00:00\",\"mainEntityOfPage\":{\"@id\":\"https:\\\/\\\/lebenshilfe-dillenburg.de\\\/leicht\\\/vieles-in-bewegung-bei-der-lebenshilfe\\\/\"},\"wordCount\":816,\"publisher\":{\"@id\":\"https:\\\/\\\/lebenshilfe-dillenburg.de\\\/leicht\\\/#organization\"},\"image\":{\"@id\":\"https:\\\/\\\/lebenshilfe-dillenburg.de\\\/leicht\\\/vieles-in-bewegung-bei-der-lebenshilfe\\\/#primaryimage\"},\"thumbnailUrl\":\"https:\\\/\\\/lebenshilfe-dillenburg.de\\\/wp-content\\\/uploads\\\/dr-michael-hocke-40-jahre-mitgliedschaft-lebenshilfe.jpg\",\"articleSection\":[\"Meldungen\"],\"inLanguage\":\"de\"},{\"@type\":\"WebPage\",\"@id\":\"https:\\\/\\\/lebenshilfe-dillenburg.de\\\/leicht\\\/vieles-in-bewegung-bei-der-lebenshilfe\\\/\",\"url\":\"https:\\\/\\\/lebenshilfe-dillenburg.de\\\/leicht\\\/vieles-in-bewegung-bei-der-lebenshilfe\\\/\",\"name\":\"Vieles in Bewegung bei der Lebenshilfe - Lebenshilfe Dillenburg e.V.\",\"isPartOf\":{\"@id\":\"https:\\\/\\\/lebenshilfe-dillenburg.de\\\/leicht\\\/#website\"},\"primaryImageOfPage\":{\"@id\":\"https:\\\/\\\/lebenshilfe-dillenburg.de\\\/leicht\\\/vieles-in-bewegung-bei-der-lebenshilfe\\\/#primaryimage\"},\"image\":{\"@id\":\"https:\\\/\\\/lebenshilfe-dillenburg.de\\\/leicht\\\/vieles-in-bewegung-bei-der-lebenshilfe\\\/#primaryimage\"},\"thumbnailUrl\":\"https:\\\/\\\/lebenshilfe-dillenburg.de\\\/wp-content\\\/uploads\\\/dr-michael-hocke-40-jahre-mitgliedschaft-lebenshilfe.jpg\",\"datePublished\":\"2023-07-14T11:09:42+00:00\",\"dateModified\":\"2026-01-30T11:09:40+00:00\",\"breadcrumb\":{\"@id\":\"https:\\\/\\\/lebenshilfe-dillenburg.de\\\/leicht\\\/vieles-in-bewegung-bei-der-lebenshilfe\\\/#breadcrumb\"},\"inLanguage\":\"de\",\"potentialAction\":[{\"@type\":\"ReadAction\",\"target\":[\"https:\\\/\\\/lebenshilfe-dillenburg.de\\\/leicht\\\/vieles-in-bewegung-bei-der-lebenshilfe\\\/\"]}]},{\"@type\":\"ImageObject\",\"inLanguage\":\"de\",\"@id\":\"https:\\\/\\\/lebenshilfe-dillenburg.de\\\/leicht\\\/vieles-in-bewegung-bei-der-lebenshilfe\\\/#primaryimage\",\"url\":\"https:\\\/\\\/lebenshilfe-dillenburg.de\\\/wp-content\\\/uploads\\\/dr-michael-hocke-40-jahre-mitgliedschaft-lebenshilfe.jpg\",\"contentUrl\":\"https:\\\/\\\/lebenshilfe-dillenburg.de\\\/wp-content\\\/uploads\\\/dr-michael-hocke-40-jahre-mitgliedschaft-lebenshilfe.jpg\",\"width\":1440,\"height\":1080,\"caption\":\"40 Jahre Mitglied der Lebenshilfe Dillenburg ist Dr. Michael Hocke (2.v.l.). Ihm gratulieren (v.l.) Dr. Oliver Schmitzer, Michael Koch und Dirk Botzon. (Foto: Holtfoth)\"},{\"@type\":\"BreadcrumbList\",\"@id\":\"https:\\\/\\\/lebenshilfe-dillenburg.de\\\/leicht\\\/vieles-in-bewegung-bei-der-lebenshilfe\\\/#breadcrumb\",\"itemListElement\":[{\"@type\":\"ListItem\",\"position\":1,\"name\":\"Startseite der Lebenshilfe Dillenburg\",\"item\":\"https:\\\/\\\/lebenshilfe-dillenburg.de\\\/leicht\\\/\"},{\"@type\":\"ListItem\",\"position\":2,\"name\":\"Vieles in Bewegung bei der Lebenshilfe\"}]},{\"@type\":\"WebSite\",\"@id\":\"https:\\\/\\\/lebenshilfe-dillenburg.de\\\/leicht\\\/#website\",\"url\":\"https:\\\/\\\/lebenshilfe-dillenburg.de\\\/leicht\\\/\",\"name\":\"Lebenshilfe Dillenburg \u2013 Teilhabe & Unterst\u00fctzung im Lahn-Dill-Kreis\",\"description\":\"\",\"publisher\":{\"@id\":\"https:\\\/\\\/lebenshilfe-dillenburg.de\\\/leicht\\\/#organization\"},\"potentialAction\":[{\"@type\":\"SearchAction\",\"target\":{\"@type\":\"EntryPoint\",\"urlTemplate\":\"https:\\\/\\\/lebenshilfe-dillenburg.de\\\/leicht\\\/?s={search_term_string}\"},\"query-input\":{\"@type\":\"PropertyValueSpecification\",\"valueRequired\":true,\"valueName\":\"search_term_string\"}}],\"inLanguage\":\"de\"},{\"@type\":\"Organization\",\"@id\":\"https:\\\/\\\/lebenshilfe-dillenburg.de\\\/leicht\\\/#organization\",\"name\":\"Lebenshilfe Dillenburg e.V.\",\"url\":\"https:\\\/\\\/lebenshilfe-dillenburg.de\\\/leicht\\\/\",\"logo\":{\"@type\":\"ImageObject\",\"inLanguage\":\"de\",\"@id\":\"https:\\\/\\\/lebenshilfe-dillenburg.de\\\/leicht\\\/#\\\/schema\\\/logo\\\/image\\\/\",\"url\":\"https:\\\/\\\/lebenshilfe-dillenburg.de\\\/wp-content\\\/uploads\\\/lebenshilfe-dillenburg-desktop.webp\",\"contentUrl\":\"https:\\\/\\\/lebenshilfe-dillenburg.de\\\/wp-content\\\/uploads\\\/lebenshilfe-dillenburg-desktop.webp\",\"width\":461,\"height\":202,\"caption\":\"Lebenshilfe Dillenburg e.V.\"},\"image\":{\"@id\":\"https:\\\/\\\/lebenshilfe-dillenburg.de\\\/leicht\\\/#\\\/schema\\\/logo\\\/image\\\/\"},\"sameAs\":[\"https:\\\/\\\/www.facebook.com\\\/lebenshilfedillenburg\\\/\",\"https:\\\/\\\/www.instagram.com\\\/lebenshilfe_dillenburg\\\/\"]},{\"@type\":\"Person\",\"@id\":\"https:\\\/\\\/lebenshilfe-dillenburg.de\\\/leicht\\\/#\\\/schema\\\/person\\\/b6c52dad8d881b49213c3345a7cd5efe\",\"name\":\"Conny Holtfoth\",\"sameAs\":[\"http:\\\/\\\/lebenshilfe-dillenburg.de\"],\"url\":\"https:\\\/\\\/lebenshilfe-dillenburg.de\\\/leicht\\\/author\\\/conny\\\/\"}]}<\/script>\n<!-- \/ Yoast SEO plugin. -->","yoast_head_json":{"title":"Vieles in Bewegung bei der Lebenshilfe - Lebenshilfe Dillenburg e.V.","robots":{"index":"index","follow":"follow","max-snippet":"max-snippet:-1","max-image-preview":"max-image-preview:large","max-video-preview":"max-video-preview:-1"},"canonical":"https:\/\/lebenshilfe-dillenburg.de\/leicht\/vieles-in-bewegung-bei-der-lebenshilfe\/","og_locale":"de_DE","og_type":"article","og_title":"Vieles in Bewegung bei der Lebenshilfe - Lebenshilfe Dillenburg e.V.","og_description":"Vieles ist bei der Lebenshilfe Dillenburg im vergangenen Jahr passiert, vieles ist in Bewegung \u2013 sei es in der Personalentwicklung, in strategischen Neuausrichtungen oder in puncto Digitalisierung. Was jedoch als wesentlicher Schwerpunkt bleibt: \u201eDie Menschen, die wir betreuen, sollen sich bei uns wohlf\u00fchlen.\u201c Das betonte Aufsichtsratsvorsitzender Michael Koch am Mittwochabend bei der Jahreshauptversammlung im Festsaal...","og_url":"https:\/\/lebenshilfe-dillenburg.de\/leicht\/vieles-in-bewegung-bei-der-lebenshilfe\/","og_site_name":"Lebenshilfe Dillenburg e.V.","article_publisher":"https:\/\/www.facebook.com\/lebenshilfedillenburg\/","article_published_time":"2023-07-14T11:09:42+00:00","article_modified_time":"2026-01-30T11:09:40+00:00","og_image":[{"width":2560,"height":1920,"url":"https:\/\/lebenshilfe-dillenburg.de\/wp-content\/uploads\/vieles-in-bewegung-bei-der-lebenshilfe-img-0725-scaled-3.jpg","type":"image\/jpeg"}],"author":"Conny Holtfoth","twitter_card":"summary_large_image","twitter_misc":{"Geschrieben von":"Conny Holtfoth","Gesch\u00e4tzte Lesezeit":"4\u00a0Minuten"},"schema":{"@context":"https:\/\/schema.org","@graph":[{"@type":"Article","@id":"https:\/\/lebenshilfe-dillenburg.de\/leicht\/vieles-in-bewegung-bei-der-lebenshilfe\/#article","isPartOf":{"@id":"https:\/\/lebenshilfe-dillenburg.de\/leicht\/vieles-in-bewegung-bei-der-lebenshilfe\/"},"author":{"name":"Conny Holtfoth","@id":"https:\/\/lebenshilfe-dillenburg.de\/leicht\/#\/schema\/person\/b6c52dad8d881b49213c3345a7cd5efe"},"headline":"Vieles in Bewegung bei der Lebenshilfe","datePublished":"2023-07-14T11:09:42+00:00","dateModified":"2026-01-30T11:09:40+00:00","mainEntityOfPage":{"@id":"https:\/\/lebenshilfe-dillenburg.de\/leicht\/vieles-in-bewegung-bei-der-lebenshilfe\/"},"wordCount":816,"publisher":{"@id":"https:\/\/lebenshilfe-dillenburg.de\/leicht\/#organization"},"image":{"@id":"https:\/\/lebenshilfe-dillenburg.de\/leicht\/vieles-in-bewegung-bei-der-lebenshilfe\/#primaryimage"},"thumbnailUrl":"https:\/\/lebenshilfe-dillenburg.de\/wp-content\/uploads\/dr-michael-hocke-40-jahre-mitgliedschaft-lebenshilfe.jpg","articleSection":["Meldungen"],"inLanguage":"de"},{"@type":"WebPage","@id":"https:\/\/lebenshilfe-dillenburg.de\/leicht\/vieles-in-bewegung-bei-der-lebenshilfe\/","url":"https:\/\/lebenshilfe-dillenburg.de\/leicht\/vieles-in-bewegung-bei-der-lebenshilfe\/","name":"Vieles in Bewegung bei der Lebenshilfe - Lebenshilfe Dillenburg e.V.","isPartOf":{"@id":"https:\/\/lebenshilfe-dillenburg.de\/leicht\/#website"},"primaryImageOfPage":{"@id":"https:\/\/lebenshilfe-dillenburg.de\/leicht\/vieles-in-bewegung-bei-der-lebenshilfe\/#primaryimage"},"image":{"@id":"https:\/\/lebenshilfe-dillenburg.de\/leicht\/vieles-in-bewegung-bei-der-lebenshilfe\/#primaryimage"},"thumbnailUrl":"https:\/\/lebenshilfe-dillenburg.de\/wp-content\/uploads\/dr-michael-hocke-40-jahre-mitgliedschaft-lebenshilfe.jpg","datePublished":"2023-07-14T11:09:42+00:00","dateModified":"2026-01-30T11:09:40+00:00","breadcrumb":{"@id":"https:\/\/lebenshilfe-dillenburg.de\/leicht\/vieles-in-bewegung-bei-der-lebenshilfe\/#breadcrumb"},"inLanguage":"de","potentialAction":[{"@type":"ReadAction","target":["https:\/\/lebenshilfe-dillenburg.de\/leicht\/vieles-in-bewegung-bei-der-lebenshilfe\/"]}]},{"@type":"ImageObject","inLanguage":"de","@id":"https:\/\/lebenshilfe-dillenburg.de\/leicht\/vieles-in-bewegung-bei-der-lebenshilfe\/#primaryimage","url":"https:\/\/lebenshilfe-dillenburg.de\/wp-content\/uploads\/dr-michael-hocke-40-jahre-mitgliedschaft-lebenshilfe.jpg","contentUrl":"https:\/\/lebenshilfe-dillenburg.de\/wp-content\/uploads\/dr-michael-hocke-40-jahre-mitgliedschaft-lebenshilfe.jpg","width":1440,"height":1080,"caption":"40 Jahre Mitglied der Lebenshilfe Dillenburg ist Dr. Michael Hocke (2.v.l.). Ihm gratulieren (v.l.) Dr. Oliver Schmitzer, Michael Koch und Dirk Botzon. (Foto: Holtfoth)"},{"@type":"BreadcrumbList","@id":"https:\/\/lebenshilfe-dillenburg.de\/leicht\/vieles-in-bewegung-bei-der-lebenshilfe\/#breadcrumb","itemListElement":[{"@type":"ListItem","position":1,"name":"Startseite der Lebenshilfe Dillenburg","item":"https:\/\/lebenshilfe-dillenburg.de\/leicht\/"},{"@type":"ListItem","position":2,"name":"Vieles in Bewegung bei der Lebenshilfe"}]},{"@type":"WebSite","@id":"https:\/\/lebenshilfe-dillenburg.de\/leicht\/#website","url":"https:\/\/lebenshilfe-dillenburg.de\/leicht\/","name":"Lebenshilfe Dillenburg \u2013 Teilhabe & Unterst\u00fctzung im Lahn-Dill-Kreis","description":"","publisher":{"@id":"https:\/\/lebenshilfe-dillenburg.de\/leicht\/#organization"},"potentialAction":[{"@type":"SearchAction","target":{"@type":"EntryPoint","urlTemplate":"https:\/\/lebenshilfe-dillenburg.de\/leicht\/?s={search_term_string}"},"query-input":{"@type":"PropertyValueSpecification","valueRequired":true,"valueName":"search_term_string"}}],"inLanguage":"de"},{"@type":"Organization","@id":"https:\/\/lebenshilfe-dillenburg.de\/leicht\/#organization","name":"Lebenshilfe Dillenburg e.V.","url":"https:\/\/lebenshilfe-dillenburg.de\/leicht\/","logo":{"@type":"ImageObject","inLanguage":"de","@id":"https:\/\/lebenshilfe-dillenburg.de\/leicht\/#\/schema\/logo\/image\/","url":"https:\/\/lebenshilfe-dillenburg.de\/wp-content\/uploads\/lebenshilfe-dillenburg-desktop.webp","contentUrl":"https:\/\/lebenshilfe-dillenburg.de\/wp-content\/uploads\/lebenshilfe-dillenburg-desktop.webp","width":461,"height":202,"caption":"Lebenshilfe Dillenburg e.V."},"image":{"@id":"https:\/\/lebenshilfe-dillenburg.de\/leicht\/#\/schema\/logo\/image\/"},"sameAs":["https:\/\/www.facebook.com\/lebenshilfedillenburg\/","https:\/\/www.instagram.com\/lebenshilfe_dillenburg\/"]},{"@type":"Person","@id":"https:\/\/lebenshilfe-dillenburg.de\/leicht\/#\/schema\/person\/b6c52dad8d881b49213c3345a7cd5efe","name":"Conny Holtfoth","sameAs":["http:\/\/lebenshilfe-dillenburg.de"],"url":"https:\/\/lebenshilfe-dillenburg.de\/leicht\/author\/conny\/"}]}},"taxonomy_info":{"category":[{"value":53,"label":"Meldungen"}]},"featured_image_src_large":["https:\/\/lebenshilfe-dillenburg.de\/wp-content\/uploads\/dr-michael-hocke-40-jahre-mitgliedschaft-lebenshilfe-1920x1440.jpg",1366,1025,true],"author_info":{"display_name":"Conny Holtfoth","author_link":"https:\/\/lebenshilfe-dillenburg.de\/leicht\/author\/conny\/"},"comment_info":0,"category_info":[{"term_id":53,"name":"Meldungen","slug":"meldungen","term_group":0,"term_taxonomy_id":53,"taxonomy":"category","description":"","parent":0,"count":127,"filter":"raw","term_order":"5","cat_ID":53,"category_count":127,"category_description":"","cat_name":"Meldungen","category_nicename":"meldungen","category_parent":0}],"tag_info":false,"_links":{"self":[{"href":"https:\/\/lebenshilfe-dillenburg.de\/leicht\/wp-json\/wp\/v2\/posts\/4223","targetHints":{"allow":["GET"]}}],"collection":[{"href":"https:\/\/lebenshilfe-dillenburg.de\/leicht\/wp-json\/wp\/v2\/posts"}],"about":[{"href":"https:\/\/lebenshilfe-dillenburg.de\/leicht\/wp-json\/wp\/v2\/types\/post"}],"author":[{"embeddable":true,"href":"https:\/\/lebenshilfe-dillenburg.de\/leicht\/wp-json\/wp\/v2\/users\/4"}],"replies":[{"embeddable":true,"href":"https:\/\/lebenshilfe-dillenburg.de\/leicht\/wp-json\/wp\/v2\/comments?post=4223"}],"version-history":[{"count":0,"href":"https:\/\/lebenshilfe-dillenburg.de\/leicht\/wp-json\/wp\/v2\/posts\/4223\/revisions"}],"wp:featuredmedia":[{"embeddable":true,"href":"https:\/\/lebenshilfe-dillenburg.de\/leicht\/wp-json\/wp\/v2\/media\/4225"}],"wp:attachment":[{"href":"https:\/\/lebenshilfe-dillenburg.de\/leicht\/wp-json\/wp\/v2\/media?parent=4223"}],"wp:term":[{"taxonomy":"category","embeddable":true,"href":"https:\/\/lebenshilfe-dillenburg.de\/leicht\/wp-json\/wp\/v2\/categories?post=4223"},{"taxonomy":"post_tag","embeddable":true,"href":"https:\/\/lebenshilfe-dillenburg.de\/leicht\/wp-json\/wp\/v2\/tags?post=4223"}],"curies":[{"name":"wp","href":"https:\/\/api.w.org\/{rel}","templated":true}]}}