{"id":4246,"date":"2023-08-15T16:56:32","date_gmt":"2023-08-15T14:56:32","guid":{"rendered":"https:\/\/www.lebenshilfe-dillenburg.de\/?p=4246"},"modified":"2026-01-30T12:09:40","modified_gmt":"2026-01-30T11:09:40","slug":"lebenshilfe-feiert-wieder-sommerfest","status":"publish","type":"post","link":"https:\/\/lebenshilfe-dillenburg.de\/leicht\/lebenshilfe-feiert-wieder-sommerfest\/","title":{"rendered":"Lebenshilfe feiert wieder Sommerfest"},"content":{"rendered":"<p>Mit hochkar\u00e4tiger Live-Musik kehrt die Lebenshilfe Dillenburg nach pandemiebedingter Pause am Freitag, 25. August, mit ihrem traditionellen Sommerfest wieder auf das Gel\u00e4nde des Hessischen Landgest\u00fcts in Dillenburg zur\u00fcck.<!--more--><br \/>\nRock. Pop. Party. Daf\u00fcr steht die \u00fcberregional bekannte sechsk\u00f6pfige Coverband EVE. K\u00fcrzlich noch Stimmungsgarant bei Haiger Live, sorgt EVE mit Hits von den 60ern bis zu den 90ern nun in Dillenburg als Haupt-Act f\u00fcr gute Laune.<a href=\"https:\/\/lebenshilfe-dillenburg.de\/wp-content\/uploads\/live-band-gitarrist-saenger-buehne.jpg\"><img loading=\"lazy\" decoding=\"async\" class=\"alignright wp-image-4249\" src=\"https:\/\/lebenshilfe-dillenburg.de\/wp-content\/uploads\/2023\/08\/lebenshilfe-feiert-wieder-sommerfest-img-7225-600x378.jpg\" alt=\"\" width=\"321\" height=\"202\" \/><\/a><\/p>\n<p>Einheizen werden bereits vorher ab 19 Uhr mit Ladykiller und Soul Mash erstmals zwei Vorgruppen. Die f\u00fcnf Musiker von Ladykiller bieten \u201edas Beste von Westernhagen\u201c, die sechsk\u00f6pfige Formation Soul Mash verpackt gro\u00dfe Hits in ein neues Gewand \u2013 Abwechslung garantiert.<\/p>\n<figure id=\"attachment_4248\" aria-describedby=\"caption-attachment-4248\" style=\"width: 336px\" class=\"wp-caption alignleft\"><a href=\"https:\/\/lebenshilfe-dillenburg.de\/wp-content\/uploads\/bandpromo-studiofoto-mit-instrumenten.jpg\"><img loading=\"lazy\" decoding=\"async\" class=\"wp-image-4248\" src=\"https:\/\/lebenshilfe-dillenburg.de\/wp-content\/uploads\/2023\/08\/lebenshilfe-feiert-wieder-sommerfest-img-0272-600x300.jpg\" alt=\"\" width=\"336\" height=\"168\" \/><\/a><figcaption id=\"caption-attachment-4248\" class=\"wp-caption-text\">SoulMash<\/figcaption><\/figure>\n<p>2019 hatte die Lebenshilfe Dillenburg zuletzt die Gro\u00dfveranstaltung f\u00fcr den guten Zweck organisiert. Damals besuchten bei gutem Sp\u00e4tsommerwetter rund 1500 G\u00e4ste das Fest. \u201eWir freuen uns sehr darauf, an dieser tollen Location nun endlich wieder f\u00fcr bereichernde Begegnungen zwischen Menschen mit und ohne Behinderungen zu sorgen, und hoffen nat\u00fcrlich, an die Besucherzahlen fr\u00fcherer Jahre anzukn\u00fcpfen\u201c, sagt Lebenshilfe-Vorstandsmitglied Dirk Botzon.<\/p>\n<p>Ob Wurst und Pommes, Fingerfood oder Kuchen \u2013 f\u00fcr den herzhaften oder s\u00fc\u00dfen Geschmack ist gesorgt. Die Weinstube bietet wieder eine Auswahl k\u00f6stlicher Tropfen verschiedener Weing\u00fcter. Der Eintrittspreis f\u00fcr das Lebenshilfe-Sommerfest betr\u00e4gt f\u00fcnf Euro \u2013 Getr\u00e4nkebecher inklusive.<\/p>\n<p>\u201eAn dieser Stelle einen herzlichen Dank an die zahlreichen regionalen Unternehmen, die uns im Vorfeld finanziell bei der Ausrichtung des Fests unterst\u00fctzt haben\u201c, betont Uwe Br\u00fcckmann, Leiter Finanzen und Controlling. Die Lebenshilfe Dillenburg ist eine gemeinn\u00fctzige Organisation, die im n\u00f6rdlichen Lahn-Dill-Kreis 1200 Menschen mit Behinderung begleitet, betreut und f\u00f6rdert.<\/p>\n","protected":false},"excerpt":{"rendered":"<p>Mit hochkar\u00e4tiger Live-Musik kehrt die Lebenshilfe Dillenburg nach pandemiebedingter Pause am Freitag, 25. August, mit ihrem traditionellen Sommerfest wieder auf das Gel\u00e4nde des Hessischen Landgest\u00fcts in Dillenburg zur\u00fcck.<\/p>\n","protected":false},"author":4,"featured_media":7375,"comment_status":"closed","ping_status":"closed","sticky":false,"template":"","format":"standard","meta":{"_acf_changed":false,"_gspb_post_css":"","_kad_blocks_custom_css":"","_kad_blocks_head_custom_js":"","_kad_blocks_body_custom_js":"","_kad_blocks_footer_custom_js":"","_kad_post_transparent":"","_kad_post_title":"","_kad_post_layout":"","_kad_post_sidebar_id":"","_kad_post_content_style":"","_kad_post_vertical_padding":"","_kad_post_feature":"","_kad_post_feature_position":"","_kad_post_header":false,"_kad_post_footer":false,"_kad_post_classname":"","footnotes":""},"categories":[53],"tags":[],"class_list":["post-4246","post","type-post","status-publish","format-standard","has-post-thumbnail","hentry","category-meldungen"],"acf":[],"yoast_head":"<!-- This site is optimized with the Yoast SEO plugin v27.5 - https:\/\/yoast.com\/product\/yoast-seo-wordpress\/ -->\n<title>Lebenshilfe feiert wieder Sommerfest - Lebenshilfe Dillenburg e.V.<\/title>\n<meta name=\"robots\" content=\"index, follow, max-snippet:-1, max-image-preview:large, max-video-preview:-1\" \/>\n<link rel=\"canonical\" href=\"https:\/\/lebenshilfe-dillenburg.de\/leicht\/lebenshilfe-feiert-wieder-sommerfest\/\" \/>\n<meta property=\"og:locale\" content=\"de_DE\" \/>\n<meta property=\"og:type\" content=\"article\" \/>\n<meta property=\"og:title\" content=\"Lebenshilfe feiert wieder Sommerfest - Lebenshilfe Dillenburg e.V.\" \/>\n<meta property=\"og:description\" content=\"Mit hochkar\u00e4tiger Live-Musik kehrt die Lebenshilfe Dillenburg nach pandemiebedingter Pause am Freitag, 25. August, mit ihrem traditionellen Sommerfest wieder auf das Gel\u00e4nde des Hessischen Landgest\u00fcts in Dillenburg zur\u00fcck.\" \/>\n<meta property=\"og:url\" content=\"https:\/\/lebenshilfe-dillenburg.de\/leicht\/lebenshilfe-feiert-wieder-sommerfest\/\" \/>\n<meta property=\"og:site_name\" content=\"Lebenshilfe Dillenburg e.V.\" \/>\n<meta property=\"article:publisher\" content=\"https:\/\/www.facebook.com\/lebenshilfedillenburg\/\" \/>\n<meta property=\"article:published_time\" content=\"2023-08-15T14:56:32+00:00\" \/>\n<meta property=\"article:modified_time\" content=\"2026-01-30T11:09:40+00:00\" \/>\n<meta property=\"og:image\" content=\"https:\/\/lebenshilfe-dillenburg.de\/wp-content\/uploads\/lebenshilfe-feiert-wieder-sommerfest-eve-gruppenbild-2-scaled-2.jpg\" \/>\n\t<meta property=\"og:image:width\" content=\"2560\" \/>\n\t<meta property=\"og:image:height\" content=\"2235\" \/>\n\t<meta property=\"og:image:type\" content=\"image\/jpeg\" \/>\n<meta name=\"author\" content=\"Conny Holtfoth\" \/>\n<meta name=\"twitter:card\" content=\"summary_large_image\" \/>\n<meta name=\"twitter:label1\" content=\"Geschrieben von\" \/>\n\t<meta name=\"twitter:data1\" content=\"Conny Holtfoth\" \/>\n\t<meta name=\"twitter:label2\" content=\"Gesch\u00e4tzte Lesezeit\" \/>\n\t<meta name=\"twitter:data2\" content=\"1\u00a0Minute\" \/>\n<script type=\"application\/ld+json\" class=\"yoast-schema-graph\">{\"@context\":\"https:\\\/\\\/schema.org\",\"@graph\":[{\"@type\":\"Article\",\"@id\":\"https:\\\/\\\/lebenshilfe-dillenburg.de\\\/leicht\\\/lebenshilfe-feiert-wieder-sommerfest\\\/#article\",\"isPartOf\":{\"@id\":\"https:\\\/\\\/lebenshilfe-dillenburg.de\\\/leicht\\\/lebenshilfe-feiert-wieder-sommerfest\\\/\"},\"author\":{\"name\":\"Conny Holtfoth\",\"@id\":\"https:\\\/\\\/lebenshilfe-dillenburg.de\\\/leicht\\\/#\\\/schema\\\/person\\\/b6c52dad8d881b49213c3345a7cd5efe\"},\"headline\":\"Lebenshilfe feiert wieder Sommerfest\",\"datePublished\":\"2023-08-15T14:56:32+00:00\",\"dateModified\":\"2026-01-30T11:09:40+00:00\",\"mainEntityOfPage\":{\"@id\":\"https:\\\/\\\/lebenshilfe-dillenburg.de\\\/leicht\\\/lebenshilfe-feiert-wieder-sommerfest\\\/\"},\"wordCount\":285,\"publisher\":{\"@id\":\"https:\\\/\\\/lebenshilfe-dillenburg.de\\\/leicht\\\/#organization\"},\"image\":{\"@id\":\"https:\\\/\\\/lebenshilfe-dillenburg.de\\\/leicht\\\/lebenshilfe-feiert-wieder-sommerfest\\\/#primaryimage\"},\"thumbnailUrl\":\"https:\\\/\\\/lebenshilfe-dillenburg.de\\\/wp-content\\\/uploads\\\/eve-gruppenfoto-sommerfest-hauptact.jpg\",\"articleSection\":[\"Meldungen\"],\"inLanguage\":\"de\"},{\"@type\":\"WebPage\",\"@id\":\"https:\\\/\\\/lebenshilfe-dillenburg.de\\\/leicht\\\/lebenshilfe-feiert-wieder-sommerfest\\\/\",\"url\":\"https:\\\/\\\/lebenshilfe-dillenburg.de\\\/leicht\\\/lebenshilfe-feiert-wieder-sommerfest\\\/\",\"name\":\"Lebenshilfe feiert wieder Sommerfest - Lebenshilfe Dillenburg e.V.\",\"isPartOf\":{\"@id\":\"https:\\\/\\\/lebenshilfe-dillenburg.de\\\/leicht\\\/#website\"},\"primaryImageOfPage\":{\"@id\":\"https:\\\/\\\/lebenshilfe-dillenburg.de\\\/leicht\\\/lebenshilfe-feiert-wieder-sommerfest\\\/#primaryimage\"},\"image\":{\"@id\":\"https:\\\/\\\/lebenshilfe-dillenburg.de\\\/leicht\\\/lebenshilfe-feiert-wieder-sommerfest\\\/#primaryimage\"},\"thumbnailUrl\":\"https:\\\/\\\/lebenshilfe-dillenburg.de\\\/wp-content\\\/uploads\\\/eve-gruppenfoto-sommerfest-hauptact.jpg\",\"datePublished\":\"2023-08-15T14:56:32+00:00\",\"dateModified\":\"2026-01-30T11:09:40+00:00\",\"breadcrumb\":{\"@id\":\"https:\\\/\\\/lebenshilfe-dillenburg.de\\\/leicht\\\/lebenshilfe-feiert-wieder-sommerfest\\\/#breadcrumb\"},\"inLanguage\":\"de\",\"potentialAction\":[{\"@type\":\"ReadAction\",\"target\":[\"https:\\\/\\\/lebenshilfe-dillenburg.de\\\/leicht\\\/lebenshilfe-feiert-wieder-sommerfest\\\/\"]}]},{\"@type\":\"ImageObject\",\"inLanguage\":\"de\",\"@id\":\"https:\\\/\\\/lebenshilfe-dillenburg.de\\\/leicht\\\/lebenshilfe-feiert-wieder-sommerfest\\\/#primaryimage\",\"url\":\"https:\\\/\\\/lebenshilfe-dillenburg.de\\\/wp-content\\\/uploads\\\/eve-gruppenfoto-sommerfest-hauptact.jpg\",\"contentUrl\":\"https:\\\/\\\/lebenshilfe-dillenburg.de\\\/wp-content\\\/uploads\\\/eve-gruppenfoto-sommerfest-hauptact.jpg\",\"width\":1237,\"height\":1080,\"caption\":\"EVE ist der Haupt-Act beim diesj\u00e4hrigen Sommerfest.\"},{\"@type\":\"BreadcrumbList\",\"@id\":\"https:\\\/\\\/lebenshilfe-dillenburg.de\\\/leicht\\\/lebenshilfe-feiert-wieder-sommerfest\\\/#breadcrumb\",\"itemListElement\":[{\"@type\":\"ListItem\",\"position\":1,\"name\":\"Startseite der Lebenshilfe Dillenburg\",\"item\":\"https:\\\/\\\/lebenshilfe-dillenburg.de\\\/leicht\\\/\"},{\"@type\":\"ListItem\",\"position\":2,\"name\":\"Lebenshilfe feiert wieder Sommerfest\"}]},{\"@type\":\"WebSite\",\"@id\":\"https:\\\/\\\/lebenshilfe-dillenburg.de\\\/leicht\\\/#website\",\"url\":\"https:\\\/\\\/lebenshilfe-dillenburg.de\\\/leicht\\\/\",\"name\":\"Lebenshilfe Dillenburg \u2013 Teilhabe & Unterst\u00fctzung im Lahn-Dill-Kreis\",\"description\":\"\",\"publisher\":{\"@id\":\"https:\\\/\\\/lebenshilfe-dillenburg.de\\\/leicht\\\/#organization\"},\"potentialAction\":[{\"@type\":\"SearchAction\",\"target\":{\"@type\":\"EntryPoint\",\"urlTemplate\":\"https:\\\/\\\/lebenshilfe-dillenburg.de\\\/leicht\\\/?s={search_term_string}\"},\"query-input\":{\"@type\":\"PropertyValueSpecification\",\"valueRequired\":true,\"valueName\":\"search_term_string\"}}],\"inLanguage\":\"de\"},{\"@type\":\"Organization\",\"@id\":\"https:\\\/\\\/lebenshilfe-dillenburg.de\\\/leicht\\\/#organization\",\"name\":\"Lebenshilfe Dillenburg e.V.\",\"url\":\"https:\\\/\\\/lebenshilfe-dillenburg.de\\\/leicht\\\/\",\"logo\":{\"@type\":\"ImageObject\",\"inLanguage\":\"de\",\"@id\":\"https:\\\/\\\/lebenshilfe-dillenburg.de\\\/leicht\\\/#\\\/schema\\\/logo\\\/image\\\/\",\"url\":\"https:\\\/\\\/lebenshilfe-dillenburg.de\\\/wp-content\\\/uploads\\\/lebenshilfe-dillenburg-desktop.webp\",\"contentUrl\":\"https:\\\/\\\/lebenshilfe-dillenburg.de\\\/wp-content\\\/uploads\\\/lebenshilfe-dillenburg-desktop.webp\",\"width\":461,\"height\":202,\"caption\":\"Lebenshilfe Dillenburg e.V.\"},\"image\":{\"@id\":\"https:\\\/\\\/lebenshilfe-dillenburg.de\\\/leicht\\\/#\\\/schema\\\/logo\\\/image\\\/\"},\"sameAs\":[\"https:\\\/\\\/www.facebook.com\\\/lebenshilfedillenburg\\\/\",\"https:\\\/\\\/www.instagram.com\\\/lebenshilfe_dillenburg\\\/\"]},{\"@type\":\"Person\",\"@id\":\"https:\\\/\\\/lebenshilfe-dillenburg.de\\\/leicht\\\/#\\\/schema\\\/person\\\/b6c52dad8d881b49213c3345a7cd5efe\",\"name\":\"Conny Holtfoth\",\"sameAs\":[\"http:\\\/\\\/lebenshilfe-dillenburg.de\"],\"url\":\"https:\\\/\\\/lebenshilfe-dillenburg.de\\\/leicht\\\/author\\\/conny\\\/\"}]}<\/script>\n<!-- \/ Yoast SEO plugin. -->","yoast_head_json":{"title":"Lebenshilfe feiert wieder Sommerfest - Lebenshilfe Dillenburg e.V.","robots":{"index":"index","follow":"follow","max-snippet":"max-snippet:-1","max-image-preview":"max-image-preview:large","max-video-preview":"max-video-preview:-1"},"canonical":"https:\/\/lebenshilfe-dillenburg.de\/leicht\/lebenshilfe-feiert-wieder-sommerfest\/","og_locale":"de_DE","og_type":"article","og_title":"Lebenshilfe feiert wieder Sommerfest - Lebenshilfe Dillenburg e.V.","og_description":"Mit hochkar\u00e4tiger Live-Musik kehrt die Lebenshilfe Dillenburg nach pandemiebedingter Pause am Freitag, 25. August, mit ihrem traditionellen Sommerfest wieder auf das Gel\u00e4nde des Hessischen Landgest\u00fcts in Dillenburg zur\u00fcck.","og_url":"https:\/\/lebenshilfe-dillenburg.de\/leicht\/lebenshilfe-feiert-wieder-sommerfest\/","og_site_name":"Lebenshilfe Dillenburg e.V.","article_publisher":"https:\/\/www.facebook.com\/lebenshilfedillenburg\/","article_published_time":"2023-08-15T14:56:32+00:00","article_modified_time":"2026-01-30T11:09:40+00:00","og_image":[{"width":2560,"height":2235,"url":"https:\/\/lebenshilfe-dillenburg.de\/wp-content\/uploads\/lebenshilfe-feiert-wieder-sommerfest-eve-gruppenbild-2-scaled-2.jpg","type":"image\/jpeg"}],"author":"Conny Holtfoth","twitter_card":"summary_large_image","twitter_misc":{"Geschrieben von":"Conny Holtfoth","Gesch\u00e4tzte Lesezeit":"1\u00a0Minute"},"schema":{"@context":"https:\/\/schema.org","@graph":[{"@type":"Article","@id":"https:\/\/lebenshilfe-dillenburg.de\/leicht\/lebenshilfe-feiert-wieder-sommerfest\/#article","isPartOf":{"@id":"https:\/\/lebenshilfe-dillenburg.de\/leicht\/lebenshilfe-feiert-wieder-sommerfest\/"},"author":{"name":"Conny Holtfoth","@id":"https:\/\/lebenshilfe-dillenburg.de\/leicht\/#\/schema\/person\/b6c52dad8d881b49213c3345a7cd5efe"},"headline":"Lebenshilfe feiert wieder Sommerfest","datePublished":"2023-08-15T14:56:32+00:00","dateModified":"2026-01-30T11:09:40+00:00","mainEntityOfPage":{"@id":"https:\/\/lebenshilfe-dillenburg.de\/leicht\/lebenshilfe-feiert-wieder-sommerfest\/"},"wordCount":285,"publisher":{"@id":"https:\/\/lebenshilfe-dillenburg.de\/leicht\/#organization"},"image":{"@id":"https:\/\/lebenshilfe-dillenburg.de\/leicht\/lebenshilfe-feiert-wieder-sommerfest\/#primaryimage"},"thumbnailUrl":"https:\/\/lebenshilfe-dillenburg.de\/wp-content\/uploads\/eve-gruppenfoto-sommerfest-hauptact.jpg","articleSection":["Meldungen"],"inLanguage":"de"},{"@type":"WebPage","@id":"https:\/\/lebenshilfe-dillenburg.de\/leicht\/lebenshilfe-feiert-wieder-sommerfest\/","url":"https:\/\/lebenshilfe-dillenburg.de\/leicht\/lebenshilfe-feiert-wieder-sommerfest\/","name":"Lebenshilfe feiert wieder Sommerfest - Lebenshilfe Dillenburg e.V.","isPartOf":{"@id":"https:\/\/lebenshilfe-dillenburg.de\/leicht\/#website"},"primaryImageOfPage":{"@id":"https:\/\/lebenshilfe-dillenburg.de\/leicht\/lebenshilfe-feiert-wieder-sommerfest\/#primaryimage"},"image":{"@id":"https:\/\/lebenshilfe-dillenburg.de\/leicht\/lebenshilfe-feiert-wieder-sommerfest\/#primaryimage"},"thumbnailUrl":"https:\/\/lebenshilfe-dillenburg.de\/wp-content\/uploads\/eve-gruppenfoto-sommerfest-hauptact.jpg","datePublished":"2023-08-15T14:56:32+00:00","dateModified":"2026-01-30T11:09:40+00:00","breadcrumb":{"@id":"https:\/\/lebenshilfe-dillenburg.de\/leicht\/lebenshilfe-feiert-wieder-sommerfest\/#breadcrumb"},"inLanguage":"de","potentialAction":[{"@type":"ReadAction","target":["https:\/\/lebenshilfe-dillenburg.de\/leicht\/lebenshilfe-feiert-wieder-sommerfest\/"]}]},{"@type":"ImageObject","inLanguage":"de","@id":"https:\/\/lebenshilfe-dillenburg.de\/leicht\/lebenshilfe-feiert-wieder-sommerfest\/#primaryimage","url":"https:\/\/lebenshilfe-dillenburg.de\/wp-content\/uploads\/eve-gruppenfoto-sommerfest-hauptact.jpg","contentUrl":"https:\/\/lebenshilfe-dillenburg.de\/wp-content\/uploads\/eve-gruppenfoto-sommerfest-hauptact.jpg","width":1237,"height":1080,"caption":"EVE ist der Haupt-Act beim diesj\u00e4hrigen Sommerfest."},{"@type":"BreadcrumbList","@id":"https:\/\/lebenshilfe-dillenburg.de\/leicht\/lebenshilfe-feiert-wieder-sommerfest\/#breadcrumb","itemListElement":[{"@type":"ListItem","position":1,"name":"Startseite der Lebenshilfe Dillenburg","item":"https:\/\/lebenshilfe-dillenburg.de\/leicht\/"},{"@type":"ListItem","position":2,"name":"Lebenshilfe feiert wieder Sommerfest"}]},{"@type":"WebSite","@id":"https:\/\/lebenshilfe-dillenburg.de\/leicht\/#website","url":"https:\/\/lebenshilfe-dillenburg.de\/leicht\/","name":"Lebenshilfe Dillenburg \u2013 Teilhabe & Unterst\u00fctzung im Lahn-Dill-Kreis","description":"","publisher":{"@id":"https:\/\/lebenshilfe-dillenburg.de\/leicht\/#organization"},"potentialAction":[{"@type":"SearchAction","target":{"@type":"EntryPoint","urlTemplate":"https:\/\/lebenshilfe-dillenburg.de\/leicht\/?s={search_term_string}"},"query-input":{"@type":"PropertyValueSpecification","valueRequired":true,"valueName":"search_term_string"}}],"inLanguage":"de"},{"@type":"Organization","@id":"https:\/\/lebenshilfe-dillenburg.de\/leicht\/#organization","name":"Lebenshilfe Dillenburg e.V.","url":"https:\/\/lebenshilfe-dillenburg.de\/leicht\/","logo":{"@type":"ImageObject","inLanguage":"de","@id":"https:\/\/lebenshilfe-dillenburg.de\/leicht\/#\/schema\/logo\/image\/","url":"https:\/\/lebenshilfe-dillenburg.de\/wp-content\/uploads\/lebenshilfe-dillenburg-desktop.webp","contentUrl":"https:\/\/lebenshilfe-dillenburg.de\/wp-content\/uploads\/lebenshilfe-dillenburg-desktop.webp","width":461,"height":202,"caption":"Lebenshilfe Dillenburg e.V."},"image":{"@id":"https:\/\/lebenshilfe-dillenburg.de\/leicht\/#\/schema\/logo\/image\/"},"sameAs":["https:\/\/www.facebook.com\/lebenshilfedillenburg\/","https:\/\/www.instagram.com\/lebenshilfe_dillenburg\/"]},{"@type":"Person","@id":"https:\/\/lebenshilfe-dillenburg.de\/leicht\/#\/schema\/person\/b6c52dad8d881b49213c3345a7cd5efe","name":"Conny Holtfoth","sameAs":["http:\/\/lebenshilfe-dillenburg.de"],"url":"https:\/\/lebenshilfe-dillenburg.de\/leicht\/author\/conny\/"}]}},"taxonomy_info":{"category":[{"value":53,"label":"Meldungen"}]},"featured_image_src_large":["https:\/\/lebenshilfe-dillenburg.de\/wp-content\/uploads\/eve-gruppenfoto-sommerfest-hauptact-1920x1676.jpg",1366,1192,true],"author_info":{"display_name":"Conny Holtfoth","author_link":"https:\/\/lebenshilfe-dillenburg.de\/leicht\/author\/conny\/"},"comment_info":0,"category_info":[{"term_id":53,"name":"Meldungen","slug":"meldungen","term_group":0,"term_taxonomy_id":53,"taxonomy":"category","description":"","parent":0,"count":127,"filter":"raw","term_order":"5","cat_ID":53,"category_count":127,"category_description":"","cat_name":"Meldungen","category_nicename":"meldungen","category_parent":0}],"tag_info":false,"_links":{"self":[{"href":"https:\/\/lebenshilfe-dillenburg.de\/leicht\/wp-json\/wp\/v2\/posts\/4246","targetHints":{"allow":["GET"]}}],"collection":[{"href":"https:\/\/lebenshilfe-dillenburg.de\/leicht\/wp-json\/wp\/v2\/posts"}],"about":[{"href":"https:\/\/lebenshilfe-dillenburg.de\/leicht\/wp-json\/wp\/v2\/types\/post"}],"author":[{"embeddable":true,"href":"https:\/\/lebenshilfe-dillenburg.de\/leicht\/wp-json\/wp\/v2\/users\/4"}],"replies":[{"embeddable":true,"href":"https:\/\/lebenshilfe-dillenburg.de\/leicht\/wp-json\/wp\/v2\/comments?post=4246"}],"version-history":[{"count":0,"href":"https:\/\/lebenshilfe-dillenburg.de\/leicht\/wp-json\/wp\/v2\/posts\/4246\/revisions"}],"wp:featuredmedia":[{"embeddable":true,"href":"https:\/\/lebenshilfe-dillenburg.de\/leicht\/wp-json\/wp\/v2\/media\/7375"}],"wp:attachment":[{"href":"https:\/\/lebenshilfe-dillenburg.de\/leicht\/wp-json\/wp\/v2\/media?parent=4246"}],"wp:term":[{"taxonomy":"category","embeddable":true,"href":"https:\/\/lebenshilfe-dillenburg.de\/leicht\/wp-json\/wp\/v2\/categories?post=4246"},{"taxonomy":"post_tag","embeddable":true,"href":"https:\/\/lebenshilfe-dillenburg.de\/leicht\/wp-json\/wp\/v2\/tags?post=4246"}],"curies":[{"name":"wp","href":"https:\/\/api.w.org\/{rel}","templated":true}]}}