{"id":4273,"date":"2023-09-12T14:36:57","date_gmt":"2023-09-12T12:36:57","guid":{"rendered":"https:\/\/www.lebenshilfe-dillenburg.de\/?p=4273"},"modified":"2026-01-30T12:09:41","modified_gmt":"2026-01-30T11:09:41","slug":"benefizkonzert-mit-vielfaeltiger-musik","status":"publish","type":"post","link":"https:\/\/lebenshilfe-dillenburg.de\/leicht\/benefizkonzert-mit-vielfaeltiger-musik\/","title":{"rendered":"Benefizkonzert mit vielf\u00e4ltiger Musik"},"content":{"rendered":"<p>Zu einem stimmungsvollen Musikabend l\u00e4dt die Stiftung Lebenshilfe Dillenburg anl\u00e4sslich ihres 25-j\u00e4hrigen Bestehens ein: Am Freitag, 29. September, gestalten ab 18 Uhr Bariton-Gesang, Klavier- und Gitarrenkl\u00e4nge samt Poetry Slam und inklusiver Band ein besonderes Benefizkonzert im Atrium der Dillenburger Wilhelm-von-Oranien-Schule.<!--more--><\/p>\n<p>Andreas Balzer ist mit seiner warmen, klaren Stimme kein Unbekannter bei Veranstaltungen der Lebenshilfe-Stiftung. Wie bereits 2019 wird er wieder das Publikum mit St\u00fccken der Comedian-Harmonists, Max Raabe und anderen in seinen Bann ziehen. Regina Zimmermann-Emde wird ihn an diesem Abend am Fl\u00fcgel begleiten.<br \/>\nMit Gitarrenmusik aus drei Jahrhunderten werden Michael Simon sowie Heiner und Michael Dalhaus \u2013 ebenfalls durch zahlreiche Auftritte in heimischen Gefilden bekannt \u2013 in eine v\u00f6llig andere musikalische Welt entf\u00fchren.<\/p>\n<figure id=\"attachment_4275\" aria-describedby=\"caption-attachment-4275\" style=\"width: 120px\" class=\"wp-caption alignleft\"><a href=\"https:\/\/lebenshilfe-dillenburg.de\/wp-content\/uploads\/sascha-kirchhoff-portrait.jpg\"><img loading=\"lazy\" decoding=\"async\" class=\" wp-image-4275\" src=\"https:\/\/lebenshilfe-dillenburg.de\/wp-content\/uploads\/2023\/09\/benefizkonzert-mit-vielseitiger-musik-av7a6853-683x1024-1-400x600.jpg\" alt=\"\" width=\"120\" height=\"180\" \/><\/a><figcaption id=\"caption-attachment-4275\" class=\"wp-caption-text\">Sascha Kirchhoff<\/figcaption><\/figure>\n<p>Schlie\u00dflich wird noch eine dritte Kulturseite aufgeschlagen: Sascha Kirchhoff, Kulturreferent der Lebenshilfe Dillenburg, ist \u00fcberregional als \u201eStimmgeber\u201c bekannt. Gemeinsam mit Jan Bernhardt, einem jungen Mann mit Down-Syndrom, wird er mit Worten zum Nachdenken \u00fcber Inklusion anregen. Inklusiv wird es auch, wenn die Band der Lebenshilfe als Special Guest loslegt. Ihr Name \u201eAlles inklusive\u201c ist Programm.<\/p>\n<p>Die Einnahmen des Abends flie\u00dfen in die Stiftung Lebenshilfe Dillenburg. Jahr f\u00fcr Jahr f\u00f6rdert die Stiftung seit 1997 mit ihren Ertr\u00e4gen die nachhaltige Arbeit der Lebenshilfe Dillenburg, h\u00e4ufig mit der Unterst\u00fctzung von besonderen Projekten wie den Dorfl\u00e4den in Donsbach und Nanzenbach oder j\u00fcngst mit der \u201eHeilp\u00e4dagogischen F\u00f6rderung mit dem Pferd\u201c (Breitscheid).<\/p>\n<p>\u201eUnser Ziel ist es, langfristig Hilfe zu leisten f\u00fcr ein m\u00f6glichst selbstbestimmtes Leben der von der Lebenshilfe betreuten Menschen mit Handicaps\u201c, erl\u00e4utert Stiftungsvorsitzender Jochen M\u00fcller. Neben den Einnahmen von besonderen Veranstaltungen wie diesem Benefizkonzert sind es nicht zuletzt Spenden und immer wieder neue Zustiftungen durch Einzelpersonen oder Firmen, die das Stiftungskapital und damit auch die ausgesch\u00fctteten Ertr\u00e4ge zur Unterst\u00fctzung der Lebenshilfe erh\u00f6hen.<\/p>\n<p>Tickets zum Preis von 15 Euro gibt es an der Abendkasse oder im Vorverkauf an folgenden Stellen:<br \/>\n<strong>Herborn:<\/strong> Tafelski Augenoptik und Blumenhaus Kuhlmann,<br \/>\n<strong>Dillenburg:<\/strong> Buchhandlung R\u00fcbezahl und Friseursalon D\u00f6ring,<br \/>\n<strong>Haiger:<\/strong> Kulturamt Stadt Haiger.<\/p>\n","protected":false},"excerpt":{"rendered":"<p>Zu einem stimmungsvollen Musikabend l\u00e4dt die Stiftung Lebenshilfe Dillenburg anl\u00e4sslich ihres 25-j\u00e4hrigen Bestehens ein: Am Freitag, 29. September, gestalten ab 18 Uhr Bariton-Gesang, Klavier- und Gitarrenkl\u00e4nge samt Poetry Slam und inklusiver Band ein besonderes Benefizkonzert im Atrium der Dillenburger Wilhelm-von-Oranien-Schule.<\/p>\n","protected":false},"author":4,"featured_media":4274,"comment_status":"closed","ping_status":"closed","sticky":false,"template":"","format":"standard","meta":{"_acf_changed":false,"_gspb_post_css":"","_kad_blocks_custom_css":"","_kad_blocks_head_custom_js":"","_kad_blocks_body_custom_js":"","_kad_blocks_footer_custom_js":"","_kad_post_transparent":"","_kad_post_title":"","_kad_post_layout":"","_kad_post_sidebar_id":"","_kad_post_content_style":"","_kad_post_vertical_padding":"","_kad_post_feature":"","_kad_post_feature_position":"","_kad_post_header":false,"_kad_post_footer":false,"_kad_post_classname":"","footnotes":""},"categories":[53],"tags":[],"class_list":["post-4273","post","type-post","status-publish","format-standard","has-post-thumbnail","hentry","category-meldungen"],"acf":[],"yoast_head":"<!-- This site is optimized with the Yoast SEO plugin v27.5 - https:\/\/yoast.com\/product\/yoast-seo-wordpress\/ -->\n<title>Benefizkonzert mit vielf\u00e4ltiger Musik - Lebenshilfe Dillenburg e.V.<\/title>\n<meta name=\"robots\" content=\"index, follow, max-snippet:-1, max-image-preview:large, max-video-preview:-1\" \/>\n<link rel=\"canonical\" href=\"https:\/\/lebenshilfe-dillenburg.de\/leicht\/benefizkonzert-mit-vielfaeltiger-musik\/\" \/>\n<meta property=\"og:locale\" content=\"de_DE\" \/>\n<meta property=\"og:type\" content=\"article\" \/>\n<meta property=\"og:title\" content=\"Benefizkonzert mit vielf\u00e4ltiger Musik - Lebenshilfe Dillenburg e.V.\" \/>\n<meta property=\"og:description\" content=\"Zu einem stimmungsvollen Musikabend l\u00e4dt die Stiftung Lebenshilfe Dillenburg anl\u00e4sslich ihres 25-j\u00e4hrigen Bestehens ein: Am Freitag, 29. September, gestalten ab 18 Uhr Bariton-Gesang, Klavier- und Gitarrenkl\u00e4nge samt Poetry Slam und inklusiver Band ein besonderes Benefizkonzert im Atrium der Dillenburger Wilhelm-von-Oranien-Schule.\" \/>\n<meta property=\"og:url\" content=\"https:\/\/lebenshilfe-dillenburg.de\/leicht\/benefizkonzert-mit-vielfaeltiger-musik\/\" \/>\n<meta property=\"og:site_name\" content=\"Lebenshilfe Dillenburg e.V.\" \/>\n<meta property=\"article:publisher\" content=\"https:\/\/www.facebook.com\/lebenshilfedillenburg\/\" \/>\n<meta property=\"article:published_time\" content=\"2023-09-12T12:36:57+00:00\" \/>\n<meta property=\"article:modified_time\" content=\"2026-01-30T11:09:41+00:00\" \/>\n<meta property=\"og:image\" content=\"https:\/\/lebenshilfe-dillenburg.de\/wp-content\/uploads\/benefizkonzert-mit-vielseitiger-musik-img-6744-scaled-1.jpg\" \/>\n\t<meta property=\"og:image:width\" content=\"2560\" \/>\n\t<meta property=\"og:image:height\" content=\"1700\" \/>\n\t<meta property=\"og:image:type\" content=\"image\/jpeg\" \/>\n<meta name=\"author\" content=\"Conny Holtfoth\" \/>\n<meta name=\"twitter:card\" content=\"summary_large_image\" \/>\n<meta name=\"twitter:label1\" content=\"Geschrieben von\" \/>\n\t<meta name=\"twitter:data1\" content=\"Conny Holtfoth\" \/>\n\t<meta name=\"twitter:label2\" content=\"Gesch\u00e4tzte Lesezeit\" \/>\n\t<meta name=\"twitter:data2\" content=\"2\u00a0Minuten\" \/>\n<script type=\"application\/ld+json\" class=\"yoast-schema-graph\">{\"@context\":\"https:\\\/\\\/schema.org\",\"@graph\":[{\"@type\":\"Article\",\"@id\":\"https:\\\/\\\/lebenshilfe-dillenburg.de\\\/leicht\\\/benefizkonzert-mit-vielfaeltiger-musik\\\/#article\",\"isPartOf\":{\"@id\":\"https:\\\/\\\/lebenshilfe-dillenburg.de\\\/leicht\\\/benefizkonzert-mit-vielfaeltiger-musik\\\/\"},\"author\":{\"name\":\"Conny Holtfoth\",\"@id\":\"https:\\\/\\\/lebenshilfe-dillenburg.de\\\/leicht\\\/#\\\/schema\\\/person\\\/b6c52dad8d881b49213c3345a7cd5efe\"},\"headline\":\"Benefizkonzert mit vielf\u00e4ltiger Musik\",\"datePublished\":\"2023-09-12T12:36:57+00:00\",\"dateModified\":\"2026-01-30T11:09:41+00:00\",\"mainEntityOfPage\":{\"@id\":\"https:\\\/\\\/lebenshilfe-dillenburg.de\\\/leicht\\\/benefizkonzert-mit-vielfaeltiger-musik\\\/\"},\"wordCount\":351,\"publisher\":{\"@id\":\"https:\\\/\\\/lebenshilfe-dillenburg.de\\\/leicht\\\/#organization\"},\"image\":{\"@id\":\"https:\\\/\\\/lebenshilfe-dillenburg.de\\\/leicht\\\/benefizkonzert-mit-vielfaeltiger-musik\\\/#primaryimage\"},\"thumbnailUrl\":\"https:\\\/\\\/lebenshilfe-dillenburg.de\\\/wp-content\\\/uploads\\\/bariton-andreas-balzer-benefizkonzert-buehne.jpg\",\"articleSection\":[\"Meldungen\"],\"inLanguage\":\"de\"},{\"@type\":\"WebPage\",\"@id\":\"https:\\\/\\\/lebenshilfe-dillenburg.de\\\/leicht\\\/benefizkonzert-mit-vielfaeltiger-musik\\\/\",\"url\":\"https:\\\/\\\/lebenshilfe-dillenburg.de\\\/leicht\\\/benefizkonzert-mit-vielfaeltiger-musik\\\/\",\"name\":\"Benefizkonzert mit vielf\u00e4ltiger Musik - Lebenshilfe Dillenburg e.V.\",\"isPartOf\":{\"@id\":\"https:\\\/\\\/lebenshilfe-dillenburg.de\\\/leicht\\\/#website\"},\"primaryImageOfPage\":{\"@id\":\"https:\\\/\\\/lebenshilfe-dillenburg.de\\\/leicht\\\/benefizkonzert-mit-vielfaeltiger-musik\\\/#primaryimage\"},\"image\":{\"@id\":\"https:\\\/\\\/lebenshilfe-dillenburg.de\\\/leicht\\\/benefizkonzert-mit-vielfaeltiger-musik\\\/#primaryimage\"},\"thumbnailUrl\":\"https:\\\/\\\/lebenshilfe-dillenburg.de\\\/wp-content\\\/uploads\\\/bariton-andreas-balzer-benefizkonzert-buehne.jpg\",\"datePublished\":\"2023-09-12T12:36:57+00:00\",\"dateModified\":\"2026-01-30T11:09:41+00:00\",\"breadcrumb\":{\"@id\":\"https:\\\/\\\/lebenshilfe-dillenburg.de\\\/leicht\\\/benefizkonzert-mit-vielfaeltiger-musik\\\/#breadcrumb\"},\"inLanguage\":\"de\",\"potentialAction\":[{\"@type\":\"ReadAction\",\"target\":[\"https:\\\/\\\/lebenshilfe-dillenburg.de\\\/leicht\\\/benefizkonzert-mit-vielfaeltiger-musik\\\/\"]}]},{\"@type\":\"ImageObject\",\"inLanguage\":\"de\",\"@id\":\"https:\\\/\\\/lebenshilfe-dillenburg.de\\\/leicht\\\/benefizkonzert-mit-vielfaeltiger-musik\\\/#primaryimage\",\"url\":\"https:\\\/\\\/lebenshilfe-dillenburg.de\\\/wp-content\\\/uploads\\\/bariton-andreas-balzer-benefizkonzert-buehne.jpg\",\"contentUrl\":\"https:\\\/\\\/lebenshilfe-dillenburg.de\\\/wp-content\\\/uploads\\\/bariton-andreas-balzer-benefizkonzert-buehne.jpg\",\"width\":1500,\"height\":996,\"caption\":\"Kein Unbekannter bei Veranstaltungen der Lebenshilfe-Stiftung: Bariton Andreas Balzer stand zuletzt 2019 f\u00fcr ein solches Benefizkonzert auf der B\u00fchne. (Foto: Archiv)\"},{\"@type\":\"BreadcrumbList\",\"@id\":\"https:\\\/\\\/lebenshilfe-dillenburg.de\\\/leicht\\\/benefizkonzert-mit-vielfaeltiger-musik\\\/#breadcrumb\",\"itemListElement\":[{\"@type\":\"ListItem\",\"position\":1,\"name\":\"Startseite der Lebenshilfe Dillenburg\",\"item\":\"https:\\\/\\\/lebenshilfe-dillenburg.de\\\/leicht\\\/\"},{\"@type\":\"ListItem\",\"position\":2,\"name\":\"Benefizkonzert mit vielf\u00e4ltiger Musik\"}]},{\"@type\":\"WebSite\",\"@id\":\"https:\\\/\\\/lebenshilfe-dillenburg.de\\\/leicht\\\/#website\",\"url\":\"https:\\\/\\\/lebenshilfe-dillenburg.de\\\/leicht\\\/\",\"name\":\"Lebenshilfe Dillenburg \u2013 Teilhabe & Unterst\u00fctzung im Lahn-Dill-Kreis\",\"description\":\"\",\"publisher\":{\"@id\":\"https:\\\/\\\/lebenshilfe-dillenburg.de\\\/leicht\\\/#organization\"},\"potentialAction\":[{\"@type\":\"SearchAction\",\"target\":{\"@type\":\"EntryPoint\",\"urlTemplate\":\"https:\\\/\\\/lebenshilfe-dillenburg.de\\\/leicht\\\/?s={search_term_string}\"},\"query-input\":{\"@type\":\"PropertyValueSpecification\",\"valueRequired\":true,\"valueName\":\"search_term_string\"}}],\"inLanguage\":\"de\"},{\"@type\":\"Organization\",\"@id\":\"https:\\\/\\\/lebenshilfe-dillenburg.de\\\/leicht\\\/#organization\",\"name\":\"Lebenshilfe Dillenburg e.V.\",\"url\":\"https:\\\/\\\/lebenshilfe-dillenburg.de\\\/leicht\\\/\",\"logo\":{\"@type\":\"ImageObject\",\"inLanguage\":\"de\",\"@id\":\"https:\\\/\\\/lebenshilfe-dillenburg.de\\\/leicht\\\/#\\\/schema\\\/logo\\\/image\\\/\",\"url\":\"https:\\\/\\\/lebenshilfe-dillenburg.de\\\/wp-content\\\/uploads\\\/lebenshilfe-dillenburg-desktop.webp\",\"contentUrl\":\"https:\\\/\\\/lebenshilfe-dillenburg.de\\\/wp-content\\\/uploads\\\/lebenshilfe-dillenburg-desktop.webp\",\"width\":461,\"height\":202,\"caption\":\"Lebenshilfe Dillenburg e.V.\"},\"image\":{\"@id\":\"https:\\\/\\\/lebenshilfe-dillenburg.de\\\/leicht\\\/#\\\/schema\\\/logo\\\/image\\\/\"},\"sameAs\":[\"https:\\\/\\\/www.facebook.com\\\/lebenshilfedillenburg\\\/\",\"https:\\\/\\\/www.instagram.com\\\/lebenshilfe_dillenburg\\\/\"]},{\"@type\":\"Person\",\"@id\":\"https:\\\/\\\/lebenshilfe-dillenburg.de\\\/leicht\\\/#\\\/schema\\\/person\\\/b6c52dad8d881b49213c3345a7cd5efe\",\"name\":\"Conny Holtfoth\",\"sameAs\":[\"http:\\\/\\\/lebenshilfe-dillenburg.de\"],\"url\":\"https:\\\/\\\/lebenshilfe-dillenburg.de\\\/leicht\\\/author\\\/conny\\\/\"}]}<\/script>\n<!-- \/ Yoast SEO plugin. -->","yoast_head_json":{"title":"Benefizkonzert mit vielf\u00e4ltiger Musik - Lebenshilfe Dillenburg e.V.","robots":{"index":"index","follow":"follow","max-snippet":"max-snippet:-1","max-image-preview":"max-image-preview:large","max-video-preview":"max-video-preview:-1"},"canonical":"https:\/\/lebenshilfe-dillenburg.de\/leicht\/benefizkonzert-mit-vielfaeltiger-musik\/","og_locale":"de_DE","og_type":"article","og_title":"Benefizkonzert mit vielf\u00e4ltiger Musik - Lebenshilfe Dillenburg e.V.","og_description":"Zu einem stimmungsvollen Musikabend l\u00e4dt die Stiftung Lebenshilfe Dillenburg anl\u00e4sslich ihres 25-j\u00e4hrigen Bestehens ein: Am Freitag, 29. September, gestalten ab 18 Uhr Bariton-Gesang, Klavier- und Gitarrenkl\u00e4nge samt Poetry Slam und inklusiver Band ein besonderes Benefizkonzert im Atrium der Dillenburger Wilhelm-von-Oranien-Schule.","og_url":"https:\/\/lebenshilfe-dillenburg.de\/leicht\/benefizkonzert-mit-vielfaeltiger-musik\/","og_site_name":"Lebenshilfe Dillenburg e.V.","article_publisher":"https:\/\/www.facebook.com\/lebenshilfedillenburg\/","article_published_time":"2023-09-12T12:36:57+00:00","article_modified_time":"2026-01-30T11:09:41+00:00","og_image":[{"width":2560,"height":1700,"url":"https:\/\/lebenshilfe-dillenburg.de\/wp-content\/uploads\/benefizkonzert-mit-vielseitiger-musik-img-6744-scaled-1.jpg","type":"image\/jpeg"}],"author":"Conny Holtfoth","twitter_card":"summary_large_image","twitter_misc":{"Geschrieben von":"Conny Holtfoth","Gesch\u00e4tzte Lesezeit":"2\u00a0Minuten"},"schema":{"@context":"https:\/\/schema.org","@graph":[{"@type":"Article","@id":"https:\/\/lebenshilfe-dillenburg.de\/leicht\/benefizkonzert-mit-vielfaeltiger-musik\/#article","isPartOf":{"@id":"https:\/\/lebenshilfe-dillenburg.de\/leicht\/benefizkonzert-mit-vielfaeltiger-musik\/"},"author":{"name":"Conny Holtfoth","@id":"https:\/\/lebenshilfe-dillenburg.de\/leicht\/#\/schema\/person\/b6c52dad8d881b49213c3345a7cd5efe"},"headline":"Benefizkonzert mit vielf\u00e4ltiger Musik","datePublished":"2023-09-12T12:36:57+00:00","dateModified":"2026-01-30T11:09:41+00:00","mainEntityOfPage":{"@id":"https:\/\/lebenshilfe-dillenburg.de\/leicht\/benefizkonzert-mit-vielfaeltiger-musik\/"},"wordCount":351,"publisher":{"@id":"https:\/\/lebenshilfe-dillenburg.de\/leicht\/#organization"},"image":{"@id":"https:\/\/lebenshilfe-dillenburg.de\/leicht\/benefizkonzert-mit-vielfaeltiger-musik\/#primaryimage"},"thumbnailUrl":"https:\/\/lebenshilfe-dillenburg.de\/wp-content\/uploads\/bariton-andreas-balzer-benefizkonzert-buehne.jpg","articleSection":["Meldungen"],"inLanguage":"de"},{"@type":"WebPage","@id":"https:\/\/lebenshilfe-dillenburg.de\/leicht\/benefizkonzert-mit-vielfaeltiger-musik\/","url":"https:\/\/lebenshilfe-dillenburg.de\/leicht\/benefizkonzert-mit-vielfaeltiger-musik\/","name":"Benefizkonzert mit vielf\u00e4ltiger Musik - Lebenshilfe Dillenburg e.V.","isPartOf":{"@id":"https:\/\/lebenshilfe-dillenburg.de\/leicht\/#website"},"primaryImageOfPage":{"@id":"https:\/\/lebenshilfe-dillenburg.de\/leicht\/benefizkonzert-mit-vielfaeltiger-musik\/#primaryimage"},"image":{"@id":"https:\/\/lebenshilfe-dillenburg.de\/leicht\/benefizkonzert-mit-vielfaeltiger-musik\/#primaryimage"},"thumbnailUrl":"https:\/\/lebenshilfe-dillenburg.de\/wp-content\/uploads\/bariton-andreas-balzer-benefizkonzert-buehne.jpg","datePublished":"2023-09-12T12:36:57+00:00","dateModified":"2026-01-30T11:09:41+00:00","breadcrumb":{"@id":"https:\/\/lebenshilfe-dillenburg.de\/leicht\/benefizkonzert-mit-vielfaeltiger-musik\/#breadcrumb"},"inLanguage":"de","potentialAction":[{"@type":"ReadAction","target":["https:\/\/lebenshilfe-dillenburg.de\/leicht\/benefizkonzert-mit-vielfaeltiger-musik\/"]}]},{"@type":"ImageObject","inLanguage":"de","@id":"https:\/\/lebenshilfe-dillenburg.de\/leicht\/benefizkonzert-mit-vielfaeltiger-musik\/#primaryimage","url":"https:\/\/lebenshilfe-dillenburg.de\/wp-content\/uploads\/bariton-andreas-balzer-benefizkonzert-buehne.jpg","contentUrl":"https:\/\/lebenshilfe-dillenburg.de\/wp-content\/uploads\/bariton-andreas-balzer-benefizkonzert-buehne.jpg","width":1500,"height":996,"caption":"Kein Unbekannter bei Veranstaltungen der Lebenshilfe-Stiftung: Bariton Andreas Balzer stand zuletzt 2019 f\u00fcr ein solches Benefizkonzert auf der B\u00fchne. (Foto: Archiv)"},{"@type":"BreadcrumbList","@id":"https:\/\/lebenshilfe-dillenburg.de\/leicht\/benefizkonzert-mit-vielfaeltiger-musik\/#breadcrumb","itemListElement":[{"@type":"ListItem","position":1,"name":"Startseite der Lebenshilfe Dillenburg","item":"https:\/\/lebenshilfe-dillenburg.de\/leicht\/"},{"@type":"ListItem","position":2,"name":"Benefizkonzert mit vielf\u00e4ltiger Musik"}]},{"@type":"WebSite","@id":"https:\/\/lebenshilfe-dillenburg.de\/leicht\/#website","url":"https:\/\/lebenshilfe-dillenburg.de\/leicht\/","name":"Lebenshilfe Dillenburg \u2013 Teilhabe & Unterst\u00fctzung im Lahn-Dill-Kreis","description":"","publisher":{"@id":"https:\/\/lebenshilfe-dillenburg.de\/leicht\/#organization"},"potentialAction":[{"@type":"SearchAction","target":{"@type":"EntryPoint","urlTemplate":"https:\/\/lebenshilfe-dillenburg.de\/leicht\/?s={search_term_string}"},"query-input":{"@type":"PropertyValueSpecification","valueRequired":true,"valueName":"search_term_string"}}],"inLanguage":"de"},{"@type":"Organization","@id":"https:\/\/lebenshilfe-dillenburg.de\/leicht\/#organization","name":"Lebenshilfe Dillenburg e.V.","url":"https:\/\/lebenshilfe-dillenburg.de\/leicht\/","logo":{"@type":"ImageObject","inLanguage":"de","@id":"https:\/\/lebenshilfe-dillenburg.de\/leicht\/#\/schema\/logo\/image\/","url":"https:\/\/lebenshilfe-dillenburg.de\/wp-content\/uploads\/lebenshilfe-dillenburg-desktop.webp","contentUrl":"https:\/\/lebenshilfe-dillenburg.de\/wp-content\/uploads\/lebenshilfe-dillenburg-desktop.webp","width":461,"height":202,"caption":"Lebenshilfe Dillenburg e.V."},"image":{"@id":"https:\/\/lebenshilfe-dillenburg.de\/leicht\/#\/schema\/logo\/image\/"},"sameAs":["https:\/\/www.facebook.com\/lebenshilfedillenburg\/","https:\/\/www.instagram.com\/lebenshilfe_dillenburg\/"]},{"@type":"Person","@id":"https:\/\/lebenshilfe-dillenburg.de\/leicht\/#\/schema\/person\/b6c52dad8d881b49213c3345a7cd5efe","name":"Conny Holtfoth","sameAs":["http:\/\/lebenshilfe-dillenburg.de"],"url":"https:\/\/lebenshilfe-dillenburg.de\/leicht\/author\/conny\/"}]}},"taxonomy_info":{"category":[{"value":53,"label":"Meldungen"}]},"featured_image_src_large":["https:\/\/lebenshilfe-dillenburg.de\/wp-content\/uploads\/bariton-andreas-balzer-benefizkonzert-buehne-1920x1275.jpg",1366,907,true],"author_info":{"display_name":"Conny Holtfoth","author_link":"https:\/\/lebenshilfe-dillenburg.de\/leicht\/author\/conny\/"},"comment_info":0,"category_info":[{"term_id":53,"name":"Meldungen","slug":"meldungen","term_group":0,"term_taxonomy_id":53,"taxonomy":"category","description":"","parent":0,"count":127,"filter":"raw","term_order":"5","cat_ID":53,"category_count":127,"category_description":"","cat_name":"Meldungen","category_nicename":"meldungen","category_parent":0}],"tag_info":false,"_links":{"self":[{"href":"https:\/\/lebenshilfe-dillenburg.de\/leicht\/wp-json\/wp\/v2\/posts\/4273","targetHints":{"allow":["GET"]}}],"collection":[{"href":"https:\/\/lebenshilfe-dillenburg.de\/leicht\/wp-json\/wp\/v2\/posts"}],"about":[{"href":"https:\/\/lebenshilfe-dillenburg.de\/leicht\/wp-json\/wp\/v2\/types\/post"}],"author":[{"embeddable":true,"href":"https:\/\/lebenshilfe-dillenburg.de\/leicht\/wp-json\/wp\/v2\/users\/4"}],"replies":[{"embeddable":true,"href":"https:\/\/lebenshilfe-dillenburg.de\/leicht\/wp-json\/wp\/v2\/comments?post=4273"}],"version-history":[{"count":0,"href":"https:\/\/lebenshilfe-dillenburg.de\/leicht\/wp-json\/wp\/v2\/posts\/4273\/revisions"}],"wp:featuredmedia":[{"embeddable":true,"href":"https:\/\/lebenshilfe-dillenburg.de\/leicht\/wp-json\/wp\/v2\/media\/4274"}],"wp:attachment":[{"href":"https:\/\/lebenshilfe-dillenburg.de\/leicht\/wp-json\/wp\/v2\/media?parent=4273"}],"wp:term":[{"taxonomy":"category","embeddable":true,"href":"https:\/\/lebenshilfe-dillenburg.de\/leicht\/wp-json\/wp\/v2\/categories?post=4273"},{"taxonomy":"post_tag","embeddable":true,"href":"https:\/\/lebenshilfe-dillenburg.de\/leicht\/wp-json\/wp\/v2\/tags?post=4273"}],"curies":[{"name":"wp","href":"https:\/\/api.w.org\/{rel}","templated":true}]}}