{"id":4396,"date":"2023-12-20T11:12:57","date_gmt":"2023-12-20T10:12:57","guid":{"rendered":"https:\/\/www.lebenshilfe-dillenburg.de\/?p=4396"},"modified":"2026-01-30T12:09:39","modified_gmt":"2026-01-30T11:09:39","slug":"stars-der-poetry-slam-szene-kommen-nach-herborn","status":"publish","type":"post","link":"https:\/\/lebenshilfe-dillenburg.de\/leicht\/stars-der-poetry-slam-szene-kommen-nach-herborn\/","title":{"rendered":"Stars der Poetry-Slam-Szene kommen nach Herborn"},"content":{"rendered":"<p>Eine wortgewaltige Kooperation kehrt zur\u00fcck: Am 13. Januar um 20 Uhr veranstalten die Kulturscheune Herborn und die Lebenshilfe Dillenburg nach pandemiebedingter Pause den \u201e19. Herborner Scheunen Slam\u201c. Mit dabei: die Cr\u00e8me de la Cr\u00e8me der Poetry-Slam-Szene.<!--more--><\/p>\n<p>\u201eMit Theresa Sperling haben wir hier wirklich Champions-League-Niveau am Start\u201c, teilt \u201eStimmgeber\u201c Sascha Kirchhoff, Kulturreferent der Lebenshilfe Dillenburg und Moderator des Abends, mit. Die 52-j\u00e4hrige Schriftstellerin, Theaterautorin und B\u00fchnenpoetin ist in diesem Jahr deutschsprachige Meisterin im Poetry Slam geworden.<\/p>\n<p>Neben ihr sind noch drei weitere Hochkar\u00e4ter zu erwarten. Leah Weigand etwa. 2021 gewann sie etwa die hessischen Meisterschaften im Poetry Slam. Zuletzt erreichte die 26-j\u00e4hrige Medizinstudentin und gelernte Pflegekraft ein breites Publikum mit ihrem Beitrag \u201eUngepflegt\u201c in Eckhard von Hirschhausens Sendung \u201eWas kann der Mensch?\u201c.<\/p>\n<p>Kai Robin Bosch steht seit 2014 auf B\u00fchnen und trat bereits bei \u00fcber 400 Veranstaltungen auf \u2013 auch schon beim \u201eHerborner Scheunen Slam\u201c. 2022 wurde der stotternde Slammer Baden-W\u00fcrttembergischer Landesmeister im Poetry Slam, 2023 erhielt er den F\u00f6rderpreis des Kleinkunstpreises Baden-W\u00fcrttemberg.<\/p>\n<p>Marco Michalzik ist besonders in Mittelhessen kein Unbekannter \u2013 aber auch weit \u00fcber die Grenzen hinaus hat sich der Marburger Spoken-Word-K\u00fcnstler, Lyriker und Songwriter einen Namen gemacht.<\/p>\n<p>\u201eWir freuen uns sehr, dass wir Menschen mit Behinderung in diesen Abend einbinden k\u00f6nnen und dass die Kulturscheune an Kasse, Theke und hinter der B\u00fchne von unseren Betreuten unterst\u00fctzt wird\u201c, so Kirchhoff. Seine Lebenshilfe-Kollegin Livia Warch, ebenfalls Slammerin und Podcasterin, wird gemeinsam mit ihm durch das vielseitige Programm f\u00fchren. Mitrei\u00dfende B\u00fchnenliteratur, fesselnde Performance und bewegende Texte sind garantiert. Um diese Veranstaltung noch barrierearmer zu gestalten, wird er simultan von den Geb\u00e4rdendolmetcherinnen des Mainzer Poetry Slams \u00fcbersetzt.<\/p>\n<p><strong>Tickets f\u00fcr 13 Euro gibt es an folgenden Vorverkaufsstellen:<\/strong><\/p>\n<p>Optik Tafelski (Herborn), in der Kulturscheune oder online \u00fcber kusch-herborn.reservix.de. An der Abendkasse betr\u00e4gt der Preis 15 Euro.<\/p>\n<p>&nbsp;<\/p>\n","protected":false},"excerpt":{"rendered":"<p>Eine wortgewaltige Kooperation kehrt zur\u00fcck: Am 13. Januar um 20 Uhr veranstalten die Kulturscheune Herborn und die Lebenshilfe Dillenburg nach pandemiebedingter Pause den \u201e19. Herborner Scheunen Slam\u201c. Mit dabei: die Cr\u00e8me de la Cr\u00e8me der Poetry-Slam-Szene.<\/p>\n","protected":false},"author":4,"featured_media":7382,"comment_status":"closed","ping_status":"closed","sticky":false,"template":"","format":"standard","meta":{"_acf_changed":false,"_gspb_post_css":"","_kad_blocks_custom_css":"","_kad_blocks_head_custom_js":"","_kad_blocks_body_custom_js":"","_kad_blocks_footer_custom_js":"","_kad_post_transparent":"","_kad_post_title":"","_kad_post_layout":"","_kad_post_sidebar_id":"","_kad_post_content_style":"","_kad_post_vertical_padding":"","_kad_post_feature":"","_kad_post_feature_position":"","_kad_post_header":false,"_kad_post_footer":false,"_kad_post_classname":"","footnotes":""},"categories":[53],"tags":[61,63,64,65],"class_list":["post-4396","post","type-post","status-publish","format-standard","has-post-thumbnail","hentry","category-meldungen","tag-inklusion","tag-herborn","tag-kusch","tag-poetry-slam"],"acf":[],"yoast_head":"<!-- This site is optimized with the Yoast SEO plugin v27.5 - https:\/\/yoast.com\/product\/yoast-seo-wordpress\/ -->\n<title>Stars der Poetry-Slam-Szene kommen nach Herborn - Lebenshilfe Dillenburg e.V.<\/title>\n<meta name=\"robots\" content=\"index, follow, max-snippet:-1, max-image-preview:large, max-video-preview:-1\" \/>\n<link rel=\"canonical\" href=\"https:\/\/lebenshilfe-dillenburg.de\/leicht\/stars-der-poetry-slam-szene-kommen-nach-herborn\/\" \/>\n<meta property=\"og:locale\" content=\"de_DE\" \/>\n<meta property=\"og:type\" content=\"article\" \/>\n<meta property=\"og:title\" content=\"Stars der Poetry-Slam-Szene kommen nach Herborn - Lebenshilfe Dillenburg e.V.\" \/>\n<meta property=\"og:description\" content=\"Eine wortgewaltige Kooperation kehrt zur\u00fcck: Am 13. Januar um 20 Uhr veranstalten die Kulturscheune Herborn und die Lebenshilfe Dillenburg nach pandemiebedingter Pause den \u201e19. Herborner Scheunen Slam\u201c. Mit dabei: die Cr\u00e8me de la Cr\u00e8me der Poetry-Slam-Szene.\" \/>\n<meta property=\"og:url\" content=\"https:\/\/lebenshilfe-dillenburg.de\/leicht\/stars-der-poetry-slam-szene-kommen-nach-herborn\/\" \/>\n<meta property=\"og:site_name\" content=\"Lebenshilfe Dillenburg e.V.\" \/>\n<meta property=\"article:publisher\" content=\"https:\/\/www.facebook.com\/lebenshilfedillenburg\/\" \/>\n<meta property=\"article:published_time\" content=\"2023-12-20T10:12:57+00:00\" \/>\n<meta property=\"article:modified_time\" content=\"2026-01-30T11:09:39+00:00\" \/>\n<meta property=\"og:image\" content=\"https:\/\/lebenshilfe-dillenburg.de\/wp-content\/uploads\/kusch.png\" \/>\n\t<meta property=\"og:image:width\" content=\"940\" \/>\n\t<meta property=\"og:image:height\" content=\"788\" \/>\n\t<meta property=\"og:image:type\" content=\"image\/png\" \/>\n<meta name=\"author\" content=\"Conny Holtfoth\" \/>\n<meta name=\"twitter:card\" content=\"summary_large_image\" \/>\n<meta name=\"twitter:label1\" content=\"Geschrieben von\" \/>\n\t<meta name=\"twitter:data1\" content=\"Conny Holtfoth\" \/>\n\t<meta name=\"twitter:label2\" content=\"Gesch\u00e4tzte Lesezeit\" \/>\n\t<meta name=\"twitter:data2\" content=\"2\u00a0Minuten\" \/>\n<script type=\"application\/ld+json\" class=\"yoast-schema-graph\">{\"@context\":\"https:\\\/\\\/schema.org\",\"@graph\":[{\"@type\":\"Article\",\"@id\":\"https:\\\/\\\/lebenshilfe-dillenburg.de\\\/leicht\\\/stars-der-poetry-slam-szene-kommen-nach-herborn\\\/#article\",\"isPartOf\":{\"@id\":\"https:\\\/\\\/lebenshilfe-dillenburg.de\\\/leicht\\\/stars-der-poetry-slam-szene-kommen-nach-herborn\\\/\"},\"author\":{\"name\":\"Conny Holtfoth\",\"@id\":\"https:\\\/\\\/lebenshilfe-dillenburg.de\\\/leicht\\\/#\\\/schema\\\/person\\\/b6c52dad8d881b49213c3345a7cd5efe\"},\"headline\":\"Stars der Poetry-Slam-Szene kommen nach Herborn\",\"datePublished\":\"2023-12-20T10:12:57+00:00\",\"dateModified\":\"2026-01-30T11:09:39+00:00\",\"mainEntityOfPage\":{\"@id\":\"https:\\\/\\\/lebenshilfe-dillenburg.de\\\/leicht\\\/stars-der-poetry-slam-szene-kommen-nach-herborn\\\/\"},\"wordCount\":310,\"publisher\":{\"@id\":\"https:\\\/\\\/lebenshilfe-dillenburg.de\\\/leicht\\\/#organization\"},\"image\":{\"@id\":\"https:\\\/\\\/lebenshilfe-dillenburg.de\\\/leicht\\\/stars-der-poetry-slam-szene-kommen-nach-herborn\\\/#primaryimage\"},\"thumbnailUrl\":\"https:\\\/\\\/lebenshilfe-dillenburg.de\\\/wp-content\\\/uploads\\\/leah-weigand-theresa-sperling-scheunen-slam.png\",\"keywords\":[\"inklusion\",\"herborn\",\"kusch\",\"poetry slam\"],\"articleSection\":[\"Meldungen\"],\"inLanguage\":\"de\"},{\"@type\":\"WebPage\",\"@id\":\"https:\\\/\\\/lebenshilfe-dillenburg.de\\\/leicht\\\/stars-der-poetry-slam-szene-kommen-nach-herborn\\\/\",\"url\":\"https:\\\/\\\/lebenshilfe-dillenburg.de\\\/leicht\\\/stars-der-poetry-slam-szene-kommen-nach-herborn\\\/\",\"name\":\"Stars der Poetry-Slam-Szene kommen nach Herborn - Lebenshilfe Dillenburg e.V.\",\"isPartOf\":{\"@id\":\"https:\\\/\\\/lebenshilfe-dillenburg.de\\\/leicht\\\/#website\"},\"primaryImageOfPage\":{\"@id\":\"https:\\\/\\\/lebenshilfe-dillenburg.de\\\/leicht\\\/stars-der-poetry-slam-szene-kommen-nach-herborn\\\/#primaryimage\"},\"image\":{\"@id\":\"https:\\\/\\\/lebenshilfe-dillenburg.de\\\/leicht\\\/stars-der-poetry-slam-szene-kommen-nach-herborn\\\/#primaryimage\"},\"thumbnailUrl\":\"https:\\\/\\\/lebenshilfe-dillenburg.de\\\/wp-content\\\/uploads\\\/leah-weigand-theresa-sperling-scheunen-slam.png\",\"datePublished\":\"2023-12-20T10:12:57+00:00\",\"dateModified\":\"2026-01-30T11:09:39+00:00\",\"breadcrumb\":{\"@id\":\"https:\\\/\\\/lebenshilfe-dillenburg.de\\\/leicht\\\/stars-der-poetry-slam-szene-kommen-nach-herborn\\\/#breadcrumb\"},\"inLanguage\":\"de\",\"potentialAction\":[{\"@type\":\"ReadAction\",\"target\":[\"https:\\\/\\\/lebenshilfe-dillenburg.de\\\/leicht\\\/stars-der-poetry-slam-szene-kommen-nach-herborn\\\/\"]}]},{\"@type\":\"ImageObject\",\"inLanguage\":\"de\",\"@id\":\"https:\\\/\\\/lebenshilfe-dillenburg.de\\\/leicht\\\/stars-der-poetry-slam-szene-kommen-nach-herborn\\\/#primaryimage\",\"url\":\"https:\\\/\\\/lebenshilfe-dillenburg.de\\\/wp-content\\\/uploads\\\/leah-weigand-theresa-sperling-scheunen-slam.png\",\"contentUrl\":\"https:\\\/\\\/lebenshilfe-dillenburg.de\\\/wp-content\\\/uploads\\\/leah-weigand-theresa-sperling-scheunen-slam.png\",\"width\":940,\"height\":788,\"caption\":\"Leah Weigand (l.) und Theresa Sperling sind zwei der namhaften G\u00e4ste des \\\"19. Herborner Scheunen Slams\\\". (Fotos: Haustein (l.)\\\/ Preuschoft (r.))\"},{\"@type\":\"BreadcrumbList\",\"@id\":\"https:\\\/\\\/lebenshilfe-dillenburg.de\\\/leicht\\\/stars-der-poetry-slam-szene-kommen-nach-herborn\\\/#breadcrumb\",\"itemListElement\":[{\"@type\":\"ListItem\",\"position\":1,\"name\":\"Startseite der Lebenshilfe Dillenburg\",\"item\":\"https:\\\/\\\/lebenshilfe-dillenburg.de\\\/leicht\\\/\"},{\"@type\":\"ListItem\",\"position\":2,\"name\":\"Stars der Poetry-Slam-Szene kommen nach Herborn\"}]},{\"@type\":\"WebSite\",\"@id\":\"https:\\\/\\\/lebenshilfe-dillenburg.de\\\/leicht\\\/#website\",\"url\":\"https:\\\/\\\/lebenshilfe-dillenburg.de\\\/leicht\\\/\",\"name\":\"Lebenshilfe Dillenburg \u2013 Teilhabe & Unterst\u00fctzung im Lahn-Dill-Kreis\",\"description\":\"\",\"publisher\":{\"@id\":\"https:\\\/\\\/lebenshilfe-dillenburg.de\\\/leicht\\\/#organization\"},\"potentialAction\":[{\"@type\":\"SearchAction\",\"target\":{\"@type\":\"EntryPoint\",\"urlTemplate\":\"https:\\\/\\\/lebenshilfe-dillenburg.de\\\/leicht\\\/?s={search_term_string}\"},\"query-input\":{\"@type\":\"PropertyValueSpecification\",\"valueRequired\":true,\"valueName\":\"search_term_string\"}}],\"inLanguage\":\"de\"},{\"@type\":\"Organization\",\"@id\":\"https:\\\/\\\/lebenshilfe-dillenburg.de\\\/leicht\\\/#organization\",\"name\":\"Lebenshilfe Dillenburg e.V.\",\"url\":\"https:\\\/\\\/lebenshilfe-dillenburg.de\\\/leicht\\\/\",\"logo\":{\"@type\":\"ImageObject\",\"inLanguage\":\"de\",\"@id\":\"https:\\\/\\\/lebenshilfe-dillenburg.de\\\/leicht\\\/#\\\/schema\\\/logo\\\/image\\\/\",\"url\":\"https:\\\/\\\/lebenshilfe-dillenburg.de\\\/wp-content\\\/uploads\\\/lebenshilfe-dillenburg-desktop.webp\",\"contentUrl\":\"https:\\\/\\\/lebenshilfe-dillenburg.de\\\/wp-content\\\/uploads\\\/lebenshilfe-dillenburg-desktop.webp\",\"width\":461,\"height\":202,\"caption\":\"Lebenshilfe Dillenburg e.V.\"},\"image\":{\"@id\":\"https:\\\/\\\/lebenshilfe-dillenburg.de\\\/leicht\\\/#\\\/schema\\\/logo\\\/image\\\/\"},\"sameAs\":[\"https:\\\/\\\/www.facebook.com\\\/lebenshilfedillenburg\\\/\",\"https:\\\/\\\/www.instagram.com\\\/lebenshilfe_dillenburg\\\/\"]},{\"@type\":\"Person\",\"@id\":\"https:\\\/\\\/lebenshilfe-dillenburg.de\\\/leicht\\\/#\\\/schema\\\/person\\\/b6c52dad8d881b49213c3345a7cd5efe\",\"name\":\"Conny Holtfoth\",\"sameAs\":[\"http:\\\/\\\/lebenshilfe-dillenburg.de\"],\"url\":\"https:\\\/\\\/lebenshilfe-dillenburg.de\\\/leicht\\\/author\\\/conny\\\/\"}]}<\/script>\n<!-- \/ Yoast SEO plugin. -->","yoast_head_json":{"title":"Stars der Poetry-Slam-Szene kommen nach Herborn - Lebenshilfe Dillenburg e.V.","robots":{"index":"index","follow":"follow","max-snippet":"max-snippet:-1","max-image-preview":"max-image-preview:large","max-video-preview":"max-video-preview:-1"},"canonical":"https:\/\/lebenshilfe-dillenburg.de\/leicht\/stars-der-poetry-slam-szene-kommen-nach-herborn\/","og_locale":"de_DE","og_type":"article","og_title":"Stars der Poetry-Slam-Szene kommen nach Herborn - Lebenshilfe Dillenburg e.V.","og_description":"Eine wortgewaltige Kooperation kehrt zur\u00fcck: Am 13. Januar um 20 Uhr veranstalten die Kulturscheune Herborn und die Lebenshilfe Dillenburg nach pandemiebedingter Pause den \u201e19. Herborner Scheunen Slam\u201c. Mit dabei: die Cr\u00e8me de la Cr\u00e8me der Poetry-Slam-Szene.","og_url":"https:\/\/lebenshilfe-dillenburg.de\/leicht\/stars-der-poetry-slam-szene-kommen-nach-herborn\/","og_site_name":"Lebenshilfe Dillenburg e.V.","article_publisher":"https:\/\/www.facebook.com\/lebenshilfedillenburg\/","article_published_time":"2023-12-20T10:12:57+00:00","article_modified_time":"2026-01-30T11:09:39+00:00","og_image":[{"width":940,"height":788,"url":"https:\/\/lebenshilfe-dillenburg.de\/wp-content\/uploads\/kusch.png","type":"image\/png"}],"author":"Conny Holtfoth","twitter_card":"summary_large_image","twitter_misc":{"Geschrieben von":"Conny Holtfoth","Gesch\u00e4tzte Lesezeit":"2\u00a0Minuten"},"schema":{"@context":"https:\/\/schema.org","@graph":[{"@type":"Article","@id":"https:\/\/lebenshilfe-dillenburg.de\/leicht\/stars-der-poetry-slam-szene-kommen-nach-herborn\/#article","isPartOf":{"@id":"https:\/\/lebenshilfe-dillenburg.de\/leicht\/stars-der-poetry-slam-szene-kommen-nach-herborn\/"},"author":{"name":"Conny Holtfoth","@id":"https:\/\/lebenshilfe-dillenburg.de\/leicht\/#\/schema\/person\/b6c52dad8d881b49213c3345a7cd5efe"},"headline":"Stars der Poetry-Slam-Szene kommen nach Herborn","datePublished":"2023-12-20T10:12:57+00:00","dateModified":"2026-01-30T11:09:39+00:00","mainEntityOfPage":{"@id":"https:\/\/lebenshilfe-dillenburg.de\/leicht\/stars-der-poetry-slam-szene-kommen-nach-herborn\/"},"wordCount":310,"publisher":{"@id":"https:\/\/lebenshilfe-dillenburg.de\/leicht\/#organization"},"image":{"@id":"https:\/\/lebenshilfe-dillenburg.de\/leicht\/stars-der-poetry-slam-szene-kommen-nach-herborn\/#primaryimage"},"thumbnailUrl":"https:\/\/lebenshilfe-dillenburg.de\/wp-content\/uploads\/leah-weigand-theresa-sperling-scheunen-slam.png","keywords":["inklusion","herborn","kusch","poetry slam"],"articleSection":["Meldungen"],"inLanguage":"de"},{"@type":"WebPage","@id":"https:\/\/lebenshilfe-dillenburg.de\/leicht\/stars-der-poetry-slam-szene-kommen-nach-herborn\/","url":"https:\/\/lebenshilfe-dillenburg.de\/leicht\/stars-der-poetry-slam-szene-kommen-nach-herborn\/","name":"Stars der Poetry-Slam-Szene kommen nach Herborn - Lebenshilfe Dillenburg e.V.","isPartOf":{"@id":"https:\/\/lebenshilfe-dillenburg.de\/leicht\/#website"},"primaryImageOfPage":{"@id":"https:\/\/lebenshilfe-dillenburg.de\/leicht\/stars-der-poetry-slam-szene-kommen-nach-herborn\/#primaryimage"},"image":{"@id":"https:\/\/lebenshilfe-dillenburg.de\/leicht\/stars-der-poetry-slam-szene-kommen-nach-herborn\/#primaryimage"},"thumbnailUrl":"https:\/\/lebenshilfe-dillenburg.de\/wp-content\/uploads\/leah-weigand-theresa-sperling-scheunen-slam.png","datePublished":"2023-12-20T10:12:57+00:00","dateModified":"2026-01-30T11:09:39+00:00","breadcrumb":{"@id":"https:\/\/lebenshilfe-dillenburg.de\/leicht\/stars-der-poetry-slam-szene-kommen-nach-herborn\/#breadcrumb"},"inLanguage":"de","potentialAction":[{"@type":"ReadAction","target":["https:\/\/lebenshilfe-dillenburg.de\/leicht\/stars-der-poetry-slam-szene-kommen-nach-herborn\/"]}]},{"@type":"ImageObject","inLanguage":"de","@id":"https:\/\/lebenshilfe-dillenburg.de\/leicht\/stars-der-poetry-slam-szene-kommen-nach-herborn\/#primaryimage","url":"https:\/\/lebenshilfe-dillenburg.de\/wp-content\/uploads\/leah-weigand-theresa-sperling-scheunen-slam.png","contentUrl":"https:\/\/lebenshilfe-dillenburg.de\/wp-content\/uploads\/leah-weigand-theresa-sperling-scheunen-slam.png","width":940,"height":788,"caption":"Leah Weigand (l.) und Theresa Sperling sind zwei der namhaften G\u00e4ste des \"19. Herborner Scheunen Slams\". (Fotos: Haustein (l.)\/ Preuschoft (r.))"},{"@type":"BreadcrumbList","@id":"https:\/\/lebenshilfe-dillenburg.de\/leicht\/stars-der-poetry-slam-szene-kommen-nach-herborn\/#breadcrumb","itemListElement":[{"@type":"ListItem","position":1,"name":"Startseite der Lebenshilfe Dillenburg","item":"https:\/\/lebenshilfe-dillenburg.de\/leicht\/"},{"@type":"ListItem","position":2,"name":"Stars der Poetry-Slam-Szene kommen nach Herborn"}]},{"@type":"WebSite","@id":"https:\/\/lebenshilfe-dillenburg.de\/leicht\/#website","url":"https:\/\/lebenshilfe-dillenburg.de\/leicht\/","name":"Lebenshilfe Dillenburg \u2013 Teilhabe & Unterst\u00fctzung im Lahn-Dill-Kreis","description":"","publisher":{"@id":"https:\/\/lebenshilfe-dillenburg.de\/leicht\/#organization"},"potentialAction":[{"@type":"SearchAction","target":{"@type":"EntryPoint","urlTemplate":"https:\/\/lebenshilfe-dillenburg.de\/leicht\/?s={search_term_string}"},"query-input":{"@type":"PropertyValueSpecification","valueRequired":true,"valueName":"search_term_string"}}],"inLanguage":"de"},{"@type":"Organization","@id":"https:\/\/lebenshilfe-dillenburg.de\/leicht\/#organization","name":"Lebenshilfe Dillenburg e.V.","url":"https:\/\/lebenshilfe-dillenburg.de\/leicht\/","logo":{"@type":"ImageObject","inLanguage":"de","@id":"https:\/\/lebenshilfe-dillenburg.de\/leicht\/#\/schema\/logo\/image\/","url":"https:\/\/lebenshilfe-dillenburg.de\/wp-content\/uploads\/lebenshilfe-dillenburg-desktop.webp","contentUrl":"https:\/\/lebenshilfe-dillenburg.de\/wp-content\/uploads\/lebenshilfe-dillenburg-desktop.webp","width":461,"height":202,"caption":"Lebenshilfe Dillenburg e.V."},"image":{"@id":"https:\/\/lebenshilfe-dillenburg.de\/leicht\/#\/schema\/logo\/image\/"},"sameAs":["https:\/\/www.facebook.com\/lebenshilfedillenburg\/","https:\/\/www.instagram.com\/lebenshilfe_dillenburg\/"]},{"@type":"Person","@id":"https:\/\/lebenshilfe-dillenburg.de\/leicht\/#\/schema\/person\/b6c52dad8d881b49213c3345a7cd5efe","name":"Conny Holtfoth","sameAs":["http:\/\/lebenshilfe-dillenburg.de"],"url":"https:\/\/lebenshilfe-dillenburg.de\/leicht\/author\/conny\/"}]}},"taxonomy_info":{"category":[{"value":53,"label":"Meldungen"}],"post_tag":[{"value":61,"label":"inklusion"},{"value":63,"label":"herborn"},{"value":64,"label":"kusch"},{"value":65,"label":"poetry slam"}]},"featured_image_src_large":["https:\/\/lebenshilfe-dillenburg.de\/wp-content\/uploads\/leah-weigand-theresa-sperling-scheunen-slam.png",940,788,false],"author_info":{"display_name":"Conny Holtfoth","author_link":"https:\/\/lebenshilfe-dillenburg.de\/leicht\/author\/conny\/"},"comment_info":0,"category_info":[{"term_id":53,"name":"Meldungen","slug":"meldungen","term_group":0,"term_taxonomy_id":53,"taxonomy":"category","description":"","parent":0,"count":127,"filter":"raw","term_order":"5","cat_ID":53,"category_count":127,"category_description":"","cat_name":"Meldungen","category_nicename":"meldungen","category_parent":0}],"tag_info":[{"term_id":61,"name":"inklusion","slug":"inklusion","term_group":0,"term_taxonomy_id":61,"taxonomy":"post_tag","description":"","parent":0,"count":2,"filter":"raw","term_order":"18"},{"term_id":63,"name":"herborn","slug":"herborn","term_group":0,"term_taxonomy_id":63,"taxonomy":"post_tag","description":"","parent":0,"count":1,"filter":"raw","term_order":"20"},{"term_id":64,"name":"kusch","slug":"kusch","term_group":0,"term_taxonomy_id":64,"taxonomy":"post_tag","description":"","parent":0,"count":1,"filter":"raw","term_order":"21"},{"term_id":65,"name":"poetry slam","slug":"poetry-slam","term_group":0,"term_taxonomy_id":65,"taxonomy":"post_tag","description":"","parent":0,"count":1,"filter":"raw","term_order":"22"}],"_links":{"self":[{"href":"https:\/\/lebenshilfe-dillenburg.de\/leicht\/wp-json\/wp\/v2\/posts\/4396","targetHints":{"allow":["GET"]}}],"collection":[{"href":"https:\/\/lebenshilfe-dillenburg.de\/leicht\/wp-json\/wp\/v2\/posts"}],"about":[{"href":"https:\/\/lebenshilfe-dillenburg.de\/leicht\/wp-json\/wp\/v2\/types\/post"}],"author":[{"embeddable":true,"href":"https:\/\/lebenshilfe-dillenburg.de\/leicht\/wp-json\/wp\/v2\/users\/4"}],"replies":[{"embeddable":true,"href":"https:\/\/lebenshilfe-dillenburg.de\/leicht\/wp-json\/wp\/v2\/comments?post=4396"}],"version-history":[{"count":0,"href":"https:\/\/lebenshilfe-dillenburg.de\/leicht\/wp-json\/wp\/v2\/posts\/4396\/revisions"}],"wp:featuredmedia":[{"embeddable":true,"href":"https:\/\/lebenshilfe-dillenburg.de\/leicht\/wp-json\/wp\/v2\/media\/7382"}],"wp:attachment":[{"href":"https:\/\/lebenshilfe-dillenburg.de\/leicht\/wp-json\/wp\/v2\/media?parent=4396"}],"wp:term":[{"taxonomy":"category","embeddable":true,"href":"https:\/\/lebenshilfe-dillenburg.de\/leicht\/wp-json\/wp\/v2\/categories?post=4396"},{"taxonomy":"post_tag","embeddable":true,"href":"https:\/\/lebenshilfe-dillenburg.de\/leicht\/wp-json\/wp\/v2\/tags?post=4396"}],"curies":[{"name":"wp","href":"https:\/\/api.w.org\/{rel}","templated":true}]}}