{"id":4479,"date":"2024-03-21T11:01:44","date_gmt":"2024-03-21T10:01:44","guid":{"rendered":"https:\/\/www.lebenshilfe-dillenburg.de\/?p=4479"},"modified":"2026-01-30T12:09:42","modified_gmt":"2026-01-30T11:09:42","slug":"luisa-lehrt-gelassenheit-und-leichtigkeit","status":"publish","type":"post","link":"https:\/\/lebenshilfe-dillenburg.de\/leicht\/luisa-lehrt-gelassenheit-und-leichtigkeit\/","title":{"rendered":"Luisa lehrt Gelassenheit und Leichtigkeit"},"content":{"rendered":"<p>Neun von zehn Kindern mit Down-Syndrom werden mittlerweile abgetrieben. Eine Statistik, die Martina Weihl aus Niederscheld best\u00fcrzt. Denn sie und ihr Mann Harry haben sich bewusst daf\u00fcr entschieden, Pflegekinder mit Behinderung in ihrer Familie aufzunehmen. Eins davon: Luisa.<!--more--><br \/>\nSch\u00fcchtern blickt Luisa zu Boden und schiebt verlegen eine Haarstr\u00e4hne hinter ihr Ohr. So haben Martina und Harry Weihl vor 17 Jahren das damals elfj\u00e4hrige M\u00e4dchen kennengelernt. Ruhig, leise, zur\u00fcckhaltend. Doch sobald sie sich wohl und sicher f\u00fchlt, taut sie auf und zeigt all ihre St\u00e4rken. Allem voran: ihr feiner Sinn f\u00fcr Humor und ihr ansteckendes Lachen.<br \/>\n\u201eF\u00fcr uns hat es nie eine Rolle gespielt, ob Luisa das Down-Syndrom hat oder nicht\u201c, sagt Martina Weihl. Die hohe Abtreibungsquote und der Pr\u00e4nataltest als Kassenleistung sind f\u00fcr sie ein Zeichen der zunehmenden Leistungsgesellschaft. \u201eAlles muss sch\u00f6n und perfekt sein.\u201c<\/p>\n<p>Die 61-J\u00e4hrige gibt mit ihrem 65-j\u00e4hrigen Ehemann seit 36 Jahren Pflegekindern ein Zuhause, 20 Jahre davon Pflegekindern mit Beeintr\u00e4chtigung. \u201eWir wollten immer viele Kinder haben\u201c, erkl\u00e4rt sie. Dieser Wunsch wurde fr\u00fch von einer \u00e4rztlichen Diagnose in Frage gestellt: Die Wahrscheinlichkeit, eigene Kinder zu bekommen, sei sehr gering, hie\u00df es damals. \u201eDas haben wir dann als Zeichen von oben gesehen, Kinder anzunehmen, die nicht unsere eigenen sind.\u201c Also bewarben sich die Krankenpflegerin und der Altenpfleger als Adoptiveltern. Doch das Schicksal hatte einen anderen Plan. Denn Martina Weihl wurde entgegen aller Prognosen schwanger. Mit 23 Jahren bekam sie ihre erste leibliche Tochter. Die Weihls zogen daraufhin ihre Adoptionsanfrage zur\u00fcck. Stattdessen widmeten sie sich der Aufgabe, Pflegekinder aufzunehmen. Zun\u00e4chst in der Tagespflege, dann in der Dauerpflege. Der Anfang von etwas Gro\u00dfem:<br \/>\nDrei mittlerweile erwachsene leibliche Kinder. Neun Pflegekinder, von denen aktuell noch drei im Hause Weihl leben. Und das 15. Enkelkind ist bereits unterwegs. Die Weihls haben sich den Traum von der Gro\u00dffamilie verwirklicht. Eine nicht immer leichte Aufgabe. \u201eMitunter war es ein echter Kraftakt\u201c, best\u00e4tigt Martina Weihl. So wurde etwa das erste Pflegekind nach zwei Jahren zur Mutter r\u00fcckgef\u00fchrt \u2013 vor allem f\u00fcr Weihls \u00e4lteste Tochter eine emotionale Katastrophe, da die beiden wie Geschwister aufgewachsen waren. \u201eIn dem Moment war uns klar, dass wir nur noch Pflegekinder mit Aussicht auf eine dauerhafte Unterbringung bei uns aufnehmen w\u00fcrden.\u201c Eins davon war aufgrund seiner Borderline-Pers\u00f6nlichkeitsst\u00f6rung und der damit einhergehenden extremen Impulsivit\u00e4t eine st\u00e4ndige Herausforderung f\u00fcr die gesamte Familie.<\/p>\n<p><a href=\"https:\/\/lebenshilfe-dillenburg.de\/wp-content\/uploads\/frauen-werkbank-teamarbeit-workshop.jpg\"><img loading=\"lazy\" decoding=\"async\" class=\"alignright size-medium wp-image-4481\" src=\"https:\/\/lebenshilfe-dillenburg.de\/wp-content\/uploads\/2024\/03\/img-1062-450x600.jpg\" alt=\"\" width=\"450\" height=\"600\" \/><\/a>Durch die zertifizierte Weiterbildung des St. Elisabethvereins hatten sich die Weihls \u201eauf Herz und Nieren pr\u00fcfen\u201c und auch auf herausfordernde F\u00e4lle vorbereiten lassen. Da sowohl Martina Weihl als auch Harry Weihl im Wohnhaus der Lebenshilfe Dillenburg in Niederscheld gearbeitet haben, gab es zu Menschen mit Behinderung keinerlei Ber\u00fchrungs\u00e4ngste. \u201eVielleicht sind wir einfach pr\u00e4destiniert daf\u00fcr, diese Menschen bei uns aufzunehmen\u201c, so Martina Weihl.<\/p>\n<p>So leben in ihrem Haushalt aktuell Autistin Conny, der schwerstmehrfachbehinderte Felix und eben Luisa. Mit Down-Syndrom. \u201eIch bleibe hier wohnen, bis ich 100 bin\u201c, sagt sie. Denn hier hat sie alles, was sie liebt. Ihre Familie, ihre Hunde, ihr Trampolin, ihren Pool. Luisas leiblicher Vater ist ihr gesetzlicher Betreuer und steht in einem guten und wertsch\u00e4tzenden Verh\u00e4ltnis zu den Pflegeeltern. Um ihren Alltag zu bew\u00e4ltigen, braucht Luisa klare Vorgaben und Routinen \u2013 manchmal auch bei vermeintlichen Banalit\u00e4ten wie der Nutzung von Shampoo.<br \/>\nUnterst\u00fctzt werden Luisa und ihre Pflegeeltern von der Lebenshilfe Dillenburg. Tags\u00fcber arbeitet sie in der Lebenshilfe-Werkstatt in Oberscheld. Dort bescheinigt ihr die Gruppenleitung eine enorme Entwicklung. Das zeigt sich unter anderem an den anspruchsvolleren, maschinellen T\u00e4tigkeiten, die sie mittlerweile in der Produktion \u00fcbernimmt, aber auch an ihrer Teilnahme am \u201eSchichtwechsel\u201c-Projekt der Dillenburger Werkst\u00e4tten: Dabei arbeitete Luisa einen Tag in einem Friseursalon mit und zeigte im Gegenzug der Friseurinhaberin einen Tag lang ihren Arbeitsplatz.<\/p>\n<p>Dar\u00fcber hinaus unterst\u00fctzt und entlastet die Lebenshilfe Familien wie die Weihls auch \u00fcber das sogenannte Betreute Wohnen in Familien. Das Betreute Wohnen in Familien ist eine Form der Unterst\u00fctzung f\u00fcr Menschen mit besonderem Betreuungsbedarf, bei der sie in privaten Haushalten untergebracht werden und dort Betreuung und Pflege erhalten. Eine Mitarbeiterin der Lebenshilfe Dillenburg kommt regelm\u00e4\u00dfig und begleitet Luisa etwa bei Arztbesuchen oder geht mit ihr ins Kino oder schwimmen. \u201eDie Unterst\u00fctzung der Lebenshilfe ist f\u00fcr uns sehr wertvoll\u201c, sagt Martina Weihl. \u201eDenn so geraten wir in den Austausch und bekommen auch einen p\u00e4dagogischen Blick von au\u00dfen auf Luisa und ihre Entwicklung.\u201c Aktuell begleitet die Lebenshilfe Dillenburg vier erwachsene Menschen mit Behinderung in Familien. Eine Leistung, die vom Landeswohlfahrtsverband finanziell getragen wird.<\/p>\n<p>Luisa hat bei der Familie Weihl Stabilit\u00e4t und Geborgenheit gefunden \u2013 \u201eund die n\u00f6tige Portion Humor und Liebe, die es braucht\u201c, wie Martina Weihl betont. \u201eWer Pflegekinder wie Luisa aufnimmt, darf keine romantisch-verkl\u00e4rte Vorstellung haben und muss auch mal F\u00fcnfe gerade sein lassen. Aber es ist eine tolle Aufgabe, weil Luisa einfach ein tolles M\u00e4dchen ist. Durch ihre Art lehrt sie mich immer wieder etwas sehr Wertvolles: Gelassenheit und Leichtigkeit.\u201c<\/p>\n","protected":false},"excerpt":{"rendered":"<p>Neun von zehn Kindern mit Down-Syndrom werden mittlerweile abgetrieben. Eine Statistik, die Martina Weihl aus Niederscheld best\u00fcrzt. Denn sie und ihr Mann Harry haben sich bewusst daf\u00fcr entschieden, Pflegekinder mit Behinderung in ihrer Familie aufzunehmen. Eins davon: Luisa.<\/p>\n","protected":false},"author":4,"featured_media":7269,"comment_status":"closed","ping_status":"closed","sticky":false,"template":"","format":"standard","meta":{"_acf_changed":false,"_gspb_post_css":"","_kad_blocks_custom_css":"","_kad_blocks_head_custom_js":"","_kad_blocks_body_custom_js":"","_kad_blocks_footer_custom_js":"","_kad_post_transparent":"","_kad_post_title":"","_kad_post_layout":"","_kad_post_sidebar_id":"","_kad_post_content_style":"","_kad_post_vertical_padding":"","_kad_post_feature":"","_kad_post_feature_position":"","_kad_post_header":false,"_kad_post_footer":false,"_kad_post_classname":"","footnotes":""},"categories":[53],"tags":[],"class_list":["post-4479","post","type-post","status-publish","format-standard","has-post-thumbnail","hentry","category-meldungen"],"acf":[],"yoast_head":"<!-- This site is optimized with the Yoast SEO plugin v27.5 - https:\/\/yoast.com\/product\/yoast-seo-wordpress\/ -->\n<title>Luisa lehrt Gelassenheit und Leichtigkeit - Lebenshilfe Dillenburg e.V.<\/title>\n<meta name=\"robots\" content=\"index, follow, max-snippet:-1, max-image-preview:large, max-video-preview:-1\" \/>\n<link rel=\"canonical\" href=\"https:\/\/lebenshilfe-dillenburg.de\/leicht\/luisa-lehrt-gelassenheit-und-leichtigkeit\/\" \/>\n<meta property=\"og:locale\" content=\"de_DE\" \/>\n<meta property=\"og:type\" content=\"article\" \/>\n<meta property=\"og:title\" content=\"Luisa lehrt Gelassenheit und Leichtigkeit - Lebenshilfe Dillenburg e.V.\" \/>\n<meta property=\"og:description\" content=\"Neun von zehn Kindern mit Down-Syndrom werden mittlerweile abgetrieben. Eine Statistik, die Martina Weihl aus Niederscheld best\u00fcrzt. Denn sie und ihr Mann Harry haben sich bewusst daf\u00fcr entschieden, Pflegekinder mit Behinderung in ihrer Familie aufzunehmen. Eins davon: Luisa.\" \/>\n<meta property=\"og:url\" content=\"https:\/\/lebenshilfe-dillenburg.de\/leicht\/luisa-lehrt-gelassenheit-und-leichtigkeit\/\" \/>\n<meta property=\"og:site_name\" content=\"Lebenshilfe Dillenburg e.V.\" \/>\n<meta property=\"article:publisher\" content=\"https:\/\/www.facebook.com\/lebenshilfedillenburg\/\" \/>\n<meta property=\"article:published_time\" content=\"2024-03-21T10:01:44+00:00\" \/>\n<meta property=\"article:modified_time\" content=\"2026-01-30T11:09:42+00:00\" \/>\n<meta property=\"og:image\" content=\"https:\/\/lebenshilfe-dillenburg.de\/wp-content\/uploads\/img-1634-scaled-1.jpg\" \/>\n\t<meta property=\"og:image:width\" content=\"2560\" \/>\n\t<meta property=\"og:image:height\" content=\"1887\" \/>\n\t<meta property=\"og:image:type\" content=\"image\/jpeg\" \/>\n<meta name=\"author\" content=\"Conny Holtfoth\" \/>\n<meta name=\"twitter:card\" content=\"summary_large_image\" \/>\n<meta name=\"twitter:label1\" content=\"Geschrieben von\" \/>\n\t<meta name=\"twitter:data1\" content=\"Conny Holtfoth\" \/>\n\t<meta name=\"twitter:label2\" content=\"Gesch\u00e4tzte Lesezeit\" \/>\n\t<meta name=\"twitter:data2\" content=\"4\u00a0Minuten\" \/>\n<script type=\"application\/ld+json\" class=\"yoast-schema-graph\">{\"@context\":\"https:\\\/\\\/schema.org\",\"@graph\":[{\"@type\":\"Article\",\"@id\":\"https:\\\/\\\/lebenshilfe-dillenburg.de\\\/leicht\\\/luisa-lehrt-gelassenheit-und-leichtigkeit\\\/#article\",\"isPartOf\":{\"@id\":\"https:\\\/\\\/lebenshilfe-dillenburg.de\\\/leicht\\\/luisa-lehrt-gelassenheit-und-leichtigkeit\\\/\"},\"author\":{\"name\":\"Conny Holtfoth\",\"@id\":\"https:\\\/\\\/lebenshilfe-dillenburg.de\\\/leicht\\\/#\\\/schema\\\/person\\\/b6c52dad8d881b49213c3345a7cd5efe\"},\"headline\":\"Luisa lehrt Gelassenheit und Leichtigkeit\",\"datePublished\":\"2024-03-21T10:01:44+00:00\",\"dateModified\":\"2026-01-30T11:09:42+00:00\",\"mainEntityOfPage\":{\"@id\":\"https:\\\/\\\/lebenshilfe-dillenburg.de\\\/leicht\\\/luisa-lehrt-gelassenheit-und-leichtigkeit\\\/\"},\"wordCount\":845,\"publisher\":{\"@id\":\"https:\\\/\\\/lebenshilfe-dillenburg.de\\\/leicht\\\/#organization\"},\"image\":{\"@id\":\"https:\\\/\\\/lebenshilfe-dillenburg.de\\\/leicht\\\/luisa-lehrt-gelassenheit-und-leichtigkeit\\\/#primaryimage\"},\"thumbnailUrl\":\"https:\\\/\\\/lebenshilfe-dillenburg.de\\\/wp-content\\\/uploads\\\/pflegefamilie-portraet-auf-balkon.jpg\",\"articleSection\":[\"Meldungen\"],\"inLanguage\":\"de\"},{\"@type\":\"WebPage\",\"@id\":\"https:\\\/\\\/lebenshilfe-dillenburg.de\\\/leicht\\\/luisa-lehrt-gelassenheit-und-leichtigkeit\\\/\",\"url\":\"https:\\\/\\\/lebenshilfe-dillenburg.de\\\/leicht\\\/luisa-lehrt-gelassenheit-und-leichtigkeit\\\/\",\"name\":\"Luisa lehrt Gelassenheit und Leichtigkeit - Lebenshilfe Dillenburg e.V.\",\"isPartOf\":{\"@id\":\"https:\\\/\\\/lebenshilfe-dillenburg.de\\\/leicht\\\/#website\"},\"primaryImageOfPage\":{\"@id\":\"https:\\\/\\\/lebenshilfe-dillenburg.de\\\/leicht\\\/luisa-lehrt-gelassenheit-und-leichtigkeit\\\/#primaryimage\"},\"image\":{\"@id\":\"https:\\\/\\\/lebenshilfe-dillenburg.de\\\/leicht\\\/luisa-lehrt-gelassenheit-und-leichtigkeit\\\/#primaryimage\"},\"thumbnailUrl\":\"https:\\\/\\\/lebenshilfe-dillenburg.de\\\/wp-content\\\/uploads\\\/pflegefamilie-portraet-auf-balkon.jpg\",\"datePublished\":\"2024-03-21T10:01:44+00:00\",\"dateModified\":\"2026-01-30T11:09:42+00:00\",\"breadcrumb\":{\"@id\":\"https:\\\/\\\/lebenshilfe-dillenburg.de\\\/leicht\\\/luisa-lehrt-gelassenheit-und-leichtigkeit\\\/#breadcrumb\"},\"inLanguage\":\"de\",\"potentialAction\":[{\"@type\":\"ReadAction\",\"target\":[\"https:\\\/\\\/lebenshilfe-dillenburg.de\\\/leicht\\\/luisa-lehrt-gelassenheit-und-leichtigkeit\\\/\"]}]},{\"@type\":\"ImageObject\",\"inLanguage\":\"de\",\"@id\":\"https:\\\/\\\/lebenshilfe-dillenburg.de\\\/leicht\\\/luisa-lehrt-gelassenheit-und-leichtigkeit\\\/#primaryimage\",\"url\":\"https:\\\/\\\/lebenshilfe-dillenburg.de\\\/wp-content\\\/uploads\\\/pflegefamilie-portraet-auf-balkon.jpg\",\"contentUrl\":\"https:\\\/\\\/lebenshilfe-dillenburg.de\\\/wp-content\\\/uploads\\\/pflegefamilie-portraet-auf-balkon.jpg\",\"width\":1465,\"height\":1080,\"caption\":\"Luisa Holler (vorne) hat in ihrer Pflegefamilie ein festes Zuhause gefunden \u2013 hier mit ihrem Pflegevater Harry Weihl, ihrer Pflegemutter Martina Weihl und ihrer Pflegeschwester Conny Astore. (Foto: Holtfoth)\"},{\"@type\":\"BreadcrumbList\",\"@id\":\"https:\\\/\\\/lebenshilfe-dillenburg.de\\\/leicht\\\/luisa-lehrt-gelassenheit-und-leichtigkeit\\\/#breadcrumb\",\"itemListElement\":[{\"@type\":\"ListItem\",\"position\":1,\"name\":\"Startseite der Lebenshilfe Dillenburg\",\"item\":\"https:\\\/\\\/lebenshilfe-dillenburg.de\\\/leicht\\\/\"},{\"@type\":\"ListItem\",\"position\":2,\"name\":\"Luisa lehrt Gelassenheit und Leichtigkeit\"}]},{\"@type\":\"WebSite\",\"@id\":\"https:\\\/\\\/lebenshilfe-dillenburg.de\\\/leicht\\\/#website\",\"url\":\"https:\\\/\\\/lebenshilfe-dillenburg.de\\\/leicht\\\/\",\"name\":\"Lebenshilfe Dillenburg \u2013 Teilhabe & Unterst\u00fctzung im Lahn-Dill-Kreis\",\"description\":\"\",\"publisher\":{\"@id\":\"https:\\\/\\\/lebenshilfe-dillenburg.de\\\/leicht\\\/#organization\"},\"potentialAction\":[{\"@type\":\"SearchAction\",\"target\":{\"@type\":\"EntryPoint\",\"urlTemplate\":\"https:\\\/\\\/lebenshilfe-dillenburg.de\\\/leicht\\\/?s={search_term_string}\"},\"query-input\":{\"@type\":\"PropertyValueSpecification\",\"valueRequired\":true,\"valueName\":\"search_term_string\"}}],\"inLanguage\":\"de\"},{\"@type\":\"Organization\",\"@id\":\"https:\\\/\\\/lebenshilfe-dillenburg.de\\\/leicht\\\/#organization\",\"name\":\"Lebenshilfe Dillenburg e.V.\",\"url\":\"https:\\\/\\\/lebenshilfe-dillenburg.de\\\/leicht\\\/\",\"logo\":{\"@type\":\"ImageObject\",\"inLanguage\":\"de\",\"@id\":\"https:\\\/\\\/lebenshilfe-dillenburg.de\\\/leicht\\\/#\\\/schema\\\/logo\\\/image\\\/\",\"url\":\"https:\\\/\\\/lebenshilfe-dillenburg.de\\\/wp-content\\\/uploads\\\/lebenshilfe-dillenburg-desktop.webp\",\"contentUrl\":\"https:\\\/\\\/lebenshilfe-dillenburg.de\\\/wp-content\\\/uploads\\\/lebenshilfe-dillenburg-desktop.webp\",\"width\":461,\"height\":202,\"caption\":\"Lebenshilfe Dillenburg e.V.\"},\"image\":{\"@id\":\"https:\\\/\\\/lebenshilfe-dillenburg.de\\\/leicht\\\/#\\\/schema\\\/logo\\\/image\\\/\"},\"sameAs\":[\"https:\\\/\\\/www.facebook.com\\\/lebenshilfedillenburg\\\/\",\"https:\\\/\\\/www.instagram.com\\\/lebenshilfe_dillenburg\\\/\"]},{\"@type\":\"Person\",\"@id\":\"https:\\\/\\\/lebenshilfe-dillenburg.de\\\/leicht\\\/#\\\/schema\\\/person\\\/b6c52dad8d881b49213c3345a7cd5efe\",\"name\":\"Conny Holtfoth\",\"sameAs\":[\"http:\\\/\\\/lebenshilfe-dillenburg.de\"],\"url\":\"https:\\\/\\\/lebenshilfe-dillenburg.de\\\/leicht\\\/author\\\/conny\\\/\"}]}<\/script>\n<!-- \/ Yoast SEO plugin. -->","yoast_head_json":{"title":"Luisa lehrt Gelassenheit und Leichtigkeit - Lebenshilfe Dillenburg e.V.","robots":{"index":"index","follow":"follow","max-snippet":"max-snippet:-1","max-image-preview":"max-image-preview:large","max-video-preview":"max-video-preview:-1"},"canonical":"https:\/\/lebenshilfe-dillenburg.de\/leicht\/luisa-lehrt-gelassenheit-und-leichtigkeit\/","og_locale":"de_DE","og_type":"article","og_title":"Luisa lehrt Gelassenheit und Leichtigkeit - Lebenshilfe Dillenburg e.V.","og_description":"Neun von zehn Kindern mit Down-Syndrom werden mittlerweile abgetrieben. Eine Statistik, die Martina Weihl aus Niederscheld best\u00fcrzt. Denn sie und ihr Mann Harry haben sich bewusst daf\u00fcr entschieden, Pflegekinder mit Behinderung in ihrer Familie aufzunehmen. Eins davon: Luisa.","og_url":"https:\/\/lebenshilfe-dillenburg.de\/leicht\/luisa-lehrt-gelassenheit-und-leichtigkeit\/","og_site_name":"Lebenshilfe Dillenburg e.V.","article_publisher":"https:\/\/www.facebook.com\/lebenshilfedillenburg\/","article_published_time":"2024-03-21T10:01:44+00:00","article_modified_time":"2026-01-30T11:09:42+00:00","og_image":[{"width":2560,"height":1887,"url":"https:\/\/lebenshilfe-dillenburg.de\/wp-content\/uploads\/img-1634-scaled-1.jpg","type":"image\/jpeg"}],"author":"Conny Holtfoth","twitter_card":"summary_large_image","twitter_misc":{"Geschrieben von":"Conny Holtfoth","Gesch\u00e4tzte Lesezeit":"4\u00a0Minuten"},"schema":{"@context":"https:\/\/schema.org","@graph":[{"@type":"Article","@id":"https:\/\/lebenshilfe-dillenburg.de\/leicht\/luisa-lehrt-gelassenheit-und-leichtigkeit\/#article","isPartOf":{"@id":"https:\/\/lebenshilfe-dillenburg.de\/leicht\/luisa-lehrt-gelassenheit-und-leichtigkeit\/"},"author":{"name":"Conny Holtfoth","@id":"https:\/\/lebenshilfe-dillenburg.de\/leicht\/#\/schema\/person\/b6c52dad8d881b49213c3345a7cd5efe"},"headline":"Luisa lehrt Gelassenheit und Leichtigkeit","datePublished":"2024-03-21T10:01:44+00:00","dateModified":"2026-01-30T11:09:42+00:00","mainEntityOfPage":{"@id":"https:\/\/lebenshilfe-dillenburg.de\/leicht\/luisa-lehrt-gelassenheit-und-leichtigkeit\/"},"wordCount":845,"publisher":{"@id":"https:\/\/lebenshilfe-dillenburg.de\/leicht\/#organization"},"image":{"@id":"https:\/\/lebenshilfe-dillenburg.de\/leicht\/luisa-lehrt-gelassenheit-und-leichtigkeit\/#primaryimage"},"thumbnailUrl":"https:\/\/lebenshilfe-dillenburg.de\/wp-content\/uploads\/pflegefamilie-portraet-auf-balkon.jpg","articleSection":["Meldungen"],"inLanguage":"de"},{"@type":"WebPage","@id":"https:\/\/lebenshilfe-dillenburg.de\/leicht\/luisa-lehrt-gelassenheit-und-leichtigkeit\/","url":"https:\/\/lebenshilfe-dillenburg.de\/leicht\/luisa-lehrt-gelassenheit-und-leichtigkeit\/","name":"Luisa lehrt Gelassenheit und Leichtigkeit - Lebenshilfe Dillenburg e.V.","isPartOf":{"@id":"https:\/\/lebenshilfe-dillenburg.de\/leicht\/#website"},"primaryImageOfPage":{"@id":"https:\/\/lebenshilfe-dillenburg.de\/leicht\/luisa-lehrt-gelassenheit-und-leichtigkeit\/#primaryimage"},"image":{"@id":"https:\/\/lebenshilfe-dillenburg.de\/leicht\/luisa-lehrt-gelassenheit-und-leichtigkeit\/#primaryimage"},"thumbnailUrl":"https:\/\/lebenshilfe-dillenburg.de\/wp-content\/uploads\/pflegefamilie-portraet-auf-balkon.jpg","datePublished":"2024-03-21T10:01:44+00:00","dateModified":"2026-01-30T11:09:42+00:00","breadcrumb":{"@id":"https:\/\/lebenshilfe-dillenburg.de\/leicht\/luisa-lehrt-gelassenheit-und-leichtigkeit\/#breadcrumb"},"inLanguage":"de","potentialAction":[{"@type":"ReadAction","target":["https:\/\/lebenshilfe-dillenburg.de\/leicht\/luisa-lehrt-gelassenheit-und-leichtigkeit\/"]}]},{"@type":"ImageObject","inLanguage":"de","@id":"https:\/\/lebenshilfe-dillenburg.de\/leicht\/luisa-lehrt-gelassenheit-und-leichtigkeit\/#primaryimage","url":"https:\/\/lebenshilfe-dillenburg.de\/wp-content\/uploads\/pflegefamilie-portraet-auf-balkon.jpg","contentUrl":"https:\/\/lebenshilfe-dillenburg.de\/wp-content\/uploads\/pflegefamilie-portraet-auf-balkon.jpg","width":1465,"height":1080,"caption":"Luisa Holler (vorne) hat in ihrer Pflegefamilie ein festes Zuhause gefunden \u2013 hier mit ihrem Pflegevater Harry Weihl, ihrer Pflegemutter Martina Weihl und ihrer Pflegeschwester Conny Astore. (Foto: Holtfoth)"},{"@type":"BreadcrumbList","@id":"https:\/\/lebenshilfe-dillenburg.de\/leicht\/luisa-lehrt-gelassenheit-und-leichtigkeit\/#breadcrumb","itemListElement":[{"@type":"ListItem","position":1,"name":"Startseite der Lebenshilfe Dillenburg","item":"https:\/\/lebenshilfe-dillenburg.de\/leicht\/"},{"@type":"ListItem","position":2,"name":"Luisa lehrt Gelassenheit und Leichtigkeit"}]},{"@type":"WebSite","@id":"https:\/\/lebenshilfe-dillenburg.de\/leicht\/#website","url":"https:\/\/lebenshilfe-dillenburg.de\/leicht\/","name":"Lebenshilfe Dillenburg \u2013 Teilhabe & Unterst\u00fctzung im Lahn-Dill-Kreis","description":"","publisher":{"@id":"https:\/\/lebenshilfe-dillenburg.de\/leicht\/#organization"},"potentialAction":[{"@type":"SearchAction","target":{"@type":"EntryPoint","urlTemplate":"https:\/\/lebenshilfe-dillenburg.de\/leicht\/?s={search_term_string}"},"query-input":{"@type":"PropertyValueSpecification","valueRequired":true,"valueName":"search_term_string"}}],"inLanguage":"de"},{"@type":"Organization","@id":"https:\/\/lebenshilfe-dillenburg.de\/leicht\/#organization","name":"Lebenshilfe Dillenburg e.V.","url":"https:\/\/lebenshilfe-dillenburg.de\/leicht\/","logo":{"@type":"ImageObject","inLanguage":"de","@id":"https:\/\/lebenshilfe-dillenburg.de\/leicht\/#\/schema\/logo\/image\/","url":"https:\/\/lebenshilfe-dillenburg.de\/wp-content\/uploads\/lebenshilfe-dillenburg-desktop.webp","contentUrl":"https:\/\/lebenshilfe-dillenburg.de\/wp-content\/uploads\/lebenshilfe-dillenburg-desktop.webp","width":461,"height":202,"caption":"Lebenshilfe Dillenburg e.V."},"image":{"@id":"https:\/\/lebenshilfe-dillenburg.de\/leicht\/#\/schema\/logo\/image\/"},"sameAs":["https:\/\/www.facebook.com\/lebenshilfedillenburg\/","https:\/\/www.instagram.com\/lebenshilfe_dillenburg\/"]},{"@type":"Person","@id":"https:\/\/lebenshilfe-dillenburg.de\/leicht\/#\/schema\/person\/b6c52dad8d881b49213c3345a7cd5efe","name":"Conny Holtfoth","sameAs":["http:\/\/lebenshilfe-dillenburg.de"],"url":"https:\/\/lebenshilfe-dillenburg.de\/leicht\/author\/conny\/"}]}},"taxonomy_info":{"category":[{"value":53,"label":"Meldungen"}]},"featured_image_src_large":["https:\/\/lebenshilfe-dillenburg.de\/wp-content\/uploads\/pflegefamilie-portraet-auf-balkon-1920x1415.jpg",1366,1007,true],"author_info":{"display_name":"Conny Holtfoth","author_link":"https:\/\/lebenshilfe-dillenburg.de\/leicht\/author\/conny\/"},"comment_info":0,"category_info":[{"term_id":53,"name":"Meldungen","slug":"meldungen","term_group":0,"term_taxonomy_id":53,"taxonomy":"category","description":"","parent":0,"count":127,"filter":"raw","term_order":"5","cat_ID":53,"category_count":127,"category_description":"","cat_name":"Meldungen","category_nicename":"meldungen","category_parent":0}],"tag_info":false,"_links":{"self":[{"href":"https:\/\/lebenshilfe-dillenburg.de\/leicht\/wp-json\/wp\/v2\/posts\/4479","targetHints":{"allow":["GET"]}}],"collection":[{"href":"https:\/\/lebenshilfe-dillenburg.de\/leicht\/wp-json\/wp\/v2\/posts"}],"about":[{"href":"https:\/\/lebenshilfe-dillenburg.de\/leicht\/wp-json\/wp\/v2\/types\/post"}],"author":[{"embeddable":true,"href":"https:\/\/lebenshilfe-dillenburg.de\/leicht\/wp-json\/wp\/v2\/users\/4"}],"replies":[{"embeddable":true,"href":"https:\/\/lebenshilfe-dillenburg.de\/leicht\/wp-json\/wp\/v2\/comments?post=4479"}],"version-history":[{"count":0,"href":"https:\/\/lebenshilfe-dillenburg.de\/leicht\/wp-json\/wp\/v2\/posts\/4479\/revisions"}],"wp:featuredmedia":[{"embeddable":true,"href":"https:\/\/lebenshilfe-dillenburg.de\/leicht\/wp-json\/wp\/v2\/media\/7269"}],"wp:attachment":[{"href":"https:\/\/lebenshilfe-dillenburg.de\/leicht\/wp-json\/wp\/v2\/media?parent=4479"}],"wp:term":[{"taxonomy":"category","embeddable":true,"href":"https:\/\/lebenshilfe-dillenburg.de\/leicht\/wp-json\/wp\/v2\/categories?post=4479"},{"taxonomy":"post_tag","embeddable":true,"href":"https:\/\/lebenshilfe-dillenburg.de\/leicht\/wp-json\/wp\/v2\/tags?post=4479"}],"curies":[{"name":"wp","href":"https:\/\/api.w.org\/{rel}","templated":true}]}}