{"id":4779,"date":"2024-09-30T13:39:08","date_gmt":"2024-09-30T11:39:08","guid":{"rendered":"https:\/\/www.lebenshilfe-dillenburg.de\/?p=4779"},"modified":"2026-01-30T12:09:41","modified_gmt":"2026-01-30T11:09:41","slug":"inklusion-trifft-wortgewalt","status":"publish","type":"post","link":"https:\/\/lebenshilfe-dillenburg.de\/leicht\/inklusion-trifft-wortgewalt\/","title":{"rendered":"Inklusion trifft Wortgewalt"},"content":{"rendered":"<p>Am 18. Oktober \u00f6ffnet die Kulturscheune Herborn wieder ihre T\u00fcren f\u00fcr einen Abend voller wortgewaltiger B\u00fchnenliteratur und \u00a0mitrei\u00dfender Performances. Mit einem sensationellen Line-Up verspricht der 20. Scheunen-Slam einen hochspannenden Wettbewerb. Mitorganisator Sascha Kirchhoff, Kulturreferent der Lebenshilfe Dillenburg, ist \u00fcberzeugt: \u201eEs wird humorvoll. Es wird provokant. Es wird inklusiv.\u201c<!--more--><\/p>\n<p>Vier der besten Poetry Slammer im deutschsprachigen Raum treten gegeneinander an. Eine von ihnen: Gina Walter, seit 2015 eine feste Gr\u00f6\u00dfe der Schweizer Slam-Szene und U20-Schweizermeisterin 2017. Ebenfalls mit dabei: Florian Wintels, dreifacher Landesmeister f\u00fcr Niedersachsen und Bremen sowie deutschsprachiger Meister 2022, bekannt als die \u201erappende Slam-Maschine\u201c. Dritter im Bunde ist Jann Wattjes, Poetry Slammer seit 2015 und NRW-Meister 2021. Wattjes arbeitet auch als Autor f\u00fcr verschiedene TV-Formate und war zuletzt in der ARD-Dokumentation &#8222;LORIOT 100&#8220; zu sehen. Der vierte Top-Act bleibt eine \u00dcberraschung. \u201eMan darf gespannt sein\u201c, verspricht Kirchhoff.<\/p>\n<p>Die seit Jahren bew\u00e4hrte Zusammenarbeit zwischen der Kulturscheune Herborn und der Lebenshilfe Dillenburg greift Inklusion ganz selbstverst\u00e4ndlich auf. Menschen mit Behinderung sind am Einlass, an der Theke und auch auf der B\u00fchne vertreten. \u201eDiese hochkar\u00e4tige Veranstaltung wird durch die Beteiligung von Menschen mit Behinderung noch einzigartiger,\u201c so Kirchhoff weiter. \u201eDer Herborner Scheunen-Slam ist die perfekte Gelegenheit, Kunst, Kultur und Inklusion auf eine unvergessliche Weise zu erleben.\u201c<\/p>\n<p>Die Veranstaltung beginnt um 20 Uhr, Einlass ist ab 19.30 Uhr. Tickets gibt es im Vorverkauf f\u00fcr 16,40 \u20ac (erm\u00e4\u00dfigt 14,20 \u20ac) \u00fcber die Website der Kulturscheune, <a href=\"https:\/\/kusch-herborn.reservix.de\/\">https:\/\/kusch-herborn.reservix.de\/<\/a>.<\/p>\n","protected":false},"excerpt":{"rendered":"<p>Am 18. Oktober \u00f6ffnet die Kulturscheune Herborn wieder ihre T\u00fcren f\u00fcr einen Abend voller wortgewaltiger B\u00fchnenliteratur und \u00a0mitrei\u00dfender Performances. Mit einem sensationellen Line-Up verspricht der 20. Scheunen-Slam einen hochspannenden Wettbewerb. Mitorganisator Sascha Kirchhoff, Kulturreferent der Lebenshilfe Dillenburg, ist \u00fcberzeugt: \u201eEs wird humorvoll. Es wird provokant. Es wird inklusiv.\u201c<\/p>\n","protected":false},"author":4,"featured_media":7318,"comment_status":"closed","ping_status":"closed","sticky":false,"template":"","format":"standard","meta":{"_acf_changed":false,"_gspb_post_css":"","_kad_blocks_custom_css":"","_kad_blocks_head_custom_js":"","_kad_blocks_body_custom_js":"","_kad_blocks_footer_custom_js":"","_kad_post_transparent":"","_kad_post_title":"","_kad_post_layout":"","_kad_post_sidebar_id":"","_kad_post_content_style":"","_kad_post_vertical_padding":"","_kad_post_feature":"","_kad_post_feature_position":"","_kad_post_header":false,"_kad_post_footer":false,"_kad_post_classname":"","footnotes":""},"categories":[53],"tags":[],"class_list":["post-4779","post","type-post","status-publish","format-standard","has-post-thumbnail","hentry","category-meldungen"],"acf":[],"yoast_head":"<!-- This site is optimized with the Yoast SEO plugin v27.5 - https:\/\/yoast.com\/product\/yoast-seo-wordpress\/ -->\n<title>Inklusion trifft Wortgewalt - Lebenshilfe Dillenburg e.V.<\/title>\n<meta name=\"robots\" content=\"index, follow, max-snippet:-1, max-image-preview:large, max-video-preview:-1\" \/>\n<link rel=\"canonical\" href=\"https:\/\/lebenshilfe-dillenburg.de\/leicht\/inklusion-trifft-wortgewalt\/\" \/>\n<meta property=\"og:locale\" content=\"de_DE\" \/>\n<meta property=\"og:type\" content=\"article\" \/>\n<meta property=\"og:title\" content=\"Inklusion trifft Wortgewalt - Lebenshilfe Dillenburg e.V.\" \/>\n<meta property=\"og:description\" content=\"Am 18. Oktober \u00f6ffnet die Kulturscheune Herborn wieder ihre T\u00fcren f\u00fcr einen Abend voller wortgewaltiger B\u00fchnenliteratur und \u00a0mitrei\u00dfender Performances. Mit einem sensationellen Line-Up verspricht der 20. Scheunen-Slam einen hochspannenden Wettbewerb. Mitorganisator Sascha Kirchhoff, Kulturreferent der Lebenshilfe Dillenburg, ist \u00fcberzeugt: \u201eEs wird humorvoll. Es wird provokant. Es wird inklusiv.\u201c\" \/>\n<meta property=\"og:url\" content=\"https:\/\/lebenshilfe-dillenburg.de\/leicht\/inklusion-trifft-wortgewalt\/\" \/>\n<meta property=\"og:site_name\" content=\"Lebenshilfe Dillenburg e.V.\" \/>\n<meta property=\"article:publisher\" content=\"https:\/\/www.facebook.com\/lebenshilfedillenburg\/\" \/>\n<meta property=\"article:published_time\" content=\"2024-09-30T11:39:08+00:00\" \/>\n<meta property=\"article:modified_time\" content=\"2026-01-30T11:09:41+00:00\" \/>\n<meta property=\"og:image\" content=\"https:\/\/lebenshilfe-dillenburg.de\/wp-content\/uploads\/inklusion-trifft-wortgewalt-scheunenslam.jpg\" \/>\n\t<meta property=\"og:image:width\" content=\"900\" \/>\n\t<meta property=\"og:image:height\" content=\"1600\" \/>\n\t<meta property=\"og:image:type\" content=\"image\/jpeg\" \/>\n<meta name=\"author\" content=\"Conny Holtfoth\" \/>\n<meta name=\"twitter:card\" content=\"summary_large_image\" \/>\n<meta name=\"twitter:label1\" content=\"Geschrieben von\" \/>\n\t<meta name=\"twitter:data1\" content=\"Conny Holtfoth\" \/>\n\t<meta name=\"twitter:label2\" content=\"Gesch\u00e4tzte Lesezeit\" \/>\n\t<meta name=\"twitter:data2\" content=\"1\u00a0Minute\" \/>\n<script type=\"application\/ld+json\" class=\"yoast-schema-graph\">{\"@context\":\"https:\\\/\\\/schema.org\",\"@graph\":[{\"@type\":\"Article\",\"@id\":\"https:\\\/\\\/lebenshilfe-dillenburg.de\\\/leicht\\\/inklusion-trifft-wortgewalt\\\/#article\",\"isPartOf\":{\"@id\":\"https:\\\/\\\/lebenshilfe-dillenburg.de\\\/leicht\\\/inklusion-trifft-wortgewalt\\\/\"},\"author\":{\"name\":\"Conny Holtfoth\",\"@id\":\"https:\\\/\\\/lebenshilfe-dillenburg.de\\\/leicht\\\/#\\\/schema\\\/person\\\/b6c52dad8d881b49213c3345a7cd5efe\"},\"headline\":\"Inklusion trifft Wortgewalt\",\"datePublished\":\"2024-09-30T11:39:08+00:00\",\"dateModified\":\"2026-01-30T11:09:41+00:00\",\"mainEntityOfPage\":{\"@id\":\"https:\\\/\\\/lebenshilfe-dillenburg.de\\\/leicht\\\/inklusion-trifft-wortgewalt\\\/\"},\"wordCount\":238,\"publisher\":{\"@id\":\"https:\\\/\\\/lebenshilfe-dillenburg.de\\\/leicht\\\/#organization\"},\"image\":{\"@id\":\"https:\\\/\\\/lebenshilfe-dillenburg.de\\\/leicht\\\/inklusion-trifft-wortgewalt\\\/#primaryimage\"},\"thumbnailUrl\":\"https:\\\/\\\/lebenshilfe-dillenburg.de\\\/wp-content\\\/uploads\\\/scheunenslam-herborn-20-2024-10-18.jpg\",\"articleSection\":[\"Meldungen\"],\"inLanguage\":\"de\"},{\"@type\":\"WebPage\",\"@id\":\"https:\\\/\\\/lebenshilfe-dillenburg.de\\\/leicht\\\/inklusion-trifft-wortgewalt\\\/\",\"url\":\"https:\\\/\\\/lebenshilfe-dillenburg.de\\\/leicht\\\/inklusion-trifft-wortgewalt\\\/\",\"name\":\"Inklusion trifft Wortgewalt - Lebenshilfe Dillenburg e.V.\",\"isPartOf\":{\"@id\":\"https:\\\/\\\/lebenshilfe-dillenburg.de\\\/leicht\\\/#website\"},\"primaryImageOfPage\":{\"@id\":\"https:\\\/\\\/lebenshilfe-dillenburg.de\\\/leicht\\\/inklusion-trifft-wortgewalt\\\/#primaryimage\"},\"image\":{\"@id\":\"https:\\\/\\\/lebenshilfe-dillenburg.de\\\/leicht\\\/inklusion-trifft-wortgewalt\\\/#primaryimage\"},\"thumbnailUrl\":\"https:\\\/\\\/lebenshilfe-dillenburg.de\\\/wp-content\\\/uploads\\\/scheunenslam-herborn-20-2024-10-18.jpg\",\"datePublished\":\"2024-09-30T11:39:08+00:00\",\"dateModified\":\"2026-01-30T11:09:41+00:00\",\"breadcrumb\":{\"@id\":\"https:\\\/\\\/lebenshilfe-dillenburg.de\\\/leicht\\\/inklusion-trifft-wortgewalt\\\/#breadcrumb\"},\"inLanguage\":\"de\",\"potentialAction\":[{\"@type\":\"ReadAction\",\"target\":[\"https:\\\/\\\/lebenshilfe-dillenburg.de\\\/leicht\\\/inklusion-trifft-wortgewalt\\\/\"]}]},{\"@type\":\"ImageObject\",\"inLanguage\":\"de\",\"@id\":\"https:\\\/\\\/lebenshilfe-dillenburg.de\\\/leicht\\\/inklusion-trifft-wortgewalt\\\/#primaryimage\",\"url\":\"https:\\\/\\\/lebenshilfe-dillenburg.de\\\/wp-content\\\/uploads\\\/scheunenslam-herborn-20-2024-10-18.jpg\",\"contentUrl\":\"https:\\\/\\\/lebenshilfe-dillenburg.de\\\/wp-content\\\/uploads\\\/scheunenslam-herborn-20-2024-10-18.jpg\",\"width\":608,\"height\":1080,\"caption\":\"Poster: 20. Herborner Scheunen Slam am 18.10.2024, Kulturscheune Herborn, 20 Uhr.\"},{\"@type\":\"BreadcrumbList\",\"@id\":\"https:\\\/\\\/lebenshilfe-dillenburg.de\\\/leicht\\\/inklusion-trifft-wortgewalt\\\/#breadcrumb\",\"itemListElement\":[{\"@type\":\"ListItem\",\"position\":1,\"name\":\"Startseite der Lebenshilfe Dillenburg\",\"item\":\"https:\\\/\\\/lebenshilfe-dillenburg.de\\\/leicht\\\/\"},{\"@type\":\"ListItem\",\"position\":2,\"name\":\"Inklusion trifft Wortgewalt\"}]},{\"@type\":\"WebSite\",\"@id\":\"https:\\\/\\\/lebenshilfe-dillenburg.de\\\/leicht\\\/#website\",\"url\":\"https:\\\/\\\/lebenshilfe-dillenburg.de\\\/leicht\\\/\",\"name\":\"Lebenshilfe Dillenburg \u2013 Teilhabe & Unterst\u00fctzung im Lahn-Dill-Kreis\",\"description\":\"\",\"publisher\":{\"@id\":\"https:\\\/\\\/lebenshilfe-dillenburg.de\\\/leicht\\\/#organization\"},\"potentialAction\":[{\"@type\":\"SearchAction\",\"target\":{\"@type\":\"EntryPoint\",\"urlTemplate\":\"https:\\\/\\\/lebenshilfe-dillenburg.de\\\/leicht\\\/?s={search_term_string}\"},\"query-input\":{\"@type\":\"PropertyValueSpecification\",\"valueRequired\":true,\"valueName\":\"search_term_string\"}}],\"inLanguage\":\"de\"},{\"@type\":\"Organization\",\"@id\":\"https:\\\/\\\/lebenshilfe-dillenburg.de\\\/leicht\\\/#organization\",\"name\":\"Lebenshilfe Dillenburg e.V.\",\"url\":\"https:\\\/\\\/lebenshilfe-dillenburg.de\\\/leicht\\\/\",\"logo\":{\"@type\":\"ImageObject\",\"inLanguage\":\"de\",\"@id\":\"https:\\\/\\\/lebenshilfe-dillenburg.de\\\/leicht\\\/#\\\/schema\\\/logo\\\/image\\\/\",\"url\":\"https:\\\/\\\/lebenshilfe-dillenburg.de\\\/wp-content\\\/uploads\\\/lebenshilfe-dillenburg-desktop.webp\",\"contentUrl\":\"https:\\\/\\\/lebenshilfe-dillenburg.de\\\/wp-content\\\/uploads\\\/lebenshilfe-dillenburg-desktop.webp\",\"width\":461,\"height\":202,\"caption\":\"Lebenshilfe Dillenburg e.V.\"},\"image\":{\"@id\":\"https:\\\/\\\/lebenshilfe-dillenburg.de\\\/leicht\\\/#\\\/schema\\\/logo\\\/image\\\/\"},\"sameAs\":[\"https:\\\/\\\/www.facebook.com\\\/lebenshilfedillenburg\\\/\",\"https:\\\/\\\/www.instagram.com\\\/lebenshilfe_dillenburg\\\/\"]},{\"@type\":\"Person\",\"@id\":\"https:\\\/\\\/lebenshilfe-dillenburg.de\\\/leicht\\\/#\\\/schema\\\/person\\\/b6c52dad8d881b49213c3345a7cd5efe\",\"name\":\"Conny Holtfoth\",\"sameAs\":[\"http:\\\/\\\/lebenshilfe-dillenburg.de\"],\"url\":\"https:\\\/\\\/lebenshilfe-dillenburg.de\\\/leicht\\\/author\\\/conny\\\/\"}]}<\/script>\n<!-- \/ Yoast SEO plugin. -->","yoast_head_json":{"title":"Inklusion trifft Wortgewalt - Lebenshilfe Dillenburg e.V.","robots":{"index":"index","follow":"follow","max-snippet":"max-snippet:-1","max-image-preview":"max-image-preview:large","max-video-preview":"max-video-preview:-1"},"canonical":"https:\/\/lebenshilfe-dillenburg.de\/leicht\/inklusion-trifft-wortgewalt\/","og_locale":"de_DE","og_type":"article","og_title":"Inklusion trifft Wortgewalt - Lebenshilfe Dillenburg e.V.","og_description":"Am 18. Oktober \u00f6ffnet die Kulturscheune Herborn wieder ihre T\u00fcren f\u00fcr einen Abend voller wortgewaltiger B\u00fchnenliteratur und \u00a0mitrei\u00dfender Performances. Mit einem sensationellen Line-Up verspricht der 20. Scheunen-Slam einen hochspannenden Wettbewerb. Mitorganisator Sascha Kirchhoff, Kulturreferent der Lebenshilfe Dillenburg, ist \u00fcberzeugt: \u201eEs wird humorvoll. Es wird provokant. Es wird inklusiv.\u201c","og_url":"https:\/\/lebenshilfe-dillenburg.de\/leicht\/inklusion-trifft-wortgewalt\/","og_site_name":"Lebenshilfe Dillenburg e.V.","article_publisher":"https:\/\/www.facebook.com\/lebenshilfedillenburg\/","article_published_time":"2024-09-30T11:39:08+00:00","article_modified_time":"2026-01-30T11:09:41+00:00","og_image":[{"width":900,"height":1600,"url":"https:\/\/lebenshilfe-dillenburg.de\/wp-content\/uploads\/inklusion-trifft-wortgewalt-scheunenslam.jpg","type":"image\/jpeg"}],"author":"Conny Holtfoth","twitter_card":"summary_large_image","twitter_misc":{"Geschrieben von":"Conny Holtfoth","Gesch\u00e4tzte Lesezeit":"1\u00a0Minute"},"schema":{"@context":"https:\/\/schema.org","@graph":[{"@type":"Article","@id":"https:\/\/lebenshilfe-dillenburg.de\/leicht\/inklusion-trifft-wortgewalt\/#article","isPartOf":{"@id":"https:\/\/lebenshilfe-dillenburg.de\/leicht\/inklusion-trifft-wortgewalt\/"},"author":{"name":"Conny Holtfoth","@id":"https:\/\/lebenshilfe-dillenburg.de\/leicht\/#\/schema\/person\/b6c52dad8d881b49213c3345a7cd5efe"},"headline":"Inklusion trifft Wortgewalt","datePublished":"2024-09-30T11:39:08+00:00","dateModified":"2026-01-30T11:09:41+00:00","mainEntityOfPage":{"@id":"https:\/\/lebenshilfe-dillenburg.de\/leicht\/inklusion-trifft-wortgewalt\/"},"wordCount":238,"publisher":{"@id":"https:\/\/lebenshilfe-dillenburg.de\/leicht\/#organization"},"image":{"@id":"https:\/\/lebenshilfe-dillenburg.de\/leicht\/inklusion-trifft-wortgewalt\/#primaryimage"},"thumbnailUrl":"https:\/\/lebenshilfe-dillenburg.de\/wp-content\/uploads\/scheunenslam-herborn-20-2024-10-18.jpg","articleSection":["Meldungen"],"inLanguage":"de"},{"@type":"WebPage","@id":"https:\/\/lebenshilfe-dillenburg.de\/leicht\/inklusion-trifft-wortgewalt\/","url":"https:\/\/lebenshilfe-dillenburg.de\/leicht\/inklusion-trifft-wortgewalt\/","name":"Inklusion trifft Wortgewalt - Lebenshilfe Dillenburg e.V.","isPartOf":{"@id":"https:\/\/lebenshilfe-dillenburg.de\/leicht\/#website"},"primaryImageOfPage":{"@id":"https:\/\/lebenshilfe-dillenburg.de\/leicht\/inklusion-trifft-wortgewalt\/#primaryimage"},"image":{"@id":"https:\/\/lebenshilfe-dillenburg.de\/leicht\/inklusion-trifft-wortgewalt\/#primaryimage"},"thumbnailUrl":"https:\/\/lebenshilfe-dillenburg.de\/wp-content\/uploads\/scheunenslam-herborn-20-2024-10-18.jpg","datePublished":"2024-09-30T11:39:08+00:00","dateModified":"2026-01-30T11:09:41+00:00","breadcrumb":{"@id":"https:\/\/lebenshilfe-dillenburg.de\/leicht\/inklusion-trifft-wortgewalt\/#breadcrumb"},"inLanguage":"de","potentialAction":[{"@type":"ReadAction","target":["https:\/\/lebenshilfe-dillenburg.de\/leicht\/inklusion-trifft-wortgewalt\/"]}]},{"@type":"ImageObject","inLanguage":"de","@id":"https:\/\/lebenshilfe-dillenburg.de\/leicht\/inklusion-trifft-wortgewalt\/#primaryimage","url":"https:\/\/lebenshilfe-dillenburg.de\/wp-content\/uploads\/scheunenslam-herborn-20-2024-10-18.jpg","contentUrl":"https:\/\/lebenshilfe-dillenburg.de\/wp-content\/uploads\/scheunenslam-herborn-20-2024-10-18.jpg","width":608,"height":1080,"caption":"Poster: 20. Herborner Scheunen Slam am 18.10.2024, Kulturscheune Herborn, 20 Uhr."},{"@type":"BreadcrumbList","@id":"https:\/\/lebenshilfe-dillenburg.de\/leicht\/inklusion-trifft-wortgewalt\/#breadcrumb","itemListElement":[{"@type":"ListItem","position":1,"name":"Startseite der Lebenshilfe Dillenburg","item":"https:\/\/lebenshilfe-dillenburg.de\/leicht\/"},{"@type":"ListItem","position":2,"name":"Inklusion trifft Wortgewalt"}]},{"@type":"WebSite","@id":"https:\/\/lebenshilfe-dillenburg.de\/leicht\/#website","url":"https:\/\/lebenshilfe-dillenburg.de\/leicht\/","name":"Lebenshilfe Dillenburg \u2013 Teilhabe & Unterst\u00fctzung im Lahn-Dill-Kreis","description":"","publisher":{"@id":"https:\/\/lebenshilfe-dillenburg.de\/leicht\/#organization"},"potentialAction":[{"@type":"SearchAction","target":{"@type":"EntryPoint","urlTemplate":"https:\/\/lebenshilfe-dillenburg.de\/leicht\/?s={search_term_string}"},"query-input":{"@type":"PropertyValueSpecification","valueRequired":true,"valueName":"search_term_string"}}],"inLanguage":"de"},{"@type":"Organization","@id":"https:\/\/lebenshilfe-dillenburg.de\/leicht\/#organization","name":"Lebenshilfe Dillenburg e.V.","url":"https:\/\/lebenshilfe-dillenburg.de\/leicht\/","logo":{"@type":"ImageObject","inLanguage":"de","@id":"https:\/\/lebenshilfe-dillenburg.de\/leicht\/#\/schema\/logo\/image\/","url":"https:\/\/lebenshilfe-dillenburg.de\/wp-content\/uploads\/lebenshilfe-dillenburg-desktop.webp","contentUrl":"https:\/\/lebenshilfe-dillenburg.de\/wp-content\/uploads\/lebenshilfe-dillenburg-desktop.webp","width":461,"height":202,"caption":"Lebenshilfe Dillenburg e.V."},"image":{"@id":"https:\/\/lebenshilfe-dillenburg.de\/leicht\/#\/schema\/logo\/image\/"},"sameAs":["https:\/\/www.facebook.com\/lebenshilfedillenburg\/","https:\/\/www.instagram.com\/lebenshilfe_dillenburg\/"]},{"@type":"Person","@id":"https:\/\/lebenshilfe-dillenburg.de\/leicht\/#\/schema\/person\/b6c52dad8d881b49213c3345a7cd5efe","name":"Conny Holtfoth","sameAs":["http:\/\/lebenshilfe-dillenburg.de"],"url":"https:\/\/lebenshilfe-dillenburg.de\/leicht\/author\/conny\/"}]}},"taxonomy_info":{"category":[{"value":53,"label":"Meldungen"}]},"featured_image_src_large":["https:\/\/lebenshilfe-dillenburg.de\/wp-content\/uploads\/scheunenslam-herborn-20-2024-10-18.jpg",608,1080,false],"author_info":{"display_name":"Conny Holtfoth","author_link":"https:\/\/lebenshilfe-dillenburg.de\/leicht\/author\/conny\/"},"comment_info":0,"category_info":[{"term_id":53,"name":"Meldungen","slug":"meldungen","term_group":0,"term_taxonomy_id":53,"taxonomy":"category","description":"","parent":0,"count":127,"filter":"raw","term_order":"5","cat_ID":53,"category_count":127,"category_description":"","cat_name":"Meldungen","category_nicename":"meldungen","category_parent":0}],"tag_info":false,"_links":{"self":[{"href":"https:\/\/lebenshilfe-dillenburg.de\/leicht\/wp-json\/wp\/v2\/posts\/4779","targetHints":{"allow":["GET"]}}],"collection":[{"href":"https:\/\/lebenshilfe-dillenburg.de\/leicht\/wp-json\/wp\/v2\/posts"}],"about":[{"href":"https:\/\/lebenshilfe-dillenburg.de\/leicht\/wp-json\/wp\/v2\/types\/post"}],"author":[{"embeddable":true,"href":"https:\/\/lebenshilfe-dillenburg.de\/leicht\/wp-json\/wp\/v2\/users\/4"}],"replies":[{"embeddable":true,"href":"https:\/\/lebenshilfe-dillenburg.de\/leicht\/wp-json\/wp\/v2\/comments?post=4779"}],"version-history":[{"count":0,"href":"https:\/\/lebenshilfe-dillenburg.de\/leicht\/wp-json\/wp\/v2\/posts\/4779\/revisions"}],"wp:featuredmedia":[{"embeddable":true,"href":"https:\/\/lebenshilfe-dillenburg.de\/leicht\/wp-json\/wp\/v2\/media\/7318"}],"wp:attachment":[{"href":"https:\/\/lebenshilfe-dillenburg.de\/leicht\/wp-json\/wp\/v2\/media?parent=4779"}],"wp:term":[{"taxonomy":"category","embeddable":true,"href":"https:\/\/lebenshilfe-dillenburg.de\/leicht\/wp-json\/wp\/v2\/categories?post=4779"},{"taxonomy":"post_tag","embeddable":true,"href":"https:\/\/lebenshilfe-dillenburg.de\/leicht\/wp-json\/wp\/v2\/tags?post=4779"}],"curies":[{"name":"wp","href":"https:\/\/api.w.org\/{rel}","templated":true}]}}