{"id":4802,"date":"2024-10-21T16:16:35","date_gmt":"2024-10-21T14:16:35","guid":{"rendered":"https:\/\/www.lebenshilfe-dillenburg.de\/?p=4802"},"modified":"2026-01-30T12:09:41","modified_gmt":"2026-01-30T11:09:41","slug":"inklusion-trifft-poesie","status":"publish","type":"post","link":"https:\/\/lebenshilfe-dillenburg.de\/leicht\/inklusion-trifft-poesie\/","title":{"rendered":"Inklusion trifft Poesie"},"content":{"rendered":"<p>Klimawandel, Rassismus, falsche Sch\u00f6nheitsbilder und Inklusion \u2013 gesellschaftskritisch, klug, nachdenklich und hochgradig humorvoll hat sich der nun schon 20. Herborner Scheunenslam am Freitagabend pr\u00e4sentiert. Bereits zum dritten Mal in Kooperation mit der Lebenshilfe Dillenburg, bot der moderne Dichterwettstreit ein sensationelles Line-Up: Vier der besten Poetry Slammer im deutschsprachigen Raum traten gegeneinander an und begeisterten das Publikum.<!--more--><\/p>\n<p>Eine zuf\u00e4llig ausgew\u00e4hlte, f\u00fcnfk\u00f6pfige Publikumsjury entschied nach jeweils zwei Texten, welche der vier Slammer ins Finale kamen. Gina Walter, U20-Schweizermeisterin 2017, \u00fcberzeugt charmant und mit viel Situationskomik in ihren Beitr\u00e4gen \u00fcber ihren ersten Stadionbesuch und ihren Alltag als Grundschullehrerin. \u00dcberraschungsgast Annika Hofmann aus Hanau setzte sich kritisch mit Schein-Perfektionen auf Social Media auseinander, pl\u00e4dierte daf\u00fcr, \u201eSch\u00f6nheit durch Einzigartigkeit zu ersetzen\u201c und schilderte, wie \u201eIdeen wie Konfetti\u201c hinderlich im Schaffensprozess sein k\u00f6nnen.<\/p>\n<p>Florian Wintels, dreifacher Landesmeister f\u00fcr Niedersachsen und Bremen sowie deutschsprachiger Meister 2022, frotzelte im ersten Auftritt beherzt \u00fcber das Leben auf dem Land, im zweiten las er einen fiktiven Brief an seinen Mathelehrer vor, was ihm neben vielen lauten Lachern die H\u00f6chstwertung der Jury einbrachte. Jann Wattjes, Poetry Slammer seit 2015 und NRW-Meister 2021, \u00e4u\u00dferte sich mit \u201eDer Marder\u201c scharfsinnig und gro\u00dfartig verpackt gegen Faschismus und holte das Publikum nach der Pause temporeich mit einer \u201eaffengeilen Polonaise\u201c ab.<\/p>\n<p>Im Finale standen sich schlie\u00dflich Florian Wintels und Jann Wattjes gegen\u00fcber. Trotz eines grandiosen Auftritts von Wattjes war der eindeutige und vom lauten Applaus gek\u00fcrte Sieger Florian Wintels, der mit seiner Hochgeschwindigkeits-Lyrik \u00fcber den Aufstand der Natur gegen den Menschen den Abend f\u00fcr sich entschied.<\/p>\n<figure id=\"attachment_4804\" aria-describedby=\"caption-attachment-4804\" style=\"width: 338px\" class=\"wp-caption alignleft\"><a href=\"https:\/\/lebenshilfe-dillenburg.de\/wp-content\/uploads\/moderator-mit-gaesten-auf-buehne-herborn-2024-10.jpg\"><img loading=\"lazy\" decoding=\"async\" class=\" wp-image-4804\" src=\"https:\/\/lebenshilfe-dillenburg.de\/wp-content\/uploads\/2024\/10\/inklusion-trifft-poesie-scheunen-slam-kusch-herborn-18.10.2024-10-400x600.jpg\" alt=\"\" width=\"338\" height=\"508\" \/><\/a><figcaption id=\"caption-attachment-4804\" class=\"wp-caption-text\">Inklusion ganz selbstverst\u00e4ndlich: Beim Scheunenslam waren Menschen mit Behinderung wie Jan Bernhardt und Eileen Neumann \u2013 hier mit Moderator Sascha Kirchhoff \u2013 Teil des unterhaltsamen B\u00fchnenprogramms. (Foto: Manuel Bahmer)<\/figcaption><\/figure>\n<p>Die Lebenshilfe-Mitarbeiter Sascha Kirchhoff und Livia Warch f\u00fchrten schlagfertig durch den Abend. Emotional wurde es, als Kirchhoff den Text eines Klienten vorlas, den er \u00fcber viele Jahre begleitet hatte und der kurz zuvor verstorben war. Kirchhoff betonte: \u201eInklusion ist wichtig.\u201c Menschen mit Behinderung waren nicht nur Teil des Abends, sondern tauchten ganz selbstverst\u00e4ndlich auf \u2013 sei es am Einlass, bei der Bewirtung oder auf der B\u00fchne.<\/p>\n<p>Ein besonderes Highlight war der Beitrag von Jan Bernhardt, der in seinem Text \u00fcber das Recht auf Selbstbestimmung sprach. Dieser wurde von Eileen Neumann in Geb\u00e4rdensprache begleitet. Ebenfalls emotional wurde es, als die beiden Lebenshilfe-Betreuten Manuela und Niklas Schneider \u00fcber ihr erstes Ehejahr sprachen. In einem Text, den sie in der Schreibwerkstatt der Lebenshilfe Dillenburg verfasst hatten, verglichen sie ihre Ehe mit einem Fu\u00dfballspiel: \u201eWir sind ein Team. Wir verlieren zusammen, wir gewinnen zusammen.\u201c<\/p>\n<p>&nbsp;<\/p>\n","protected":false},"excerpt":{"rendered":"<p>Klimawandel, Rassismus, falsche Sch\u00f6nheitsbilder und Inklusion \u2013 gesellschaftskritisch, klug, nachdenklich und hochgradig humorvoll hat sich der nun schon 20. Herborner Scheunenslam am Freitagabend pr\u00e4sentiert. Bereits zum dritten Mal in Kooperation mit der Lebenshilfe Dillenburg, bot der moderne Dichterwettstreit ein sensationelles Line-Up: Vier der besten Poetry Slammer im deutschsprachigen Raum traten gegeneinander an und begeisterten das&#8230;<\/p>\n","protected":false},"author":4,"featured_media":7319,"comment_status":"closed","ping_status":"closed","sticky":false,"template":"","format":"standard","meta":{"_acf_changed":false,"_gspb_post_css":"","_kad_blocks_custom_css":"","_kad_blocks_head_custom_js":"","_kad_blocks_body_custom_js":"","_kad_blocks_footer_custom_js":"","_kad_post_transparent":"","_kad_post_title":"","_kad_post_layout":"","_kad_post_sidebar_id":"","_kad_post_content_style":"","_kad_post_vertical_padding":"","_kad_post_feature":"","_kad_post_feature_position":"","_kad_post_header":false,"_kad_post_footer":false,"_kad_post_classname":"","footnotes":""},"categories":[53],"tags":[],"class_list":["post-4802","post","type-post","status-publish","format-standard","has-post-thumbnail","hentry","category-meldungen"],"acf":[],"yoast_head":"<!-- This site is optimized with the Yoast SEO plugin v27.5 - https:\/\/yoast.com\/product\/yoast-seo-wordpress\/ -->\n<title>Inklusion trifft Poesie - Lebenshilfe Dillenburg e.V.<\/title>\n<meta name=\"robots\" content=\"index, follow, max-snippet:-1, max-image-preview:large, max-video-preview:-1\" \/>\n<link rel=\"canonical\" href=\"https:\/\/lebenshilfe-dillenburg.de\/leicht\/inklusion-trifft-poesie\/\" \/>\n<meta property=\"og:locale\" content=\"de_DE\" \/>\n<meta property=\"og:type\" content=\"article\" \/>\n<meta property=\"og:title\" content=\"Inklusion trifft Poesie - Lebenshilfe Dillenburg e.V.\" \/>\n<meta property=\"og:description\" content=\"Klimawandel, Rassismus, falsche Sch\u00f6nheitsbilder und Inklusion \u2013 gesellschaftskritisch, klug, nachdenklich und hochgradig humorvoll hat sich der nun schon 20. Herborner Scheunenslam am Freitagabend pr\u00e4sentiert. Bereits zum dritten Mal in Kooperation mit der Lebenshilfe Dillenburg, bot der moderne Dichterwettstreit ein sensationelles Line-Up: Vier der besten Poetry Slammer im deutschsprachigen Raum traten gegeneinander an und begeisterten das...\" \/>\n<meta property=\"og:url\" content=\"https:\/\/lebenshilfe-dillenburg.de\/leicht\/inklusion-trifft-poesie\/\" \/>\n<meta property=\"og:site_name\" content=\"Lebenshilfe Dillenburg e.V.\" \/>\n<meta property=\"article:publisher\" content=\"https:\/\/www.facebook.com\/lebenshilfedillenburg\/\" \/>\n<meta property=\"article:published_time\" content=\"2024-10-21T14:16:35+00:00\" \/>\n<meta property=\"article:modified_time\" content=\"2026-01-30T11:09:41+00:00\" \/>\n<meta property=\"og:image\" content=\"https:\/\/lebenshilfe-dillenburg.de\/wp-content\/uploads\/scheunen-slam-kusch-herborn-18.10.2024-36-scheunen-slam-kusch-herborn-18.10.2024-36-scaled-1.jpg\" \/>\n\t<meta property=\"og:image:width\" content=\"2560\" \/>\n\t<meta property=\"og:image:height\" content=\"1707\" \/>\n\t<meta property=\"og:image:type\" content=\"image\/jpeg\" \/>\n<meta name=\"author\" content=\"Conny Holtfoth\" \/>\n<meta name=\"twitter:card\" content=\"summary_large_image\" \/>\n<meta name=\"twitter:label1\" content=\"Geschrieben von\" \/>\n\t<meta name=\"twitter:data1\" content=\"Conny Holtfoth\" \/>\n\t<meta name=\"twitter:label2\" content=\"Gesch\u00e4tzte Lesezeit\" \/>\n\t<meta name=\"twitter:data2\" content=\"2\u00a0Minuten\" \/>\n<script type=\"application\/ld+json\" class=\"yoast-schema-graph\">{\"@context\":\"https:\\\/\\\/schema.org\",\"@graph\":[{\"@type\":\"Article\",\"@id\":\"https:\\\/\\\/lebenshilfe-dillenburg.de\\\/leicht\\\/inklusion-trifft-poesie\\\/#article\",\"isPartOf\":{\"@id\":\"https:\\\/\\\/lebenshilfe-dillenburg.de\\\/leicht\\\/inklusion-trifft-poesie\\\/\"},\"author\":{\"name\":\"Conny Holtfoth\",\"@id\":\"https:\\\/\\\/lebenshilfe-dillenburg.de\\\/leicht\\\/#\\\/schema\\\/person\\\/b6c52dad8d881b49213c3345a7cd5efe\"},\"headline\":\"Inklusion trifft Poesie\",\"datePublished\":\"2024-10-21T14:16:35+00:00\",\"dateModified\":\"2026-01-30T11:09:41+00:00\",\"mainEntityOfPage\":{\"@id\":\"https:\\\/\\\/lebenshilfe-dillenburg.de\\\/leicht\\\/inklusion-trifft-poesie\\\/\"},\"wordCount\":448,\"publisher\":{\"@id\":\"https:\\\/\\\/lebenshilfe-dillenburg.de\\\/leicht\\\/#organization\"},\"image\":{\"@id\":\"https:\\\/\\\/lebenshilfe-dillenburg.de\\\/leicht\\\/inklusion-trifft-poesie\\\/#primaryimage\"},\"thumbnailUrl\":\"https:\\\/\\\/lebenshilfe-dillenburg.de\\\/wp-content\\\/uploads\\\/florian-wintels-scheunen-slam-herborn-2024.jpg\",\"articleSection\":[\"Meldungen\"],\"inLanguage\":\"de\"},{\"@type\":\"WebPage\",\"@id\":\"https:\\\/\\\/lebenshilfe-dillenburg.de\\\/leicht\\\/inklusion-trifft-poesie\\\/\",\"url\":\"https:\\\/\\\/lebenshilfe-dillenburg.de\\\/leicht\\\/inklusion-trifft-poesie\\\/\",\"name\":\"Inklusion trifft Poesie - Lebenshilfe Dillenburg e.V.\",\"isPartOf\":{\"@id\":\"https:\\\/\\\/lebenshilfe-dillenburg.de\\\/leicht\\\/#website\"},\"primaryImageOfPage\":{\"@id\":\"https:\\\/\\\/lebenshilfe-dillenburg.de\\\/leicht\\\/inklusion-trifft-poesie\\\/#primaryimage\"},\"image\":{\"@id\":\"https:\\\/\\\/lebenshilfe-dillenburg.de\\\/leicht\\\/inklusion-trifft-poesie\\\/#primaryimage\"},\"thumbnailUrl\":\"https:\\\/\\\/lebenshilfe-dillenburg.de\\\/wp-content\\\/uploads\\\/florian-wintels-scheunen-slam-herborn-2024.jpg\",\"datePublished\":\"2024-10-21T14:16:35+00:00\",\"dateModified\":\"2026-01-30T11:09:41+00:00\",\"breadcrumb\":{\"@id\":\"https:\\\/\\\/lebenshilfe-dillenburg.de\\\/leicht\\\/inklusion-trifft-poesie\\\/#breadcrumb\"},\"inLanguage\":\"de\",\"potentialAction\":[{\"@type\":\"ReadAction\",\"target\":[\"https:\\\/\\\/lebenshilfe-dillenburg.de\\\/leicht\\\/inklusion-trifft-poesie\\\/\"]}]},{\"@type\":\"ImageObject\",\"inLanguage\":\"de\",\"@id\":\"https:\\\/\\\/lebenshilfe-dillenburg.de\\\/leicht\\\/inklusion-trifft-poesie\\\/#primaryimage\",\"url\":\"https:\\\/\\\/lebenshilfe-dillenburg.de\\\/wp-content\\\/uploads\\\/florian-wintels-scheunen-slam-herborn-2024.jpg\",\"contentUrl\":\"https:\\\/\\\/lebenshilfe-dillenburg.de\\\/wp-content\\\/uploads\\\/florian-wintels-scheunen-slam-herborn-2024.jpg\",\"width\":1500,\"height\":1000,\"caption\":\"Florian Wintels war der eindeutige und von lautem Applaus und vielen Lachern gek\u00fcrte Sieger des Abends. (Foto: Manuel Bahmer)\"},{\"@type\":\"BreadcrumbList\",\"@id\":\"https:\\\/\\\/lebenshilfe-dillenburg.de\\\/leicht\\\/inklusion-trifft-poesie\\\/#breadcrumb\",\"itemListElement\":[{\"@type\":\"ListItem\",\"position\":1,\"name\":\"Startseite der Lebenshilfe Dillenburg\",\"item\":\"https:\\\/\\\/lebenshilfe-dillenburg.de\\\/leicht\\\/\"},{\"@type\":\"ListItem\",\"position\":2,\"name\":\"Inklusion trifft Poesie\"}]},{\"@type\":\"WebSite\",\"@id\":\"https:\\\/\\\/lebenshilfe-dillenburg.de\\\/leicht\\\/#website\",\"url\":\"https:\\\/\\\/lebenshilfe-dillenburg.de\\\/leicht\\\/\",\"name\":\"Lebenshilfe Dillenburg \u2013 Teilhabe & Unterst\u00fctzung im Lahn-Dill-Kreis\",\"description\":\"\",\"publisher\":{\"@id\":\"https:\\\/\\\/lebenshilfe-dillenburg.de\\\/leicht\\\/#organization\"},\"potentialAction\":[{\"@type\":\"SearchAction\",\"target\":{\"@type\":\"EntryPoint\",\"urlTemplate\":\"https:\\\/\\\/lebenshilfe-dillenburg.de\\\/leicht\\\/?s={search_term_string}\"},\"query-input\":{\"@type\":\"PropertyValueSpecification\",\"valueRequired\":true,\"valueName\":\"search_term_string\"}}],\"inLanguage\":\"de\"},{\"@type\":\"Organization\",\"@id\":\"https:\\\/\\\/lebenshilfe-dillenburg.de\\\/leicht\\\/#organization\",\"name\":\"Lebenshilfe Dillenburg e.V.\",\"url\":\"https:\\\/\\\/lebenshilfe-dillenburg.de\\\/leicht\\\/\",\"logo\":{\"@type\":\"ImageObject\",\"inLanguage\":\"de\",\"@id\":\"https:\\\/\\\/lebenshilfe-dillenburg.de\\\/leicht\\\/#\\\/schema\\\/logo\\\/image\\\/\",\"url\":\"https:\\\/\\\/lebenshilfe-dillenburg.de\\\/wp-content\\\/uploads\\\/lebenshilfe-dillenburg-desktop.webp\",\"contentUrl\":\"https:\\\/\\\/lebenshilfe-dillenburg.de\\\/wp-content\\\/uploads\\\/lebenshilfe-dillenburg-desktop.webp\",\"width\":461,\"height\":202,\"caption\":\"Lebenshilfe Dillenburg e.V.\"},\"image\":{\"@id\":\"https:\\\/\\\/lebenshilfe-dillenburg.de\\\/leicht\\\/#\\\/schema\\\/logo\\\/image\\\/\"},\"sameAs\":[\"https:\\\/\\\/www.facebook.com\\\/lebenshilfedillenburg\\\/\",\"https:\\\/\\\/www.instagram.com\\\/lebenshilfe_dillenburg\\\/\"]},{\"@type\":\"Person\",\"@id\":\"https:\\\/\\\/lebenshilfe-dillenburg.de\\\/leicht\\\/#\\\/schema\\\/person\\\/b6c52dad8d881b49213c3345a7cd5efe\",\"name\":\"Conny Holtfoth\",\"sameAs\":[\"http:\\\/\\\/lebenshilfe-dillenburg.de\"],\"url\":\"https:\\\/\\\/lebenshilfe-dillenburg.de\\\/leicht\\\/author\\\/conny\\\/\"}]}<\/script>\n<!-- \/ Yoast SEO plugin. -->","yoast_head_json":{"title":"Inklusion trifft Poesie - Lebenshilfe Dillenburg e.V.","robots":{"index":"index","follow":"follow","max-snippet":"max-snippet:-1","max-image-preview":"max-image-preview:large","max-video-preview":"max-video-preview:-1"},"canonical":"https:\/\/lebenshilfe-dillenburg.de\/leicht\/inklusion-trifft-poesie\/","og_locale":"de_DE","og_type":"article","og_title":"Inklusion trifft Poesie - Lebenshilfe Dillenburg e.V.","og_description":"Klimawandel, Rassismus, falsche Sch\u00f6nheitsbilder und Inklusion \u2013 gesellschaftskritisch, klug, nachdenklich und hochgradig humorvoll hat sich der nun schon 20. Herborner Scheunenslam am Freitagabend pr\u00e4sentiert. Bereits zum dritten Mal in Kooperation mit der Lebenshilfe Dillenburg, bot der moderne Dichterwettstreit ein sensationelles Line-Up: Vier der besten Poetry Slammer im deutschsprachigen Raum traten gegeneinander an und begeisterten das...","og_url":"https:\/\/lebenshilfe-dillenburg.de\/leicht\/inklusion-trifft-poesie\/","og_site_name":"Lebenshilfe Dillenburg e.V.","article_publisher":"https:\/\/www.facebook.com\/lebenshilfedillenburg\/","article_published_time":"2024-10-21T14:16:35+00:00","article_modified_time":"2026-01-30T11:09:41+00:00","og_image":[{"width":2560,"height":1707,"url":"https:\/\/lebenshilfe-dillenburg.de\/wp-content\/uploads\/scheunen-slam-kusch-herborn-18.10.2024-36-scheunen-slam-kusch-herborn-18.10.2024-36-scaled-1.jpg","type":"image\/jpeg"}],"author":"Conny Holtfoth","twitter_card":"summary_large_image","twitter_misc":{"Geschrieben von":"Conny Holtfoth","Gesch\u00e4tzte Lesezeit":"2\u00a0Minuten"},"schema":{"@context":"https:\/\/schema.org","@graph":[{"@type":"Article","@id":"https:\/\/lebenshilfe-dillenburg.de\/leicht\/inklusion-trifft-poesie\/#article","isPartOf":{"@id":"https:\/\/lebenshilfe-dillenburg.de\/leicht\/inklusion-trifft-poesie\/"},"author":{"name":"Conny Holtfoth","@id":"https:\/\/lebenshilfe-dillenburg.de\/leicht\/#\/schema\/person\/b6c52dad8d881b49213c3345a7cd5efe"},"headline":"Inklusion trifft Poesie","datePublished":"2024-10-21T14:16:35+00:00","dateModified":"2026-01-30T11:09:41+00:00","mainEntityOfPage":{"@id":"https:\/\/lebenshilfe-dillenburg.de\/leicht\/inklusion-trifft-poesie\/"},"wordCount":448,"publisher":{"@id":"https:\/\/lebenshilfe-dillenburg.de\/leicht\/#organization"},"image":{"@id":"https:\/\/lebenshilfe-dillenburg.de\/leicht\/inklusion-trifft-poesie\/#primaryimage"},"thumbnailUrl":"https:\/\/lebenshilfe-dillenburg.de\/wp-content\/uploads\/florian-wintels-scheunen-slam-herborn-2024.jpg","articleSection":["Meldungen"],"inLanguage":"de"},{"@type":"WebPage","@id":"https:\/\/lebenshilfe-dillenburg.de\/leicht\/inklusion-trifft-poesie\/","url":"https:\/\/lebenshilfe-dillenburg.de\/leicht\/inklusion-trifft-poesie\/","name":"Inklusion trifft Poesie - Lebenshilfe Dillenburg e.V.","isPartOf":{"@id":"https:\/\/lebenshilfe-dillenburg.de\/leicht\/#website"},"primaryImageOfPage":{"@id":"https:\/\/lebenshilfe-dillenburg.de\/leicht\/inklusion-trifft-poesie\/#primaryimage"},"image":{"@id":"https:\/\/lebenshilfe-dillenburg.de\/leicht\/inklusion-trifft-poesie\/#primaryimage"},"thumbnailUrl":"https:\/\/lebenshilfe-dillenburg.de\/wp-content\/uploads\/florian-wintels-scheunen-slam-herborn-2024.jpg","datePublished":"2024-10-21T14:16:35+00:00","dateModified":"2026-01-30T11:09:41+00:00","breadcrumb":{"@id":"https:\/\/lebenshilfe-dillenburg.de\/leicht\/inklusion-trifft-poesie\/#breadcrumb"},"inLanguage":"de","potentialAction":[{"@type":"ReadAction","target":["https:\/\/lebenshilfe-dillenburg.de\/leicht\/inklusion-trifft-poesie\/"]}]},{"@type":"ImageObject","inLanguage":"de","@id":"https:\/\/lebenshilfe-dillenburg.de\/leicht\/inklusion-trifft-poesie\/#primaryimage","url":"https:\/\/lebenshilfe-dillenburg.de\/wp-content\/uploads\/florian-wintels-scheunen-slam-herborn-2024.jpg","contentUrl":"https:\/\/lebenshilfe-dillenburg.de\/wp-content\/uploads\/florian-wintels-scheunen-slam-herborn-2024.jpg","width":1500,"height":1000,"caption":"Florian Wintels war der eindeutige und von lautem Applaus und vielen Lachern gek\u00fcrte Sieger des Abends. (Foto: Manuel Bahmer)"},{"@type":"BreadcrumbList","@id":"https:\/\/lebenshilfe-dillenburg.de\/leicht\/inklusion-trifft-poesie\/#breadcrumb","itemListElement":[{"@type":"ListItem","position":1,"name":"Startseite der Lebenshilfe Dillenburg","item":"https:\/\/lebenshilfe-dillenburg.de\/leicht\/"},{"@type":"ListItem","position":2,"name":"Inklusion trifft Poesie"}]},{"@type":"WebSite","@id":"https:\/\/lebenshilfe-dillenburg.de\/leicht\/#website","url":"https:\/\/lebenshilfe-dillenburg.de\/leicht\/","name":"Lebenshilfe Dillenburg \u2013 Teilhabe & Unterst\u00fctzung im Lahn-Dill-Kreis","description":"","publisher":{"@id":"https:\/\/lebenshilfe-dillenburg.de\/leicht\/#organization"},"potentialAction":[{"@type":"SearchAction","target":{"@type":"EntryPoint","urlTemplate":"https:\/\/lebenshilfe-dillenburg.de\/leicht\/?s={search_term_string}"},"query-input":{"@type":"PropertyValueSpecification","valueRequired":true,"valueName":"search_term_string"}}],"inLanguage":"de"},{"@type":"Organization","@id":"https:\/\/lebenshilfe-dillenburg.de\/leicht\/#organization","name":"Lebenshilfe Dillenburg e.V.","url":"https:\/\/lebenshilfe-dillenburg.de\/leicht\/","logo":{"@type":"ImageObject","inLanguage":"de","@id":"https:\/\/lebenshilfe-dillenburg.de\/leicht\/#\/schema\/logo\/image\/","url":"https:\/\/lebenshilfe-dillenburg.de\/wp-content\/uploads\/lebenshilfe-dillenburg-desktop.webp","contentUrl":"https:\/\/lebenshilfe-dillenburg.de\/wp-content\/uploads\/lebenshilfe-dillenburg-desktop.webp","width":461,"height":202,"caption":"Lebenshilfe Dillenburg e.V."},"image":{"@id":"https:\/\/lebenshilfe-dillenburg.de\/leicht\/#\/schema\/logo\/image\/"},"sameAs":["https:\/\/www.facebook.com\/lebenshilfedillenburg\/","https:\/\/www.instagram.com\/lebenshilfe_dillenburg\/"]},{"@type":"Person","@id":"https:\/\/lebenshilfe-dillenburg.de\/leicht\/#\/schema\/person\/b6c52dad8d881b49213c3345a7cd5efe","name":"Conny Holtfoth","sameAs":["http:\/\/lebenshilfe-dillenburg.de"],"url":"https:\/\/lebenshilfe-dillenburg.de\/leicht\/author\/conny\/"}]}},"taxonomy_info":{"category":[{"value":53,"label":"Meldungen"}]},"featured_image_src_large":["https:\/\/lebenshilfe-dillenburg.de\/wp-content\/uploads\/florian-wintels-scheunen-slam-herborn-2024-1920x1280.jpg",1366,911,true],"author_info":{"display_name":"Conny Holtfoth","author_link":"https:\/\/lebenshilfe-dillenburg.de\/leicht\/author\/conny\/"},"comment_info":0,"category_info":[{"term_id":53,"name":"Meldungen","slug":"meldungen","term_group":0,"term_taxonomy_id":53,"taxonomy":"category","description":"","parent":0,"count":127,"filter":"raw","term_order":"5","cat_ID":53,"category_count":127,"category_description":"","cat_name":"Meldungen","category_nicename":"meldungen","category_parent":0}],"tag_info":false,"_links":{"self":[{"href":"https:\/\/lebenshilfe-dillenburg.de\/leicht\/wp-json\/wp\/v2\/posts\/4802","targetHints":{"allow":["GET"]}}],"collection":[{"href":"https:\/\/lebenshilfe-dillenburg.de\/leicht\/wp-json\/wp\/v2\/posts"}],"about":[{"href":"https:\/\/lebenshilfe-dillenburg.de\/leicht\/wp-json\/wp\/v2\/types\/post"}],"author":[{"embeddable":true,"href":"https:\/\/lebenshilfe-dillenburg.de\/leicht\/wp-json\/wp\/v2\/users\/4"}],"replies":[{"embeddable":true,"href":"https:\/\/lebenshilfe-dillenburg.de\/leicht\/wp-json\/wp\/v2\/comments?post=4802"}],"version-history":[{"count":0,"href":"https:\/\/lebenshilfe-dillenburg.de\/leicht\/wp-json\/wp\/v2\/posts\/4802\/revisions"}],"wp:featuredmedia":[{"embeddable":true,"href":"https:\/\/lebenshilfe-dillenburg.de\/leicht\/wp-json\/wp\/v2\/media\/7319"}],"wp:attachment":[{"href":"https:\/\/lebenshilfe-dillenburg.de\/leicht\/wp-json\/wp\/v2\/media?parent=4802"}],"wp:term":[{"taxonomy":"category","embeddable":true,"href":"https:\/\/lebenshilfe-dillenburg.de\/leicht\/wp-json\/wp\/v2\/categories?post=4802"},{"taxonomy":"post_tag","embeddable":true,"href":"https:\/\/lebenshilfe-dillenburg.de\/leicht\/wp-json\/wp\/v2\/tags?post=4802"}],"curies":[{"name":"wp","href":"https:\/\/api.w.org\/{rel}","templated":true}]}}