{"id":4996,"date":"2025-07-09T11:00:02","date_gmt":"2025-07-09T09:00:02","guid":{"rendered":"https:\/\/www.lebenshilfe-dillenburg.de\/?p=4996"},"modified":"2026-02-02T12:02:06","modified_gmt":"2026-02-02T11:02:06","slug":"lebenshilfe-dillenburg-hat-die-zukunft-im-blick","status":"publish","type":"post","link":"https:\/\/lebenshilfe-dillenburg.de\/leicht\/lebenshilfe-dillenburg-hat-die-zukunft-im-blick\/","title":{"rendered":"Lebenshilfe Dillenburg hat die Zukunft im Blick"},"content":{"rendered":"\n<p>Ein bedeutender Schritt in Richtung Werkstatt-Neubau und eine personelle Ver\u00e4nderung im Aufsichtsrat \u2013 die Jahreshauptversammlung der Lebenshilfe Dillenburg im Rahmen ihres 60-j\u00e4hrigen Bestehens am Donnerstagabend im Wohnhaus Manderbach hatte so manche \u00dcberraschung parat.<\/p>\n\n\n\n<p>Die wohl gr\u00f6\u00dfte Nachricht des Abends: Nach jahrelanger, teils frustrierender Suche hat die Lebenshilfe Dillenburg ein geeignetes Grundst\u00fcck f\u00fcr den Ersatzneubau der Werkstatt Eibelshausen gefunden. Das rund 17.000 Quadratmeter gro\u00dfe Gel\u00e4nde liegt in Frohnhausen an der Industriestra\u00dfe \u2013 direkt gegen\u00fcber dem Sportplatz. Alle notwendigen externen Zustimmungen liegen bereits vor, wie Lebenshilfe-Vorstandsmitglied Dirk Botzon mitteilte.<\/p>\n\n\n\n<p>Ein urspr\u00fcnglich angedachtes Investorenprojekt musste Ende 2022 aufgrund der Auswirkungen des Ukrainekrieges auf den Bau- und Finanzierungssektor leider unerwartet eingestellt werden. Umso gr\u00f6\u00dfer ist die Erleichterung, nun einen passenden Ort gefunden zu haben. \u201eLage, Gr\u00f6\u00dfe, Preis und Gesamtsituation bieten gro\u00dfes Potenzial\u201c, so Henigk. Der konkrete zeitliche Ablauf und das weitere Vorgehen seien aktuell noch in Abstimmung.<\/p>\n\n\n\n<p>Auch im Aufsichtsrat der Lebenshilfe gab es eine Neuigkeit: Pia Graf legte aus privaten Gr\u00fcnden ihren Posten als stellvertretende Vorsitzende nieder, bleibt dem Gremium jedoch weiterhin als Mitglied erhalten. Ihre Nachfolge tritt Dagmar Neumann an, die bereits zuvor im Aufsichtsrat t\u00e4tig war. Beide wurden einstimmig in ihren neuen Rollen best\u00e4tigt.<\/p>\n\n\n\n<p>Finanziell ist die Lebenshilfe Dillenburg solide aufgestellt. \u201eWir haben verantwortungsbewusst gewirtschaftet und stehen wirtschaftlich stabil und verl\u00e4sslich da\u201c, betonte Vorstandsmitglied Dirk Botzon. \u201eIn Anbetracht der aktuellen Herausforderungen durch neue Finanzierungsmodelle des Landeswohlfahrtsverbandes und steigende Unterst\u00fctzungsbedarfe ist diese finanzielle Stabilit\u00e4t von zentraler Bedeutung, um verl\u00e4sslich personenzentrierte Leistungen sicherzustellen und die Teilhabe von Menschen mit Behinderung nachhaltig zu gew\u00e4hrleisten\u201c, erg\u00e4nzte Vorstandsmitglied Dr. Oliver Schmitzer.<\/p>\n\n\n\n<p>Auch ansonsten ist der Verein gut aufgestellt f\u00fcr die Zukunft \u2013 unter anderem durch seine strategische Neuausrichtung, \u201eaus der wir neue Energie sch\u00f6pfen, um engagiert und zielgerichtet im Sinne der Menschen mit Behinderungen die Lebensqualit\u00e4t zu st\u00e4rken und Inklusion konsequent weiter voranzubringen\u201c, erl\u00e4uterte Schmitzer. In einem intensiven, gemeinschaftlichen Prozess arbeiten Aufsichtsrat, Vorstand und F\u00fchrungskr\u00e4fte der Lebenshilfe Dillenburg daf\u00fcr eng zusammen. \u201eDas ist ein Novum in der Geschichte der Lebenshilfe\u201c, merkte Henigk an. Die Zusammenarbeit sei \u201elebendig, intensiv und tiefgr\u00fcndig\u201c gewesen \u2013 mit dem Ergebnis vieler zukunftsf\u00e4higer Ideen.<\/p>\n\n\n\n<p>\u201eAus dieser gemeinsamen strategischen Neuausrichtung sch\u00f6pfen wir neue Energie, um engagiert und zielgerichtet im Sinne der Menschen mit Behinderungen die Lebensqualit\u00e4t zu st\u00e4rken und Inklusion konsequent weiter voranzubringen\u201c, f\u00fcgte Schmitzer hinzu.<\/p>\n\n\n\n<p>Anl\u00e4sslich ihres 60-j\u00e4hrigen Bestehens feiert die Lebenshilfe Dillenburg ein ganzes Jahr lang mit vielf\u00e4ltigen Aktionen. Der Jubil\u00e4umsfilm \u201eEine starke Geschichte\u201c, der beim Open-Air-Kino gezeigt wurde, stie\u00df auf gro\u00dfe Begeisterung. Weitere H\u00f6hepunkte stehen bevor: Die Versteigerung eines gemeinsam mit Menschen mit Behinderung und dem K\u00fcnstler Santiago Gallardo gestalteten Gem\u00e4ldes, ein eigens entwickelter Jubil\u00e4ums-Wanderweg in Kooperation mit dem Lahn-Dill-Bergland e.\u202fV. sowie das gro\u00dfe Sommerfest am 15. August ab 18:30 Uhr mit den Bands \u201eMission 2 Party\u201c und \u201eLadykiller\u201c sowie einer Tombola.<\/p>\n\n\n\n<p>Ein besonders emotionaler Moment der Versammlung war die Ehrung langj\u00e4hriger Mitglieder. Ingrid Bernhammer, eines der Gr\u00fcndungsmitglieder der Lebenshilfe Dillenburg, nahm pers\u00f6nlich teil \u2013 60 Jahre Engagement f\u00fcr Menschen mit Behinderung. F\u00fcr die Stadt Dillenburg w\u00fcrdigte Erster Stadtrat Gerhard Anders das Wirken der Lebenshilfe: \u201eIch freue mich, dass es die Lebenshilfe Dillenburg gibt \u2013 und in welcher Form sie sich gibt. Wir werden sie auch weiterhin als Stadt tatkr\u00e4ftig unterst\u00fctzen.\u201c<\/p>\n\n\n\n<p>Zum Abschluss brachte Aufsichtsratsvorsitzender Christoph Henigk die Bedeutung der Lebenshilfe Dillenburg in einem Satz auf den Punkt: \u201eDie Lebenshilfe Dillenburg wird auch weiterhin Hoffnungstr\u00e4ger f\u00fcr viele Menschen sein.\u201c<\/p>\n\n\n\n<p><strong>Jubilare:<\/strong><\/p>\n\n\n\n<p>60 Jahre:<\/p>\n\n\n\n<p>Ingrid Bernhammer, Stadtverwaltung Dillenburg<\/p>\n\n\n\n<p>50 Jahre:<\/p>\n\n\n\n<p>Sigrid Licht, Armin Reeh, Engelbert Gr\u00fcn, Fritz Weg GmbH &amp; Co. KG, Brigitte Reeh<\/p>\n\n\n\n<p>40 Jahre:<\/p>\n\n\n\n<p>Hans-Gerhard Domes, Gemeindeverwaltung Sinn<\/p>\n\n\n\n<p>25 Jahre:<\/p>\n\n\n\n<p>Klaus-Dieter Weyel, Daniela Rompf, Heidrun Becker<\/p>\n","protected":false},"excerpt":{"rendered":"<p>Ein bedeutender Schritt in Richtung Werkstatt-Neubau und eine personelle Ver\u00e4nderung im Aufsichtsrat \u2013 die Jahreshauptversammlung der Lebenshilfe Dillenburg im Rahmen ihres 60-j\u00e4hrigen Bestehens am Donnerstagabend im Wohnhaus Manderbach hatte so manche \u00dcberraschung parat. Die wohl gr\u00f6\u00dfte Nachricht des Abends: Nach jahrelanger, teils frustrierender Suche hat die Lebenshilfe Dillenburg ein geeignetes Grundst\u00fcck f\u00fcr den Ersatzneubau der&#8230;<\/p>\n","protected":false},"author":4,"featured_media":7196,"comment_status":"closed","ping_status":"closed","sticky":false,"template":"","format":"standard","meta":{"_acf_changed":false,"_gspb_post_css":"","_kad_blocks_custom_css":"","_kad_blocks_head_custom_js":"","_kad_blocks_body_custom_js":"","_kad_blocks_footer_custom_js":"","_kad_post_transparent":"","_kad_post_title":"","_kad_post_layout":"","_kad_post_sidebar_id":"","_kad_post_content_style":"","_kad_post_vertical_padding":"","_kad_post_feature":"","_kad_post_feature_position":"","_kad_post_header":false,"_kad_post_footer":false,"_kad_post_classname":"","footnotes":""},"categories":[53],"tags":[],"class_list":["post-4996","post","type-post","status-publish","format-standard","has-post-thumbnail","hentry","category-meldungen"],"acf":[],"yoast_head":"<!-- This site is optimized with the Yoast SEO plugin v27.5 - https:\/\/yoast.com\/product\/yoast-seo-wordpress\/ -->\n<title>Lebenshilfe Dillenburg hat die Zukunft im Blick - Lebenshilfe Dillenburg e.V.<\/title>\n<meta name=\"robots\" content=\"index, follow, max-snippet:-1, max-image-preview:large, max-video-preview:-1\" \/>\n<link rel=\"canonical\" href=\"https:\/\/lebenshilfe-dillenburg.de\/leicht\/lebenshilfe-dillenburg-hat-die-zukunft-im-blick\/\" \/>\n<meta property=\"og:locale\" content=\"de_DE\" \/>\n<meta property=\"og:type\" content=\"article\" \/>\n<meta property=\"og:title\" content=\"Lebenshilfe Dillenburg hat die Zukunft im Blick - Lebenshilfe Dillenburg e.V.\" \/>\n<meta property=\"og:description\" content=\"Ein bedeutender Schritt in Richtung Werkstatt-Neubau und eine personelle Ver\u00e4nderung im Aufsichtsrat \u2013 die Jahreshauptversammlung der Lebenshilfe Dillenburg im Rahmen ihres 60-j\u00e4hrigen Bestehens am Donnerstagabend im Wohnhaus Manderbach hatte so manche \u00dcberraschung parat. Die wohl gr\u00f6\u00dfte Nachricht des Abends: Nach jahrelanger, teils frustrierender Suche hat die Lebenshilfe Dillenburg ein geeignetes Grundst\u00fcck f\u00fcr den Ersatzneubau der...\" \/>\n<meta property=\"og:url\" content=\"https:\/\/lebenshilfe-dillenburg.de\/leicht\/lebenshilfe-dillenburg-hat-die-zukunft-im-blick\/\" \/>\n<meta property=\"og:site_name\" content=\"Lebenshilfe Dillenburg e.V.\" \/>\n<meta property=\"article:publisher\" content=\"https:\/\/www.facebook.com\/lebenshilfedillenburg\/\" \/>\n<meta property=\"article:published_time\" content=\"2025-07-09T09:00:02+00:00\" \/>\n<meta property=\"article:modified_time\" content=\"2026-02-02T11:02:06+00:00\" \/>\n<meta property=\"og:image\" content=\"https:\/\/lebenshilfe-dillenburg.de\/wp-content\/uploads\/lebenshilfe-dillenburg-hat-die-zukunft-im-blick-img-8047-1.jpeg\" \/>\n\t<meta property=\"og:image:width\" content=\"2048\" \/>\n\t<meta property=\"og:image:height\" content=\"1188\" \/>\n\t<meta property=\"og:image:type\" content=\"image\/jpeg\" \/>\n<meta name=\"author\" content=\"Conny Holtfoth\" \/>\n<meta name=\"twitter:card\" content=\"summary_large_image\" \/>\n<meta name=\"twitter:label1\" content=\"Geschrieben von\" \/>\n\t<meta name=\"twitter:data1\" content=\"Conny Holtfoth\" \/>\n\t<meta name=\"twitter:label2\" content=\"Gesch\u00e4tzte Lesezeit\" \/>\n\t<meta name=\"twitter:data2\" content=\"4\u00a0Minuten\" \/>\n<script type=\"application\/ld+json\" class=\"yoast-schema-graph\">{\"@context\":\"https:\\\/\\\/schema.org\",\"@graph\":[{\"@type\":\"Article\",\"@id\":\"https:\\\/\\\/lebenshilfe-dillenburg.de\\\/leicht\\\/lebenshilfe-dillenburg-hat-die-zukunft-im-blick\\\/#article\",\"isPartOf\":{\"@id\":\"https:\\\/\\\/lebenshilfe-dillenburg.de\\\/leicht\\\/lebenshilfe-dillenburg-hat-die-zukunft-im-blick\\\/\"},\"author\":{\"name\":\"Conny Holtfoth\",\"@id\":\"https:\\\/\\\/lebenshilfe-dillenburg.de\\\/leicht\\\/#\\\/schema\\\/person\\\/b6c52dad8d881b49213c3345a7cd5efe\"},\"headline\":\"Lebenshilfe Dillenburg hat die Zukunft im Blick\",\"datePublished\":\"2025-07-09T09:00:02+00:00\",\"dateModified\":\"2026-02-02T11:02:06+00:00\",\"mainEntityOfPage\":{\"@id\":\"https:\\\/\\\/lebenshilfe-dillenburg.de\\\/leicht\\\/lebenshilfe-dillenburg-hat-die-zukunft-im-blick\\\/\"},\"wordCount\":635,\"publisher\":{\"@id\":\"https:\\\/\\\/lebenshilfe-dillenburg.de\\\/leicht\\\/#organization\"},\"image\":{\"@id\":\"https:\\\/\\\/lebenshilfe-dillenburg.de\\\/leicht\\\/lebenshilfe-dillenburg-hat-die-zukunft-im-blick\\\/#primaryimage\"},\"thumbnailUrl\":\"https:\\\/\\\/lebenshilfe-dillenburg.de\\\/wp-content\\\/uploads\\\/ehrungen-jubilaeumsjahr-gruppenfoto-mit-blumen.jpeg\",\"articleSection\":[\"Meldungen\"],\"inLanguage\":\"de\"},{\"@type\":\"WebPage\",\"@id\":\"https:\\\/\\\/lebenshilfe-dillenburg.de\\\/leicht\\\/lebenshilfe-dillenburg-hat-die-zukunft-im-blick\\\/\",\"url\":\"https:\\\/\\\/lebenshilfe-dillenburg.de\\\/leicht\\\/lebenshilfe-dillenburg-hat-die-zukunft-im-blick\\\/\",\"name\":\"Lebenshilfe Dillenburg hat die Zukunft im Blick - Lebenshilfe Dillenburg e.V.\",\"isPartOf\":{\"@id\":\"https:\\\/\\\/lebenshilfe-dillenburg.de\\\/leicht\\\/#website\"},\"primaryImageOfPage\":{\"@id\":\"https:\\\/\\\/lebenshilfe-dillenburg.de\\\/leicht\\\/lebenshilfe-dillenburg-hat-die-zukunft-im-blick\\\/#primaryimage\"},\"image\":{\"@id\":\"https:\\\/\\\/lebenshilfe-dillenburg.de\\\/leicht\\\/lebenshilfe-dillenburg-hat-die-zukunft-im-blick\\\/#primaryimage\"},\"thumbnailUrl\":\"https:\\\/\\\/lebenshilfe-dillenburg.de\\\/wp-content\\\/uploads\\\/ehrungen-jubilaeumsjahr-gruppenfoto-mit-blumen.jpeg\",\"datePublished\":\"2025-07-09T09:00:02+00:00\",\"dateModified\":\"2026-02-02T11:02:06+00:00\",\"breadcrumb\":{\"@id\":\"https:\\\/\\\/lebenshilfe-dillenburg.de\\\/leicht\\\/lebenshilfe-dillenburg-hat-die-zukunft-im-blick\\\/#breadcrumb\"},\"inLanguage\":\"de\",\"potentialAction\":[{\"@type\":\"ReadAction\",\"target\":[\"https:\\\/\\\/lebenshilfe-dillenburg.de\\\/leicht\\\/lebenshilfe-dillenburg-hat-die-zukunft-im-blick\\\/\"]}]},{\"@type\":\"ImageObject\",\"inLanguage\":\"de\",\"@id\":\"https:\\\/\\\/lebenshilfe-dillenburg.de\\\/leicht\\\/lebenshilfe-dillenburg-hat-die-zukunft-im-blick\\\/#primaryimage\",\"url\":\"https:\\\/\\\/lebenshilfe-dillenburg.de\\\/wp-content\\\/uploads\\\/ehrungen-jubilaeumsjahr-gruppenfoto-mit-blumen.jpeg\",\"contentUrl\":\"https:\\\/\\\/lebenshilfe-dillenburg.de\\\/wp-content\\\/uploads\\\/ehrungen-jubilaeumsjahr-gruppenfoto-mit-blumen.jpeg\",\"width\":1500,\"height\":870,\"caption\":\"Ehrungen im Jubil\u00e4umsjahr: (v.l.) Dr. Oliver Schmitzer, Dirk Botzon, Gerhard Anders, Hans-Gerhard Domes, Sigrid Licht, Heidrun Becker, Engelbert Gr\u00fcn, Ingrid Bernhammer, Klaus-Dieter Weyel, Armin Reeh, Brigitte Reeh, Michael Krenos und Thimo Hees. (Foto: Kerstin Hast)\"},{\"@type\":\"BreadcrumbList\",\"@id\":\"https:\\\/\\\/lebenshilfe-dillenburg.de\\\/leicht\\\/lebenshilfe-dillenburg-hat-die-zukunft-im-blick\\\/#breadcrumb\",\"itemListElement\":[{\"@type\":\"ListItem\",\"position\":1,\"name\":\"Startseite der Lebenshilfe Dillenburg\",\"item\":\"https:\\\/\\\/lebenshilfe-dillenburg.de\\\/leicht\\\/\"},{\"@type\":\"ListItem\",\"position\":2,\"name\":\"Lebenshilfe Dillenburg hat die Zukunft im Blick\"}]},{\"@type\":\"WebSite\",\"@id\":\"https:\\\/\\\/lebenshilfe-dillenburg.de\\\/leicht\\\/#website\",\"url\":\"https:\\\/\\\/lebenshilfe-dillenburg.de\\\/leicht\\\/\",\"name\":\"Lebenshilfe Dillenburg \u2013 Teilhabe & Unterst\u00fctzung im Lahn-Dill-Kreis\",\"description\":\"\",\"publisher\":{\"@id\":\"https:\\\/\\\/lebenshilfe-dillenburg.de\\\/leicht\\\/#organization\"},\"potentialAction\":[{\"@type\":\"SearchAction\",\"target\":{\"@type\":\"EntryPoint\",\"urlTemplate\":\"https:\\\/\\\/lebenshilfe-dillenburg.de\\\/leicht\\\/?s={search_term_string}\"},\"query-input\":{\"@type\":\"PropertyValueSpecification\",\"valueRequired\":true,\"valueName\":\"search_term_string\"}}],\"inLanguage\":\"de\"},{\"@type\":\"Organization\",\"@id\":\"https:\\\/\\\/lebenshilfe-dillenburg.de\\\/leicht\\\/#organization\",\"name\":\"Lebenshilfe Dillenburg e.V.\",\"url\":\"https:\\\/\\\/lebenshilfe-dillenburg.de\\\/leicht\\\/\",\"logo\":{\"@type\":\"ImageObject\",\"inLanguage\":\"de\",\"@id\":\"https:\\\/\\\/lebenshilfe-dillenburg.de\\\/leicht\\\/#\\\/schema\\\/logo\\\/image\\\/\",\"url\":\"https:\\\/\\\/lebenshilfe-dillenburg.de\\\/wp-content\\\/uploads\\\/lebenshilfe-dillenburg-desktop.webp\",\"contentUrl\":\"https:\\\/\\\/lebenshilfe-dillenburg.de\\\/wp-content\\\/uploads\\\/lebenshilfe-dillenburg-desktop.webp\",\"width\":461,\"height\":202,\"caption\":\"Lebenshilfe Dillenburg e.V.\"},\"image\":{\"@id\":\"https:\\\/\\\/lebenshilfe-dillenburg.de\\\/leicht\\\/#\\\/schema\\\/logo\\\/image\\\/\"},\"sameAs\":[\"https:\\\/\\\/www.facebook.com\\\/lebenshilfedillenburg\\\/\",\"https:\\\/\\\/www.instagram.com\\\/lebenshilfe_dillenburg\\\/\"]},{\"@type\":\"Person\",\"@id\":\"https:\\\/\\\/lebenshilfe-dillenburg.de\\\/leicht\\\/#\\\/schema\\\/person\\\/b6c52dad8d881b49213c3345a7cd5efe\",\"name\":\"Conny Holtfoth\",\"sameAs\":[\"http:\\\/\\\/lebenshilfe-dillenburg.de\"],\"url\":\"https:\\\/\\\/lebenshilfe-dillenburg.de\\\/leicht\\\/author\\\/conny\\\/\"}]}<\/script>\n<!-- \/ Yoast SEO plugin. -->","yoast_head_json":{"title":"Lebenshilfe Dillenburg hat die Zukunft im Blick - Lebenshilfe Dillenburg e.V.","robots":{"index":"index","follow":"follow","max-snippet":"max-snippet:-1","max-image-preview":"max-image-preview:large","max-video-preview":"max-video-preview:-1"},"canonical":"https:\/\/lebenshilfe-dillenburg.de\/leicht\/lebenshilfe-dillenburg-hat-die-zukunft-im-blick\/","og_locale":"de_DE","og_type":"article","og_title":"Lebenshilfe Dillenburg hat die Zukunft im Blick - Lebenshilfe Dillenburg e.V.","og_description":"Ein bedeutender Schritt in Richtung Werkstatt-Neubau und eine personelle Ver\u00e4nderung im Aufsichtsrat \u2013 die Jahreshauptversammlung der Lebenshilfe Dillenburg im Rahmen ihres 60-j\u00e4hrigen Bestehens am Donnerstagabend im Wohnhaus Manderbach hatte so manche \u00dcberraschung parat. Die wohl gr\u00f6\u00dfte Nachricht des Abends: Nach jahrelanger, teils frustrierender Suche hat die Lebenshilfe Dillenburg ein geeignetes Grundst\u00fcck f\u00fcr den Ersatzneubau der...","og_url":"https:\/\/lebenshilfe-dillenburg.de\/leicht\/lebenshilfe-dillenburg-hat-die-zukunft-im-blick\/","og_site_name":"Lebenshilfe Dillenburg e.V.","article_publisher":"https:\/\/www.facebook.com\/lebenshilfedillenburg\/","article_published_time":"2025-07-09T09:00:02+00:00","article_modified_time":"2026-02-02T11:02:06+00:00","og_image":[{"width":2048,"height":1188,"url":"https:\/\/lebenshilfe-dillenburg.de\/wp-content\/uploads\/lebenshilfe-dillenburg-hat-die-zukunft-im-blick-img-8047-1.jpeg","type":"image\/jpeg"}],"author":"Conny Holtfoth","twitter_card":"summary_large_image","twitter_misc":{"Geschrieben von":"Conny Holtfoth","Gesch\u00e4tzte Lesezeit":"4\u00a0Minuten"},"schema":{"@context":"https:\/\/schema.org","@graph":[{"@type":"Article","@id":"https:\/\/lebenshilfe-dillenburg.de\/leicht\/lebenshilfe-dillenburg-hat-die-zukunft-im-blick\/#article","isPartOf":{"@id":"https:\/\/lebenshilfe-dillenburg.de\/leicht\/lebenshilfe-dillenburg-hat-die-zukunft-im-blick\/"},"author":{"name":"Conny Holtfoth","@id":"https:\/\/lebenshilfe-dillenburg.de\/leicht\/#\/schema\/person\/b6c52dad8d881b49213c3345a7cd5efe"},"headline":"Lebenshilfe Dillenburg hat die Zukunft im Blick","datePublished":"2025-07-09T09:00:02+00:00","dateModified":"2026-02-02T11:02:06+00:00","mainEntityOfPage":{"@id":"https:\/\/lebenshilfe-dillenburg.de\/leicht\/lebenshilfe-dillenburg-hat-die-zukunft-im-blick\/"},"wordCount":635,"publisher":{"@id":"https:\/\/lebenshilfe-dillenburg.de\/leicht\/#organization"},"image":{"@id":"https:\/\/lebenshilfe-dillenburg.de\/leicht\/lebenshilfe-dillenburg-hat-die-zukunft-im-blick\/#primaryimage"},"thumbnailUrl":"https:\/\/lebenshilfe-dillenburg.de\/wp-content\/uploads\/ehrungen-jubilaeumsjahr-gruppenfoto-mit-blumen.jpeg","articleSection":["Meldungen"],"inLanguage":"de"},{"@type":"WebPage","@id":"https:\/\/lebenshilfe-dillenburg.de\/leicht\/lebenshilfe-dillenburg-hat-die-zukunft-im-blick\/","url":"https:\/\/lebenshilfe-dillenburg.de\/leicht\/lebenshilfe-dillenburg-hat-die-zukunft-im-blick\/","name":"Lebenshilfe Dillenburg hat die Zukunft im Blick - Lebenshilfe Dillenburg e.V.","isPartOf":{"@id":"https:\/\/lebenshilfe-dillenburg.de\/leicht\/#website"},"primaryImageOfPage":{"@id":"https:\/\/lebenshilfe-dillenburg.de\/leicht\/lebenshilfe-dillenburg-hat-die-zukunft-im-blick\/#primaryimage"},"image":{"@id":"https:\/\/lebenshilfe-dillenburg.de\/leicht\/lebenshilfe-dillenburg-hat-die-zukunft-im-blick\/#primaryimage"},"thumbnailUrl":"https:\/\/lebenshilfe-dillenburg.de\/wp-content\/uploads\/ehrungen-jubilaeumsjahr-gruppenfoto-mit-blumen.jpeg","datePublished":"2025-07-09T09:00:02+00:00","dateModified":"2026-02-02T11:02:06+00:00","breadcrumb":{"@id":"https:\/\/lebenshilfe-dillenburg.de\/leicht\/lebenshilfe-dillenburg-hat-die-zukunft-im-blick\/#breadcrumb"},"inLanguage":"de","potentialAction":[{"@type":"ReadAction","target":["https:\/\/lebenshilfe-dillenburg.de\/leicht\/lebenshilfe-dillenburg-hat-die-zukunft-im-blick\/"]}]},{"@type":"ImageObject","inLanguage":"de","@id":"https:\/\/lebenshilfe-dillenburg.de\/leicht\/lebenshilfe-dillenburg-hat-die-zukunft-im-blick\/#primaryimage","url":"https:\/\/lebenshilfe-dillenburg.de\/wp-content\/uploads\/ehrungen-jubilaeumsjahr-gruppenfoto-mit-blumen.jpeg","contentUrl":"https:\/\/lebenshilfe-dillenburg.de\/wp-content\/uploads\/ehrungen-jubilaeumsjahr-gruppenfoto-mit-blumen.jpeg","width":1500,"height":870,"caption":"Ehrungen im Jubil\u00e4umsjahr: (v.l.) Dr. Oliver Schmitzer, Dirk Botzon, Gerhard Anders, Hans-Gerhard Domes, Sigrid Licht, Heidrun Becker, Engelbert Gr\u00fcn, Ingrid Bernhammer, Klaus-Dieter Weyel, Armin Reeh, Brigitte Reeh, Michael Krenos und Thimo Hees. (Foto: Kerstin Hast)"},{"@type":"BreadcrumbList","@id":"https:\/\/lebenshilfe-dillenburg.de\/leicht\/lebenshilfe-dillenburg-hat-die-zukunft-im-blick\/#breadcrumb","itemListElement":[{"@type":"ListItem","position":1,"name":"Startseite der Lebenshilfe Dillenburg","item":"https:\/\/lebenshilfe-dillenburg.de\/leicht\/"},{"@type":"ListItem","position":2,"name":"Lebenshilfe Dillenburg hat die Zukunft im Blick"}]},{"@type":"WebSite","@id":"https:\/\/lebenshilfe-dillenburg.de\/leicht\/#website","url":"https:\/\/lebenshilfe-dillenburg.de\/leicht\/","name":"Lebenshilfe Dillenburg \u2013 Teilhabe & Unterst\u00fctzung im Lahn-Dill-Kreis","description":"","publisher":{"@id":"https:\/\/lebenshilfe-dillenburg.de\/leicht\/#organization"},"potentialAction":[{"@type":"SearchAction","target":{"@type":"EntryPoint","urlTemplate":"https:\/\/lebenshilfe-dillenburg.de\/leicht\/?s={search_term_string}"},"query-input":{"@type":"PropertyValueSpecification","valueRequired":true,"valueName":"search_term_string"}}],"inLanguage":"de"},{"@type":"Organization","@id":"https:\/\/lebenshilfe-dillenburg.de\/leicht\/#organization","name":"Lebenshilfe Dillenburg e.V.","url":"https:\/\/lebenshilfe-dillenburg.de\/leicht\/","logo":{"@type":"ImageObject","inLanguage":"de","@id":"https:\/\/lebenshilfe-dillenburg.de\/leicht\/#\/schema\/logo\/image\/","url":"https:\/\/lebenshilfe-dillenburg.de\/wp-content\/uploads\/lebenshilfe-dillenburg-desktop.webp","contentUrl":"https:\/\/lebenshilfe-dillenburg.de\/wp-content\/uploads\/lebenshilfe-dillenburg-desktop.webp","width":461,"height":202,"caption":"Lebenshilfe Dillenburg e.V."},"image":{"@id":"https:\/\/lebenshilfe-dillenburg.de\/leicht\/#\/schema\/logo\/image\/"},"sameAs":["https:\/\/www.facebook.com\/lebenshilfedillenburg\/","https:\/\/www.instagram.com\/lebenshilfe_dillenburg\/"]},{"@type":"Person","@id":"https:\/\/lebenshilfe-dillenburg.de\/leicht\/#\/schema\/person\/b6c52dad8d881b49213c3345a7cd5efe","name":"Conny Holtfoth","sameAs":["http:\/\/lebenshilfe-dillenburg.de"],"url":"https:\/\/lebenshilfe-dillenburg.de\/leicht\/author\/conny\/"}]}},"taxonomy_info":{"category":[{"value":53,"label":"Meldungen"}]},"featured_image_src_large":["https:\/\/lebenshilfe-dillenburg.de\/wp-content\/uploads\/ehrungen-jubilaeumsjahr-gruppenfoto-mit-blumen-1920x1114.jpeg",1366,793,true],"author_info":{"display_name":"Conny Holtfoth","author_link":"https:\/\/lebenshilfe-dillenburg.de\/leicht\/author\/conny\/"},"comment_info":0,"category_info":[{"term_id":53,"name":"Meldungen","slug":"meldungen","term_group":0,"term_taxonomy_id":53,"taxonomy":"category","description":"","parent":0,"count":127,"filter":"raw","term_order":"5","cat_ID":53,"category_count":127,"category_description":"","cat_name":"Meldungen","category_nicename":"meldungen","category_parent":0}],"tag_info":false,"_links":{"self":[{"href":"https:\/\/lebenshilfe-dillenburg.de\/leicht\/wp-json\/wp\/v2\/posts\/4996","targetHints":{"allow":["GET"]}}],"collection":[{"href":"https:\/\/lebenshilfe-dillenburg.de\/leicht\/wp-json\/wp\/v2\/posts"}],"about":[{"href":"https:\/\/lebenshilfe-dillenburg.de\/leicht\/wp-json\/wp\/v2\/types\/post"}],"author":[{"embeddable":true,"href":"https:\/\/lebenshilfe-dillenburg.de\/leicht\/wp-json\/wp\/v2\/users\/4"}],"replies":[{"embeddable":true,"href":"https:\/\/lebenshilfe-dillenburg.de\/leicht\/wp-json\/wp\/v2\/comments?post=4996"}],"version-history":[{"count":0,"href":"https:\/\/lebenshilfe-dillenburg.de\/leicht\/wp-json\/wp\/v2\/posts\/4996\/revisions"}],"wp:featuredmedia":[{"embeddable":true,"href":"https:\/\/lebenshilfe-dillenburg.de\/leicht\/wp-json\/wp\/v2\/media\/7196"}],"wp:attachment":[{"href":"https:\/\/lebenshilfe-dillenburg.de\/leicht\/wp-json\/wp\/v2\/media?parent=4996"}],"wp:term":[{"taxonomy":"category","embeddable":true,"href":"https:\/\/lebenshilfe-dillenburg.de\/leicht\/wp-json\/wp\/v2\/categories?post=4996"},{"taxonomy":"post_tag","embeddable":true,"href":"https:\/\/lebenshilfe-dillenburg.de\/leicht\/wp-json\/wp\/v2\/tags?post=4996"}],"curies":[{"name":"wp","href":"https:\/\/api.w.org\/{rel}","templated":true}]}}