{"id":5047,"date":"2025-08-27T15:03:46","date_gmt":"2025-08-27T13:03:46","guid":{"rendered":"https:\/\/www.lebenshilfe-dillenburg.de\/?p=5047"},"modified":"2026-02-02T11:55:56","modified_gmt":"2026-02-02T10:55:56","slug":"tag-der-offenen-tuer-in-flammersbach","status":"publish","type":"post","link":"https:\/\/lebenshilfe-dillenburg.de\/leicht\/tag-der-offenen-tuer-in-flammersbach\/","title":{"rendered":"Tag der offenen T\u00fcr in Flammersbach"},"content":{"rendered":"\n<p>Nach dem gro\u00dfen Erfolg des ersten Aktionstags im Rahmen des Jubil\u00e4ums-Jahrs der Lebenshilfe Dillenburg l\u00e4dt die Werkstatt Flammersbach der Lebenshilfe Dillenburg nun am Donnerstag, 11. September, von 11 bis 16 Uhr zu einem Tag der offenen Werkstatt ein. Interessierte haben die Gelegenheit, in der Siemensstra\u00dfe 2 spannende Einblicke in die Arbeit der Dillenburger Werkst\u00e4tten zu erhalten.<\/p>\n\n\n\n<p>Da der Standort Dillenburg seinen eigenen Aktionstag aufgrund aktueller Umbauarbeiten ins Fr\u00fchjahr verschieben muss, bietet Flammersbach nun umso mehr M\u00f6glichkeiten, die Werkstattarbeit hautnah kennenzulernen.<\/p>\n\n\n\n<p>Die Lebenshilfe-Werkstatt in Flammersbach ist in besonderer Weise vielseitig aufgestellt: Neben dem Arbeits- und Berufsbildungsbereich befinden sich hier die Gro\u00dfk\u00fcche und der Kantinenbetrieb, von wo aus t\u00e4glich mehrere hundert frisch zubereitete Mahlzeiten an Kunden geliefert werden. Au\u00dferdem haben die Gruppen der Garten- und Landschaftspflege hier ihren St\u00fctzpunkt. Auch die Au\u00dfenarbeitsgruppe der Firma Hailo ist an die Werkstatt Flammersbach angebunden \u2013 die Kooperation besteht bereits seit 1968.<\/p>\n\n\n\n<p>Am Tag der offenen T\u00fcr k\u00f6nnen Besucherinnen und Besucher nicht nur zuschauen, sondern auch selbst aktiv werden: Mitmachstationen verschiedener Montagearbeiten laden dazu ein, selbst Hand anzulegen und die Abl\u00e4ufe besser kennenzulernen. Der Berufsbildungsbereich \u2013 der Ausbildungsbereich der Werkst\u00e4tten \u2013 pr\u00e4sentiert kreative Holzarbeiten, w\u00e4hrend die Reha-Werkstatt Haiger mit der Abteilung \u201eZweites Leben\u201c vor Ort ist und sch\u00f6ne und n\u00fctzliche Produkte aus Papier und anderen Materialien zeigt.<\/p>\n\n\n\n<p>Ein Highlight ist auch die Vorstellung der betriebsintegrierten Besch\u00e4ftigung (BiB): Derzeit sind dar\u00fcber 48 Menschen mit Beeintr\u00e4chtigung in Betrieben des ersten Arbeitsmarkts t\u00e4tig. Eine besondere Fotoausstellung zeigt im Rahmen eines professionellen Shootings die \u00e4ltesten und neuesten BiB-Arbeitspl\u00e4tze. Zus\u00e4tzlich gibt die Werkstatt Eibelshausen Einblicke in ihre neue Aktenvernichtung in Ewersbach.<\/p>\n\n\n\n<p>\u201eDer Tag der offenen Werkstatt ist eine gro\u00dfartige Gelegenheit, die Leistungsf\u00e4higkeit unserer Besch\u00e4ftigten sichtbar zu machen\u201c, betont Lars L\u00fcckoff, Bereichsleiter der Dillenburger Werkst\u00e4tten. \u201eViele Menschen haben noch Ber\u00fchrungs\u00e4ngste oder falsche Vorstellungen. Wir freuen uns darauf zu zeigen, mit wie viel Pr\u00e4zision, Engagement und Freude hier gearbeitet wird.\u201c<\/p>\n\n\n\n<p>Neben informativen Einblicken sorgt ein kulinarisches Angebot mit Herzhaftem, frischen Waffeln und Getr\u00e4nken f\u00fcr eine angenehme Atmosph\u00e4re.<\/p>\n","protected":false},"excerpt":{"rendered":"<p>Nach dem gro\u00dfen Erfolg des ersten Aktionstags im Rahmen des Jubil\u00e4ums-Jahrs der Lebenshilfe Dillenburg l\u00e4dt die Werkstatt Flammersbach der Lebenshilfe Dillenburg nun am Donnerstag, 11. September, von 11 bis 16 Uhr zu einem Tag der offenen Werkstatt ein. Interessierte haben die Gelegenheit, in der Siemensstra\u00dfe 2 spannende Einblicke in die Arbeit der Dillenburger Werkst\u00e4tten zu&#8230;<\/p>\n","protected":false},"author":4,"featured_media":7212,"comment_status":"closed","ping_status":"closed","sticky":false,"template":"","format":"standard","meta":{"_acf_changed":false,"_gspb_post_css":"","_kad_blocks_custom_css":"","_kad_blocks_head_custom_js":"","_kad_blocks_body_custom_js":"","_kad_blocks_footer_custom_js":"","_kad_post_transparent":"","_kad_post_title":"","_kad_post_layout":"","_kad_post_sidebar_id":"","_kad_post_content_style":"","_kad_post_vertical_padding":"","_kad_post_feature":"","_kad_post_feature_position":"","_kad_post_header":false,"_kad_post_footer":false,"_kad_post_classname":"","footnotes":""},"categories":[53],"tags":[],"class_list":["post-5047","post","type-post","status-publish","format-standard","has-post-thumbnail","hentry","category-meldungen"],"acf":[],"yoast_head":"<!-- This site is optimized with the Yoast SEO plugin v27.5 - https:\/\/yoast.com\/product\/yoast-seo-wordpress\/ -->\n<title>Tag der offenen T\u00fcr in Flammersbach - Lebenshilfe Dillenburg e.V.<\/title>\n<meta name=\"robots\" content=\"index, follow, max-snippet:-1, max-image-preview:large, max-video-preview:-1\" \/>\n<link rel=\"canonical\" href=\"https:\/\/lebenshilfe-dillenburg.de\/leicht\/tag-der-offenen-tuer-in-flammersbach\/\" \/>\n<meta property=\"og:locale\" content=\"de_DE\" \/>\n<meta property=\"og:type\" content=\"article\" \/>\n<meta property=\"og:title\" content=\"Tag der offenen T\u00fcr in Flammersbach - Lebenshilfe Dillenburg e.V.\" \/>\n<meta property=\"og:description\" content=\"Nach dem gro\u00dfen Erfolg des ersten Aktionstags im Rahmen des Jubil\u00e4ums-Jahrs der Lebenshilfe Dillenburg l\u00e4dt die Werkstatt Flammersbach der Lebenshilfe Dillenburg nun am Donnerstag, 11. September, von 11 bis 16 Uhr zu einem Tag der offenen Werkstatt ein. Interessierte haben die Gelegenheit, in der Siemensstra\u00dfe 2 spannende Einblicke in die Arbeit der Dillenburger Werkst\u00e4tten zu...\" \/>\n<meta property=\"og:url\" content=\"https:\/\/lebenshilfe-dillenburg.de\/leicht\/tag-der-offenen-tuer-in-flammersbach\/\" \/>\n<meta property=\"og:site_name\" content=\"Lebenshilfe Dillenburg e.V.\" \/>\n<meta property=\"article:publisher\" content=\"https:\/\/www.facebook.com\/lebenshilfedillenburg\/\" \/>\n<meta property=\"article:published_time\" content=\"2025-08-27T13:03:46+00:00\" \/>\n<meta property=\"article:modified_time\" content=\"2026-02-02T10:55:56+00:00\" \/>\n<meta property=\"og:image\" content=\"https:\/\/lebenshilfe-dillenburg.de\/wp-content\/uploads\/tag-der-offenen-tuer-in-flammersbach-flammersbach-scaled-2.jpg\" \/>\n\t<meta property=\"og:image:width\" content=\"2560\" \/>\n\t<meta property=\"og:image:height\" content=\"1438\" \/>\n\t<meta property=\"og:image:type\" content=\"image\/jpeg\" \/>\n<meta name=\"author\" content=\"Conny Holtfoth\" \/>\n<meta name=\"twitter:card\" content=\"summary_large_image\" \/>\n<meta name=\"twitter:label1\" content=\"Geschrieben von\" \/>\n\t<meta name=\"twitter:data1\" content=\"Conny Holtfoth\" \/>\n\t<meta name=\"twitter:label2\" content=\"Gesch\u00e4tzte Lesezeit\" \/>\n\t<meta name=\"twitter:data2\" content=\"2\u00a0Minuten\" \/>\n<script type=\"application\/ld+json\" class=\"yoast-schema-graph\">{\"@context\":\"https:\\\/\\\/schema.org\",\"@graph\":[{\"@type\":\"Article\",\"@id\":\"https:\\\/\\\/lebenshilfe-dillenburg.de\\\/leicht\\\/tag-der-offenen-tuer-in-flammersbach\\\/#article\",\"isPartOf\":{\"@id\":\"https:\\\/\\\/lebenshilfe-dillenburg.de\\\/leicht\\\/tag-der-offenen-tuer-in-flammersbach\\\/\"},\"author\":{\"name\":\"Conny Holtfoth\",\"@id\":\"https:\\\/\\\/lebenshilfe-dillenburg.de\\\/leicht\\\/#\\\/schema\\\/person\\\/b6c52dad8d881b49213c3345a7cd5efe\"},\"headline\":\"Tag der offenen T\u00fcr in Flammersbach\",\"datePublished\":\"2025-08-27T13:03:46+00:00\",\"dateModified\":\"2026-02-02T10:55:56+00:00\",\"mainEntityOfPage\":{\"@id\":\"https:\\\/\\\/lebenshilfe-dillenburg.de\\\/leicht\\\/tag-der-offenen-tuer-in-flammersbach\\\/\"},\"wordCount\":360,\"publisher\":{\"@id\":\"https:\\\/\\\/lebenshilfe-dillenburg.de\\\/leicht\\\/#organization\"},\"image\":{\"@id\":\"https:\\\/\\\/lebenshilfe-dillenburg.de\\\/leicht\\\/tag-der-offenen-tuer-in-flammersbach\\\/#primaryimage\"},\"thumbnailUrl\":\"https:\\\/\\\/lebenshilfe-dillenburg.de\\\/wp-content\\\/uploads\\\/tag-der-offenen-tuer-flammersbach-gruppenfoto.jpg\",\"articleSection\":[\"Meldungen\"],\"inLanguage\":\"de\"},{\"@type\":\"WebPage\",\"@id\":\"https:\\\/\\\/lebenshilfe-dillenburg.de\\\/leicht\\\/tag-der-offenen-tuer-in-flammersbach\\\/\",\"url\":\"https:\\\/\\\/lebenshilfe-dillenburg.de\\\/leicht\\\/tag-der-offenen-tuer-in-flammersbach\\\/\",\"name\":\"Tag der offenen T\u00fcr in Flammersbach - Lebenshilfe Dillenburg e.V.\",\"isPartOf\":{\"@id\":\"https:\\\/\\\/lebenshilfe-dillenburg.de\\\/leicht\\\/#website\"},\"primaryImageOfPage\":{\"@id\":\"https:\\\/\\\/lebenshilfe-dillenburg.de\\\/leicht\\\/tag-der-offenen-tuer-in-flammersbach\\\/#primaryimage\"},\"image\":{\"@id\":\"https:\\\/\\\/lebenshilfe-dillenburg.de\\\/leicht\\\/tag-der-offenen-tuer-in-flammersbach\\\/#primaryimage\"},\"thumbnailUrl\":\"https:\\\/\\\/lebenshilfe-dillenburg.de\\\/wp-content\\\/uploads\\\/tag-der-offenen-tuer-flammersbach-gruppenfoto.jpg\",\"datePublished\":\"2025-08-27T13:03:46+00:00\",\"dateModified\":\"2026-02-02T10:55:56+00:00\",\"breadcrumb\":{\"@id\":\"https:\\\/\\\/lebenshilfe-dillenburg.de\\\/leicht\\\/tag-der-offenen-tuer-in-flammersbach\\\/#breadcrumb\"},\"inLanguage\":\"de\",\"potentialAction\":[{\"@type\":\"ReadAction\",\"target\":[\"https:\\\/\\\/lebenshilfe-dillenburg.de\\\/leicht\\\/tag-der-offenen-tuer-in-flammersbach\\\/\"]}]},{\"@type\":\"ImageObject\",\"inLanguage\":\"de\",\"@id\":\"https:\\\/\\\/lebenshilfe-dillenburg.de\\\/leicht\\\/tag-der-offenen-tuer-in-flammersbach\\\/#primaryimage\",\"url\":\"https:\\\/\\\/lebenshilfe-dillenburg.de\\\/wp-content\\\/uploads\\\/tag-der-offenen-tuer-flammersbach-gruppenfoto.jpg\",\"contentUrl\":\"https:\\\/\\\/lebenshilfe-dillenburg.de\\\/wp-content\\\/uploads\\\/tag-der-offenen-tuer-flammersbach-gruppenfoto.jpg\",\"width\":1500,\"height\":843,\"caption\":\"Die Werkstattbesch\u00e4ftigten in Flammersbach freuen sich auf ihre G\u00e4ste beim Tag der offenen T\u00fcr. (Foto: Siegbert Werner)\"},{\"@type\":\"BreadcrumbList\",\"@id\":\"https:\\\/\\\/lebenshilfe-dillenburg.de\\\/leicht\\\/tag-der-offenen-tuer-in-flammersbach\\\/#breadcrumb\",\"itemListElement\":[{\"@type\":\"ListItem\",\"position\":1,\"name\":\"Startseite der Lebenshilfe Dillenburg\",\"item\":\"https:\\\/\\\/lebenshilfe-dillenburg.de\\\/leicht\\\/\"},{\"@type\":\"ListItem\",\"position\":2,\"name\":\"Tag der offenen T\u00fcr in Flammersbach\"}]},{\"@type\":\"WebSite\",\"@id\":\"https:\\\/\\\/lebenshilfe-dillenburg.de\\\/leicht\\\/#website\",\"url\":\"https:\\\/\\\/lebenshilfe-dillenburg.de\\\/leicht\\\/\",\"name\":\"Lebenshilfe Dillenburg \u2013 Teilhabe & Unterst\u00fctzung im Lahn-Dill-Kreis\",\"description\":\"\",\"publisher\":{\"@id\":\"https:\\\/\\\/lebenshilfe-dillenburg.de\\\/leicht\\\/#organization\"},\"potentialAction\":[{\"@type\":\"SearchAction\",\"target\":{\"@type\":\"EntryPoint\",\"urlTemplate\":\"https:\\\/\\\/lebenshilfe-dillenburg.de\\\/leicht\\\/?s={search_term_string}\"},\"query-input\":{\"@type\":\"PropertyValueSpecification\",\"valueRequired\":true,\"valueName\":\"search_term_string\"}}],\"inLanguage\":\"de\"},{\"@type\":\"Organization\",\"@id\":\"https:\\\/\\\/lebenshilfe-dillenburg.de\\\/leicht\\\/#organization\",\"name\":\"Lebenshilfe Dillenburg e.V.\",\"url\":\"https:\\\/\\\/lebenshilfe-dillenburg.de\\\/leicht\\\/\",\"logo\":{\"@type\":\"ImageObject\",\"inLanguage\":\"de\",\"@id\":\"https:\\\/\\\/lebenshilfe-dillenburg.de\\\/leicht\\\/#\\\/schema\\\/logo\\\/image\\\/\",\"url\":\"https:\\\/\\\/lebenshilfe-dillenburg.de\\\/wp-content\\\/uploads\\\/lebenshilfe-dillenburg-desktop.webp\",\"contentUrl\":\"https:\\\/\\\/lebenshilfe-dillenburg.de\\\/wp-content\\\/uploads\\\/lebenshilfe-dillenburg-desktop.webp\",\"width\":461,\"height\":202,\"caption\":\"Lebenshilfe Dillenburg e.V.\"},\"image\":{\"@id\":\"https:\\\/\\\/lebenshilfe-dillenburg.de\\\/leicht\\\/#\\\/schema\\\/logo\\\/image\\\/\"},\"sameAs\":[\"https:\\\/\\\/www.facebook.com\\\/lebenshilfedillenburg\\\/\",\"https:\\\/\\\/www.instagram.com\\\/lebenshilfe_dillenburg\\\/\"]},{\"@type\":\"Person\",\"@id\":\"https:\\\/\\\/lebenshilfe-dillenburg.de\\\/leicht\\\/#\\\/schema\\\/person\\\/b6c52dad8d881b49213c3345a7cd5efe\",\"name\":\"Conny Holtfoth\",\"sameAs\":[\"http:\\\/\\\/lebenshilfe-dillenburg.de\"],\"url\":\"https:\\\/\\\/lebenshilfe-dillenburg.de\\\/leicht\\\/author\\\/conny\\\/\"}]}<\/script>\n<!-- \/ Yoast SEO plugin. -->","yoast_head_json":{"title":"Tag der offenen T\u00fcr in Flammersbach - Lebenshilfe Dillenburg e.V.","robots":{"index":"index","follow":"follow","max-snippet":"max-snippet:-1","max-image-preview":"max-image-preview:large","max-video-preview":"max-video-preview:-1"},"canonical":"https:\/\/lebenshilfe-dillenburg.de\/leicht\/tag-der-offenen-tuer-in-flammersbach\/","og_locale":"de_DE","og_type":"article","og_title":"Tag der offenen T\u00fcr in Flammersbach - Lebenshilfe Dillenburg e.V.","og_description":"Nach dem gro\u00dfen Erfolg des ersten Aktionstags im Rahmen des Jubil\u00e4ums-Jahrs der Lebenshilfe Dillenburg l\u00e4dt die Werkstatt Flammersbach der Lebenshilfe Dillenburg nun am Donnerstag, 11. September, von 11 bis 16 Uhr zu einem Tag der offenen Werkstatt ein. Interessierte haben die Gelegenheit, in der Siemensstra\u00dfe 2 spannende Einblicke in die Arbeit der Dillenburger Werkst\u00e4tten zu...","og_url":"https:\/\/lebenshilfe-dillenburg.de\/leicht\/tag-der-offenen-tuer-in-flammersbach\/","og_site_name":"Lebenshilfe Dillenburg e.V.","article_publisher":"https:\/\/www.facebook.com\/lebenshilfedillenburg\/","article_published_time":"2025-08-27T13:03:46+00:00","article_modified_time":"2026-02-02T10:55:56+00:00","og_image":[{"width":2560,"height":1438,"url":"https:\/\/lebenshilfe-dillenburg.de\/wp-content\/uploads\/tag-der-offenen-tuer-in-flammersbach-flammersbach-scaled-2.jpg","type":"image\/jpeg"}],"author":"Conny Holtfoth","twitter_card":"summary_large_image","twitter_misc":{"Geschrieben von":"Conny Holtfoth","Gesch\u00e4tzte Lesezeit":"2\u00a0Minuten"},"schema":{"@context":"https:\/\/schema.org","@graph":[{"@type":"Article","@id":"https:\/\/lebenshilfe-dillenburg.de\/leicht\/tag-der-offenen-tuer-in-flammersbach\/#article","isPartOf":{"@id":"https:\/\/lebenshilfe-dillenburg.de\/leicht\/tag-der-offenen-tuer-in-flammersbach\/"},"author":{"name":"Conny Holtfoth","@id":"https:\/\/lebenshilfe-dillenburg.de\/leicht\/#\/schema\/person\/b6c52dad8d881b49213c3345a7cd5efe"},"headline":"Tag der offenen T\u00fcr in Flammersbach","datePublished":"2025-08-27T13:03:46+00:00","dateModified":"2026-02-02T10:55:56+00:00","mainEntityOfPage":{"@id":"https:\/\/lebenshilfe-dillenburg.de\/leicht\/tag-der-offenen-tuer-in-flammersbach\/"},"wordCount":360,"publisher":{"@id":"https:\/\/lebenshilfe-dillenburg.de\/leicht\/#organization"},"image":{"@id":"https:\/\/lebenshilfe-dillenburg.de\/leicht\/tag-der-offenen-tuer-in-flammersbach\/#primaryimage"},"thumbnailUrl":"https:\/\/lebenshilfe-dillenburg.de\/wp-content\/uploads\/tag-der-offenen-tuer-flammersbach-gruppenfoto.jpg","articleSection":["Meldungen"],"inLanguage":"de"},{"@type":"WebPage","@id":"https:\/\/lebenshilfe-dillenburg.de\/leicht\/tag-der-offenen-tuer-in-flammersbach\/","url":"https:\/\/lebenshilfe-dillenburg.de\/leicht\/tag-der-offenen-tuer-in-flammersbach\/","name":"Tag der offenen T\u00fcr in Flammersbach - Lebenshilfe Dillenburg e.V.","isPartOf":{"@id":"https:\/\/lebenshilfe-dillenburg.de\/leicht\/#website"},"primaryImageOfPage":{"@id":"https:\/\/lebenshilfe-dillenburg.de\/leicht\/tag-der-offenen-tuer-in-flammersbach\/#primaryimage"},"image":{"@id":"https:\/\/lebenshilfe-dillenburg.de\/leicht\/tag-der-offenen-tuer-in-flammersbach\/#primaryimage"},"thumbnailUrl":"https:\/\/lebenshilfe-dillenburg.de\/wp-content\/uploads\/tag-der-offenen-tuer-flammersbach-gruppenfoto.jpg","datePublished":"2025-08-27T13:03:46+00:00","dateModified":"2026-02-02T10:55:56+00:00","breadcrumb":{"@id":"https:\/\/lebenshilfe-dillenburg.de\/leicht\/tag-der-offenen-tuer-in-flammersbach\/#breadcrumb"},"inLanguage":"de","potentialAction":[{"@type":"ReadAction","target":["https:\/\/lebenshilfe-dillenburg.de\/leicht\/tag-der-offenen-tuer-in-flammersbach\/"]}]},{"@type":"ImageObject","inLanguage":"de","@id":"https:\/\/lebenshilfe-dillenburg.de\/leicht\/tag-der-offenen-tuer-in-flammersbach\/#primaryimage","url":"https:\/\/lebenshilfe-dillenburg.de\/wp-content\/uploads\/tag-der-offenen-tuer-flammersbach-gruppenfoto.jpg","contentUrl":"https:\/\/lebenshilfe-dillenburg.de\/wp-content\/uploads\/tag-der-offenen-tuer-flammersbach-gruppenfoto.jpg","width":1500,"height":843,"caption":"Die Werkstattbesch\u00e4ftigten in Flammersbach freuen sich auf ihre G\u00e4ste beim Tag der offenen T\u00fcr. (Foto: Siegbert Werner)"},{"@type":"BreadcrumbList","@id":"https:\/\/lebenshilfe-dillenburg.de\/leicht\/tag-der-offenen-tuer-in-flammersbach\/#breadcrumb","itemListElement":[{"@type":"ListItem","position":1,"name":"Startseite der Lebenshilfe Dillenburg","item":"https:\/\/lebenshilfe-dillenburg.de\/leicht\/"},{"@type":"ListItem","position":2,"name":"Tag der offenen T\u00fcr in Flammersbach"}]},{"@type":"WebSite","@id":"https:\/\/lebenshilfe-dillenburg.de\/leicht\/#website","url":"https:\/\/lebenshilfe-dillenburg.de\/leicht\/","name":"Lebenshilfe Dillenburg \u2013 Teilhabe & Unterst\u00fctzung im Lahn-Dill-Kreis","description":"","publisher":{"@id":"https:\/\/lebenshilfe-dillenburg.de\/leicht\/#organization"},"potentialAction":[{"@type":"SearchAction","target":{"@type":"EntryPoint","urlTemplate":"https:\/\/lebenshilfe-dillenburg.de\/leicht\/?s={search_term_string}"},"query-input":{"@type":"PropertyValueSpecification","valueRequired":true,"valueName":"search_term_string"}}],"inLanguage":"de"},{"@type":"Organization","@id":"https:\/\/lebenshilfe-dillenburg.de\/leicht\/#organization","name":"Lebenshilfe Dillenburg e.V.","url":"https:\/\/lebenshilfe-dillenburg.de\/leicht\/","logo":{"@type":"ImageObject","inLanguage":"de","@id":"https:\/\/lebenshilfe-dillenburg.de\/leicht\/#\/schema\/logo\/image\/","url":"https:\/\/lebenshilfe-dillenburg.de\/wp-content\/uploads\/lebenshilfe-dillenburg-desktop.webp","contentUrl":"https:\/\/lebenshilfe-dillenburg.de\/wp-content\/uploads\/lebenshilfe-dillenburg-desktop.webp","width":461,"height":202,"caption":"Lebenshilfe Dillenburg e.V."},"image":{"@id":"https:\/\/lebenshilfe-dillenburg.de\/leicht\/#\/schema\/logo\/image\/"},"sameAs":["https:\/\/www.facebook.com\/lebenshilfedillenburg\/","https:\/\/www.instagram.com\/lebenshilfe_dillenburg\/"]},{"@type":"Person","@id":"https:\/\/lebenshilfe-dillenburg.de\/leicht\/#\/schema\/person\/b6c52dad8d881b49213c3345a7cd5efe","name":"Conny Holtfoth","sameAs":["http:\/\/lebenshilfe-dillenburg.de"],"url":"https:\/\/lebenshilfe-dillenburg.de\/leicht\/author\/conny\/"}]}},"taxonomy_info":{"category":[{"value":53,"label":"Meldungen"}]},"featured_image_src_large":["https:\/\/lebenshilfe-dillenburg.de\/wp-content\/uploads\/tag-der-offenen-tuer-flammersbach-gruppenfoto-1920x1079.jpg",1366,768,true],"author_info":{"display_name":"Conny Holtfoth","author_link":"https:\/\/lebenshilfe-dillenburg.de\/leicht\/author\/conny\/"},"comment_info":0,"category_info":[{"term_id":53,"name":"Meldungen","slug":"meldungen","term_group":0,"term_taxonomy_id":53,"taxonomy":"category","description":"","parent":0,"count":127,"filter":"raw","term_order":"5","cat_ID":53,"category_count":127,"category_description":"","cat_name":"Meldungen","category_nicename":"meldungen","category_parent":0}],"tag_info":false,"_links":{"self":[{"href":"https:\/\/lebenshilfe-dillenburg.de\/leicht\/wp-json\/wp\/v2\/posts\/5047","targetHints":{"allow":["GET"]}}],"collection":[{"href":"https:\/\/lebenshilfe-dillenburg.de\/leicht\/wp-json\/wp\/v2\/posts"}],"about":[{"href":"https:\/\/lebenshilfe-dillenburg.de\/leicht\/wp-json\/wp\/v2\/types\/post"}],"author":[{"embeddable":true,"href":"https:\/\/lebenshilfe-dillenburg.de\/leicht\/wp-json\/wp\/v2\/users\/4"}],"replies":[{"embeddable":true,"href":"https:\/\/lebenshilfe-dillenburg.de\/leicht\/wp-json\/wp\/v2\/comments?post=5047"}],"version-history":[{"count":0,"href":"https:\/\/lebenshilfe-dillenburg.de\/leicht\/wp-json\/wp\/v2\/posts\/5047\/revisions"}],"wp:featuredmedia":[{"embeddable":true,"href":"https:\/\/lebenshilfe-dillenburg.de\/leicht\/wp-json\/wp\/v2\/media\/7212"}],"wp:attachment":[{"href":"https:\/\/lebenshilfe-dillenburg.de\/leicht\/wp-json\/wp\/v2\/media?parent=5047"}],"wp:term":[{"taxonomy":"category","embeddable":true,"href":"https:\/\/lebenshilfe-dillenburg.de\/leicht\/wp-json\/wp\/v2\/categories?post=5047"},{"taxonomy":"post_tag","embeddable":true,"href":"https:\/\/lebenshilfe-dillenburg.de\/leicht\/wp-json\/wp\/v2\/tags?post=5047"}],"curies":[{"name":"wp","href":"https:\/\/api.w.org\/{rel}","templated":true}]}}