{"id":5066,"date":"2025-09-12T15:44:29","date_gmt":"2025-09-12T13:44:29","guid":{"rendered":"https:\/\/www.lebenshilfe-dillenburg.de\/?p=5066"},"modified":"2026-02-02T11:51:04","modified_gmt":"2026-02-02T10:51:04","slug":"werkstatt-praesentiert-sich-vielen-besuchern","status":"publish","type":"post","link":"https:\/\/lebenshilfe-dillenburg.de\/leicht\/werkstatt-praesentiert-sich-vielen-besuchern\/","title":{"rendered":"Werkstatt pr\u00e4sentiert sich vielen Besuchern"},"content":{"rendered":"\n<p>Schrauben, erleben, staunen \u2013 die Lebenshilfe-Werkstatt Flammersbach hat am Donnerstag ihre T\u00fcren ge\u00f6ffnet und Hunderte Besucher angelockt. Mitmachstationen luden dazu ein, selbst Hand anzulegen und Produktionsschritte auszuprobieren.<\/p>\n\n\n\n<p>\u201eDas h\u00e4tte ich hier nicht erwartet\u201c \u2013 ein h\u00e4ufig geh\u00f6rter Satz an diesem Tag. Die Besucher waren begeistert von der Atmosph\u00e4re in der Werkstatt, den Fertigkeiten und der Arbeitsmoral der Besch\u00e4ftigten sowie der Vielseitigkeit der Produktion. \u201eJeder findet bei uns seinen Platz \u2013 weil wir die Arbeit anpassen und weil Beziehung bei uns einen hohen Stellenwert hat. Nur wenn Beziehung da ist, kann Entwicklung passieren\u201c, betonte Karin Schill, Leitung Sozialer Dienst.<\/p>\n\n\n\n<p>Die G\u00e4ste kamen aus ganz unterschiedlichen Bereichen: Industriepartner, Angeh\u00f6rige, Schulklassen und die Westerwald-Werkst\u00e4tten aus Altenkirchen. Auch die Politik war vertreten \u2013 mit Helmut Schneider (1. Stadtrat Haiger), Dr. Andreas Steiner (Stadtrat) sowie Susanne Steiner (Ausschuss f\u00fcr Umwelt, Bauen und Stadtentwicklung).<\/p>\n\n\n\n<p>Ein besonderes Highlight war der Besuch des TSV Steinbach, vertreten durch Roland Kring (Vorstand und Vereinssprecher), Andreas Engel (Leiter Spielbetrieb), die Trainer H\u00fcsni Tahiri und Daniel Wilde sowie Kai Klingelh\u00f6fer (Jugendkoordinator). Tahiri zeigte sich vor allem beeindruckt von der individuellen F\u00f6rderung \u2013 \u201eein wichtiges Element, das ich aus meiner Trainert\u00e4tigkeit auch kenne\u201c.<\/p>\n\n\n\n<p>Werkstatt-Bereichsleiter Lars L\u00fcckoff stellte heraus, dass sich die Werkst\u00e4tten bewusst von der Industrie unterscheiden: \u201eWir zergliedern Aufgaben und Prozesse so, dass viele Menschen mit Behinderung eingebunden werden k\u00f6nnen. In der Wirtschaft ist es andersherum \u2013 da muss oft der Mensch in den Prozess passen.\u201c<\/p>\n\n\n\n<p>Rund zehn Prozent der Werkstatt-Besch\u00e4ftigten der Lebenshilfe Dillenburg arbeiten heute bereits auf betriebsintegrierten Arbeitspl\u00e4tzen in Unternehmen des ersten Arbeitsmarktes. \u201eEin gro\u00dfer Vorteil ist unser industriell gepr\u00e4gter Standort. Dadurch haben wir erstklassige Kooperationsm\u00f6glichkeiten\u201c, sagte Vorstandsmitglied Dirk Botzon.<\/p>\n\n\n\n<p>Neben der Pr\u00e4sentation der T\u00e4tigkeitsfelder der Au\u00dfenarbeitsgruppe bei Hailo stellte sich auch die G\u00e4rtnerei der Werkstatt Flammersbach vor. Die betriebsintegrierte Besch\u00e4ftigung (BiB) pr\u00e4sentierte in einer Fotoausstellung ihre \u00e4ltesten und j\u00fcngsten Au\u00dfenarbeitspl\u00e4tze. Zudem bot die Reha-Werkstatt Produkte aus ihrem Hofladen an. Besonders eindrucksvoll: Die Besch\u00e4ftigten f\u00fchrten die G\u00e4ste voller Stolz selbst durch ihre Arbeitspl\u00e4tze und erkl\u00e4rten ihre T\u00e4tigkeiten.<\/p>\n\n\n\n<p>Die Veranstaltung war Teil des Jubil\u00e4umsjahrs zum 60-j\u00e4hrigen Bestehen der Lebenshilfe Dillenburg. \u201eEs war ein Tag, der zeigt, wie wichtig Teilhabe ist \u2013 und wie sehr unsere Besch\u00e4ftigten es genie\u00dfen, ihre Arbeit mit anderen zu teilen\u201c, fasste Einrichtungsleiter Christoph Biehl zusammen.<\/p>\n\n\n\n<p>Abgerundet wurde der Tag durch eine Auswahl an frisch zubereiteten Suppen, Nudelgerichten und Schw\u00e4bischen Maultaschen aus der Gro\u00dfk\u00fcche sowie Waffeln und W\u00fcrstchen.<\/p>\n","protected":false},"excerpt":{"rendered":"<p>Schrauben, erleben, staunen \u2013 die Lebenshilfe-Werkstatt Flammersbach hat am Donnerstag ihre T\u00fcren ge\u00f6ffnet und Hunderte Besucher angelockt. Mitmachstationen luden dazu ein, selbst Hand anzulegen und Produktionsschritte auszuprobieren. \u201eDas h\u00e4tte ich hier nicht erwartet\u201c \u2013 ein h\u00e4ufig geh\u00f6rter Satz an diesem Tag. Die Besucher waren begeistert von der Atmosph\u00e4re in der Werkstatt, den Fertigkeiten und der&#8230;<\/p>\n","protected":false},"author":4,"featured_media":7218,"comment_status":"closed","ping_status":"closed","sticky":false,"template":"","format":"standard","meta":{"_acf_changed":false,"_gspb_post_css":"","_kad_blocks_custom_css":"","_kad_blocks_head_custom_js":"","_kad_blocks_body_custom_js":"","_kad_blocks_footer_custom_js":"","_kad_post_transparent":"","_kad_post_title":"","_kad_post_layout":"","_kad_post_sidebar_id":"","_kad_post_content_style":"","_kad_post_vertical_padding":"","_kad_post_feature":"","_kad_post_feature_position":"","_kad_post_header":false,"_kad_post_footer":false,"_kad_post_classname":"","footnotes":""},"categories":[53],"tags":[],"class_list":["post-5066","post","type-post","status-publish","format-standard","has-post-thumbnail","hentry","category-meldungen"],"acf":[],"yoast_head":"<!-- This site is optimized with the Yoast SEO plugin v27.5 - https:\/\/yoast.com\/product\/yoast-seo-wordpress\/ -->\n<title>Werkstatt pr\u00e4sentiert sich vielen Besuchern - Lebenshilfe Dillenburg e.V.<\/title>\n<meta name=\"robots\" content=\"index, follow, max-snippet:-1, max-image-preview:large, max-video-preview:-1\" \/>\n<link rel=\"canonical\" href=\"https:\/\/lebenshilfe-dillenburg.de\/leicht\/werkstatt-praesentiert-sich-vielen-besuchern\/\" \/>\n<meta property=\"og:locale\" content=\"de_DE\" \/>\n<meta property=\"og:type\" content=\"article\" \/>\n<meta property=\"og:title\" content=\"Werkstatt pr\u00e4sentiert sich vielen Besuchern - Lebenshilfe Dillenburg e.V.\" \/>\n<meta property=\"og:description\" content=\"Schrauben, erleben, staunen \u2013 die Lebenshilfe-Werkstatt Flammersbach hat am Donnerstag ihre T\u00fcren ge\u00f6ffnet und Hunderte Besucher angelockt. Mitmachstationen luden dazu ein, selbst Hand anzulegen und Produktionsschritte auszuprobieren. \u201eDas h\u00e4tte ich hier nicht erwartet\u201c \u2013 ein h\u00e4ufig geh\u00f6rter Satz an diesem Tag. Die Besucher waren begeistert von der Atmosph\u00e4re in der Werkstatt, den Fertigkeiten und der...\" \/>\n<meta property=\"og:url\" content=\"https:\/\/lebenshilfe-dillenburg.de\/leicht\/werkstatt-praesentiert-sich-vielen-besuchern\/\" \/>\n<meta property=\"og:site_name\" content=\"Lebenshilfe Dillenburg e.V.\" \/>\n<meta property=\"article:publisher\" content=\"https:\/\/www.facebook.com\/lebenshilfedillenburg\/\" \/>\n<meta property=\"article:published_time\" content=\"2025-09-12T13:44:29+00:00\" \/>\n<meta property=\"article:modified_time\" content=\"2026-02-02T10:51:04+00:00\" \/>\n<meta property=\"og:image\" content=\"https:\/\/lebenshilfe-dillenburg.de\/wp-content\/uploads\/offene-werkstatt-laedt-viele-bes-img-9798-1.jpg\" \/>\n\t<meta property=\"og:image:width\" content=\"2048\" \/>\n\t<meta property=\"og:image:height\" content=\"1536\" \/>\n\t<meta property=\"og:image:type\" content=\"image\/jpeg\" \/>\n<meta name=\"author\" content=\"Conny Holtfoth\" \/>\n<meta name=\"twitter:card\" content=\"summary_large_image\" \/>\n<meta name=\"twitter:label1\" content=\"Geschrieben von\" \/>\n\t<meta name=\"twitter:data1\" content=\"Conny Holtfoth\" \/>\n\t<meta name=\"twitter:label2\" content=\"Gesch\u00e4tzte Lesezeit\" \/>\n\t<meta name=\"twitter:data2\" content=\"3\u00a0Minuten\" \/>\n<script type=\"application\/ld+json\" class=\"yoast-schema-graph\">{\"@context\":\"https:\\\/\\\/schema.org\",\"@graph\":[{\"@type\":\"Article\",\"@id\":\"https:\\\/\\\/lebenshilfe-dillenburg.de\\\/leicht\\\/werkstatt-praesentiert-sich-vielen-besuchern\\\/#article\",\"isPartOf\":{\"@id\":\"https:\\\/\\\/lebenshilfe-dillenburg.de\\\/leicht\\\/werkstatt-praesentiert-sich-vielen-besuchern\\\/\"},\"author\":{\"name\":\"Conny Holtfoth\",\"@id\":\"https:\\\/\\\/lebenshilfe-dillenburg.de\\\/leicht\\\/#\\\/schema\\\/person\\\/b6c52dad8d881b49213c3345a7cd5efe\"},\"headline\":\"Werkstatt pr\u00e4sentiert sich vielen Besuchern\",\"datePublished\":\"2025-09-12T13:44:29+00:00\",\"dateModified\":\"2026-02-02T10:51:04+00:00\",\"mainEntityOfPage\":{\"@id\":\"https:\\\/\\\/lebenshilfe-dillenburg.de\\\/leicht\\\/werkstatt-praesentiert-sich-vielen-besuchern\\\/\"},\"wordCount\":434,\"publisher\":{\"@id\":\"https:\\\/\\\/lebenshilfe-dillenburg.de\\\/leicht\\\/#organization\"},\"image\":{\"@id\":\"https:\\\/\\\/lebenshilfe-dillenburg.de\\\/leicht\\\/werkstatt-praesentiert-sich-vielen-besuchern\\\/#primaryimage\"},\"thumbnailUrl\":\"https:\\\/\\\/lebenshilfe-dillenburg.de\\\/wp-content\\\/uploads\\\/profi-sport-trifft-werkstatt-gruppenfoto-ramp.jpg\",\"articleSection\":[\"Meldungen\"],\"inLanguage\":\"de\"},{\"@type\":\"WebPage\",\"@id\":\"https:\\\/\\\/lebenshilfe-dillenburg.de\\\/leicht\\\/werkstatt-praesentiert-sich-vielen-besuchern\\\/\",\"url\":\"https:\\\/\\\/lebenshilfe-dillenburg.de\\\/leicht\\\/werkstatt-praesentiert-sich-vielen-besuchern\\\/\",\"name\":\"Werkstatt pr\u00e4sentiert sich vielen Besuchern - Lebenshilfe Dillenburg e.V.\",\"isPartOf\":{\"@id\":\"https:\\\/\\\/lebenshilfe-dillenburg.de\\\/leicht\\\/#website\"},\"primaryImageOfPage\":{\"@id\":\"https:\\\/\\\/lebenshilfe-dillenburg.de\\\/leicht\\\/werkstatt-praesentiert-sich-vielen-besuchern\\\/#primaryimage\"},\"image\":{\"@id\":\"https:\\\/\\\/lebenshilfe-dillenburg.de\\\/leicht\\\/werkstatt-praesentiert-sich-vielen-besuchern\\\/#primaryimage\"},\"thumbnailUrl\":\"https:\\\/\\\/lebenshilfe-dillenburg.de\\\/wp-content\\\/uploads\\\/profi-sport-trifft-werkstatt-gruppenfoto-ramp.jpg\",\"datePublished\":\"2025-09-12T13:44:29+00:00\",\"dateModified\":\"2026-02-02T10:51:04+00:00\",\"breadcrumb\":{\"@id\":\"https:\\\/\\\/lebenshilfe-dillenburg.de\\\/leicht\\\/werkstatt-praesentiert-sich-vielen-besuchern\\\/#breadcrumb\"},\"inLanguage\":\"de\",\"potentialAction\":[{\"@type\":\"ReadAction\",\"target\":[\"https:\\\/\\\/lebenshilfe-dillenburg.de\\\/leicht\\\/werkstatt-praesentiert-sich-vielen-besuchern\\\/\"]}]},{\"@type\":\"ImageObject\",\"inLanguage\":\"de\",\"@id\":\"https:\\\/\\\/lebenshilfe-dillenburg.de\\\/leicht\\\/werkstatt-praesentiert-sich-vielen-besuchern\\\/#primaryimage\",\"url\":\"https:\\\/\\\/lebenshilfe-dillenburg.de\\\/wp-content\\\/uploads\\\/profi-sport-trifft-werkstatt-gruppenfoto-ramp.jpg\",\"contentUrl\":\"https:\\\/\\\/lebenshilfe-dillenburg.de\\\/wp-content\\\/uploads\\\/profi-sport-trifft-werkstatt-gruppenfoto-ramp.jpg\",\"width\":1440,\"height\":1080,\"caption\":\"{\\\"source_type\\\":\\\"hypic\\\",\\\"tiktok_developers_3p_anchor_params\\\":\\\"{\\\"template_id\\\":\\\"\\\",\\\"client_key\\\":\\\"awgvo7gzpeas2ho6\\\",\\\"filter_id\\\":[],\\\"capability_key\\\":[\\\"edit\\\"],\\\"capability_extra_v2\\\":{\\\"edit\\\":[{\\\"panel\\\":\\\"one_key_edit\\\"}]}}\\\",\\\"data\\\":{\\\"playId\\\":\\\"\\\",\\\"os\\\":\\\"ios\\\",\\\"filterId\\\":\\\"\\\",\\\"appversion\\\":\\\"7.1.0\\\",\\\"enter_from\\\":\\\"enter_launch\\\",\\\"product\\\":\\\"retouch\\\",\\\"pictureId\\\":\\\"4E07EB7D-DA45-4537-A0E0-873387D492DB\\\",\\\"activityName\\\":\\\"\\\",\\\"stickerId\\\":\\\"\\\",\\\"imageEffectId\\\":\\\"\\\",\\\"infoStickerId\\\":\\\"\\\"}}\"},{\"@type\":\"BreadcrumbList\",\"@id\":\"https:\\\/\\\/lebenshilfe-dillenburg.de\\\/leicht\\\/werkstatt-praesentiert-sich-vielen-besuchern\\\/#breadcrumb\",\"itemListElement\":[{\"@type\":\"ListItem\",\"position\":1,\"name\":\"Startseite der Lebenshilfe Dillenburg\",\"item\":\"https:\\\/\\\/lebenshilfe-dillenburg.de\\\/leicht\\\/\"},{\"@type\":\"ListItem\",\"position\":2,\"name\":\"Werkstatt pr\u00e4sentiert sich vielen Besuchern\"}]},{\"@type\":\"WebSite\",\"@id\":\"https:\\\/\\\/lebenshilfe-dillenburg.de\\\/leicht\\\/#website\",\"url\":\"https:\\\/\\\/lebenshilfe-dillenburg.de\\\/leicht\\\/\",\"name\":\"Lebenshilfe Dillenburg \u2013 Teilhabe & Unterst\u00fctzung im Lahn-Dill-Kreis\",\"description\":\"\",\"publisher\":{\"@id\":\"https:\\\/\\\/lebenshilfe-dillenburg.de\\\/leicht\\\/#organization\"},\"potentialAction\":[{\"@type\":\"SearchAction\",\"target\":{\"@type\":\"EntryPoint\",\"urlTemplate\":\"https:\\\/\\\/lebenshilfe-dillenburg.de\\\/leicht\\\/?s={search_term_string}\"},\"query-input\":{\"@type\":\"PropertyValueSpecification\",\"valueRequired\":true,\"valueName\":\"search_term_string\"}}],\"inLanguage\":\"de\"},{\"@type\":\"Organization\",\"@id\":\"https:\\\/\\\/lebenshilfe-dillenburg.de\\\/leicht\\\/#organization\",\"name\":\"Lebenshilfe Dillenburg e.V.\",\"url\":\"https:\\\/\\\/lebenshilfe-dillenburg.de\\\/leicht\\\/\",\"logo\":{\"@type\":\"ImageObject\",\"inLanguage\":\"de\",\"@id\":\"https:\\\/\\\/lebenshilfe-dillenburg.de\\\/leicht\\\/#\\\/schema\\\/logo\\\/image\\\/\",\"url\":\"https:\\\/\\\/lebenshilfe-dillenburg.de\\\/wp-content\\\/uploads\\\/lebenshilfe-dillenburg-desktop.webp\",\"contentUrl\":\"https:\\\/\\\/lebenshilfe-dillenburg.de\\\/wp-content\\\/uploads\\\/lebenshilfe-dillenburg-desktop.webp\",\"width\":461,\"height\":202,\"caption\":\"Lebenshilfe Dillenburg e.V.\"},\"image\":{\"@id\":\"https:\\\/\\\/lebenshilfe-dillenburg.de\\\/leicht\\\/#\\\/schema\\\/logo\\\/image\\\/\"},\"sameAs\":[\"https:\\\/\\\/www.facebook.com\\\/lebenshilfedillenburg\\\/\",\"https:\\\/\\\/www.instagram.com\\\/lebenshilfe_dillenburg\\\/\"]},{\"@type\":\"Person\",\"@id\":\"https:\\\/\\\/lebenshilfe-dillenburg.de\\\/leicht\\\/#\\\/schema\\\/person\\\/b6c52dad8d881b49213c3345a7cd5efe\",\"name\":\"Conny Holtfoth\",\"sameAs\":[\"http:\\\/\\\/lebenshilfe-dillenburg.de\"],\"url\":\"https:\\\/\\\/lebenshilfe-dillenburg.de\\\/leicht\\\/author\\\/conny\\\/\"}]}<\/script>\n<!-- \/ Yoast SEO plugin. -->","yoast_head_json":{"title":"Werkstatt pr\u00e4sentiert sich vielen Besuchern - Lebenshilfe Dillenburg e.V.","robots":{"index":"index","follow":"follow","max-snippet":"max-snippet:-1","max-image-preview":"max-image-preview:large","max-video-preview":"max-video-preview:-1"},"canonical":"https:\/\/lebenshilfe-dillenburg.de\/leicht\/werkstatt-praesentiert-sich-vielen-besuchern\/","og_locale":"de_DE","og_type":"article","og_title":"Werkstatt pr\u00e4sentiert sich vielen Besuchern - Lebenshilfe Dillenburg e.V.","og_description":"Schrauben, erleben, staunen \u2013 die Lebenshilfe-Werkstatt Flammersbach hat am Donnerstag ihre T\u00fcren ge\u00f6ffnet und Hunderte Besucher angelockt. Mitmachstationen luden dazu ein, selbst Hand anzulegen und Produktionsschritte auszuprobieren. \u201eDas h\u00e4tte ich hier nicht erwartet\u201c \u2013 ein h\u00e4ufig geh\u00f6rter Satz an diesem Tag. Die Besucher waren begeistert von der Atmosph\u00e4re in der Werkstatt, den Fertigkeiten und der...","og_url":"https:\/\/lebenshilfe-dillenburg.de\/leicht\/werkstatt-praesentiert-sich-vielen-besuchern\/","og_site_name":"Lebenshilfe Dillenburg e.V.","article_publisher":"https:\/\/www.facebook.com\/lebenshilfedillenburg\/","article_published_time":"2025-09-12T13:44:29+00:00","article_modified_time":"2026-02-02T10:51:04+00:00","og_image":[{"width":2048,"height":1536,"url":"https:\/\/lebenshilfe-dillenburg.de\/wp-content\/uploads\/offene-werkstatt-laedt-viele-bes-img-9798-1.jpg","type":"image\/jpeg"}],"author":"Conny Holtfoth","twitter_card":"summary_large_image","twitter_misc":{"Geschrieben von":"Conny Holtfoth","Gesch\u00e4tzte Lesezeit":"3\u00a0Minuten"},"schema":{"@context":"https:\/\/schema.org","@graph":[{"@type":"Article","@id":"https:\/\/lebenshilfe-dillenburg.de\/leicht\/werkstatt-praesentiert-sich-vielen-besuchern\/#article","isPartOf":{"@id":"https:\/\/lebenshilfe-dillenburg.de\/leicht\/werkstatt-praesentiert-sich-vielen-besuchern\/"},"author":{"name":"Conny Holtfoth","@id":"https:\/\/lebenshilfe-dillenburg.de\/leicht\/#\/schema\/person\/b6c52dad8d881b49213c3345a7cd5efe"},"headline":"Werkstatt pr\u00e4sentiert sich vielen Besuchern","datePublished":"2025-09-12T13:44:29+00:00","dateModified":"2026-02-02T10:51:04+00:00","mainEntityOfPage":{"@id":"https:\/\/lebenshilfe-dillenburg.de\/leicht\/werkstatt-praesentiert-sich-vielen-besuchern\/"},"wordCount":434,"publisher":{"@id":"https:\/\/lebenshilfe-dillenburg.de\/leicht\/#organization"},"image":{"@id":"https:\/\/lebenshilfe-dillenburg.de\/leicht\/werkstatt-praesentiert-sich-vielen-besuchern\/#primaryimage"},"thumbnailUrl":"https:\/\/lebenshilfe-dillenburg.de\/wp-content\/uploads\/profi-sport-trifft-werkstatt-gruppenfoto-ramp.jpg","articleSection":["Meldungen"],"inLanguage":"de"},{"@type":"WebPage","@id":"https:\/\/lebenshilfe-dillenburg.de\/leicht\/werkstatt-praesentiert-sich-vielen-besuchern\/","url":"https:\/\/lebenshilfe-dillenburg.de\/leicht\/werkstatt-praesentiert-sich-vielen-besuchern\/","name":"Werkstatt pr\u00e4sentiert sich vielen Besuchern - Lebenshilfe Dillenburg e.V.","isPartOf":{"@id":"https:\/\/lebenshilfe-dillenburg.de\/leicht\/#website"},"primaryImageOfPage":{"@id":"https:\/\/lebenshilfe-dillenburg.de\/leicht\/werkstatt-praesentiert-sich-vielen-besuchern\/#primaryimage"},"image":{"@id":"https:\/\/lebenshilfe-dillenburg.de\/leicht\/werkstatt-praesentiert-sich-vielen-besuchern\/#primaryimage"},"thumbnailUrl":"https:\/\/lebenshilfe-dillenburg.de\/wp-content\/uploads\/profi-sport-trifft-werkstatt-gruppenfoto-ramp.jpg","datePublished":"2025-09-12T13:44:29+00:00","dateModified":"2026-02-02T10:51:04+00:00","breadcrumb":{"@id":"https:\/\/lebenshilfe-dillenburg.de\/leicht\/werkstatt-praesentiert-sich-vielen-besuchern\/#breadcrumb"},"inLanguage":"de","potentialAction":[{"@type":"ReadAction","target":["https:\/\/lebenshilfe-dillenburg.de\/leicht\/werkstatt-praesentiert-sich-vielen-besuchern\/"]}]},{"@type":"ImageObject","inLanguage":"de","@id":"https:\/\/lebenshilfe-dillenburg.de\/leicht\/werkstatt-praesentiert-sich-vielen-besuchern\/#primaryimage","url":"https:\/\/lebenshilfe-dillenburg.de\/wp-content\/uploads\/profi-sport-trifft-werkstatt-gruppenfoto-ramp.jpg","contentUrl":"https:\/\/lebenshilfe-dillenburg.de\/wp-content\/uploads\/profi-sport-trifft-werkstatt-gruppenfoto-ramp.jpg","width":1440,"height":1080,"caption":"{\"source_type\":\"hypic\",\"tiktok_developers_3p_anchor_params\":\"{\"template_id\":\"\",\"client_key\":\"awgvo7gzpeas2ho6\",\"filter_id\":[],\"capability_key\":[\"edit\"],\"capability_extra_v2\":{\"edit\":[{\"panel\":\"one_key_edit\"}]}}\",\"data\":{\"playId\":\"\",\"os\":\"ios\",\"filterId\":\"\",\"appversion\":\"7.1.0\",\"enter_from\":\"enter_launch\",\"product\":\"retouch\",\"pictureId\":\"4E07EB7D-DA45-4537-A0E0-873387D492DB\",\"activityName\":\"\",\"stickerId\":\"\",\"imageEffectId\":\"\",\"infoStickerId\":\"\"}}"},{"@type":"BreadcrumbList","@id":"https:\/\/lebenshilfe-dillenburg.de\/leicht\/werkstatt-praesentiert-sich-vielen-besuchern\/#breadcrumb","itemListElement":[{"@type":"ListItem","position":1,"name":"Startseite der Lebenshilfe Dillenburg","item":"https:\/\/lebenshilfe-dillenburg.de\/leicht\/"},{"@type":"ListItem","position":2,"name":"Werkstatt pr\u00e4sentiert sich vielen Besuchern"}]},{"@type":"WebSite","@id":"https:\/\/lebenshilfe-dillenburg.de\/leicht\/#website","url":"https:\/\/lebenshilfe-dillenburg.de\/leicht\/","name":"Lebenshilfe Dillenburg \u2013 Teilhabe & Unterst\u00fctzung im Lahn-Dill-Kreis","description":"","publisher":{"@id":"https:\/\/lebenshilfe-dillenburg.de\/leicht\/#organization"},"potentialAction":[{"@type":"SearchAction","target":{"@type":"EntryPoint","urlTemplate":"https:\/\/lebenshilfe-dillenburg.de\/leicht\/?s={search_term_string}"},"query-input":{"@type":"PropertyValueSpecification","valueRequired":true,"valueName":"search_term_string"}}],"inLanguage":"de"},{"@type":"Organization","@id":"https:\/\/lebenshilfe-dillenburg.de\/leicht\/#organization","name":"Lebenshilfe Dillenburg e.V.","url":"https:\/\/lebenshilfe-dillenburg.de\/leicht\/","logo":{"@type":"ImageObject","inLanguage":"de","@id":"https:\/\/lebenshilfe-dillenburg.de\/leicht\/#\/schema\/logo\/image\/","url":"https:\/\/lebenshilfe-dillenburg.de\/wp-content\/uploads\/lebenshilfe-dillenburg-desktop.webp","contentUrl":"https:\/\/lebenshilfe-dillenburg.de\/wp-content\/uploads\/lebenshilfe-dillenburg-desktop.webp","width":461,"height":202,"caption":"Lebenshilfe Dillenburg e.V."},"image":{"@id":"https:\/\/lebenshilfe-dillenburg.de\/leicht\/#\/schema\/logo\/image\/"},"sameAs":["https:\/\/www.facebook.com\/lebenshilfedillenburg\/","https:\/\/www.instagram.com\/lebenshilfe_dillenburg\/"]},{"@type":"Person","@id":"https:\/\/lebenshilfe-dillenburg.de\/leicht\/#\/schema\/person\/b6c52dad8d881b49213c3345a7cd5efe","name":"Conny Holtfoth","sameAs":["http:\/\/lebenshilfe-dillenburg.de"],"url":"https:\/\/lebenshilfe-dillenburg.de\/leicht\/author\/conny\/"}]}},"taxonomy_info":{"category":[{"value":53,"label":"Meldungen"}]},"featured_image_src_large":["https:\/\/lebenshilfe-dillenburg.de\/wp-content\/uploads\/profi-sport-trifft-werkstatt-gruppenfoto-ramp-1920x1440.jpg",1366,1025,true],"author_info":{"display_name":"Conny Holtfoth","author_link":"https:\/\/lebenshilfe-dillenburg.de\/leicht\/author\/conny\/"},"comment_info":0,"category_info":[{"term_id":53,"name":"Meldungen","slug":"meldungen","term_group":0,"term_taxonomy_id":53,"taxonomy":"category","description":"","parent":0,"count":127,"filter":"raw","term_order":"5","cat_ID":53,"category_count":127,"category_description":"","cat_name":"Meldungen","category_nicename":"meldungen","category_parent":0}],"tag_info":false,"_links":{"self":[{"href":"https:\/\/lebenshilfe-dillenburg.de\/leicht\/wp-json\/wp\/v2\/posts\/5066","targetHints":{"allow":["GET"]}}],"collection":[{"href":"https:\/\/lebenshilfe-dillenburg.de\/leicht\/wp-json\/wp\/v2\/posts"}],"about":[{"href":"https:\/\/lebenshilfe-dillenburg.de\/leicht\/wp-json\/wp\/v2\/types\/post"}],"author":[{"embeddable":true,"href":"https:\/\/lebenshilfe-dillenburg.de\/leicht\/wp-json\/wp\/v2\/users\/4"}],"replies":[{"embeddable":true,"href":"https:\/\/lebenshilfe-dillenburg.de\/leicht\/wp-json\/wp\/v2\/comments?post=5066"}],"version-history":[{"count":0,"href":"https:\/\/lebenshilfe-dillenburg.de\/leicht\/wp-json\/wp\/v2\/posts\/5066\/revisions"}],"wp:featuredmedia":[{"embeddable":true,"href":"https:\/\/lebenshilfe-dillenburg.de\/leicht\/wp-json\/wp\/v2\/media\/7218"}],"wp:attachment":[{"href":"https:\/\/lebenshilfe-dillenburg.de\/leicht\/wp-json\/wp\/v2\/media?parent=5066"}],"wp:term":[{"taxonomy":"category","embeddable":true,"href":"https:\/\/lebenshilfe-dillenburg.de\/leicht\/wp-json\/wp\/v2\/categories?post=5066"},{"taxonomy":"post_tag","embeddable":true,"href":"https:\/\/lebenshilfe-dillenburg.de\/leicht\/wp-json\/wp\/v2\/tags?post=5066"}],"curies":[{"name":"wp","href":"https:\/\/api.w.org\/{rel}","templated":true}]}}