{"id":5083,"date":"2025-09-26T11:29:07","date_gmt":"2025-09-26T09:29:07","guid":{"rendered":"https:\/\/www.lebenshilfe-dillenburg.de\/?p=5083"},"modified":"2026-02-02T11:49:03","modified_gmt":"2026-02-02T10:49:03","slug":"fiesta-in-der-kanzlei-heinigk-2","status":"publish","type":"post","link":"https:\/\/lebenshilfe-dillenburg.de\/leicht\/fiesta-in-der-kanzlei-heinigk-2\/","title":{"rendered":"&#8222;Fiesta&#8220; in der Kanzlei Heinigk"},"content":{"rendered":"\n<p>Ausgelassene Feierstimmung. G\u00e4ste an einem Tisch. Bunte Lebensfreude. Ein Gem\u00e4lde \u2013 passend zu den vielen Jubil\u00e4umsfeierlichkeiten der Lebenshilfe Dillenburg in diesem Jahr. Nun hat es seine neue Heimat gefunden. In der Kanzlei Heinigk in Eibelshausen.&nbsp;<\/p>\n\n\n\n<p>Entstanden ist das Kunstwerk mit dem Titel \u201eFiesta\u201c im Atelier des Herborner K\u00fcnstlers Santiago Gallardo \u2013 gemeinsam mit den Lebenshilfe-Betreuten Martina Gro\u00dfe, Cedric von Strom und Katharina Stahl. Drei kreative Nachmittage verbrachten sie im Atelier, malten und \u00fcberlegten gemeinsam: Was passt zu 60 Jahren Lebenshilfe? Party, Farben, Lebensfreude \u2013 und so wurde \u201eFiesta\u201c zum Motto des Gem\u00e4ldes. Gallardo fasst es so zusammen: \u201eDas Leben ist eine Fiesta, zu der alle eingeladen sind \u2013 Menschen mit und ohne Behinderung.\u201c<\/p>\n\n\n\n<p>Im Rahmen einer stillen Auktion wurde das 1,35 x 1,35 Meter gro\u00dfe Kunstwerk versteigert. Den Zuschlag erhielt die Kanzlei Heinigk aus Eibelshausen \u2013 f\u00fcr eine Auktionsspende von 1500 Euro, die der kulturellen Arbeit der Lebenshilfe Dillenburg zugutekommt.<\/p>\n\n\n\n<p>Zur feierlichen \u00dcbergabe kamen am Donnerstag neben K\u00fcnstler Santiago Gallardo und Kulturreferent Sascha Kirchhoff auch die drei mitwirkenden K\u00fcnstler und die Vorstandsmitglieder Dirk Botzon und Dr. Oliver Schmitzer zusammen. Das Bild wird k\u00fcnftig einen prominenten Platz direkt im Eingangsbereich der Kanzlei finden.<\/p>\n\n\n\n<p>F\u00fcr Dirk Botzon ist das mehr als nur eine sch\u00f6ne Geste: \u201eEine sch\u00f6nere Wertsch\u00e4tzung kann es nicht geben \u2013 ein solch exponierter Platz zeigt, wie sehr das kreative Engagement unserer Betreuten anerkannt wird.\u201c Auch Sascha Kirchhoff betont die Symbolkraft: \u201eDieses Bild baut Br\u00fccken in die Gesellschaft. Es steht f\u00fcr Stolz, Anerkennung und kreative Teilhabe.\u201c<\/p>\n\n\n\n<p>Wer das Gem\u00e4lde n\u00e4her betrachtet, entdeckt zahlreiche liebevolle Details, die auf den ersten Blick nicht sofort ins Auge fallen: Eine Blume im Haar, Spielkarten oder der Schriftzug \u201eLove You\u201c \u2013 subtile Zeichen, die eines gemeinsam haben: Sie feiern die Verbindung durch Liebe, Gemeinschaft und Lebensfreude.<\/p>\n\n\n\n<p>Kanzlei-Inhaber Christoph Heinigk regte an, das Bild k\u00fcnftig auch an anderen Orten auszustellen: \u201eWir m\u00f6chten einen Beitrag leisten, dass das Gem\u00e4lde und die Botschaft dahinter wahrgenommen werden.\u201c<\/p>\n","protected":false},"excerpt":{"rendered":"<p>Ausgelassene Feierstimmung. G\u00e4ste an einem Tisch. Bunte Lebensfreude. Ein Gem\u00e4lde \u2013 passend zu den vielen Jubil\u00e4umsfeierlichkeiten der Lebenshilfe Dillenburg in diesem Jahr. Nun hat es seine neue Heimat gefunden. In der Kanzlei Heinigk in Eibelshausen.&nbsp; Entstanden ist das Kunstwerk mit dem Titel \u201eFiesta\u201c im Atelier des Herborner K\u00fcnstlers Santiago Gallardo \u2013 gemeinsam mit den Lebenshilfe-Betreuten&#8230;<\/p>\n","protected":false},"author":4,"featured_media":7225,"comment_status":"closed","ping_status":"closed","sticky":false,"template":"","format":"standard","meta":{"_acf_changed":false,"_gspb_post_css":"","_kad_blocks_custom_css":"","_kad_blocks_head_custom_js":"","_kad_blocks_body_custom_js":"","_kad_blocks_footer_custom_js":"","_kad_post_transparent":"","_kad_post_title":"","_kad_post_layout":"","_kad_post_sidebar_id":"","_kad_post_content_style":"","_kad_post_vertical_padding":"","_kad_post_feature":"","_kad_post_feature_position":"","_kad_post_header":false,"_kad_post_footer":false,"_kad_post_classname":"","footnotes":""},"categories":[53],"tags":[],"class_list":["post-5083","post","type-post","status-publish","format-standard","has-post-thumbnail","hentry","category-meldungen"],"acf":[],"yoast_head":"<!-- This site is optimized with the Yoast SEO plugin v27.5 - https:\/\/yoast.com\/product\/yoast-seo-wordpress\/ -->\n<title>&quot;Fiesta&quot; in der Kanzlei Heinigk - Lebenshilfe Dillenburg e.V.<\/title>\n<meta name=\"robots\" content=\"index, follow, max-snippet:-1, max-image-preview:large, max-video-preview:-1\" \/>\n<link rel=\"canonical\" href=\"https:\/\/lebenshilfe-dillenburg.de\/leicht\/fiesta-in-der-kanzlei-heinigk-2\/\" \/>\n<meta property=\"og:locale\" content=\"de_DE\" \/>\n<meta property=\"og:type\" content=\"article\" \/>\n<meta property=\"og:title\" content=\"&quot;Fiesta&quot; in der Kanzlei Heinigk - Lebenshilfe Dillenburg e.V.\" \/>\n<meta property=\"og:description\" content=\"Ausgelassene Feierstimmung. G\u00e4ste an einem Tisch. Bunte Lebensfreude. Ein Gem\u00e4lde \u2013 passend zu den vielen Jubil\u00e4umsfeierlichkeiten der Lebenshilfe Dillenburg in diesem Jahr. Nun hat es seine neue Heimat gefunden. In der Kanzlei Heinigk in Eibelshausen.&nbsp; Entstanden ist das Kunstwerk mit dem Titel \u201eFiesta\u201c im Atelier des Herborner K\u00fcnstlers Santiago Gallardo \u2013 gemeinsam mit den Lebenshilfe-Betreuten...\" \/>\n<meta property=\"og:url\" content=\"https:\/\/lebenshilfe-dillenburg.de\/leicht\/fiesta-in-der-kanzlei-heinigk-2\/\" \/>\n<meta property=\"og:site_name\" content=\"Lebenshilfe Dillenburg e.V.\" \/>\n<meta property=\"article:publisher\" content=\"https:\/\/www.facebook.com\/lebenshilfedillenburg\/\" \/>\n<meta property=\"article:published_time\" content=\"2025-09-26T09:29:07+00:00\" \/>\n<meta property=\"article:modified_time\" content=\"2026-02-02T10:49:03+00:00\" \/>\n<meta property=\"og:image\" content=\"https:\/\/lebenshilfe-dillenburg.de\/wp-content\/uploads\/fiesta-in-der-kanzlei-heinigk-img-4234-scaled-1.jpg\" \/>\n\t<meta property=\"og:image:width\" content=\"2560\" \/>\n\t<meta property=\"og:image:height\" content=\"1920\" \/>\n\t<meta property=\"og:image:type\" content=\"image\/jpeg\" \/>\n<meta name=\"author\" content=\"Conny Holtfoth\" \/>\n<meta name=\"twitter:card\" content=\"summary_large_image\" \/>\n<meta name=\"twitter:label1\" content=\"Geschrieben von\" \/>\n\t<meta name=\"twitter:data1\" content=\"Conny Holtfoth\" \/>\n\t<meta name=\"twitter:label2\" content=\"Gesch\u00e4tzte Lesezeit\" \/>\n\t<meta name=\"twitter:data2\" content=\"2\u00a0Minuten\" \/>\n<script type=\"application\/ld+json\" class=\"yoast-schema-graph\">{\"@context\":\"https:\\\/\\\/schema.org\",\"@graph\":[{\"@type\":\"Article\",\"@id\":\"https:\\\/\\\/lebenshilfe-dillenburg.de\\\/leicht\\\/fiesta-in-der-kanzlei-heinigk-2\\\/#article\",\"isPartOf\":{\"@id\":\"https:\\\/\\\/lebenshilfe-dillenburg.de\\\/leicht\\\/fiesta-in-der-kanzlei-heinigk-2\\\/\"},\"author\":{\"name\":\"Conny Holtfoth\",\"@id\":\"https:\\\/\\\/lebenshilfe-dillenburg.de\\\/leicht\\\/#\\\/schema\\\/person\\\/b6c52dad8d881b49213c3345a7cd5efe\"},\"headline\":\"&#8222;Fiesta&#8220; in der Kanzlei Heinigk\",\"datePublished\":\"2025-09-26T09:29:07+00:00\",\"dateModified\":\"2026-02-02T10:49:03+00:00\",\"mainEntityOfPage\":{\"@id\":\"https:\\\/\\\/lebenshilfe-dillenburg.de\\\/leicht\\\/fiesta-in-der-kanzlei-heinigk-2\\\/\"},\"wordCount\":335,\"publisher\":{\"@id\":\"https:\\\/\\\/lebenshilfe-dillenburg.de\\\/leicht\\\/#organization\"},\"image\":{\"@id\":\"https:\\\/\\\/lebenshilfe-dillenburg.de\\\/leicht\\\/fiesta-in-der-kanzlei-heinigk-2\\\/#primaryimage\"},\"thumbnailUrl\":\"https:\\\/\\\/lebenshilfe-dillenburg.de\\\/wp-content\\\/uploads\\\/kunstuebergabe-kanzlei-heinigk-gruppenfoto.jpg\",\"articleSection\":[\"Meldungen\"],\"inLanguage\":\"de\"},{\"@type\":\"WebPage\",\"@id\":\"https:\\\/\\\/lebenshilfe-dillenburg.de\\\/leicht\\\/fiesta-in-der-kanzlei-heinigk-2\\\/\",\"url\":\"https:\\\/\\\/lebenshilfe-dillenburg.de\\\/leicht\\\/fiesta-in-der-kanzlei-heinigk-2\\\/\",\"name\":\"\\\"Fiesta\\\" in der Kanzlei Heinigk - Lebenshilfe Dillenburg e.V.\",\"isPartOf\":{\"@id\":\"https:\\\/\\\/lebenshilfe-dillenburg.de\\\/leicht\\\/#website\"},\"primaryImageOfPage\":{\"@id\":\"https:\\\/\\\/lebenshilfe-dillenburg.de\\\/leicht\\\/fiesta-in-der-kanzlei-heinigk-2\\\/#primaryimage\"},\"image\":{\"@id\":\"https:\\\/\\\/lebenshilfe-dillenburg.de\\\/leicht\\\/fiesta-in-der-kanzlei-heinigk-2\\\/#primaryimage\"},\"thumbnailUrl\":\"https:\\\/\\\/lebenshilfe-dillenburg.de\\\/wp-content\\\/uploads\\\/kunstuebergabe-kanzlei-heinigk-gruppenfoto.jpg\",\"datePublished\":\"2025-09-26T09:29:07+00:00\",\"dateModified\":\"2026-02-02T10:49:03+00:00\",\"breadcrumb\":{\"@id\":\"https:\\\/\\\/lebenshilfe-dillenburg.de\\\/leicht\\\/fiesta-in-der-kanzlei-heinigk-2\\\/#breadcrumb\"},\"inLanguage\":\"de\",\"potentialAction\":[{\"@type\":\"ReadAction\",\"target\":[\"https:\\\/\\\/lebenshilfe-dillenburg.de\\\/leicht\\\/fiesta-in-der-kanzlei-heinigk-2\\\/\"]}]},{\"@type\":\"ImageObject\",\"inLanguage\":\"de\",\"@id\":\"https:\\\/\\\/lebenshilfe-dillenburg.de\\\/leicht\\\/fiesta-in-der-kanzlei-heinigk-2\\\/#primaryimage\",\"url\":\"https:\\\/\\\/lebenshilfe-dillenburg.de\\\/wp-content\\\/uploads\\\/kunstuebergabe-kanzlei-heinigk-gruppenfoto.jpg\",\"contentUrl\":\"https:\\\/\\\/lebenshilfe-dillenburg.de\\\/wp-content\\\/uploads\\\/kunstuebergabe-kanzlei-heinigk-gruppenfoto.jpg\",\"width\":1440,\"height\":1080,\"caption\":\"Christoph Heinigk (Bildmitte) freut sich \u00fcber die \u00dcbergabe des Gem\u00e4ldes von (vorne) Martina Gro\u00dfe, (v.l.) Sascha Kirchhoff, Cedric von Strom, Santiago Gallardo und Katharina Stahl. (Foto: Conny Holtfoth)\"},{\"@type\":\"BreadcrumbList\",\"@id\":\"https:\\\/\\\/lebenshilfe-dillenburg.de\\\/leicht\\\/fiesta-in-der-kanzlei-heinigk-2\\\/#breadcrumb\",\"itemListElement\":[{\"@type\":\"ListItem\",\"position\":1,\"name\":\"Startseite der Lebenshilfe Dillenburg\",\"item\":\"https:\\\/\\\/lebenshilfe-dillenburg.de\\\/leicht\\\/\"},{\"@type\":\"ListItem\",\"position\":2,\"name\":\"&#8222;Fiesta&#8220; in der Kanzlei Heinigk\"}]},{\"@type\":\"WebSite\",\"@id\":\"https:\\\/\\\/lebenshilfe-dillenburg.de\\\/leicht\\\/#website\",\"url\":\"https:\\\/\\\/lebenshilfe-dillenburg.de\\\/leicht\\\/\",\"name\":\"Lebenshilfe Dillenburg \u2013 Teilhabe & Unterst\u00fctzung im Lahn-Dill-Kreis\",\"description\":\"\",\"publisher\":{\"@id\":\"https:\\\/\\\/lebenshilfe-dillenburg.de\\\/leicht\\\/#organization\"},\"potentialAction\":[{\"@type\":\"SearchAction\",\"target\":{\"@type\":\"EntryPoint\",\"urlTemplate\":\"https:\\\/\\\/lebenshilfe-dillenburg.de\\\/leicht\\\/?s={search_term_string}\"},\"query-input\":{\"@type\":\"PropertyValueSpecification\",\"valueRequired\":true,\"valueName\":\"search_term_string\"}}],\"inLanguage\":\"de\"},{\"@type\":\"Organization\",\"@id\":\"https:\\\/\\\/lebenshilfe-dillenburg.de\\\/leicht\\\/#organization\",\"name\":\"Lebenshilfe Dillenburg e.V.\",\"url\":\"https:\\\/\\\/lebenshilfe-dillenburg.de\\\/leicht\\\/\",\"logo\":{\"@type\":\"ImageObject\",\"inLanguage\":\"de\",\"@id\":\"https:\\\/\\\/lebenshilfe-dillenburg.de\\\/leicht\\\/#\\\/schema\\\/logo\\\/image\\\/\",\"url\":\"https:\\\/\\\/lebenshilfe-dillenburg.de\\\/wp-content\\\/uploads\\\/lebenshilfe-dillenburg-desktop.webp\",\"contentUrl\":\"https:\\\/\\\/lebenshilfe-dillenburg.de\\\/wp-content\\\/uploads\\\/lebenshilfe-dillenburg-desktop.webp\",\"width\":461,\"height\":202,\"caption\":\"Lebenshilfe Dillenburg e.V.\"},\"image\":{\"@id\":\"https:\\\/\\\/lebenshilfe-dillenburg.de\\\/leicht\\\/#\\\/schema\\\/logo\\\/image\\\/\"},\"sameAs\":[\"https:\\\/\\\/www.facebook.com\\\/lebenshilfedillenburg\\\/\",\"https:\\\/\\\/www.instagram.com\\\/lebenshilfe_dillenburg\\\/\"]},{\"@type\":\"Person\",\"@id\":\"https:\\\/\\\/lebenshilfe-dillenburg.de\\\/leicht\\\/#\\\/schema\\\/person\\\/b6c52dad8d881b49213c3345a7cd5efe\",\"name\":\"Conny Holtfoth\",\"sameAs\":[\"http:\\\/\\\/lebenshilfe-dillenburg.de\"],\"url\":\"https:\\\/\\\/lebenshilfe-dillenburg.de\\\/leicht\\\/author\\\/conny\\\/\"}]}<\/script>\n<!-- \/ Yoast SEO plugin. -->","yoast_head_json":{"title":"\"Fiesta\" in der Kanzlei Heinigk - Lebenshilfe Dillenburg e.V.","robots":{"index":"index","follow":"follow","max-snippet":"max-snippet:-1","max-image-preview":"max-image-preview:large","max-video-preview":"max-video-preview:-1"},"canonical":"https:\/\/lebenshilfe-dillenburg.de\/leicht\/fiesta-in-der-kanzlei-heinigk-2\/","og_locale":"de_DE","og_type":"article","og_title":"\"Fiesta\" in der Kanzlei Heinigk - Lebenshilfe Dillenburg e.V.","og_description":"Ausgelassene Feierstimmung. G\u00e4ste an einem Tisch. Bunte Lebensfreude. Ein Gem\u00e4lde \u2013 passend zu den vielen Jubil\u00e4umsfeierlichkeiten der Lebenshilfe Dillenburg in diesem Jahr. Nun hat es seine neue Heimat gefunden. In der Kanzlei Heinigk in Eibelshausen.&nbsp; Entstanden ist das Kunstwerk mit dem Titel \u201eFiesta\u201c im Atelier des Herborner K\u00fcnstlers Santiago Gallardo \u2013 gemeinsam mit den Lebenshilfe-Betreuten...","og_url":"https:\/\/lebenshilfe-dillenburg.de\/leicht\/fiesta-in-der-kanzlei-heinigk-2\/","og_site_name":"Lebenshilfe Dillenburg e.V.","article_publisher":"https:\/\/www.facebook.com\/lebenshilfedillenburg\/","article_published_time":"2025-09-26T09:29:07+00:00","article_modified_time":"2026-02-02T10:49:03+00:00","og_image":[{"width":2560,"height":1920,"url":"https:\/\/lebenshilfe-dillenburg.de\/wp-content\/uploads\/fiesta-in-der-kanzlei-heinigk-img-4234-scaled-1.jpg","type":"image\/jpeg"}],"author":"Conny Holtfoth","twitter_card":"summary_large_image","twitter_misc":{"Geschrieben von":"Conny Holtfoth","Gesch\u00e4tzte Lesezeit":"2\u00a0Minuten"},"schema":{"@context":"https:\/\/schema.org","@graph":[{"@type":"Article","@id":"https:\/\/lebenshilfe-dillenburg.de\/leicht\/fiesta-in-der-kanzlei-heinigk-2\/#article","isPartOf":{"@id":"https:\/\/lebenshilfe-dillenburg.de\/leicht\/fiesta-in-der-kanzlei-heinigk-2\/"},"author":{"name":"Conny Holtfoth","@id":"https:\/\/lebenshilfe-dillenburg.de\/leicht\/#\/schema\/person\/b6c52dad8d881b49213c3345a7cd5efe"},"headline":"&#8222;Fiesta&#8220; in der Kanzlei Heinigk","datePublished":"2025-09-26T09:29:07+00:00","dateModified":"2026-02-02T10:49:03+00:00","mainEntityOfPage":{"@id":"https:\/\/lebenshilfe-dillenburg.de\/leicht\/fiesta-in-der-kanzlei-heinigk-2\/"},"wordCount":335,"publisher":{"@id":"https:\/\/lebenshilfe-dillenburg.de\/leicht\/#organization"},"image":{"@id":"https:\/\/lebenshilfe-dillenburg.de\/leicht\/fiesta-in-der-kanzlei-heinigk-2\/#primaryimage"},"thumbnailUrl":"https:\/\/lebenshilfe-dillenburg.de\/wp-content\/uploads\/kunstuebergabe-kanzlei-heinigk-gruppenfoto.jpg","articleSection":["Meldungen"],"inLanguage":"de"},{"@type":"WebPage","@id":"https:\/\/lebenshilfe-dillenburg.de\/leicht\/fiesta-in-der-kanzlei-heinigk-2\/","url":"https:\/\/lebenshilfe-dillenburg.de\/leicht\/fiesta-in-der-kanzlei-heinigk-2\/","name":"\"Fiesta\" in der Kanzlei Heinigk - Lebenshilfe Dillenburg e.V.","isPartOf":{"@id":"https:\/\/lebenshilfe-dillenburg.de\/leicht\/#website"},"primaryImageOfPage":{"@id":"https:\/\/lebenshilfe-dillenburg.de\/leicht\/fiesta-in-der-kanzlei-heinigk-2\/#primaryimage"},"image":{"@id":"https:\/\/lebenshilfe-dillenburg.de\/leicht\/fiesta-in-der-kanzlei-heinigk-2\/#primaryimage"},"thumbnailUrl":"https:\/\/lebenshilfe-dillenburg.de\/wp-content\/uploads\/kunstuebergabe-kanzlei-heinigk-gruppenfoto.jpg","datePublished":"2025-09-26T09:29:07+00:00","dateModified":"2026-02-02T10:49:03+00:00","breadcrumb":{"@id":"https:\/\/lebenshilfe-dillenburg.de\/leicht\/fiesta-in-der-kanzlei-heinigk-2\/#breadcrumb"},"inLanguage":"de","potentialAction":[{"@type":"ReadAction","target":["https:\/\/lebenshilfe-dillenburg.de\/leicht\/fiesta-in-der-kanzlei-heinigk-2\/"]}]},{"@type":"ImageObject","inLanguage":"de","@id":"https:\/\/lebenshilfe-dillenburg.de\/leicht\/fiesta-in-der-kanzlei-heinigk-2\/#primaryimage","url":"https:\/\/lebenshilfe-dillenburg.de\/wp-content\/uploads\/kunstuebergabe-kanzlei-heinigk-gruppenfoto.jpg","contentUrl":"https:\/\/lebenshilfe-dillenburg.de\/wp-content\/uploads\/kunstuebergabe-kanzlei-heinigk-gruppenfoto.jpg","width":1440,"height":1080,"caption":"Christoph Heinigk (Bildmitte) freut sich \u00fcber die \u00dcbergabe des Gem\u00e4ldes von (vorne) Martina Gro\u00dfe, (v.l.) Sascha Kirchhoff, Cedric von Strom, Santiago Gallardo und Katharina Stahl. (Foto: Conny Holtfoth)"},{"@type":"BreadcrumbList","@id":"https:\/\/lebenshilfe-dillenburg.de\/leicht\/fiesta-in-der-kanzlei-heinigk-2\/#breadcrumb","itemListElement":[{"@type":"ListItem","position":1,"name":"Startseite der Lebenshilfe Dillenburg","item":"https:\/\/lebenshilfe-dillenburg.de\/leicht\/"},{"@type":"ListItem","position":2,"name":"&#8222;Fiesta&#8220; in der Kanzlei Heinigk"}]},{"@type":"WebSite","@id":"https:\/\/lebenshilfe-dillenburg.de\/leicht\/#website","url":"https:\/\/lebenshilfe-dillenburg.de\/leicht\/","name":"Lebenshilfe Dillenburg \u2013 Teilhabe & Unterst\u00fctzung im Lahn-Dill-Kreis","description":"","publisher":{"@id":"https:\/\/lebenshilfe-dillenburg.de\/leicht\/#organization"},"potentialAction":[{"@type":"SearchAction","target":{"@type":"EntryPoint","urlTemplate":"https:\/\/lebenshilfe-dillenburg.de\/leicht\/?s={search_term_string}"},"query-input":{"@type":"PropertyValueSpecification","valueRequired":true,"valueName":"search_term_string"}}],"inLanguage":"de"},{"@type":"Organization","@id":"https:\/\/lebenshilfe-dillenburg.de\/leicht\/#organization","name":"Lebenshilfe Dillenburg e.V.","url":"https:\/\/lebenshilfe-dillenburg.de\/leicht\/","logo":{"@type":"ImageObject","inLanguage":"de","@id":"https:\/\/lebenshilfe-dillenburg.de\/leicht\/#\/schema\/logo\/image\/","url":"https:\/\/lebenshilfe-dillenburg.de\/wp-content\/uploads\/lebenshilfe-dillenburg-desktop.webp","contentUrl":"https:\/\/lebenshilfe-dillenburg.de\/wp-content\/uploads\/lebenshilfe-dillenburg-desktop.webp","width":461,"height":202,"caption":"Lebenshilfe Dillenburg e.V."},"image":{"@id":"https:\/\/lebenshilfe-dillenburg.de\/leicht\/#\/schema\/logo\/image\/"},"sameAs":["https:\/\/www.facebook.com\/lebenshilfedillenburg\/","https:\/\/www.instagram.com\/lebenshilfe_dillenburg\/"]},{"@type":"Person","@id":"https:\/\/lebenshilfe-dillenburg.de\/leicht\/#\/schema\/person\/b6c52dad8d881b49213c3345a7cd5efe","name":"Conny Holtfoth","sameAs":["http:\/\/lebenshilfe-dillenburg.de"],"url":"https:\/\/lebenshilfe-dillenburg.de\/leicht\/author\/conny\/"}]}},"taxonomy_info":{"category":[{"value":53,"label":"Meldungen"}]},"featured_image_src_large":["https:\/\/lebenshilfe-dillenburg.de\/wp-content\/uploads\/kunstuebergabe-kanzlei-heinigk-gruppenfoto-1920x1440.jpg",1366,1025,true],"author_info":{"display_name":"Conny Holtfoth","author_link":"https:\/\/lebenshilfe-dillenburg.de\/leicht\/author\/conny\/"},"comment_info":0,"category_info":[{"term_id":53,"name":"Meldungen","slug":"meldungen","term_group":0,"term_taxonomy_id":53,"taxonomy":"category","description":"","parent":0,"count":127,"filter":"raw","term_order":"5","cat_ID":53,"category_count":127,"category_description":"","cat_name":"Meldungen","category_nicename":"meldungen","category_parent":0}],"tag_info":false,"_links":{"self":[{"href":"https:\/\/lebenshilfe-dillenburg.de\/leicht\/wp-json\/wp\/v2\/posts\/5083","targetHints":{"allow":["GET"]}}],"collection":[{"href":"https:\/\/lebenshilfe-dillenburg.de\/leicht\/wp-json\/wp\/v2\/posts"}],"about":[{"href":"https:\/\/lebenshilfe-dillenburg.de\/leicht\/wp-json\/wp\/v2\/types\/post"}],"author":[{"embeddable":true,"href":"https:\/\/lebenshilfe-dillenburg.de\/leicht\/wp-json\/wp\/v2\/users\/4"}],"replies":[{"embeddable":true,"href":"https:\/\/lebenshilfe-dillenburg.de\/leicht\/wp-json\/wp\/v2\/comments?post=5083"}],"version-history":[{"count":0,"href":"https:\/\/lebenshilfe-dillenburg.de\/leicht\/wp-json\/wp\/v2\/posts\/5083\/revisions"}],"wp:featuredmedia":[{"embeddable":true,"href":"https:\/\/lebenshilfe-dillenburg.de\/leicht\/wp-json\/wp\/v2\/media\/7225"}],"wp:attachment":[{"href":"https:\/\/lebenshilfe-dillenburg.de\/leicht\/wp-json\/wp\/v2\/media?parent=5083"}],"wp:term":[{"taxonomy":"category","embeddable":true,"href":"https:\/\/lebenshilfe-dillenburg.de\/leicht\/wp-json\/wp\/v2\/categories?post=5083"},{"taxonomy":"post_tag","embeddable":true,"href":"https:\/\/lebenshilfe-dillenburg.de\/leicht\/wp-json\/wp\/v2\/tags?post=5083"}],"curies":[{"name":"wp","href":"https:\/\/api.w.org\/{rel}","templated":true}]}}