{"id":5107,"date":"2025-10-08T09:38:44","date_gmt":"2025-10-08T07:38:44","guid":{"rendered":"https:\/\/www.lebenshilfe-dillenburg.de\/?p=5107"},"modified":"2026-02-02T11:46:18","modified_gmt":"2026-02-02T10:46:18","slug":"lothar-klein-faehrt-38-jahre-fuer-die-lebenshilfe","status":"publish","type":"post","link":"https:\/\/lebenshilfe-dillenburg.de\/leicht\/lothar-klein-faehrt-38-jahre-fuer-die-lebenshilfe\/","title":{"rendered":"Lothar Klein f\u00e4hrt 38 Jahre f\u00fcr die Lebenshilfe"},"content":{"rendered":"\n<p>Fast vier Jahrzehnte lang war er f\u00fcr viele Menschen mit Behinderung der Mann hinterm Steuer und eine verl\u00e4ssliche Konstante auf Reisen: Lothar Klein aus Simmersbach. Von 1987 bis 2025 begleitete der heute 73-J\u00e4hrige unz\u00e4hlige Gruppen der Lebenshilfe Dillenburg auf Reisen \u2013 und pr\u00e4gte dabei vor allem eines: die Urlaubsfahrten nach Viums in S\u00fcdtirol. Ende August endete diese \u00c4ra: Vom 24. August bis zum 1. September bot er zum letzten Mal die gro\u00dfe Fahrt in den kleinen Ferienort nahe den Dolomiten an. \u201eWar schon alles ne sch\u00f6ne Zeit\u201c, sagt er r\u00fcckblickend.<\/p>\n\n\n\n<p>Von 1992 bis 2019 f\u00fchrte er das Busunternehmen Schick &amp; Klein. Mit Gro\u00df- und Kleinbussen war er im Auftrag der Lebenshilfe fast t\u00e4glich unterwegs: sei es f\u00fcr die Fahrten der Werkstattbesch\u00e4ftigten oder f\u00fcr gro\u00dfe Freizeitreisen. Dabei entwickelte sich eine enge Bindung \u2013 sowohl zu Bernd Scheftlein, dem fr\u00fcheren Leiter der Werkst\u00e4tten, und Rainer Pliska, dem ehemaligen Lebenshilfe-Gesch\u00e4ftsf\u00fchrer, als auch zu den zahlreichen Menschen mit Behinderung, die er \u00fcber Jahrzehnte hinweg begleitete.<\/p>\n\n\n\n<p>Als Klein vor 38 Jahren zum ersten Mal mit 30 Menschen mit Behinderung in das kleine Dorf mit damals gerade einmal 90 Einwohnern oberhalb von Brixen reiste, wusste er noch nicht, dass sich daraus eine feste Tradition entwickeln w\u00fcrde. \u201eWir sind dort sehr gut aufgenommen und immer herzlich behandelt worden\u201c, erinnert er sich. Besonders die Wirtin Paula wurde f\u00fcr viele Teilnehmende und f\u00fcr Klein selbst zu einer vertrauten Bezugsperson.<\/p>\n\n\n\n<p>Mit den Jahren wurde Viums zum Herzensziel \u2013 nicht nur wegen der idyllischen Natur am Eingang zum Pustertal, sondern auch wegen der N\u00e4he zu den Dolomiten, die f\u00fcr Ausfl\u00fcge und Wanderungen schnell erreichbar waren. Klein passte die Programme stets an: Die einen liefen gr\u00f6\u00dfere Strecken, die anderen wurden mit dem Bus bis zu einem Aussichtspunkt gebracht. So war f\u00fcr alle etwas dabei.<\/p>\n\n\n\n<p>Klein war nicht nur Fahrer, sondern manchmal auch Zuh\u00f6rer, Programmgestalter, Reiseleiter &#8211; und DJ. Etwa auf den zehn Stunden langen Fahrten nach S\u00fcdtirol. Wollten die Betreuten Stimmungsmusik von den Kastelruther Spatzen oder den Zillertaler Sch\u00fcrzenj\u00e4gern, bekamen sie sie auch.<\/p>\n\n\n\n<p>Nicht immer verlief alles glatt: \u201eDa ging auch schon mal unterwegs bei einem Betreuten was in die Hose \u2013 da half uns dann kurzerhand ein Bauer mit einer Ersatzhose aus\u201c, erz\u00e4hlt Klein lachend. Andere Situationen waren ernster: Drei medizinische Notf\u00e4lle mussten er und die Betreuer etwa w\u00e4hrend eines einzigen Aufenthalts meistern. Zum Gl\u00fcck jedoch immer mit einem guten Ende.<\/p>\n\n\n\n<p>Besonders ins Herz geschlossen hat er einige Reisende wie Michi Hassler oder Hans Salmen. \u201eVon Menschen mit Behinderung habe ich vor allem Geduld und Lebensfreude gelernt \u2013 das erlebt man so nur bei der Lebenshilfe\u201c, sagt er. Zu den besonderen H\u00f6hepunkten z\u00e4hlten eine Kutschfahrt, Poolpartys oder der sogar der Besuch bei einem Mitglied der der Kastelruther Spatzen.<\/p>\n\n\n\n<p>Neben seiner Arbeit f\u00fcr die Lebenshilfe war Klein immer schon leidenschaftlicher Motorradfahrer und Weltenbummler \u2013 und ist es auch heute noch. Das Nordkap fehlt ihm noch auf seiner pers\u00f6nlichen Landkarte. Doch nun ist zumindest hauptberuflich Ruhestand angesagt, auch aus gesundheitlichen Gr\u00fcnden will er k\u00fcrzertreten.<\/p>\n\n\n\n<p>Ganz loslassen will er aber nicht: \u201eDie gro\u00dfe Viums-Fahrt ist Geschichte. Aber zu der einen oder anderen Kleinbus-Tour lasse ich mich vielleicht noch gern \u00fcberreden.\u201c<\/p>\n","protected":false},"excerpt":{"rendered":"<p>Fast vier Jahrzehnte lang war er f\u00fcr viele Menschen mit Behinderung der Mann hinterm Steuer und eine verl\u00e4ssliche Konstante auf Reisen: Lothar Klein aus Simmersbach. Von 1987 bis 2025 begleitete der heute 73-J\u00e4hrige unz\u00e4hlige Gruppen der Lebenshilfe Dillenburg auf Reisen \u2013 und pr\u00e4gte dabei vor allem eines: die Urlaubsfahrten nach Viums in S\u00fcdtirol. Ende August&#8230;<\/p>\n","protected":false},"author":4,"featured_media":7233,"comment_status":"closed","ping_status":"closed","sticky":false,"template":"","format":"standard","meta":{"_acf_changed":false,"_gspb_post_css":"","_kad_blocks_custom_css":"","_kad_blocks_head_custom_js":"","_kad_blocks_body_custom_js":"","_kad_blocks_footer_custom_js":"","_kad_post_transparent":"","_kad_post_title":"","_kad_post_layout":"","_kad_post_sidebar_id":"","_kad_post_content_style":"","_kad_post_vertical_padding":"","_kad_post_feature":"","_kad_post_feature_position":"","_kad_post_header":false,"_kad_post_footer":false,"_kad_post_classname":"","footnotes":""},"categories":[53],"tags":[],"class_list":["post-5107","post","type-post","status-publish","format-standard","has-post-thumbnail","hentry","category-meldungen"],"acf":[],"yoast_head":"<!-- This site is optimized with the Yoast SEO plugin v27.5 - https:\/\/yoast.com\/product\/yoast-seo-wordpress\/ -->\n<title>Lothar Klein f\u00e4hrt 38 Jahre f\u00fcr die Lebenshilfe - Lebenshilfe Dillenburg e.V.<\/title>\n<meta name=\"robots\" content=\"index, follow, max-snippet:-1, max-image-preview:large, max-video-preview:-1\" \/>\n<link rel=\"canonical\" href=\"https:\/\/lebenshilfe-dillenburg.de\/leicht\/lothar-klein-faehrt-38-jahre-fuer-die-lebenshilfe\/\" \/>\n<meta property=\"og:locale\" content=\"de_DE\" \/>\n<meta property=\"og:type\" content=\"article\" \/>\n<meta property=\"og:title\" content=\"Lothar Klein f\u00e4hrt 38 Jahre f\u00fcr die Lebenshilfe - Lebenshilfe Dillenburg e.V.\" \/>\n<meta property=\"og:description\" content=\"Fast vier Jahrzehnte lang war er f\u00fcr viele Menschen mit Behinderung der Mann hinterm Steuer und eine verl\u00e4ssliche Konstante auf Reisen: Lothar Klein aus Simmersbach. Von 1987 bis 2025 begleitete der heute 73-J\u00e4hrige unz\u00e4hlige Gruppen der Lebenshilfe Dillenburg auf Reisen \u2013 und pr\u00e4gte dabei vor allem eines: die Urlaubsfahrten nach Viums in S\u00fcdtirol. Ende August...\" \/>\n<meta property=\"og:url\" content=\"https:\/\/lebenshilfe-dillenburg.de\/leicht\/lothar-klein-faehrt-38-jahre-fuer-die-lebenshilfe\/\" \/>\n<meta property=\"og:site_name\" content=\"Lebenshilfe Dillenburg e.V.\" \/>\n<meta property=\"article:publisher\" content=\"https:\/\/www.facebook.com\/lebenshilfedillenburg\/\" \/>\n<meta property=\"article:published_time\" content=\"2025-10-08T07:38:44+00:00\" \/>\n<meta property=\"article:modified_time\" content=\"2026-02-02T10:46:18+00:00\" \/>\n<meta property=\"og:image\" content=\"https:\/\/lebenshilfe-dillenburg.de\/wp-content\/uploads\/lothar-klein-faehrt-38-jahre-fuer-die-lebenshilfe-img-4206-scaled-1.jpg\" \/>\n\t<meta property=\"og:image:width\" content=\"2560\" \/>\n\t<meta property=\"og:image:height\" content=\"1920\" \/>\n\t<meta property=\"og:image:type\" content=\"image\/jpeg\" \/>\n<meta name=\"author\" content=\"Conny Holtfoth\" \/>\n<meta name=\"twitter:card\" content=\"summary_large_image\" \/>\n<meta name=\"twitter:label1\" content=\"Geschrieben von\" \/>\n\t<meta name=\"twitter:data1\" content=\"Conny Holtfoth\" \/>\n\t<meta name=\"twitter:label2\" content=\"Gesch\u00e4tzte Lesezeit\" \/>\n\t<meta name=\"twitter:data2\" content=\"4\u00a0Minuten\" \/>\n<script type=\"application\/ld+json\" class=\"yoast-schema-graph\">{\"@context\":\"https:\\\/\\\/schema.org\",\"@graph\":[{\"@type\":\"Article\",\"@id\":\"https:\\\/\\\/lebenshilfe-dillenburg.de\\\/leicht\\\/lothar-klein-faehrt-38-jahre-fuer-die-lebenshilfe\\\/#article\",\"isPartOf\":{\"@id\":\"https:\\\/\\\/lebenshilfe-dillenburg.de\\\/leicht\\\/lothar-klein-faehrt-38-jahre-fuer-die-lebenshilfe\\\/\"},\"author\":{\"name\":\"Conny Holtfoth\",\"@id\":\"https:\\\/\\\/lebenshilfe-dillenburg.de\\\/leicht\\\/#\\\/schema\\\/person\\\/b6c52dad8d881b49213c3345a7cd5efe\"},\"headline\":\"Lothar Klein f\u00e4hrt 38 Jahre f\u00fcr die Lebenshilfe\",\"datePublished\":\"2025-10-08T07:38:44+00:00\",\"dateModified\":\"2026-02-02T10:46:18+00:00\",\"mainEntityOfPage\":{\"@id\":\"https:\\\/\\\/lebenshilfe-dillenburg.de\\\/leicht\\\/lothar-klein-faehrt-38-jahre-fuer-die-lebenshilfe\\\/\"},\"wordCount\":553,\"publisher\":{\"@id\":\"https:\\\/\\\/lebenshilfe-dillenburg.de\\\/leicht\\\/#organization\"},\"image\":{\"@id\":\"https:\\\/\\\/lebenshilfe-dillenburg.de\\\/leicht\\\/lothar-klein-faehrt-38-jahre-fuer-die-lebenshilfe\\\/#primaryimage\"},\"thumbnailUrl\":\"https:\\\/\\\/lebenshilfe-dillenburg.de\\\/wp-content\\\/uploads\\\/lothar-klein-portraet-kopfsteinpflaster-strasse.jpg\",\"articleSection\":[\"Meldungen\"],\"inLanguage\":\"de\"},{\"@type\":\"WebPage\",\"@id\":\"https:\\\/\\\/lebenshilfe-dillenburg.de\\\/leicht\\\/lothar-klein-faehrt-38-jahre-fuer-die-lebenshilfe\\\/\",\"url\":\"https:\\\/\\\/lebenshilfe-dillenburg.de\\\/leicht\\\/lothar-klein-faehrt-38-jahre-fuer-die-lebenshilfe\\\/\",\"name\":\"Lothar Klein f\u00e4hrt 38 Jahre f\u00fcr die Lebenshilfe - Lebenshilfe Dillenburg e.V.\",\"isPartOf\":{\"@id\":\"https:\\\/\\\/lebenshilfe-dillenburg.de\\\/leicht\\\/#website\"},\"primaryImageOfPage\":{\"@id\":\"https:\\\/\\\/lebenshilfe-dillenburg.de\\\/leicht\\\/lothar-klein-faehrt-38-jahre-fuer-die-lebenshilfe\\\/#primaryimage\"},\"image\":{\"@id\":\"https:\\\/\\\/lebenshilfe-dillenburg.de\\\/leicht\\\/lothar-klein-faehrt-38-jahre-fuer-die-lebenshilfe\\\/#primaryimage\"},\"thumbnailUrl\":\"https:\\\/\\\/lebenshilfe-dillenburg.de\\\/wp-content\\\/uploads\\\/lothar-klein-portraet-kopfsteinpflaster-strasse.jpg\",\"datePublished\":\"2025-10-08T07:38:44+00:00\",\"dateModified\":\"2026-02-02T10:46:18+00:00\",\"breadcrumb\":{\"@id\":\"https:\\\/\\\/lebenshilfe-dillenburg.de\\\/leicht\\\/lothar-klein-faehrt-38-jahre-fuer-die-lebenshilfe\\\/#breadcrumb\"},\"inLanguage\":\"de\",\"potentialAction\":[{\"@type\":\"ReadAction\",\"target\":[\"https:\\\/\\\/lebenshilfe-dillenburg.de\\\/leicht\\\/lothar-klein-faehrt-38-jahre-fuer-die-lebenshilfe\\\/\"]}]},{\"@type\":\"ImageObject\",\"inLanguage\":\"de\",\"@id\":\"https:\\\/\\\/lebenshilfe-dillenburg.de\\\/leicht\\\/lothar-klein-faehrt-38-jahre-fuer-die-lebenshilfe\\\/#primaryimage\",\"url\":\"https:\\\/\\\/lebenshilfe-dillenburg.de\\\/wp-content\\\/uploads\\\/lothar-klein-portraet-kopfsteinpflaster-strasse.jpg\",\"contentUrl\":\"https:\\\/\\\/lebenshilfe-dillenburg.de\\\/wp-content\\\/uploads\\\/lothar-klein-portraet-kopfsteinpflaster-strasse.jpg\",\"width\":1440,\"height\":1080,\"caption\":\"Der Mann hinterm Steuer und eine verl\u00e4ssliche Konstante auf Reisen: Lothar Klein aus Simmersbach. (Foto: Holtfoth)\"},{\"@type\":\"BreadcrumbList\",\"@id\":\"https:\\\/\\\/lebenshilfe-dillenburg.de\\\/leicht\\\/lothar-klein-faehrt-38-jahre-fuer-die-lebenshilfe\\\/#breadcrumb\",\"itemListElement\":[{\"@type\":\"ListItem\",\"position\":1,\"name\":\"Startseite der Lebenshilfe Dillenburg\",\"item\":\"https:\\\/\\\/lebenshilfe-dillenburg.de\\\/leicht\\\/\"},{\"@type\":\"ListItem\",\"position\":2,\"name\":\"Lothar Klein f\u00e4hrt 38 Jahre f\u00fcr die Lebenshilfe\"}]},{\"@type\":\"WebSite\",\"@id\":\"https:\\\/\\\/lebenshilfe-dillenburg.de\\\/leicht\\\/#website\",\"url\":\"https:\\\/\\\/lebenshilfe-dillenburg.de\\\/leicht\\\/\",\"name\":\"Lebenshilfe Dillenburg \u2013 Teilhabe & Unterst\u00fctzung im Lahn-Dill-Kreis\",\"description\":\"\",\"publisher\":{\"@id\":\"https:\\\/\\\/lebenshilfe-dillenburg.de\\\/leicht\\\/#organization\"},\"potentialAction\":[{\"@type\":\"SearchAction\",\"target\":{\"@type\":\"EntryPoint\",\"urlTemplate\":\"https:\\\/\\\/lebenshilfe-dillenburg.de\\\/leicht\\\/?s={search_term_string}\"},\"query-input\":{\"@type\":\"PropertyValueSpecification\",\"valueRequired\":true,\"valueName\":\"search_term_string\"}}],\"inLanguage\":\"de\"},{\"@type\":\"Organization\",\"@id\":\"https:\\\/\\\/lebenshilfe-dillenburg.de\\\/leicht\\\/#organization\",\"name\":\"Lebenshilfe Dillenburg e.V.\",\"url\":\"https:\\\/\\\/lebenshilfe-dillenburg.de\\\/leicht\\\/\",\"logo\":{\"@type\":\"ImageObject\",\"inLanguage\":\"de\",\"@id\":\"https:\\\/\\\/lebenshilfe-dillenburg.de\\\/leicht\\\/#\\\/schema\\\/logo\\\/image\\\/\",\"url\":\"https:\\\/\\\/lebenshilfe-dillenburg.de\\\/wp-content\\\/uploads\\\/lebenshilfe-dillenburg-desktop.webp\",\"contentUrl\":\"https:\\\/\\\/lebenshilfe-dillenburg.de\\\/wp-content\\\/uploads\\\/lebenshilfe-dillenburg-desktop.webp\",\"width\":461,\"height\":202,\"caption\":\"Lebenshilfe Dillenburg e.V.\"},\"image\":{\"@id\":\"https:\\\/\\\/lebenshilfe-dillenburg.de\\\/leicht\\\/#\\\/schema\\\/logo\\\/image\\\/\"},\"sameAs\":[\"https:\\\/\\\/www.facebook.com\\\/lebenshilfedillenburg\\\/\",\"https:\\\/\\\/www.instagram.com\\\/lebenshilfe_dillenburg\\\/\"]},{\"@type\":\"Person\",\"@id\":\"https:\\\/\\\/lebenshilfe-dillenburg.de\\\/leicht\\\/#\\\/schema\\\/person\\\/b6c52dad8d881b49213c3345a7cd5efe\",\"name\":\"Conny Holtfoth\",\"sameAs\":[\"http:\\\/\\\/lebenshilfe-dillenburg.de\"],\"url\":\"https:\\\/\\\/lebenshilfe-dillenburg.de\\\/leicht\\\/author\\\/conny\\\/\"}]}<\/script>\n<!-- \/ Yoast SEO plugin. -->","yoast_head_json":{"title":"Lothar Klein f\u00e4hrt 38 Jahre f\u00fcr die Lebenshilfe - Lebenshilfe Dillenburg e.V.","robots":{"index":"index","follow":"follow","max-snippet":"max-snippet:-1","max-image-preview":"max-image-preview:large","max-video-preview":"max-video-preview:-1"},"canonical":"https:\/\/lebenshilfe-dillenburg.de\/leicht\/lothar-klein-faehrt-38-jahre-fuer-die-lebenshilfe\/","og_locale":"de_DE","og_type":"article","og_title":"Lothar Klein f\u00e4hrt 38 Jahre f\u00fcr die Lebenshilfe - Lebenshilfe Dillenburg e.V.","og_description":"Fast vier Jahrzehnte lang war er f\u00fcr viele Menschen mit Behinderung der Mann hinterm Steuer und eine verl\u00e4ssliche Konstante auf Reisen: Lothar Klein aus Simmersbach. Von 1987 bis 2025 begleitete der heute 73-J\u00e4hrige unz\u00e4hlige Gruppen der Lebenshilfe Dillenburg auf Reisen \u2013 und pr\u00e4gte dabei vor allem eines: die Urlaubsfahrten nach Viums in S\u00fcdtirol. Ende August...","og_url":"https:\/\/lebenshilfe-dillenburg.de\/leicht\/lothar-klein-faehrt-38-jahre-fuer-die-lebenshilfe\/","og_site_name":"Lebenshilfe Dillenburg e.V.","article_publisher":"https:\/\/www.facebook.com\/lebenshilfedillenburg\/","article_published_time":"2025-10-08T07:38:44+00:00","article_modified_time":"2026-02-02T10:46:18+00:00","og_image":[{"width":2560,"height":1920,"url":"https:\/\/lebenshilfe-dillenburg.de\/wp-content\/uploads\/lothar-klein-faehrt-38-jahre-fuer-die-lebenshilfe-img-4206-scaled-1.jpg","type":"image\/jpeg"}],"author":"Conny Holtfoth","twitter_card":"summary_large_image","twitter_misc":{"Geschrieben von":"Conny Holtfoth","Gesch\u00e4tzte Lesezeit":"4\u00a0Minuten"},"schema":{"@context":"https:\/\/schema.org","@graph":[{"@type":"Article","@id":"https:\/\/lebenshilfe-dillenburg.de\/leicht\/lothar-klein-faehrt-38-jahre-fuer-die-lebenshilfe\/#article","isPartOf":{"@id":"https:\/\/lebenshilfe-dillenburg.de\/leicht\/lothar-klein-faehrt-38-jahre-fuer-die-lebenshilfe\/"},"author":{"name":"Conny Holtfoth","@id":"https:\/\/lebenshilfe-dillenburg.de\/leicht\/#\/schema\/person\/b6c52dad8d881b49213c3345a7cd5efe"},"headline":"Lothar Klein f\u00e4hrt 38 Jahre f\u00fcr die Lebenshilfe","datePublished":"2025-10-08T07:38:44+00:00","dateModified":"2026-02-02T10:46:18+00:00","mainEntityOfPage":{"@id":"https:\/\/lebenshilfe-dillenburg.de\/leicht\/lothar-klein-faehrt-38-jahre-fuer-die-lebenshilfe\/"},"wordCount":553,"publisher":{"@id":"https:\/\/lebenshilfe-dillenburg.de\/leicht\/#organization"},"image":{"@id":"https:\/\/lebenshilfe-dillenburg.de\/leicht\/lothar-klein-faehrt-38-jahre-fuer-die-lebenshilfe\/#primaryimage"},"thumbnailUrl":"https:\/\/lebenshilfe-dillenburg.de\/wp-content\/uploads\/lothar-klein-portraet-kopfsteinpflaster-strasse.jpg","articleSection":["Meldungen"],"inLanguage":"de"},{"@type":"WebPage","@id":"https:\/\/lebenshilfe-dillenburg.de\/leicht\/lothar-klein-faehrt-38-jahre-fuer-die-lebenshilfe\/","url":"https:\/\/lebenshilfe-dillenburg.de\/leicht\/lothar-klein-faehrt-38-jahre-fuer-die-lebenshilfe\/","name":"Lothar Klein f\u00e4hrt 38 Jahre f\u00fcr die Lebenshilfe - Lebenshilfe Dillenburg e.V.","isPartOf":{"@id":"https:\/\/lebenshilfe-dillenburg.de\/leicht\/#website"},"primaryImageOfPage":{"@id":"https:\/\/lebenshilfe-dillenburg.de\/leicht\/lothar-klein-faehrt-38-jahre-fuer-die-lebenshilfe\/#primaryimage"},"image":{"@id":"https:\/\/lebenshilfe-dillenburg.de\/leicht\/lothar-klein-faehrt-38-jahre-fuer-die-lebenshilfe\/#primaryimage"},"thumbnailUrl":"https:\/\/lebenshilfe-dillenburg.de\/wp-content\/uploads\/lothar-klein-portraet-kopfsteinpflaster-strasse.jpg","datePublished":"2025-10-08T07:38:44+00:00","dateModified":"2026-02-02T10:46:18+00:00","breadcrumb":{"@id":"https:\/\/lebenshilfe-dillenburg.de\/leicht\/lothar-klein-faehrt-38-jahre-fuer-die-lebenshilfe\/#breadcrumb"},"inLanguage":"de","potentialAction":[{"@type":"ReadAction","target":["https:\/\/lebenshilfe-dillenburg.de\/leicht\/lothar-klein-faehrt-38-jahre-fuer-die-lebenshilfe\/"]}]},{"@type":"ImageObject","inLanguage":"de","@id":"https:\/\/lebenshilfe-dillenburg.de\/leicht\/lothar-klein-faehrt-38-jahre-fuer-die-lebenshilfe\/#primaryimage","url":"https:\/\/lebenshilfe-dillenburg.de\/wp-content\/uploads\/lothar-klein-portraet-kopfsteinpflaster-strasse.jpg","contentUrl":"https:\/\/lebenshilfe-dillenburg.de\/wp-content\/uploads\/lothar-klein-portraet-kopfsteinpflaster-strasse.jpg","width":1440,"height":1080,"caption":"Der Mann hinterm Steuer und eine verl\u00e4ssliche Konstante auf Reisen: Lothar Klein aus Simmersbach. (Foto: Holtfoth)"},{"@type":"BreadcrumbList","@id":"https:\/\/lebenshilfe-dillenburg.de\/leicht\/lothar-klein-faehrt-38-jahre-fuer-die-lebenshilfe\/#breadcrumb","itemListElement":[{"@type":"ListItem","position":1,"name":"Startseite der Lebenshilfe Dillenburg","item":"https:\/\/lebenshilfe-dillenburg.de\/leicht\/"},{"@type":"ListItem","position":2,"name":"Lothar Klein f\u00e4hrt 38 Jahre f\u00fcr die Lebenshilfe"}]},{"@type":"WebSite","@id":"https:\/\/lebenshilfe-dillenburg.de\/leicht\/#website","url":"https:\/\/lebenshilfe-dillenburg.de\/leicht\/","name":"Lebenshilfe Dillenburg \u2013 Teilhabe & Unterst\u00fctzung im Lahn-Dill-Kreis","description":"","publisher":{"@id":"https:\/\/lebenshilfe-dillenburg.de\/leicht\/#organization"},"potentialAction":[{"@type":"SearchAction","target":{"@type":"EntryPoint","urlTemplate":"https:\/\/lebenshilfe-dillenburg.de\/leicht\/?s={search_term_string}"},"query-input":{"@type":"PropertyValueSpecification","valueRequired":true,"valueName":"search_term_string"}}],"inLanguage":"de"},{"@type":"Organization","@id":"https:\/\/lebenshilfe-dillenburg.de\/leicht\/#organization","name":"Lebenshilfe Dillenburg e.V.","url":"https:\/\/lebenshilfe-dillenburg.de\/leicht\/","logo":{"@type":"ImageObject","inLanguage":"de","@id":"https:\/\/lebenshilfe-dillenburg.de\/leicht\/#\/schema\/logo\/image\/","url":"https:\/\/lebenshilfe-dillenburg.de\/wp-content\/uploads\/lebenshilfe-dillenburg-desktop.webp","contentUrl":"https:\/\/lebenshilfe-dillenburg.de\/wp-content\/uploads\/lebenshilfe-dillenburg-desktop.webp","width":461,"height":202,"caption":"Lebenshilfe Dillenburg e.V."},"image":{"@id":"https:\/\/lebenshilfe-dillenburg.de\/leicht\/#\/schema\/logo\/image\/"},"sameAs":["https:\/\/www.facebook.com\/lebenshilfedillenburg\/","https:\/\/www.instagram.com\/lebenshilfe_dillenburg\/"]},{"@type":"Person","@id":"https:\/\/lebenshilfe-dillenburg.de\/leicht\/#\/schema\/person\/b6c52dad8d881b49213c3345a7cd5efe","name":"Conny Holtfoth","sameAs":["http:\/\/lebenshilfe-dillenburg.de"],"url":"https:\/\/lebenshilfe-dillenburg.de\/leicht\/author\/conny\/"}]}},"taxonomy_info":{"category":[{"value":53,"label":"Meldungen"}]},"featured_image_src_large":["https:\/\/lebenshilfe-dillenburg.de\/wp-content\/uploads\/lothar-klein-portraet-kopfsteinpflaster-strasse-1920x1440.jpg",1366,1025,true],"author_info":{"display_name":"Conny Holtfoth","author_link":"https:\/\/lebenshilfe-dillenburg.de\/leicht\/author\/conny\/"},"comment_info":0,"category_info":[{"term_id":53,"name":"Meldungen","slug":"meldungen","term_group":0,"term_taxonomy_id":53,"taxonomy":"category","description":"","parent":0,"count":127,"filter":"raw","term_order":"5","cat_ID":53,"category_count":127,"category_description":"","cat_name":"Meldungen","category_nicename":"meldungen","category_parent":0}],"tag_info":false,"_links":{"self":[{"href":"https:\/\/lebenshilfe-dillenburg.de\/leicht\/wp-json\/wp\/v2\/posts\/5107","targetHints":{"allow":["GET"]}}],"collection":[{"href":"https:\/\/lebenshilfe-dillenburg.de\/leicht\/wp-json\/wp\/v2\/posts"}],"about":[{"href":"https:\/\/lebenshilfe-dillenburg.de\/leicht\/wp-json\/wp\/v2\/types\/post"}],"author":[{"embeddable":true,"href":"https:\/\/lebenshilfe-dillenburg.de\/leicht\/wp-json\/wp\/v2\/users\/4"}],"replies":[{"embeddable":true,"href":"https:\/\/lebenshilfe-dillenburg.de\/leicht\/wp-json\/wp\/v2\/comments?post=5107"}],"version-history":[{"count":0,"href":"https:\/\/lebenshilfe-dillenburg.de\/leicht\/wp-json\/wp\/v2\/posts\/5107\/revisions"}],"wp:featuredmedia":[{"embeddable":true,"href":"https:\/\/lebenshilfe-dillenburg.de\/leicht\/wp-json\/wp\/v2\/media\/7233"}],"wp:attachment":[{"href":"https:\/\/lebenshilfe-dillenburg.de\/leicht\/wp-json\/wp\/v2\/media?parent=5107"}],"wp:term":[{"taxonomy":"category","embeddable":true,"href":"https:\/\/lebenshilfe-dillenburg.de\/leicht\/wp-json\/wp\/v2\/categories?post=5107"},{"taxonomy":"post_tag","embeddable":true,"href":"https:\/\/lebenshilfe-dillenburg.de\/leicht\/wp-json\/wp\/v2\/tags?post=5107"}],"curies":[{"name":"wp","href":"https:\/\/api.w.org\/{rel}","templated":true}]}}