{"id":7157,"date":"2025-01-16T13:23:50","date_gmt":"2025-01-16T12:23:50","guid":{"rendered":"https:\/\/www.lebenshilfe-dillenburg.de\/?p=4848"},"modified":"2026-01-30T12:09:45","modified_gmt":"2026-01-30T11:09:45","slug":"625-euro-fuer-die-kulturarbeit","status":"publish","type":"post","link":"https:\/\/lebenshilfe-dillenburg.de\/leicht\/625-euro-fuer-die-kulturarbeit\/","title":{"rendered":"625 Euro f\u00fcr die Kulturarbeit"},"content":{"rendered":"<p>Ein besonderer Geburtstag, eine besondere Geste: Andreas Thamer, langj\u00e4hriger Leiter des Wohnbereichs der Lebenshilfe Dillenburg, hat seinen 70. Geburtstag zum Anlass genommen, Menschen mit Behinderung zu unterst\u00fctzen. Statt Geschenken bat er um Spenden f\u00fcr die Kulturarbeit der Lebenshilfe \u2013 mit Erfolg. Am Mittwoch \u00fcbergab er die stolze Summe von 625 Euro an den Lebenshilfe-Kulturreferenten Sascha Kirchhoff und Lebenshilfe-Vorstandsmitglied Dr. Oliver Schmitzer.<!--more--><\/p>\n<p>Thamer, der 24 Jahre lang die Arbeit der Lebenshilfe Dillenburg mitgepr\u00e4gt hat, hat auch die Anf\u00e4nge der Kulturarbeit der Organisation mitgestaltet. Besonders die Einf\u00fchrung und Begleitung einer Schreibwerkstatt f\u00fcr Menschen mit Behinderung war ihm stets eine Herzensangelegenheit. \u201eKulturprojekte wie die Schreibwerkstatt schaffen N\u00e4he. Bindungen entstehen dabei oder werden vertieft. Und solche wertvollen Projekte m\u00f6chte ich gerne unterst\u00fctzen\u201c, erkl\u00e4rte er.<\/p>\n<p>Kirchhoff zeigte sich erfreut \u00fcber die finanzielle Unterst\u00fctzung seiner Arbeit. \u201eMenschen mit Behinderung wird oft nicht zugeh\u00f6rt. In unserer Schreibwerkstatt nehmen wir uns die Zeit, ihnen zuzuh\u00f6ren und ihre Geschichten aufzuschreiben. Das hat etwas mit Wertsch\u00e4tzung und der F\u00f6rderung von Selbstbewusstsein zu tun. Und das wird durch diese Spende unterst\u00fctzt.\u201c<\/p>\n<p>Auch Dr. Schmitzer w\u00fcrdigte das Engagement seines ehemaligen Mitarbeiters: \u201eEs ist beeindruckend zu sehen, dass Herr Thamer auch im Ruhestand noch so aktiv f\u00fcr die Lebenshilfe und unsere Arbeit einsteht. Solch ein Einsatz ist nicht selbstverst\u00e4ndlich und zeigt seine tiefe Verbundenheit mit unserem Verein und den Menschen, f\u00fcr die wir da sind.\u201c<\/p>\n<p>Ein besonderes Highlight in der Kulturarbeit der Lebenshilfe Dillenburg steht bereits bevor: Die n\u00e4chste Schreibwerkstatt findet am 21. M\u00e4rz, dem Welt-Down-Syndrom-Tag, statt. Als besonderen Gast k\u00f6nnen die Teilnehmenden den Spiegel-Bestsellerautor Sebastian 23 begr\u00fc\u00dfen. Neben der Leitung des Workshops wird Sebastian 23 am Abend in der Stadtb\u00fccherei Haiger eine Lesung zugunsten der Lebenshilfe Dillenburg halten. Die Veranstaltung ist Teil der Feierlichkeiten zum 60-j\u00e4hrigen Bestehen des Vereins, der im n\u00f6rdlichen Lahn-Dill-Kreis rund 1200 Menschen mit Behinderungen unterst\u00fctzt und f\u00f6rdert.<\/p>\n","protected":false},"excerpt":{"rendered":"<p>Ein besonderer Geburtstag, eine besondere Geste: Andreas Thamer, langj\u00e4hriger Leiter des Wohnbereichs der Lebenshilfe Dillenburg, hat seinen 70. Geburtstag zum Anlass genommen, Menschen mit Behinderung zu unterst\u00fctzen. Statt Geschenken bat er um Spenden f\u00fcr die Kulturarbeit der Lebenshilfe \u2013 mit Erfolg. Am Mittwoch \u00fcbergab er die stolze Summe von 625 Euro an den Lebenshilfe-Kulturreferenten Sascha&#8230;<\/p>\n","protected":false},"author":4,"featured_media":7190,"comment_status":"closed","ping_status":"closed","sticky":false,"template":"","format":"standard","meta":{"_acf_changed":false,"_gspb_post_css":"","_kad_blocks_custom_css":"","_kad_blocks_head_custom_js":"","_kad_blocks_body_custom_js":"","_kad_blocks_footer_custom_js":"","_kad_post_transparent":"","_kad_post_title":"","_kad_post_layout":"","_kad_post_sidebar_id":"","_kad_post_content_style":"","_kad_post_vertical_padding":"","_kad_post_feature":"","_kad_post_feature_position":"","_kad_post_header":false,"_kad_post_footer":false,"_kad_post_classname":"","footnotes":""},"categories":[53],"tags":[],"class_list":["post-7157","post","type-post","status-publish","format-standard","has-post-thumbnail","hentry","category-meldungen"],"acf":[],"yoast_head":"<!-- This site is optimized with the Yoast SEO plugin v27.5 - https:\/\/yoast.com\/product\/yoast-seo-wordpress\/ -->\n<title>625 Euro f\u00fcr die Kulturarbeit - Lebenshilfe Dillenburg e.V.<\/title>\n<meta name=\"robots\" content=\"index, follow, max-snippet:-1, max-image-preview:large, max-video-preview:-1\" \/>\n<link rel=\"canonical\" href=\"https:\/\/lebenshilfe-dillenburg.de\/leicht\/625-euro-fuer-die-kulturarbeit\/\" \/>\n<meta property=\"og:locale\" content=\"de_DE\" \/>\n<meta property=\"og:type\" content=\"article\" \/>\n<meta property=\"og:title\" content=\"625 Euro f\u00fcr die Kulturarbeit - Lebenshilfe Dillenburg e.V.\" \/>\n<meta property=\"og:description\" content=\"Ein besonderer Geburtstag, eine besondere Geste: Andreas Thamer, langj\u00e4hriger Leiter des Wohnbereichs der Lebenshilfe Dillenburg, hat seinen 70. Geburtstag zum Anlass genommen, Menschen mit Behinderung zu unterst\u00fctzen. Statt Geschenken bat er um Spenden f\u00fcr die Kulturarbeit der Lebenshilfe \u2013 mit Erfolg. Am Mittwoch \u00fcbergab er die stolze Summe von 625 Euro an den Lebenshilfe-Kulturreferenten Sascha...\" \/>\n<meta property=\"og:url\" content=\"https:\/\/lebenshilfe-dillenburg.de\/leicht\/625-euro-fuer-die-kulturarbeit\/\" \/>\n<meta property=\"og:site_name\" content=\"Lebenshilfe Dillenburg e.V.\" \/>\n<meta property=\"article:publisher\" content=\"https:\/\/www.facebook.com\/lebenshilfedillenburg\/\" \/>\n<meta property=\"article:published_time\" content=\"2025-01-16T12:23:50+00:00\" \/>\n<meta property=\"article:modified_time\" content=\"2026-01-30T11:09:45+00:00\" \/>\n<meta property=\"og:image\" content=\"https:\/\/lebenshilfe-dillenburg.de\/wp-content\/uploads\/625-euro-fuer-die-kulturarbeit-img-3006-scaled-2.jpg\" \/>\n\t<meta property=\"og:image:width\" content=\"2560\" \/>\n\t<meta property=\"og:image:height\" content=\"1920\" \/>\n\t<meta property=\"og:image:type\" content=\"image\/jpeg\" \/>\n<meta name=\"author\" content=\"Conny Holtfoth\" \/>\n<meta name=\"twitter:card\" content=\"summary_large_image\" \/>\n<meta name=\"twitter:label1\" content=\"Geschrieben von\" \/>\n\t<meta name=\"twitter:data1\" content=\"Conny Holtfoth\" \/>\n\t<meta name=\"twitter:label2\" content=\"Gesch\u00e4tzte Lesezeit\" \/>\n\t<meta name=\"twitter:data2\" content=\"2\u00a0Minuten\" \/>\n<script type=\"application\/ld+json\" class=\"yoast-schema-graph\">{\"@context\":\"https:\\\/\\\/schema.org\",\"@graph\":[{\"@type\":\"Article\",\"@id\":\"https:\\\/\\\/lebenshilfe-dillenburg.de\\\/leicht\\\/625-euro-fuer-die-kulturarbeit\\\/#article\",\"isPartOf\":{\"@id\":\"https:\\\/\\\/lebenshilfe-dillenburg.de\\\/leicht\\\/625-euro-fuer-die-kulturarbeit\\\/\"},\"author\":{\"name\":\"Conny Holtfoth\",\"@id\":\"https:\\\/\\\/lebenshilfe-dillenburg.de\\\/leicht\\\/#\\\/schema\\\/person\\\/b6c52dad8d881b49213c3345a7cd5efe\"},\"headline\":\"625 Euro f\u00fcr die Kulturarbeit\",\"datePublished\":\"2025-01-16T12:23:50+00:00\",\"dateModified\":\"2026-01-30T11:09:45+00:00\",\"mainEntityOfPage\":{\"@id\":\"https:\\\/\\\/lebenshilfe-dillenburg.de\\\/leicht\\\/625-euro-fuer-die-kulturarbeit\\\/\"},\"wordCount\":326,\"publisher\":{\"@id\":\"https:\\\/\\\/lebenshilfe-dillenburg.de\\\/leicht\\\/#organization\"},\"image\":{\"@id\":\"https:\\\/\\\/lebenshilfe-dillenburg.de\\\/leicht\\\/625-euro-fuer-die-kulturarbeit\\\/#primaryimage\"},\"thumbnailUrl\":\"https:\\\/\\\/lebenshilfe-dillenburg.de\\\/wp-content\\\/uploads\\\/kulturspende-625-euro-uebergabe-gruppenfoto.jpg\",\"articleSection\":[\"Meldungen\"],\"inLanguage\":\"de\"},{\"@type\":\"WebPage\",\"@id\":\"https:\\\/\\\/lebenshilfe-dillenburg.de\\\/leicht\\\/625-euro-fuer-die-kulturarbeit\\\/\",\"url\":\"https:\\\/\\\/lebenshilfe-dillenburg.de\\\/leicht\\\/625-euro-fuer-die-kulturarbeit\\\/\",\"name\":\"625 Euro f\u00fcr die Kulturarbeit - Lebenshilfe Dillenburg e.V.\",\"isPartOf\":{\"@id\":\"https:\\\/\\\/lebenshilfe-dillenburg.de\\\/leicht\\\/#website\"},\"primaryImageOfPage\":{\"@id\":\"https:\\\/\\\/lebenshilfe-dillenburg.de\\\/leicht\\\/625-euro-fuer-die-kulturarbeit\\\/#primaryimage\"},\"image\":{\"@id\":\"https:\\\/\\\/lebenshilfe-dillenburg.de\\\/leicht\\\/625-euro-fuer-die-kulturarbeit\\\/#primaryimage\"},\"thumbnailUrl\":\"https:\\\/\\\/lebenshilfe-dillenburg.de\\\/wp-content\\\/uploads\\\/kulturspende-625-euro-uebergabe-gruppenfoto.jpg\",\"datePublished\":\"2025-01-16T12:23:50+00:00\",\"dateModified\":\"2026-01-30T11:09:45+00:00\",\"breadcrumb\":{\"@id\":\"https:\\\/\\\/lebenshilfe-dillenburg.de\\\/leicht\\\/625-euro-fuer-die-kulturarbeit\\\/#breadcrumb\"},\"inLanguage\":\"de\",\"potentialAction\":[{\"@type\":\"ReadAction\",\"target\":[\"https:\\\/\\\/lebenshilfe-dillenburg.de\\\/leicht\\\/625-euro-fuer-die-kulturarbeit\\\/\"]}]},{\"@type\":\"ImageObject\",\"inLanguage\":\"de\",\"@id\":\"https:\\\/\\\/lebenshilfe-dillenburg.de\\\/leicht\\\/625-euro-fuer-die-kulturarbeit\\\/#primaryimage\",\"url\":\"https:\\\/\\\/lebenshilfe-dillenburg.de\\\/wp-content\\\/uploads\\\/kulturspende-625-euro-uebergabe-gruppenfoto.jpg\",\"contentUrl\":\"https:\\\/\\\/lebenshilfe-dillenburg.de\\\/wp-content\\\/uploads\\\/kulturspende-625-euro-uebergabe-gruppenfoto.jpg\",\"width\":1440,\"height\":1080,\"caption\":\"Andreas Thamer (Mitte) \u00fcberreicht 625 Euro an Sascha Kirchhoff (l.) und Dr. Oliver Schmitzer. (Foto: Holtfoth)\"},{\"@type\":\"BreadcrumbList\",\"@id\":\"https:\\\/\\\/lebenshilfe-dillenburg.de\\\/leicht\\\/625-euro-fuer-die-kulturarbeit\\\/#breadcrumb\",\"itemListElement\":[{\"@type\":\"ListItem\",\"position\":1,\"name\":\"Startseite der Lebenshilfe Dillenburg\",\"item\":\"https:\\\/\\\/lebenshilfe-dillenburg.de\\\/leicht\\\/\"},{\"@type\":\"ListItem\",\"position\":2,\"name\":\"625 Euro f\u00fcr die Kulturarbeit\"}]},{\"@type\":\"WebSite\",\"@id\":\"https:\\\/\\\/lebenshilfe-dillenburg.de\\\/leicht\\\/#website\",\"url\":\"https:\\\/\\\/lebenshilfe-dillenburg.de\\\/leicht\\\/\",\"name\":\"Lebenshilfe Dillenburg \u2013 Teilhabe & Unterst\u00fctzung im Lahn-Dill-Kreis\",\"description\":\"\",\"publisher\":{\"@id\":\"https:\\\/\\\/lebenshilfe-dillenburg.de\\\/leicht\\\/#organization\"},\"potentialAction\":[{\"@type\":\"SearchAction\",\"target\":{\"@type\":\"EntryPoint\",\"urlTemplate\":\"https:\\\/\\\/lebenshilfe-dillenburg.de\\\/leicht\\\/?s={search_term_string}\"},\"query-input\":{\"@type\":\"PropertyValueSpecification\",\"valueRequired\":true,\"valueName\":\"search_term_string\"}}],\"inLanguage\":\"de\"},{\"@type\":\"Organization\",\"@id\":\"https:\\\/\\\/lebenshilfe-dillenburg.de\\\/leicht\\\/#organization\",\"name\":\"Lebenshilfe Dillenburg e.V.\",\"url\":\"https:\\\/\\\/lebenshilfe-dillenburg.de\\\/leicht\\\/\",\"logo\":{\"@type\":\"ImageObject\",\"inLanguage\":\"de\",\"@id\":\"https:\\\/\\\/lebenshilfe-dillenburg.de\\\/leicht\\\/#\\\/schema\\\/logo\\\/image\\\/\",\"url\":\"https:\\\/\\\/lebenshilfe-dillenburg.de\\\/wp-content\\\/uploads\\\/lebenshilfe-dillenburg-desktop.webp\",\"contentUrl\":\"https:\\\/\\\/lebenshilfe-dillenburg.de\\\/wp-content\\\/uploads\\\/lebenshilfe-dillenburg-desktop.webp\",\"width\":461,\"height\":202,\"caption\":\"Lebenshilfe Dillenburg e.V.\"},\"image\":{\"@id\":\"https:\\\/\\\/lebenshilfe-dillenburg.de\\\/leicht\\\/#\\\/schema\\\/logo\\\/image\\\/\"},\"sameAs\":[\"https:\\\/\\\/www.facebook.com\\\/lebenshilfedillenburg\\\/\",\"https:\\\/\\\/www.instagram.com\\\/lebenshilfe_dillenburg\\\/\"]},{\"@type\":\"Person\",\"@id\":\"https:\\\/\\\/lebenshilfe-dillenburg.de\\\/leicht\\\/#\\\/schema\\\/person\\\/b6c52dad8d881b49213c3345a7cd5efe\",\"name\":\"Conny Holtfoth\",\"sameAs\":[\"http:\\\/\\\/lebenshilfe-dillenburg.de\"],\"url\":\"https:\\\/\\\/lebenshilfe-dillenburg.de\\\/leicht\\\/author\\\/conny\\\/\"}]}<\/script>\n<!-- \/ Yoast SEO plugin. -->","yoast_head_json":{"title":"625 Euro f\u00fcr die Kulturarbeit - Lebenshilfe Dillenburg e.V.","robots":{"index":"index","follow":"follow","max-snippet":"max-snippet:-1","max-image-preview":"max-image-preview:large","max-video-preview":"max-video-preview:-1"},"canonical":"https:\/\/lebenshilfe-dillenburg.de\/leicht\/625-euro-fuer-die-kulturarbeit\/","og_locale":"de_DE","og_type":"article","og_title":"625 Euro f\u00fcr die Kulturarbeit - Lebenshilfe Dillenburg e.V.","og_description":"Ein besonderer Geburtstag, eine besondere Geste: Andreas Thamer, langj\u00e4hriger Leiter des Wohnbereichs der Lebenshilfe Dillenburg, hat seinen 70. Geburtstag zum Anlass genommen, Menschen mit Behinderung zu unterst\u00fctzen. Statt Geschenken bat er um Spenden f\u00fcr die Kulturarbeit der Lebenshilfe \u2013 mit Erfolg. Am Mittwoch \u00fcbergab er die stolze Summe von 625 Euro an den Lebenshilfe-Kulturreferenten Sascha...","og_url":"https:\/\/lebenshilfe-dillenburg.de\/leicht\/625-euro-fuer-die-kulturarbeit\/","og_site_name":"Lebenshilfe Dillenburg e.V.","article_publisher":"https:\/\/www.facebook.com\/lebenshilfedillenburg\/","article_published_time":"2025-01-16T12:23:50+00:00","article_modified_time":"2026-01-30T11:09:45+00:00","og_image":[{"width":2560,"height":1920,"url":"https:\/\/lebenshilfe-dillenburg.de\/wp-content\/uploads\/625-euro-fuer-die-kulturarbeit-img-3006-scaled-2.jpg","type":"image\/jpeg"}],"author":"Conny Holtfoth","twitter_card":"summary_large_image","twitter_misc":{"Geschrieben von":"Conny Holtfoth","Gesch\u00e4tzte Lesezeit":"2\u00a0Minuten"},"schema":{"@context":"https:\/\/schema.org","@graph":[{"@type":"Article","@id":"https:\/\/lebenshilfe-dillenburg.de\/leicht\/625-euro-fuer-die-kulturarbeit\/#article","isPartOf":{"@id":"https:\/\/lebenshilfe-dillenburg.de\/leicht\/625-euro-fuer-die-kulturarbeit\/"},"author":{"name":"Conny Holtfoth","@id":"https:\/\/lebenshilfe-dillenburg.de\/leicht\/#\/schema\/person\/b6c52dad8d881b49213c3345a7cd5efe"},"headline":"625 Euro f\u00fcr die Kulturarbeit","datePublished":"2025-01-16T12:23:50+00:00","dateModified":"2026-01-30T11:09:45+00:00","mainEntityOfPage":{"@id":"https:\/\/lebenshilfe-dillenburg.de\/leicht\/625-euro-fuer-die-kulturarbeit\/"},"wordCount":326,"publisher":{"@id":"https:\/\/lebenshilfe-dillenburg.de\/leicht\/#organization"},"image":{"@id":"https:\/\/lebenshilfe-dillenburg.de\/leicht\/625-euro-fuer-die-kulturarbeit\/#primaryimage"},"thumbnailUrl":"https:\/\/lebenshilfe-dillenburg.de\/wp-content\/uploads\/kulturspende-625-euro-uebergabe-gruppenfoto.jpg","articleSection":["Meldungen"],"inLanguage":"de"},{"@type":"WebPage","@id":"https:\/\/lebenshilfe-dillenburg.de\/leicht\/625-euro-fuer-die-kulturarbeit\/","url":"https:\/\/lebenshilfe-dillenburg.de\/leicht\/625-euro-fuer-die-kulturarbeit\/","name":"625 Euro f\u00fcr die Kulturarbeit - Lebenshilfe Dillenburg e.V.","isPartOf":{"@id":"https:\/\/lebenshilfe-dillenburg.de\/leicht\/#website"},"primaryImageOfPage":{"@id":"https:\/\/lebenshilfe-dillenburg.de\/leicht\/625-euro-fuer-die-kulturarbeit\/#primaryimage"},"image":{"@id":"https:\/\/lebenshilfe-dillenburg.de\/leicht\/625-euro-fuer-die-kulturarbeit\/#primaryimage"},"thumbnailUrl":"https:\/\/lebenshilfe-dillenburg.de\/wp-content\/uploads\/kulturspende-625-euro-uebergabe-gruppenfoto.jpg","datePublished":"2025-01-16T12:23:50+00:00","dateModified":"2026-01-30T11:09:45+00:00","breadcrumb":{"@id":"https:\/\/lebenshilfe-dillenburg.de\/leicht\/625-euro-fuer-die-kulturarbeit\/#breadcrumb"},"inLanguage":"de","potentialAction":[{"@type":"ReadAction","target":["https:\/\/lebenshilfe-dillenburg.de\/leicht\/625-euro-fuer-die-kulturarbeit\/"]}]},{"@type":"ImageObject","inLanguage":"de","@id":"https:\/\/lebenshilfe-dillenburg.de\/leicht\/625-euro-fuer-die-kulturarbeit\/#primaryimage","url":"https:\/\/lebenshilfe-dillenburg.de\/wp-content\/uploads\/kulturspende-625-euro-uebergabe-gruppenfoto.jpg","contentUrl":"https:\/\/lebenshilfe-dillenburg.de\/wp-content\/uploads\/kulturspende-625-euro-uebergabe-gruppenfoto.jpg","width":1440,"height":1080,"caption":"Andreas Thamer (Mitte) \u00fcberreicht 625 Euro an Sascha Kirchhoff (l.) und Dr. Oliver Schmitzer. (Foto: Holtfoth)"},{"@type":"BreadcrumbList","@id":"https:\/\/lebenshilfe-dillenburg.de\/leicht\/625-euro-fuer-die-kulturarbeit\/#breadcrumb","itemListElement":[{"@type":"ListItem","position":1,"name":"Startseite der Lebenshilfe Dillenburg","item":"https:\/\/lebenshilfe-dillenburg.de\/leicht\/"},{"@type":"ListItem","position":2,"name":"625 Euro f\u00fcr die Kulturarbeit"}]},{"@type":"WebSite","@id":"https:\/\/lebenshilfe-dillenburg.de\/leicht\/#website","url":"https:\/\/lebenshilfe-dillenburg.de\/leicht\/","name":"Lebenshilfe Dillenburg \u2013 Teilhabe & Unterst\u00fctzung im Lahn-Dill-Kreis","description":"","publisher":{"@id":"https:\/\/lebenshilfe-dillenburg.de\/leicht\/#organization"},"potentialAction":[{"@type":"SearchAction","target":{"@type":"EntryPoint","urlTemplate":"https:\/\/lebenshilfe-dillenburg.de\/leicht\/?s={search_term_string}"},"query-input":{"@type":"PropertyValueSpecification","valueRequired":true,"valueName":"search_term_string"}}],"inLanguage":"de"},{"@type":"Organization","@id":"https:\/\/lebenshilfe-dillenburg.de\/leicht\/#organization","name":"Lebenshilfe Dillenburg e.V.","url":"https:\/\/lebenshilfe-dillenburg.de\/leicht\/","logo":{"@type":"ImageObject","inLanguage":"de","@id":"https:\/\/lebenshilfe-dillenburg.de\/leicht\/#\/schema\/logo\/image\/","url":"https:\/\/lebenshilfe-dillenburg.de\/wp-content\/uploads\/lebenshilfe-dillenburg-desktop.webp","contentUrl":"https:\/\/lebenshilfe-dillenburg.de\/wp-content\/uploads\/lebenshilfe-dillenburg-desktop.webp","width":461,"height":202,"caption":"Lebenshilfe Dillenburg e.V."},"image":{"@id":"https:\/\/lebenshilfe-dillenburg.de\/leicht\/#\/schema\/logo\/image\/"},"sameAs":["https:\/\/www.facebook.com\/lebenshilfedillenburg\/","https:\/\/www.instagram.com\/lebenshilfe_dillenburg\/"]},{"@type":"Person","@id":"https:\/\/lebenshilfe-dillenburg.de\/leicht\/#\/schema\/person\/b6c52dad8d881b49213c3345a7cd5efe","name":"Conny Holtfoth","sameAs":["http:\/\/lebenshilfe-dillenburg.de"],"url":"https:\/\/lebenshilfe-dillenburg.de\/leicht\/author\/conny\/"}]}},"taxonomy_info":{"category":[{"value":53,"label":"Meldungen"}]},"featured_image_src_large":["https:\/\/lebenshilfe-dillenburg.de\/wp-content\/uploads\/kulturspende-625-euro-uebergabe-gruppenfoto-1920x1440.jpg",1366,1025,true],"author_info":{"display_name":"Conny Holtfoth","author_link":"https:\/\/lebenshilfe-dillenburg.de\/leicht\/author\/conny\/"},"comment_info":0,"category_info":[{"term_id":53,"name":"Meldungen","slug":"meldungen","term_group":0,"term_taxonomy_id":53,"taxonomy":"category","description":"","parent":0,"count":127,"filter":"raw","term_order":"5","cat_ID":53,"category_count":127,"category_description":"","cat_name":"Meldungen","category_nicename":"meldungen","category_parent":0}],"tag_info":false,"_links":{"self":[{"href":"https:\/\/lebenshilfe-dillenburg.de\/leicht\/wp-json\/wp\/v2\/posts\/7157","targetHints":{"allow":["GET"]}}],"collection":[{"href":"https:\/\/lebenshilfe-dillenburg.de\/leicht\/wp-json\/wp\/v2\/posts"}],"about":[{"href":"https:\/\/lebenshilfe-dillenburg.de\/leicht\/wp-json\/wp\/v2\/types\/post"}],"author":[{"embeddable":true,"href":"https:\/\/lebenshilfe-dillenburg.de\/leicht\/wp-json\/wp\/v2\/users\/4"}],"replies":[{"embeddable":true,"href":"https:\/\/lebenshilfe-dillenburg.de\/leicht\/wp-json\/wp\/v2\/comments?post=7157"}],"version-history":[{"count":0,"href":"https:\/\/lebenshilfe-dillenburg.de\/leicht\/wp-json\/wp\/v2\/posts\/7157\/revisions"}],"wp:featuredmedia":[{"embeddable":true,"href":"https:\/\/lebenshilfe-dillenburg.de\/leicht\/wp-json\/wp\/v2\/media\/7190"}],"wp:attachment":[{"href":"https:\/\/lebenshilfe-dillenburg.de\/leicht\/wp-json\/wp\/v2\/media?parent=7157"}],"wp:term":[{"taxonomy":"category","embeddable":true,"href":"https:\/\/lebenshilfe-dillenburg.de\/leicht\/wp-json\/wp\/v2\/categories?post=7157"},{"taxonomy":"post_tag","embeddable":true,"href":"https:\/\/lebenshilfe-dillenburg.de\/leicht\/wp-json\/wp\/v2\/tags?post=7157"}],"curies":[{"name":"wp","href":"https:\/\/api.w.org\/{rel}","templated":true}]}}