{"id":7160,"date":"2025-02-04T16:23:14","date_gmt":"2025-02-04T15:23:14","guid":{"rendered":"https:\/\/www.lebenshilfe-dillenburg.de\/?p=4873"},"modified":"2026-01-30T12:09:45","modified_gmt":"2026-01-30T11:09:45","slug":"jubilaeums-lesung-mit-sebastian-23","status":"publish","type":"post","link":"https:\/\/lebenshilfe-dillenburg.de\/leicht\/jubilaeums-lesung-mit-sebastian-23\/","title":{"rendered":"Jubil\u00e4ums-Lesung mit Sebastian 23"},"content":{"rendered":"<p>Worte, die verbinden: Bestseller-Autor Sebastian 23 trifft auf Menschen mit Trisomie 21.<\/p>\n<p>Wenn ein Spiegel-Bestseller-Autor und Menschen mit Behinderung zusammenkommen, entsteht etwas ganz Besonderes. Zu ihrem 60-j\u00e4hrigen Bestehen l\u00e4dt die Lebenshilfe Dillenburg am Welt-Down-Syndrom-Tag (21. M\u00e4rz) gemeinsam mit der Stadt Haiger zu einer Lesung ein, die Inklusion und Zukunftsvisionen ins Zentrum r\u00fcckt.<!--more--><\/p>\n<p>Sebastian 23, geboren als Sebastian Rabsahl, ist ein echter Allrounder: studierter Philosoph, mehrfach preisgekr\u00f6nter Poetry-Slammer, Bestseller-Autor und vor allem ein Meister des Wortspiels. Seine Texte sind humorvoll, tiefgr\u00fcndig und regen immer wieder zum Nachdenken an.<\/p>\n<p>Im Vorfeld der Lesung haben Menschen mit Trisomie 21 und ihre Angeh\u00f6rigen die Gelegenheit, sich in einem kreativen Workshop auszudr\u00fccken. Unter der Leitung von Sebastian 23 und Lebenshilfe-Kulturreferent Sascha Kirchhoff dreht sich alles um die Frage: Wie stelle ich mir meine Zukunft vor? Die Schreibwerkstatt der Lebenshilfe Dillenburg wird so zu einem Ort, an dem Gedanken, Tr\u00e4ume und Ideen lebendig werden.<\/p>\n<p>Der Welt-Down-Syndrom-Tag, an dem dieser Workshop stattfindet, soll auf die Lebensrealit\u00e4ten von Menschen mit Trisomie 21 aufmerksam machen. Gleichzeitig wirft er ein Licht auf eine traurige Entwicklung: Seit der Einf\u00fchrung des von der Krankenkasse getragenen Pr\u00e4nataltests entscheiden sich neun von zehn werdenden Eltern f\u00fcr einen Schwangerschaftsabbruch, wenn eine Trisomie 21 diagnostiziert wird. Umso wichtiger ist es, diesen Menschen eine Plattform zu geben, um ihre Stimmen und Geschichten zu teilen.<\/p>\n<p>\u201eWir freuen uns sehr darauf und sind unglaublich dankbar, dass Sebastian 23 und die Stadt Haiger diese Aktion zugunsten der Lebenshilfe so engagiert unterst\u00fctzen\u201c, sagt Sascha Kirchhoff. Einige der im Workshop entstandenen Texte werden von den Workshop-Teilnehmenden im Rahmen der Lesung in der Stadtb\u00fccherei Haiger vorgetragen.<\/p>\n<p>Der Veranstaltungsort ist dabei ein Symbol gelebter Inklusion: Seit 15 Jahren wird der Betrieb von einem engagierten Team aus Menschen mit seelischer Behinderung aus der Reha-Werkstatt Haiger \u00fcbernommen.<\/p>\n<p>Die Lesung beginnt am 21. M\u00e4rz um 19 Uhr. Tickets kosten 10 Euro im Vorverkauf und 12 Euro an der Abendkasse. Die Einnahmen kommen der Arbeit der Lebenshilfe Dillenburg zugute.<\/p>\n<p>Karten sind ab dem 7. Februar erh\u00e4ltlich im Stadthaus am Marktplatz, Tourist-Info, Hauptstra\u00dfe 46, 35708 Haiger. Telefonische Kartenbestellung unter: 02773 811 480, E-Mail: <a href=\"mailto:kulturamt@haiger.de\">kulturamt@haiger.de<\/a>.<\/p>\n<p><a href=\"https:\/\/lebenshilfe-dillenburg.de\/wp-content\/uploads\/world-down-syndrome-day-2025-sebastian23-haiger.png\"><img loading=\"lazy\" decoding=\"async\" class=\"aligncenter size-medium wp-image-4875\" src=\"https:\/\/lebenshilfe-dillenburg.de\/wp-content\/uploads\/2025\/02\/sebastian-23-trifft-auf-menschen-mit-trisomie-21-sebastian-23-338x600.png\" alt=\"\" width=\"338\" height=\"600\" \/><\/a><\/p>\n","protected":false},"excerpt":{"rendered":"<p>Worte, die verbinden: Bestseller-Autor Sebastian 23 trifft auf Menschen mit Trisomie 21. Wenn ein Spiegel-Bestseller-Autor und Menschen mit Behinderung zusammenkommen, entsteht etwas ganz Besonderes. Zu ihrem 60-j\u00e4hrigen Bestehen l\u00e4dt die Lebenshilfe Dillenburg am Welt-Down-Syndrom-Tag (21. M\u00e4rz) gemeinsam mit der Stadt Haiger zu einer Lesung ein, die Inklusion und Zukunftsvisionen ins Zentrum r\u00fcckt.<\/p>\n","protected":false},"author":4,"featured_media":7191,"comment_status":"closed","ping_status":"closed","sticky":false,"template":"","format":"standard","meta":{"_acf_changed":false,"_gspb_post_css":"","_kad_blocks_custom_css":"","_kad_blocks_head_custom_js":"","_kad_blocks_body_custom_js":"","_kad_blocks_footer_custom_js":"","_kad_post_transparent":"","_kad_post_title":"","_kad_post_layout":"","_kad_post_sidebar_id":"","_kad_post_content_style":"","_kad_post_vertical_padding":"","_kad_post_feature":"","_kad_post_feature_position":"","_kad_post_header":false,"_kad_post_footer":false,"_kad_post_classname":"","footnotes":""},"categories":[52,53],"tags":[],"class_list":["post-7160","post","type-post","status-publish","format-standard","has-post-thumbnail","hentry","category-aktuelles","category-meldungen"],"acf":[],"yoast_head":"<!-- This site is optimized with the Yoast SEO plugin v27.5 - https:\/\/yoast.com\/product\/yoast-seo-wordpress\/ -->\n<title>Jubil\u00e4ums-Lesung mit Sebastian 23 - Lebenshilfe Dillenburg e.V.<\/title>\n<meta name=\"robots\" content=\"index, follow, max-snippet:-1, max-image-preview:large, max-video-preview:-1\" \/>\n<link rel=\"canonical\" href=\"https:\/\/lebenshilfe-dillenburg.de\/leicht\/jubilaeums-lesung-mit-sebastian-23\/\" \/>\n<meta property=\"og:locale\" content=\"de_DE\" \/>\n<meta property=\"og:type\" content=\"article\" \/>\n<meta property=\"og:title\" content=\"Jubil\u00e4ums-Lesung mit Sebastian 23 - Lebenshilfe Dillenburg e.V.\" \/>\n<meta property=\"og:description\" content=\"Worte, die verbinden: Bestseller-Autor Sebastian 23 trifft auf Menschen mit Trisomie 21. Wenn ein Spiegel-Bestseller-Autor und Menschen mit Behinderung zusammenkommen, entsteht etwas ganz Besonderes. Zu ihrem 60-j\u00e4hrigen Bestehen l\u00e4dt die Lebenshilfe Dillenburg am Welt-Down-Syndrom-Tag (21. M\u00e4rz) gemeinsam mit der Stadt Haiger zu einer Lesung ein, die Inklusion und Zukunftsvisionen ins Zentrum r\u00fcckt.\" \/>\n<meta property=\"og:url\" content=\"https:\/\/lebenshilfe-dillenburg.de\/leicht\/jubilaeums-lesung-mit-sebastian-23\/\" \/>\n<meta property=\"og:site_name\" content=\"Lebenshilfe Dillenburg e.V.\" \/>\n<meta property=\"article:publisher\" content=\"https:\/\/www.facebook.com\/lebenshilfedillenburg\/\" \/>\n<meta property=\"article:published_time\" content=\"2025-02-04T15:23:14+00:00\" \/>\n<meta property=\"article:modified_time\" content=\"2026-01-30T11:09:45+00:00\" \/>\n<meta property=\"og:image\" content=\"https:\/\/lebenshilfe-dillenburg.de\/wp-content\/uploads\/pressesebastian23querfoto-oliverlook-pressesebastian23querfoto-oliverlook-scaled-3.jpg\" \/>\n\t<meta property=\"og:image:width\" content=\"2560\" \/>\n\t<meta property=\"og:image:height\" content=\"1703\" \/>\n\t<meta property=\"og:image:type\" content=\"image\/jpeg\" \/>\n<meta name=\"author\" content=\"Conny Holtfoth\" \/>\n<meta name=\"twitter:card\" content=\"summary_large_image\" \/>\n<meta name=\"twitter:label1\" content=\"Geschrieben von\" \/>\n\t<meta name=\"twitter:data1\" content=\"Conny Holtfoth\" \/>\n\t<meta name=\"twitter:label2\" content=\"Gesch\u00e4tzte Lesezeit\" \/>\n\t<meta name=\"twitter:data2\" content=\"2\u00a0Minuten\" \/>\n<script type=\"application\/ld+json\" class=\"yoast-schema-graph\">{\"@context\":\"https:\\\/\\\/schema.org\",\"@graph\":[{\"@type\":\"Article\",\"@id\":\"https:\\\/\\\/lebenshilfe-dillenburg.de\\\/leicht\\\/jubilaeums-lesung-mit-sebastian-23\\\/#article\",\"isPartOf\":{\"@id\":\"https:\\\/\\\/lebenshilfe-dillenburg.de\\\/leicht\\\/jubilaeums-lesung-mit-sebastian-23\\\/\"},\"author\":{\"name\":\"Conny Holtfoth\",\"@id\":\"https:\\\/\\\/lebenshilfe-dillenburg.de\\\/leicht\\\/#\\\/schema\\\/person\\\/b6c52dad8d881b49213c3345a7cd5efe\"},\"headline\":\"Jubil\u00e4ums-Lesung mit Sebastian 23\",\"datePublished\":\"2025-02-04T15:23:14+00:00\",\"dateModified\":\"2026-01-30T11:09:45+00:00\",\"mainEntityOfPage\":{\"@id\":\"https:\\\/\\\/lebenshilfe-dillenburg.de\\\/leicht\\\/jubilaeums-lesung-mit-sebastian-23\\\/\"},\"wordCount\":349,\"publisher\":{\"@id\":\"https:\\\/\\\/lebenshilfe-dillenburg.de\\\/leicht\\\/#organization\"},\"image\":{\"@id\":\"https:\\\/\\\/lebenshilfe-dillenburg.de\\\/leicht\\\/jubilaeums-lesung-mit-sebastian-23\\\/#primaryimage\"},\"thumbnailUrl\":\"https:\\\/\\\/lebenshilfe-dillenburg.de\\\/wp-content\\\/uploads\\\/sebastian-23-portrait-flat-cap-colorblock.jpg\",\"articleSection\":[\"Aktuelles\",\"Meldungen\"],\"inLanguage\":\"de\"},{\"@type\":\"WebPage\",\"@id\":\"https:\\\/\\\/lebenshilfe-dillenburg.de\\\/leicht\\\/jubilaeums-lesung-mit-sebastian-23\\\/\",\"url\":\"https:\\\/\\\/lebenshilfe-dillenburg.de\\\/leicht\\\/jubilaeums-lesung-mit-sebastian-23\\\/\",\"name\":\"Jubil\u00e4ums-Lesung mit Sebastian 23 - Lebenshilfe Dillenburg e.V.\",\"isPartOf\":{\"@id\":\"https:\\\/\\\/lebenshilfe-dillenburg.de\\\/leicht\\\/#website\"},\"primaryImageOfPage\":{\"@id\":\"https:\\\/\\\/lebenshilfe-dillenburg.de\\\/leicht\\\/jubilaeums-lesung-mit-sebastian-23\\\/#primaryimage\"},\"image\":{\"@id\":\"https:\\\/\\\/lebenshilfe-dillenburg.de\\\/leicht\\\/jubilaeums-lesung-mit-sebastian-23\\\/#primaryimage\"},\"thumbnailUrl\":\"https:\\\/\\\/lebenshilfe-dillenburg.de\\\/wp-content\\\/uploads\\\/sebastian-23-portrait-flat-cap-colorblock.jpg\",\"datePublished\":\"2025-02-04T15:23:14+00:00\",\"dateModified\":\"2026-01-30T11:09:45+00:00\",\"breadcrumb\":{\"@id\":\"https:\\\/\\\/lebenshilfe-dillenburg.de\\\/leicht\\\/jubilaeums-lesung-mit-sebastian-23\\\/#breadcrumb\"},\"inLanguage\":\"de\",\"potentialAction\":[{\"@type\":\"ReadAction\",\"target\":[\"https:\\\/\\\/lebenshilfe-dillenburg.de\\\/leicht\\\/jubilaeums-lesung-mit-sebastian-23\\\/\"]}]},{\"@type\":\"ImageObject\",\"inLanguage\":\"de\",\"@id\":\"https:\\\/\\\/lebenshilfe-dillenburg.de\\\/leicht\\\/jubilaeums-lesung-mit-sebastian-23\\\/#primaryimage\",\"url\":\"https:\\\/\\\/lebenshilfe-dillenburg.de\\\/wp-content\\\/uploads\\\/sebastian-23-portrait-flat-cap-colorblock.jpg\",\"contentUrl\":\"https:\\\/\\\/lebenshilfe-dillenburg.de\\\/wp-content\\\/uploads\\\/sebastian-23-portrait-flat-cap-colorblock.jpg\",\"width\":1500,\"height\":998,\"caption\":\"Tiefgr\u00fcndig und humorvoll: Sebastian 23. (Foto: Oliver Look)\"},{\"@type\":\"BreadcrumbList\",\"@id\":\"https:\\\/\\\/lebenshilfe-dillenburg.de\\\/leicht\\\/jubilaeums-lesung-mit-sebastian-23\\\/#breadcrumb\",\"itemListElement\":[{\"@type\":\"ListItem\",\"position\":1,\"name\":\"Startseite der Lebenshilfe Dillenburg\",\"item\":\"https:\\\/\\\/lebenshilfe-dillenburg.de\\\/leicht\\\/\"},{\"@type\":\"ListItem\",\"position\":2,\"name\":\"Jubil\u00e4ums-Lesung mit Sebastian 23\"}]},{\"@type\":\"WebSite\",\"@id\":\"https:\\\/\\\/lebenshilfe-dillenburg.de\\\/leicht\\\/#website\",\"url\":\"https:\\\/\\\/lebenshilfe-dillenburg.de\\\/leicht\\\/\",\"name\":\"Lebenshilfe Dillenburg \u2013 Teilhabe & Unterst\u00fctzung im Lahn-Dill-Kreis\",\"description\":\"\",\"publisher\":{\"@id\":\"https:\\\/\\\/lebenshilfe-dillenburg.de\\\/leicht\\\/#organization\"},\"potentialAction\":[{\"@type\":\"SearchAction\",\"target\":{\"@type\":\"EntryPoint\",\"urlTemplate\":\"https:\\\/\\\/lebenshilfe-dillenburg.de\\\/leicht\\\/?s={search_term_string}\"},\"query-input\":{\"@type\":\"PropertyValueSpecification\",\"valueRequired\":true,\"valueName\":\"search_term_string\"}}],\"inLanguage\":\"de\"},{\"@type\":\"Organization\",\"@id\":\"https:\\\/\\\/lebenshilfe-dillenburg.de\\\/leicht\\\/#organization\",\"name\":\"Lebenshilfe Dillenburg e.V.\",\"url\":\"https:\\\/\\\/lebenshilfe-dillenburg.de\\\/leicht\\\/\",\"logo\":{\"@type\":\"ImageObject\",\"inLanguage\":\"de\",\"@id\":\"https:\\\/\\\/lebenshilfe-dillenburg.de\\\/leicht\\\/#\\\/schema\\\/logo\\\/image\\\/\",\"url\":\"https:\\\/\\\/lebenshilfe-dillenburg.de\\\/wp-content\\\/uploads\\\/lebenshilfe-dillenburg-desktop.webp\",\"contentUrl\":\"https:\\\/\\\/lebenshilfe-dillenburg.de\\\/wp-content\\\/uploads\\\/lebenshilfe-dillenburg-desktop.webp\",\"width\":461,\"height\":202,\"caption\":\"Lebenshilfe Dillenburg e.V.\"},\"image\":{\"@id\":\"https:\\\/\\\/lebenshilfe-dillenburg.de\\\/leicht\\\/#\\\/schema\\\/logo\\\/image\\\/\"},\"sameAs\":[\"https:\\\/\\\/www.facebook.com\\\/lebenshilfedillenburg\\\/\",\"https:\\\/\\\/www.instagram.com\\\/lebenshilfe_dillenburg\\\/\"]},{\"@type\":\"Person\",\"@id\":\"https:\\\/\\\/lebenshilfe-dillenburg.de\\\/leicht\\\/#\\\/schema\\\/person\\\/b6c52dad8d881b49213c3345a7cd5efe\",\"name\":\"Conny Holtfoth\",\"sameAs\":[\"http:\\\/\\\/lebenshilfe-dillenburg.de\"],\"url\":\"https:\\\/\\\/lebenshilfe-dillenburg.de\\\/leicht\\\/author\\\/conny\\\/\"}]}<\/script>\n<!-- \/ Yoast SEO plugin. -->","yoast_head_json":{"title":"Jubil\u00e4ums-Lesung mit Sebastian 23 - Lebenshilfe Dillenburg e.V.","robots":{"index":"index","follow":"follow","max-snippet":"max-snippet:-1","max-image-preview":"max-image-preview:large","max-video-preview":"max-video-preview:-1"},"canonical":"https:\/\/lebenshilfe-dillenburg.de\/leicht\/jubilaeums-lesung-mit-sebastian-23\/","og_locale":"de_DE","og_type":"article","og_title":"Jubil\u00e4ums-Lesung mit Sebastian 23 - Lebenshilfe Dillenburg e.V.","og_description":"Worte, die verbinden: Bestseller-Autor Sebastian 23 trifft auf Menschen mit Trisomie 21. Wenn ein Spiegel-Bestseller-Autor und Menschen mit Behinderung zusammenkommen, entsteht etwas ganz Besonderes. Zu ihrem 60-j\u00e4hrigen Bestehen l\u00e4dt die Lebenshilfe Dillenburg am Welt-Down-Syndrom-Tag (21. M\u00e4rz) gemeinsam mit der Stadt Haiger zu einer Lesung ein, die Inklusion und Zukunftsvisionen ins Zentrum r\u00fcckt.","og_url":"https:\/\/lebenshilfe-dillenburg.de\/leicht\/jubilaeums-lesung-mit-sebastian-23\/","og_site_name":"Lebenshilfe Dillenburg e.V.","article_publisher":"https:\/\/www.facebook.com\/lebenshilfedillenburg\/","article_published_time":"2025-02-04T15:23:14+00:00","article_modified_time":"2026-01-30T11:09:45+00:00","og_image":[{"width":2560,"height":1703,"url":"https:\/\/lebenshilfe-dillenburg.de\/wp-content\/uploads\/pressesebastian23querfoto-oliverlook-pressesebastian23querfoto-oliverlook-scaled-3.jpg","type":"image\/jpeg"}],"author":"Conny Holtfoth","twitter_card":"summary_large_image","twitter_misc":{"Geschrieben von":"Conny Holtfoth","Gesch\u00e4tzte Lesezeit":"2\u00a0Minuten"},"schema":{"@context":"https:\/\/schema.org","@graph":[{"@type":"Article","@id":"https:\/\/lebenshilfe-dillenburg.de\/leicht\/jubilaeums-lesung-mit-sebastian-23\/#article","isPartOf":{"@id":"https:\/\/lebenshilfe-dillenburg.de\/leicht\/jubilaeums-lesung-mit-sebastian-23\/"},"author":{"name":"Conny Holtfoth","@id":"https:\/\/lebenshilfe-dillenburg.de\/leicht\/#\/schema\/person\/b6c52dad8d881b49213c3345a7cd5efe"},"headline":"Jubil\u00e4ums-Lesung mit Sebastian 23","datePublished":"2025-02-04T15:23:14+00:00","dateModified":"2026-01-30T11:09:45+00:00","mainEntityOfPage":{"@id":"https:\/\/lebenshilfe-dillenburg.de\/leicht\/jubilaeums-lesung-mit-sebastian-23\/"},"wordCount":349,"publisher":{"@id":"https:\/\/lebenshilfe-dillenburg.de\/leicht\/#organization"},"image":{"@id":"https:\/\/lebenshilfe-dillenburg.de\/leicht\/jubilaeums-lesung-mit-sebastian-23\/#primaryimage"},"thumbnailUrl":"https:\/\/lebenshilfe-dillenburg.de\/wp-content\/uploads\/sebastian-23-portrait-flat-cap-colorblock.jpg","articleSection":["Aktuelles","Meldungen"],"inLanguage":"de"},{"@type":"WebPage","@id":"https:\/\/lebenshilfe-dillenburg.de\/leicht\/jubilaeums-lesung-mit-sebastian-23\/","url":"https:\/\/lebenshilfe-dillenburg.de\/leicht\/jubilaeums-lesung-mit-sebastian-23\/","name":"Jubil\u00e4ums-Lesung mit Sebastian 23 - Lebenshilfe Dillenburg e.V.","isPartOf":{"@id":"https:\/\/lebenshilfe-dillenburg.de\/leicht\/#website"},"primaryImageOfPage":{"@id":"https:\/\/lebenshilfe-dillenburg.de\/leicht\/jubilaeums-lesung-mit-sebastian-23\/#primaryimage"},"image":{"@id":"https:\/\/lebenshilfe-dillenburg.de\/leicht\/jubilaeums-lesung-mit-sebastian-23\/#primaryimage"},"thumbnailUrl":"https:\/\/lebenshilfe-dillenburg.de\/wp-content\/uploads\/sebastian-23-portrait-flat-cap-colorblock.jpg","datePublished":"2025-02-04T15:23:14+00:00","dateModified":"2026-01-30T11:09:45+00:00","breadcrumb":{"@id":"https:\/\/lebenshilfe-dillenburg.de\/leicht\/jubilaeums-lesung-mit-sebastian-23\/#breadcrumb"},"inLanguage":"de","potentialAction":[{"@type":"ReadAction","target":["https:\/\/lebenshilfe-dillenburg.de\/leicht\/jubilaeums-lesung-mit-sebastian-23\/"]}]},{"@type":"ImageObject","inLanguage":"de","@id":"https:\/\/lebenshilfe-dillenburg.de\/leicht\/jubilaeums-lesung-mit-sebastian-23\/#primaryimage","url":"https:\/\/lebenshilfe-dillenburg.de\/wp-content\/uploads\/sebastian-23-portrait-flat-cap-colorblock.jpg","contentUrl":"https:\/\/lebenshilfe-dillenburg.de\/wp-content\/uploads\/sebastian-23-portrait-flat-cap-colorblock.jpg","width":1500,"height":998,"caption":"Tiefgr\u00fcndig und humorvoll: Sebastian 23. (Foto: Oliver Look)"},{"@type":"BreadcrumbList","@id":"https:\/\/lebenshilfe-dillenburg.de\/leicht\/jubilaeums-lesung-mit-sebastian-23\/#breadcrumb","itemListElement":[{"@type":"ListItem","position":1,"name":"Startseite der Lebenshilfe Dillenburg","item":"https:\/\/lebenshilfe-dillenburg.de\/leicht\/"},{"@type":"ListItem","position":2,"name":"Jubil\u00e4ums-Lesung mit Sebastian 23"}]},{"@type":"WebSite","@id":"https:\/\/lebenshilfe-dillenburg.de\/leicht\/#website","url":"https:\/\/lebenshilfe-dillenburg.de\/leicht\/","name":"Lebenshilfe Dillenburg \u2013 Teilhabe & Unterst\u00fctzung im Lahn-Dill-Kreis","description":"","publisher":{"@id":"https:\/\/lebenshilfe-dillenburg.de\/leicht\/#organization"},"potentialAction":[{"@type":"SearchAction","target":{"@type":"EntryPoint","urlTemplate":"https:\/\/lebenshilfe-dillenburg.de\/leicht\/?s={search_term_string}"},"query-input":{"@type":"PropertyValueSpecification","valueRequired":true,"valueName":"search_term_string"}}],"inLanguage":"de"},{"@type":"Organization","@id":"https:\/\/lebenshilfe-dillenburg.de\/leicht\/#organization","name":"Lebenshilfe Dillenburg e.V.","url":"https:\/\/lebenshilfe-dillenburg.de\/leicht\/","logo":{"@type":"ImageObject","inLanguage":"de","@id":"https:\/\/lebenshilfe-dillenburg.de\/leicht\/#\/schema\/logo\/image\/","url":"https:\/\/lebenshilfe-dillenburg.de\/wp-content\/uploads\/lebenshilfe-dillenburg-desktop.webp","contentUrl":"https:\/\/lebenshilfe-dillenburg.de\/wp-content\/uploads\/lebenshilfe-dillenburg-desktop.webp","width":461,"height":202,"caption":"Lebenshilfe Dillenburg e.V."},"image":{"@id":"https:\/\/lebenshilfe-dillenburg.de\/leicht\/#\/schema\/logo\/image\/"},"sameAs":["https:\/\/www.facebook.com\/lebenshilfedillenburg\/","https:\/\/www.instagram.com\/lebenshilfe_dillenburg\/"]},{"@type":"Person","@id":"https:\/\/lebenshilfe-dillenburg.de\/leicht\/#\/schema\/person\/b6c52dad8d881b49213c3345a7cd5efe","name":"Conny Holtfoth","sameAs":["http:\/\/lebenshilfe-dillenburg.de"],"url":"https:\/\/lebenshilfe-dillenburg.de\/leicht\/author\/conny\/"}]}},"taxonomy_info":{"category":[{"value":52,"label":"Aktuelles"},{"value":53,"label":"Meldungen"}]},"featured_image_src_large":["https:\/\/lebenshilfe-dillenburg.de\/wp-content\/uploads\/sebastian-23-portrait-flat-cap-colorblock-1920x1277.jpg",1366,909,true],"author_info":{"display_name":"Conny Holtfoth","author_link":"https:\/\/lebenshilfe-dillenburg.de\/leicht\/author\/conny\/"},"comment_info":0,"category_info":[{"term_id":52,"name":"Aktuelles","slug":"aktuelles","term_group":0,"term_taxonomy_id":52,"taxonomy":"category","description":"","parent":0,"count":22,"filter":"raw","term_order":"4","cat_ID":52,"category_count":22,"category_description":"","cat_name":"Aktuelles","category_nicename":"aktuelles","category_parent":0},{"term_id":53,"name":"Meldungen","slug":"meldungen","term_group":0,"term_taxonomy_id":53,"taxonomy":"category","description":"","parent":0,"count":127,"filter":"raw","term_order":"5","cat_ID":53,"category_count":127,"category_description":"","cat_name":"Meldungen","category_nicename":"meldungen","category_parent":0}],"tag_info":false,"_links":{"self":[{"href":"https:\/\/lebenshilfe-dillenburg.de\/leicht\/wp-json\/wp\/v2\/posts\/7160","targetHints":{"allow":["GET"]}}],"collection":[{"href":"https:\/\/lebenshilfe-dillenburg.de\/leicht\/wp-json\/wp\/v2\/posts"}],"about":[{"href":"https:\/\/lebenshilfe-dillenburg.de\/leicht\/wp-json\/wp\/v2\/types\/post"}],"author":[{"embeddable":true,"href":"https:\/\/lebenshilfe-dillenburg.de\/leicht\/wp-json\/wp\/v2\/users\/4"}],"replies":[{"embeddable":true,"href":"https:\/\/lebenshilfe-dillenburg.de\/leicht\/wp-json\/wp\/v2\/comments?post=7160"}],"version-history":[{"count":0,"href":"https:\/\/lebenshilfe-dillenburg.de\/leicht\/wp-json\/wp\/v2\/posts\/7160\/revisions"}],"wp:featuredmedia":[{"embeddable":true,"href":"https:\/\/lebenshilfe-dillenburg.de\/leicht\/wp-json\/wp\/v2\/media\/7191"}],"wp:attachment":[{"href":"https:\/\/lebenshilfe-dillenburg.de\/leicht\/wp-json\/wp\/v2\/media?parent=7160"}],"wp:term":[{"taxonomy":"category","embeddable":true,"href":"https:\/\/lebenshilfe-dillenburg.de\/leicht\/wp-json\/wp\/v2\/categories?post=7160"},{"taxonomy":"post_tag","embeddable":true,"href":"https:\/\/lebenshilfe-dillenburg.de\/leicht\/wp-json\/wp\/v2\/tags?post=7160"}],"curies":[{"name":"wp","href":"https:\/\/api.w.org\/{rel}","templated":true}]}}