{"id":7164,"date":"2025-05-05T16:47:05","date_gmt":"2025-05-05T14:47:05","guid":{"rendered":"https:\/\/www.lebenshilfe-dillenburg.de\/?p=4922"},"modified":"2026-01-30T12:09:44","modified_gmt":"2026-01-30T11:09:44","slug":"stiftung-spendet-fuer-aktenvernichtung-2","status":"publish","type":"post","link":"https:\/\/lebenshilfe-dillenburg.de\/leicht\/stiftung-spendet-fuer-aktenvernichtung-2\/","title":{"rendered":"Stiftung spendet f\u00fcr Aktenvernichtung"},"content":{"rendered":"<p>Die Stiftung der Lebenshilfe Dillenburg stellt 3700 Euro zur Verf\u00fcgung, um den Umzug der Aktenvernichtungsanlage der Werkstatt Eibelshausen ins benachbarte Dietzh\u00f6lztal-Ewersbach zu erm\u00f6glichen. Die Spende flie\u00dft in die n\u00f6tigen Umbauarbeiten in der neuen Halle.<!--more--><\/p>\n<p>Seit 1993 betreibt die Lebenshilfe in Eibelshausen eine professionelle Aktenvernichtung. Bis zu zehn Tonnen Papier pro Woche werden dort sicher vernichtet \u2013 darunter auch vertrauliche Unterlagen von Unternehmen, Beh\u00f6rden und Privatpersonen. Erg\u00e4nzt wird das Angebot durch die sichere Entsorgung von CDs, DVDs, Festplatten und USB-Sticks.<\/p>\n<p>Doch die bisherige Anlage ist nach fast 20 Jahren reparaturanf\u00e4llig geworden und veraltet. Eine moderne, leistungsst\u00e4rkere Maschine soll sie nun ersetzen. Diese ben\u00f6tigt jedoch mehr Platz als in Eibelshausen verf\u00fcgbar ist. Da sich der geplante Neubau der Werkstatt noch verz\u00f6gert, musste eine \u00dcbergangsl\u00f6sung her \u2013 und wurde in Ewersbach gefunden.<\/p>\n<p>Damit die Lebenshilfe am neuen Standort weiterhin Aktenvernichtung auf h\u00f6chstem Niveau anbieten kann \u2013 k\u00fcnftig sogar mit Sicherheitsstufe 4 \u2013 sind einige Umbauten und Ert\u00fcchtigungen im Inneren des Geb\u00e4udes n\u00f6tig. Die Miete f\u00fcr die Halle \u00fcbernimmt der Landeswohlfahrtsverband Hessen (LWV), doch die Umbaukosten in H\u00f6he von 80.000 bis 90.000 Euro tr\u00e4gt die Lebenshilfe selbst.<\/p>\n<p>\u201eBis zur geplanten Inbetriebnahme im dritten Quartal sind noch viele Gewerke beteiligt. Auch eine Maschinenabnahme und ein Probelauf m\u00fcssen erfolgen\u201c, sagt Benjamin Weyerich, Leiter der Werkstatt Eibelshausen. K\u00fcnftig werden in Ewersbach 15 bis 18 Menschen mit Beeintr\u00e4chtigungen sowie zwei Gruppenleiter t\u00e4tig sein.<\/p>\n<p>\u201eDie Auslagerung zeigt in mehreren Punkten Vorteile und ist in Bezug auf die Sozialraumorientierung ein geeigneter Ort, der Begegnungen zwischen Menschen mit und ohne Behinderung erm\u00f6glicht\u201c, betont Werkstattbereichsleiter Lars L\u00fcckoff. \u201eGleichzeitig werden die Mitarbeitenden in einen besonderen Status \u2013 das Arbeiten au\u00dferhalb der Werkstatt &#8211; versetzt. Dadurch k\u00f6nnen diese Arbeitspl\u00e4tze auch gut als Sprungbrett zum ersten Arbeitsmarkt dienen.\u201c<\/p>\n<p>Die Stiftung hilft mit einem Beitrag von 3700 Euro. Jochen M\u00fcller, Vorsitzender des Stiftungsvorstands, erkl\u00e4rt: \u201eEin tolles Objekt \u2013 das unterst\u00fctzen wir als Stiftung gern.\u201c<br \/>\nF\u00fcr die Lebenshilfe ist der Umzug ein wichtiger Zwischenschritt. \u201eWir suchen seit Jahren nach einem Ersatzbau. Die kurzfristige Verf\u00fcgbarkeit dieser Halle war ein echtes Gl\u00fcck\u201c, sagt Lebenshilfe-Vorstand Dirk Botzon und dankt den Kommunen f\u00fcr die Unterst\u00fctzung. Auch J\u00fcrgen Kr\u00fcll, stellvertretender B\u00fcrgermeister von Eschenburg, versichert: \u201eWir werden auch weiterhin ein offenes Ohr f\u00fcr die Lebenshilfe haben.\u201c<\/p>\n<p>Die Stiftung der Lebenshilfe Dillenburg gibt es seit mittlerweile 28 Jahren. Sie finanziert sich aus Zuwendungen und Erbschaften. Die daraus erwirtschafteten Ertr\u00e4ge kommen direkt den Menschen mit Behinderungen zugute \u2013 \u00fcber Einrichtungen, Angebote und gezielte Projekte. \u201eEs freut mich, dass die Lebenshilfe nun auch \u2013 zumindest vor\u00fcbergehend \u2013 in Dietzh\u00f6lztal beheimatet ist\u201c, so Stiftungsratsvorsitzender Vincenz Heiliger.<\/p>\n<p>Besonders gro\u00df war dar\u00fcber auch die Freude bei Simon Braun, dem stellvertretenden B\u00fcrgermeister von Dietzh\u00f6lztal \u2013 zugleich Leiter des Personalwesens bei der Lebenshilfe: \u201eMit dem Umzug nach Ewersbach geht einer meiner Herzensw\u00fcnsche in Erf\u00fcllung.\u201c<\/p>\n","protected":false},"excerpt":{"rendered":"<p>Die Stiftung der Lebenshilfe Dillenburg stellt 3700 Euro zur Verf\u00fcgung, um den Umzug der Aktenvernichtungsanlage der Werkstatt Eibelshausen ins benachbarte Dietzh\u00f6lztal-Ewersbach zu erm\u00f6glichen. Die Spende flie\u00dft in die n\u00f6tigen Umbauarbeiten in der neuen Halle.<\/p>\n","protected":false},"author":4,"featured_media":7207,"comment_status":"closed","ping_status":"closed","sticky":false,"template":"","format":"standard","meta":{"_acf_changed":false,"_gspb_post_css":"","_kad_blocks_custom_css":"","_kad_blocks_head_custom_js":"","_kad_blocks_body_custom_js":"","_kad_blocks_footer_custom_js":"","_kad_post_transparent":"","_kad_post_title":"","_kad_post_layout":"","_kad_post_sidebar_id":"","_kad_post_content_style":"","_kad_post_vertical_padding":"","_kad_post_feature":"","_kad_post_feature_position":"","_kad_post_header":false,"_kad_post_footer":false,"_kad_post_classname":"","footnotes":""},"categories":[53],"tags":[],"class_list":["post-7164","post","type-post","status-publish","format-standard","has-post-thumbnail","hentry","category-meldungen"],"acf":[],"yoast_head":"<!-- This site is optimized with the Yoast SEO plugin v27.5 - https:\/\/yoast.com\/product\/yoast-seo-wordpress\/ -->\n<title>Stiftung spendet f\u00fcr Aktenvernichtung - Lebenshilfe Dillenburg e.V.<\/title>\n<meta name=\"robots\" content=\"index, follow, max-snippet:-1, max-image-preview:large, max-video-preview:-1\" \/>\n<link rel=\"canonical\" href=\"https:\/\/lebenshilfe-dillenburg.de\/leicht\/stiftung-spendet-fuer-aktenvernichtung-2\/\" \/>\n<meta property=\"og:locale\" content=\"de_DE\" \/>\n<meta property=\"og:type\" content=\"article\" \/>\n<meta property=\"og:title\" content=\"Stiftung spendet f\u00fcr Aktenvernichtung - Lebenshilfe Dillenburg e.V.\" \/>\n<meta property=\"og:description\" content=\"Die Stiftung der Lebenshilfe Dillenburg stellt 3700 Euro zur Verf\u00fcgung, um den Umzug der Aktenvernichtungsanlage der Werkstatt Eibelshausen ins benachbarte Dietzh\u00f6lztal-Ewersbach zu erm\u00f6glichen. Die Spende flie\u00dft in die n\u00f6tigen Umbauarbeiten in der neuen Halle.\" \/>\n<meta property=\"og:url\" content=\"https:\/\/lebenshilfe-dillenburg.de\/leicht\/stiftung-spendet-fuer-aktenvernichtung-2\/\" \/>\n<meta property=\"og:site_name\" content=\"Lebenshilfe Dillenburg e.V.\" \/>\n<meta property=\"article:publisher\" content=\"https:\/\/www.facebook.com\/lebenshilfedillenburg\/\" \/>\n<meta property=\"article:published_time\" content=\"2025-05-05T14:47:05+00:00\" \/>\n<meta property=\"article:modified_time\" content=\"2026-01-30T11:09:44+00:00\" \/>\n<meta property=\"og:image\" content=\"https:\/\/lebenshilfe-dillenburg.de\/wp-content\/uploads\/img-5923-img-5923-1-1.jpg\" \/>\n\t<meta property=\"og:image:width\" content=\"1257\" \/>\n\t<meta property=\"og:image:height\" content=\"1010\" \/>\n\t<meta property=\"og:image:type\" content=\"image\/jpeg\" \/>\n<meta name=\"author\" content=\"Conny Holtfoth\" \/>\n<meta name=\"twitter:card\" content=\"summary_large_image\" \/>\n<meta name=\"twitter:label1\" content=\"Geschrieben von\" \/>\n\t<meta name=\"twitter:data1\" content=\"Conny Holtfoth\" \/>\n\t<meta name=\"twitter:label2\" content=\"Gesch\u00e4tzte Lesezeit\" \/>\n\t<meta name=\"twitter:data2\" content=\"2\u00a0Minuten\" \/>\n<script type=\"application\/ld+json\" class=\"yoast-schema-graph\">{\"@context\":\"https:\\\/\\\/schema.org\",\"@graph\":[{\"@type\":\"Article\",\"@id\":\"https:\\\/\\\/lebenshilfe-dillenburg.de\\\/leicht\\\/stiftung-spendet-fuer-aktenvernichtung-2\\\/#article\",\"isPartOf\":{\"@id\":\"https:\\\/\\\/lebenshilfe-dillenburg.de\\\/leicht\\\/stiftung-spendet-fuer-aktenvernichtung-2\\\/\"},\"author\":{\"name\":\"Conny Holtfoth\",\"@id\":\"https:\\\/\\\/lebenshilfe-dillenburg.de\\\/leicht\\\/#\\\/schema\\\/person\\\/b6c52dad8d881b49213c3345a7cd5efe\"},\"headline\":\"Stiftung spendet f\u00fcr Aktenvernichtung\",\"datePublished\":\"2025-05-05T14:47:05+00:00\",\"dateModified\":\"2026-01-30T11:09:44+00:00\",\"mainEntityOfPage\":{\"@id\":\"https:\\\/\\\/lebenshilfe-dillenburg.de\\\/leicht\\\/stiftung-spendet-fuer-aktenvernichtung-2\\\/\"},\"wordCount\":488,\"publisher\":{\"@id\":\"https:\\\/\\\/lebenshilfe-dillenburg.de\\\/leicht\\\/#organization\"},\"image\":{\"@id\":\"https:\\\/\\\/lebenshilfe-dillenburg.de\\\/leicht\\\/stiftung-spendet-fuer-aktenvernichtung-2\\\/#primaryimage\"},\"thumbnailUrl\":\"https:\\\/\\\/lebenshilfe-dillenburg.de\\\/wp-content\\\/uploads\\\/spendencheck-3700-euro-lebenshilfe-dillenburg-gruppenfoto.jpg\",\"articleSection\":[\"Meldungen\"],\"inLanguage\":\"de\"},{\"@type\":\"WebPage\",\"@id\":\"https:\\\/\\\/lebenshilfe-dillenburg.de\\\/leicht\\\/stiftung-spendet-fuer-aktenvernichtung-2\\\/\",\"url\":\"https:\\\/\\\/lebenshilfe-dillenburg.de\\\/leicht\\\/stiftung-spendet-fuer-aktenvernichtung-2\\\/\",\"name\":\"Stiftung spendet f\u00fcr Aktenvernichtung - Lebenshilfe Dillenburg e.V.\",\"isPartOf\":{\"@id\":\"https:\\\/\\\/lebenshilfe-dillenburg.de\\\/leicht\\\/#website\"},\"primaryImageOfPage\":{\"@id\":\"https:\\\/\\\/lebenshilfe-dillenburg.de\\\/leicht\\\/stiftung-spendet-fuer-aktenvernichtung-2\\\/#primaryimage\"},\"image\":{\"@id\":\"https:\\\/\\\/lebenshilfe-dillenburg.de\\\/leicht\\\/stiftung-spendet-fuer-aktenvernichtung-2\\\/#primaryimage\"},\"thumbnailUrl\":\"https:\\\/\\\/lebenshilfe-dillenburg.de\\\/wp-content\\\/uploads\\\/spendencheck-3700-euro-lebenshilfe-dillenburg-gruppenfoto.jpg\",\"datePublished\":\"2025-05-05T14:47:05+00:00\",\"dateModified\":\"2026-01-30T11:09:44+00:00\",\"breadcrumb\":{\"@id\":\"https:\\\/\\\/lebenshilfe-dillenburg.de\\\/leicht\\\/stiftung-spendet-fuer-aktenvernichtung-2\\\/#breadcrumb\"},\"inLanguage\":\"de\",\"potentialAction\":[{\"@type\":\"ReadAction\",\"target\":[\"https:\\\/\\\/lebenshilfe-dillenburg.de\\\/leicht\\\/stiftung-spendet-fuer-aktenvernichtung-2\\\/\"]}]},{\"@type\":\"ImageObject\",\"inLanguage\":\"de\",\"@id\":\"https:\\\/\\\/lebenshilfe-dillenburg.de\\\/leicht\\\/stiftung-spendet-fuer-aktenvernichtung-2\\\/#primaryimage\",\"url\":\"https:\\\/\\\/lebenshilfe-dillenburg.de\\\/wp-content\\\/uploads\\\/spendencheck-3700-euro-lebenshilfe-dillenburg-gruppenfoto.jpg\",\"contentUrl\":\"https:\\\/\\\/lebenshilfe-dillenburg.de\\\/wp-content\\\/uploads\\\/spendencheck-3700-euro-lebenshilfe-dillenburg-gruppenfoto.jpg\",\"width\":1257,\"height\":1010,\"caption\":\"Jochen M\u00fcller (l.) und Vincenz Heiliger (2.v.l.) \u00fcberreichen an (v.l.) Lars L\u00fcckoff, Dirk Botzon und Benjamin Weyerich den symbolischen Spendenscheck im Beisein von Simon Braun und J\u00fcrgen Kr\u00fcll. (Foto: Holtfoth)\"},{\"@type\":\"BreadcrumbList\",\"@id\":\"https:\\\/\\\/lebenshilfe-dillenburg.de\\\/leicht\\\/stiftung-spendet-fuer-aktenvernichtung-2\\\/#breadcrumb\",\"itemListElement\":[{\"@type\":\"ListItem\",\"position\":1,\"name\":\"Startseite der Lebenshilfe Dillenburg\",\"item\":\"https:\\\/\\\/lebenshilfe-dillenburg.de\\\/leicht\\\/\"},{\"@type\":\"ListItem\",\"position\":2,\"name\":\"Stiftung spendet f\u00fcr Aktenvernichtung\"}]},{\"@type\":\"WebSite\",\"@id\":\"https:\\\/\\\/lebenshilfe-dillenburg.de\\\/leicht\\\/#website\",\"url\":\"https:\\\/\\\/lebenshilfe-dillenburg.de\\\/leicht\\\/\",\"name\":\"Lebenshilfe Dillenburg \u2013 Teilhabe & Unterst\u00fctzung im Lahn-Dill-Kreis\",\"description\":\"\",\"publisher\":{\"@id\":\"https:\\\/\\\/lebenshilfe-dillenburg.de\\\/leicht\\\/#organization\"},\"potentialAction\":[{\"@type\":\"SearchAction\",\"target\":{\"@type\":\"EntryPoint\",\"urlTemplate\":\"https:\\\/\\\/lebenshilfe-dillenburg.de\\\/leicht\\\/?s={search_term_string}\"},\"query-input\":{\"@type\":\"PropertyValueSpecification\",\"valueRequired\":true,\"valueName\":\"search_term_string\"}}],\"inLanguage\":\"de\"},{\"@type\":\"Organization\",\"@id\":\"https:\\\/\\\/lebenshilfe-dillenburg.de\\\/leicht\\\/#organization\",\"name\":\"Lebenshilfe Dillenburg e.V.\",\"url\":\"https:\\\/\\\/lebenshilfe-dillenburg.de\\\/leicht\\\/\",\"logo\":{\"@type\":\"ImageObject\",\"inLanguage\":\"de\",\"@id\":\"https:\\\/\\\/lebenshilfe-dillenburg.de\\\/leicht\\\/#\\\/schema\\\/logo\\\/image\\\/\",\"url\":\"https:\\\/\\\/lebenshilfe-dillenburg.de\\\/wp-content\\\/uploads\\\/lebenshilfe-dillenburg-desktop.webp\",\"contentUrl\":\"https:\\\/\\\/lebenshilfe-dillenburg.de\\\/wp-content\\\/uploads\\\/lebenshilfe-dillenburg-desktop.webp\",\"width\":461,\"height\":202,\"caption\":\"Lebenshilfe Dillenburg e.V.\"},\"image\":{\"@id\":\"https:\\\/\\\/lebenshilfe-dillenburg.de\\\/leicht\\\/#\\\/schema\\\/logo\\\/image\\\/\"},\"sameAs\":[\"https:\\\/\\\/www.facebook.com\\\/lebenshilfedillenburg\\\/\",\"https:\\\/\\\/www.instagram.com\\\/lebenshilfe_dillenburg\\\/\"]},{\"@type\":\"Person\",\"@id\":\"https:\\\/\\\/lebenshilfe-dillenburg.de\\\/leicht\\\/#\\\/schema\\\/person\\\/b6c52dad8d881b49213c3345a7cd5efe\",\"name\":\"Conny Holtfoth\",\"sameAs\":[\"http:\\\/\\\/lebenshilfe-dillenburg.de\"],\"url\":\"https:\\\/\\\/lebenshilfe-dillenburg.de\\\/leicht\\\/author\\\/conny\\\/\"}]}<\/script>\n<!-- \/ Yoast SEO plugin. -->","yoast_head_json":{"title":"Stiftung spendet f\u00fcr Aktenvernichtung - Lebenshilfe Dillenburg e.V.","robots":{"index":"index","follow":"follow","max-snippet":"max-snippet:-1","max-image-preview":"max-image-preview:large","max-video-preview":"max-video-preview:-1"},"canonical":"https:\/\/lebenshilfe-dillenburg.de\/leicht\/stiftung-spendet-fuer-aktenvernichtung-2\/","og_locale":"de_DE","og_type":"article","og_title":"Stiftung spendet f\u00fcr Aktenvernichtung - Lebenshilfe Dillenburg e.V.","og_description":"Die Stiftung der Lebenshilfe Dillenburg stellt 3700 Euro zur Verf\u00fcgung, um den Umzug der Aktenvernichtungsanlage der Werkstatt Eibelshausen ins benachbarte Dietzh\u00f6lztal-Ewersbach zu erm\u00f6glichen. Die Spende flie\u00dft in die n\u00f6tigen Umbauarbeiten in der neuen Halle.","og_url":"https:\/\/lebenshilfe-dillenburg.de\/leicht\/stiftung-spendet-fuer-aktenvernichtung-2\/","og_site_name":"Lebenshilfe Dillenburg e.V.","article_publisher":"https:\/\/www.facebook.com\/lebenshilfedillenburg\/","article_published_time":"2025-05-05T14:47:05+00:00","article_modified_time":"2026-01-30T11:09:44+00:00","og_image":[{"width":1257,"height":1010,"url":"https:\/\/lebenshilfe-dillenburg.de\/wp-content\/uploads\/img-5923-img-5923-1-1.jpg","type":"image\/jpeg"}],"author":"Conny Holtfoth","twitter_card":"summary_large_image","twitter_misc":{"Geschrieben von":"Conny Holtfoth","Gesch\u00e4tzte Lesezeit":"2\u00a0Minuten"},"schema":{"@context":"https:\/\/schema.org","@graph":[{"@type":"Article","@id":"https:\/\/lebenshilfe-dillenburg.de\/leicht\/stiftung-spendet-fuer-aktenvernichtung-2\/#article","isPartOf":{"@id":"https:\/\/lebenshilfe-dillenburg.de\/leicht\/stiftung-spendet-fuer-aktenvernichtung-2\/"},"author":{"name":"Conny Holtfoth","@id":"https:\/\/lebenshilfe-dillenburg.de\/leicht\/#\/schema\/person\/b6c52dad8d881b49213c3345a7cd5efe"},"headline":"Stiftung spendet f\u00fcr Aktenvernichtung","datePublished":"2025-05-05T14:47:05+00:00","dateModified":"2026-01-30T11:09:44+00:00","mainEntityOfPage":{"@id":"https:\/\/lebenshilfe-dillenburg.de\/leicht\/stiftung-spendet-fuer-aktenvernichtung-2\/"},"wordCount":488,"publisher":{"@id":"https:\/\/lebenshilfe-dillenburg.de\/leicht\/#organization"},"image":{"@id":"https:\/\/lebenshilfe-dillenburg.de\/leicht\/stiftung-spendet-fuer-aktenvernichtung-2\/#primaryimage"},"thumbnailUrl":"https:\/\/lebenshilfe-dillenburg.de\/wp-content\/uploads\/spendencheck-3700-euro-lebenshilfe-dillenburg-gruppenfoto.jpg","articleSection":["Meldungen"],"inLanguage":"de"},{"@type":"WebPage","@id":"https:\/\/lebenshilfe-dillenburg.de\/leicht\/stiftung-spendet-fuer-aktenvernichtung-2\/","url":"https:\/\/lebenshilfe-dillenburg.de\/leicht\/stiftung-spendet-fuer-aktenvernichtung-2\/","name":"Stiftung spendet f\u00fcr Aktenvernichtung - Lebenshilfe Dillenburg e.V.","isPartOf":{"@id":"https:\/\/lebenshilfe-dillenburg.de\/leicht\/#website"},"primaryImageOfPage":{"@id":"https:\/\/lebenshilfe-dillenburg.de\/leicht\/stiftung-spendet-fuer-aktenvernichtung-2\/#primaryimage"},"image":{"@id":"https:\/\/lebenshilfe-dillenburg.de\/leicht\/stiftung-spendet-fuer-aktenvernichtung-2\/#primaryimage"},"thumbnailUrl":"https:\/\/lebenshilfe-dillenburg.de\/wp-content\/uploads\/spendencheck-3700-euro-lebenshilfe-dillenburg-gruppenfoto.jpg","datePublished":"2025-05-05T14:47:05+00:00","dateModified":"2026-01-30T11:09:44+00:00","breadcrumb":{"@id":"https:\/\/lebenshilfe-dillenburg.de\/leicht\/stiftung-spendet-fuer-aktenvernichtung-2\/#breadcrumb"},"inLanguage":"de","potentialAction":[{"@type":"ReadAction","target":["https:\/\/lebenshilfe-dillenburg.de\/leicht\/stiftung-spendet-fuer-aktenvernichtung-2\/"]}]},{"@type":"ImageObject","inLanguage":"de","@id":"https:\/\/lebenshilfe-dillenburg.de\/leicht\/stiftung-spendet-fuer-aktenvernichtung-2\/#primaryimage","url":"https:\/\/lebenshilfe-dillenburg.de\/wp-content\/uploads\/spendencheck-3700-euro-lebenshilfe-dillenburg-gruppenfoto.jpg","contentUrl":"https:\/\/lebenshilfe-dillenburg.de\/wp-content\/uploads\/spendencheck-3700-euro-lebenshilfe-dillenburg-gruppenfoto.jpg","width":1257,"height":1010,"caption":"Jochen M\u00fcller (l.) und Vincenz Heiliger (2.v.l.) \u00fcberreichen an (v.l.) Lars L\u00fcckoff, Dirk Botzon und Benjamin Weyerich den symbolischen Spendenscheck im Beisein von Simon Braun und J\u00fcrgen Kr\u00fcll. (Foto: Holtfoth)"},{"@type":"BreadcrumbList","@id":"https:\/\/lebenshilfe-dillenburg.de\/leicht\/stiftung-spendet-fuer-aktenvernichtung-2\/#breadcrumb","itemListElement":[{"@type":"ListItem","position":1,"name":"Startseite der Lebenshilfe Dillenburg","item":"https:\/\/lebenshilfe-dillenburg.de\/leicht\/"},{"@type":"ListItem","position":2,"name":"Stiftung spendet f\u00fcr Aktenvernichtung"}]},{"@type":"WebSite","@id":"https:\/\/lebenshilfe-dillenburg.de\/leicht\/#website","url":"https:\/\/lebenshilfe-dillenburg.de\/leicht\/","name":"Lebenshilfe Dillenburg \u2013 Teilhabe & Unterst\u00fctzung im Lahn-Dill-Kreis","description":"","publisher":{"@id":"https:\/\/lebenshilfe-dillenburg.de\/leicht\/#organization"},"potentialAction":[{"@type":"SearchAction","target":{"@type":"EntryPoint","urlTemplate":"https:\/\/lebenshilfe-dillenburg.de\/leicht\/?s={search_term_string}"},"query-input":{"@type":"PropertyValueSpecification","valueRequired":true,"valueName":"search_term_string"}}],"inLanguage":"de"},{"@type":"Organization","@id":"https:\/\/lebenshilfe-dillenburg.de\/leicht\/#organization","name":"Lebenshilfe Dillenburg e.V.","url":"https:\/\/lebenshilfe-dillenburg.de\/leicht\/","logo":{"@type":"ImageObject","inLanguage":"de","@id":"https:\/\/lebenshilfe-dillenburg.de\/leicht\/#\/schema\/logo\/image\/","url":"https:\/\/lebenshilfe-dillenburg.de\/wp-content\/uploads\/lebenshilfe-dillenburg-desktop.webp","contentUrl":"https:\/\/lebenshilfe-dillenburg.de\/wp-content\/uploads\/lebenshilfe-dillenburg-desktop.webp","width":461,"height":202,"caption":"Lebenshilfe Dillenburg e.V."},"image":{"@id":"https:\/\/lebenshilfe-dillenburg.de\/leicht\/#\/schema\/logo\/image\/"},"sameAs":["https:\/\/www.facebook.com\/lebenshilfedillenburg\/","https:\/\/www.instagram.com\/lebenshilfe_dillenburg\/"]},{"@type":"Person","@id":"https:\/\/lebenshilfe-dillenburg.de\/leicht\/#\/schema\/person\/b6c52dad8d881b49213c3345a7cd5efe","name":"Conny Holtfoth","sameAs":["http:\/\/lebenshilfe-dillenburg.de"],"url":"https:\/\/lebenshilfe-dillenburg.de\/leicht\/author\/conny\/"}]}},"taxonomy_info":{"category":[{"value":53,"label":"Meldungen"}]},"featured_image_src_large":["https:\/\/lebenshilfe-dillenburg.de\/wp-content\/uploads\/spendencheck-3700-euro-lebenshilfe-dillenburg-gruppenfoto.jpg",1257,1010,false],"author_info":{"display_name":"Conny Holtfoth","author_link":"https:\/\/lebenshilfe-dillenburg.de\/leicht\/author\/conny\/"},"comment_info":0,"category_info":[{"term_id":53,"name":"Meldungen","slug":"meldungen","term_group":0,"term_taxonomy_id":53,"taxonomy":"category","description":"","parent":0,"count":127,"filter":"raw","term_order":"5","cat_ID":53,"category_count":127,"category_description":"","cat_name":"Meldungen","category_nicename":"meldungen","category_parent":0}],"tag_info":false,"_links":{"self":[{"href":"https:\/\/lebenshilfe-dillenburg.de\/leicht\/wp-json\/wp\/v2\/posts\/7164","targetHints":{"allow":["GET"]}}],"collection":[{"href":"https:\/\/lebenshilfe-dillenburg.de\/leicht\/wp-json\/wp\/v2\/posts"}],"about":[{"href":"https:\/\/lebenshilfe-dillenburg.de\/leicht\/wp-json\/wp\/v2\/types\/post"}],"author":[{"embeddable":true,"href":"https:\/\/lebenshilfe-dillenburg.de\/leicht\/wp-json\/wp\/v2\/users\/4"}],"replies":[{"embeddable":true,"href":"https:\/\/lebenshilfe-dillenburg.de\/leicht\/wp-json\/wp\/v2\/comments?post=7164"}],"version-history":[{"count":0,"href":"https:\/\/lebenshilfe-dillenburg.de\/leicht\/wp-json\/wp\/v2\/posts\/7164\/revisions"}],"wp:featuredmedia":[{"embeddable":true,"href":"https:\/\/lebenshilfe-dillenburg.de\/leicht\/wp-json\/wp\/v2\/media\/7207"}],"wp:attachment":[{"href":"https:\/\/lebenshilfe-dillenburg.de\/leicht\/wp-json\/wp\/v2\/media?parent=7164"}],"wp:term":[{"taxonomy":"category","embeddable":true,"href":"https:\/\/lebenshilfe-dillenburg.de\/leicht\/wp-json\/wp\/v2\/categories?post=7164"},{"taxonomy":"post_tag","embeddable":true,"href":"https:\/\/lebenshilfe-dillenburg.de\/leicht\/wp-json\/wp\/v2\/tags?post=7164"}],"curies":[{"name":"wp","href":"https:\/\/api.w.org\/{rel}","templated":true}]}}