{"id":7167,"date":"2025-05-14T11:35:45","date_gmt":"2025-05-14T09:35:45","guid":{"rendered":"https:\/\/www.lebenshilfe-dillenburg.de\/?p=4945"},"modified":"2026-01-30T12:09:43","modified_gmt":"2026-01-30T11:09:43","slug":"spannende-einblicke-in-die-werkstaetten","status":"publish","type":"post","link":"https:\/\/lebenshilfe-dillenburg.de\/leicht\/spannende-einblicke-in-die-werkstaetten\/","title":{"rendered":"Spannende Einblicke in die Werkst\u00e4tten"},"content":{"rendered":"<p>Wie vielf\u00e4ltig, hochwertig und lebendig die Arbeit in den Werkst\u00e4tten der Lebenshilfe Dillenburg ist, davon haben sich jetzt zahlreiche Besucherinnen und Besucher selbst \u00fcberzeugt. Beim \u201eTag der offenen T\u00fcren\u201c in der Reha-Werkstatt Haiger und der Werkstatt Oberscheld \u00f6ffnete die Lebenshilfe im Rahmen ihres 60-j\u00e4hrigen Jubil\u00e4ums gleich zwei Standorte \u2013 und begeisterte mit einem abwechslungsreichen Programm, vielen Einblicken und pers\u00f6nlichen Begegnungen.<!--more--><\/p>\n<p>Von Eltern zuk\u00fcnftiger Besch\u00e4ftigter \u00fcber langj\u00e4hrige Industriekunden bis hin zu ganz allgemein interessierten G\u00e4sten war alles dabei. Viele nutzten die Gelegenheit, sich bei F\u00fchrungen und Mitmachstationen einen eigenen Eindruck von der Werkstattarbeit zu verschaffen, sich auszutauschen und Neues kennenzulernen. Auch die Lebenshilfe Altenkirchen, das Lebenshilfewerk Marburg und die Stephanus-Werkstatt Weilburg\/Wetzlar waren mit Delegationen in Haiger zu Gast, um sich inspirieren zu lassen und Impulse f\u00fcr die eigene Arbeit mitzunehmen.<\/p>\n<p>Der Aktionstag stie\u00df auf gro\u00dfe Resonanz: Sowohl in Haiger als auch in Oberscheld herrschte reger Betrieb. Viele zeigten sich beeindruckt von der Bandbreite und Qualit\u00e4t der Arbeit. Ein oft geh\u00f6rter Satz war: \u201eIch h\u00e4tte nie gedacht, was Ihr hier f\u00fcr tolle, hochwertige Arbeiten macht!\u201c<\/p>\n<p>Besonderes Interesse weckten unter anderem die neuen Entwicklungen in der Reha-Werkstatt: etwa neueste Holzarbeiten wie ein rollstuhlgerechtes Hochbeet oder der Prototyp eines Hochsitzes. Auch in der B\u00fccherstube hat sich viel getan: Ein moderner Paternoster sorgt nun f\u00fcr eine geordnete Lagerung der B\u00fccher, die nach Kategorien sortiert online zum Verkauf stehen.<\/p>\n<p>\u201eWir freuen uns immer \u00fcber neue Kundenanfragen\u201c, sagte Matthias A\u00dfmann, Leiter der Reha-Werkstatt. \u201eWir versuchen, viele Ideen und W\u00fcnsche umzusetzen.\u201c Besonders stolz ist er auf das Arbeitsklima: \u201eHier gehen alle sehr wertsch\u00e4tzend miteinander um, man unterst\u00fctzt sich, man achtet aufeinander \u2013 davon k\u00f6nnten sich viele eine Scheibe abschneiden.\u201c<\/p>\n<p>Die Werkstatt Oberscheld feierte nicht nur den Tag der offenen T\u00fcr, sondern auch ihr 40-j\u00e4hriges Bestehen. G\u00e4ste tauchten dort in die Produktionsabl\u00e4ufe von Sicherungsk\u00e4sten und Kabelkonfektionierung ein oder verweilten bei Waffeln und Leckereien vom Grill. Ein besonderes Highlight war der Besuch des Modelabels Mosja aus Neunkirchen mit Modenschau und Verkaufsstand: Die neue Sommerkollektion hatte Lejla Sabanovic, Besch\u00e4ftigte der Werkstatt Oberscheld, in einem inklusiven Designprozess mitgestaltet.<\/p>\n<p>\u201eUnsere Besch\u00e4ftigten arbeiten sehr gewissenhaft und mit einem hohen Ma\u00df an Qualit\u00e4t\u201c, hielt Stefan Betz, Leiter der Werkstatt Oberscheld, fest. Der Aktionstag bot eine Plattform, um diese Kompetenz sichtbar zu machen \u2013 und wurde von vielen G\u00e4sten als Augen\u00f6ffner erlebt.<\/p>\n<p>Auch die lokale Politik w\u00fcrdigte das Engagement der Lebenshilfe mit ihrer Anwesenheit: Dillenburgs B\u00fcrgermeister Michael Lotz besuchte die Werkstatt Oberscheld, w\u00e4hrend Haigers B\u00fcrgermeister Mario Schramm sich am Standort Haiger durch die Einrichtung f\u00fchren lie\u00df.<\/p>\n<p>Die Verantwortlichen der Lebenshilfe Dillenburg zeigten sich sehr zufrieden mit dem Verlauf und der Resonanz des Aktionstags. \u201eEs war eine sehr gelungene Veranstaltung, die vor allem auch den Zweck erf\u00fcllt hat, vermeintliche Vorstellungen und auch Vorurteile \u00fcber Werkstattarbeit und Menschen mit Beeintr\u00e4chtigungen gerade zu r\u00fccken und deutlich positiver zu belegen\u201c, res\u00fcmierte A\u00dfmann.<\/p>\n<p>Die Werkst\u00e4tten sind nicht nur Arbeitsorte \u2013 sie sind Orte des Miteinanders, des Lernens und der Teilhabe. Der Tag der offenen T\u00fcren hat das auf eindrucksvolle Weise erlebbar gemacht. Und nicht nur an diesem einen Tag: In der Reha-Werkstatt Haiger sei \u2013 dank Hofladen \u2013 quasi t\u00e4glich \u201eTag der offenen T\u00fcr\u201c, so A\u00dfmann. Besucher sind dort jederzeit herzlich willkommen.<\/p>\n<p>Der Aktionstag war Teil des Jubil\u00e4umsjahrs der Lebenshilfe Dillenburg, die 2025 auf 60 Jahre Engagement f\u00fcr Menschen mit Beeintr\u00e4chtigung zur\u00fcckblickt. Am 11. September werden sich am Standort Flammersbach alle weiteren Werkst\u00e4tten und Arbeitsbereiche, unter anderem die Betriebsintegrierte Besch\u00e4ftigung, vorstellen.<\/p>\n\n","protected":false},"excerpt":{"rendered":"<p>Wie vielf\u00e4ltig, hochwertig und lebendig die Arbeit in den Werkst\u00e4tten der Lebenshilfe Dillenburg ist, davon haben sich jetzt zahlreiche Besucherinnen und Besucher selbst \u00fcberzeugt. Beim \u201eTag der offenen T\u00fcren\u201c in der Reha-Werkstatt Haiger und der Werkstatt Oberscheld \u00f6ffnete die Lebenshilfe im Rahmen ihres 60-j\u00e4hrigen Jubil\u00e4ums gleich zwei Standorte \u2013 und begeisterte mit einem abwechslungsreichen Programm,&#8230;<\/p>\n","protected":false},"author":4,"featured_media":7208,"comment_status":"closed","ping_status":"closed","sticky":false,"template":"","format":"standard","meta":{"_acf_changed":false,"_gspb_post_css":"","_kad_blocks_custom_css":"","_kad_blocks_head_custom_js":"","_kad_blocks_body_custom_js":"","_kad_blocks_footer_custom_js":"","_kad_post_transparent":"","_kad_post_title":"","_kad_post_layout":"","_kad_post_sidebar_id":"","_kad_post_content_style":"","_kad_post_vertical_padding":"","_kad_post_feature":"","_kad_post_feature_position":"","_kad_post_header":false,"_kad_post_footer":false,"_kad_post_classname":"","footnotes":""},"categories":[53],"tags":[],"class_list":["post-7167","post","type-post","status-publish","format-standard","has-post-thumbnail","hentry","category-meldungen"],"acf":[],"yoast_head":"<!-- This site is optimized with the Yoast SEO plugin v27.5 - https:\/\/yoast.com\/product\/yoast-seo-wordpress\/ -->\n<title>Spannende Einblicke in die Werkst\u00e4tten - Lebenshilfe Dillenburg e.V.<\/title>\n<meta name=\"robots\" content=\"index, follow, max-snippet:-1, max-image-preview:large, max-video-preview:-1\" \/>\n<link rel=\"canonical\" href=\"https:\/\/lebenshilfe-dillenburg.de\/leicht\/spannende-einblicke-in-die-werkstaetten\/\" \/>\n<meta property=\"og:locale\" content=\"de_DE\" \/>\n<meta property=\"og:type\" content=\"article\" \/>\n<meta property=\"og:title\" content=\"Spannende Einblicke in die Werkst\u00e4tten - Lebenshilfe Dillenburg e.V.\" \/>\n<meta property=\"og:description\" content=\"Wie vielf\u00e4ltig, hochwertig und lebendig die Arbeit in den Werkst\u00e4tten der Lebenshilfe Dillenburg ist, davon haben sich jetzt zahlreiche Besucherinnen und Besucher selbst \u00fcberzeugt. Beim \u201eTag der offenen T\u00fcren\u201c in der Reha-Werkstatt Haiger und der Werkstatt Oberscheld \u00f6ffnete die Lebenshilfe im Rahmen ihres 60-j\u00e4hrigen Jubil\u00e4ums gleich zwei Standorte \u2013 und begeisterte mit einem abwechslungsreichen Programm,...\" \/>\n<meta property=\"og:url\" content=\"https:\/\/lebenshilfe-dillenburg.de\/leicht\/spannende-einblicke-in-die-werkstaetten\/\" \/>\n<meta property=\"og:site_name\" content=\"Lebenshilfe Dillenburg e.V.\" \/>\n<meta property=\"article:publisher\" content=\"https:\/\/www.facebook.com\/lebenshilfedillenburg\/\" \/>\n<meta property=\"article:published_time\" content=\"2025-05-14T09:35:45+00:00\" \/>\n<meta property=\"article:modified_time\" content=\"2026-01-30T11:09:43+00:00\" \/>\n<meta property=\"og:image\" content=\"https:\/\/lebenshilfe-dillenburg.de\/wp-content\/uploads\/img-6021-img-6021-scaled-2.jpg\" \/>\n\t<meta property=\"og:image:width\" content=\"2560\" \/>\n\t<meta property=\"og:image:height\" content=\"1920\" \/>\n\t<meta property=\"og:image:type\" content=\"image\/jpeg\" \/>\n<meta name=\"author\" content=\"Conny Holtfoth\" \/>\n<meta name=\"twitter:card\" content=\"summary_large_image\" \/>\n<meta name=\"twitter:label1\" content=\"Geschrieben von\" \/>\n\t<meta name=\"twitter:data1\" content=\"Conny Holtfoth\" \/>\n\t<meta name=\"twitter:label2\" content=\"Gesch\u00e4tzte Lesezeit\" \/>\n\t<meta name=\"twitter:data2\" content=\"3\u00a0Minuten\" \/>\n<script type=\"application\/ld+json\" class=\"yoast-schema-graph\">{\"@context\":\"https:\\\/\\\/schema.org\",\"@graph\":[{\"@type\":\"Article\",\"@id\":\"https:\\\/\\\/lebenshilfe-dillenburg.de\\\/leicht\\\/spannende-einblicke-in-die-werkstaetten\\\/#article\",\"isPartOf\":{\"@id\":\"https:\\\/\\\/lebenshilfe-dillenburg.de\\\/leicht\\\/spannende-einblicke-in-die-werkstaetten\\\/\"},\"author\":{\"name\":\"Conny Holtfoth\",\"@id\":\"https:\\\/\\\/lebenshilfe-dillenburg.de\\\/leicht\\\/#\\\/schema\\\/person\\\/b6c52dad8d881b49213c3345a7cd5efe\"},\"headline\":\"Spannende Einblicke in die Werkst\u00e4tten\",\"datePublished\":\"2025-05-14T09:35:45+00:00\",\"dateModified\":\"2026-01-30T11:09:43+00:00\",\"mainEntityOfPage\":{\"@id\":\"https:\\\/\\\/lebenshilfe-dillenburg.de\\\/leicht\\\/spannende-einblicke-in-die-werkstaetten\\\/\"},\"wordCount\":618,\"publisher\":{\"@id\":\"https:\\\/\\\/lebenshilfe-dillenburg.de\\\/leicht\\\/#organization\"},\"image\":{\"@id\":\"https:\\\/\\\/lebenshilfe-dillenburg.de\\\/leicht\\\/spannende-einblicke-in-die-werkstaetten\\\/#primaryimage\"},\"thumbnailUrl\":\"https:\\\/\\\/lebenshilfe-dillenburg.de\\\/wp-content\\\/uploads\\\/dillenburg-buergermeister-lotz-besuch-oberscheld.jpg\",\"articleSection\":[\"Meldungen\"],\"inLanguage\":\"de\"},{\"@type\":\"WebPage\",\"@id\":\"https:\\\/\\\/lebenshilfe-dillenburg.de\\\/leicht\\\/spannende-einblicke-in-die-werkstaetten\\\/\",\"url\":\"https:\\\/\\\/lebenshilfe-dillenburg.de\\\/leicht\\\/spannende-einblicke-in-die-werkstaetten\\\/\",\"name\":\"Spannende Einblicke in die Werkst\u00e4tten - Lebenshilfe Dillenburg e.V.\",\"isPartOf\":{\"@id\":\"https:\\\/\\\/lebenshilfe-dillenburg.de\\\/leicht\\\/#website\"},\"primaryImageOfPage\":{\"@id\":\"https:\\\/\\\/lebenshilfe-dillenburg.de\\\/leicht\\\/spannende-einblicke-in-die-werkstaetten\\\/#primaryimage\"},\"image\":{\"@id\":\"https:\\\/\\\/lebenshilfe-dillenburg.de\\\/leicht\\\/spannende-einblicke-in-die-werkstaetten\\\/#primaryimage\"},\"thumbnailUrl\":\"https:\\\/\\\/lebenshilfe-dillenburg.de\\\/wp-content\\\/uploads\\\/dillenburg-buergermeister-lotz-besuch-oberscheld.jpg\",\"datePublished\":\"2025-05-14T09:35:45+00:00\",\"dateModified\":\"2026-01-30T11:09:43+00:00\",\"breadcrumb\":{\"@id\":\"https:\\\/\\\/lebenshilfe-dillenburg.de\\\/leicht\\\/spannende-einblicke-in-die-werkstaetten\\\/#breadcrumb\"},\"inLanguage\":\"de\",\"potentialAction\":[{\"@type\":\"ReadAction\",\"target\":[\"https:\\\/\\\/lebenshilfe-dillenburg.de\\\/leicht\\\/spannende-einblicke-in-die-werkstaetten\\\/\"]}]},{\"@type\":\"ImageObject\",\"inLanguage\":\"de\",\"@id\":\"https:\\\/\\\/lebenshilfe-dillenburg.de\\\/leicht\\\/spannende-einblicke-in-die-werkstaetten\\\/#primaryimage\",\"url\":\"https:\\\/\\\/lebenshilfe-dillenburg.de\\\/wp-content\\\/uploads\\\/dillenburg-buergermeister-lotz-besuch-oberscheld.jpg\",\"contentUrl\":\"https:\\\/\\\/lebenshilfe-dillenburg.de\\\/wp-content\\\/uploads\\\/dillenburg-buergermeister-lotz-besuch-oberscheld.jpg\",\"width\":1440,\"height\":1080,\"caption\":\"B\u00fcrgermeister Michael Lotz besucht Werkstatt Oberscheld, Gruppenfoto mit Mitarbeitern der Dillenburger Werkst\u00e4tten.\"},{\"@type\":\"BreadcrumbList\",\"@id\":\"https:\\\/\\\/lebenshilfe-dillenburg.de\\\/leicht\\\/spannende-einblicke-in-die-werkstaetten\\\/#breadcrumb\",\"itemListElement\":[{\"@type\":\"ListItem\",\"position\":1,\"name\":\"Startseite der Lebenshilfe Dillenburg\",\"item\":\"https:\\\/\\\/lebenshilfe-dillenburg.de\\\/leicht\\\/\"},{\"@type\":\"ListItem\",\"position\":2,\"name\":\"Spannende Einblicke in die Werkst\u00e4tten\"}]},{\"@type\":\"WebSite\",\"@id\":\"https:\\\/\\\/lebenshilfe-dillenburg.de\\\/leicht\\\/#website\",\"url\":\"https:\\\/\\\/lebenshilfe-dillenburg.de\\\/leicht\\\/\",\"name\":\"Lebenshilfe Dillenburg \u2013 Teilhabe & Unterst\u00fctzung im Lahn-Dill-Kreis\",\"description\":\"\",\"publisher\":{\"@id\":\"https:\\\/\\\/lebenshilfe-dillenburg.de\\\/leicht\\\/#organization\"},\"potentialAction\":[{\"@type\":\"SearchAction\",\"target\":{\"@type\":\"EntryPoint\",\"urlTemplate\":\"https:\\\/\\\/lebenshilfe-dillenburg.de\\\/leicht\\\/?s={search_term_string}\"},\"query-input\":{\"@type\":\"PropertyValueSpecification\",\"valueRequired\":true,\"valueName\":\"search_term_string\"}}],\"inLanguage\":\"de\"},{\"@type\":\"Organization\",\"@id\":\"https:\\\/\\\/lebenshilfe-dillenburg.de\\\/leicht\\\/#organization\",\"name\":\"Lebenshilfe Dillenburg e.V.\",\"url\":\"https:\\\/\\\/lebenshilfe-dillenburg.de\\\/leicht\\\/\",\"logo\":{\"@type\":\"ImageObject\",\"inLanguage\":\"de\",\"@id\":\"https:\\\/\\\/lebenshilfe-dillenburg.de\\\/leicht\\\/#\\\/schema\\\/logo\\\/image\\\/\",\"url\":\"https:\\\/\\\/lebenshilfe-dillenburg.de\\\/wp-content\\\/uploads\\\/lebenshilfe-dillenburg-desktop.webp\",\"contentUrl\":\"https:\\\/\\\/lebenshilfe-dillenburg.de\\\/wp-content\\\/uploads\\\/lebenshilfe-dillenburg-desktop.webp\",\"width\":461,\"height\":202,\"caption\":\"Lebenshilfe Dillenburg e.V.\"},\"image\":{\"@id\":\"https:\\\/\\\/lebenshilfe-dillenburg.de\\\/leicht\\\/#\\\/schema\\\/logo\\\/image\\\/\"},\"sameAs\":[\"https:\\\/\\\/www.facebook.com\\\/lebenshilfedillenburg\\\/\",\"https:\\\/\\\/www.instagram.com\\\/lebenshilfe_dillenburg\\\/\"]},{\"@type\":\"Person\",\"@id\":\"https:\\\/\\\/lebenshilfe-dillenburg.de\\\/leicht\\\/#\\\/schema\\\/person\\\/b6c52dad8d881b49213c3345a7cd5efe\",\"name\":\"Conny Holtfoth\",\"sameAs\":[\"http:\\\/\\\/lebenshilfe-dillenburg.de\"],\"url\":\"https:\\\/\\\/lebenshilfe-dillenburg.de\\\/leicht\\\/author\\\/conny\\\/\"}]}<\/script>\n<!-- \/ Yoast SEO plugin. -->","yoast_head_json":{"title":"Spannende Einblicke in die Werkst\u00e4tten - Lebenshilfe Dillenburg e.V.","robots":{"index":"index","follow":"follow","max-snippet":"max-snippet:-1","max-image-preview":"max-image-preview:large","max-video-preview":"max-video-preview:-1"},"canonical":"https:\/\/lebenshilfe-dillenburg.de\/leicht\/spannende-einblicke-in-die-werkstaetten\/","og_locale":"de_DE","og_type":"article","og_title":"Spannende Einblicke in die Werkst\u00e4tten - Lebenshilfe Dillenburg e.V.","og_description":"Wie vielf\u00e4ltig, hochwertig und lebendig die Arbeit in den Werkst\u00e4tten der Lebenshilfe Dillenburg ist, davon haben sich jetzt zahlreiche Besucherinnen und Besucher selbst \u00fcberzeugt. Beim \u201eTag der offenen T\u00fcren\u201c in der Reha-Werkstatt Haiger und der Werkstatt Oberscheld \u00f6ffnete die Lebenshilfe im Rahmen ihres 60-j\u00e4hrigen Jubil\u00e4ums gleich zwei Standorte \u2013 und begeisterte mit einem abwechslungsreichen Programm,...","og_url":"https:\/\/lebenshilfe-dillenburg.de\/leicht\/spannende-einblicke-in-die-werkstaetten\/","og_site_name":"Lebenshilfe Dillenburg e.V.","article_publisher":"https:\/\/www.facebook.com\/lebenshilfedillenburg\/","article_published_time":"2025-05-14T09:35:45+00:00","article_modified_time":"2026-01-30T11:09:43+00:00","og_image":[{"width":2560,"height":1920,"url":"https:\/\/lebenshilfe-dillenburg.de\/wp-content\/uploads\/img-6021-img-6021-scaled-2.jpg","type":"image\/jpeg"}],"author":"Conny Holtfoth","twitter_card":"summary_large_image","twitter_misc":{"Geschrieben von":"Conny Holtfoth","Gesch\u00e4tzte Lesezeit":"3\u00a0Minuten"},"schema":{"@context":"https:\/\/schema.org","@graph":[{"@type":"Article","@id":"https:\/\/lebenshilfe-dillenburg.de\/leicht\/spannende-einblicke-in-die-werkstaetten\/#article","isPartOf":{"@id":"https:\/\/lebenshilfe-dillenburg.de\/leicht\/spannende-einblicke-in-die-werkstaetten\/"},"author":{"name":"Conny Holtfoth","@id":"https:\/\/lebenshilfe-dillenburg.de\/leicht\/#\/schema\/person\/b6c52dad8d881b49213c3345a7cd5efe"},"headline":"Spannende Einblicke in die Werkst\u00e4tten","datePublished":"2025-05-14T09:35:45+00:00","dateModified":"2026-01-30T11:09:43+00:00","mainEntityOfPage":{"@id":"https:\/\/lebenshilfe-dillenburg.de\/leicht\/spannende-einblicke-in-die-werkstaetten\/"},"wordCount":618,"publisher":{"@id":"https:\/\/lebenshilfe-dillenburg.de\/leicht\/#organization"},"image":{"@id":"https:\/\/lebenshilfe-dillenburg.de\/leicht\/spannende-einblicke-in-die-werkstaetten\/#primaryimage"},"thumbnailUrl":"https:\/\/lebenshilfe-dillenburg.de\/wp-content\/uploads\/dillenburg-buergermeister-lotz-besuch-oberscheld.jpg","articleSection":["Meldungen"],"inLanguage":"de"},{"@type":"WebPage","@id":"https:\/\/lebenshilfe-dillenburg.de\/leicht\/spannende-einblicke-in-die-werkstaetten\/","url":"https:\/\/lebenshilfe-dillenburg.de\/leicht\/spannende-einblicke-in-die-werkstaetten\/","name":"Spannende Einblicke in die Werkst\u00e4tten - Lebenshilfe Dillenburg e.V.","isPartOf":{"@id":"https:\/\/lebenshilfe-dillenburg.de\/leicht\/#website"},"primaryImageOfPage":{"@id":"https:\/\/lebenshilfe-dillenburg.de\/leicht\/spannende-einblicke-in-die-werkstaetten\/#primaryimage"},"image":{"@id":"https:\/\/lebenshilfe-dillenburg.de\/leicht\/spannende-einblicke-in-die-werkstaetten\/#primaryimage"},"thumbnailUrl":"https:\/\/lebenshilfe-dillenburg.de\/wp-content\/uploads\/dillenburg-buergermeister-lotz-besuch-oberscheld.jpg","datePublished":"2025-05-14T09:35:45+00:00","dateModified":"2026-01-30T11:09:43+00:00","breadcrumb":{"@id":"https:\/\/lebenshilfe-dillenburg.de\/leicht\/spannende-einblicke-in-die-werkstaetten\/#breadcrumb"},"inLanguage":"de","potentialAction":[{"@type":"ReadAction","target":["https:\/\/lebenshilfe-dillenburg.de\/leicht\/spannende-einblicke-in-die-werkstaetten\/"]}]},{"@type":"ImageObject","inLanguage":"de","@id":"https:\/\/lebenshilfe-dillenburg.de\/leicht\/spannende-einblicke-in-die-werkstaetten\/#primaryimage","url":"https:\/\/lebenshilfe-dillenburg.de\/wp-content\/uploads\/dillenburg-buergermeister-lotz-besuch-oberscheld.jpg","contentUrl":"https:\/\/lebenshilfe-dillenburg.de\/wp-content\/uploads\/dillenburg-buergermeister-lotz-besuch-oberscheld.jpg","width":1440,"height":1080,"caption":"B\u00fcrgermeister Michael Lotz besucht Werkstatt Oberscheld, Gruppenfoto mit Mitarbeitern der Dillenburger Werkst\u00e4tten."},{"@type":"BreadcrumbList","@id":"https:\/\/lebenshilfe-dillenburg.de\/leicht\/spannende-einblicke-in-die-werkstaetten\/#breadcrumb","itemListElement":[{"@type":"ListItem","position":1,"name":"Startseite der Lebenshilfe Dillenburg","item":"https:\/\/lebenshilfe-dillenburg.de\/leicht\/"},{"@type":"ListItem","position":2,"name":"Spannende Einblicke in die Werkst\u00e4tten"}]},{"@type":"WebSite","@id":"https:\/\/lebenshilfe-dillenburg.de\/leicht\/#website","url":"https:\/\/lebenshilfe-dillenburg.de\/leicht\/","name":"Lebenshilfe Dillenburg \u2013 Teilhabe & Unterst\u00fctzung im Lahn-Dill-Kreis","description":"","publisher":{"@id":"https:\/\/lebenshilfe-dillenburg.de\/leicht\/#organization"},"potentialAction":[{"@type":"SearchAction","target":{"@type":"EntryPoint","urlTemplate":"https:\/\/lebenshilfe-dillenburg.de\/leicht\/?s={search_term_string}"},"query-input":{"@type":"PropertyValueSpecification","valueRequired":true,"valueName":"search_term_string"}}],"inLanguage":"de"},{"@type":"Organization","@id":"https:\/\/lebenshilfe-dillenburg.de\/leicht\/#organization","name":"Lebenshilfe Dillenburg e.V.","url":"https:\/\/lebenshilfe-dillenburg.de\/leicht\/","logo":{"@type":"ImageObject","inLanguage":"de","@id":"https:\/\/lebenshilfe-dillenburg.de\/leicht\/#\/schema\/logo\/image\/","url":"https:\/\/lebenshilfe-dillenburg.de\/wp-content\/uploads\/lebenshilfe-dillenburg-desktop.webp","contentUrl":"https:\/\/lebenshilfe-dillenburg.de\/wp-content\/uploads\/lebenshilfe-dillenburg-desktop.webp","width":461,"height":202,"caption":"Lebenshilfe Dillenburg e.V."},"image":{"@id":"https:\/\/lebenshilfe-dillenburg.de\/leicht\/#\/schema\/logo\/image\/"},"sameAs":["https:\/\/www.facebook.com\/lebenshilfedillenburg\/","https:\/\/www.instagram.com\/lebenshilfe_dillenburg\/"]},{"@type":"Person","@id":"https:\/\/lebenshilfe-dillenburg.de\/leicht\/#\/schema\/person\/b6c52dad8d881b49213c3345a7cd5efe","name":"Conny Holtfoth","sameAs":["http:\/\/lebenshilfe-dillenburg.de"],"url":"https:\/\/lebenshilfe-dillenburg.de\/leicht\/author\/conny\/"}]}},"taxonomy_info":{"category":[{"value":53,"label":"Meldungen"}]},"featured_image_src_large":["https:\/\/lebenshilfe-dillenburg.de\/wp-content\/uploads\/dillenburg-buergermeister-lotz-besuch-oberscheld-1920x1440.jpg",1366,1025,true],"author_info":{"display_name":"Conny Holtfoth","author_link":"https:\/\/lebenshilfe-dillenburg.de\/leicht\/author\/conny\/"},"comment_info":0,"category_info":[{"term_id":53,"name":"Meldungen","slug":"meldungen","term_group":0,"term_taxonomy_id":53,"taxonomy":"category","description":"","parent":0,"count":127,"filter":"raw","term_order":"5","cat_ID":53,"category_count":127,"category_description":"","cat_name":"Meldungen","category_nicename":"meldungen","category_parent":0}],"tag_info":false,"_links":{"self":[{"href":"https:\/\/lebenshilfe-dillenburg.de\/leicht\/wp-json\/wp\/v2\/posts\/7167","targetHints":{"allow":["GET"]}}],"collection":[{"href":"https:\/\/lebenshilfe-dillenburg.de\/leicht\/wp-json\/wp\/v2\/posts"}],"about":[{"href":"https:\/\/lebenshilfe-dillenburg.de\/leicht\/wp-json\/wp\/v2\/types\/post"}],"author":[{"embeddable":true,"href":"https:\/\/lebenshilfe-dillenburg.de\/leicht\/wp-json\/wp\/v2\/users\/4"}],"replies":[{"embeddable":true,"href":"https:\/\/lebenshilfe-dillenburg.de\/leicht\/wp-json\/wp\/v2\/comments?post=7167"}],"version-history":[{"count":0,"href":"https:\/\/lebenshilfe-dillenburg.de\/leicht\/wp-json\/wp\/v2\/posts\/7167\/revisions"}],"wp:featuredmedia":[{"embeddable":true,"href":"https:\/\/lebenshilfe-dillenburg.de\/leicht\/wp-json\/wp\/v2\/media\/7208"}],"wp:attachment":[{"href":"https:\/\/lebenshilfe-dillenburg.de\/leicht\/wp-json\/wp\/v2\/media?parent=7167"}],"wp:term":[{"taxonomy":"category","embeddable":true,"href":"https:\/\/lebenshilfe-dillenburg.de\/leicht\/wp-json\/wp\/v2\/categories?post=7167"},{"taxonomy":"post_tag","embeddable":true,"href":"https:\/\/lebenshilfe-dillenburg.de\/leicht\/wp-json\/wp\/v2\/tags?post=7167"}],"curies":[{"name":"wp","href":"https:\/\/api.w.org\/{rel}","templated":true}]}}