{"id":7169,"date":"2025-06-16T15:47:56","date_gmt":"2025-06-16T13:47:56","guid":{"rendered":"https:\/\/www.lebenshilfe-dillenburg.de\/?p=4974"},"modified":"2026-02-02T14:58:13","modified_gmt":"2026-02-02T13:58:13","slug":"eine-starke-geschichte-kommt-ins-kino","status":"publish","type":"post","link":"https:\/\/lebenshilfe-dillenburg.de\/leicht\/eine-starke-geschichte-kommt-ins-kino\/","title":{"rendered":"&#8222;Eine starke Geschichte&#8220; kommt ins Kino"},"content":{"rendered":"\n<p>\u201eDie Lebenshilfe Dillenburg war alles f\u00fcr uns.\u201c Ein Satz aus einem bewegten Leben. Annegret Salmen ist die Protagonistin der Lebenshilfe-Jubil\u00e4umsdokumentation, die der Verein an Himmelfahrt in Zusammenarbeit mit Marvin Fischer, Moderator des Hessischen Rundfunks, und den Filmemachern Manuel Bahmer und Kimberly Sch\u00e4fer gedreht hat.<\/p>\n\n\n\n<p>Der kreative Kopf hinter der Produktion: Sascha Kirchhoff, Kulturreferent der Lebenshilfe Dillenburg. \u201eIch arbeite seit vielen Jahren bei der Lebenshilfe Dillenburg. Umso beeindruckender war es, mit Frau Salmen eine Frau zu treffen, die Lebenshilfe-Geschichte mitgeschrieben hat.\u201c W\u00e4hrend die 85-J\u00e4hrige erz\u00e4hlt, k\u00f6nnte man eine Stecknadel im Raum fallen h\u00f6ren. So bewegt sind alle von dem, was sie zu erz\u00e4hlen hat. Eine starke Geschichte. So auch der Titel der Dokumentation.<\/p>\n\n\n\n<p>Die Haigerseelbacherin erz\u00e4hlt von dem Leben mit \u201eH\u00e4nschen\u201c, ihrem Sohn mit Down-Syndrom. Hans kam 1957 auf die Welt. Acht Jahre, bevor die Lebenshilfe Dillenburg gegr\u00fcndet wurde. Zu einer Zeit, in der es keine Unterst\u00fctzung f\u00fcr ein Kind mit Beeintr\u00e4chtigung gab. Und nicht nur das. \u201eDas ist schon schade, wenn man ein Kind hat, das bl\u00f6d ist.\u201c Das h\u00f6rte Annegret Salmen, wenn sie mit Hans im Kinderwagen unterwegs war.<\/p>\n\n\n\n<p>1965 \u00e4nderte sich dann vieles f\u00fcr die Familie Salmen. Eltern von behinderten Kindern und engagierte F\u00f6rderer riefen den Verein \u201eKreisvereinigung Lebenshilfe Dillkreis e.V.\u201c ins Leben. Nur wenige Monate danach \u00f6ffnete im Haus \u201eSchau ins Land\u201c der erste, damals noch sogenannte, Sonderkindergarten f\u00fcr Kinder mit Behinderung seine T\u00fcren. Hans Salmen besuchte den Kindergarten und war sp\u00e4ter ein Besch\u00e4ftigter der ersten Stunde in den Dillenburger Werkst\u00e4tten. Entlastung f\u00fcr Annegret Salmen, F\u00f6rderung f\u00fcr Hans. \u201eIch bin jedem dankbar, der dort arbeitet\u201c, sagt Annegret Salmen r\u00fcckblickend.<\/p>\n\n\n\n<p>Der Film erz\u00e4hlt von 60 Jahren Lebenshilfe-Geschichte \u2013 ehrlich, ber\u00fchrend und mit Humor. Es geht um Menschen, es geht um Menschlichkeit. Szenen wie die der Vereinsgr\u00fcndung werden darin von Betreuten der Lebenshilfe nachgestellt \u2013 unter anderem im Rathaus in Dillenburg. Auch die professionelle Schauspielerin Sophia Girg hat in der Produktion eine Rolle \u00fcbernommen. Premiere feiert der Film beim Open-Air-Kino in Dillenburg (19.\u201321. Juni). Danach steht er auf YouTube zur Verf\u00fcgung. Der Hessische Rundfunk wird \u00fcber das Projekt im Vorfeld berichten. Gef\u00f6rdert wurde das Projekt durch die finanzielle Unterst\u00fctzung von Florian und Tina Engelhardt, die im Rahmen einer Feier speziell f\u00fcr diesen Zweck Spenden unter ihren Freunden gesammelt haben.<\/p>\n","protected":false},"excerpt":{"rendered":"<p>\u201eDie Lebenshilfe Dillenburg war alles f\u00fcr uns.\u201c Ein Satz aus einem bewegten Leben. Annegret Salmen ist die Protagonistin der Lebenshilfe-Jubil\u00e4umsdokumentation, die der Verein an Himmelfahrt in Zusammenarbeit mit Marvin Fischer, Moderator des Hessischen Rundfunks, und den Filmemachern Manuel Bahmer und Kimberly Sch\u00e4fer gedreht hat. Der kreative Kopf hinter der Produktion: Sascha Kirchhoff, Kulturreferent der Lebenshilfe&#8230;<\/p>\n","protected":false},"author":4,"featured_media":7192,"comment_status":"closed","ping_status":"closed","sticky":false,"template":"","format":"standard","meta":{"_acf_changed":false,"_gspb_post_css":"","_kad_blocks_custom_css":"","_kad_blocks_head_custom_js":"","_kad_blocks_body_custom_js":"","_kad_blocks_footer_custom_js":"","_kad_post_transparent":"","_kad_post_title":"","_kad_post_layout":"","_kad_post_sidebar_id":"","_kad_post_content_style":"","_kad_post_vertical_padding":"","_kad_post_feature":"","_kad_post_feature_position":"","_kad_post_header":false,"_kad_post_footer":false,"_kad_post_classname":"","footnotes":""},"categories":[53],"tags":[],"class_list":["post-7169","post","type-post","status-publish","format-standard","has-post-thumbnail","hentry","category-meldungen"],"acf":[],"yoast_head":"<!-- This site is optimized with the Yoast SEO plugin v27.5 - https:\/\/yoast.com\/product\/yoast-seo-wordpress\/ -->\n<title>&quot;Eine starke Geschichte&quot; kommt ins Kino - Lebenshilfe Dillenburg e.V.<\/title>\n<meta name=\"robots\" content=\"index, follow, max-snippet:-1, max-image-preview:large, max-video-preview:-1\" \/>\n<link rel=\"canonical\" href=\"https:\/\/lebenshilfe-dillenburg.de\/leicht\/eine-starke-geschichte-kommt-ins-kino\/\" \/>\n<meta property=\"og:locale\" content=\"de_DE\" \/>\n<meta property=\"og:type\" content=\"article\" \/>\n<meta property=\"og:title\" content=\"&quot;Eine starke Geschichte&quot; kommt ins Kino - Lebenshilfe Dillenburg e.V.\" \/>\n<meta property=\"og:description\" content=\"\u201eDie Lebenshilfe Dillenburg war alles f\u00fcr uns.\u201c Ein Satz aus einem bewegten Leben. Annegret Salmen ist die Protagonistin der Lebenshilfe-Jubil\u00e4umsdokumentation, die der Verein an Himmelfahrt in Zusammenarbeit mit Marvin Fischer, Moderator des Hessischen Rundfunks, und den Filmemachern Manuel Bahmer und Kimberly Sch\u00e4fer gedreht hat. Der kreative Kopf hinter der Produktion: Sascha Kirchhoff, Kulturreferent der Lebenshilfe...\" \/>\n<meta property=\"og:url\" content=\"https:\/\/lebenshilfe-dillenburg.de\/leicht\/eine-starke-geschichte-kommt-ins-kino\/\" \/>\n<meta property=\"og:site_name\" content=\"Lebenshilfe Dillenburg e.V.\" \/>\n<meta property=\"article:publisher\" content=\"https:\/\/www.facebook.com\/lebenshilfedillenburg\/\" \/>\n<meta property=\"article:published_time\" content=\"2025-06-16T13:47:56+00:00\" \/>\n<meta property=\"article:modified_time\" content=\"2026-02-02T13:58:13+00:00\" \/>\n<meta property=\"og:image\" content=\"https:\/\/lebenshilfe-dillenburg.de\/wp-content\/uploads\/eine-starke-geschichte-kommt-ins-kino-img-6735-scaled-2.jpeg\" \/>\n\t<meta property=\"og:image:width\" content=\"2560\" \/>\n\t<meta property=\"og:image:height\" content=\"1707\" \/>\n\t<meta property=\"og:image:type\" content=\"image\/jpeg\" \/>\n<meta name=\"author\" content=\"Conny Holtfoth\" \/>\n<meta name=\"twitter:card\" content=\"summary_large_image\" \/>\n<meta name=\"twitter:label1\" content=\"Geschrieben von\" \/>\n\t<meta name=\"twitter:data1\" content=\"Conny Holtfoth\" \/>\n\t<meta name=\"twitter:label2\" content=\"Gesch\u00e4tzte Lesezeit\" \/>\n\t<meta name=\"twitter:data2\" content=\"3\u00a0Minuten\" \/>\n<script type=\"application\/ld+json\" class=\"yoast-schema-graph\">{\"@context\":\"https:\\\/\\\/schema.org\",\"@graph\":[{\"@type\":\"Article\",\"@id\":\"https:\\\/\\\/lebenshilfe-dillenburg.de\\\/leicht\\\/eine-starke-geschichte-kommt-ins-kino\\\/#article\",\"isPartOf\":{\"@id\":\"https:\\\/\\\/lebenshilfe-dillenburg.de\\\/leicht\\\/eine-starke-geschichte-kommt-ins-kino\\\/\"},\"author\":{\"name\":\"Conny Holtfoth\",\"@id\":\"https:\\\/\\\/lebenshilfe-dillenburg.de\\\/leicht\\\/#\\\/schema\\\/person\\\/b6c52dad8d881b49213c3345a7cd5efe\"},\"headline\":\"&#8222;Eine starke Geschichte&#8220; kommt ins Kino\",\"datePublished\":\"2025-06-16T13:47:56+00:00\",\"dateModified\":\"2026-02-02T13:58:13+00:00\",\"mainEntityOfPage\":{\"@id\":\"https:\\\/\\\/lebenshilfe-dillenburg.de\\\/leicht\\\/eine-starke-geschichte-kommt-ins-kino\\\/\"},\"wordCount\":406,\"publisher\":{\"@id\":\"https:\\\/\\\/lebenshilfe-dillenburg.de\\\/leicht\\\/#organization\"},\"image\":{\"@id\":\"https:\\\/\\\/lebenshilfe-dillenburg.de\\\/leicht\\\/eine-starke-geschichte-kommt-ins-kino\\\/#primaryimage\"},\"thumbnailUrl\":\"https:\\\/\\\/lebenshilfe-dillenburg.de\\\/wp-content\\\/uploads\\\/generationen-lachen-auf-dem-sofa.jpeg\",\"articleSection\":[\"Meldungen\"],\"inLanguage\":\"de\"},{\"@type\":\"WebPage\",\"@id\":\"https:\\\/\\\/lebenshilfe-dillenburg.de\\\/leicht\\\/eine-starke-geschichte-kommt-ins-kino\\\/\",\"url\":\"https:\\\/\\\/lebenshilfe-dillenburg.de\\\/leicht\\\/eine-starke-geschichte-kommt-ins-kino\\\/\",\"name\":\"\\\"Eine starke Geschichte\\\" kommt ins Kino - Lebenshilfe Dillenburg e.V.\",\"isPartOf\":{\"@id\":\"https:\\\/\\\/lebenshilfe-dillenburg.de\\\/leicht\\\/#website\"},\"primaryImageOfPage\":{\"@id\":\"https:\\\/\\\/lebenshilfe-dillenburg.de\\\/leicht\\\/eine-starke-geschichte-kommt-ins-kino\\\/#primaryimage\"},\"image\":{\"@id\":\"https:\\\/\\\/lebenshilfe-dillenburg.de\\\/leicht\\\/eine-starke-geschichte-kommt-ins-kino\\\/#primaryimage\"},\"thumbnailUrl\":\"https:\\\/\\\/lebenshilfe-dillenburg.de\\\/wp-content\\\/uploads\\\/generationen-lachen-auf-dem-sofa.jpeg\",\"datePublished\":\"2025-06-16T13:47:56+00:00\",\"dateModified\":\"2026-02-02T13:58:13+00:00\",\"breadcrumb\":{\"@id\":\"https:\\\/\\\/lebenshilfe-dillenburg.de\\\/leicht\\\/eine-starke-geschichte-kommt-ins-kino\\\/#breadcrumb\"},\"inLanguage\":\"de\",\"potentialAction\":[{\"@type\":\"ReadAction\",\"target\":[\"https:\\\/\\\/lebenshilfe-dillenburg.de\\\/leicht\\\/eine-starke-geschichte-kommt-ins-kino\\\/\"]}]},{\"@type\":\"ImageObject\",\"inLanguage\":\"de\",\"@id\":\"https:\\\/\\\/lebenshilfe-dillenburg.de\\\/leicht\\\/eine-starke-geschichte-kommt-ins-kino\\\/#primaryimage\",\"url\":\"https:\\\/\\\/lebenshilfe-dillenburg.de\\\/wp-content\\\/uploads\\\/generationen-lachen-auf-dem-sofa.jpeg\",\"contentUrl\":\"https:\\\/\\\/lebenshilfe-dillenburg.de\\\/wp-content\\\/uploads\\\/generationen-lachen-auf-dem-sofa.jpeg\",\"width\":1500,\"height\":1000,\"caption\":\"Sympathie auf den ersten Blick: Unsere Protagonisten Annegret Salmen und Marvin Fischer. (Foto: Holtfoth)\"},{\"@type\":\"BreadcrumbList\",\"@id\":\"https:\\\/\\\/lebenshilfe-dillenburg.de\\\/leicht\\\/eine-starke-geschichte-kommt-ins-kino\\\/#breadcrumb\",\"itemListElement\":[{\"@type\":\"ListItem\",\"position\":1,\"name\":\"Startseite der Lebenshilfe Dillenburg\",\"item\":\"https:\\\/\\\/lebenshilfe-dillenburg.de\\\/leicht\\\/\"},{\"@type\":\"ListItem\",\"position\":2,\"name\":\"&#8222;Eine starke Geschichte&#8220; kommt ins Kino\"}]},{\"@type\":\"WebSite\",\"@id\":\"https:\\\/\\\/lebenshilfe-dillenburg.de\\\/leicht\\\/#website\",\"url\":\"https:\\\/\\\/lebenshilfe-dillenburg.de\\\/leicht\\\/\",\"name\":\"Lebenshilfe Dillenburg \u2013 Teilhabe & Unterst\u00fctzung im Lahn-Dill-Kreis\",\"description\":\"\",\"publisher\":{\"@id\":\"https:\\\/\\\/lebenshilfe-dillenburg.de\\\/leicht\\\/#organization\"},\"potentialAction\":[{\"@type\":\"SearchAction\",\"target\":{\"@type\":\"EntryPoint\",\"urlTemplate\":\"https:\\\/\\\/lebenshilfe-dillenburg.de\\\/leicht\\\/?s={search_term_string}\"},\"query-input\":{\"@type\":\"PropertyValueSpecification\",\"valueRequired\":true,\"valueName\":\"search_term_string\"}}],\"inLanguage\":\"de\"},{\"@type\":\"Organization\",\"@id\":\"https:\\\/\\\/lebenshilfe-dillenburg.de\\\/leicht\\\/#organization\",\"name\":\"Lebenshilfe Dillenburg e.V.\",\"url\":\"https:\\\/\\\/lebenshilfe-dillenburg.de\\\/leicht\\\/\",\"logo\":{\"@type\":\"ImageObject\",\"inLanguage\":\"de\",\"@id\":\"https:\\\/\\\/lebenshilfe-dillenburg.de\\\/leicht\\\/#\\\/schema\\\/logo\\\/image\\\/\",\"url\":\"https:\\\/\\\/lebenshilfe-dillenburg.de\\\/wp-content\\\/uploads\\\/lebenshilfe-dillenburg-desktop.webp\",\"contentUrl\":\"https:\\\/\\\/lebenshilfe-dillenburg.de\\\/wp-content\\\/uploads\\\/lebenshilfe-dillenburg-desktop.webp\",\"width\":461,\"height\":202,\"caption\":\"Lebenshilfe Dillenburg e.V.\"},\"image\":{\"@id\":\"https:\\\/\\\/lebenshilfe-dillenburg.de\\\/leicht\\\/#\\\/schema\\\/logo\\\/image\\\/\"},\"sameAs\":[\"https:\\\/\\\/www.facebook.com\\\/lebenshilfedillenburg\\\/\",\"https:\\\/\\\/www.instagram.com\\\/lebenshilfe_dillenburg\\\/\"]},{\"@type\":\"Person\",\"@id\":\"https:\\\/\\\/lebenshilfe-dillenburg.de\\\/leicht\\\/#\\\/schema\\\/person\\\/b6c52dad8d881b49213c3345a7cd5efe\",\"name\":\"Conny Holtfoth\",\"sameAs\":[\"http:\\\/\\\/lebenshilfe-dillenburg.de\"],\"url\":\"https:\\\/\\\/lebenshilfe-dillenburg.de\\\/leicht\\\/author\\\/conny\\\/\"}]}<\/script>\n<!-- \/ Yoast SEO plugin. -->","yoast_head_json":{"title":"\"Eine starke Geschichte\" kommt ins Kino - Lebenshilfe Dillenburg e.V.","robots":{"index":"index","follow":"follow","max-snippet":"max-snippet:-1","max-image-preview":"max-image-preview:large","max-video-preview":"max-video-preview:-1"},"canonical":"https:\/\/lebenshilfe-dillenburg.de\/leicht\/eine-starke-geschichte-kommt-ins-kino\/","og_locale":"de_DE","og_type":"article","og_title":"\"Eine starke Geschichte\" kommt ins Kino - Lebenshilfe Dillenburg e.V.","og_description":"\u201eDie Lebenshilfe Dillenburg war alles f\u00fcr uns.\u201c Ein Satz aus einem bewegten Leben. Annegret Salmen ist die Protagonistin der Lebenshilfe-Jubil\u00e4umsdokumentation, die der Verein an Himmelfahrt in Zusammenarbeit mit Marvin Fischer, Moderator des Hessischen Rundfunks, und den Filmemachern Manuel Bahmer und Kimberly Sch\u00e4fer gedreht hat. Der kreative Kopf hinter der Produktion: Sascha Kirchhoff, Kulturreferent der Lebenshilfe...","og_url":"https:\/\/lebenshilfe-dillenburg.de\/leicht\/eine-starke-geschichte-kommt-ins-kino\/","og_site_name":"Lebenshilfe Dillenburg e.V.","article_publisher":"https:\/\/www.facebook.com\/lebenshilfedillenburg\/","article_published_time":"2025-06-16T13:47:56+00:00","article_modified_time":"2026-02-02T13:58:13+00:00","og_image":[{"width":2560,"height":1707,"url":"https:\/\/lebenshilfe-dillenburg.de\/wp-content\/uploads\/eine-starke-geschichte-kommt-ins-kino-img-6735-scaled-2.jpeg","type":"image\/jpeg"}],"author":"Conny Holtfoth","twitter_card":"summary_large_image","twitter_misc":{"Geschrieben von":"Conny Holtfoth","Gesch\u00e4tzte Lesezeit":"3\u00a0Minuten"},"schema":{"@context":"https:\/\/schema.org","@graph":[{"@type":"Article","@id":"https:\/\/lebenshilfe-dillenburg.de\/leicht\/eine-starke-geschichte-kommt-ins-kino\/#article","isPartOf":{"@id":"https:\/\/lebenshilfe-dillenburg.de\/leicht\/eine-starke-geschichte-kommt-ins-kino\/"},"author":{"name":"Conny Holtfoth","@id":"https:\/\/lebenshilfe-dillenburg.de\/leicht\/#\/schema\/person\/b6c52dad8d881b49213c3345a7cd5efe"},"headline":"&#8222;Eine starke Geschichte&#8220; kommt ins Kino","datePublished":"2025-06-16T13:47:56+00:00","dateModified":"2026-02-02T13:58:13+00:00","mainEntityOfPage":{"@id":"https:\/\/lebenshilfe-dillenburg.de\/leicht\/eine-starke-geschichte-kommt-ins-kino\/"},"wordCount":406,"publisher":{"@id":"https:\/\/lebenshilfe-dillenburg.de\/leicht\/#organization"},"image":{"@id":"https:\/\/lebenshilfe-dillenburg.de\/leicht\/eine-starke-geschichte-kommt-ins-kino\/#primaryimage"},"thumbnailUrl":"https:\/\/lebenshilfe-dillenburg.de\/wp-content\/uploads\/generationen-lachen-auf-dem-sofa.jpeg","articleSection":["Meldungen"],"inLanguage":"de"},{"@type":"WebPage","@id":"https:\/\/lebenshilfe-dillenburg.de\/leicht\/eine-starke-geschichte-kommt-ins-kino\/","url":"https:\/\/lebenshilfe-dillenburg.de\/leicht\/eine-starke-geschichte-kommt-ins-kino\/","name":"\"Eine starke Geschichte\" kommt ins Kino - Lebenshilfe Dillenburg e.V.","isPartOf":{"@id":"https:\/\/lebenshilfe-dillenburg.de\/leicht\/#website"},"primaryImageOfPage":{"@id":"https:\/\/lebenshilfe-dillenburg.de\/leicht\/eine-starke-geschichte-kommt-ins-kino\/#primaryimage"},"image":{"@id":"https:\/\/lebenshilfe-dillenburg.de\/leicht\/eine-starke-geschichte-kommt-ins-kino\/#primaryimage"},"thumbnailUrl":"https:\/\/lebenshilfe-dillenburg.de\/wp-content\/uploads\/generationen-lachen-auf-dem-sofa.jpeg","datePublished":"2025-06-16T13:47:56+00:00","dateModified":"2026-02-02T13:58:13+00:00","breadcrumb":{"@id":"https:\/\/lebenshilfe-dillenburg.de\/leicht\/eine-starke-geschichte-kommt-ins-kino\/#breadcrumb"},"inLanguage":"de","potentialAction":[{"@type":"ReadAction","target":["https:\/\/lebenshilfe-dillenburg.de\/leicht\/eine-starke-geschichte-kommt-ins-kino\/"]}]},{"@type":"ImageObject","inLanguage":"de","@id":"https:\/\/lebenshilfe-dillenburg.de\/leicht\/eine-starke-geschichte-kommt-ins-kino\/#primaryimage","url":"https:\/\/lebenshilfe-dillenburg.de\/wp-content\/uploads\/generationen-lachen-auf-dem-sofa.jpeg","contentUrl":"https:\/\/lebenshilfe-dillenburg.de\/wp-content\/uploads\/generationen-lachen-auf-dem-sofa.jpeg","width":1500,"height":1000,"caption":"Sympathie auf den ersten Blick: Unsere Protagonisten Annegret Salmen und Marvin Fischer. (Foto: Holtfoth)"},{"@type":"BreadcrumbList","@id":"https:\/\/lebenshilfe-dillenburg.de\/leicht\/eine-starke-geschichte-kommt-ins-kino\/#breadcrumb","itemListElement":[{"@type":"ListItem","position":1,"name":"Startseite der Lebenshilfe Dillenburg","item":"https:\/\/lebenshilfe-dillenburg.de\/leicht\/"},{"@type":"ListItem","position":2,"name":"&#8222;Eine starke Geschichte&#8220; kommt ins Kino"}]},{"@type":"WebSite","@id":"https:\/\/lebenshilfe-dillenburg.de\/leicht\/#website","url":"https:\/\/lebenshilfe-dillenburg.de\/leicht\/","name":"Lebenshilfe Dillenburg \u2013 Teilhabe & Unterst\u00fctzung im Lahn-Dill-Kreis","description":"","publisher":{"@id":"https:\/\/lebenshilfe-dillenburg.de\/leicht\/#organization"},"potentialAction":[{"@type":"SearchAction","target":{"@type":"EntryPoint","urlTemplate":"https:\/\/lebenshilfe-dillenburg.de\/leicht\/?s={search_term_string}"},"query-input":{"@type":"PropertyValueSpecification","valueRequired":true,"valueName":"search_term_string"}}],"inLanguage":"de"},{"@type":"Organization","@id":"https:\/\/lebenshilfe-dillenburg.de\/leicht\/#organization","name":"Lebenshilfe Dillenburg e.V.","url":"https:\/\/lebenshilfe-dillenburg.de\/leicht\/","logo":{"@type":"ImageObject","inLanguage":"de","@id":"https:\/\/lebenshilfe-dillenburg.de\/leicht\/#\/schema\/logo\/image\/","url":"https:\/\/lebenshilfe-dillenburg.de\/wp-content\/uploads\/lebenshilfe-dillenburg-desktop.webp","contentUrl":"https:\/\/lebenshilfe-dillenburg.de\/wp-content\/uploads\/lebenshilfe-dillenburg-desktop.webp","width":461,"height":202,"caption":"Lebenshilfe Dillenburg e.V."},"image":{"@id":"https:\/\/lebenshilfe-dillenburg.de\/leicht\/#\/schema\/logo\/image\/"},"sameAs":["https:\/\/www.facebook.com\/lebenshilfedillenburg\/","https:\/\/www.instagram.com\/lebenshilfe_dillenburg\/"]},{"@type":"Person","@id":"https:\/\/lebenshilfe-dillenburg.de\/leicht\/#\/schema\/person\/b6c52dad8d881b49213c3345a7cd5efe","name":"Conny Holtfoth","sameAs":["http:\/\/lebenshilfe-dillenburg.de"],"url":"https:\/\/lebenshilfe-dillenburg.de\/leicht\/author\/conny\/"}]}},"taxonomy_info":{"category":[{"value":53,"label":"Meldungen"}]},"featured_image_src_large":["https:\/\/lebenshilfe-dillenburg.de\/wp-content\/uploads\/generationen-lachen-auf-dem-sofa-1920x1280.jpeg",1366,911,true],"author_info":{"display_name":"Conny Holtfoth","author_link":"https:\/\/lebenshilfe-dillenburg.de\/leicht\/author\/conny\/"},"comment_info":0,"category_info":[{"term_id":53,"name":"Meldungen","slug":"meldungen","term_group":0,"term_taxonomy_id":53,"taxonomy":"category","description":"","parent":0,"count":127,"filter":"raw","term_order":"5","cat_ID":53,"category_count":127,"category_description":"","cat_name":"Meldungen","category_nicename":"meldungen","category_parent":0}],"tag_info":false,"_links":{"self":[{"href":"https:\/\/lebenshilfe-dillenburg.de\/leicht\/wp-json\/wp\/v2\/posts\/7169","targetHints":{"allow":["GET"]}}],"collection":[{"href":"https:\/\/lebenshilfe-dillenburg.de\/leicht\/wp-json\/wp\/v2\/posts"}],"about":[{"href":"https:\/\/lebenshilfe-dillenburg.de\/leicht\/wp-json\/wp\/v2\/types\/post"}],"author":[{"embeddable":true,"href":"https:\/\/lebenshilfe-dillenburg.de\/leicht\/wp-json\/wp\/v2\/users\/4"}],"replies":[{"embeddable":true,"href":"https:\/\/lebenshilfe-dillenburg.de\/leicht\/wp-json\/wp\/v2\/comments?post=7169"}],"version-history":[{"count":0,"href":"https:\/\/lebenshilfe-dillenburg.de\/leicht\/wp-json\/wp\/v2\/posts\/7169\/revisions"}],"wp:featuredmedia":[{"embeddable":true,"href":"https:\/\/lebenshilfe-dillenburg.de\/leicht\/wp-json\/wp\/v2\/media\/7192"}],"wp:attachment":[{"href":"https:\/\/lebenshilfe-dillenburg.de\/leicht\/wp-json\/wp\/v2\/media?parent=7169"}],"wp:term":[{"taxonomy":"category","embeddable":true,"href":"https:\/\/lebenshilfe-dillenburg.de\/leicht\/wp-json\/wp\/v2\/categories?post=7169"},{"taxonomy":"post_tag","embeddable":true,"href":"https:\/\/lebenshilfe-dillenburg.de\/leicht\/wp-json\/wp\/v2\/tags?post=7169"}],"curies":[{"name":"wp","href":"https:\/\/api.w.org\/{rel}","templated":true}]}}