{"id":7170,"date":"2025-07-16T12:21:50","date_gmt":"2025-07-16T10:21:50","guid":{"rendered":"https:\/\/www.lebenshilfe-dillenburg.de\/?p=5005"},"modified":"2026-02-02T12:01:12","modified_gmt":"2026-02-02T11:01:12","slug":"versteigerung-fuer-den-guten-zweck","status":"publish","type":"post","link":"https:\/\/lebenshilfe-dillenburg.de\/leicht\/versteigerung-fuer-den-guten-zweck\/","title":{"rendered":"Versteigerung f\u00fcr den guten Zweck"},"content":{"rendered":"\n<p>Anl\u00e4sslich ihres 60-j\u00e4hrigen Bestehens hat die Lebenshilfe Dillenburg ein au\u00dfergew\u00f6hnliches Kunstprojekt ins Leben gerufen: Im Atelier des professionellen Herborner Malers Santiago Gallardo entstand \u00fcber ein Vierteljahr hinweg das farbenpr\u00e4chtige Gem\u00e4lde \u201eFiesta\u201c \u2013 gemeinsam mit den Lebenshilfe-Betreuten Martina Gro\u00dfe, Leon-Cedric von Strom und Katharina Stahl.<\/p>\n\n\n\n<p>Am 18. Juli 2025 startet die Versteigerung des Werks im Rahmen einer stillen Auktion. Eine stille Auktion ist eine besondere Form der Versteigerung: Die Teilnehmenden geben ihre Gebote anonym ab, ohne dass andere Bieterinnen und Bieter sehen k\u00f6nnen, wie hoch diese ausfallen oder von wem sie stammen. Mehrfachgebote sind nat\u00fcrlich m\u00f6glich. Erst nach Auktionsende wird das h\u00f6chste Gebot ausgewertet. Diese Form sorgt f\u00fcr Diskretion, Fairness \u2013 und Spannung.<\/p>\n\n\n\n<p>Bis zum 8. August k\u00f6nnen Interessierte verbindliche Gebote inklusive Kontaktdaten per E-Mail an <a href=\"mailto:auktion@lebenshilfe-dillenburg.de\">auktion@lebenshilfe-dillenburg.de<\/a> abgeben. Die oder der H\u00f6chstbietende wird nach Auktionsende pers\u00f6nlich benachrichtigt. Die feierliche \u00dcbergabe des Gem\u00e4ldes findet am 15. August beim Sommerfest der Lebenshilfe auf dem Gel\u00e4nde des Hessischen Landgest\u00fcts in Dillenburg statt.<\/p>\n\n\n\n<p>Mit dem Erl\u00f6s wird die Kulturarbeit der Lebenshilfe Dillenburg unterst\u00fctzt. Initiiert und begleitet wurde das Projekt vom Kulturreferenten der Einrichtung, Sascha Kirchhoff. Er betont: \u201eMit der Ersteigerung des Gem\u00e4ldes unterst\u00fctzt man nicht nur das Vergangene, sondern auch die Zukunft unserer Arbeit. Wir als Lebenshilfe Dillenburg wollen Menschen mit Beeintr\u00e4chtigung sichtbar machen \u2013 in diesem Fall durch ihr kreatives Wirken.\u201c<\/p>\n\n\n\n<p>Auch Lebenshilfe-Vorstand Dirk Botzon appelliert an die \u00d6ffentlichkeit: \u201eBieten Sie mit und sichern Sie sich die Chance auf dieses einzigartige Unikat mit starker Botschaft. Auf diesem Weg unterst\u00fctzen Sie gleichzeitig den guten Zweck.\u201c<\/p>\n\n\n\n<p>\u201eFiesta\u201c ist ein ausdrucksstarkes Symbol f\u00fcr gelebte Inklusion, Kreativit\u00e4t und Lebensfreude \u2013 und ein bleibendes Zeichen des Jubil\u00e4umsjahres. Das Bild misst 1,30 m x 1,30 m. Es zeigt die Lebensfreude, die bei den gemeinsamen Atelierterminen sp\u00fcrbar war, und steht exemplarisch f\u00fcr das Potenzial kreativer Teilhabe. Santiago Gallardo dazu: \u201eDas Leben ist eine Fiesta, zu der alle eingeladen sind \u2013 Menschen mit und ohne Behinderung.\u201c<\/p>\n\n\n\n<p><strong>Kontakt f\u00fcr R\u00fcckfragen zur Auktion:<\/strong><br><a href=\"mailto:auktion@lebenshilfe-dillenburg.de\">auktion@lebenshilfe-dillenburg.de<\/a><\/p>\n","protected":false},"excerpt":{"rendered":"<p>Anl\u00e4sslich ihres 60-j\u00e4hrigen Bestehens hat die Lebenshilfe Dillenburg ein au\u00dfergew\u00f6hnliches Kunstprojekt ins Leben gerufen: Im Atelier des professionellen Herborner Malers Santiago Gallardo entstand \u00fcber ein Vierteljahr hinweg das farbenpr\u00e4chtige Gem\u00e4lde \u201eFiesta\u201c \u2013 gemeinsam mit den Lebenshilfe-Betreuten Martina Gro\u00dfe, Leon-Cedric von Strom und Katharina Stahl. Am 18. Juli 2025 startet die Versteigerung des Werks im Rahmen&#8230;<\/p>\n","protected":false},"author":4,"featured_media":7198,"comment_status":"closed","ping_status":"closed","sticky":false,"template":"","format":"standard","meta":{"_acf_changed":false,"_gspb_post_css":"","_kad_blocks_custom_css":"","_kad_blocks_head_custom_js":"","_kad_blocks_body_custom_js":"","_kad_blocks_footer_custom_js":"","_kad_post_transparent":"","_kad_post_title":"","_kad_post_layout":"","_kad_post_sidebar_id":"","_kad_post_content_style":"","_kad_post_vertical_padding":"","_kad_post_feature":"","_kad_post_feature_position":"","_kad_post_header":false,"_kad_post_footer":false,"_kad_post_classname":"","footnotes":""},"categories":[53],"tags":[],"class_list":["post-7170","post","type-post","status-publish","format-standard","has-post-thumbnail","hentry","category-meldungen"],"acf":[],"yoast_head":"<!-- This site is optimized with the Yoast SEO plugin v27.5 - https:\/\/yoast.com\/product\/yoast-seo-wordpress\/ -->\n<title>Versteigerung f\u00fcr den guten Zweck - Lebenshilfe Dillenburg e.V.<\/title>\n<meta name=\"robots\" content=\"index, follow, max-snippet:-1, max-image-preview:large, max-video-preview:-1\" \/>\n<link rel=\"canonical\" href=\"https:\/\/lebenshilfe-dillenburg.de\/leicht\/versteigerung-fuer-den-guten-zweck\/\" \/>\n<meta property=\"og:locale\" content=\"de_DE\" \/>\n<meta property=\"og:type\" content=\"article\" \/>\n<meta property=\"og:title\" content=\"Versteigerung f\u00fcr den guten Zweck - Lebenshilfe Dillenburg e.V.\" \/>\n<meta property=\"og:description\" content=\"Anl\u00e4sslich ihres 60-j\u00e4hrigen Bestehens hat die Lebenshilfe Dillenburg ein au\u00dfergew\u00f6hnliches Kunstprojekt ins Leben gerufen: Im Atelier des professionellen Herborner Malers Santiago Gallardo entstand \u00fcber ein Vierteljahr hinweg das farbenpr\u00e4chtige Gem\u00e4lde \u201eFiesta\u201c \u2013 gemeinsam mit den Lebenshilfe-Betreuten Martina Gro\u00dfe, Leon-Cedric von Strom und Katharina Stahl. Am 18. Juli 2025 startet die Versteigerung des Werks im Rahmen...\" \/>\n<meta property=\"og:url\" content=\"https:\/\/lebenshilfe-dillenburg.de\/leicht\/versteigerung-fuer-den-guten-zweck\/\" \/>\n<meta property=\"og:site_name\" content=\"Lebenshilfe Dillenburg e.V.\" \/>\n<meta property=\"article:publisher\" content=\"https:\/\/www.facebook.com\/lebenshilfedillenburg\/\" \/>\n<meta property=\"article:published_time\" content=\"2025-07-16T10:21:50+00:00\" \/>\n<meta property=\"article:modified_time\" content=\"2026-02-02T11:01:12+00:00\" \/>\n<meta property=\"og:image\" content=\"https:\/\/lebenshilfe-dillenburg.de\/wp-content\/uploads\/versteigerung-fuer-den-guten-zweck-img-8374-1-1.jpg\" \/>\n\t<meta property=\"og:image:width\" content=\"1024\" \/>\n\t<meta property=\"og:image:height\" content=\"582\" \/>\n\t<meta property=\"og:image:type\" content=\"image\/jpeg\" \/>\n<meta name=\"author\" content=\"Conny Holtfoth\" \/>\n<meta name=\"twitter:card\" content=\"summary_large_image\" \/>\n<meta name=\"twitter:label1\" content=\"Geschrieben von\" \/>\n\t<meta name=\"twitter:data1\" content=\"Conny Holtfoth\" \/>\n\t<meta name=\"twitter:label2\" content=\"Gesch\u00e4tzte Lesezeit\" \/>\n\t<meta name=\"twitter:data2\" content=\"2\u00a0Minuten\" \/>\n<script type=\"application\/ld+json\" class=\"yoast-schema-graph\">{\"@context\":\"https:\\\/\\\/schema.org\",\"@graph\":[{\"@type\":\"Article\",\"@id\":\"https:\\\/\\\/lebenshilfe-dillenburg.de\\\/leicht\\\/versteigerung-fuer-den-guten-zweck\\\/#article\",\"isPartOf\":{\"@id\":\"https:\\\/\\\/lebenshilfe-dillenburg.de\\\/leicht\\\/versteigerung-fuer-den-guten-zweck\\\/\"},\"author\":{\"name\":\"Conny Holtfoth\",\"@id\":\"https:\\\/\\\/lebenshilfe-dillenburg.de\\\/leicht\\\/#\\\/schema\\\/person\\\/b6c52dad8d881b49213c3345a7cd5efe\"},\"headline\":\"Versteigerung f\u00fcr den guten Zweck\",\"datePublished\":\"2025-07-16T10:21:50+00:00\",\"dateModified\":\"2026-02-02T11:01:12+00:00\",\"mainEntityOfPage\":{\"@id\":\"https:\\\/\\\/lebenshilfe-dillenburg.de\\\/leicht\\\/versteigerung-fuer-den-guten-zweck\\\/\"},\"wordCount\":350,\"publisher\":{\"@id\":\"https:\\\/\\\/lebenshilfe-dillenburg.de\\\/leicht\\\/#organization\"},\"image\":{\"@id\":\"https:\\\/\\\/lebenshilfe-dillenburg.de\\\/leicht\\\/versteigerung-fuer-den-guten-zweck\\\/#primaryimage\"},\"thumbnailUrl\":\"https:\\\/\\\/lebenshilfe-dillenburg.de\\\/wp-content\\\/uploads\\\/kunststudio-gruppenfoto-strongman-pose.jpg\",\"articleSection\":[\"Meldungen\"],\"inLanguage\":\"de\"},{\"@type\":\"WebPage\",\"@id\":\"https:\\\/\\\/lebenshilfe-dillenburg.de\\\/leicht\\\/versteigerung-fuer-den-guten-zweck\\\/\",\"url\":\"https:\\\/\\\/lebenshilfe-dillenburg.de\\\/leicht\\\/versteigerung-fuer-den-guten-zweck\\\/\",\"name\":\"Versteigerung f\u00fcr den guten Zweck - Lebenshilfe Dillenburg e.V.\",\"isPartOf\":{\"@id\":\"https:\\\/\\\/lebenshilfe-dillenburg.de\\\/leicht\\\/#website\"},\"primaryImageOfPage\":{\"@id\":\"https:\\\/\\\/lebenshilfe-dillenburg.de\\\/leicht\\\/versteigerung-fuer-den-guten-zweck\\\/#primaryimage\"},\"image\":{\"@id\":\"https:\\\/\\\/lebenshilfe-dillenburg.de\\\/leicht\\\/versteigerung-fuer-den-guten-zweck\\\/#primaryimage\"},\"thumbnailUrl\":\"https:\\\/\\\/lebenshilfe-dillenburg.de\\\/wp-content\\\/uploads\\\/kunststudio-gruppenfoto-strongman-pose.jpg\",\"datePublished\":\"2025-07-16T10:21:50+00:00\",\"dateModified\":\"2026-02-02T11:01:12+00:00\",\"breadcrumb\":{\"@id\":\"https:\\\/\\\/lebenshilfe-dillenburg.de\\\/leicht\\\/versteigerung-fuer-den-guten-zweck\\\/#breadcrumb\"},\"inLanguage\":\"de\",\"potentialAction\":[{\"@type\":\"ReadAction\",\"target\":[\"https:\\\/\\\/lebenshilfe-dillenburg.de\\\/leicht\\\/versteigerung-fuer-den-guten-zweck\\\/\"]}]},{\"@type\":\"ImageObject\",\"inLanguage\":\"de\",\"@id\":\"https:\\\/\\\/lebenshilfe-dillenburg.de\\\/leicht\\\/versteigerung-fuer-den-guten-zweck\\\/#primaryimage\",\"url\":\"https:\\\/\\\/lebenshilfe-dillenburg.de\\\/wp-content\\\/uploads\\\/kunststudio-gruppenfoto-strongman-pose.jpg\",\"contentUrl\":\"https:\\\/\\\/lebenshilfe-dillenburg.de\\\/wp-content\\\/uploads\\\/kunststudio-gruppenfoto-strongman-pose.jpg\",\"width\":1024,\"height\":582,\"caption\":\"F\u00fcnf K\u00fcnstler im Atelier posieren im Strongman-Stil vor bunt-abstraktem Gem\u00e4lde.\"},{\"@type\":\"BreadcrumbList\",\"@id\":\"https:\\\/\\\/lebenshilfe-dillenburg.de\\\/leicht\\\/versteigerung-fuer-den-guten-zweck\\\/#breadcrumb\",\"itemListElement\":[{\"@type\":\"ListItem\",\"position\":1,\"name\":\"Startseite der Lebenshilfe Dillenburg\",\"item\":\"https:\\\/\\\/lebenshilfe-dillenburg.de\\\/leicht\\\/\"},{\"@type\":\"ListItem\",\"position\":2,\"name\":\"Versteigerung f\u00fcr den guten Zweck\"}]},{\"@type\":\"WebSite\",\"@id\":\"https:\\\/\\\/lebenshilfe-dillenburg.de\\\/leicht\\\/#website\",\"url\":\"https:\\\/\\\/lebenshilfe-dillenburg.de\\\/leicht\\\/\",\"name\":\"Lebenshilfe Dillenburg \u2013 Teilhabe & Unterst\u00fctzung im Lahn-Dill-Kreis\",\"description\":\"\",\"publisher\":{\"@id\":\"https:\\\/\\\/lebenshilfe-dillenburg.de\\\/leicht\\\/#organization\"},\"potentialAction\":[{\"@type\":\"SearchAction\",\"target\":{\"@type\":\"EntryPoint\",\"urlTemplate\":\"https:\\\/\\\/lebenshilfe-dillenburg.de\\\/leicht\\\/?s={search_term_string}\"},\"query-input\":{\"@type\":\"PropertyValueSpecification\",\"valueRequired\":true,\"valueName\":\"search_term_string\"}}],\"inLanguage\":\"de\"},{\"@type\":\"Organization\",\"@id\":\"https:\\\/\\\/lebenshilfe-dillenburg.de\\\/leicht\\\/#organization\",\"name\":\"Lebenshilfe Dillenburg e.V.\",\"url\":\"https:\\\/\\\/lebenshilfe-dillenburg.de\\\/leicht\\\/\",\"logo\":{\"@type\":\"ImageObject\",\"inLanguage\":\"de\",\"@id\":\"https:\\\/\\\/lebenshilfe-dillenburg.de\\\/leicht\\\/#\\\/schema\\\/logo\\\/image\\\/\",\"url\":\"https:\\\/\\\/lebenshilfe-dillenburg.de\\\/wp-content\\\/uploads\\\/lebenshilfe-dillenburg-desktop.webp\",\"contentUrl\":\"https:\\\/\\\/lebenshilfe-dillenburg.de\\\/wp-content\\\/uploads\\\/lebenshilfe-dillenburg-desktop.webp\",\"width\":461,\"height\":202,\"caption\":\"Lebenshilfe Dillenburg e.V.\"},\"image\":{\"@id\":\"https:\\\/\\\/lebenshilfe-dillenburg.de\\\/leicht\\\/#\\\/schema\\\/logo\\\/image\\\/\"},\"sameAs\":[\"https:\\\/\\\/www.facebook.com\\\/lebenshilfedillenburg\\\/\",\"https:\\\/\\\/www.instagram.com\\\/lebenshilfe_dillenburg\\\/\"]},{\"@type\":\"Person\",\"@id\":\"https:\\\/\\\/lebenshilfe-dillenburg.de\\\/leicht\\\/#\\\/schema\\\/person\\\/b6c52dad8d881b49213c3345a7cd5efe\",\"name\":\"Conny Holtfoth\",\"sameAs\":[\"http:\\\/\\\/lebenshilfe-dillenburg.de\"],\"url\":\"https:\\\/\\\/lebenshilfe-dillenburg.de\\\/leicht\\\/author\\\/conny\\\/\"}]}<\/script>\n<!-- \/ Yoast SEO plugin. -->","yoast_head_json":{"title":"Versteigerung f\u00fcr den guten Zweck - Lebenshilfe Dillenburg e.V.","robots":{"index":"index","follow":"follow","max-snippet":"max-snippet:-1","max-image-preview":"max-image-preview:large","max-video-preview":"max-video-preview:-1"},"canonical":"https:\/\/lebenshilfe-dillenburg.de\/leicht\/versteigerung-fuer-den-guten-zweck\/","og_locale":"de_DE","og_type":"article","og_title":"Versteigerung f\u00fcr den guten Zweck - Lebenshilfe Dillenburg e.V.","og_description":"Anl\u00e4sslich ihres 60-j\u00e4hrigen Bestehens hat die Lebenshilfe Dillenburg ein au\u00dfergew\u00f6hnliches Kunstprojekt ins Leben gerufen: Im Atelier des professionellen Herborner Malers Santiago Gallardo entstand \u00fcber ein Vierteljahr hinweg das farbenpr\u00e4chtige Gem\u00e4lde \u201eFiesta\u201c \u2013 gemeinsam mit den Lebenshilfe-Betreuten Martina Gro\u00dfe, Leon-Cedric von Strom und Katharina Stahl. Am 18. Juli 2025 startet die Versteigerung des Werks im Rahmen...","og_url":"https:\/\/lebenshilfe-dillenburg.de\/leicht\/versteigerung-fuer-den-guten-zweck\/","og_site_name":"Lebenshilfe Dillenburg e.V.","article_publisher":"https:\/\/www.facebook.com\/lebenshilfedillenburg\/","article_published_time":"2025-07-16T10:21:50+00:00","article_modified_time":"2026-02-02T11:01:12+00:00","og_image":[{"width":1024,"height":582,"url":"https:\/\/lebenshilfe-dillenburg.de\/wp-content\/uploads\/versteigerung-fuer-den-guten-zweck-img-8374-1-1.jpg","type":"image\/jpeg"}],"author":"Conny Holtfoth","twitter_card":"summary_large_image","twitter_misc":{"Geschrieben von":"Conny Holtfoth","Gesch\u00e4tzte Lesezeit":"2\u00a0Minuten"},"schema":{"@context":"https:\/\/schema.org","@graph":[{"@type":"Article","@id":"https:\/\/lebenshilfe-dillenburg.de\/leicht\/versteigerung-fuer-den-guten-zweck\/#article","isPartOf":{"@id":"https:\/\/lebenshilfe-dillenburg.de\/leicht\/versteigerung-fuer-den-guten-zweck\/"},"author":{"name":"Conny Holtfoth","@id":"https:\/\/lebenshilfe-dillenburg.de\/leicht\/#\/schema\/person\/b6c52dad8d881b49213c3345a7cd5efe"},"headline":"Versteigerung f\u00fcr den guten Zweck","datePublished":"2025-07-16T10:21:50+00:00","dateModified":"2026-02-02T11:01:12+00:00","mainEntityOfPage":{"@id":"https:\/\/lebenshilfe-dillenburg.de\/leicht\/versteigerung-fuer-den-guten-zweck\/"},"wordCount":350,"publisher":{"@id":"https:\/\/lebenshilfe-dillenburg.de\/leicht\/#organization"},"image":{"@id":"https:\/\/lebenshilfe-dillenburg.de\/leicht\/versteigerung-fuer-den-guten-zweck\/#primaryimage"},"thumbnailUrl":"https:\/\/lebenshilfe-dillenburg.de\/wp-content\/uploads\/kunststudio-gruppenfoto-strongman-pose.jpg","articleSection":["Meldungen"],"inLanguage":"de"},{"@type":"WebPage","@id":"https:\/\/lebenshilfe-dillenburg.de\/leicht\/versteigerung-fuer-den-guten-zweck\/","url":"https:\/\/lebenshilfe-dillenburg.de\/leicht\/versteigerung-fuer-den-guten-zweck\/","name":"Versteigerung f\u00fcr den guten Zweck - Lebenshilfe Dillenburg e.V.","isPartOf":{"@id":"https:\/\/lebenshilfe-dillenburg.de\/leicht\/#website"},"primaryImageOfPage":{"@id":"https:\/\/lebenshilfe-dillenburg.de\/leicht\/versteigerung-fuer-den-guten-zweck\/#primaryimage"},"image":{"@id":"https:\/\/lebenshilfe-dillenburg.de\/leicht\/versteigerung-fuer-den-guten-zweck\/#primaryimage"},"thumbnailUrl":"https:\/\/lebenshilfe-dillenburg.de\/wp-content\/uploads\/kunststudio-gruppenfoto-strongman-pose.jpg","datePublished":"2025-07-16T10:21:50+00:00","dateModified":"2026-02-02T11:01:12+00:00","breadcrumb":{"@id":"https:\/\/lebenshilfe-dillenburg.de\/leicht\/versteigerung-fuer-den-guten-zweck\/#breadcrumb"},"inLanguage":"de","potentialAction":[{"@type":"ReadAction","target":["https:\/\/lebenshilfe-dillenburg.de\/leicht\/versteigerung-fuer-den-guten-zweck\/"]}]},{"@type":"ImageObject","inLanguage":"de","@id":"https:\/\/lebenshilfe-dillenburg.de\/leicht\/versteigerung-fuer-den-guten-zweck\/#primaryimage","url":"https:\/\/lebenshilfe-dillenburg.de\/wp-content\/uploads\/kunststudio-gruppenfoto-strongman-pose.jpg","contentUrl":"https:\/\/lebenshilfe-dillenburg.de\/wp-content\/uploads\/kunststudio-gruppenfoto-strongman-pose.jpg","width":1024,"height":582,"caption":"F\u00fcnf K\u00fcnstler im Atelier posieren im Strongman-Stil vor bunt-abstraktem Gem\u00e4lde."},{"@type":"BreadcrumbList","@id":"https:\/\/lebenshilfe-dillenburg.de\/leicht\/versteigerung-fuer-den-guten-zweck\/#breadcrumb","itemListElement":[{"@type":"ListItem","position":1,"name":"Startseite der Lebenshilfe Dillenburg","item":"https:\/\/lebenshilfe-dillenburg.de\/leicht\/"},{"@type":"ListItem","position":2,"name":"Versteigerung f\u00fcr den guten Zweck"}]},{"@type":"WebSite","@id":"https:\/\/lebenshilfe-dillenburg.de\/leicht\/#website","url":"https:\/\/lebenshilfe-dillenburg.de\/leicht\/","name":"Lebenshilfe Dillenburg \u2013 Teilhabe & Unterst\u00fctzung im Lahn-Dill-Kreis","description":"","publisher":{"@id":"https:\/\/lebenshilfe-dillenburg.de\/leicht\/#organization"},"potentialAction":[{"@type":"SearchAction","target":{"@type":"EntryPoint","urlTemplate":"https:\/\/lebenshilfe-dillenburg.de\/leicht\/?s={search_term_string}"},"query-input":{"@type":"PropertyValueSpecification","valueRequired":true,"valueName":"search_term_string"}}],"inLanguage":"de"},{"@type":"Organization","@id":"https:\/\/lebenshilfe-dillenburg.de\/leicht\/#organization","name":"Lebenshilfe Dillenburg e.V.","url":"https:\/\/lebenshilfe-dillenburg.de\/leicht\/","logo":{"@type":"ImageObject","inLanguage":"de","@id":"https:\/\/lebenshilfe-dillenburg.de\/leicht\/#\/schema\/logo\/image\/","url":"https:\/\/lebenshilfe-dillenburg.de\/wp-content\/uploads\/lebenshilfe-dillenburg-desktop.webp","contentUrl":"https:\/\/lebenshilfe-dillenburg.de\/wp-content\/uploads\/lebenshilfe-dillenburg-desktop.webp","width":461,"height":202,"caption":"Lebenshilfe Dillenburg e.V."},"image":{"@id":"https:\/\/lebenshilfe-dillenburg.de\/leicht\/#\/schema\/logo\/image\/"},"sameAs":["https:\/\/www.facebook.com\/lebenshilfedillenburg\/","https:\/\/www.instagram.com\/lebenshilfe_dillenburg\/"]},{"@type":"Person","@id":"https:\/\/lebenshilfe-dillenburg.de\/leicht\/#\/schema\/person\/b6c52dad8d881b49213c3345a7cd5efe","name":"Conny Holtfoth","sameAs":["http:\/\/lebenshilfe-dillenburg.de"],"url":"https:\/\/lebenshilfe-dillenburg.de\/leicht\/author\/conny\/"}]}},"taxonomy_info":{"category":[{"value":53,"label":"Meldungen"}]},"featured_image_src_large":["https:\/\/lebenshilfe-dillenburg.de\/wp-content\/uploads\/kunststudio-gruppenfoto-strongman-pose.jpg",1024,582,false],"author_info":{"display_name":"Conny Holtfoth","author_link":"https:\/\/lebenshilfe-dillenburg.de\/leicht\/author\/conny\/"},"comment_info":0,"category_info":[{"term_id":53,"name":"Meldungen","slug":"meldungen","term_group":0,"term_taxonomy_id":53,"taxonomy":"category","description":"","parent":0,"count":127,"filter":"raw","term_order":"5","cat_ID":53,"category_count":127,"category_description":"","cat_name":"Meldungen","category_nicename":"meldungen","category_parent":0}],"tag_info":false,"_links":{"self":[{"href":"https:\/\/lebenshilfe-dillenburg.de\/leicht\/wp-json\/wp\/v2\/posts\/7170","targetHints":{"allow":["GET"]}}],"collection":[{"href":"https:\/\/lebenshilfe-dillenburg.de\/leicht\/wp-json\/wp\/v2\/posts"}],"about":[{"href":"https:\/\/lebenshilfe-dillenburg.de\/leicht\/wp-json\/wp\/v2\/types\/post"}],"author":[{"embeddable":true,"href":"https:\/\/lebenshilfe-dillenburg.de\/leicht\/wp-json\/wp\/v2\/users\/4"}],"replies":[{"embeddable":true,"href":"https:\/\/lebenshilfe-dillenburg.de\/leicht\/wp-json\/wp\/v2\/comments?post=7170"}],"version-history":[{"count":0,"href":"https:\/\/lebenshilfe-dillenburg.de\/leicht\/wp-json\/wp\/v2\/posts\/7170\/revisions"}],"wp:featuredmedia":[{"embeddable":true,"href":"https:\/\/lebenshilfe-dillenburg.de\/leicht\/wp-json\/wp\/v2\/media\/7198"}],"wp:attachment":[{"href":"https:\/\/lebenshilfe-dillenburg.de\/leicht\/wp-json\/wp\/v2\/media?parent=7170"}],"wp:term":[{"taxonomy":"category","embeddable":true,"href":"https:\/\/lebenshilfe-dillenburg.de\/leicht\/wp-json\/wp\/v2\/categories?post=7170"},{"taxonomy":"post_tag","embeddable":true,"href":"https:\/\/lebenshilfe-dillenburg.de\/leicht\/wp-json\/wp\/v2\/tags?post=7170"}],"curies":[{"name":"wp","href":"https:\/\/api.w.org\/{rel}","templated":true}]}}