{"id":7171,"date":"2025-08-06T10:14:45","date_gmt":"2025-08-06T08:14:45","guid":{"rendered":"https:\/\/www.lebenshilfe-dillenburg.de\/?p=5023"},"modified":"2026-02-02T11:58:57","modified_gmt":"2026-02-02T10:58:57","slug":"lebenshilfe-feiert-sommerfest","status":"publish","type":"post","link":"https:\/\/lebenshilfe-dillenburg.de\/leicht\/lebenshilfe-feiert-sommerfest\/","title":{"rendered":"Lebenshilfe feiert Sommerfest"},"content":{"rendered":"\n<p>60 Jahre Lebenshilfe Dillenburg \u2013 ein Grund zu feiern. Live-Musik, Tombola, leckeres Essen und stimmungsvolles Ambiente erwartet am 15. August ab 18.30 Uhr die Besucher des Jubil\u00e4ums-Sommerfests auf dem Gel\u00e4nde des Hessischen Landgest\u00fcts in Dillenburg.<\/p>\n\n\n\n<p>Rock, Pop und Party garantiert \u2013 daf\u00fcr steht die Band Mission2Party als Hauptact des Abends. Die siebenk\u00f6pfige Allrounder-Formation pr\u00e4sentiert Hits aus mehreren Jahrzehnten, verpackt in einer mitrei\u00dfenden B\u00fchnenshow.<br>Den musikalischen Auftakt \u00fcbernimmt zuvor die Band Ladykiller, die das Beste von Westernhagen auf die B\u00fchne bringt.<\/p>\n\n\n\n<p>Der Lebenshilfe-Imbisswagen aus Flammersbach serviert viele herzhafte Leckereien \u2013 unter anderem Wurst, Pommes und Burger. Erg\u00e4nzt wird das Angebot durch ein Buffet mit Fingerfood, Snacks und Salaten. F\u00fcr den s\u00fc\u00dfen Gaumen bereitet das Team der integrativen Kindertagesst\u00e4tte frische Waffeln und Cr\u00eapes zu. Die Weinstube, bewirtet vom Team der interdisziplin\u00e4ren Fr\u00fchf\u00f6rderstelle, l\u00e4dt mit einer feinen Auswahl erlesener Weine zum Verweilen ein.<\/p>\n\n\n\n<p>Nach mehrj\u00e4hriger Pause wieder dabei ist auch die beliebte Tombola mit zahlreichen hochwertigen Preisen. \u201eEin besonderer Dank gilt den zahlreichen regionalen Unternehmen, die die Tombola durch ihre finanzielle Unterst\u00fctzung m\u00f6glich machen\u201c, betont Vorstandsmitglied Dirk Botzon.<br>Besonderes Highlight ist zudem der Verkaufsstand des Modelabels Mosja. Zwei Besch\u00e4ftigte der Lebenshilfe-Werkst\u00e4tten waren im Rahmen eines Praktikums direkt an der Entwicklung der aktuellen, zwischenzeitlich bereits ausverkauften Kollektion beteiligt \u2013 von der Idee bis zum fertigen Kleidungsst\u00fcck.<\/p>\n\n\n\n<p>Der Eintritt ist frei, Getr\u00e4nkebecher sind f\u00fcr zwei Euro vor Ort erh\u00e4ltlich. \u201eWir freuen uns auf zahlreiche G\u00e4ste und darauf, an diesem besonderen Ort wieder Menschen mit und ohne Behinderung in entspannter Atmosph\u00e4re zusammenzubringen\u201c, so Vorstandsmitglied Dr. Oliver Schmitzer.<\/p>\n\n\n\n<p>Die Lebenshilfe Dillenburg begleitet und f\u00f6rdert im n\u00f6rdlichen Lahn-Dill-Kreis rund 1200 Menschen mit Beeintr\u00e4chtigung \u2013 im Arbeits- und Wohnbereich, in der Fr\u00fchf\u00f6rderung, in der integrativen Kindertagesst\u00e4tte, in Tagesf\u00f6rderst\u00e4tten und im Freizeitbereich.<\/p>\n","protected":false},"excerpt":{"rendered":"<p>60 Jahre Lebenshilfe Dillenburg \u2013 ein Grund zu feiern. Live-Musik, Tombola, leckeres Essen und stimmungsvolles Ambiente erwartet am 15. August ab 18.30 Uhr die Besucher des Jubil\u00e4ums-Sommerfests auf dem Gel\u00e4nde des Hessischen Landgest\u00fcts in Dillenburg. Rock, Pop und Party garantiert \u2013 daf\u00fcr steht die Band Mission2Party als Hauptact des Abends. Die siebenk\u00f6pfige Allrounder-Formation pr\u00e4sentiert Hits&#8230;<\/p>\n","protected":false},"author":4,"featured_media":5024,"comment_status":"closed","ping_status":"closed","sticky":false,"template":"","format":"standard","meta":{"_acf_changed":false,"_gspb_post_css":"","_kad_blocks_custom_css":"","_kad_blocks_head_custom_js":"","_kad_blocks_body_custom_js":"","_kad_blocks_footer_custom_js":"","_kad_post_transparent":"","_kad_post_title":"","_kad_post_layout":"","_kad_post_sidebar_id":"","_kad_post_content_style":"","_kad_post_vertical_padding":"","_kad_post_feature":"","_kad_post_feature_position":"","_kad_post_header":false,"_kad_post_footer":false,"_kad_post_classname":"","footnotes":""},"categories":[53],"tags":[],"class_list":["post-7171","post","type-post","status-publish","format-standard","has-post-thumbnail","hentry","category-meldungen"],"acf":[],"yoast_head":"<!-- This site is optimized with the Yoast SEO plugin v27.5 - https:\/\/yoast.com\/product\/yoast-seo-wordpress\/ -->\n<title>Lebenshilfe feiert Sommerfest - Lebenshilfe Dillenburg e.V.<\/title>\n<meta name=\"robots\" content=\"index, follow, max-snippet:-1, max-image-preview:large, max-video-preview:-1\" \/>\n<link rel=\"canonical\" href=\"https:\/\/lebenshilfe-dillenburg.de\/leicht\/lebenshilfe-feiert-sommerfest\/\" \/>\n<meta property=\"og:locale\" content=\"de_DE\" \/>\n<meta property=\"og:type\" content=\"article\" \/>\n<meta property=\"og:title\" content=\"Lebenshilfe feiert Sommerfest - Lebenshilfe Dillenburg e.V.\" \/>\n<meta property=\"og:description\" content=\"60 Jahre Lebenshilfe Dillenburg \u2013 ein Grund zu feiern. Live-Musik, Tombola, leckeres Essen und stimmungsvolles Ambiente erwartet am 15. August ab 18.30 Uhr die Besucher des Jubil\u00e4ums-Sommerfests auf dem Gel\u00e4nde des Hessischen Landgest\u00fcts in Dillenburg. Rock, Pop und Party garantiert \u2013 daf\u00fcr steht die Band Mission2Party als Hauptact des Abends. Die siebenk\u00f6pfige Allrounder-Formation pr\u00e4sentiert Hits...\" \/>\n<meta property=\"og:url\" content=\"https:\/\/lebenshilfe-dillenburg.de\/leicht\/lebenshilfe-feiert-sommerfest\/\" \/>\n<meta property=\"og:site_name\" content=\"Lebenshilfe Dillenburg e.V.\" \/>\n<meta property=\"article:publisher\" content=\"https:\/\/www.facebook.com\/lebenshilfedillenburg\/\" \/>\n<meta property=\"article:published_time\" content=\"2025-08-06T08:14:45+00:00\" \/>\n<meta property=\"article:modified_time\" content=\"2026-02-02T10:58:57+00:00\" \/>\n<meta property=\"og:image\" content=\"https:\/\/lebenshilfe-dillenburg.de\/wp-content\/uploads\/lebenshilfe-feiert-sommerfest-04-band-gala-scaled-2-768x512.png\" \/>\n\t<meta property=\"og:image:width\" content=\"768\" \/>\n\t<meta property=\"og:image:height\" content=\"512\" \/>\n\t<meta property=\"og:image:type\" content=\"image\/png\" \/>\n<meta name=\"author\" content=\"Conny Holtfoth\" \/>\n<meta name=\"twitter:card\" content=\"summary_large_image\" \/>\n<meta name=\"twitter:label1\" content=\"Geschrieben von\" \/>\n\t<meta name=\"twitter:data1\" content=\"Conny Holtfoth\" \/>\n\t<meta name=\"twitter:label2\" content=\"Gesch\u00e4tzte Lesezeit\" \/>\n\t<meta name=\"twitter:data2\" content=\"2\u00a0Minuten\" \/>\n<script type=\"application\/ld+json\" class=\"yoast-schema-graph\">{\"@context\":\"https:\\\/\\\/schema.org\",\"@graph\":[{\"@type\":\"Article\",\"@id\":\"https:\\\/\\\/lebenshilfe-dillenburg.de\\\/leicht\\\/lebenshilfe-feiert-sommerfest\\\/#article\",\"isPartOf\":{\"@id\":\"https:\\\/\\\/lebenshilfe-dillenburg.de\\\/leicht\\\/lebenshilfe-feiert-sommerfest\\\/\"},\"author\":{\"name\":\"Conny Holtfoth\",\"@id\":\"https:\\\/\\\/lebenshilfe-dillenburg.de\\\/leicht\\\/#\\\/schema\\\/person\\\/b6c52dad8d881b49213c3345a7cd5efe\"},\"headline\":\"Lebenshilfe feiert Sommerfest\",\"datePublished\":\"2025-08-06T08:14:45+00:00\",\"dateModified\":\"2026-02-02T10:58:57+00:00\",\"mainEntityOfPage\":{\"@id\":\"https:\\\/\\\/lebenshilfe-dillenburg.de\\\/leicht\\\/lebenshilfe-feiert-sommerfest\\\/\"},\"wordCount\":314,\"publisher\":{\"@id\":\"https:\\\/\\\/lebenshilfe-dillenburg.de\\\/leicht\\\/#organization\"},\"image\":{\"@id\":\"https:\\\/\\\/lebenshilfe-dillenburg.de\\\/leicht\\\/lebenshilfe-feiert-sommerfest\\\/#primaryimage\"},\"thumbnailUrl\":\"https:\\\/\\\/lebenshilfe-dillenburg.de\\\/wp-content\\\/uploads\\\/mission2party-band-gala-04.png\",\"articleSection\":[\"Meldungen\"],\"inLanguage\":\"de\"},{\"@type\":\"WebPage\",\"@id\":\"https:\\\/\\\/lebenshilfe-dillenburg.de\\\/leicht\\\/lebenshilfe-feiert-sommerfest\\\/\",\"url\":\"https:\\\/\\\/lebenshilfe-dillenburg.de\\\/leicht\\\/lebenshilfe-feiert-sommerfest\\\/\",\"name\":\"Lebenshilfe feiert Sommerfest - Lebenshilfe Dillenburg e.V.\",\"isPartOf\":{\"@id\":\"https:\\\/\\\/lebenshilfe-dillenburg.de\\\/leicht\\\/#website\"},\"primaryImageOfPage\":{\"@id\":\"https:\\\/\\\/lebenshilfe-dillenburg.de\\\/leicht\\\/lebenshilfe-feiert-sommerfest\\\/#primaryimage\"},\"image\":{\"@id\":\"https:\\\/\\\/lebenshilfe-dillenburg.de\\\/leicht\\\/lebenshilfe-feiert-sommerfest\\\/#primaryimage\"},\"thumbnailUrl\":\"https:\\\/\\\/lebenshilfe-dillenburg.de\\\/wp-content\\\/uploads\\\/mission2party-band-gala-04.png\",\"datePublished\":\"2025-08-06T08:14:45+00:00\",\"dateModified\":\"2026-02-02T10:58:57+00:00\",\"breadcrumb\":{\"@id\":\"https:\\\/\\\/lebenshilfe-dillenburg.de\\\/leicht\\\/lebenshilfe-feiert-sommerfest\\\/#breadcrumb\"},\"inLanguage\":\"de\",\"potentialAction\":[{\"@type\":\"ReadAction\",\"target\":[\"https:\\\/\\\/lebenshilfe-dillenburg.de\\\/leicht\\\/lebenshilfe-feiert-sommerfest\\\/\"]}]},{\"@type\":\"ImageObject\",\"inLanguage\":\"de\",\"@id\":\"https:\\\/\\\/lebenshilfe-dillenburg.de\\\/leicht\\\/lebenshilfe-feiert-sommerfest\\\/#primaryimage\",\"url\":\"https:\\\/\\\/lebenshilfe-dillenburg.de\\\/wp-content\\\/uploads\\\/mission2party-band-gala-04.png\",\"contentUrl\":\"https:\\\/\\\/lebenshilfe-dillenburg.de\\\/wp-content\\\/uploads\\\/mission2party-band-gala-04.png\",\"width\":1500,\"height\":1000,\"caption\":\"Hauptact des Abends: Mission2Party (Foto: DANI)\"},{\"@type\":\"BreadcrumbList\",\"@id\":\"https:\\\/\\\/lebenshilfe-dillenburg.de\\\/leicht\\\/lebenshilfe-feiert-sommerfest\\\/#breadcrumb\",\"itemListElement\":[{\"@type\":\"ListItem\",\"position\":1,\"name\":\"Startseite der Lebenshilfe Dillenburg\",\"item\":\"https:\\\/\\\/lebenshilfe-dillenburg.de\\\/leicht\\\/\"},{\"@type\":\"ListItem\",\"position\":2,\"name\":\"Lebenshilfe feiert Sommerfest\"}]},{\"@type\":\"WebSite\",\"@id\":\"https:\\\/\\\/lebenshilfe-dillenburg.de\\\/leicht\\\/#website\",\"url\":\"https:\\\/\\\/lebenshilfe-dillenburg.de\\\/leicht\\\/\",\"name\":\"Lebenshilfe Dillenburg \u2013 Teilhabe & Unterst\u00fctzung im Lahn-Dill-Kreis\",\"description\":\"\",\"publisher\":{\"@id\":\"https:\\\/\\\/lebenshilfe-dillenburg.de\\\/leicht\\\/#organization\"},\"potentialAction\":[{\"@type\":\"SearchAction\",\"target\":{\"@type\":\"EntryPoint\",\"urlTemplate\":\"https:\\\/\\\/lebenshilfe-dillenburg.de\\\/leicht\\\/?s={search_term_string}\"},\"query-input\":{\"@type\":\"PropertyValueSpecification\",\"valueRequired\":true,\"valueName\":\"search_term_string\"}}],\"inLanguage\":\"de\"},{\"@type\":\"Organization\",\"@id\":\"https:\\\/\\\/lebenshilfe-dillenburg.de\\\/leicht\\\/#organization\",\"name\":\"Lebenshilfe Dillenburg e.V.\",\"url\":\"https:\\\/\\\/lebenshilfe-dillenburg.de\\\/leicht\\\/\",\"logo\":{\"@type\":\"ImageObject\",\"inLanguage\":\"de\",\"@id\":\"https:\\\/\\\/lebenshilfe-dillenburg.de\\\/leicht\\\/#\\\/schema\\\/logo\\\/image\\\/\",\"url\":\"https:\\\/\\\/lebenshilfe-dillenburg.de\\\/wp-content\\\/uploads\\\/lebenshilfe-dillenburg-desktop.webp\",\"contentUrl\":\"https:\\\/\\\/lebenshilfe-dillenburg.de\\\/wp-content\\\/uploads\\\/lebenshilfe-dillenburg-desktop.webp\",\"width\":461,\"height\":202,\"caption\":\"Lebenshilfe Dillenburg e.V.\"},\"image\":{\"@id\":\"https:\\\/\\\/lebenshilfe-dillenburg.de\\\/leicht\\\/#\\\/schema\\\/logo\\\/image\\\/\"},\"sameAs\":[\"https:\\\/\\\/www.facebook.com\\\/lebenshilfedillenburg\\\/\",\"https:\\\/\\\/www.instagram.com\\\/lebenshilfe_dillenburg\\\/\"]},{\"@type\":\"Person\",\"@id\":\"https:\\\/\\\/lebenshilfe-dillenburg.de\\\/leicht\\\/#\\\/schema\\\/person\\\/b6c52dad8d881b49213c3345a7cd5efe\",\"name\":\"Conny Holtfoth\",\"sameAs\":[\"http:\\\/\\\/lebenshilfe-dillenburg.de\"],\"url\":\"https:\\\/\\\/lebenshilfe-dillenburg.de\\\/leicht\\\/author\\\/conny\\\/\"}]}<\/script>\n<!-- \/ Yoast SEO plugin. -->","yoast_head_json":{"title":"Lebenshilfe feiert Sommerfest - Lebenshilfe Dillenburg e.V.","robots":{"index":"index","follow":"follow","max-snippet":"max-snippet:-1","max-image-preview":"max-image-preview:large","max-video-preview":"max-video-preview:-1"},"canonical":"https:\/\/lebenshilfe-dillenburg.de\/leicht\/lebenshilfe-feiert-sommerfest\/","og_locale":"de_DE","og_type":"article","og_title":"Lebenshilfe feiert Sommerfest - Lebenshilfe Dillenburg e.V.","og_description":"60 Jahre Lebenshilfe Dillenburg \u2013 ein Grund zu feiern. Live-Musik, Tombola, leckeres Essen und stimmungsvolles Ambiente erwartet am 15. August ab 18.30 Uhr die Besucher des Jubil\u00e4ums-Sommerfests auf dem Gel\u00e4nde des Hessischen Landgest\u00fcts in Dillenburg. Rock, Pop und Party garantiert \u2013 daf\u00fcr steht die Band Mission2Party als Hauptact des Abends. Die siebenk\u00f6pfige Allrounder-Formation pr\u00e4sentiert Hits...","og_url":"https:\/\/lebenshilfe-dillenburg.de\/leicht\/lebenshilfe-feiert-sommerfest\/","og_site_name":"Lebenshilfe Dillenburg e.V.","article_publisher":"https:\/\/www.facebook.com\/lebenshilfedillenburg\/","article_published_time":"2025-08-06T08:14:45+00:00","article_modified_time":"2026-02-02T10:58:57+00:00","og_image":[{"width":768,"height":512,"url":"https:\/\/lebenshilfe-dillenburg.de\/wp-content\/uploads\/lebenshilfe-feiert-sommerfest-04-band-gala-scaled-2-768x512.png","type":"image\/png"}],"author":"Conny Holtfoth","twitter_card":"summary_large_image","twitter_misc":{"Geschrieben von":"Conny Holtfoth","Gesch\u00e4tzte Lesezeit":"2\u00a0Minuten"},"schema":{"@context":"https:\/\/schema.org","@graph":[{"@type":"Article","@id":"https:\/\/lebenshilfe-dillenburg.de\/leicht\/lebenshilfe-feiert-sommerfest\/#article","isPartOf":{"@id":"https:\/\/lebenshilfe-dillenburg.de\/leicht\/lebenshilfe-feiert-sommerfest\/"},"author":{"name":"Conny Holtfoth","@id":"https:\/\/lebenshilfe-dillenburg.de\/leicht\/#\/schema\/person\/b6c52dad8d881b49213c3345a7cd5efe"},"headline":"Lebenshilfe feiert Sommerfest","datePublished":"2025-08-06T08:14:45+00:00","dateModified":"2026-02-02T10:58:57+00:00","mainEntityOfPage":{"@id":"https:\/\/lebenshilfe-dillenburg.de\/leicht\/lebenshilfe-feiert-sommerfest\/"},"wordCount":314,"publisher":{"@id":"https:\/\/lebenshilfe-dillenburg.de\/leicht\/#organization"},"image":{"@id":"https:\/\/lebenshilfe-dillenburg.de\/leicht\/lebenshilfe-feiert-sommerfest\/#primaryimage"},"thumbnailUrl":"https:\/\/lebenshilfe-dillenburg.de\/wp-content\/uploads\/mission2party-band-gala-04.png","articleSection":["Meldungen"],"inLanguage":"de"},{"@type":"WebPage","@id":"https:\/\/lebenshilfe-dillenburg.de\/leicht\/lebenshilfe-feiert-sommerfest\/","url":"https:\/\/lebenshilfe-dillenburg.de\/leicht\/lebenshilfe-feiert-sommerfest\/","name":"Lebenshilfe feiert Sommerfest - Lebenshilfe Dillenburg e.V.","isPartOf":{"@id":"https:\/\/lebenshilfe-dillenburg.de\/leicht\/#website"},"primaryImageOfPage":{"@id":"https:\/\/lebenshilfe-dillenburg.de\/leicht\/lebenshilfe-feiert-sommerfest\/#primaryimage"},"image":{"@id":"https:\/\/lebenshilfe-dillenburg.de\/leicht\/lebenshilfe-feiert-sommerfest\/#primaryimage"},"thumbnailUrl":"https:\/\/lebenshilfe-dillenburg.de\/wp-content\/uploads\/mission2party-band-gala-04.png","datePublished":"2025-08-06T08:14:45+00:00","dateModified":"2026-02-02T10:58:57+00:00","breadcrumb":{"@id":"https:\/\/lebenshilfe-dillenburg.de\/leicht\/lebenshilfe-feiert-sommerfest\/#breadcrumb"},"inLanguage":"de","potentialAction":[{"@type":"ReadAction","target":["https:\/\/lebenshilfe-dillenburg.de\/leicht\/lebenshilfe-feiert-sommerfest\/"]}]},{"@type":"ImageObject","inLanguage":"de","@id":"https:\/\/lebenshilfe-dillenburg.de\/leicht\/lebenshilfe-feiert-sommerfest\/#primaryimage","url":"https:\/\/lebenshilfe-dillenburg.de\/wp-content\/uploads\/mission2party-band-gala-04.png","contentUrl":"https:\/\/lebenshilfe-dillenburg.de\/wp-content\/uploads\/mission2party-band-gala-04.png","width":1500,"height":1000,"caption":"Hauptact des Abends: Mission2Party (Foto: DANI)"},{"@type":"BreadcrumbList","@id":"https:\/\/lebenshilfe-dillenburg.de\/leicht\/lebenshilfe-feiert-sommerfest\/#breadcrumb","itemListElement":[{"@type":"ListItem","position":1,"name":"Startseite der Lebenshilfe Dillenburg","item":"https:\/\/lebenshilfe-dillenburg.de\/leicht\/"},{"@type":"ListItem","position":2,"name":"Lebenshilfe feiert Sommerfest"}]},{"@type":"WebSite","@id":"https:\/\/lebenshilfe-dillenburg.de\/leicht\/#website","url":"https:\/\/lebenshilfe-dillenburg.de\/leicht\/","name":"Lebenshilfe Dillenburg \u2013 Teilhabe & Unterst\u00fctzung im Lahn-Dill-Kreis","description":"","publisher":{"@id":"https:\/\/lebenshilfe-dillenburg.de\/leicht\/#organization"},"potentialAction":[{"@type":"SearchAction","target":{"@type":"EntryPoint","urlTemplate":"https:\/\/lebenshilfe-dillenburg.de\/leicht\/?s={search_term_string}"},"query-input":{"@type":"PropertyValueSpecification","valueRequired":true,"valueName":"search_term_string"}}],"inLanguage":"de"},{"@type":"Organization","@id":"https:\/\/lebenshilfe-dillenburg.de\/leicht\/#organization","name":"Lebenshilfe Dillenburg e.V.","url":"https:\/\/lebenshilfe-dillenburg.de\/leicht\/","logo":{"@type":"ImageObject","inLanguage":"de","@id":"https:\/\/lebenshilfe-dillenburg.de\/leicht\/#\/schema\/logo\/image\/","url":"https:\/\/lebenshilfe-dillenburg.de\/wp-content\/uploads\/lebenshilfe-dillenburg-desktop.webp","contentUrl":"https:\/\/lebenshilfe-dillenburg.de\/wp-content\/uploads\/lebenshilfe-dillenburg-desktop.webp","width":461,"height":202,"caption":"Lebenshilfe Dillenburg e.V."},"image":{"@id":"https:\/\/lebenshilfe-dillenburg.de\/leicht\/#\/schema\/logo\/image\/"},"sameAs":["https:\/\/www.facebook.com\/lebenshilfedillenburg\/","https:\/\/www.instagram.com\/lebenshilfe_dillenburg\/"]},{"@type":"Person","@id":"https:\/\/lebenshilfe-dillenburg.de\/leicht\/#\/schema\/person\/b6c52dad8d881b49213c3345a7cd5efe","name":"Conny Holtfoth","sameAs":["http:\/\/lebenshilfe-dillenburg.de"],"url":"https:\/\/lebenshilfe-dillenburg.de\/leicht\/author\/conny\/"}]}},"taxonomy_info":{"category":[{"value":53,"label":"Meldungen"}]},"featured_image_src_large":["https:\/\/lebenshilfe-dillenburg.de\/wp-content\/uploads\/mission2party-band-gala-04-1920x1280.png",1366,911,true],"author_info":{"display_name":"Conny Holtfoth","author_link":"https:\/\/lebenshilfe-dillenburg.de\/leicht\/author\/conny\/"},"comment_info":0,"category_info":[{"term_id":53,"name":"Meldungen","slug":"meldungen","term_group":0,"term_taxonomy_id":53,"taxonomy":"category","description":"","parent":0,"count":127,"filter":"raw","term_order":"5","cat_ID":53,"category_count":127,"category_description":"","cat_name":"Meldungen","category_nicename":"meldungen","category_parent":0}],"tag_info":false,"_links":{"self":[{"href":"https:\/\/lebenshilfe-dillenburg.de\/leicht\/wp-json\/wp\/v2\/posts\/7171","targetHints":{"allow":["GET"]}}],"collection":[{"href":"https:\/\/lebenshilfe-dillenburg.de\/leicht\/wp-json\/wp\/v2\/posts"}],"about":[{"href":"https:\/\/lebenshilfe-dillenburg.de\/leicht\/wp-json\/wp\/v2\/types\/post"}],"author":[{"embeddable":true,"href":"https:\/\/lebenshilfe-dillenburg.de\/leicht\/wp-json\/wp\/v2\/users\/4"}],"replies":[{"embeddable":true,"href":"https:\/\/lebenshilfe-dillenburg.de\/leicht\/wp-json\/wp\/v2\/comments?post=7171"}],"version-history":[{"count":0,"href":"https:\/\/lebenshilfe-dillenburg.de\/leicht\/wp-json\/wp\/v2\/posts\/7171\/revisions"}],"wp:featuredmedia":[{"embeddable":true,"href":"https:\/\/lebenshilfe-dillenburg.de\/leicht\/wp-json\/wp\/v2\/media\/5024"}],"wp:attachment":[{"href":"https:\/\/lebenshilfe-dillenburg.de\/leicht\/wp-json\/wp\/v2\/media?parent=7171"}],"wp:term":[{"taxonomy":"category","embeddable":true,"href":"https:\/\/lebenshilfe-dillenburg.de\/leicht\/wp-json\/wp\/v2\/categories?post=7171"},{"taxonomy":"post_tag","embeddable":true,"href":"https:\/\/lebenshilfe-dillenburg.de\/leicht\/wp-json\/wp\/v2\/tags?post=7171"}],"curies":[{"name":"wp","href":"https:\/\/api.w.org\/{rel}","templated":true}]}}