{"id":7173,"date":"2025-08-25T15:47:03","date_gmt":"2025-08-25T13:47:03","guid":{"rendered":"https:\/\/www.lebenshilfe-dillenburg.de\/?p=5041"},"modified":"2026-02-02T11:57:36","modified_gmt":"2026-02-02T10:57:36","slug":"landrat-erlebt-handwerk-mit-inklusion","status":"publish","type":"post","link":"https:\/\/lebenshilfe-dillenburg.de\/leicht\/landrat-erlebt-handwerk-mit-inklusion\/","title":{"rendered":"Landrat erlebt Handwerk mit Inklusion"},"content":{"rendered":"\n<p>Konzentriert schiebt Simon Ulm die n\u00e4chste Sitzschale in die Schleifmaschine. Die Arbeit mit Holz liebt der 47-J\u00e4hrige. Hier in der Lackiererei der Firma Walter Krenzer GmbH &amp; Co KG in Frohnhausen hat der Mann mit kognitiver Beeintr\u00e4chtigung \u00fcber die Betriebsintegrierte Besch\u00e4ftigung (BiB) der Lebenshilfe Dillenburg seit dem 1. Januar 2019 seine berufliche Heimat gefunden. Heute bekommen er und sein BiB-Kollege Christopher Rompf hohen Besuch.<\/p>\n\n\n\n<p>\u201eHerzlichen Gl\u00fcckwunsch zum Geburtstag.\u201c Mit festem H\u00e4ndedruck begr\u00fc\u00dft Landrat Carsten Braun Ulm an dessen Arbeitsplatz \u2013 und gratuliert pers\u00f6nlich zum Ehrentag. Mitgebracht hat der Driedorfer Politiker Zeit und Interesse. So erf\u00e4hrt er etwa, dass Ulm sich an seinem Arbeitsplatz sehr wohl und wertgesch\u00e4tzt f\u00fchlt. Das zeigt auch das Geburtstagspr\u00e4sent seiner Kollegen, das er stolz pr\u00e4sentiert: ein gerahmtes Bild von ihm mit der Aufschrift \u201eChef-Schleifer\u201c. Die gr\u00f6\u00dfte Herausforderung, wie Braun erf\u00e4hrt, ist der Arbeitsweg. Ulm f\u00e4hrt mit Bus und Bahn \u2013 nicht einfach f\u00fcr ihn, aber er schafft es. Fallen die Verkehrsmittel jedoch aus, wird das f\u00fcr den Medenbacher zum enormen Stressfaktor.<\/p>\n\n\n\n<p>Den Arbeitsweg zu Fu\u00df zur\u00fccklegen kann hingegen Christopher Rompf. Der 35-j\u00e4hrige Frohnh\u00e4user startete direkt nach der Schule 2007 im Berufsbildungsbereich der Lebenshilfe. Nach Jahren in verschiedenen Werkst\u00e4tten absolvierte er 2024 ein Praktikum bei Krenzer \u2013 und blieb. \u201eIch will hier nicht mehr weg\u201c, sagt er mit einem L\u00e4cheln. Seit dem 1. Juni 2024 ist er offiziell Teil des Teams. Er montiert Tischgestelle, kontrolliert Stuhlrahmen, klopft Stopfen ein \u2013 ganz in seinem eigenen Tempo.<br>BiB bedeutet: Menschen mit Beeintr\u00e4chtigung arbeiten in Betrieben des allgemeinen Arbeitsmarkts \u2013 mit individueller Begleitung und der Sicherheit der Werkstatt im Hintergrund. Derzeit gibt es 48 solcher Pl\u00e4tze in Kooperation mit der Lebenshilfe Dillenburg.<\/p>\n\n\n\n<p>\u201eSimon und Christopher erhalten ein echtes, passgenaues Angebot zur Teilhabe am Arbeitsleben\u201c, erl\u00e4utert Lars L\u00fcckoff, Bereichsleiter der Dillenburger Werkst\u00e4tten. \u201eHier begegnet man sich mit Empathie, Respekt und Offenheit. Dies erm\u00f6glicht f\u00fcr beide weitere Chancen der individuellen beruflichen und pers\u00f6nlichen Entwicklung.\u201c<\/p>\n\n\n\n<p>Geschichten, Gesichter und Arbeitspl\u00e4tze des BiB wird Braun nun h\u00e4ufiger kennenlernen. Mit seinem Amt als Landrat \u00fcbernahm er auch bereitwillig die BiB-Schirmherrschaft seines Vorg\u00e4ngers und damit auch die Tradition, j\u00e4hrlich einen BiB-Partner der Dillenburger Werkst\u00e4tten zu besuchen. \u201eSch\u00f6n, dass Sie die Schirmherrschaft \u00fcbernommen haben f\u00fcr diese wichtige Br\u00fccke in den ersten Arbeitsmarkt\u201c, betont Lebenshilfe-Vorstand Dr. Oliver Schmitzer. \u201eDas tr\u00e4gt das Thema Inklusion weiter in die \u00d6ffentlichkeit.\u201c<\/p>\n\n\n\n<p>Das Familienunternehmen Krenzer fertigt seit \u00fcber 80 Jahren Sitzm\u00f6bel und Tische von h\u00f6chster Qualit\u00e4t. Aktuell sind dort 20 Mitarbeitende t\u00e4tig. \u201eDie beiden BiB-Mitarbeiter Simon und Christopher sind seit mehreren Jahren hierbei absolut integriert und in jeder Hinsicht eine gro\u00dfe Bereicherung\u201c, so Krenzer-Gesch\u00e4ftsf\u00fchrer Stefan Gottschlich. \u201eAnfangs hatten wir nat\u00fcrlich ein paar Bedenken \u2013 aber die sind l\u00e4ngst ausger\u00e4umt. Heute ist es f\u00fcr uns eine Win-Win-Situation.\u201c Auch Betriebsleiter Thomas Debus spricht von zwei Beispielen gelungener Teilhabe und einer guten Zusammenarbeit mit den Dillenburger Werkst\u00e4tten.<\/p>\n\n\n\n<p>Landrat Braun bringt es zum Abschluss auf den Punkt: \u201eAm besten ist\u2019s doch, wenn man gar nicht gro\u00df dar\u00fcber spricht oder nachdenkt \u2013 so wie hier. Daran zeigt sich gelebte Inklusion.\u201c<\/p>\n","protected":false},"excerpt":{"rendered":"<p>Konzentriert schiebt Simon Ulm die n\u00e4chste Sitzschale in die Schleifmaschine. Die Arbeit mit Holz liebt der 47-J\u00e4hrige. Hier in der Lackiererei der Firma Walter Krenzer GmbH &amp; Co KG in Frohnhausen hat der Mann mit kognitiver Beeintr\u00e4chtigung \u00fcber die Betriebsintegrierte Besch\u00e4ftigung (BiB) der Lebenshilfe Dillenburg seit dem 1. Januar 2019 seine berufliche Heimat gefunden. Heute&#8230;<\/p>\n","protected":false},"author":4,"featured_media":7209,"comment_status":"closed","ping_status":"closed","sticky":false,"template":"","format":"standard","meta":{"_acf_changed":false,"_gspb_post_css":"","_kad_blocks_custom_css":"","_kad_blocks_head_custom_js":"","_kad_blocks_body_custom_js":"","_kad_blocks_footer_custom_js":"","_kad_post_transparent":"","_kad_post_title":"","_kad_post_layout":"","_kad_post_sidebar_id":"","_kad_post_content_style":"","_kad_post_vertical_padding":"","_kad_post_feature":"","_kad_post_feature_position":"","_kad_post_header":false,"_kad_post_footer":false,"_kad_post_classname":"","footnotes":""},"categories":[53],"tags":[],"class_list":["post-7173","post","type-post","status-publish","format-standard","has-post-thumbnail","hentry","category-meldungen"],"acf":[],"yoast_head":"<!-- This site is optimized with the Yoast SEO plugin v27.5 - https:\/\/yoast.com\/product\/yoast-seo-wordpress\/ -->\n<title>Landrat erlebt Handwerk mit Inklusion - Lebenshilfe Dillenburg e.V.<\/title>\n<meta name=\"robots\" content=\"index, follow, max-snippet:-1, max-image-preview:large, max-video-preview:-1\" \/>\n<link rel=\"canonical\" href=\"https:\/\/lebenshilfe-dillenburg.de\/leicht\/landrat-erlebt-handwerk-mit-inklusion\/\" \/>\n<meta property=\"og:locale\" content=\"de_DE\" \/>\n<meta property=\"og:type\" content=\"article\" \/>\n<meta property=\"og:title\" content=\"Landrat erlebt Handwerk mit Inklusion - Lebenshilfe Dillenburg e.V.\" \/>\n<meta property=\"og:description\" content=\"Konzentriert schiebt Simon Ulm die n\u00e4chste Sitzschale in die Schleifmaschine. Die Arbeit mit Holz liebt der 47-J\u00e4hrige. Hier in der Lackiererei der Firma Walter Krenzer GmbH &amp; Co KG in Frohnhausen hat der Mann mit kognitiver Beeintr\u00e4chtigung \u00fcber die Betriebsintegrierte Besch\u00e4ftigung (BiB) der Lebenshilfe Dillenburg seit dem 1. Januar 2019 seine berufliche Heimat gefunden. Heute...\" \/>\n<meta property=\"og:url\" content=\"https:\/\/lebenshilfe-dillenburg.de\/leicht\/landrat-erlebt-handwerk-mit-inklusion\/\" \/>\n<meta property=\"og:site_name\" content=\"Lebenshilfe Dillenburg e.V.\" \/>\n<meta property=\"article:publisher\" content=\"https:\/\/www.facebook.com\/lebenshilfedillenburg\/\" \/>\n<meta property=\"article:published_time\" content=\"2025-08-25T13:47:03+00:00\" \/>\n<meta property=\"article:modified_time\" content=\"2026-02-02T10:57:36+00:00\" \/>\n<meta property=\"og:image\" content=\"https:\/\/lebenshilfe-dillenburg.de\/wp-content\/uploads\/img-9374-img-9374-1.jpeg\" \/>\n\t<meta property=\"og:image:width\" content=\"2048\" \/>\n\t<meta property=\"og:image:height\" content=\"1536\" \/>\n\t<meta property=\"og:image:type\" content=\"image\/jpeg\" \/>\n<meta name=\"author\" content=\"Conny Holtfoth\" \/>\n<meta name=\"twitter:card\" content=\"summary_large_image\" \/>\n<meta name=\"twitter:label1\" content=\"Geschrieben von\" \/>\n\t<meta name=\"twitter:data1\" content=\"Conny Holtfoth\" \/>\n\t<meta name=\"twitter:label2\" content=\"Gesch\u00e4tzte Lesezeit\" \/>\n\t<meta name=\"twitter:data2\" content=\"3\u00a0Minuten\" \/>\n<script type=\"application\/ld+json\" class=\"yoast-schema-graph\">{\"@context\":\"https:\\\/\\\/schema.org\",\"@graph\":[{\"@type\":\"Article\",\"@id\":\"https:\\\/\\\/lebenshilfe-dillenburg.de\\\/leicht\\\/landrat-erlebt-handwerk-mit-inklusion\\\/#article\",\"isPartOf\":{\"@id\":\"https:\\\/\\\/lebenshilfe-dillenburg.de\\\/leicht\\\/landrat-erlebt-handwerk-mit-inklusion\\\/\"},\"author\":{\"name\":\"Conny Holtfoth\",\"@id\":\"https:\\\/\\\/lebenshilfe-dillenburg.de\\\/leicht\\\/#\\\/schema\\\/person\\\/b6c52dad8d881b49213c3345a7cd5efe\"},\"headline\":\"Landrat erlebt Handwerk mit Inklusion\",\"datePublished\":\"2025-08-25T13:47:03+00:00\",\"dateModified\":\"2026-02-02T10:57:36+00:00\",\"mainEntityOfPage\":{\"@id\":\"https:\\\/\\\/lebenshilfe-dillenburg.de\\\/leicht\\\/landrat-erlebt-handwerk-mit-inklusion\\\/\"},\"wordCount\":534,\"publisher\":{\"@id\":\"https:\\\/\\\/lebenshilfe-dillenburg.de\\\/leicht\\\/#organization\"},\"image\":{\"@id\":\"https:\\\/\\\/lebenshilfe-dillenburg.de\\\/leicht\\\/landrat-erlebt-handwerk-mit-inklusion\\\/#primaryimage\"},\"thumbnailUrl\":\"https:\\\/\\\/lebenshilfe-dillenburg.de\\\/wp-content\\\/uploads\\\/teamfoto-berufliche-inklusion-workshop.jpeg\",\"articleSection\":[\"Meldungen\"],\"inLanguage\":\"de\"},{\"@type\":\"WebPage\",\"@id\":\"https:\\\/\\\/lebenshilfe-dillenburg.de\\\/leicht\\\/landrat-erlebt-handwerk-mit-inklusion\\\/\",\"url\":\"https:\\\/\\\/lebenshilfe-dillenburg.de\\\/leicht\\\/landrat-erlebt-handwerk-mit-inklusion\\\/\",\"name\":\"Landrat erlebt Handwerk mit Inklusion - Lebenshilfe Dillenburg e.V.\",\"isPartOf\":{\"@id\":\"https:\\\/\\\/lebenshilfe-dillenburg.de\\\/leicht\\\/#website\"},\"primaryImageOfPage\":{\"@id\":\"https:\\\/\\\/lebenshilfe-dillenburg.de\\\/leicht\\\/landrat-erlebt-handwerk-mit-inklusion\\\/#primaryimage\"},\"image\":{\"@id\":\"https:\\\/\\\/lebenshilfe-dillenburg.de\\\/leicht\\\/landrat-erlebt-handwerk-mit-inklusion\\\/#primaryimage\"},\"thumbnailUrl\":\"https:\\\/\\\/lebenshilfe-dillenburg.de\\\/wp-content\\\/uploads\\\/teamfoto-berufliche-inklusion-workshop.jpeg\",\"datePublished\":\"2025-08-25T13:47:03+00:00\",\"dateModified\":\"2026-02-02T10:57:36+00:00\",\"breadcrumb\":{\"@id\":\"https:\\\/\\\/lebenshilfe-dillenburg.de\\\/leicht\\\/landrat-erlebt-handwerk-mit-inklusion\\\/#breadcrumb\"},\"inLanguage\":\"de\",\"potentialAction\":[{\"@type\":\"ReadAction\",\"target\":[\"https:\\\/\\\/lebenshilfe-dillenburg.de\\\/leicht\\\/landrat-erlebt-handwerk-mit-inklusion\\\/\"]}]},{\"@type\":\"ImageObject\",\"inLanguage\":\"de\",\"@id\":\"https:\\\/\\\/lebenshilfe-dillenburg.de\\\/leicht\\\/landrat-erlebt-handwerk-mit-inklusion\\\/#primaryimage\",\"url\":\"https:\\\/\\\/lebenshilfe-dillenburg.de\\\/wp-content\\\/uploads\\\/teamfoto-berufliche-inklusion-workshop.jpeg\",\"contentUrl\":\"https:\\\/\\\/lebenshilfe-dillenburg.de\\\/wp-content\\\/uploads\\\/teamfoto-berufliche-inklusion-workshop.jpeg\",\"width\":1440,\"height\":1080,\"caption\":\"Ein Beispiel f\u00fcr gelungene berufliche Inklusion: (v.l.) Stefan Gottschlich, Dr. Oliver Schmitzer, Christopher Rompf, Susanne Kind, Simon Ulm, Carsten Braun, Lars L\u00fcckoff und Thomas Debus. (Foto: Holtfoth)\"},{\"@type\":\"BreadcrumbList\",\"@id\":\"https:\\\/\\\/lebenshilfe-dillenburg.de\\\/leicht\\\/landrat-erlebt-handwerk-mit-inklusion\\\/#breadcrumb\",\"itemListElement\":[{\"@type\":\"ListItem\",\"position\":1,\"name\":\"Startseite der Lebenshilfe Dillenburg\",\"item\":\"https:\\\/\\\/lebenshilfe-dillenburg.de\\\/leicht\\\/\"},{\"@type\":\"ListItem\",\"position\":2,\"name\":\"Landrat erlebt Handwerk mit Inklusion\"}]},{\"@type\":\"WebSite\",\"@id\":\"https:\\\/\\\/lebenshilfe-dillenburg.de\\\/leicht\\\/#website\",\"url\":\"https:\\\/\\\/lebenshilfe-dillenburg.de\\\/leicht\\\/\",\"name\":\"Lebenshilfe Dillenburg \u2013 Teilhabe & Unterst\u00fctzung im Lahn-Dill-Kreis\",\"description\":\"\",\"publisher\":{\"@id\":\"https:\\\/\\\/lebenshilfe-dillenburg.de\\\/leicht\\\/#organization\"},\"potentialAction\":[{\"@type\":\"SearchAction\",\"target\":{\"@type\":\"EntryPoint\",\"urlTemplate\":\"https:\\\/\\\/lebenshilfe-dillenburg.de\\\/leicht\\\/?s={search_term_string}\"},\"query-input\":{\"@type\":\"PropertyValueSpecification\",\"valueRequired\":true,\"valueName\":\"search_term_string\"}}],\"inLanguage\":\"de\"},{\"@type\":\"Organization\",\"@id\":\"https:\\\/\\\/lebenshilfe-dillenburg.de\\\/leicht\\\/#organization\",\"name\":\"Lebenshilfe Dillenburg e.V.\",\"url\":\"https:\\\/\\\/lebenshilfe-dillenburg.de\\\/leicht\\\/\",\"logo\":{\"@type\":\"ImageObject\",\"inLanguage\":\"de\",\"@id\":\"https:\\\/\\\/lebenshilfe-dillenburg.de\\\/leicht\\\/#\\\/schema\\\/logo\\\/image\\\/\",\"url\":\"https:\\\/\\\/lebenshilfe-dillenburg.de\\\/wp-content\\\/uploads\\\/lebenshilfe-dillenburg-desktop.webp\",\"contentUrl\":\"https:\\\/\\\/lebenshilfe-dillenburg.de\\\/wp-content\\\/uploads\\\/lebenshilfe-dillenburg-desktop.webp\",\"width\":461,\"height\":202,\"caption\":\"Lebenshilfe Dillenburg e.V.\"},\"image\":{\"@id\":\"https:\\\/\\\/lebenshilfe-dillenburg.de\\\/leicht\\\/#\\\/schema\\\/logo\\\/image\\\/\"},\"sameAs\":[\"https:\\\/\\\/www.facebook.com\\\/lebenshilfedillenburg\\\/\",\"https:\\\/\\\/www.instagram.com\\\/lebenshilfe_dillenburg\\\/\"]},{\"@type\":\"Person\",\"@id\":\"https:\\\/\\\/lebenshilfe-dillenburg.de\\\/leicht\\\/#\\\/schema\\\/person\\\/b6c52dad8d881b49213c3345a7cd5efe\",\"name\":\"Conny Holtfoth\",\"sameAs\":[\"http:\\\/\\\/lebenshilfe-dillenburg.de\"],\"url\":\"https:\\\/\\\/lebenshilfe-dillenburg.de\\\/leicht\\\/author\\\/conny\\\/\"}]}<\/script>\n<!-- \/ Yoast SEO plugin. -->","yoast_head_json":{"title":"Landrat erlebt Handwerk mit Inklusion - Lebenshilfe Dillenburg e.V.","robots":{"index":"index","follow":"follow","max-snippet":"max-snippet:-1","max-image-preview":"max-image-preview:large","max-video-preview":"max-video-preview:-1"},"canonical":"https:\/\/lebenshilfe-dillenburg.de\/leicht\/landrat-erlebt-handwerk-mit-inklusion\/","og_locale":"de_DE","og_type":"article","og_title":"Landrat erlebt Handwerk mit Inklusion - Lebenshilfe Dillenburg e.V.","og_description":"Konzentriert schiebt Simon Ulm die n\u00e4chste Sitzschale in die Schleifmaschine. Die Arbeit mit Holz liebt der 47-J\u00e4hrige. Hier in der Lackiererei der Firma Walter Krenzer GmbH &amp; Co KG in Frohnhausen hat der Mann mit kognitiver Beeintr\u00e4chtigung \u00fcber die Betriebsintegrierte Besch\u00e4ftigung (BiB) der Lebenshilfe Dillenburg seit dem 1. Januar 2019 seine berufliche Heimat gefunden. Heute...","og_url":"https:\/\/lebenshilfe-dillenburg.de\/leicht\/landrat-erlebt-handwerk-mit-inklusion\/","og_site_name":"Lebenshilfe Dillenburg e.V.","article_publisher":"https:\/\/www.facebook.com\/lebenshilfedillenburg\/","article_published_time":"2025-08-25T13:47:03+00:00","article_modified_time":"2026-02-02T10:57:36+00:00","og_image":[{"width":2048,"height":1536,"url":"https:\/\/lebenshilfe-dillenburg.de\/wp-content\/uploads\/img-9374-img-9374-1.jpeg","type":"image\/jpeg"}],"author":"Conny Holtfoth","twitter_card":"summary_large_image","twitter_misc":{"Geschrieben von":"Conny Holtfoth","Gesch\u00e4tzte Lesezeit":"3\u00a0Minuten"},"schema":{"@context":"https:\/\/schema.org","@graph":[{"@type":"Article","@id":"https:\/\/lebenshilfe-dillenburg.de\/leicht\/landrat-erlebt-handwerk-mit-inklusion\/#article","isPartOf":{"@id":"https:\/\/lebenshilfe-dillenburg.de\/leicht\/landrat-erlebt-handwerk-mit-inklusion\/"},"author":{"name":"Conny Holtfoth","@id":"https:\/\/lebenshilfe-dillenburg.de\/leicht\/#\/schema\/person\/b6c52dad8d881b49213c3345a7cd5efe"},"headline":"Landrat erlebt Handwerk mit Inklusion","datePublished":"2025-08-25T13:47:03+00:00","dateModified":"2026-02-02T10:57:36+00:00","mainEntityOfPage":{"@id":"https:\/\/lebenshilfe-dillenburg.de\/leicht\/landrat-erlebt-handwerk-mit-inklusion\/"},"wordCount":534,"publisher":{"@id":"https:\/\/lebenshilfe-dillenburg.de\/leicht\/#organization"},"image":{"@id":"https:\/\/lebenshilfe-dillenburg.de\/leicht\/landrat-erlebt-handwerk-mit-inklusion\/#primaryimage"},"thumbnailUrl":"https:\/\/lebenshilfe-dillenburg.de\/wp-content\/uploads\/teamfoto-berufliche-inklusion-workshop.jpeg","articleSection":["Meldungen"],"inLanguage":"de"},{"@type":"WebPage","@id":"https:\/\/lebenshilfe-dillenburg.de\/leicht\/landrat-erlebt-handwerk-mit-inklusion\/","url":"https:\/\/lebenshilfe-dillenburg.de\/leicht\/landrat-erlebt-handwerk-mit-inklusion\/","name":"Landrat erlebt Handwerk mit Inklusion - Lebenshilfe Dillenburg e.V.","isPartOf":{"@id":"https:\/\/lebenshilfe-dillenburg.de\/leicht\/#website"},"primaryImageOfPage":{"@id":"https:\/\/lebenshilfe-dillenburg.de\/leicht\/landrat-erlebt-handwerk-mit-inklusion\/#primaryimage"},"image":{"@id":"https:\/\/lebenshilfe-dillenburg.de\/leicht\/landrat-erlebt-handwerk-mit-inklusion\/#primaryimage"},"thumbnailUrl":"https:\/\/lebenshilfe-dillenburg.de\/wp-content\/uploads\/teamfoto-berufliche-inklusion-workshop.jpeg","datePublished":"2025-08-25T13:47:03+00:00","dateModified":"2026-02-02T10:57:36+00:00","breadcrumb":{"@id":"https:\/\/lebenshilfe-dillenburg.de\/leicht\/landrat-erlebt-handwerk-mit-inklusion\/#breadcrumb"},"inLanguage":"de","potentialAction":[{"@type":"ReadAction","target":["https:\/\/lebenshilfe-dillenburg.de\/leicht\/landrat-erlebt-handwerk-mit-inklusion\/"]}]},{"@type":"ImageObject","inLanguage":"de","@id":"https:\/\/lebenshilfe-dillenburg.de\/leicht\/landrat-erlebt-handwerk-mit-inklusion\/#primaryimage","url":"https:\/\/lebenshilfe-dillenburg.de\/wp-content\/uploads\/teamfoto-berufliche-inklusion-workshop.jpeg","contentUrl":"https:\/\/lebenshilfe-dillenburg.de\/wp-content\/uploads\/teamfoto-berufliche-inklusion-workshop.jpeg","width":1440,"height":1080,"caption":"Ein Beispiel f\u00fcr gelungene berufliche Inklusion: (v.l.) Stefan Gottschlich, Dr. Oliver Schmitzer, Christopher Rompf, Susanne Kind, Simon Ulm, Carsten Braun, Lars L\u00fcckoff und Thomas Debus. (Foto: Holtfoth)"},{"@type":"BreadcrumbList","@id":"https:\/\/lebenshilfe-dillenburg.de\/leicht\/landrat-erlebt-handwerk-mit-inklusion\/#breadcrumb","itemListElement":[{"@type":"ListItem","position":1,"name":"Startseite der Lebenshilfe Dillenburg","item":"https:\/\/lebenshilfe-dillenburg.de\/leicht\/"},{"@type":"ListItem","position":2,"name":"Landrat erlebt Handwerk mit Inklusion"}]},{"@type":"WebSite","@id":"https:\/\/lebenshilfe-dillenburg.de\/leicht\/#website","url":"https:\/\/lebenshilfe-dillenburg.de\/leicht\/","name":"Lebenshilfe Dillenburg \u2013 Teilhabe & Unterst\u00fctzung im Lahn-Dill-Kreis","description":"","publisher":{"@id":"https:\/\/lebenshilfe-dillenburg.de\/leicht\/#organization"},"potentialAction":[{"@type":"SearchAction","target":{"@type":"EntryPoint","urlTemplate":"https:\/\/lebenshilfe-dillenburg.de\/leicht\/?s={search_term_string}"},"query-input":{"@type":"PropertyValueSpecification","valueRequired":true,"valueName":"search_term_string"}}],"inLanguage":"de"},{"@type":"Organization","@id":"https:\/\/lebenshilfe-dillenburg.de\/leicht\/#organization","name":"Lebenshilfe Dillenburg e.V.","url":"https:\/\/lebenshilfe-dillenburg.de\/leicht\/","logo":{"@type":"ImageObject","inLanguage":"de","@id":"https:\/\/lebenshilfe-dillenburg.de\/leicht\/#\/schema\/logo\/image\/","url":"https:\/\/lebenshilfe-dillenburg.de\/wp-content\/uploads\/lebenshilfe-dillenburg-desktop.webp","contentUrl":"https:\/\/lebenshilfe-dillenburg.de\/wp-content\/uploads\/lebenshilfe-dillenburg-desktop.webp","width":461,"height":202,"caption":"Lebenshilfe Dillenburg e.V."},"image":{"@id":"https:\/\/lebenshilfe-dillenburg.de\/leicht\/#\/schema\/logo\/image\/"},"sameAs":["https:\/\/www.facebook.com\/lebenshilfedillenburg\/","https:\/\/www.instagram.com\/lebenshilfe_dillenburg\/"]},{"@type":"Person","@id":"https:\/\/lebenshilfe-dillenburg.de\/leicht\/#\/schema\/person\/b6c52dad8d881b49213c3345a7cd5efe","name":"Conny Holtfoth","sameAs":["http:\/\/lebenshilfe-dillenburg.de"],"url":"https:\/\/lebenshilfe-dillenburg.de\/leicht\/author\/conny\/"}]}},"taxonomy_info":{"category":[{"value":53,"label":"Meldungen"}]},"featured_image_src_large":["https:\/\/lebenshilfe-dillenburg.de\/wp-content\/uploads\/teamfoto-berufliche-inklusion-workshop-1920x1440.jpeg",1366,1025,true],"author_info":{"display_name":"Conny Holtfoth","author_link":"https:\/\/lebenshilfe-dillenburg.de\/leicht\/author\/conny\/"},"comment_info":0,"category_info":[{"term_id":53,"name":"Meldungen","slug":"meldungen","term_group":0,"term_taxonomy_id":53,"taxonomy":"category","description":"","parent":0,"count":127,"filter":"raw","term_order":"5","cat_ID":53,"category_count":127,"category_description":"","cat_name":"Meldungen","category_nicename":"meldungen","category_parent":0}],"tag_info":false,"_links":{"self":[{"href":"https:\/\/lebenshilfe-dillenburg.de\/leicht\/wp-json\/wp\/v2\/posts\/7173","targetHints":{"allow":["GET"]}}],"collection":[{"href":"https:\/\/lebenshilfe-dillenburg.de\/leicht\/wp-json\/wp\/v2\/posts"}],"about":[{"href":"https:\/\/lebenshilfe-dillenburg.de\/leicht\/wp-json\/wp\/v2\/types\/post"}],"author":[{"embeddable":true,"href":"https:\/\/lebenshilfe-dillenburg.de\/leicht\/wp-json\/wp\/v2\/users\/4"}],"replies":[{"embeddable":true,"href":"https:\/\/lebenshilfe-dillenburg.de\/leicht\/wp-json\/wp\/v2\/comments?post=7173"}],"version-history":[{"count":0,"href":"https:\/\/lebenshilfe-dillenburg.de\/leicht\/wp-json\/wp\/v2\/posts\/7173\/revisions"}],"wp:featuredmedia":[{"embeddable":true,"href":"https:\/\/lebenshilfe-dillenburg.de\/leicht\/wp-json\/wp\/v2\/media\/7209"}],"wp:attachment":[{"href":"https:\/\/lebenshilfe-dillenburg.de\/leicht\/wp-json\/wp\/v2\/media?parent=7173"}],"wp:term":[{"taxonomy":"category","embeddable":true,"href":"https:\/\/lebenshilfe-dillenburg.de\/leicht\/wp-json\/wp\/v2\/categories?post=7173"},{"taxonomy":"post_tag","embeddable":true,"href":"https:\/\/lebenshilfe-dillenburg.de\/leicht\/wp-json\/wp\/v2\/tags?post=7173"}],"curies":[{"name":"wp","href":"https:\/\/api.w.org\/{rel}","templated":true}]}}