{"id":7174,"date":"2025-08-28T14:27:05","date_gmt":"2025-08-28T12:27:05","guid":{"rendered":"https:\/\/www.lebenshilfe-dillenburg.de\/?p=5051"},"modified":"2026-02-02T11:53:30","modified_gmt":"2026-02-02T10:53:30","slug":"jubilaeums-wanderweg-60-jahre-in-bewegung","status":"publish","type":"post","link":"https:\/\/lebenshilfe-dillenburg.de\/leicht\/jubilaeums-wanderweg-60-jahre-in-bewegung\/","title":{"rendered":"Jubil\u00e4ums-Wanderweg: 60 Jahre in Bewegung"},"content":{"rendered":"\n<p>Unter dem Motto \u201e60 Jahre in Bewegung\u201c pr\u00e4sentiert die Lebenshilfe Dillenburg gemeinsam mit dem Naturpark Lahn-Dill-Bergland zum Sp\u00e4tsommer einen besonderen Jubil\u00e4ums-Wanderweg rund um den Kornberg. Die 11,5 Kilometer lange Strecke bietet wundersch\u00f6ne Ausblicke in die Natur und interessante Einblicke in das Wirken der Lebenshilfe Dillenburg. Sie l\u00e4dt dazu ein, die Arbeit und Geschichte der Lebenshilfe buchst\u00e4blich Schritt f\u00fcr Schritt zu entdecken.<\/p>\n\n\n\n<p>Die Route mit Blickrichtungen auf Einrichtungen der Lebenshilfe festgelegt hat Heidrun Becker, langj\u00e4hrige Mitarbeiterin der Tagesf\u00f6rderst\u00e4tte der Lebenshilfe, die k\u00fcrzlich in den Ruhestand verabschiedet wurde. Umgesetzt, visualisiert \u2013 unter anderem mit einer Flyover-Ansicht \u2013 sowie mit Informationen und Videoclips versehen wurde die Strecke dann von Naturpark Lahn-Dill-Bergland.<\/p>\n\n\n\n<p>\u201eF\u00fcr diese Unterst\u00fctzung sind wir sehr dankbar\u201c, sagt Lebenshilfe-Vorstandsmitglied Dirk Botzon und f\u00fcgt hinzu: \u201eDer Jubil\u00e4ums-Wanderweg hat auch einen symbolischen Charakter. Mit ihm w\u00fcrdigen wir im Jubil\u00e4umsjahr sehr bewusst unsere Geschichte und unsere St\u00e4rken \u2013 und blicken zugleich nach vorn: Wie wollen wir uns in den n\u00e4chsten Jahren aufstellen? Die Lebenshilfe bleibt, wie sie ist: immer in Bewegung \u2013 best\u00e4ndig und zugleich zukunftsorientiert.\u201c<\/p>\n\n\n\n<p>Wer die Strecke l\u00e4uft, kann etwas gewinnen und damit ganz stilvoll in Bewegung bleiben: Einfach ein Foto von sich auf dem Jubil\u00e4ums-Wanderweg machen und das Bild entweder als private Nachricht \u00fcber Instagram oder Facebook an die Lebenshilfe Dillenburg schicken oder bei sich selbst posten und die Lebenshilfe Dillenburg markieren. Unter allen Einsendungen verlost die Lebenshilfe zwei Paar individuell designte Sneakers des Herborner K\u00fcnstlers Santiago Gallardo \u2013 ein echtes Highlight zum Jubil\u00e4um.<\/p>\n\n\n\n<p>Die Route \u201eJubil\u00e4ums-Rundwanderweg \u2013 60 Jahre Lebenshilfe Dillenburg erleben\u201c ist auf der Website von Naturpark Lahn-Dill-Bergland verf\u00fcgbar, dar\u00fcber hinaus auch auf bekannten Wanderportalen wie Outdooractive und Bergfex.<\/p>\n\n\n\n<p><strong>Fakten zum Jubil\u00e4ums-Wanderweg<\/strong><\/p>\n\n\n\n<p>L\u00e4nge: 11,5 km<\/p>\n\n\n\n<p>Dauer: ca. 3:05 Stunden<\/p>\n\n\n\n<p>Aufstieg: 246 H\u00f6henmeter<\/p>\n\n\n\n<p>Abstieg: 249 H\u00f6henmeter<\/p>\n\n\n\n<p>H\u00f6chster Punkt: 447 m<\/p>\n\n\n\n<p>Tiefster Punkt: 265 m<\/p>\n\n\n\n<p>Startpunkt: Werkstatt Dillenburg (Tiergartenstra\u00dfe)<\/p>\n\n\n\n<p><a href=\"https:\/\/www.outdooractive.com\/de\/route\/wanderung\/lahntal\/jubilaeums-rundwanderweg-60-jahre-lebenshilfe-dillenburg-erleben\/808100351\/\">Route zum Jubil\u00e4ums-Wanderweg<\/a><\/p>\n","protected":false},"excerpt":{"rendered":"<p>Unter dem Motto \u201e60 Jahre in Bewegung\u201c pr\u00e4sentiert die Lebenshilfe Dillenburg gemeinsam mit dem Naturpark Lahn-Dill-Bergland zum Sp\u00e4tsommer einen besonderen Jubil\u00e4ums-Wanderweg rund um den Kornberg. Die 11,5 Kilometer lange Strecke bietet wundersch\u00f6ne Ausblicke in die Natur und interessante Einblicke in das Wirken der Lebenshilfe Dillenburg. Sie l\u00e4dt dazu ein, die Arbeit und Geschichte der Lebenshilfe&#8230;<\/p>\n","protected":false},"author":4,"featured_media":7215,"comment_status":"closed","ping_status":"closed","sticky":false,"template":"","format":"standard","meta":{"_acf_changed":false,"_gspb_post_css":"","_kad_blocks_custom_css":"","_kad_blocks_head_custom_js":"","_kad_blocks_body_custom_js":"","_kad_blocks_footer_custom_js":"","_kad_post_transparent":"","_kad_post_title":"","_kad_post_layout":"","_kad_post_sidebar_id":"","_kad_post_content_style":"","_kad_post_vertical_padding":"","_kad_post_feature":"","_kad_post_feature_position":"","_kad_post_header":false,"_kad_post_footer":false,"_kad_post_classname":"","footnotes":""},"categories":[53],"tags":[],"class_list":["post-7174","post","type-post","status-publish","format-standard","has-post-thumbnail","hentry","category-meldungen"],"acf":[],"yoast_head":"<!-- This site is optimized with the Yoast SEO plugin v27.5 - https:\/\/yoast.com\/product\/yoast-seo-wordpress\/ -->\n<title>Jubil\u00e4ums-Wanderweg: 60 Jahre in Bewegung - Lebenshilfe Dillenburg e.V.<\/title>\n<meta name=\"robots\" content=\"index, follow, max-snippet:-1, max-image-preview:large, max-video-preview:-1\" \/>\n<link rel=\"canonical\" href=\"https:\/\/lebenshilfe-dillenburg.de\/leicht\/jubilaeums-wanderweg-60-jahre-in-bewegung\/\" \/>\n<meta property=\"og:locale\" content=\"de_DE\" \/>\n<meta property=\"og:type\" content=\"article\" \/>\n<meta property=\"og:title\" content=\"Jubil\u00e4ums-Wanderweg: 60 Jahre in Bewegung - Lebenshilfe Dillenburg e.V.\" \/>\n<meta property=\"og:description\" content=\"Unter dem Motto \u201e60 Jahre in Bewegung\u201c pr\u00e4sentiert die Lebenshilfe Dillenburg gemeinsam mit dem Naturpark Lahn-Dill-Bergland zum Sp\u00e4tsommer einen besonderen Jubil\u00e4ums-Wanderweg rund um den Kornberg. Die 11,5 Kilometer lange Strecke bietet wundersch\u00f6ne Ausblicke in die Natur und interessante Einblicke in das Wirken der Lebenshilfe Dillenburg. Sie l\u00e4dt dazu ein, die Arbeit und Geschichte der Lebenshilfe...\" \/>\n<meta property=\"og:url\" content=\"https:\/\/lebenshilfe-dillenburg.de\/leicht\/jubilaeums-wanderweg-60-jahre-in-bewegung\/\" \/>\n<meta property=\"og:site_name\" content=\"Lebenshilfe Dillenburg e.V.\" \/>\n<meta property=\"article:publisher\" content=\"https:\/\/www.facebook.com\/lebenshilfedillenburg\/\" \/>\n<meta property=\"article:published_time\" content=\"2025-08-28T12:27:05+00:00\" \/>\n<meta property=\"article:modified_time\" content=\"2026-02-02T10:53:30+00:00\" \/>\n<meta property=\"og:image\" content=\"https:\/\/lebenshilfe-dillenburg.de\/wp-content\/uploads\/jubilaeums-wanderweg-60-jahre-in-bewegung-kornberg-1-scaled-2.jpg\" \/>\n\t<meta property=\"og:image:width\" content=\"2560\" \/>\n\t<meta property=\"og:image:height\" content=\"1920\" \/>\n\t<meta property=\"og:image:type\" content=\"image\/jpeg\" \/>\n<meta name=\"author\" content=\"Conny Holtfoth\" \/>\n<meta name=\"twitter:card\" content=\"summary_large_image\" \/>\n<meta name=\"twitter:label1\" content=\"Geschrieben von\" \/>\n\t<meta name=\"twitter:data1\" content=\"Conny Holtfoth\" \/>\n\t<meta name=\"twitter:label2\" content=\"Gesch\u00e4tzte Lesezeit\" \/>\n\t<meta name=\"twitter:data2\" content=\"2\u00a0Minuten\" \/>\n<script type=\"application\/ld+json\" class=\"yoast-schema-graph\">{\"@context\":\"https:\\\/\\\/schema.org\",\"@graph\":[{\"@type\":\"Article\",\"@id\":\"https:\\\/\\\/lebenshilfe-dillenburg.de\\\/leicht\\\/jubilaeums-wanderweg-60-jahre-in-bewegung\\\/#article\",\"isPartOf\":{\"@id\":\"https:\\\/\\\/lebenshilfe-dillenburg.de\\\/leicht\\\/jubilaeums-wanderweg-60-jahre-in-bewegung\\\/\"},\"author\":{\"name\":\"Conny Holtfoth\",\"@id\":\"https:\\\/\\\/lebenshilfe-dillenburg.de\\\/leicht\\\/#\\\/schema\\\/person\\\/b6c52dad8d881b49213c3345a7cd5efe\"},\"headline\":\"Jubil\u00e4ums-Wanderweg: 60 Jahre in Bewegung\",\"datePublished\":\"2025-08-28T12:27:05+00:00\",\"dateModified\":\"2026-02-02T10:53:30+00:00\",\"mainEntityOfPage\":{\"@id\":\"https:\\\/\\\/lebenshilfe-dillenburg.de\\\/leicht\\\/jubilaeums-wanderweg-60-jahre-in-bewegung\\\/\"},\"wordCount\":324,\"publisher\":{\"@id\":\"https:\\\/\\\/lebenshilfe-dillenburg.de\\\/leicht\\\/#organization\"},\"image\":{\"@id\":\"https:\\\/\\\/lebenshilfe-dillenburg.de\\\/leicht\\\/jubilaeums-wanderweg-60-jahre-in-bewegung\\\/#primaryimage\"},\"thumbnailUrl\":\"https:\\\/\\\/lebenshilfe-dillenburg.de\\\/wp-content\\\/uploads\\\/kornberg-wanderweg-aussichtsrahmen.jpg\",\"articleSection\":[\"Meldungen\"],\"inLanguage\":\"de\"},{\"@type\":\"WebPage\",\"@id\":\"https:\\\/\\\/lebenshilfe-dillenburg.de\\\/leicht\\\/jubilaeums-wanderweg-60-jahre-in-bewegung\\\/\",\"url\":\"https:\\\/\\\/lebenshilfe-dillenburg.de\\\/leicht\\\/jubilaeums-wanderweg-60-jahre-in-bewegung\\\/\",\"name\":\"Jubil\u00e4ums-Wanderweg: 60 Jahre in Bewegung - Lebenshilfe Dillenburg e.V.\",\"isPartOf\":{\"@id\":\"https:\\\/\\\/lebenshilfe-dillenburg.de\\\/leicht\\\/#website\"},\"primaryImageOfPage\":{\"@id\":\"https:\\\/\\\/lebenshilfe-dillenburg.de\\\/leicht\\\/jubilaeums-wanderweg-60-jahre-in-bewegung\\\/#primaryimage\"},\"image\":{\"@id\":\"https:\\\/\\\/lebenshilfe-dillenburg.de\\\/leicht\\\/jubilaeums-wanderweg-60-jahre-in-bewegung\\\/#primaryimage\"},\"thumbnailUrl\":\"https:\\\/\\\/lebenshilfe-dillenburg.de\\\/wp-content\\\/uploads\\\/kornberg-wanderweg-aussichtsrahmen.jpg\",\"datePublished\":\"2025-08-28T12:27:05+00:00\",\"dateModified\":\"2026-02-02T10:53:30+00:00\",\"breadcrumb\":{\"@id\":\"https:\\\/\\\/lebenshilfe-dillenburg.de\\\/leicht\\\/jubilaeums-wanderweg-60-jahre-in-bewegung\\\/#breadcrumb\"},\"inLanguage\":\"de\",\"potentialAction\":[{\"@type\":\"ReadAction\",\"target\":[\"https:\\\/\\\/lebenshilfe-dillenburg.de\\\/leicht\\\/jubilaeums-wanderweg-60-jahre-in-bewegung\\\/\"]}]},{\"@type\":\"ImageObject\",\"inLanguage\":\"de\",\"@id\":\"https:\\\/\\\/lebenshilfe-dillenburg.de\\\/leicht\\\/jubilaeums-wanderweg-60-jahre-in-bewegung\\\/#primaryimage\",\"url\":\"https:\\\/\\\/lebenshilfe-dillenburg.de\\\/wp-content\\\/uploads\\\/kornberg-wanderweg-aussichtsrahmen.jpg\",\"contentUrl\":\"https:\\\/\\\/lebenshilfe-dillenburg.de\\\/wp-content\\\/uploads\\\/kornberg-wanderweg-aussichtsrahmen.jpg\",\"width\":1440,\"height\":1080,\"caption\":\"Rund um den Kornberg verl\u00e4uft die Wanderroute der Lebenshilfe Dillenburg. (Foto: Holtfoth)\"},{\"@type\":\"BreadcrumbList\",\"@id\":\"https:\\\/\\\/lebenshilfe-dillenburg.de\\\/leicht\\\/jubilaeums-wanderweg-60-jahre-in-bewegung\\\/#breadcrumb\",\"itemListElement\":[{\"@type\":\"ListItem\",\"position\":1,\"name\":\"Startseite der Lebenshilfe Dillenburg\",\"item\":\"https:\\\/\\\/lebenshilfe-dillenburg.de\\\/leicht\\\/\"},{\"@type\":\"ListItem\",\"position\":2,\"name\":\"Jubil\u00e4ums-Wanderweg: 60 Jahre in Bewegung\"}]},{\"@type\":\"WebSite\",\"@id\":\"https:\\\/\\\/lebenshilfe-dillenburg.de\\\/leicht\\\/#website\",\"url\":\"https:\\\/\\\/lebenshilfe-dillenburg.de\\\/leicht\\\/\",\"name\":\"Lebenshilfe Dillenburg \u2013 Teilhabe & Unterst\u00fctzung im Lahn-Dill-Kreis\",\"description\":\"\",\"publisher\":{\"@id\":\"https:\\\/\\\/lebenshilfe-dillenburg.de\\\/leicht\\\/#organization\"},\"potentialAction\":[{\"@type\":\"SearchAction\",\"target\":{\"@type\":\"EntryPoint\",\"urlTemplate\":\"https:\\\/\\\/lebenshilfe-dillenburg.de\\\/leicht\\\/?s={search_term_string}\"},\"query-input\":{\"@type\":\"PropertyValueSpecification\",\"valueRequired\":true,\"valueName\":\"search_term_string\"}}],\"inLanguage\":\"de\"},{\"@type\":\"Organization\",\"@id\":\"https:\\\/\\\/lebenshilfe-dillenburg.de\\\/leicht\\\/#organization\",\"name\":\"Lebenshilfe Dillenburg e.V.\",\"url\":\"https:\\\/\\\/lebenshilfe-dillenburg.de\\\/leicht\\\/\",\"logo\":{\"@type\":\"ImageObject\",\"inLanguage\":\"de\",\"@id\":\"https:\\\/\\\/lebenshilfe-dillenburg.de\\\/leicht\\\/#\\\/schema\\\/logo\\\/image\\\/\",\"url\":\"https:\\\/\\\/lebenshilfe-dillenburg.de\\\/wp-content\\\/uploads\\\/lebenshilfe-dillenburg-desktop.webp\",\"contentUrl\":\"https:\\\/\\\/lebenshilfe-dillenburg.de\\\/wp-content\\\/uploads\\\/lebenshilfe-dillenburg-desktop.webp\",\"width\":461,\"height\":202,\"caption\":\"Lebenshilfe Dillenburg e.V.\"},\"image\":{\"@id\":\"https:\\\/\\\/lebenshilfe-dillenburg.de\\\/leicht\\\/#\\\/schema\\\/logo\\\/image\\\/\"},\"sameAs\":[\"https:\\\/\\\/www.facebook.com\\\/lebenshilfedillenburg\\\/\",\"https:\\\/\\\/www.instagram.com\\\/lebenshilfe_dillenburg\\\/\"]},{\"@type\":\"Person\",\"@id\":\"https:\\\/\\\/lebenshilfe-dillenburg.de\\\/leicht\\\/#\\\/schema\\\/person\\\/b6c52dad8d881b49213c3345a7cd5efe\",\"name\":\"Conny Holtfoth\",\"sameAs\":[\"http:\\\/\\\/lebenshilfe-dillenburg.de\"],\"url\":\"https:\\\/\\\/lebenshilfe-dillenburg.de\\\/leicht\\\/author\\\/conny\\\/\"}]}<\/script>\n<!-- \/ Yoast SEO plugin. -->","yoast_head_json":{"title":"Jubil\u00e4ums-Wanderweg: 60 Jahre in Bewegung - Lebenshilfe Dillenburg e.V.","robots":{"index":"index","follow":"follow","max-snippet":"max-snippet:-1","max-image-preview":"max-image-preview:large","max-video-preview":"max-video-preview:-1"},"canonical":"https:\/\/lebenshilfe-dillenburg.de\/leicht\/jubilaeums-wanderweg-60-jahre-in-bewegung\/","og_locale":"de_DE","og_type":"article","og_title":"Jubil\u00e4ums-Wanderweg: 60 Jahre in Bewegung - Lebenshilfe Dillenburg e.V.","og_description":"Unter dem Motto \u201e60 Jahre in Bewegung\u201c pr\u00e4sentiert die Lebenshilfe Dillenburg gemeinsam mit dem Naturpark Lahn-Dill-Bergland zum Sp\u00e4tsommer einen besonderen Jubil\u00e4ums-Wanderweg rund um den Kornberg. Die 11,5 Kilometer lange Strecke bietet wundersch\u00f6ne Ausblicke in die Natur und interessante Einblicke in das Wirken der Lebenshilfe Dillenburg. Sie l\u00e4dt dazu ein, die Arbeit und Geschichte der Lebenshilfe...","og_url":"https:\/\/lebenshilfe-dillenburg.de\/leicht\/jubilaeums-wanderweg-60-jahre-in-bewegung\/","og_site_name":"Lebenshilfe Dillenburg e.V.","article_publisher":"https:\/\/www.facebook.com\/lebenshilfedillenburg\/","article_published_time":"2025-08-28T12:27:05+00:00","article_modified_time":"2026-02-02T10:53:30+00:00","og_image":[{"width":2560,"height":1920,"url":"https:\/\/lebenshilfe-dillenburg.de\/wp-content\/uploads\/jubilaeums-wanderweg-60-jahre-in-bewegung-kornberg-1-scaled-2.jpg","type":"image\/jpeg"}],"author":"Conny Holtfoth","twitter_card":"summary_large_image","twitter_misc":{"Geschrieben von":"Conny Holtfoth","Gesch\u00e4tzte Lesezeit":"2\u00a0Minuten"},"schema":{"@context":"https:\/\/schema.org","@graph":[{"@type":"Article","@id":"https:\/\/lebenshilfe-dillenburg.de\/leicht\/jubilaeums-wanderweg-60-jahre-in-bewegung\/#article","isPartOf":{"@id":"https:\/\/lebenshilfe-dillenburg.de\/leicht\/jubilaeums-wanderweg-60-jahre-in-bewegung\/"},"author":{"name":"Conny Holtfoth","@id":"https:\/\/lebenshilfe-dillenburg.de\/leicht\/#\/schema\/person\/b6c52dad8d881b49213c3345a7cd5efe"},"headline":"Jubil\u00e4ums-Wanderweg: 60 Jahre in Bewegung","datePublished":"2025-08-28T12:27:05+00:00","dateModified":"2026-02-02T10:53:30+00:00","mainEntityOfPage":{"@id":"https:\/\/lebenshilfe-dillenburg.de\/leicht\/jubilaeums-wanderweg-60-jahre-in-bewegung\/"},"wordCount":324,"publisher":{"@id":"https:\/\/lebenshilfe-dillenburg.de\/leicht\/#organization"},"image":{"@id":"https:\/\/lebenshilfe-dillenburg.de\/leicht\/jubilaeums-wanderweg-60-jahre-in-bewegung\/#primaryimage"},"thumbnailUrl":"https:\/\/lebenshilfe-dillenburg.de\/wp-content\/uploads\/kornberg-wanderweg-aussichtsrahmen.jpg","articleSection":["Meldungen"],"inLanguage":"de"},{"@type":"WebPage","@id":"https:\/\/lebenshilfe-dillenburg.de\/leicht\/jubilaeums-wanderweg-60-jahre-in-bewegung\/","url":"https:\/\/lebenshilfe-dillenburg.de\/leicht\/jubilaeums-wanderweg-60-jahre-in-bewegung\/","name":"Jubil\u00e4ums-Wanderweg: 60 Jahre in Bewegung - Lebenshilfe Dillenburg e.V.","isPartOf":{"@id":"https:\/\/lebenshilfe-dillenburg.de\/leicht\/#website"},"primaryImageOfPage":{"@id":"https:\/\/lebenshilfe-dillenburg.de\/leicht\/jubilaeums-wanderweg-60-jahre-in-bewegung\/#primaryimage"},"image":{"@id":"https:\/\/lebenshilfe-dillenburg.de\/leicht\/jubilaeums-wanderweg-60-jahre-in-bewegung\/#primaryimage"},"thumbnailUrl":"https:\/\/lebenshilfe-dillenburg.de\/wp-content\/uploads\/kornberg-wanderweg-aussichtsrahmen.jpg","datePublished":"2025-08-28T12:27:05+00:00","dateModified":"2026-02-02T10:53:30+00:00","breadcrumb":{"@id":"https:\/\/lebenshilfe-dillenburg.de\/leicht\/jubilaeums-wanderweg-60-jahre-in-bewegung\/#breadcrumb"},"inLanguage":"de","potentialAction":[{"@type":"ReadAction","target":["https:\/\/lebenshilfe-dillenburg.de\/leicht\/jubilaeums-wanderweg-60-jahre-in-bewegung\/"]}]},{"@type":"ImageObject","inLanguage":"de","@id":"https:\/\/lebenshilfe-dillenburg.de\/leicht\/jubilaeums-wanderweg-60-jahre-in-bewegung\/#primaryimage","url":"https:\/\/lebenshilfe-dillenburg.de\/wp-content\/uploads\/kornberg-wanderweg-aussichtsrahmen.jpg","contentUrl":"https:\/\/lebenshilfe-dillenburg.de\/wp-content\/uploads\/kornberg-wanderweg-aussichtsrahmen.jpg","width":1440,"height":1080,"caption":"Rund um den Kornberg verl\u00e4uft die Wanderroute der Lebenshilfe Dillenburg. (Foto: Holtfoth)"},{"@type":"BreadcrumbList","@id":"https:\/\/lebenshilfe-dillenburg.de\/leicht\/jubilaeums-wanderweg-60-jahre-in-bewegung\/#breadcrumb","itemListElement":[{"@type":"ListItem","position":1,"name":"Startseite der Lebenshilfe Dillenburg","item":"https:\/\/lebenshilfe-dillenburg.de\/leicht\/"},{"@type":"ListItem","position":2,"name":"Jubil\u00e4ums-Wanderweg: 60 Jahre in Bewegung"}]},{"@type":"WebSite","@id":"https:\/\/lebenshilfe-dillenburg.de\/leicht\/#website","url":"https:\/\/lebenshilfe-dillenburg.de\/leicht\/","name":"Lebenshilfe Dillenburg \u2013 Teilhabe & Unterst\u00fctzung im Lahn-Dill-Kreis","description":"","publisher":{"@id":"https:\/\/lebenshilfe-dillenburg.de\/leicht\/#organization"},"potentialAction":[{"@type":"SearchAction","target":{"@type":"EntryPoint","urlTemplate":"https:\/\/lebenshilfe-dillenburg.de\/leicht\/?s={search_term_string}"},"query-input":{"@type":"PropertyValueSpecification","valueRequired":true,"valueName":"search_term_string"}}],"inLanguage":"de"},{"@type":"Organization","@id":"https:\/\/lebenshilfe-dillenburg.de\/leicht\/#organization","name":"Lebenshilfe Dillenburg e.V.","url":"https:\/\/lebenshilfe-dillenburg.de\/leicht\/","logo":{"@type":"ImageObject","inLanguage":"de","@id":"https:\/\/lebenshilfe-dillenburg.de\/leicht\/#\/schema\/logo\/image\/","url":"https:\/\/lebenshilfe-dillenburg.de\/wp-content\/uploads\/lebenshilfe-dillenburg-desktop.webp","contentUrl":"https:\/\/lebenshilfe-dillenburg.de\/wp-content\/uploads\/lebenshilfe-dillenburg-desktop.webp","width":461,"height":202,"caption":"Lebenshilfe Dillenburg e.V."},"image":{"@id":"https:\/\/lebenshilfe-dillenburg.de\/leicht\/#\/schema\/logo\/image\/"},"sameAs":["https:\/\/www.facebook.com\/lebenshilfedillenburg\/","https:\/\/www.instagram.com\/lebenshilfe_dillenburg\/"]},{"@type":"Person","@id":"https:\/\/lebenshilfe-dillenburg.de\/leicht\/#\/schema\/person\/b6c52dad8d881b49213c3345a7cd5efe","name":"Conny Holtfoth","sameAs":["http:\/\/lebenshilfe-dillenburg.de"],"url":"https:\/\/lebenshilfe-dillenburg.de\/leicht\/author\/conny\/"}]}},"taxonomy_info":{"category":[{"value":53,"label":"Meldungen"}]},"featured_image_src_large":["https:\/\/lebenshilfe-dillenburg.de\/wp-content\/uploads\/kornberg-wanderweg-aussichtsrahmen-1920x1440.jpg",1366,1025,true],"author_info":{"display_name":"Conny Holtfoth","author_link":"https:\/\/lebenshilfe-dillenburg.de\/leicht\/author\/conny\/"},"comment_info":0,"category_info":[{"term_id":53,"name":"Meldungen","slug":"meldungen","term_group":0,"term_taxonomy_id":53,"taxonomy":"category","description":"","parent":0,"count":127,"filter":"raw","term_order":"5","cat_ID":53,"category_count":127,"category_description":"","cat_name":"Meldungen","category_nicename":"meldungen","category_parent":0}],"tag_info":false,"_links":{"self":[{"href":"https:\/\/lebenshilfe-dillenburg.de\/leicht\/wp-json\/wp\/v2\/posts\/7174","targetHints":{"allow":["GET"]}}],"collection":[{"href":"https:\/\/lebenshilfe-dillenburg.de\/leicht\/wp-json\/wp\/v2\/posts"}],"about":[{"href":"https:\/\/lebenshilfe-dillenburg.de\/leicht\/wp-json\/wp\/v2\/types\/post"}],"author":[{"embeddable":true,"href":"https:\/\/lebenshilfe-dillenburg.de\/leicht\/wp-json\/wp\/v2\/users\/4"}],"replies":[{"embeddable":true,"href":"https:\/\/lebenshilfe-dillenburg.de\/leicht\/wp-json\/wp\/v2\/comments?post=7174"}],"version-history":[{"count":0,"href":"https:\/\/lebenshilfe-dillenburg.de\/leicht\/wp-json\/wp\/v2\/posts\/7174\/revisions"}],"wp:featuredmedia":[{"embeddable":true,"href":"https:\/\/lebenshilfe-dillenburg.de\/leicht\/wp-json\/wp\/v2\/media\/7215"}],"wp:attachment":[{"href":"https:\/\/lebenshilfe-dillenburg.de\/leicht\/wp-json\/wp\/v2\/media?parent=7174"}],"wp:term":[{"taxonomy":"category","embeddable":true,"href":"https:\/\/lebenshilfe-dillenburg.de\/leicht\/wp-json\/wp\/v2\/categories?post=7174"},{"taxonomy":"post_tag","embeddable":true,"href":"https:\/\/lebenshilfe-dillenburg.de\/leicht\/wp-json\/wp\/v2\/tags?post=7174"}],"curies":[{"name":"wp","href":"https:\/\/api.w.org\/{rel}","templated":true}]}}