{"id":7175,"date":"2025-09-03T11:51:37","date_gmt":"2025-09-03T09:51:37","guid":{"rendered":"https:\/\/www.lebenshilfe-dillenburg.de\/?p=5058"},"modified":"2026-02-02T11:52:34","modified_gmt":"2026-02-02T10:52:34","slug":"gelungener-neustart-in-ewersbach","status":"publish","type":"post","link":"https:\/\/lebenshilfe-dillenburg.de\/leicht\/gelungener-neustart-in-ewersbach\/","title":{"rendered":"Gelungener Neustart in Ewersbach"},"content":{"rendered":"\n<p>Montag, 18. August, 8.30 Uhr: Der erste Bus mit Besch\u00e4ftigten und Gruppenleitern der Lebenshilfe-Werkstatt Eibelshausen f\u00e4hrt auf dem Hof der neuen Aktenvernichtungshalle in Ewersbach vor. Mit an Bord: Aufregung, aber auch Vorfreude auf den Neustart eines bew\u00e4hrten Arbeitsbereichs. Die Aktenvernichtung der Dillenburger Werkst\u00e4tten ist nun offiziell umgezogen.<\/p>\n\n\n\n<p><br>Das liegt jetzt zwei Wochen zur\u00fcck. Seit 1993 bieten die Dillenburger Werkst\u00e4tten in Eibelshausen professionelle Aktenvernichtung an. Woche f\u00fcr Woche werden dort bis zu zehn Tonnen Papier, aber auch CDs, DVDs sowie neuerdings Festplatten und USB-Sticks sicher entsorgt. Nun ist der gesamte Bereich in eine neu angemietete Halle an der Hauptstra\u00dfe in Ewersbach umgezogen \u2013 als \u00dcbergangsl\u00f6sung, bis der geplante Werkstattneubau in Frohnhausen realisiert werden kann.<\/p>\n\n\n\n<p>Die neue Halle an der Hauptstra\u00dfe bietet mit rund 400 Quadratmetern deutlich mehr Platz als der vorherige Standort \u2013 \u201eund das war auch n\u00f6tig\u201c, erkl\u00e4rt Benjamin Weyerich, Werkstattleiter in Eibelshausen. \u201eDie alte Anlage war in die Jahre gekommen. Die neue Maschine ist gr\u00f6\u00dfer, leistungsst\u00e4rker und erf\u00fcllt nochmals erh\u00f6hte Anforderungen an die Sicherheitsstufe.\u201c Auch an der zus\u00e4tzlich ben\u00f6tigten technischen Peripherie hat sich viel getan: \u201eDie neue Waage erfasst das Gewicht digital und \u00fcbertr\u00e4gt es automatisch ins Warenwirtschaftssystem\u201c, berichtet Werkstattbereichsleiter Lars L\u00fcckoff.<br>\u201eDas alles war mit umfangreichen Vorarbeiten verbunden \u2013 nicht nur baulich, sondern auch p\u00e4dagogisch\u201c, so Weyerich. Denn Ver\u00e4nderungen wie diese l\u00f6sen gerade bei Menschen mit Beeintr\u00e4chtigungen verst\u00e4ndlicherweise Verunsicherung aus.<\/p>\n\n\n\n<p>Ralf Bonorden, Gruppenleiter der Aktenvernichtung, berichtet von vielen Gespr\u00e4chen im Vorfeld. Gemeinsam mit seinem Kollegen Mario Straub und dem sozialen Dienst hat er die Besch\u00e4ftigten fr\u00fchzeitig eingebunden, die neue Halle gezeigt und Fragen gekl\u00e4rt. \u201eEs war schon eine angespannte Stimmung \u2013 viele wussten nicht, was sie erwartet. Aber wir haben niemanden gedr\u00e4ngt. Wer wollte, konnte mitgehen. Am Ende ist nur ein Besch\u00e4ftigter aus dieser Gruppe in Eibelshausen geblieben. Dieser wurde erfolgreich in eine neue Montagegruppe integriert.\u201c<br>Die Eingew\u00f6hnung klappte weitgehend reibungslos: Die Besch\u00e4ftigten lernten in Ruhe ihre neuen Arbeitspl\u00e4tze kennen inklusive Kantine, die von Eibelshausen aus mit Essen versorgt wird, und machten sich mit der neuen Maschine vertraut. Dr. Oliver Schmitzer, Vorstandsmitglied der Lebenshilfe Dillenburg, zeigt sich begeistert: \u201eEs ist bemerkenswert, wie gut dieser \u00dcbergang gelungen ist und wie sich vieles in so kurzer Zeit eingespielt hat.\u201c<\/p>\n\n\n\n<p>Die hellen, hohen R\u00e4ume schaffen eine angenehme Atmosph\u00e4re, in der sich die 15 Besch\u00e4ftigten schnell zurechtfinden. Neben der Aktenvernichtung wurden in Ewersbach auch weitere Arbeitspl\u00e4tze geschaffen, etwa im Bereich der Montage von Sicherungsk\u00e4sten. Das schafft Abwechslung im Arbeitsalltag und erm\u00f6glicht individuelle Anpassungen je nach F\u00e4higkeiten und Interessen der Besch\u00e4ftigten.<\/p>\n\n\n\n<p>Ein neues Umfeld bringt neue Nachbarschaften mit sich \u2013 und auch neue Herausforderungen. So bittet Weyerich um Verst\u00e4ndnis daf\u00fcr, dass der Hof k\u00fcnftig nicht mehr von Eltern genutzt werden kann, um Kinder zur Schule zu bringen: \u201eAus Sicherheitsgr\u00fcnden muss die Durchfahrt f\u00fcr Lkw freibleiben. Wir m\u00f6chten hier niemandem etwas wegnehmen, sondern hoffen auf gegenseitige R\u00fccksichtnahme.\u201c<\/p>\n\n\n\n<p>Um sich der \u00d6ffentlichkeit vorzustellen, plant die Aktenvernichtung f\u00fcr Anfang November einen Tag der offenen T\u00fcr \u2013 mit Suppenwagen, F\u00fchrungen und Gelegenheit zum Kennenlernen.<br>Die Miete f\u00fcr die neue Halle wird vom Landeswohlfahrtsverband Hessen \u00fcbernommen, die Umbaukosten trug jedoch allein die Lebenshilfe Dillenburg \u2013 unterst\u00fctzt durch zahlreiche Spenden. \u201eHierf\u00fcr noch einmal ein gro\u00dfes Dankesch\u00f6n an alle, die uns bei diesem aufwendigen Umzug zur Seite standen\u201c, betont Lebenshilfe-Vorstandsmitglied Dirk Botzon.<\/p>\n","protected":false},"excerpt":{"rendered":"<p>Montag, 18. August, 8.30 Uhr: Der erste Bus mit Besch\u00e4ftigten und Gruppenleitern der Lebenshilfe-Werkstatt Eibelshausen f\u00e4hrt auf dem Hof der neuen Aktenvernichtungshalle in Ewersbach vor. Mit an Bord: Aufregung, aber auch Vorfreude auf den Neustart eines bew\u00e4hrten Arbeitsbereichs. Die Aktenvernichtung der Dillenburger Werkst\u00e4tten ist nun offiziell umgezogen. Das liegt jetzt zwei Wochen zur\u00fcck. Seit 1993&#8230;<\/p>\n","protected":false},"author":4,"featured_media":7217,"comment_status":"closed","ping_status":"closed","sticky":false,"template":"","format":"standard","meta":{"_acf_changed":false,"_gspb_post_css":"","_kad_blocks_custom_css":"","_kad_blocks_head_custom_js":"","_kad_blocks_body_custom_js":"","_kad_blocks_footer_custom_js":"","_kad_post_transparent":"","_kad_post_title":"","_kad_post_layout":"","_kad_post_sidebar_id":"","_kad_post_content_style":"","_kad_post_vertical_padding":"","_kad_post_feature":"","_kad_post_feature_position":"","_kad_post_header":false,"_kad_post_footer":false,"_kad_post_classname":"","footnotes":""},"categories":[53],"tags":[],"class_list":["post-7175","post","type-post","status-publish","format-standard","has-post-thumbnail","hentry","category-meldungen"],"acf":[],"yoast_head":"<!-- This site is optimized with the Yoast SEO plugin v27.5 - https:\/\/yoast.com\/product\/yoast-seo-wordpress\/ -->\n<title>Gelungener Neustart in Ewersbach - Lebenshilfe Dillenburg e.V.<\/title>\n<meta name=\"robots\" content=\"index, follow, max-snippet:-1, max-image-preview:large, max-video-preview:-1\" \/>\n<link rel=\"canonical\" href=\"https:\/\/lebenshilfe-dillenburg.de\/leicht\/gelungener-neustart-in-ewersbach\/\" \/>\n<meta property=\"og:locale\" content=\"de_DE\" \/>\n<meta property=\"og:type\" content=\"article\" \/>\n<meta property=\"og:title\" content=\"Gelungener Neustart in Ewersbach - Lebenshilfe Dillenburg e.V.\" \/>\n<meta property=\"og:description\" content=\"Montag, 18. August, 8.30 Uhr: Der erste Bus mit Besch\u00e4ftigten und Gruppenleitern der Lebenshilfe-Werkstatt Eibelshausen f\u00e4hrt auf dem Hof der neuen Aktenvernichtungshalle in Ewersbach vor. Mit an Bord: Aufregung, aber auch Vorfreude auf den Neustart eines bew\u00e4hrten Arbeitsbereichs. Die Aktenvernichtung der Dillenburger Werkst\u00e4tten ist nun offiziell umgezogen. Das liegt jetzt zwei Wochen zur\u00fcck. Seit 1993...\" \/>\n<meta property=\"og:url\" content=\"https:\/\/lebenshilfe-dillenburg.de\/leicht\/gelungener-neustart-in-ewersbach\/\" \/>\n<meta property=\"og:site_name\" content=\"Lebenshilfe Dillenburg e.V.\" \/>\n<meta property=\"article:publisher\" content=\"https:\/\/www.facebook.com\/lebenshilfedillenburg\/\" \/>\n<meta property=\"article:published_time\" content=\"2025-09-03T09:51:37+00:00\" \/>\n<meta property=\"article:modified_time\" content=\"2026-02-02T10:52:34+00:00\" \/>\n<meta property=\"og:image\" content=\"https:\/\/lebenshilfe-dillenburg.de\/wp-content\/uploads\/gelungener-neustart-in-ewersbach-img-9634-1-768x576.png\" \/>\n\t<meta property=\"og:image:width\" content=\"768\" \/>\n\t<meta property=\"og:image:height\" content=\"576\" \/>\n\t<meta property=\"og:image:type\" content=\"image\/png\" \/>\n<meta name=\"author\" content=\"Conny Holtfoth\" \/>\n<meta name=\"twitter:card\" content=\"summary_large_image\" \/>\n<meta name=\"twitter:label1\" content=\"Geschrieben von\" \/>\n\t<meta name=\"twitter:data1\" content=\"Conny Holtfoth\" \/>\n\t<meta name=\"twitter:label2\" content=\"Gesch\u00e4tzte Lesezeit\" \/>\n\t<meta name=\"twitter:data2\" content=\"4\u00a0Minuten\" \/>\n<script type=\"application\/ld+json\" class=\"yoast-schema-graph\">{\"@context\":\"https:\\\/\\\/schema.org\",\"@graph\":[{\"@type\":\"Article\",\"@id\":\"https:\\\/\\\/lebenshilfe-dillenburg.de\\\/leicht\\\/gelungener-neustart-in-ewersbach\\\/#article\",\"isPartOf\":{\"@id\":\"https:\\\/\\\/lebenshilfe-dillenburg.de\\\/leicht\\\/gelungener-neustart-in-ewersbach\\\/\"},\"author\":{\"name\":\"Conny Holtfoth\",\"@id\":\"https:\\\/\\\/lebenshilfe-dillenburg.de\\\/leicht\\\/#\\\/schema\\\/person\\\/b6c52dad8d881b49213c3345a7cd5efe\"},\"headline\":\"Gelungener Neustart in Ewersbach\",\"datePublished\":\"2025-09-03T09:51:37+00:00\",\"dateModified\":\"2026-02-02T10:52:34+00:00\",\"mainEntityOfPage\":{\"@id\":\"https:\\\/\\\/lebenshilfe-dillenburg.de\\\/leicht\\\/gelungener-neustart-in-ewersbach\\\/\"},\"wordCount\":581,\"publisher\":{\"@id\":\"https:\\\/\\\/lebenshilfe-dillenburg.de\\\/leicht\\\/#organization\"},\"image\":{\"@id\":\"https:\\\/\\\/lebenshilfe-dillenburg.de\\\/leicht\\\/gelungener-neustart-in-ewersbach\\\/#primaryimage\"},\"thumbnailUrl\":\"https:\\\/\\\/lebenshilfe-dillenburg.de\\\/wp-content\\\/uploads\\\/papier-sortierung-werkstatt-mitarbeiter.png\",\"articleSection\":[\"Meldungen\"],\"inLanguage\":\"de\"},{\"@type\":\"WebPage\",\"@id\":\"https:\\\/\\\/lebenshilfe-dillenburg.de\\\/leicht\\\/gelungener-neustart-in-ewersbach\\\/\",\"url\":\"https:\\\/\\\/lebenshilfe-dillenburg.de\\\/leicht\\\/gelungener-neustart-in-ewersbach\\\/\",\"name\":\"Gelungener Neustart in Ewersbach - Lebenshilfe Dillenburg e.V.\",\"isPartOf\":{\"@id\":\"https:\\\/\\\/lebenshilfe-dillenburg.de\\\/leicht\\\/#website\"},\"primaryImageOfPage\":{\"@id\":\"https:\\\/\\\/lebenshilfe-dillenburg.de\\\/leicht\\\/gelungener-neustart-in-ewersbach\\\/#primaryimage\"},\"image\":{\"@id\":\"https:\\\/\\\/lebenshilfe-dillenburg.de\\\/leicht\\\/gelungener-neustart-in-ewersbach\\\/#primaryimage\"},\"thumbnailUrl\":\"https:\\\/\\\/lebenshilfe-dillenburg.de\\\/wp-content\\\/uploads\\\/papier-sortierung-werkstatt-mitarbeiter.png\",\"datePublished\":\"2025-09-03T09:51:37+00:00\",\"dateModified\":\"2026-02-02T10:52:34+00:00\",\"breadcrumb\":{\"@id\":\"https:\\\/\\\/lebenshilfe-dillenburg.de\\\/leicht\\\/gelungener-neustart-in-ewersbach\\\/#breadcrumb\"},\"inLanguage\":\"de\",\"potentialAction\":[{\"@type\":\"ReadAction\",\"target\":[\"https:\\\/\\\/lebenshilfe-dillenburg.de\\\/leicht\\\/gelungener-neustart-in-ewersbach\\\/\"]}]},{\"@type\":\"ImageObject\",\"inLanguage\":\"de\",\"@id\":\"https:\\\/\\\/lebenshilfe-dillenburg.de\\\/leicht\\\/gelungener-neustart-in-ewersbach\\\/#primaryimage\",\"url\":\"https:\\\/\\\/lebenshilfe-dillenburg.de\\\/wp-content\\\/uploads\\\/papier-sortierung-werkstatt-mitarbeiter.png\",\"contentUrl\":\"https:\\\/\\\/lebenshilfe-dillenburg.de\\\/wp-content\\\/uploads\\\/papier-sortierung-werkstatt-mitarbeiter.png\",\"width\":1440,\"height\":1080,\"caption\":\"Am neuen Arbeitsplatz schon eingespielt: Werkstattbesch\u00e4ftigter Florian Kersting und FSJlerin Leonie Kruppa. (Fotos: Holtfoth)\"},{\"@type\":\"BreadcrumbList\",\"@id\":\"https:\\\/\\\/lebenshilfe-dillenburg.de\\\/leicht\\\/gelungener-neustart-in-ewersbach\\\/#breadcrumb\",\"itemListElement\":[{\"@type\":\"ListItem\",\"position\":1,\"name\":\"Startseite der Lebenshilfe Dillenburg\",\"item\":\"https:\\\/\\\/lebenshilfe-dillenburg.de\\\/leicht\\\/\"},{\"@type\":\"ListItem\",\"position\":2,\"name\":\"Gelungener Neustart in Ewersbach\"}]},{\"@type\":\"WebSite\",\"@id\":\"https:\\\/\\\/lebenshilfe-dillenburg.de\\\/leicht\\\/#website\",\"url\":\"https:\\\/\\\/lebenshilfe-dillenburg.de\\\/leicht\\\/\",\"name\":\"Lebenshilfe Dillenburg \u2013 Teilhabe & Unterst\u00fctzung im Lahn-Dill-Kreis\",\"description\":\"\",\"publisher\":{\"@id\":\"https:\\\/\\\/lebenshilfe-dillenburg.de\\\/leicht\\\/#organization\"},\"potentialAction\":[{\"@type\":\"SearchAction\",\"target\":{\"@type\":\"EntryPoint\",\"urlTemplate\":\"https:\\\/\\\/lebenshilfe-dillenburg.de\\\/leicht\\\/?s={search_term_string}\"},\"query-input\":{\"@type\":\"PropertyValueSpecification\",\"valueRequired\":true,\"valueName\":\"search_term_string\"}}],\"inLanguage\":\"de\"},{\"@type\":\"Organization\",\"@id\":\"https:\\\/\\\/lebenshilfe-dillenburg.de\\\/leicht\\\/#organization\",\"name\":\"Lebenshilfe Dillenburg e.V.\",\"url\":\"https:\\\/\\\/lebenshilfe-dillenburg.de\\\/leicht\\\/\",\"logo\":{\"@type\":\"ImageObject\",\"inLanguage\":\"de\",\"@id\":\"https:\\\/\\\/lebenshilfe-dillenburg.de\\\/leicht\\\/#\\\/schema\\\/logo\\\/image\\\/\",\"url\":\"https:\\\/\\\/lebenshilfe-dillenburg.de\\\/wp-content\\\/uploads\\\/lebenshilfe-dillenburg-desktop.webp\",\"contentUrl\":\"https:\\\/\\\/lebenshilfe-dillenburg.de\\\/wp-content\\\/uploads\\\/lebenshilfe-dillenburg-desktop.webp\",\"width\":461,\"height\":202,\"caption\":\"Lebenshilfe Dillenburg e.V.\"},\"image\":{\"@id\":\"https:\\\/\\\/lebenshilfe-dillenburg.de\\\/leicht\\\/#\\\/schema\\\/logo\\\/image\\\/\"},\"sameAs\":[\"https:\\\/\\\/www.facebook.com\\\/lebenshilfedillenburg\\\/\",\"https:\\\/\\\/www.instagram.com\\\/lebenshilfe_dillenburg\\\/\"]},{\"@type\":\"Person\",\"@id\":\"https:\\\/\\\/lebenshilfe-dillenburg.de\\\/leicht\\\/#\\\/schema\\\/person\\\/b6c52dad8d881b49213c3345a7cd5efe\",\"name\":\"Conny Holtfoth\",\"sameAs\":[\"http:\\\/\\\/lebenshilfe-dillenburg.de\"],\"url\":\"https:\\\/\\\/lebenshilfe-dillenburg.de\\\/leicht\\\/author\\\/conny\\\/\"}]}<\/script>\n<!-- \/ Yoast SEO plugin. -->","yoast_head_json":{"title":"Gelungener Neustart in Ewersbach - Lebenshilfe Dillenburg e.V.","robots":{"index":"index","follow":"follow","max-snippet":"max-snippet:-1","max-image-preview":"max-image-preview:large","max-video-preview":"max-video-preview:-1"},"canonical":"https:\/\/lebenshilfe-dillenburg.de\/leicht\/gelungener-neustart-in-ewersbach\/","og_locale":"de_DE","og_type":"article","og_title":"Gelungener Neustart in Ewersbach - Lebenshilfe Dillenburg e.V.","og_description":"Montag, 18. August, 8.30 Uhr: Der erste Bus mit Besch\u00e4ftigten und Gruppenleitern der Lebenshilfe-Werkstatt Eibelshausen f\u00e4hrt auf dem Hof der neuen Aktenvernichtungshalle in Ewersbach vor. Mit an Bord: Aufregung, aber auch Vorfreude auf den Neustart eines bew\u00e4hrten Arbeitsbereichs. Die Aktenvernichtung der Dillenburger Werkst\u00e4tten ist nun offiziell umgezogen. Das liegt jetzt zwei Wochen zur\u00fcck. Seit 1993...","og_url":"https:\/\/lebenshilfe-dillenburg.de\/leicht\/gelungener-neustart-in-ewersbach\/","og_site_name":"Lebenshilfe Dillenburg e.V.","article_publisher":"https:\/\/www.facebook.com\/lebenshilfedillenburg\/","article_published_time":"2025-09-03T09:51:37+00:00","article_modified_time":"2026-02-02T10:52:34+00:00","og_image":[{"width":768,"height":576,"url":"https:\/\/lebenshilfe-dillenburg.de\/wp-content\/uploads\/gelungener-neustart-in-ewersbach-img-9634-1-768x576.png","type":"image\/png"}],"author":"Conny Holtfoth","twitter_card":"summary_large_image","twitter_misc":{"Geschrieben von":"Conny Holtfoth","Gesch\u00e4tzte Lesezeit":"4\u00a0Minuten"},"schema":{"@context":"https:\/\/schema.org","@graph":[{"@type":"Article","@id":"https:\/\/lebenshilfe-dillenburg.de\/leicht\/gelungener-neustart-in-ewersbach\/#article","isPartOf":{"@id":"https:\/\/lebenshilfe-dillenburg.de\/leicht\/gelungener-neustart-in-ewersbach\/"},"author":{"name":"Conny Holtfoth","@id":"https:\/\/lebenshilfe-dillenburg.de\/leicht\/#\/schema\/person\/b6c52dad8d881b49213c3345a7cd5efe"},"headline":"Gelungener Neustart in Ewersbach","datePublished":"2025-09-03T09:51:37+00:00","dateModified":"2026-02-02T10:52:34+00:00","mainEntityOfPage":{"@id":"https:\/\/lebenshilfe-dillenburg.de\/leicht\/gelungener-neustart-in-ewersbach\/"},"wordCount":581,"publisher":{"@id":"https:\/\/lebenshilfe-dillenburg.de\/leicht\/#organization"},"image":{"@id":"https:\/\/lebenshilfe-dillenburg.de\/leicht\/gelungener-neustart-in-ewersbach\/#primaryimage"},"thumbnailUrl":"https:\/\/lebenshilfe-dillenburg.de\/wp-content\/uploads\/papier-sortierung-werkstatt-mitarbeiter.png","articleSection":["Meldungen"],"inLanguage":"de"},{"@type":"WebPage","@id":"https:\/\/lebenshilfe-dillenburg.de\/leicht\/gelungener-neustart-in-ewersbach\/","url":"https:\/\/lebenshilfe-dillenburg.de\/leicht\/gelungener-neustart-in-ewersbach\/","name":"Gelungener Neustart in Ewersbach - Lebenshilfe Dillenburg e.V.","isPartOf":{"@id":"https:\/\/lebenshilfe-dillenburg.de\/leicht\/#website"},"primaryImageOfPage":{"@id":"https:\/\/lebenshilfe-dillenburg.de\/leicht\/gelungener-neustart-in-ewersbach\/#primaryimage"},"image":{"@id":"https:\/\/lebenshilfe-dillenburg.de\/leicht\/gelungener-neustart-in-ewersbach\/#primaryimage"},"thumbnailUrl":"https:\/\/lebenshilfe-dillenburg.de\/wp-content\/uploads\/papier-sortierung-werkstatt-mitarbeiter.png","datePublished":"2025-09-03T09:51:37+00:00","dateModified":"2026-02-02T10:52:34+00:00","breadcrumb":{"@id":"https:\/\/lebenshilfe-dillenburg.de\/leicht\/gelungener-neustart-in-ewersbach\/#breadcrumb"},"inLanguage":"de","potentialAction":[{"@type":"ReadAction","target":["https:\/\/lebenshilfe-dillenburg.de\/leicht\/gelungener-neustart-in-ewersbach\/"]}]},{"@type":"ImageObject","inLanguage":"de","@id":"https:\/\/lebenshilfe-dillenburg.de\/leicht\/gelungener-neustart-in-ewersbach\/#primaryimage","url":"https:\/\/lebenshilfe-dillenburg.de\/wp-content\/uploads\/papier-sortierung-werkstatt-mitarbeiter.png","contentUrl":"https:\/\/lebenshilfe-dillenburg.de\/wp-content\/uploads\/papier-sortierung-werkstatt-mitarbeiter.png","width":1440,"height":1080,"caption":"Am neuen Arbeitsplatz schon eingespielt: Werkstattbesch\u00e4ftigter Florian Kersting und FSJlerin Leonie Kruppa. (Fotos: Holtfoth)"},{"@type":"BreadcrumbList","@id":"https:\/\/lebenshilfe-dillenburg.de\/leicht\/gelungener-neustart-in-ewersbach\/#breadcrumb","itemListElement":[{"@type":"ListItem","position":1,"name":"Startseite der Lebenshilfe Dillenburg","item":"https:\/\/lebenshilfe-dillenburg.de\/leicht\/"},{"@type":"ListItem","position":2,"name":"Gelungener Neustart in Ewersbach"}]},{"@type":"WebSite","@id":"https:\/\/lebenshilfe-dillenburg.de\/leicht\/#website","url":"https:\/\/lebenshilfe-dillenburg.de\/leicht\/","name":"Lebenshilfe Dillenburg \u2013 Teilhabe & Unterst\u00fctzung im Lahn-Dill-Kreis","description":"","publisher":{"@id":"https:\/\/lebenshilfe-dillenburg.de\/leicht\/#organization"},"potentialAction":[{"@type":"SearchAction","target":{"@type":"EntryPoint","urlTemplate":"https:\/\/lebenshilfe-dillenburg.de\/leicht\/?s={search_term_string}"},"query-input":{"@type":"PropertyValueSpecification","valueRequired":true,"valueName":"search_term_string"}}],"inLanguage":"de"},{"@type":"Organization","@id":"https:\/\/lebenshilfe-dillenburg.de\/leicht\/#organization","name":"Lebenshilfe Dillenburg e.V.","url":"https:\/\/lebenshilfe-dillenburg.de\/leicht\/","logo":{"@type":"ImageObject","inLanguage":"de","@id":"https:\/\/lebenshilfe-dillenburg.de\/leicht\/#\/schema\/logo\/image\/","url":"https:\/\/lebenshilfe-dillenburg.de\/wp-content\/uploads\/lebenshilfe-dillenburg-desktop.webp","contentUrl":"https:\/\/lebenshilfe-dillenburg.de\/wp-content\/uploads\/lebenshilfe-dillenburg-desktop.webp","width":461,"height":202,"caption":"Lebenshilfe Dillenburg e.V."},"image":{"@id":"https:\/\/lebenshilfe-dillenburg.de\/leicht\/#\/schema\/logo\/image\/"},"sameAs":["https:\/\/www.facebook.com\/lebenshilfedillenburg\/","https:\/\/www.instagram.com\/lebenshilfe_dillenburg\/"]},{"@type":"Person","@id":"https:\/\/lebenshilfe-dillenburg.de\/leicht\/#\/schema\/person\/b6c52dad8d881b49213c3345a7cd5efe","name":"Conny Holtfoth","sameAs":["http:\/\/lebenshilfe-dillenburg.de"],"url":"https:\/\/lebenshilfe-dillenburg.de\/leicht\/author\/conny\/"}]}},"taxonomy_info":{"category":[{"value":53,"label":"Meldungen"}]},"featured_image_src_large":["https:\/\/lebenshilfe-dillenburg.de\/wp-content\/uploads\/papier-sortierung-werkstatt-mitarbeiter-1920x1440.png",1366,1025,true],"author_info":{"display_name":"Conny Holtfoth","author_link":"https:\/\/lebenshilfe-dillenburg.de\/leicht\/author\/conny\/"},"comment_info":0,"category_info":[{"term_id":53,"name":"Meldungen","slug":"meldungen","term_group":0,"term_taxonomy_id":53,"taxonomy":"category","description":"","parent":0,"count":127,"filter":"raw","term_order":"5","cat_ID":53,"category_count":127,"category_description":"","cat_name":"Meldungen","category_nicename":"meldungen","category_parent":0}],"tag_info":false,"_links":{"self":[{"href":"https:\/\/lebenshilfe-dillenburg.de\/leicht\/wp-json\/wp\/v2\/posts\/7175","targetHints":{"allow":["GET"]}}],"collection":[{"href":"https:\/\/lebenshilfe-dillenburg.de\/leicht\/wp-json\/wp\/v2\/posts"}],"about":[{"href":"https:\/\/lebenshilfe-dillenburg.de\/leicht\/wp-json\/wp\/v2\/types\/post"}],"author":[{"embeddable":true,"href":"https:\/\/lebenshilfe-dillenburg.de\/leicht\/wp-json\/wp\/v2\/users\/4"}],"replies":[{"embeddable":true,"href":"https:\/\/lebenshilfe-dillenburg.de\/leicht\/wp-json\/wp\/v2\/comments?post=7175"}],"version-history":[{"count":0,"href":"https:\/\/lebenshilfe-dillenburg.de\/leicht\/wp-json\/wp\/v2\/posts\/7175\/revisions"}],"wp:featuredmedia":[{"embeddable":true,"href":"https:\/\/lebenshilfe-dillenburg.de\/leicht\/wp-json\/wp\/v2\/media\/7217"}],"wp:attachment":[{"href":"https:\/\/lebenshilfe-dillenburg.de\/leicht\/wp-json\/wp\/v2\/media?parent=7175"}],"wp:term":[{"taxonomy":"category","embeddable":true,"href":"https:\/\/lebenshilfe-dillenburg.de\/leicht\/wp-json\/wp\/v2\/categories?post=7175"},{"taxonomy":"post_tag","embeddable":true,"href":"https:\/\/lebenshilfe-dillenburg.de\/leicht\/wp-json\/wp\/v2\/tags?post=7175"}],"curies":[{"name":"wp","href":"https:\/\/api.w.org\/{rel}","templated":true}]}}