{"id":7177,"date":"2025-09-17T09:01:25","date_gmt":"2025-09-17T07:01:25","guid":{"rendered":"https:\/\/www.lebenshilfe-dillenburg.de\/?p=5074"},"modified":"2026-02-02T11:50:18","modified_gmt":"2026-02-02T10:50:18","slug":"worte-vielfalt-und-gelebte-inklusion","status":"publish","type":"post","link":"https:\/\/lebenshilfe-dillenburg.de\/leicht\/worte-vielfalt-und-gelebte-inklusion\/","title":{"rendered":"Worte, Vielfalt und gelebte Inklusion"},"content":{"rendered":"\n<p>Am Freitag, 26. September, verwandelt sich die KulturScheune Herborn erneut in einen Ort voller Sprachkunst, Emotion und Begegnung: In erneuter Kooperation mit der Lebenshilfe Dillenburg findet dort der 21. Scheunen-Slam statt.<\/p>\n\n\n\n<p>An diesem besonderen Abend teilen Poetinnen und Poeten mit und ohne Behinderung die B\u00fchne und beweisen, dass Inklusion kein abstrakter Begriff, sondern ein lebendiges Miteinander ist. Mit dabei sind vier der besten Slammerinnen und Slammer im deutschsprachigen Raum. \u201eHerborn mag nicht die gr\u00f6\u00dfte Stadt sein, steht aber mit seinem unfassbar guten Line-Up Gro\u00dfst\u00e4dten wie M\u00fcnchen, Berlin oder Hamburg in nichts nach\u201c, sagt Mitorganisator Sascha Kirchhoff, Kulturreferent der Lebenshilfe Dillenburg.<\/p>\n\n\n\n<p>Mit Slam-Weltmeister Wehwalt Koslovsky haben die Veranstalter einen ganz Gro\u00dfen der Szene gewonnen. Geboren 1972 in D\u00fcsseldorf, h\u00e4lt er seit 1994 \u00fcber 2.500 Lesungen, Poetry Slams und Performances im deutschsprachigen Raum, in Europa, den USA und Japan ab.<\/p>\n\n\n\n<p>Die Marburgerin Leah Weigand begeistert mit Texten, die soziale Themen in den Fokus r\u00fccken \u2013 ber\u00fchrend, ehrlich und direkt, wie etwa zum Pflegeberuf. Aus Berlin kommt Julian Heun, vielfach preisgekr\u00f6nter Autor und Moderator, dessen Texte voller Witz, Tiefgang und \u00fcberraschender Bilder stecken. Daniel Wagner aus Heidelberg wiederum steht seit Jahren f\u00fcr eindrucksvolle Auftritte, bei denen pointierte Gesellschaftskritik und literarische Tiefe verschmelzen.<\/p>\n\n\n\n<p>Auch ein bekanntes Gesicht der Lebenshilfe wird das Publikum begeistern: Jan Bernhardt, ein junger Mann mit Down-Syndrom, moderiert den Abend gemeinsam mit Livia Warch, Mitarbeiterin der Lebenshilfe Dillenburg. Kirchhoff betont: \u201eAn diesem Abend geht es um Worte \u2013 und das Wort Inklusion wird hier mit Leben gef\u00fcllt.\u201c<\/p>\n\n\n\n<p>Dar\u00fcber hinaus ist der diesj\u00e4hrige Scheunen-Slam Teil des Jubil\u00e4umsprogramms der Lebenshilfe Dillenburg, die in diesem Jahr ihr 60-j\u00e4hriges Bestehen feiert. \u201eWir haben die eine oder andere Geburtstags\u00fcberraschung geplant\u201c, verr\u00e4t Kirchhoff.<\/p>\n\n\n\n<p>Die Veranstaltung beginnt um 20 Uhr, Einlass ist ab 19.30 Uhr. Tickets gibt es im Vorverkauf f\u00fcr 16,40 Euro (erm\u00e4\u00dfigt 14,20 Euro) \u00fcber die Website der Kulturscheune, <a href=\"https:\/\/kusch-herborn.reservix.de\/\">https:\/\/kusch-herborn.reservix.de\/<\/a><\/p>\n","protected":false},"excerpt":{"rendered":"<p>Am Freitag, 26. September, verwandelt sich die KulturScheune Herborn erneut in einen Ort voller Sprachkunst, Emotion und Begegnung: In erneuter Kooperation mit der Lebenshilfe Dillenburg findet dort der 21. Scheunen-Slam statt. An diesem besonderen Abend teilen Poetinnen und Poeten mit und ohne Behinderung die B\u00fchne und beweisen, dass Inklusion kein abstrakter Begriff, sondern ein lebendiges&#8230;<\/p>\n","protected":false},"author":4,"featured_media":7223,"comment_status":"closed","ping_status":"closed","sticky":false,"template":"","format":"standard","meta":{"_acf_changed":false,"_gspb_post_css":"","_kad_blocks_custom_css":"","_kad_blocks_head_custom_js":"","_kad_blocks_body_custom_js":"","_kad_blocks_footer_custom_js":"","_kad_post_transparent":"","_kad_post_title":"","_kad_post_layout":"","_kad_post_sidebar_id":"","_kad_post_content_style":"","_kad_post_vertical_padding":"","_kad_post_feature":"","_kad_post_feature_position":"","_kad_post_header":false,"_kad_post_footer":false,"_kad_post_classname":"","footnotes":""},"categories":[53],"tags":[],"class_list":["post-7177","post","type-post","status-publish","format-standard","has-post-thumbnail","hentry","category-meldungen"],"acf":[],"yoast_head":"<!-- This site is optimized with the Yoast SEO plugin v27.5 - https:\/\/yoast.com\/product\/yoast-seo-wordpress\/ -->\n<title>Worte, Vielfalt und gelebte Inklusion - Lebenshilfe Dillenburg e.V.<\/title>\n<meta name=\"robots\" content=\"index, follow, max-snippet:-1, max-image-preview:large, max-video-preview:-1\" \/>\n<link rel=\"canonical\" href=\"https:\/\/lebenshilfe-dillenburg.de\/leicht\/worte-vielfalt-und-gelebte-inklusion\/\" \/>\n<meta property=\"og:locale\" content=\"de_DE\" \/>\n<meta property=\"og:type\" content=\"article\" \/>\n<meta property=\"og:title\" content=\"Worte, Vielfalt und gelebte Inklusion - Lebenshilfe Dillenburg e.V.\" \/>\n<meta property=\"og:description\" content=\"Am Freitag, 26. September, verwandelt sich die KulturScheune Herborn erneut in einen Ort voller Sprachkunst, Emotion und Begegnung: In erneuter Kooperation mit der Lebenshilfe Dillenburg findet dort der 21. Scheunen-Slam statt. An diesem besonderen Abend teilen Poetinnen und Poeten mit und ohne Behinderung die B\u00fchne und beweisen, dass Inklusion kein abstrakter Begriff, sondern ein lebendiges...\" \/>\n<meta property=\"og:url\" content=\"https:\/\/lebenshilfe-dillenburg.de\/leicht\/worte-vielfalt-und-gelebte-inklusion\/\" \/>\n<meta property=\"og:site_name\" content=\"Lebenshilfe Dillenburg e.V.\" \/>\n<meta property=\"article:publisher\" content=\"https:\/\/www.facebook.com\/lebenshilfedillenburg\/\" \/>\n<meta property=\"article:published_time\" content=\"2025-09-17T07:01:25+00:00\" \/>\n<meta property=\"article:modified_time\" content=\"2026-02-02T10:50:18+00:00\" \/>\n<meta property=\"og:image\" content=\"https:\/\/lebenshilfe-dillenburg.de\/wp-content\/uploads\/worte-vielfalt-und-gelebte-inklusion-20221104-175929790-ios-scaled-1.jpg\" \/>\n\t<meta property=\"og:image:width\" content=\"2560\" \/>\n\t<meta property=\"og:image:height\" content=\"1703\" \/>\n\t<meta property=\"og:image:type\" content=\"image\/jpeg\" \/>\n<meta name=\"author\" content=\"Conny Holtfoth\" \/>\n<meta name=\"twitter:card\" content=\"summary_large_image\" \/>\n<meta name=\"twitter:label1\" content=\"Geschrieben von\" \/>\n\t<meta name=\"twitter:data1\" content=\"Conny Holtfoth\" \/>\n\t<meta name=\"twitter:label2\" content=\"Gesch\u00e4tzte Lesezeit\" \/>\n\t<meta name=\"twitter:data2\" content=\"2\u00a0Minuten\" \/>\n<script type=\"application\/ld+json\" class=\"yoast-schema-graph\">{\"@context\":\"https:\\\/\\\/schema.org\",\"@graph\":[{\"@type\":\"Article\",\"@id\":\"https:\\\/\\\/lebenshilfe-dillenburg.de\\\/leicht\\\/worte-vielfalt-und-gelebte-inklusion\\\/#article\",\"isPartOf\":{\"@id\":\"https:\\\/\\\/lebenshilfe-dillenburg.de\\\/leicht\\\/worte-vielfalt-und-gelebte-inklusion\\\/\"},\"author\":{\"name\":\"Conny Holtfoth\",\"@id\":\"https:\\\/\\\/lebenshilfe-dillenburg.de\\\/leicht\\\/#\\\/schema\\\/person\\\/b6c52dad8d881b49213c3345a7cd5efe\"},\"headline\":\"Worte, Vielfalt und gelebte Inklusion\",\"datePublished\":\"2025-09-17T07:01:25+00:00\",\"dateModified\":\"2026-02-02T10:50:18+00:00\",\"mainEntityOfPage\":{\"@id\":\"https:\\\/\\\/lebenshilfe-dillenburg.de\\\/leicht\\\/worte-vielfalt-und-gelebte-inklusion\\\/\"},\"wordCount\":322,\"publisher\":{\"@id\":\"https:\\\/\\\/lebenshilfe-dillenburg.de\\\/leicht\\\/#organization\"},\"image\":{\"@id\":\"https:\\\/\\\/lebenshilfe-dillenburg.de\\\/leicht\\\/worte-vielfalt-und-gelebte-inklusion\\\/#primaryimage\"},\"thumbnailUrl\":\"https:\\\/\\\/lebenshilfe-dillenburg.de\\\/wp-content\\\/uploads\\\/leah-weigand-buehnenauftritt-mikrofon-foto-luca-motz.jpg\",\"articleSection\":[\"Meldungen\"],\"inLanguage\":\"de\"},{\"@type\":\"WebPage\",\"@id\":\"https:\\\/\\\/lebenshilfe-dillenburg.de\\\/leicht\\\/worte-vielfalt-und-gelebte-inklusion\\\/\",\"url\":\"https:\\\/\\\/lebenshilfe-dillenburg.de\\\/leicht\\\/worte-vielfalt-und-gelebte-inklusion\\\/\",\"name\":\"Worte, Vielfalt und gelebte Inklusion - Lebenshilfe Dillenburg e.V.\",\"isPartOf\":{\"@id\":\"https:\\\/\\\/lebenshilfe-dillenburg.de\\\/leicht\\\/#website\"},\"primaryImageOfPage\":{\"@id\":\"https:\\\/\\\/lebenshilfe-dillenburg.de\\\/leicht\\\/worte-vielfalt-und-gelebte-inklusion\\\/#primaryimage\"},\"image\":{\"@id\":\"https:\\\/\\\/lebenshilfe-dillenburg.de\\\/leicht\\\/worte-vielfalt-und-gelebte-inklusion\\\/#primaryimage\"},\"thumbnailUrl\":\"https:\\\/\\\/lebenshilfe-dillenburg.de\\\/wp-content\\\/uploads\\\/leah-weigand-buehnenauftritt-mikrofon-foto-luca-motz.jpg\",\"datePublished\":\"2025-09-17T07:01:25+00:00\",\"dateModified\":\"2026-02-02T10:50:18+00:00\",\"breadcrumb\":{\"@id\":\"https:\\\/\\\/lebenshilfe-dillenburg.de\\\/leicht\\\/worte-vielfalt-und-gelebte-inklusion\\\/#breadcrumb\"},\"inLanguage\":\"de\",\"potentialAction\":[{\"@type\":\"ReadAction\",\"target\":[\"https:\\\/\\\/lebenshilfe-dillenburg.de\\\/leicht\\\/worte-vielfalt-und-gelebte-inklusion\\\/\"]}]},{\"@type\":\"ImageObject\",\"inLanguage\":\"de\",\"@id\":\"https:\\\/\\\/lebenshilfe-dillenburg.de\\\/leicht\\\/worte-vielfalt-und-gelebte-inklusion\\\/#primaryimage\",\"url\":\"https:\\\/\\\/lebenshilfe-dillenburg.de\\\/wp-content\\\/uploads\\\/leah-weigand-buehnenauftritt-mikrofon-foto-luca-motz.jpg\",\"contentUrl\":\"https:\\\/\\\/lebenshilfe-dillenburg.de\\\/wp-content\\\/uploads\\\/leah-weigand-buehnenauftritt-mikrofon-foto-luca-motz.jpg\",\"width\":1500,\"height\":998,\"caption\":\"Leah Weigand auf der B\u00fchne am Mikrofon im Scheinwerferlicht, Poetry Slam Performance.\"},{\"@type\":\"BreadcrumbList\",\"@id\":\"https:\\\/\\\/lebenshilfe-dillenburg.de\\\/leicht\\\/worte-vielfalt-und-gelebte-inklusion\\\/#breadcrumb\",\"itemListElement\":[{\"@type\":\"ListItem\",\"position\":1,\"name\":\"Startseite der Lebenshilfe Dillenburg\",\"item\":\"https:\\\/\\\/lebenshilfe-dillenburg.de\\\/leicht\\\/\"},{\"@type\":\"ListItem\",\"position\":2,\"name\":\"Worte, Vielfalt und gelebte Inklusion\"}]},{\"@type\":\"WebSite\",\"@id\":\"https:\\\/\\\/lebenshilfe-dillenburg.de\\\/leicht\\\/#website\",\"url\":\"https:\\\/\\\/lebenshilfe-dillenburg.de\\\/leicht\\\/\",\"name\":\"Lebenshilfe Dillenburg \u2013 Teilhabe & Unterst\u00fctzung im Lahn-Dill-Kreis\",\"description\":\"\",\"publisher\":{\"@id\":\"https:\\\/\\\/lebenshilfe-dillenburg.de\\\/leicht\\\/#organization\"},\"potentialAction\":[{\"@type\":\"SearchAction\",\"target\":{\"@type\":\"EntryPoint\",\"urlTemplate\":\"https:\\\/\\\/lebenshilfe-dillenburg.de\\\/leicht\\\/?s={search_term_string}\"},\"query-input\":{\"@type\":\"PropertyValueSpecification\",\"valueRequired\":true,\"valueName\":\"search_term_string\"}}],\"inLanguage\":\"de\"},{\"@type\":\"Organization\",\"@id\":\"https:\\\/\\\/lebenshilfe-dillenburg.de\\\/leicht\\\/#organization\",\"name\":\"Lebenshilfe Dillenburg e.V.\",\"url\":\"https:\\\/\\\/lebenshilfe-dillenburg.de\\\/leicht\\\/\",\"logo\":{\"@type\":\"ImageObject\",\"inLanguage\":\"de\",\"@id\":\"https:\\\/\\\/lebenshilfe-dillenburg.de\\\/leicht\\\/#\\\/schema\\\/logo\\\/image\\\/\",\"url\":\"https:\\\/\\\/lebenshilfe-dillenburg.de\\\/wp-content\\\/uploads\\\/lebenshilfe-dillenburg-desktop.webp\",\"contentUrl\":\"https:\\\/\\\/lebenshilfe-dillenburg.de\\\/wp-content\\\/uploads\\\/lebenshilfe-dillenburg-desktop.webp\",\"width\":461,\"height\":202,\"caption\":\"Lebenshilfe Dillenburg e.V.\"},\"image\":{\"@id\":\"https:\\\/\\\/lebenshilfe-dillenburg.de\\\/leicht\\\/#\\\/schema\\\/logo\\\/image\\\/\"},\"sameAs\":[\"https:\\\/\\\/www.facebook.com\\\/lebenshilfedillenburg\\\/\",\"https:\\\/\\\/www.instagram.com\\\/lebenshilfe_dillenburg\\\/\"]},{\"@type\":\"Person\",\"@id\":\"https:\\\/\\\/lebenshilfe-dillenburg.de\\\/leicht\\\/#\\\/schema\\\/person\\\/b6c52dad8d881b49213c3345a7cd5efe\",\"name\":\"Conny Holtfoth\",\"sameAs\":[\"http:\\\/\\\/lebenshilfe-dillenburg.de\"],\"url\":\"https:\\\/\\\/lebenshilfe-dillenburg.de\\\/leicht\\\/author\\\/conny\\\/\"}]}<\/script>\n<!-- \/ Yoast SEO plugin. -->","yoast_head_json":{"title":"Worte, Vielfalt und gelebte Inklusion - Lebenshilfe Dillenburg e.V.","robots":{"index":"index","follow":"follow","max-snippet":"max-snippet:-1","max-image-preview":"max-image-preview:large","max-video-preview":"max-video-preview:-1"},"canonical":"https:\/\/lebenshilfe-dillenburg.de\/leicht\/worte-vielfalt-und-gelebte-inklusion\/","og_locale":"de_DE","og_type":"article","og_title":"Worte, Vielfalt und gelebte Inklusion - Lebenshilfe Dillenburg e.V.","og_description":"Am Freitag, 26. September, verwandelt sich die KulturScheune Herborn erneut in einen Ort voller Sprachkunst, Emotion und Begegnung: In erneuter Kooperation mit der Lebenshilfe Dillenburg findet dort der 21. Scheunen-Slam statt. An diesem besonderen Abend teilen Poetinnen und Poeten mit und ohne Behinderung die B\u00fchne und beweisen, dass Inklusion kein abstrakter Begriff, sondern ein lebendiges...","og_url":"https:\/\/lebenshilfe-dillenburg.de\/leicht\/worte-vielfalt-und-gelebte-inklusion\/","og_site_name":"Lebenshilfe Dillenburg e.V.","article_publisher":"https:\/\/www.facebook.com\/lebenshilfedillenburg\/","article_published_time":"2025-09-17T07:01:25+00:00","article_modified_time":"2026-02-02T10:50:18+00:00","og_image":[{"width":2560,"height":1703,"url":"https:\/\/lebenshilfe-dillenburg.de\/wp-content\/uploads\/worte-vielfalt-und-gelebte-inklusion-20221104-175929790-ios-scaled-1.jpg","type":"image\/jpeg"}],"author":"Conny Holtfoth","twitter_card":"summary_large_image","twitter_misc":{"Geschrieben von":"Conny Holtfoth","Gesch\u00e4tzte Lesezeit":"2\u00a0Minuten"},"schema":{"@context":"https:\/\/schema.org","@graph":[{"@type":"Article","@id":"https:\/\/lebenshilfe-dillenburg.de\/leicht\/worte-vielfalt-und-gelebte-inklusion\/#article","isPartOf":{"@id":"https:\/\/lebenshilfe-dillenburg.de\/leicht\/worte-vielfalt-und-gelebte-inklusion\/"},"author":{"name":"Conny Holtfoth","@id":"https:\/\/lebenshilfe-dillenburg.de\/leicht\/#\/schema\/person\/b6c52dad8d881b49213c3345a7cd5efe"},"headline":"Worte, Vielfalt und gelebte Inklusion","datePublished":"2025-09-17T07:01:25+00:00","dateModified":"2026-02-02T10:50:18+00:00","mainEntityOfPage":{"@id":"https:\/\/lebenshilfe-dillenburg.de\/leicht\/worte-vielfalt-und-gelebte-inklusion\/"},"wordCount":322,"publisher":{"@id":"https:\/\/lebenshilfe-dillenburg.de\/leicht\/#organization"},"image":{"@id":"https:\/\/lebenshilfe-dillenburg.de\/leicht\/worte-vielfalt-und-gelebte-inklusion\/#primaryimage"},"thumbnailUrl":"https:\/\/lebenshilfe-dillenburg.de\/wp-content\/uploads\/leah-weigand-buehnenauftritt-mikrofon-foto-luca-motz.jpg","articleSection":["Meldungen"],"inLanguage":"de"},{"@type":"WebPage","@id":"https:\/\/lebenshilfe-dillenburg.de\/leicht\/worte-vielfalt-und-gelebte-inklusion\/","url":"https:\/\/lebenshilfe-dillenburg.de\/leicht\/worte-vielfalt-und-gelebte-inklusion\/","name":"Worte, Vielfalt und gelebte Inklusion - Lebenshilfe Dillenburg e.V.","isPartOf":{"@id":"https:\/\/lebenshilfe-dillenburg.de\/leicht\/#website"},"primaryImageOfPage":{"@id":"https:\/\/lebenshilfe-dillenburg.de\/leicht\/worte-vielfalt-und-gelebte-inklusion\/#primaryimage"},"image":{"@id":"https:\/\/lebenshilfe-dillenburg.de\/leicht\/worte-vielfalt-und-gelebte-inklusion\/#primaryimage"},"thumbnailUrl":"https:\/\/lebenshilfe-dillenburg.de\/wp-content\/uploads\/leah-weigand-buehnenauftritt-mikrofon-foto-luca-motz.jpg","datePublished":"2025-09-17T07:01:25+00:00","dateModified":"2026-02-02T10:50:18+00:00","breadcrumb":{"@id":"https:\/\/lebenshilfe-dillenburg.de\/leicht\/worte-vielfalt-und-gelebte-inklusion\/#breadcrumb"},"inLanguage":"de","potentialAction":[{"@type":"ReadAction","target":["https:\/\/lebenshilfe-dillenburg.de\/leicht\/worte-vielfalt-und-gelebte-inklusion\/"]}]},{"@type":"ImageObject","inLanguage":"de","@id":"https:\/\/lebenshilfe-dillenburg.de\/leicht\/worte-vielfalt-und-gelebte-inklusion\/#primaryimage","url":"https:\/\/lebenshilfe-dillenburg.de\/wp-content\/uploads\/leah-weigand-buehnenauftritt-mikrofon-foto-luca-motz.jpg","contentUrl":"https:\/\/lebenshilfe-dillenburg.de\/wp-content\/uploads\/leah-weigand-buehnenauftritt-mikrofon-foto-luca-motz.jpg","width":1500,"height":998,"caption":"Leah Weigand auf der B\u00fchne am Mikrofon im Scheinwerferlicht, Poetry Slam Performance."},{"@type":"BreadcrumbList","@id":"https:\/\/lebenshilfe-dillenburg.de\/leicht\/worte-vielfalt-und-gelebte-inklusion\/#breadcrumb","itemListElement":[{"@type":"ListItem","position":1,"name":"Startseite der Lebenshilfe Dillenburg","item":"https:\/\/lebenshilfe-dillenburg.de\/leicht\/"},{"@type":"ListItem","position":2,"name":"Worte, Vielfalt und gelebte Inklusion"}]},{"@type":"WebSite","@id":"https:\/\/lebenshilfe-dillenburg.de\/leicht\/#website","url":"https:\/\/lebenshilfe-dillenburg.de\/leicht\/","name":"Lebenshilfe Dillenburg \u2013 Teilhabe & Unterst\u00fctzung im Lahn-Dill-Kreis","description":"","publisher":{"@id":"https:\/\/lebenshilfe-dillenburg.de\/leicht\/#organization"},"potentialAction":[{"@type":"SearchAction","target":{"@type":"EntryPoint","urlTemplate":"https:\/\/lebenshilfe-dillenburg.de\/leicht\/?s={search_term_string}"},"query-input":{"@type":"PropertyValueSpecification","valueRequired":true,"valueName":"search_term_string"}}],"inLanguage":"de"},{"@type":"Organization","@id":"https:\/\/lebenshilfe-dillenburg.de\/leicht\/#organization","name":"Lebenshilfe Dillenburg e.V.","url":"https:\/\/lebenshilfe-dillenburg.de\/leicht\/","logo":{"@type":"ImageObject","inLanguage":"de","@id":"https:\/\/lebenshilfe-dillenburg.de\/leicht\/#\/schema\/logo\/image\/","url":"https:\/\/lebenshilfe-dillenburg.de\/wp-content\/uploads\/lebenshilfe-dillenburg-desktop.webp","contentUrl":"https:\/\/lebenshilfe-dillenburg.de\/wp-content\/uploads\/lebenshilfe-dillenburg-desktop.webp","width":461,"height":202,"caption":"Lebenshilfe Dillenburg e.V."},"image":{"@id":"https:\/\/lebenshilfe-dillenburg.de\/leicht\/#\/schema\/logo\/image\/"},"sameAs":["https:\/\/www.facebook.com\/lebenshilfedillenburg\/","https:\/\/www.instagram.com\/lebenshilfe_dillenburg\/"]},{"@type":"Person","@id":"https:\/\/lebenshilfe-dillenburg.de\/leicht\/#\/schema\/person\/b6c52dad8d881b49213c3345a7cd5efe","name":"Conny Holtfoth","sameAs":["http:\/\/lebenshilfe-dillenburg.de"],"url":"https:\/\/lebenshilfe-dillenburg.de\/leicht\/author\/conny\/"}]}},"taxonomy_info":{"category":[{"value":53,"label":"Meldungen"}]},"featured_image_src_large":["https:\/\/lebenshilfe-dillenburg.de\/wp-content\/uploads\/leah-weigand-buehnenauftritt-mikrofon-foto-luca-motz-1920x1277.jpg",1366,909,true],"author_info":{"display_name":"Conny Holtfoth","author_link":"https:\/\/lebenshilfe-dillenburg.de\/leicht\/author\/conny\/"},"comment_info":0,"category_info":[{"term_id":53,"name":"Meldungen","slug":"meldungen","term_group":0,"term_taxonomy_id":53,"taxonomy":"category","description":"","parent":0,"count":127,"filter":"raw","term_order":"5","cat_ID":53,"category_count":127,"category_description":"","cat_name":"Meldungen","category_nicename":"meldungen","category_parent":0}],"tag_info":false,"_links":{"self":[{"href":"https:\/\/lebenshilfe-dillenburg.de\/leicht\/wp-json\/wp\/v2\/posts\/7177","targetHints":{"allow":["GET"]}}],"collection":[{"href":"https:\/\/lebenshilfe-dillenburg.de\/leicht\/wp-json\/wp\/v2\/posts"}],"about":[{"href":"https:\/\/lebenshilfe-dillenburg.de\/leicht\/wp-json\/wp\/v2\/types\/post"}],"author":[{"embeddable":true,"href":"https:\/\/lebenshilfe-dillenburg.de\/leicht\/wp-json\/wp\/v2\/users\/4"}],"replies":[{"embeddable":true,"href":"https:\/\/lebenshilfe-dillenburg.de\/leicht\/wp-json\/wp\/v2\/comments?post=7177"}],"version-history":[{"count":0,"href":"https:\/\/lebenshilfe-dillenburg.de\/leicht\/wp-json\/wp\/v2\/posts\/7177\/revisions"}],"wp:featuredmedia":[{"embeddable":true,"href":"https:\/\/lebenshilfe-dillenburg.de\/leicht\/wp-json\/wp\/v2\/media\/7223"}],"wp:attachment":[{"href":"https:\/\/lebenshilfe-dillenburg.de\/leicht\/wp-json\/wp\/v2\/media?parent=7177"}],"wp:term":[{"taxonomy":"category","embeddable":true,"href":"https:\/\/lebenshilfe-dillenburg.de\/leicht\/wp-json\/wp\/v2\/categories?post=7177"},{"taxonomy":"post_tag","embeddable":true,"href":"https:\/\/lebenshilfe-dillenburg.de\/leicht\/wp-json\/wp\/v2\/tags?post=7177"}],"curies":[{"name":"wp","href":"https:\/\/api.w.org\/{rel}","templated":true}]}}