{"id":7178,"date":"2025-09-29T16:50:45","date_gmt":"2025-09-29T14:50:45","guid":{"rendered":"https:\/\/www.lebenshilfe-dillenburg.de\/?p=5087"},"modified":"2026-02-02T11:48:38","modified_gmt":"2026-02-02T10:48:38","slug":"ein-fest-fuer-sprache-und-miteinander","status":"publish","type":"post","link":"https:\/\/lebenshilfe-dillenburg.de\/leicht\/ein-fest-fuer-sprache-und-miteinander\/","title":{"rendered":"Ein Fest f\u00fcr Sprache und Miteinander"},"content":{"rendered":"\n<p>Ein Abend voller Wortwitz, Nachdenklichkeit und gelebter Inklusion: Der 21. Scheunen-Slam am Freitag in der Herborner Kulturscheune war ein Fest f\u00fcr Sprache und Miteinander. Vor ausverkauftem Haus trat die \u201eCr\u00e8me de la Cr\u00e8me\u201c der deutschsprachigen Slam-Szene zum Dichterwettstreit an &#8211; mit einem au\u00dfergew\u00f6hnlichen Programm zum 60-j\u00e4hrigen Bestehen der Lebenshilfe Dillenburg.<\/p>\n\n\n\n<p>\u201eWir sind nicht nur eine Einrichtung zum Arbeiten und Wohnen \u2014 wir sind schon eine kleine, gro\u00dfe Familie. Ich w\u00fcnsche dir von Herzen, dass du so bleibst, wie du bist: hilfsbereit, zuverl\u00e4ssig, zielstrebig, liebevoll und ehrlich.\u201c Mit diesem bewegenden Brief an die Lebenshilfe Dillenburg l\u00e4utete Ilonka Discher den Abend ein \u2013 gefolgt von einem \u201eSeht ihr, wir Menschen von der Lebenshilfe k\u00f6nnen was\u201c, von Moderator Jan Bernhardt, einem jungen Mann mit Down-Syndrom, der mit Charme und Witz gemeinsam mit seiner Moderationspartnerin Livia Warch durch den Abend f\u00fchrte.<\/p>\n\n\n\n<p>Menschen mit und ohne Beeintr\u00e4chtigung selbstverst\u00e4ndlich in den Abend zu integrieren \u2013 das war das Ziel von Organisator und Lebenshilfe-Kulturreferent Sascha Kirchhoff. \u201eUnd das ist uns bestens gelungen.\u201c Nicht nur auf der B\u00fchne, sondern auch daneben \u2013 etwa beim Einlass, beim Getr\u00e4nkeverkauf oder am Stand des Modelabels Mosja.<\/p>\n\n\n\n<p>Die Slammerinnen und Slammer zeigten eindrucksvoll, wie breit das Spektrum moderner Sprachkunst ist. Leah Weigand aus Marburg spannte den Bogen vom optimistischen \u201eFeel-Good\u201c-Text \u00fcber den Wert aller Lebensabschnitte (\u201eunsere allerbesten Jahre\u201c) bis hin zur nachdenklichen Frage nach dem gesellschaftlichen Wert von Kunst: \u201eGedichte retten kein Leben \u2013 aber wer in der Kulturscheune sitzt, kann keinen Krieg erkl\u00e4ren.\u201c<\/p>\n\n\n\n<p>Daniel Wagner aus Heidelberg setzte mit temporeichen Texten \u00fcber Freiheit, Vielfalt und moralische Schieflagen Akzente, bevor er im zweiten Durchgang mit einem augenzwinkernden \u201eQuatschtext\u201c voll blumiger Wortspiele \u00fcberraschte.<\/p>\n\n\n\n<p>Julian Heun, in Herborn verwurzelt und heute eine feste Gr\u00f6\u00dfe der Berliner Slam-Szene, begeisterte vor allem mit Timing und Selbstironie. F\u00fcr seinen humorvollen Vortrag \u00fcber Identit\u00e4t und Deutschsein vergab die Jury gleich mehrfach die Bestnote. In seiner zweiten Performance schlug er den Bogen vom sensiblen Kind zum \u201eharten Dichter\u201c.<\/p>\n\n\n\n<p>Wehwalt Koslovsky, Slam-Weltmeister von 2000, brachte Tiefgang und Erfahrung auf die B\u00fchne. Mit mimischer Wucht und dialektischer Raffinesse sprach er \u00fcber die Klimakrise. Sein zweiter Text nahm das Publikum mit in die Geschichte Goslars, wo er aus dem Schicksal des rebellischen Wasserknechts Parallelen zur Gegenwart zog.<\/p>\n\n\n\n<p>Im Finale standen sich schlie\u00dflich Julian Heun und Daniel Wagner gegen\u00fcber. Wagner erz\u00e4hlte vom Elternsein &#8211; von Schlafentzug, Tobsuchtsanf\u00e4llen an der Supermarktkasse und den untersch\u00e4tzten Gefahren der \u201eBiene Maja\u201c. Heun wiederum seziert die notorisch schlechte Laune der Berliner mit \u00fcberspitzter Situationskomik. \u201eSchlechte Laune ist das Benzin im rostigen Tank unserer ostigen K\u00f6rper.\u201c Das Publikum feierte beide mit tosendem Applaus \u2013 und das Ergebnis lautete folgerichtig: unentschieden.<\/p>\n\n\n\n<p>Am Ende waren sich alle einig: Gewinner gab es viele. Nicht nur auf der B\u00fchne, sondern auch im Saal. \u201eDieser Abend hat gezeigt, wie Kultur Br\u00fccken baut\u201c, res\u00fcmierte Kirchhoff. \u201eUnd dass am Ende alle gemeinsam als Sieger nach Hause gehen, ist vielleicht die sch\u00f6nste Pointe.\u201c<\/p>\n","protected":false},"excerpt":{"rendered":"<p>Ein Abend voller Wortwitz, Nachdenklichkeit und gelebter Inklusion: Der 21. Scheunen-Slam am Freitag in der Herborner Kulturscheune war ein Fest f\u00fcr Sprache und Miteinander. Vor ausverkauftem Haus trat die \u201eCr\u00e8me de la Cr\u00e8me\u201c der deutschsprachigen Slam-Szene zum Dichterwettstreit an &#8211; mit einem au\u00dfergew\u00f6hnlichen Programm zum 60-j\u00e4hrigen Bestehen der Lebenshilfe Dillenburg. \u201eWir sind nicht nur eine&#8230;<\/p>\n","protected":false},"author":4,"featured_media":7226,"comment_status":"closed","ping_status":"closed","sticky":false,"template":"","format":"standard","meta":{"_acf_changed":false,"_gspb_post_css":"","_kad_blocks_custom_css":"","_kad_blocks_head_custom_js":"","_kad_blocks_body_custom_js":"","_kad_blocks_footer_custom_js":"","_kad_post_transparent":"","_kad_post_title":"","_kad_post_layout":"","_kad_post_sidebar_id":"","_kad_post_content_style":"","_kad_post_vertical_padding":"","_kad_post_feature":"","_kad_post_feature_position":"","_kad_post_header":false,"_kad_post_footer":false,"_kad_post_classname":"","footnotes":""},"categories":[53],"tags":[],"class_list":["post-7178","post","type-post","status-publish","format-standard","has-post-thumbnail","hentry","category-meldungen"],"acf":[],"yoast_head":"<!-- This site is optimized with the Yoast SEO plugin v27.5 - https:\/\/yoast.com\/product\/yoast-seo-wordpress\/ -->\n<title>Ein Fest f\u00fcr Sprache und Miteinander - Lebenshilfe Dillenburg e.V.<\/title>\n<meta name=\"robots\" content=\"index, follow, max-snippet:-1, max-image-preview:large, max-video-preview:-1\" \/>\n<link rel=\"canonical\" href=\"https:\/\/lebenshilfe-dillenburg.de\/leicht\/ein-fest-fuer-sprache-und-miteinander\/\" \/>\n<meta property=\"og:locale\" content=\"de_DE\" \/>\n<meta property=\"og:type\" content=\"article\" \/>\n<meta property=\"og:title\" content=\"Ein Fest f\u00fcr Sprache und Miteinander - Lebenshilfe Dillenburg e.V.\" \/>\n<meta property=\"og:description\" content=\"Ein Abend voller Wortwitz, Nachdenklichkeit und gelebter Inklusion: Der 21. Scheunen-Slam am Freitag in der Herborner Kulturscheune war ein Fest f\u00fcr Sprache und Miteinander. Vor ausverkauftem Haus trat die \u201eCr\u00e8me de la Cr\u00e8me\u201c der deutschsprachigen Slam-Szene zum Dichterwettstreit an &#8211; mit einem au\u00dfergew\u00f6hnlichen Programm zum 60-j\u00e4hrigen Bestehen der Lebenshilfe Dillenburg. \u201eWir sind nicht nur eine...\" \/>\n<meta property=\"og:url\" content=\"https:\/\/lebenshilfe-dillenburg.de\/leicht\/ein-fest-fuer-sprache-und-miteinander\/\" \/>\n<meta property=\"og:site_name\" content=\"Lebenshilfe Dillenburg e.V.\" \/>\n<meta property=\"article:publisher\" content=\"https:\/\/www.facebook.com\/lebenshilfedillenburg\/\" \/>\n<meta property=\"article:published_time\" content=\"2025-09-29T14:50:45+00:00\" \/>\n<meta property=\"article:modified_time\" content=\"2026-02-02T10:48:38+00:00\" \/>\n<meta property=\"og:image\" content=\"https:\/\/lebenshilfe-dillenburg.de\/wp-content\/uploads\/scheunen-slam-fest-fuer-sprache-und-miteinander-scheunen-slam-kusch-mb-scaled-1.jpg\" \/>\n\t<meta property=\"og:image:width\" content=\"2560\" \/>\n\t<meta property=\"og:image:height\" content=\"1457\" \/>\n\t<meta property=\"og:image:type\" content=\"image\/jpeg\" \/>\n<meta name=\"author\" content=\"Conny Holtfoth\" \/>\n<meta name=\"twitter:card\" content=\"summary_large_image\" \/>\n<meta name=\"twitter:label1\" content=\"Geschrieben von\" \/>\n\t<meta name=\"twitter:data1\" content=\"Conny Holtfoth\" \/>\n\t<meta name=\"twitter:label2\" content=\"Gesch\u00e4tzte Lesezeit\" \/>\n\t<meta name=\"twitter:data2\" content=\"3\u00a0Minuten\" \/>\n<script type=\"application\/ld+json\" class=\"yoast-schema-graph\">{\"@context\":\"https:\\\/\\\/schema.org\",\"@graph\":[{\"@type\":\"Article\",\"@id\":\"https:\\\/\\\/lebenshilfe-dillenburg.de\\\/leicht\\\/ein-fest-fuer-sprache-und-miteinander\\\/#article\",\"isPartOf\":{\"@id\":\"https:\\\/\\\/lebenshilfe-dillenburg.de\\\/leicht\\\/ein-fest-fuer-sprache-und-miteinander\\\/\"},\"author\":{\"name\":\"Conny Holtfoth\",\"@id\":\"https:\\\/\\\/lebenshilfe-dillenburg.de\\\/leicht\\\/#\\\/schema\\\/person\\\/b6c52dad8d881b49213c3345a7cd5efe\"},\"headline\":\"Ein Fest f\u00fcr Sprache und Miteinander\",\"datePublished\":\"2025-09-29T14:50:45+00:00\",\"dateModified\":\"2026-02-02T10:48:38+00:00\",\"mainEntityOfPage\":{\"@id\":\"https:\\\/\\\/lebenshilfe-dillenburg.de\\\/leicht\\\/ein-fest-fuer-sprache-und-miteinander\\\/\"},\"wordCount\":507,\"publisher\":{\"@id\":\"https:\\\/\\\/lebenshilfe-dillenburg.de\\\/leicht\\\/#organization\"},\"image\":{\"@id\":\"https:\\\/\\\/lebenshilfe-dillenburg.de\\\/leicht\\\/ein-fest-fuer-sprache-und-miteinander\\\/#primaryimage\"},\"thumbnailUrl\":\"https:\\\/\\\/lebenshilfe-dillenburg.de\\\/wp-content\\\/uploads\\\/scheunen-slam-moderationsduo-livia-warch-jan-bernhardt.jpg\",\"articleSection\":[\"Meldungen\"],\"inLanguage\":\"de\"},{\"@type\":\"WebPage\",\"@id\":\"https:\\\/\\\/lebenshilfe-dillenburg.de\\\/leicht\\\/ein-fest-fuer-sprache-und-miteinander\\\/\",\"url\":\"https:\\\/\\\/lebenshilfe-dillenburg.de\\\/leicht\\\/ein-fest-fuer-sprache-und-miteinander\\\/\",\"name\":\"Ein Fest f\u00fcr Sprache und Miteinander - Lebenshilfe Dillenburg e.V.\",\"isPartOf\":{\"@id\":\"https:\\\/\\\/lebenshilfe-dillenburg.de\\\/leicht\\\/#website\"},\"primaryImageOfPage\":{\"@id\":\"https:\\\/\\\/lebenshilfe-dillenburg.de\\\/leicht\\\/ein-fest-fuer-sprache-und-miteinander\\\/#primaryimage\"},\"image\":{\"@id\":\"https:\\\/\\\/lebenshilfe-dillenburg.de\\\/leicht\\\/ein-fest-fuer-sprache-und-miteinander\\\/#primaryimage\"},\"thumbnailUrl\":\"https:\\\/\\\/lebenshilfe-dillenburg.de\\\/wp-content\\\/uploads\\\/scheunen-slam-moderationsduo-livia-warch-jan-bernhardt.jpg\",\"datePublished\":\"2025-09-29T14:50:45+00:00\",\"dateModified\":\"2026-02-02T10:48:38+00:00\",\"breadcrumb\":{\"@id\":\"https:\\\/\\\/lebenshilfe-dillenburg.de\\\/leicht\\\/ein-fest-fuer-sprache-und-miteinander\\\/#breadcrumb\"},\"inLanguage\":\"de\",\"potentialAction\":[{\"@type\":\"ReadAction\",\"target\":[\"https:\\\/\\\/lebenshilfe-dillenburg.de\\\/leicht\\\/ein-fest-fuer-sprache-und-miteinander\\\/\"]}]},{\"@type\":\"ImageObject\",\"inLanguage\":\"de\",\"@id\":\"https:\\\/\\\/lebenshilfe-dillenburg.de\\\/leicht\\\/ein-fest-fuer-sprache-und-miteinander\\\/#primaryimage\",\"url\":\"https:\\\/\\\/lebenshilfe-dillenburg.de\\\/wp-content\\\/uploads\\\/scheunen-slam-moderationsduo-livia-warch-jan-bernhardt.jpg\",\"contentUrl\":\"https:\\\/\\\/lebenshilfe-dillenburg.de\\\/wp-content\\\/uploads\\\/scheunen-slam-moderationsduo-livia-warch-jan-bernhardt.jpg\",\"width\":1500,\"height\":854,\"caption\":\"Ein Moderatorenduo mit Witz und Charme: Livia Warch und Jan Bernhardt. (Fotos: Manuel Bahmer)\"},{\"@type\":\"BreadcrumbList\",\"@id\":\"https:\\\/\\\/lebenshilfe-dillenburg.de\\\/leicht\\\/ein-fest-fuer-sprache-und-miteinander\\\/#breadcrumb\",\"itemListElement\":[{\"@type\":\"ListItem\",\"position\":1,\"name\":\"Startseite der Lebenshilfe Dillenburg\",\"item\":\"https:\\\/\\\/lebenshilfe-dillenburg.de\\\/leicht\\\/\"},{\"@type\":\"ListItem\",\"position\":2,\"name\":\"Ein Fest f\u00fcr Sprache und Miteinander\"}]},{\"@type\":\"WebSite\",\"@id\":\"https:\\\/\\\/lebenshilfe-dillenburg.de\\\/leicht\\\/#website\",\"url\":\"https:\\\/\\\/lebenshilfe-dillenburg.de\\\/leicht\\\/\",\"name\":\"Lebenshilfe Dillenburg \u2013 Teilhabe & Unterst\u00fctzung im Lahn-Dill-Kreis\",\"description\":\"\",\"publisher\":{\"@id\":\"https:\\\/\\\/lebenshilfe-dillenburg.de\\\/leicht\\\/#organization\"},\"potentialAction\":[{\"@type\":\"SearchAction\",\"target\":{\"@type\":\"EntryPoint\",\"urlTemplate\":\"https:\\\/\\\/lebenshilfe-dillenburg.de\\\/leicht\\\/?s={search_term_string}\"},\"query-input\":{\"@type\":\"PropertyValueSpecification\",\"valueRequired\":true,\"valueName\":\"search_term_string\"}}],\"inLanguage\":\"de\"},{\"@type\":\"Organization\",\"@id\":\"https:\\\/\\\/lebenshilfe-dillenburg.de\\\/leicht\\\/#organization\",\"name\":\"Lebenshilfe Dillenburg e.V.\",\"url\":\"https:\\\/\\\/lebenshilfe-dillenburg.de\\\/leicht\\\/\",\"logo\":{\"@type\":\"ImageObject\",\"inLanguage\":\"de\",\"@id\":\"https:\\\/\\\/lebenshilfe-dillenburg.de\\\/leicht\\\/#\\\/schema\\\/logo\\\/image\\\/\",\"url\":\"https:\\\/\\\/lebenshilfe-dillenburg.de\\\/wp-content\\\/uploads\\\/lebenshilfe-dillenburg-desktop.webp\",\"contentUrl\":\"https:\\\/\\\/lebenshilfe-dillenburg.de\\\/wp-content\\\/uploads\\\/lebenshilfe-dillenburg-desktop.webp\",\"width\":461,\"height\":202,\"caption\":\"Lebenshilfe Dillenburg e.V.\"},\"image\":{\"@id\":\"https:\\\/\\\/lebenshilfe-dillenburg.de\\\/leicht\\\/#\\\/schema\\\/logo\\\/image\\\/\"},\"sameAs\":[\"https:\\\/\\\/www.facebook.com\\\/lebenshilfedillenburg\\\/\",\"https:\\\/\\\/www.instagram.com\\\/lebenshilfe_dillenburg\\\/\"]},{\"@type\":\"Person\",\"@id\":\"https:\\\/\\\/lebenshilfe-dillenburg.de\\\/leicht\\\/#\\\/schema\\\/person\\\/b6c52dad8d881b49213c3345a7cd5efe\",\"name\":\"Conny Holtfoth\",\"sameAs\":[\"http:\\\/\\\/lebenshilfe-dillenburg.de\"],\"url\":\"https:\\\/\\\/lebenshilfe-dillenburg.de\\\/leicht\\\/author\\\/conny\\\/\"}]}<\/script>\n<!-- \/ Yoast SEO plugin. -->","yoast_head_json":{"title":"Ein Fest f\u00fcr Sprache und Miteinander - Lebenshilfe Dillenburg e.V.","robots":{"index":"index","follow":"follow","max-snippet":"max-snippet:-1","max-image-preview":"max-image-preview:large","max-video-preview":"max-video-preview:-1"},"canonical":"https:\/\/lebenshilfe-dillenburg.de\/leicht\/ein-fest-fuer-sprache-und-miteinander\/","og_locale":"de_DE","og_type":"article","og_title":"Ein Fest f\u00fcr Sprache und Miteinander - Lebenshilfe Dillenburg e.V.","og_description":"Ein Abend voller Wortwitz, Nachdenklichkeit und gelebter Inklusion: Der 21. Scheunen-Slam am Freitag in der Herborner Kulturscheune war ein Fest f\u00fcr Sprache und Miteinander. Vor ausverkauftem Haus trat die \u201eCr\u00e8me de la Cr\u00e8me\u201c der deutschsprachigen Slam-Szene zum Dichterwettstreit an &#8211; mit einem au\u00dfergew\u00f6hnlichen Programm zum 60-j\u00e4hrigen Bestehen der Lebenshilfe Dillenburg. \u201eWir sind nicht nur eine...","og_url":"https:\/\/lebenshilfe-dillenburg.de\/leicht\/ein-fest-fuer-sprache-und-miteinander\/","og_site_name":"Lebenshilfe Dillenburg e.V.","article_publisher":"https:\/\/www.facebook.com\/lebenshilfedillenburg\/","article_published_time":"2025-09-29T14:50:45+00:00","article_modified_time":"2026-02-02T10:48:38+00:00","og_image":[{"width":2560,"height":1457,"url":"https:\/\/lebenshilfe-dillenburg.de\/wp-content\/uploads\/scheunen-slam-fest-fuer-sprache-und-miteinander-scheunen-slam-kusch-mb-scaled-1.jpg","type":"image\/jpeg"}],"author":"Conny Holtfoth","twitter_card":"summary_large_image","twitter_misc":{"Geschrieben von":"Conny Holtfoth","Gesch\u00e4tzte Lesezeit":"3\u00a0Minuten"},"schema":{"@context":"https:\/\/schema.org","@graph":[{"@type":"Article","@id":"https:\/\/lebenshilfe-dillenburg.de\/leicht\/ein-fest-fuer-sprache-und-miteinander\/#article","isPartOf":{"@id":"https:\/\/lebenshilfe-dillenburg.de\/leicht\/ein-fest-fuer-sprache-und-miteinander\/"},"author":{"name":"Conny Holtfoth","@id":"https:\/\/lebenshilfe-dillenburg.de\/leicht\/#\/schema\/person\/b6c52dad8d881b49213c3345a7cd5efe"},"headline":"Ein Fest f\u00fcr Sprache und Miteinander","datePublished":"2025-09-29T14:50:45+00:00","dateModified":"2026-02-02T10:48:38+00:00","mainEntityOfPage":{"@id":"https:\/\/lebenshilfe-dillenburg.de\/leicht\/ein-fest-fuer-sprache-und-miteinander\/"},"wordCount":507,"publisher":{"@id":"https:\/\/lebenshilfe-dillenburg.de\/leicht\/#organization"},"image":{"@id":"https:\/\/lebenshilfe-dillenburg.de\/leicht\/ein-fest-fuer-sprache-und-miteinander\/#primaryimage"},"thumbnailUrl":"https:\/\/lebenshilfe-dillenburg.de\/wp-content\/uploads\/scheunen-slam-moderationsduo-livia-warch-jan-bernhardt.jpg","articleSection":["Meldungen"],"inLanguage":"de"},{"@type":"WebPage","@id":"https:\/\/lebenshilfe-dillenburg.de\/leicht\/ein-fest-fuer-sprache-und-miteinander\/","url":"https:\/\/lebenshilfe-dillenburg.de\/leicht\/ein-fest-fuer-sprache-und-miteinander\/","name":"Ein Fest f\u00fcr Sprache und Miteinander - Lebenshilfe Dillenburg e.V.","isPartOf":{"@id":"https:\/\/lebenshilfe-dillenburg.de\/leicht\/#website"},"primaryImageOfPage":{"@id":"https:\/\/lebenshilfe-dillenburg.de\/leicht\/ein-fest-fuer-sprache-und-miteinander\/#primaryimage"},"image":{"@id":"https:\/\/lebenshilfe-dillenburg.de\/leicht\/ein-fest-fuer-sprache-und-miteinander\/#primaryimage"},"thumbnailUrl":"https:\/\/lebenshilfe-dillenburg.de\/wp-content\/uploads\/scheunen-slam-moderationsduo-livia-warch-jan-bernhardt.jpg","datePublished":"2025-09-29T14:50:45+00:00","dateModified":"2026-02-02T10:48:38+00:00","breadcrumb":{"@id":"https:\/\/lebenshilfe-dillenburg.de\/leicht\/ein-fest-fuer-sprache-und-miteinander\/#breadcrumb"},"inLanguage":"de","potentialAction":[{"@type":"ReadAction","target":["https:\/\/lebenshilfe-dillenburg.de\/leicht\/ein-fest-fuer-sprache-und-miteinander\/"]}]},{"@type":"ImageObject","inLanguage":"de","@id":"https:\/\/lebenshilfe-dillenburg.de\/leicht\/ein-fest-fuer-sprache-und-miteinander\/#primaryimage","url":"https:\/\/lebenshilfe-dillenburg.de\/wp-content\/uploads\/scheunen-slam-moderationsduo-livia-warch-jan-bernhardt.jpg","contentUrl":"https:\/\/lebenshilfe-dillenburg.de\/wp-content\/uploads\/scheunen-slam-moderationsduo-livia-warch-jan-bernhardt.jpg","width":1500,"height":854,"caption":"Ein Moderatorenduo mit Witz und Charme: Livia Warch und Jan Bernhardt. (Fotos: Manuel Bahmer)"},{"@type":"BreadcrumbList","@id":"https:\/\/lebenshilfe-dillenburg.de\/leicht\/ein-fest-fuer-sprache-und-miteinander\/#breadcrumb","itemListElement":[{"@type":"ListItem","position":1,"name":"Startseite der Lebenshilfe Dillenburg","item":"https:\/\/lebenshilfe-dillenburg.de\/leicht\/"},{"@type":"ListItem","position":2,"name":"Ein Fest f\u00fcr Sprache und Miteinander"}]},{"@type":"WebSite","@id":"https:\/\/lebenshilfe-dillenburg.de\/leicht\/#website","url":"https:\/\/lebenshilfe-dillenburg.de\/leicht\/","name":"Lebenshilfe Dillenburg \u2013 Teilhabe & Unterst\u00fctzung im Lahn-Dill-Kreis","description":"","publisher":{"@id":"https:\/\/lebenshilfe-dillenburg.de\/leicht\/#organization"},"potentialAction":[{"@type":"SearchAction","target":{"@type":"EntryPoint","urlTemplate":"https:\/\/lebenshilfe-dillenburg.de\/leicht\/?s={search_term_string}"},"query-input":{"@type":"PropertyValueSpecification","valueRequired":true,"valueName":"search_term_string"}}],"inLanguage":"de"},{"@type":"Organization","@id":"https:\/\/lebenshilfe-dillenburg.de\/leicht\/#organization","name":"Lebenshilfe Dillenburg e.V.","url":"https:\/\/lebenshilfe-dillenburg.de\/leicht\/","logo":{"@type":"ImageObject","inLanguage":"de","@id":"https:\/\/lebenshilfe-dillenburg.de\/leicht\/#\/schema\/logo\/image\/","url":"https:\/\/lebenshilfe-dillenburg.de\/wp-content\/uploads\/lebenshilfe-dillenburg-desktop.webp","contentUrl":"https:\/\/lebenshilfe-dillenburg.de\/wp-content\/uploads\/lebenshilfe-dillenburg-desktop.webp","width":461,"height":202,"caption":"Lebenshilfe Dillenburg e.V."},"image":{"@id":"https:\/\/lebenshilfe-dillenburg.de\/leicht\/#\/schema\/logo\/image\/"},"sameAs":["https:\/\/www.facebook.com\/lebenshilfedillenburg\/","https:\/\/www.instagram.com\/lebenshilfe_dillenburg\/"]},{"@type":"Person","@id":"https:\/\/lebenshilfe-dillenburg.de\/leicht\/#\/schema\/person\/b6c52dad8d881b49213c3345a7cd5efe","name":"Conny Holtfoth","sameAs":["http:\/\/lebenshilfe-dillenburg.de"],"url":"https:\/\/lebenshilfe-dillenburg.de\/leicht\/author\/conny\/"}]}},"taxonomy_info":{"category":[{"value":53,"label":"Meldungen"}]},"featured_image_src_large":["https:\/\/lebenshilfe-dillenburg.de\/wp-content\/uploads\/scheunen-slam-moderationsduo-livia-warch-jan-bernhardt-1920x1093.jpg",1366,778,true],"author_info":{"display_name":"Conny Holtfoth","author_link":"https:\/\/lebenshilfe-dillenburg.de\/leicht\/author\/conny\/"},"comment_info":0,"category_info":[{"term_id":53,"name":"Meldungen","slug":"meldungen","term_group":0,"term_taxonomy_id":53,"taxonomy":"category","description":"","parent":0,"count":127,"filter":"raw","term_order":"5","cat_ID":53,"category_count":127,"category_description":"","cat_name":"Meldungen","category_nicename":"meldungen","category_parent":0}],"tag_info":false,"_links":{"self":[{"href":"https:\/\/lebenshilfe-dillenburg.de\/leicht\/wp-json\/wp\/v2\/posts\/7178","targetHints":{"allow":["GET"]}}],"collection":[{"href":"https:\/\/lebenshilfe-dillenburg.de\/leicht\/wp-json\/wp\/v2\/posts"}],"about":[{"href":"https:\/\/lebenshilfe-dillenburg.de\/leicht\/wp-json\/wp\/v2\/types\/post"}],"author":[{"embeddable":true,"href":"https:\/\/lebenshilfe-dillenburg.de\/leicht\/wp-json\/wp\/v2\/users\/4"}],"replies":[{"embeddable":true,"href":"https:\/\/lebenshilfe-dillenburg.de\/leicht\/wp-json\/wp\/v2\/comments?post=7178"}],"version-history":[{"count":0,"href":"https:\/\/lebenshilfe-dillenburg.de\/leicht\/wp-json\/wp\/v2\/posts\/7178\/revisions"}],"wp:featuredmedia":[{"embeddable":true,"href":"https:\/\/lebenshilfe-dillenburg.de\/leicht\/wp-json\/wp\/v2\/media\/7226"}],"wp:attachment":[{"href":"https:\/\/lebenshilfe-dillenburg.de\/leicht\/wp-json\/wp\/v2\/media?parent=7178"}],"wp:term":[{"taxonomy":"category","embeddable":true,"href":"https:\/\/lebenshilfe-dillenburg.de\/leicht\/wp-json\/wp\/v2\/categories?post=7178"},{"taxonomy":"post_tag","embeddable":true,"href":"https:\/\/lebenshilfe-dillenburg.de\/leicht\/wp-json\/wp\/v2\/tags?post=7178"}],"curies":[{"name":"wp","href":"https:\/\/api.w.org\/{rel}","templated":true}]}}