{"id":7179,"date":"2025-10-22T12:33:31","date_gmt":"2025-10-22T10:33:31","guid":{"rendered":"https:\/\/www.lebenshilfe-dillenburg.de\/?p=5116"},"modified":"2026-02-02T11:41:39","modified_gmt":"2026-02-02T10:41:39","slug":"jubilaeums-reihe-doppelt-60-dirk-botzon","status":"publish","type":"post","link":"https:\/\/lebenshilfe-dillenburg.de\/leicht\/jubilaeums-reihe-doppelt-60-dirk-botzon\/","title":{"rendered":"Jubil\u00e4ums-Reihe &#8222;Doppelt 60&#8220;: Dirk Botzon"},"content":{"rendered":"\n<p>In diesem Jahr feiern wir <strong data-start=\"539\" data-end=\"574\">60 Jahre Lebenshilfe Dillenburg<\/strong> \u2013 und stellen Menschen vor, die uns seit vielen Jahren begleiten und selbst <strong data-start=\"651\" data-end=\"674\">60 Jahre alt werden<\/strong>.<\/p>\n\n\n\n<p>Den Anfang macht unser Vorstandsmitglied Dirk Botzon.<\/p>\n\n\n\n<p><strong><em>Wie hat sich Ihr Blick auf die Lebenshilfe in den verschiedenen Rollen ver\u00e4ndert \u2013 vom Zivi \u00fcber die Werkstattleitung bis in den Vorstand?<\/em><\/strong><\/p>\n\n\n\n<p><strong>Dirk Botzon: <\/strong>Das ist eine interessante Frage. Ich habe die Lebenshilfe Dillenburg im Laufe der Zeit ja aus drei verschiedenen Perspektiven kennengelernt. Hierdurch hatte ich die Gelegenheit, die wertvolle Arbeit vor Ort in unseren Einrichtungen und Diensten zu erleben.<\/p>\n\n\n\n<p>Gerade die Zeit als Zivildienstleistender hat mich nachhaltig gepr\u00e4gt. Ich war tief beeindruckt &#8211; einerseits von den Menschen, die von der Lebenshilfe begleitet werden, und andererseits von der Hingabe und \u00dcberzeugung der hauptamtlichen Mitarbeitenden. Dies hat in mir schon fr\u00fch den Wunsch geweckt, ein Teil dieser Organisation werden zu wollen. Der sich dann ja sp\u00e4ter auch erf\u00fcllt hat.<\/p>\n\n\n\n<p>In meiner Zeit als Werkstattleiter habe ich die Lebenshilfe als dynamische Organisation mit vielen Gestaltungsm\u00f6glichkeiten erlebt. Nach meinem Einstieg in Dillenburg hatte ich das Privileg, damals die neue Werkstatt in Flammersbach mitplanen und er\u00f6ffnen zu d\u00fcrfen. Dies war ein spannender Prozess und eine sch\u00f6ne Erfahrung, die ich nicht missen m\u00f6chte. Diese Zeit war \u2013 \u00e4hnlich wie heute \u00ad- &nbsp;&nbsp;von Aufbruch, Gemeinschaft und Entwicklungsfreude gepr\u00e4gt.<\/p>\n\n\n\n<p>Mein Wechsel im Jahr 2009 in die Gesch\u00e4ftsf\u00fchrung\/Vorstand er\u00f6ffnete mir schlie\u00dflich noch mal einen viel breiteren und umfassenderen Blick auf die Gesamtorganisation. Was sich bis heute wie ein roter Faden durchzieht, ist die Erfahrung, dass die Lebenshilfe Dillenburg strukturell hervorragend aufgestellt ist und hochmotivierte und kompetente Mitarbeitende besch\u00e4ftigt. Ich bin froh und dankbar, Vorstand einer so tollen Organisation sein zu d\u00fcrfen.<\/p>\n\n\n\n<p>Im Rahmen der diesj\u00e4hrigen Visions- und Strategieentwicklung haben wir uns mit dem Leitbild besch\u00e4ftigt und es wurde sehr deutlich, wie tragf\u00e4hig das Wertefundament der Lebenshilfe Dillenburg ist. Es ist ein wertvolles Erbe unserer Gr\u00fcndungsv\u00e4ter, auf welches wir aufbauen und das wir mit in die Zukunft nehmen. Wirtschaftlich solide aufgestellt, waren und sind wir zudem den vielf\u00e4ltigen Herausforderungen gut gewachsen. Das ist heute wichtiger denn je.<\/p>\n\n\n\n<p><strong><em>Welche Begegnungen oder Erlebnisse haben Sie besonders gepr\u00e4gt?<\/em><\/strong><\/p>\n\n\n\n<p><strong>Dirk Botzon:<\/strong> In Summe sind es die zahllosen Begegnungen mit den vielen tollen Menschen, mit denen ich in meiner Arbeit zu tun habe bzw. hatte. Dabei konnten die Anl\u00e4sse traurig oder fr\u00f6hlich sein \u2013 so wie das Leben halt ist. Zu meinen traurigsten Erfahrungen z\u00e4hlt, dass ich in meiner Zeit als Werkstattleiter den Angeh\u00f6rigen einer Besch\u00e4ftigten die Nachricht vom Tod ihrer Tochter infolge eines unerwarteten medizinischen Notfalls \u00fcberbringen musste.<\/p>\n\n\n\n<p>Auf der anderen Seite gab und gibt es viele Erlebnisse, \u00fcber die ich mich freue. Sei es die Hochzeit zweier Werkstattbesch\u00e4ftigten, zu der ich eingeladen war, oder einfach nur die herzlichen Begegnungen im (Arbeits-)Alltag, bei denen auch viel gelacht wird. Mit Blick auf die Menschen, die wir begleiten, ist es immer wieder beeindruckend zu sehen, mit welch bewundernswerter Kraft, Haltung und Freude sie ihr Leben meistern.<\/p>\n\n\n\n<p><strong><em>Was w\u00fcnschen Sie der Lebenshilfe und den Menschen, die hier begleitet werden, f\u00fcr die Zukunft?<\/em><\/strong><\/p>\n\n\n\n<p><strong>Dirk Botzon:<\/strong> Ich w\u00fcnsche der Lebenshilfe Dillenburg, auch in Zukunft ihren Auftrag mit Mut, Energie und Freude zu verwirklichen. Es geht darum, den Menschen, die wir begleiten, als starke Gemeinschaft eine Heimat zu geben, ihnen Teilhabe zu erm\u00f6glichen und sie in ihrer Entwicklung zu f\u00f6rdern. Das kommt auch in der Vision zum Ausdruck, die wir als Verein in diesem Jahr neu formuliert haben.<\/p>\n\n\n\n<p><strong><em>Und ganz pers\u00f6nlich: Was bedeutet es Ihnen, im Jubil\u00e4umsjahr der Lebenshilfe selbst 60 Jahre alt zu werden?<\/em><\/strong><\/p>\n\n\n\n<p><strong>Dirk Botzon:<\/strong> Es ist ein sch\u00f6nes Gef\u00fchl der Verbundenheit und eine gute Gelegenheit, beruflich und privat zur\u00fcckzublicken. Und gleichzeitig den Blick nach vorne zu richten, um auch den weiteren Weg in die Zukunft erfolgreich zu gestalten.<\/p>\n","protected":false},"excerpt":{"rendered":"<p>In diesem Jahr feiern wir 60 Jahre Lebenshilfe Dillenburg \u2013 und stellen Menschen vor, die uns seit vielen Jahren begleiten und selbst 60 Jahre alt werden. Den Anfang macht unser Vorstandsmitglied Dirk Botzon. Wie hat sich Ihr Blick auf die Lebenshilfe in den verschiedenen Rollen ver\u00e4ndert \u2013 vom Zivi \u00fcber die Werkstattleitung bis in den&#8230;<\/p>\n","protected":false},"author":4,"featured_media":7234,"comment_status":"closed","ping_status":"closed","sticky":false,"template":"","format":"standard","meta":{"_acf_changed":false,"_gspb_post_css":"","_kad_blocks_custom_css":"","_kad_blocks_head_custom_js":"","_kad_blocks_body_custom_js":"","_kad_blocks_footer_custom_js":"","_kad_post_transparent":"","_kad_post_title":"","_kad_post_layout":"","_kad_post_sidebar_id":"","_kad_post_content_style":"","_kad_post_vertical_padding":"","_kad_post_feature":"","_kad_post_feature_position":"","_kad_post_header":false,"_kad_post_footer":false,"_kad_post_classname":"","footnotes":""},"categories":[53],"tags":[],"class_list":["post-7179","post","type-post","status-publish","format-standard","has-post-thumbnail","hentry","category-meldungen"],"acf":[],"yoast_head":"<!-- This site is optimized with the Yoast SEO plugin v27.5 - https:\/\/yoast.com\/product\/yoast-seo-wordpress\/ -->\n<title>Jubil\u00e4ums-Reihe &quot;Doppelt 60&quot;: Dirk Botzon - Lebenshilfe Dillenburg e.V.<\/title>\n<meta name=\"robots\" content=\"index, follow, max-snippet:-1, max-image-preview:large, max-video-preview:-1\" \/>\n<link rel=\"canonical\" href=\"https:\/\/lebenshilfe-dillenburg.de\/leicht\/jubilaeums-reihe-doppelt-60-dirk-botzon\/\" \/>\n<meta property=\"og:locale\" content=\"de_DE\" \/>\n<meta property=\"og:type\" content=\"article\" \/>\n<meta property=\"og:title\" content=\"Jubil\u00e4ums-Reihe &quot;Doppelt 60&quot;: Dirk Botzon - Lebenshilfe Dillenburg e.V.\" \/>\n<meta property=\"og:description\" content=\"In diesem Jahr feiern wir 60 Jahre Lebenshilfe Dillenburg \u2013 und stellen Menschen vor, die uns seit vielen Jahren begleiten und selbst 60 Jahre alt werden. Den Anfang macht unser Vorstandsmitglied Dirk Botzon. Wie hat sich Ihr Blick auf die Lebenshilfe in den verschiedenen Rollen ver\u00e4ndert \u2013 vom Zivi \u00fcber die Werkstattleitung bis in den...\" \/>\n<meta property=\"og:url\" content=\"https:\/\/lebenshilfe-dillenburg.de\/leicht\/jubilaeums-reihe-doppelt-60-dirk-botzon\/\" \/>\n<meta property=\"og:site_name\" content=\"Lebenshilfe Dillenburg e.V.\" \/>\n<meta property=\"article:publisher\" content=\"https:\/\/www.facebook.com\/lebenshilfedillenburg\/\" \/>\n<meta property=\"article:published_time\" content=\"2025-10-22T10:33:31+00:00\" \/>\n<meta property=\"article:modified_time\" content=\"2026-02-02T10:41:39+00:00\" \/>\n<meta property=\"og:image\" content=\"https:\/\/lebenshilfe-dillenburg.de\/wp-content\/uploads\/jubilaeums-reihe-doppelt-60-dirk-botzon-doppelt-60-teil-1-1.png\" \/>\n\t<meta property=\"og:image:width\" content=\"1080\" \/>\n\t<meta property=\"og:image:height\" content=\"1350\" \/>\n\t<meta property=\"og:image:type\" content=\"image\/png\" \/>\n<meta name=\"author\" content=\"Conny Holtfoth\" \/>\n<meta name=\"twitter:card\" content=\"summary_large_image\" \/>\n<meta name=\"twitter:label1\" content=\"Geschrieben von\" \/>\n\t<meta name=\"twitter:data1\" content=\"Conny Holtfoth\" \/>\n\t<meta name=\"twitter:label2\" content=\"Gesch\u00e4tzte Lesezeit\" \/>\n\t<meta name=\"twitter:data2\" content=\"4\u00a0Minuten\" \/>\n<script type=\"application\/ld+json\" class=\"yoast-schema-graph\">{\"@context\":\"https:\\\/\\\/schema.org\",\"@graph\":[{\"@type\":\"Article\",\"@id\":\"https:\\\/\\\/lebenshilfe-dillenburg.de\\\/leicht\\\/jubilaeums-reihe-doppelt-60-dirk-botzon\\\/#article\",\"isPartOf\":{\"@id\":\"https:\\\/\\\/lebenshilfe-dillenburg.de\\\/leicht\\\/jubilaeums-reihe-doppelt-60-dirk-botzon\\\/\"},\"author\":{\"name\":\"Conny Holtfoth\",\"@id\":\"https:\\\/\\\/lebenshilfe-dillenburg.de\\\/leicht\\\/#\\\/schema\\\/person\\\/b6c52dad8d881b49213c3345a7cd5efe\"},\"headline\":\"Jubil\u00e4ums-Reihe &#8222;Doppelt 60&#8220;: Dirk Botzon\",\"datePublished\":\"2025-10-22T10:33:31+00:00\",\"dateModified\":\"2026-02-02T10:41:39+00:00\",\"mainEntityOfPage\":{\"@id\":\"https:\\\/\\\/lebenshilfe-dillenburg.de\\\/leicht\\\/jubilaeums-reihe-doppelt-60-dirk-botzon\\\/\"},\"wordCount\":658,\"publisher\":{\"@id\":\"https:\\\/\\\/lebenshilfe-dillenburg.de\\\/leicht\\\/#organization\"},\"image\":{\"@id\":\"https:\\\/\\\/lebenshilfe-dillenburg.de\\\/leicht\\\/jubilaeums-reihe-doppelt-60-dirk-botzon\\\/#primaryimage\"},\"thumbnailUrl\":\"https:\\\/\\\/lebenshilfe-dillenburg.de\\\/wp-content\\\/uploads\\\/dirk-botzon-lebenshilfe-dillenburg-portraet.png\",\"articleSection\":[\"Meldungen\"],\"inLanguage\":\"de\"},{\"@type\":\"WebPage\",\"@id\":\"https:\\\/\\\/lebenshilfe-dillenburg.de\\\/leicht\\\/jubilaeums-reihe-doppelt-60-dirk-botzon\\\/\",\"url\":\"https:\\\/\\\/lebenshilfe-dillenburg.de\\\/leicht\\\/jubilaeums-reihe-doppelt-60-dirk-botzon\\\/\",\"name\":\"Jubil\u00e4ums-Reihe \\\"Doppelt 60\\\": Dirk Botzon - Lebenshilfe Dillenburg e.V.\",\"isPartOf\":{\"@id\":\"https:\\\/\\\/lebenshilfe-dillenburg.de\\\/leicht\\\/#website\"},\"primaryImageOfPage\":{\"@id\":\"https:\\\/\\\/lebenshilfe-dillenburg.de\\\/leicht\\\/jubilaeums-reihe-doppelt-60-dirk-botzon\\\/#primaryimage\"},\"image\":{\"@id\":\"https:\\\/\\\/lebenshilfe-dillenburg.de\\\/leicht\\\/jubilaeums-reihe-doppelt-60-dirk-botzon\\\/#primaryimage\"},\"thumbnailUrl\":\"https:\\\/\\\/lebenshilfe-dillenburg.de\\\/wp-content\\\/uploads\\\/dirk-botzon-lebenshilfe-dillenburg-portraet.png\",\"datePublished\":\"2025-10-22T10:33:31+00:00\",\"dateModified\":\"2026-02-02T10:41:39+00:00\",\"breadcrumb\":{\"@id\":\"https:\\\/\\\/lebenshilfe-dillenburg.de\\\/leicht\\\/jubilaeums-reihe-doppelt-60-dirk-botzon\\\/#breadcrumb\"},\"inLanguage\":\"de\",\"potentialAction\":[{\"@type\":\"ReadAction\",\"target\":[\"https:\\\/\\\/lebenshilfe-dillenburg.de\\\/leicht\\\/jubilaeums-reihe-doppelt-60-dirk-botzon\\\/\"]}]},{\"@type\":\"ImageObject\",\"inLanguage\":\"de\",\"@id\":\"https:\\\/\\\/lebenshilfe-dillenburg.de\\\/leicht\\\/jubilaeums-reihe-doppelt-60-dirk-botzon\\\/#primaryimage\",\"url\":\"https:\\\/\\\/lebenshilfe-dillenburg.de\\\/wp-content\\\/uploads\\\/dirk-botzon-lebenshilfe-dillenburg-portraet.png\",\"contentUrl\":\"https:\\\/\\\/lebenshilfe-dillenburg.de\\\/wp-content\\\/uploads\\\/dirk-botzon-lebenshilfe-dillenburg-portraet.png\",\"width\":864,\"height\":1080,\"caption\":\"Dirk Botzon im Gespr\u00e4ch mit Mitarbeiter, Lebenshilfe Dillenburg e.V., gelebte Inklusion im Alltag.\"},{\"@type\":\"BreadcrumbList\",\"@id\":\"https:\\\/\\\/lebenshilfe-dillenburg.de\\\/leicht\\\/jubilaeums-reihe-doppelt-60-dirk-botzon\\\/#breadcrumb\",\"itemListElement\":[{\"@type\":\"ListItem\",\"position\":1,\"name\":\"Startseite der Lebenshilfe Dillenburg\",\"item\":\"https:\\\/\\\/lebenshilfe-dillenburg.de\\\/leicht\\\/\"},{\"@type\":\"ListItem\",\"position\":2,\"name\":\"Jubil\u00e4ums-Reihe &#8222;Doppelt 60&#8220;: Dirk Botzon\"}]},{\"@type\":\"WebSite\",\"@id\":\"https:\\\/\\\/lebenshilfe-dillenburg.de\\\/leicht\\\/#website\",\"url\":\"https:\\\/\\\/lebenshilfe-dillenburg.de\\\/leicht\\\/\",\"name\":\"Lebenshilfe Dillenburg \u2013 Teilhabe & Unterst\u00fctzung im Lahn-Dill-Kreis\",\"description\":\"\",\"publisher\":{\"@id\":\"https:\\\/\\\/lebenshilfe-dillenburg.de\\\/leicht\\\/#organization\"},\"potentialAction\":[{\"@type\":\"SearchAction\",\"target\":{\"@type\":\"EntryPoint\",\"urlTemplate\":\"https:\\\/\\\/lebenshilfe-dillenburg.de\\\/leicht\\\/?s={search_term_string}\"},\"query-input\":{\"@type\":\"PropertyValueSpecification\",\"valueRequired\":true,\"valueName\":\"search_term_string\"}}],\"inLanguage\":\"de\"},{\"@type\":\"Organization\",\"@id\":\"https:\\\/\\\/lebenshilfe-dillenburg.de\\\/leicht\\\/#organization\",\"name\":\"Lebenshilfe Dillenburg e.V.\",\"url\":\"https:\\\/\\\/lebenshilfe-dillenburg.de\\\/leicht\\\/\",\"logo\":{\"@type\":\"ImageObject\",\"inLanguage\":\"de\",\"@id\":\"https:\\\/\\\/lebenshilfe-dillenburg.de\\\/leicht\\\/#\\\/schema\\\/logo\\\/image\\\/\",\"url\":\"https:\\\/\\\/lebenshilfe-dillenburg.de\\\/wp-content\\\/uploads\\\/lebenshilfe-dillenburg-desktop.webp\",\"contentUrl\":\"https:\\\/\\\/lebenshilfe-dillenburg.de\\\/wp-content\\\/uploads\\\/lebenshilfe-dillenburg-desktop.webp\",\"width\":461,\"height\":202,\"caption\":\"Lebenshilfe Dillenburg e.V.\"},\"image\":{\"@id\":\"https:\\\/\\\/lebenshilfe-dillenburg.de\\\/leicht\\\/#\\\/schema\\\/logo\\\/image\\\/\"},\"sameAs\":[\"https:\\\/\\\/www.facebook.com\\\/lebenshilfedillenburg\\\/\",\"https:\\\/\\\/www.instagram.com\\\/lebenshilfe_dillenburg\\\/\"]},{\"@type\":\"Person\",\"@id\":\"https:\\\/\\\/lebenshilfe-dillenburg.de\\\/leicht\\\/#\\\/schema\\\/person\\\/b6c52dad8d881b49213c3345a7cd5efe\",\"name\":\"Conny Holtfoth\",\"sameAs\":[\"http:\\\/\\\/lebenshilfe-dillenburg.de\"],\"url\":\"https:\\\/\\\/lebenshilfe-dillenburg.de\\\/leicht\\\/author\\\/conny\\\/\"}]}<\/script>\n<!-- \/ Yoast SEO plugin. -->","yoast_head_json":{"title":"Jubil\u00e4ums-Reihe \"Doppelt 60\": Dirk Botzon - Lebenshilfe Dillenburg e.V.","robots":{"index":"index","follow":"follow","max-snippet":"max-snippet:-1","max-image-preview":"max-image-preview:large","max-video-preview":"max-video-preview:-1"},"canonical":"https:\/\/lebenshilfe-dillenburg.de\/leicht\/jubilaeums-reihe-doppelt-60-dirk-botzon\/","og_locale":"de_DE","og_type":"article","og_title":"Jubil\u00e4ums-Reihe \"Doppelt 60\": Dirk Botzon - Lebenshilfe Dillenburg e.V.","og_description":"In diesem Jahr feiern wir 60 Jahre Lebenshilfe Dillenburg \u2013 und stellen Menschen vor, die uns seit vielen Jahren begleiten und selbst 60 Jahre alt werden. Den Anfang macht unser Vorstandsmitglied Dirk Botzon. Wie hat sich Ihr Blick auf die Lebenshilfe in den verschiedenen Rollen ver\u00e4ndert \u2013 vom Zivi \u00fcber die Werkstattleitung bis in den...","og_url":"https:\/\/lebenshilfe-dillenburg.de\/leicht\/jubilaeums-reihe-doppelt-60-dirk-botzon\/","og_site_name":"Lebenshilfe Dillenburg e.V.","article_publisher":"https:\/\/www.facebook.com\/lebenshilfedillenburg\/","article_published_time":"2025-10-22T10:33:31+00:00","article_modified_time":"2026-02-02T10:41:39+00:00","og_image":[{"width":1080,"height":1350,"url":"https:\/\/lebenshilfe-dillenburg.de\/wp-content\/uploads\/jubilaeums-reihe-doppelt-60-dirk-botzon-doppelt-60-teil-1-1.png","type":"image\/png"}],"author":"Conny Holtfoth","twitter_card":"summary_large_image","twitter_misc":{"Geschrieben von":"Conny Holtfoth","Gesch\u00e4tzte Lesezeit":"4\u00a0Minuten"},"schema":{"@context":"https:\/\/schema.org","@graph":[{"@type":"Article","@id":"https:\/\/lebenshilfe-dillenburg.de\/leicht\/jubilaeums-reihe-doppelt-60-dirk-botzon\/#article","isPartOf":{"@id":"https:\/\/lebenshilfe-dillenburg.de\/leicht\/jubilaeums-reihe-doppelt-60-dirk-botzon\/"},"author":{"name":"Conny Holtfoth","@id":"https:\/\/lebenshilfe-dillenburg.de\/leicht\/#\/schema\/person\/b6c52dad8d881b49213c3345a7cd5efe"},"headline":"Jubil\u00e4ums-Reihe &#8222;Doppelt 60&#8220;: Dirk Botzon","datePublished":"2025-10-22T10:33:31+00:00","dateModified":"2026-02-02T10:41:39+00:00","mainEntityOfPage":{"@id":"https:\/\/lebenshilfe-dillenburg.de\/leicht\/jubilaeums-reihe-doppelt-60-dirk-botzon\/"},"wordCount":658,"publisher":{"@id":"https:\/\/lebenshilfe-dillenburg.de\/leicht\/#organization"},"image":{"@id":"https:\/\/lebenshilfe-dillenburg.de\/leicht\/jubilaeums-reihe-doppelt-60-dirk-botzon\/#primaryimage"},"thumbnailUrl":"https:\/\/lebenshilfe-dillenburg.de\/wp-content\/uploads\/dirk-botzon-lebenshilfe-dillenburg-portraet.png","articleSection":["Meldungen"],"inLanguage":"de"},{"@type":"WebPage","@id":"https:\/\/lebenshilfe-dillenburg.de\/leicht\/jubilaeums-reihe-doppelt-60-dirk-botzon\/","url":"https:\/\/lebenshilfe-dillenburg.de\/leicht\/jubilaeums-reihe-doppelt-60-dirk-botzon\/","name":"Jubil\u00e4ums-Reihe \"Doppelt 60\": Dirk Botzon - Lebenshilfe Dillenburg e.V.","isPartOf":{"@id":"https:\/\/lebenshilfe-dillenburg.de\/leicht\/#website"},"primaryImageOfPage":{"@id":"https:\/\/lebenshilfe-dillenburg.de\/leicht\/jubilaeums-reihe-doppelt-60-dirk-botzon\/#primaryimage"},"image":{"@id":"https:\/\/lebenshilfe-dillenburg.de\/leicht\/jubilaeums-reihe-doppelt-60-dirk-botzon\/#primaryimage"},"thumbnailUrl":"https:\/\/lebenshilfe-dillenburg.de\/wp-content\/uploads\/dirk-botzon-lebenshilfe-dillenburg-portraet.png","datePublished":"2025-10-22T10:33:31+00:00","dateModified":"2026-02-02T10:41:39+00:00","breadcrumb":{"@id":"https:\/\/lebenshilfe-dillenburg.de\/leicht\/jubilaeums-reihe-doppelt-60-dirk-botzon\/#breadcrumb"},"inLanguage":"de","potentialAction":[{"@type":"ReadAction","target":["https:\/\/lebenshilfe-dillenburg.de\/leicht\/jubilaeums-reihe-doppelt-60-dirk-botzon\/"]}]},{"@type":"ImageObject","inLanguage":"de","@id":"https:\/\/lebenshilfe-dillenburg.de\/leicht\/jubilaeums-reihe-doppelt-60-dirk-botzon\/#primaryimage","url":"https:\/\/lebenshilfe-dillenburg.de\/wp-content\/uploads\/dirk-botzon-lebenshilfe-dillenburg-portraet.png","contentUrl":"https:\/\/lebenshilfe-dillenburg.de\/wp-content\/uploads\/dirk-botzon-lebenshilfe-dillenburg-portraet.png","width":864,"height":1080,"caption":"Dirk Botzon im Gespr\u00e4ch mit Mitarbeiter, Lebenshilfe Dillenburg e.V., gelebte Inklusion im Alltag."},{"@type":"BreadcrumbList","@id":"https:\/\/lebenshilfe-dillenburg.de\/leicht\/jubilaeums-reihe-doppelt-60-dirk-botzon\/#breadcrumb","itemListElement":[{"@type":"ListItem","position":1,"name":"Startseite der Lebenshilfe Dillenburg","item":"https:\/\/lebenshilfe-dillenburg.de\/leicht\/"},{"@type":"ListItem","position":2,"name":"Jubil\u00e4ums-Reihe &#8222;Doppelt 60&#8220;: Dirk Botzon"}]},{"@type":"WebSite","@id":"https:\/\/lebenshilfe-dillenburg.de\/leicht\/#website","url":"https:\/\/lebenshilfe-dillenburg.de\/leicht\/","name":"Lebenshilfe Dillenburg \u2013 Teilhabe & Unterst\u00fctzung im Lahn-Dill-Kreis","description":"","publisher":{"@id":"https:\/\/lebenshilfe-dillenburg.de\/leicht\/#organization"},"potentialAction":[{"@type":"SearchAction","target":{"@type":"EntryPoint","urlTemplate":"https:\/\/lebenshilfe-dillenburg.de\/leicht\/?s={search_term_string}"},"query-input":{"@type":"PropertyValueSpecification","valueRequired":true,"valueName":"search_term_string"}}],"inLanguage":"de"},{"@type":"Organization","@id":"https:\/\/lebenshilfe-dillenburg.de\/leicht\/#organization","name":"Lebenshilfe Dillenburg e.V.","url":"https:\/\/lebenshilfe-dillenburg.de\/leicht\/","logo":{"@type":"ImageObject","inLanguage":"de","@id":"https:\/\/lebenshilfe-dillenburg.de\/leicht\/#\/schema\/logo\/image\/","url":"https:\/\/lebenshilfe-dillenburg.de\/wp-content\/uploads\/lebenshilfe-dillenburg-desktop.webp","contentUrl":"https:\/\/lebenshilfe-dillenburg.de\/wp-content\/uploads\/lebenshilfe-dillenburg-desktop.webp","width":461,"height":202,"caption":"Lebenshilfe Dillenburg e.V."},"image":{"@id":"https:\/\/lebenshilfe-dillenburg.de\/leicht\/#\/schema\/logo\/image\/"},"sameAs":["https:\/\/www.facebook.com\/lebenshilfedillenburg\/","https:\/\/www.instagram.com\/lebenshilfe_dillenburg\/"]},{"@type":"Person","@id":"https:\/\/lebenshilfe-dillenburg.de\/leicht\/#\/schema\/person\/b6c52dad8d881b49213c3345a7cd5efe","name":"Conny Holtfoth","sameAs":["http:\/\/lebenshilfe-dillenburg.de"],"url":"https:\/\/lebenshilfe-dillenburg.de\/leicht\/author\/conny\/"}]}},"taxonomy_info":{"category":[{"value":53,"label":"Meldungen"}]},"featured_image_src_large":["https:\/\/lebenshilfe-dillenburg.de\/wp-content\/uploads\/dirk-botzon-lebenshilfe-dillenburg-portraet.png",864,1080,false],"author_info":{"display_name":"Conny Holtfoth","author_link":"https:\/\/lebenshilfe-dillenburg.de\/leicht\/author\/conny\/"},"comment_info":0,"category_info":[{"term_id":53,"name":"Meldungen","slug":"meldungen","term_group":0,"term_taxonomy_id":53,"taxonomy":"category","description":"","parent":0,"count":127,"filter":"raw","term_order":"5","cat_ID":53,"category_count":127,"category_description":"","cat_name":"Meldungen","category_nicename":"meldungen","category_parent":0}],"tag_info":false,"_links":{"self":[{"href":"https:\/\/lebenshilfe-dillenburg.de\/leicht\/wp-json\/wp\/v2\/posts\/7179","targetHints":{"allow":["GET"]}}],"collection":[{"href":"https:\/\/lebenshilfe-dillenburg.de\/leicht\/wp-json\/wp\/v2\/posts"}],"about":[{"href":"https:\/\/lebenshilfe-dillenburg.de\/leicht\/wp-json\/wp\/v2\/types\/post"}],"author":[{"embeddable":true,"href":"https:\/\/lebenshilfe-dillenburg.de\/leicht\/wp-json\/wp\/v2\/users\/4"}],"replies":[{"embeddable":true,"href":"https:\/\/lebenshilfe-dillenburg.de\/leicht\/wp-json\/wp\/v2\/comments?post=7179"}],"version-history":[{"count":0,"href":"https:\/\/lebenshilfe-dillenburg.de\/leicht\/wp-json\/wp\/v2\/posts\/7179\/revisions"}],"wp:featuredmedia":[{"embeddable":true,"href":"https:\/\/lebenshilfe-dillenburg.de\/leicht\/wp-json\/wp\/v2\/media\/7234"}],"wp:attachment":[{"href":"https:\/\/lebenshilfe-dillenburg.de\/leicht\/wp-json\/wp\/v2\/media?parent=7179"}],"wp:term":[{"taxonomy":"category","embeddable":true,"href":"https:\/\/lebenshilfe-dillenburg.de\/leicht\/wp-json\/wp\/v2\/categories?post=7179"},{"taxonomy":"post_tag","embeddable":true,"href":"https:\/\/lebenshilfe-dillenburg.de\/leicht\/wp-json\/wp\/v2\/tags?post=7179"}],"curies":[{"name":"wp","href":"https:\/\/api.w.org\/{rel}","templated":true}]}}