{"id":7180,"date":"2025-10-27T12:27:24","date_gmt":"2025-10-27T11:27:24","guid":{"rendered":"https:\/\/www.lebenshilfe-dillenburg.de\/?p=5120"},"modified":"2026-02-02T11:41:23","modified_gmt":"2026-02-02T10:41:23","slug":"jubilaeums-reihe-doppelt-60-uwe-brueckmann","status":"publish","type":"post","link":"https:\/\/lebenshilfe-dillenburg.de\/leicht\/jubilaeums-reihe-doppelt-60-uwe-brueckmann\/","title":{"rendered":"Jubil\u00e4ums-Reihe Doppelt 60: Uwe Br\u00fcckmann"},"content":{"rendered":"\n<p>In diesem Jahr feiern wir&nbsp;<strong data-start=\"539\" data-end=\"574\">60 Jahre Lebenshilfe Dillenburg<\/strong>&nbsp;\u2013 und stellen Menschen vor, die uns seit vielen Jahren begleiten und selbst&nbsp;<strong data-start=\"651\" data-end=\"674\">60 Jahre alt werden<\/strong>.<\/p>\n\n\n\n<p>Heute: Uwe Br\u00fcckmann, Leitung Finanzen und Controlling.<\/p>\n\n\n\n<p><strong><em>Herr Br\u00fcckmann, was hat Sie all die Jahre bei der Lebenshilfe gehalten und getragen? <\/em><\/strong><\/p>\n\n\n\n<p><strong>Uwe Br\u00fcckmann:<\/strong> Als ich vor 37 Jahren aus der freien Wirtschaft zur Lebenshilfe Dillenburg gewechselt bin, war es mir wichtig, dass ich hier f\u00fcr beziehungsweise mit Menschen arbeite und nicht irgendwelche materiellen Dinge bearbeite oder damit Handel betreibe. Ich bin mit der Lebenshilfe Dillenburg gewachsen. Die Lebenshilfe Dillenburg ist in diesen Jahren gewachsen. Man ist mit vielen Menschen in dieser Zeit vertraut geworden. Das Wohl der von uns zu betreuenden Menschen hat dabei immer den h\u00f6chsten Stellenwert eingenommen. Die Lebenshilfe Dillenburg wurde ein St\u00fcck weit Familie, mit all dem, was Familie ausmacht. Ich konnte in all den Jahren den Weg, den die Lebenshilfe Dillenburg gegangen ist und geht, mitgestalten. Das ist sehr sch\u00f6n und l\u00e4sst einen jeden Morgen gerne zur Arbeit gehen.<\/p>\n\n\n\n<p><strong><em>Welche Ver\u00e4nderungen bei Strukturen, Finanzen und gesetzlichen Anforderungen haben die Arbeit besonders gepr\u00e4gt? <\/em><\/strong><\/p>\n\n\n\n<p><strong>Uwe Br\u00fcckmann:<\/strong> In all den Jahren gab es schon einige Ver\u00e4nderungen in der Finanzierung unserer Arbeit innerhalb der Eingliederungshilfe. Vom Selbstkostenblatt, also einer detaillierten Aufschl\u00fcsselung aller Kosten, welche dann j\u00e4hrlich mit dem Kostentr\u00e4ger verhandelt werden musste, \u00fcber das HMB-Metzler-Verfahren als ein Instrument zur Ermittlung des individuellen Hilfebedarfs von Menschen mit Behinderung, das zur Finanzierung von Leistungen in der Eingliederungshilfe diente, bis hin zur heutigen Form der personenzentrierten Teilhabeplanung aufgrund der Einf\u00fchrung und Umsetzung des Bundesteilhabegesetzes mit all seinen&nbsp; Ver\u00e4nderungen in der Finanzierungsform. Aus meiner Sicht ist gerade das jetzige Abrechnungsverfahren und all das, was damit einhergeht, die gr\u00f6\u00dfte Herausforderung in der Eingliederungshilfe und somit auch in unserer Arbeit. Aber bekannter Weise w\u00e4chst man ja mit seinen Herausforderungen.<\/p>\n\n\n\n<p><strong><em>Wo sehen Sie den gr\u00f6\u00dften Fortschritt f\u00fcr die Menschen mit Behinderung in den letzten Jahrzehnten?<\/em><\/strong><\/p>\n\n\n\n<p><strong>Uwe Br\u00fcckmann:<\/strong> Der Mensch mit Behinderung wurde in den letzten Jahren sichtbarer in der Gesellschaft. Es wurden die Bed\u00fcrfnisse des Menschen mit Behinderung mehr in den Vordergrund gestellt; Themen wie Inklusion, soziale Teilhabe, Barrierefreiheit und \u00f6ffentliche Wahrnehmung und Sichtbarkeit sind gerade in den letzten Jahren gest\u00e4rkt worden. Und das ist gut so!<\/p>\n\n\n\n<p><strong><em>Und pers\u00f6nlich gefragt: Wie blicken Sie auf die jetzt eigenen 60 Jahre zur\u00fcck? <\/em><\/strong><\/p>\n\n\n\n<p>Uwe Br\u00fcckmann: Im Gro\u00dfen und Ganzen mit Dankbarkeit. Dankbar f\u00fcr die vielen Dinge, die ich in meinem Leben erlebt habe. F\u00fcr die Menschen, die ich kennenlernen durfte, die Erfahrungen, welche ich gemacht habe. Da geh\u00f6ren schwere Zeiten genauso dazu wie die sch\u00f6nen Zeiten.<\/p>\n","protected":false},"excerpt":{"rendered":"<p>In diesem Jahr feiern wir&nbsp;60 Jahre Lebenshilfe Dillenburg&nbsp;\u2013 und stellen Menschen vor, die uns seit vielen Jahren begleiten und selbst&nbsp;60 Jahre alt werden. Heute: Uwe Br\u00fcckmann, Leitung Finanzen und Controlling. Herr Br\u00fcckmann, was hat Sie all die Jahre bei der Lebenshilfe gehalten und getragen? Uwe Br\u00fcckmann: Als ich vor 37 Jahren aus der freien Wirtschaft&#8230;<\/p>\n","protected":false},"author":4,"featured_media":5121,"comment_status":"closed","ping_status":"closed","sticky":false,"template":"","format":"standard","meta":{"_acf_changed":false,"_gspb_post_css":"","_kad_blocks_custom_css":"","_kad_blocks_head_custom_js":"","_kad_blocks_body_custom_js":"","_kad_blocks_footer_custom_js":"","_kad_post_transparent":"","_kad_post_title":"","_kad_post_layout":"","_kad_post_sidebar_id":"","_kad_post_content_style":"","_kad_post_vertical_padding":"","_kad_post_feature":"","_kad_post_feature_position":"","_kad_post_header":false,"_kad_post_footer":false,"_kad_post_classname":"","footnotes":""},"categories":[53],"tags":[],"class_list":["post-7180","post","type-post","status-publish","format-standard","has-post-thumbnail","hentry","category-meldungen"],"acf":[],"yoast_head":"<!-- This site is optimized with the Yoast SEO plugin v27.5 - https:\/\/yoast.com\/product\/yoast-seo-wordpress\/ -->\n<title>Jubil\u00e4ums-Reihe Doppelt 60: Uwe Br\u00fcckmann - Lebenshilfe Dillenburg e.V.<\/title>\n<meta name=\"robots\" content=\"index, follow, max-snippet:-1, max-image-preview:large, max-video-preview:-1\" \/>\n<link rel=\"canonical\" href=\"https:\/\/lebenshilfe-dillenburg.de\/leicht\/jubilaeums-reihe-doppelt-60-uwe-brueckmann\/\" \/>\n<meta property=\"og:locale\" content=\"de_DE\" \/>\n<meta property=\"og:type\" content=\"article\" \/>\n<meta property=\"og:title\" content=\"Jubil\u00e4ums-Reihe Doppelt 60: Uwe Br\u00fcckmann - Lebenshilfe Dillenburg e.V.\" \/>\n<meta property=\"og:description\" content=\"In diesem Jahr feiern wir&nbsp;60 Jahre Lebenshilfe Dillenburg&nbsp;\u2013 und stellen Menschen vor, die uns seit vielen Jahren begleiten und selbst&nbsp;60 Jahre alt werden. Heute: Uwe Br\u00fcckmann, Leitung Finanzen und Controlling. Herr Br\u00fcckmann, was hat Sie all die Jahre bei der Lebenshilfe gehalten und getragen? Uwe Br\u00fcckmann: Als ich vor 37 Jahren aus der freien Wirtschaft...\" \/>\n<meta property=\"og:url\" content=\"https:\/\/lebenshilfe-dillenburg.de\/leicht\/jubilaeums-reihe-doppelt-60-uwe-brueckmann\/\" \/>\n<meta property=\"og:site_name\" content=\"Lebenshilfe Dillenburg e.V.\" \/>\n<meta property=\"article:publisher\" content=\"https:\/\/www.facebook.com\/lebenshilfedillenburg\/\" \/>\n<meta property=\"article:published_time\" content=\"2025-10-27T11:27:24+00:00\" \/>\n<meta property=\"article:modified_time\" content=\"2026-02-02T10:41:23+00:00\" \/>\n<meta property=\"og:image\" content=\"https:\/\/lebenshilfe-dillenburg.de\/wp-content\/uploads\/jubilaeums-reihe-doppelt-60-uwe-brueckmann-doppelt-60-teil-3.png\" \/>\n\t<meta property=\"og:image:width\" content=\"1080\" \/>\n\t<meta property=\"og:image:height\" content=\"1350\" \/>\n\t<meta property=\"og:image:type\" content=\"image\/png\" \/>\n<meta name=\"author\" content=\"Conny Holtfoth\" \/>\n<meta name=\"twitter:card\" content=\"summary_large_image\" \/>\n<meta name=\"twitter:label1\" content=\"Geschrieben von\" \/>\n\t<meta name=\"twitter:data1\" content=\"Conny Holtfoth\" \/>\n\t<meta name=\"twitter:label2\" content=\"Gesch\u00e4tzte Lesezeit\" \/>\n\t<meta name=\"twitter:data2\" content=\"3\u00a0Minuten\" \/>\n<script type=\"application\/ld+json\" class=\"yoast-schema-graph\">{\"@context\":\"https:\\\/\\\/schema.org\",\"@graph\":[{\"@type\":\"Article\",\"@id\":\"https:\\\/\\\/lebenshilfe-dillenburg.de\\\/leicht\\\/jubilaeums-reihe-doppelt-60-uwe-brueckmann\\\/#article\",\"isPartOf\":{\"@id\":\"https:\\\/\\\/lebenshilfe-dillenburg.de\\\/leicht\\\/jubilaeums-reihe-doppelt-60-uwe-brueckmann\\\/\"},\"author\":{\"name\":\"Conny Holtfoth\",\"@id\":\"https:\\\/\\\/lebenshilfe-dillenburg.de\\\/leicht\\\/#\\\/schema\\\/person\\\/b6c52dad8d881b49213c3345a7cd5efe\"},\"headline\":\"Jubil\u00e4ums-Reihe Doppelt 60: Uwe Br\u00fcckmann\",\"datePublished\":\"2025-10-27T11:27:24+00:00\",\"dateModified\":\"2026-02-02T10:41:23+00:00\",\"mainEntityOfPage\":{\"@id\":\"https:\\\/\\\/lebenshilfe-dillenburg.de\\\/leicht\\\/jubilaeums-reihe-doppelt-60-uwe-brueckmann\\\/\"},\"wordCount\":459,\"publisher\":{\"@id\":\"https:\\\/\\\/lebenshilfe-dillenburg.de\\\/leicht\\\/#organization\"},\"image\":{\"@id\":\"https:\\\/\\\/lebenshilfe-dillenburg.de\\\/leicht\\\/jubilaeums-reihe-doppelt-60-uwe-brueckmann\\\/#primaryimage\"},\"thumbnailUrl\":\"https:\\\/\\\/lebenshilfe-dillenburg.de\\\/wp-content\\\/uploads\\\/uwe-brueckmann-finanz-controlling-lebenshilfe-dillenburg.png\",\"articleSection\":[\"Meldungen\"],\"inLanguage\":\"de\"},{\"@type\":\"WebPage\",\"@id\":\"https:\\\/\\\/lebenshilfe-dillenburg.de\\\/leicht\\\/jubilaeums-reihe-doppelt-60-uwe-brueckmann\\\/\",\"url\":\"https:\\\/\\\/lebenshilfe-dillenburg.de\\\/leicht\\\/jubilaeums-reihe-doppelt-60-uwe-brueckmann\\\/\",\"name\":\"Jubil\u00e4ums-Reihe Doppelt 60: Uwe Br\u00fcckmann - Lebenshilfe Dillenburg e.V.\",\"isPartOf\":{\"@id\":\"https:\\\/\\\/lebenshilfe-dillenburg.de\\\/leicht\\\/#website\"},\"primaryImageOfPage\":{\"@id\":\"https:\\\/\\\/lebenshilfe-dillenburg.de\\\/leicht\\\/jubilaeums-reihe-doppelt-60-uwe-brueckmann\\\/#primaryimage\"},\"image\":{\"@id\":\"https:\\\/\\\/lebenshilfe-dillenburg.de\\\/leicht\\\/jubilaeums-reihe-doppelt-60-uwe-brueckmann\\\/#primaryimage\"},\"thumbnailUrl\":\"https:\\\/\\\/lebenshilfe-dillenburg.de\\\/wp-content\\\/uploads\\\/uwe-brueckmann-finanz-controlling-lebenshilfe-dillenburg.png\",\"datePublished\":\"2025-10-27T11:27:24+00:00\",\"dateModified\":\"2026-02-02T10:41:23+00:00\",\"breadcrumb\":{\"@id\":\"https:\\\/\\\/lebenshilfe-dillenburg.de\\\/leicht\\\/jubilaeums-reihe-doppelt-60-uwe-brueckmann\\\/#breadcrumb\"},\"inLanguage\":\"de\",\"potentialAction\":[{\"@type\":\"ReadAction\",\"target\":[\"https:\\\/\\\/lebenshilfe-dillenburg.de\\\/leicht\\\/jubilaeums-reihe-doppelt-60-uwe-brueckmann\\\/\"]}]},{\"@type\":\"ImageObject\",\"inLanguage\":\"de\",\"@id\":\"https:\\\/\\\/lebenshilfe-dillenburg.de\\\/leicht\\\/jubilaeums-reihe-doppelt-60-uwe-brueckmann\\\/#primaryimage\",\"url\":\"https:\\\/\\\/lebenshilfe-dillenburg.de\\\/wp-content\\\/uploads\\\/uwe-brueckmann-finanz-controlling-lebenshilfe-dillenburg.png\",\"contentUrl\":\"https:\\\/\\\/lebenshilfe-dillenburg.de\\\/wp-content\\\/uploads\\\/uwe-brueckmann-finanz-controlling-lebenshilfe-dillenburg.png\",\"width\":864,\"height\":1080,\"caption\":\"Uwe Br\u00fcckmann, Finanzen und Controlling, Lebenshilfe Dillenburg e.V., Portr\u00e4t mit Zitat zum Jubil\u00e4um.\"},{\"@type\":\"BreadcrumbList\",\"@id\":\"https:\\\/\\\/lebenshilfe-dillenburg.de\\\/leicht\\\/jubilaeums-reihe-doppelt-60-uwe-brueckmann\\\/#breadcrumb\",\"itemListElement\":[{\"@type\":\"ListItem\",\"position\":1,\"name\":\"Startseite der Lebenshilfe Dillenburg\",\"item\":\"https:\\\/\\\/lebenshilfe-dillenburg.de\\\/leicht\\\/\"},{\"@type\":\"ListItem\",\"position\":2,\"name\":\"Jubil\u00e4ums-Reihe Doppelt 60: Uwe Br\u00fcckmann\"}]},{\"@type\":\"WebSite\",\"@id\":\"https:\\\/\\\/lebenshilfe-dillenburg.de\\\/leicht\\\/#website\",\"url\":\"https:\\\/\\\/lebenshilfe-dillenburg.de\\\/leicht\\\/\",\"name\":\"Lebenshilfe Dillenburg \u2013 Teilhabe & Unterst\u00fctzung im Lahn-Dill-Kreis\",\"description\":\"\",\"publisher\":{\"@id\":\"https:\\\/\\\/lebenshilfe-dillenburg.de\\\/leicht\\\/#organization\"},\"potentialAction\":[{\"@type\":\"SearchAction\",\"target\":{\"@type\":\"EntryPoint\",\"urlTemplate\":\"https:\\\/\\\/lebenshilfe-dillenburg.de\\\/leicht\\\/?s={search_term_string}\"},\"query-input\":{\"@type\":\"PropertyValueSpecification\",\"valueRequired\":true,\"valueName\":\"search_term_string\"}}],\"inLanguage\":\"de\"},{\"@type\":\"Organization\",\"@id\":\"https:\\\/\\\/lebenshilfe-dillenburg.de\\\/leicht\\\/#organization\",\"name\":\"Lebenshilfe Dillenburg e.V.\",\"url\":\"https:\\\/\\\/lebenshilfe-dillenburg.de\\\/leicht\\\/\",\"logo\":{\"@type\":\"ImageObject\",\"inLanguage\":\"de\",\"@id\":\"https:\\\/\\\/lebenshilfe-dillenburg.de\\\/leicht\\\/#\\\/schema\\\/logo\\\/image\\\/\",\"url\":\"https:\\\/\\\/lebenshilfe-dillenburg.de\\\/wp-content\\\/uploads\\\/lebenshilfe-dillenburg-desktop.webp\",\"contentUrl\":\"https:\\\/\\\/lebenshilfe-dillenburg.de\\\/wp-content\\\/uploads\\\/lebenshilfe-dillenburg-desktop.webp\",\"width\":461,\"height\":202,\"caption\":\"Lebenshilfe Dillenburg e.V.\"},\"image\":{\"@id\":\"https:\\\/\\\/lebenshilfe-dillenburg.de\\\/leicht\\\/#\\\/schema\\\/logo\\\/image\\\/\"},\"sameAs\":[\"https:\\\/\\\/www.facebook.com\\\/lebenshilfedillenburg\\\/\",\"https:\\\/\\\/www.instagram.com\\\/lebenshilfe_dillenburg\\\/\"]},{\"@type\":\"Person\",\"@id\":\"https:\\\/\\\/lebenshilfe-dillenburg.de\\\/leicht\\\/#\\\/schema\\\/person\\\/b6c52dad8d881b49213c3345a7cd5efe\",\"name\":\"Conny Holtfoth\",\"sameAs\":[\"http:\\\/\\\/lebenshilfe-dillenburg.de\"],\"url\":\"https:\\\/\\\/lebenshilfe-dillenburg.de\\\/leicht\\\/author\\\/conny\\\/\"}]}<\/script>\n<!-- \/ Yoast SEO plugin. -->","yoast_head_json":{"title":"Jubil\u00e4ums-Reihe Doppelt 60: Uwe Br\u00fcckmann - Lebenshilfe Dillenburg e.V.","robots":{"index":"index","follow":"follow","max-snippet":"max-snippet:-1","max-image-preview":"max-image-preview:large","max-video-preview":"max-video-preview:-1"},"canonical":"https:\/\/lebenshilfe-dillenburg.de\/leicht\/jubilaeums-reihe-doppelt-60-uwe-brueckmann\/","og_locale":"de_DE","og_type":"article","og_title":"Jubil\u00e4ums-Reihe Doppelt 60: Uwe Br\u00fcckmann - Lebenshilfe Dillenburg e.V.","og_description":"In diesem Jahr feiern wir&nbsp;60 Jahre Lebenshilfe Dillenburg&nbsp;\u2013 und stellen Menschen vor, die uns seit vielen Jahren begleiten und selbst&nbsp;60 Jahre alt werden. Heute: Uwe Br\u00fcckmann, Leitung Finanzen und Controlling. Herr Br\u00fcckmann, was hat Sie all die Jahre bei der Lebenshilfe gehalten und getragen? Uwe Br\u00fcckmann: Als ich vor 37 Jahren aus der freien Wirtschaft...","og_url":"https:\/\/lebenshilfe-dillenburg.de\/leicht\/jubilaeums-reihe-doppelt-60-uwe-brueckmann\/","og_site_name":"Lebenshilfe Dillenburg e.V.","article_publisher":"https:\/\/www.facebook.com\/lebenshilfedillenburg\/","article_published_time":"2025-10-27T11:27:24+00:00","article_modified_time":"2026-02-02T10:41:23+00:00","og_image":[{"url":"https:\/\/lebenshilfe-dillenburg.de\/wp-content\/uploads\/jubilaeums-reihe-doppelt-60-uwe-brueckmann-doppelt-60-teil-3.png","width":1080,"height":1350,"type":"image\/png"}],"author":"Conny Holtfoth","twitter_card":"summary_large_image","twitter_misc":{"Geschrieben von":"Conny Holtfoth","Gesch\u00e4tzte Lesezeit":"3\u00a0Minuten"},"schema":{"@context":"https:\/\/schema.org","@graph":[{"@type":"Article","@id":"https:\/\/lebenshilfe-dillenburg.de\/leicht\/jubilaeums-reihe-doppelt-60-uwe-brueckmann\/#article","isPartOf":{"@id":"https:\/\/lebenshilfe-dillenburg.de\/leicht\/jubilaeums-reihe-doppelt-60-uwe-brueckmann\/"},"author":{"name":"Conny Holtfoth","@id":"https:\/\/lebenshilfe-dillenburg.de\/leicht\/#\/schema\/person\/b6c52dad8d881b49213c3345a7cd5efe"},"headline":"Jubil\u00e4ums-Reihe Doppelt 60: Uwe Br\u00fcckmann","datePublished":"2025-10-27T11:27:24+00:00","dateModified":"2026-02-02T10:41:23+00:00","mainEntityOfPage":{"@id":"https:\/\/lebenshilfe-dillenburg.de\/leicht\/jubilaeums-reihe-doppelt-60-uwe-brueckmann\/"},"wordCount":459,"publisher":{"@id":"https:\/\/lebenshilfe-dillenburg.de\/leicht\/#organization"},"image":{"@id":"https:\/\/lebenshilfe-dillenburg.de\/leicht\/jubilaeums-reihe-doppelt-60-uwe-brueckmann\/#primaryimage"},"thumbnailUrl":"https:\/\/lebenshilfe-dillenburg.de\/wp-content\/uploads\/uwe-brueckmann-finanz-controlling-lebenshilfe-dillenburg.png","articleSection":["Meldungen"],"inLanguage":"de"},{"@type":"WebPage","@id":"https:\/\/lebenshilfe-dillenburg.de\/leicht\/jubilaeums-reihe-doppelt-60-uwe-brueckmann\/","url":"https:\/\/lebenshilfe-dillenburg.de\/leicht\/jubilaeums-reihe-doppelt-60-uwe-brueckmann\/","name":"Jubil\u00e4ums-Reihe Doppelt 60: Uwe Br\u00fcckmann - Lebenshilfe Dillenburg e.V.","isPartOf":{"@id":"https:\/\/lebenshilfe-dillenburg.de\/leicht\/#website"},"primaryImageOfPage":{"@id":"https:\/\/lebenshilfe-dillenburg.de\/leicht\/jubilaeums-reihe-doppelt-60-uwe-brueckmann\/#primaryimage"},"image":{"@id":"https:\/\/lebenshilfe-dillenburg.de\/leicht\/jubilaeums-reihe-doppelt-60-uwe-brueckmann\/#primaryimage"},"thumbnailUrl":"https:\/\/lebenshilfe-dillenburg.de\/wp-content\/uploads\/uwe-brueckmann-finanz-controlling-lebenshilfe-dillenburg.png","datePublished":"2025-10-27T11:27:24+00:00","dateModified":"2026-02-02T10:41:23+00:00","breadcrumb":{"@id":"https:\/\/lebenshilfe-dillenburg.de\/leicht\/jubilaeums-reihe-doppelt-60-uwe-brueckmann\/#breadcrumb"},"inLanguage":"de","potentialAction":[{"@type":"ReadAction","target":["https:\/\/lebenshilfe-dillenburg.de\/leicht\/jubilaeums-reihe-doppelt-60-uwe-brueckmann\/"]}]},{"@type":"ImageObject","inLanguage":"de","@id":"https:\/\/lebenshilfe-dillenburg.de\/leicht\/jubilaeums-reihe-doppelt-60-uwe-brueckmann\/#primaryimage","url":"https:\/\/lebenshilfe-dillenburg.de\/wp-content\/uploads\/uwe-brueckmann-finanz-controlling-lebenshilfe-dillenburg.png","contentUrl":"https:\/\/lebenshilfe-dillenburg.de\/wp-content\/uploads\/uwe-brueckmann-finanz-controlling-lebenshilfe-dillenburg.png","width":864,"height":1080,"caption":"Uwe Br\u00fcckmann, Finanzen und Controlling, Lebenshilfe Dillenburg e.V., Portr\u00e4t mit Zitat zum Jubil\u00e4um."},{"@type":"BreadcrumbList","@id":"https:\/\/lebenshilfe-dillenburg.de\/leicht\/jubilaeums-reihe-doppelt-60-uwe-brueckmann\/#breadcrumb","itemListElement":[{"@type":"ListItem","position":1,"name":"Startseite der Lebenshilfe Dillenburg","item":"https:\/\/lebenshilfe-dillenburg.de\/leicht\/"},{"@type":"ListItem","position":2,"name":"Jubil\u00e4ums-Reihe Doppelt 60: Uwe Br\u00fcckmann"}]},{"@type":"WebSite","@id":"https:\/\/lebenshilfe-dillenburg.de\/leicht\/#website","url":"https:\/\/lebenshilfe-dillenburg.de\/leicht\/","name":"Lebenshilfe Dillenburg \u2013 Teilhabe & Unterst\u00fctzung im Lahn-Dill-Kreis","description":"","publisher":{"@id":"https:\/\/lebenshilfe-dillenburg.de\/leicht\/#organization"},"potentialAction":[{"@type":"SearchAction","target":{"@type":"EntryPoint","urlTemplate":"https:\/\/lebenshilfe-dillenburg.de\/leicht\/?s={search_term_string}"},"query-input":{"@type":"PropertyValueSpecification","valueRequired":true,"valueName":"search_term_string"}}],"inLanguage":"de"},{"@type":"Organization","@id":"https:\/\/lebenshilfe-dillenburg.de\/leicht\/#organization","name":"Lebenshilfe Dillenburg e.V.","url":"https:\/\/lebenshilfe-dillenburg.de\/leicht\/","logo":{"@type":"ImageObject","inLanguage":"de","@id":"https:\/\/lebenshilfe-dillenburg.de\/leicht\/#\/schema\/logo\/image\/","url":"https:\/\/lebenshilfe-dillenburg.de\/wp-content\/uploads\/lebenshilfe-dillenburg-desktop.webp","contentUrl":"https:\/\/lebenshilfe-dillenburg.de\/wp-content\/uploads\/lebenshilfe-dillenburg-desktop.webp","width":461,"height":202,"caption":"Lebenshilfe Dillenburg e.V."},"image":{"@id":"https:\/\/lebenshilfe-dillenburg.de\/leicht\/#\/schema\/logo\/image\/"},"sameAs":["https:\/\/www.facebook.com\/lebenshilfedillenburg\/","https:\/\/www.instagram.com\/lebenshilfe_dillenburg\/"]},{"@type":"Person","@id":"https:\/\/lebenshilfe-dillenburg.de\/leicht\/#\/schema\/person\/b6c52dad8d881b49213c3345a7cd5efe","name":"Conny Holtfoth","sameAs":["http:\/\/lebenshilfe-dillenburg.de"],"url":"https:\/\/lebenshilfe-dillenburg.de\/leicht\/author\/conny\/"}]}},"taxonomy_info":{"category":[{"value":53,"label":"Meldungen"}]},"featured_image_src_large":["https:\/\/lebenshilfe-dillenburg.de\/wp-content\/uploads\/uwe-brueckmann-finanz-controlling-lebenshilfe-dillenburg.png",864,1080,false],"author_info":{"display_name":"Conny Holtfoth","author_link":"https:\/\/lebenshilfe-dillenburg.de\/leicht\/author\/conny\/"},"comment_info":0,"category_info":[{"term_id":53,"name":"Meldungen","slug":"meldungen","term_group":0,"term_taxonomy_id":53,"taxonomy":"category","description":"","parent":0,"count":127,"filter":"raw","term_order":"5","cat_ID":53,"category_count":127,"category_description":"","cat_name":"Meldungen","category_nicename":"meldungen","category_parent":0}],"tag_info":false,"_links":{"self":[{"href":"https:\/\/lebenshilfe-dillenburg.de\/leicht\/wp-json\/wp\/v2\/posts\/7180","targetHints":{"allow":["GET"]}}],"collection":[{"href":"https:\/\/lebenshilfe-dillenburg.de\/leicht\/wp-json\/wp\/v2\/posts"}],"about":[{"href":"https:\/\/lebenshilfe-dillenburg.de\/leicht\/wp-json\/wp\/v2\/types\/post"}],"author":[{"embeddable":true,"href":"https:\/\/lebenshilfe-dillenburg.de\/leicht\/wp-json\/wp\/v2\/users\/4"}],"replies":[{"embeddable":true,"href":"https:\/\/lebenshilfe-dillenburg.de\/leicht\/wp-json\/wp\/v2\/comments?post=7180"}],"version-history":[{"count":0,"href":"https:\/\/lebenshilfe-dillenburg.de\/leicht\/wp-json\/wp\/v2\/posts\/7180\/revisions"}],"wp:featuredmedia":[{"embeddable":true,"href":"https:\/\/lebenshilfe-dillenburg.de\/leicht\/wp-json\/wp\/v2\/media\/5121"}],"wp:attachment":[{"href":"https:\/\/lebenshilfe-dillenburg.de\/leicht\/wp-json\/wp\/v2\/media?parent=7180"}],"wp:term":[{"taxonomy":"category","embeddable":true,"href":"https:\/\/lebenshilfe-dillenburg.de\/leicht\/wp-json\/wp\/v2\/categories?post=7180"},{"taxonomy":"post_tag","embeddable":true,"href":"https:\/\/lebenshilfe-dillenburg.de\/leicht\/wp-json\/wp\/v2\/tags?post=7180"}],"curies":[{"name":"wp","href":"https:\/\/api.w.org\/{rel}","templated":true}]}}