{"id":7183,"date":"2025-11-07T11:43:34","date_gmt":"2025-11-07T10:43:34","guid":{"rendered":"https:\/\/www.lebenshilfe-dillenburg.de\/?p=5131"},"modified":"2026-02-02T11:40:42","modified_gmt":"2026-02-02T10:40:42","slug":"doppelt-60-christoph-heinigk","status":"publish","type":"post","link":"https:\/\/lebenshilfe-dillenburg.de\/leicht\/doppelt-60-christoph-heinigk\/","title":{"rendered":"Doppelt 60: Christoph Heinigk"},"content":{"rendered":"\n<p>In diesem Jahr feiern wir&nbsp;<strong data-start=\"539\" data-end=\"574\">60 Jahre Lebenshilfe Dillenburg<\/strong>&nbsp;\u2013 und stellen Menschen vor, die uns seit vielen Jahren begleiten und selbst&nbsp;<strong data-start=\"651\" data-end=\"674\">60 Jahre alt werden oder geworden sind<\/strong>.<\/p>\n\n\n\n<p>Heute: Aufsichtsratsvorsitzender Christoph Heinigk. <\/p>\n\n\n\n<p><em><strong>Was verbindet Sie pers\u00f6nlich mit der Lebenshilfe Dillenburg und warum haben Sie sich f\u00fcr ein Engagement im Aufsichtsrat entschieden?<\/strong><\/em><\/p>\n\n\n\n<p><strong>Christoph Heinigk:<\/strong>&nbsp;Die Lebenshilfe Dillenburg ist einer der Orte, an die ich mich mit Gewissheit von Gott hingestellt wei\u00df und meine Gaben wie auch die Liebe zu Menschen, f\u00fcr deren Interessen notwendig andere die Stimme erheben m\u00fcssen, entfalten kann.<\/p>\n\n\n\n<p><em>Sie bringen den Blick von au\u00dfen mit: Welche Bedeutung hat die Lebenshilfe aus Ihrer Sicht f\u00fcr die Gesellschaft in unserer Region?<\/em><\/p>\n\n\n\n<p><strong>Christoph Heinigk:<\/strong> Die Lebenshilfe Dillenburg ist f\u00fcr diese wie f\u00fcr jede andere Region ein lebendiges Beispiel f\u00fcr die Kraft von N\u00e4chstenliebe und Solidarit\u00e4t, ohne die jede Gesellschaft verroht und in den Abgrund st\u00fcrzt.<\/p>\n\n\n\n<p><em><strong>Wo sehen Sie die Lebenshilfe Dillenburg in Zukunft?<\/strong><\/em><\/p>\n\n\n\n<p><strong>Christoph Heinigk:<\/strong> Ich sehe die Lebenshilfe in Zukunft als selbstverst\u00e4ndlichen und gleichberechtigten Organismus, wo sich in ebenso gro\u00dfer Vielfalt wie in anderen Bereichen der Gesellschaft die Individualit\u00e4t von Menschen, mit und ohne Behinderung, mit all ihren Bed\u00fcrfnissen, W\u00fcnschen und Leidenschaften zeigen und entwickeln darf.<\/p>\n\n\n\n<p><em><strong>Und zum Schluss: Was bedeutet es Ihnen, gemeinsam mit der Lebenshilfe im Jubil\u00e4umsjahr Ihren 60. Geburtstag zu feiern?<\/strong><\/em><\/p>\n\n\n\n<p><strong>Christoph Heinigk:\u00a0<\/strong>Eine feine Parallele, die ein wenig zur Gewissheit in Frage 1 beigetragen hat, nicht mehr, aber auch nicht weniger.\u00a0<\/p>\n","protected":false},"excerpt":{"rendered":"<p>In diesem Jahr feiern wir&nbsp;60 Jahre Lebenshilfe Dillenburg&nbsp;\u2013 und stellen Menschen vor, die uns seit vielen Jahren begleiten und selbst&nbsp;60 Jahre alt werden oder geworden sind. Heute: Aufsichtsratsvorsitzender Christoph Heinigk. Was verbindet Sie pers\u00f6nlich mit der Lebenshilfe Dillenburg und warum haben Sie sich f\u00fcr ein Engagement im Aufsichtsrat entschieden? Christoph Heinigk:&nbsp;Die Lebenshilfe Dillenburg ist einer&#8230;<\/p>\n","protected":false},"author":4,"featured_media":7235,"comment_status":"closed","ping_status":"closed","sticky":false,"template":"","format":"standard","meta":{"_acf_changed":false,"_gspb_post_css":"","_kad_blocks_custom_css":"","_kad_blocks_head_custom_js":"","_kad_blocks_body_custom_js":"","_kad_blocks_footer_custom_js":"","_kad_post_transparent":"","_kad_post_title":"","_kad_post_layout":"","_kad_post_sidebar_id":"","_kad_post_content_style":"","_kad_post_vertical_padding":"","_kad_post_feature":"","_kad_post_feature_position":"","_kad_post_header":false,"_kad_post_footer":false,"_kad_post_classname":"","footnotes":""},"categories":[53],"tags":[],"class_list":["post-7183","post","type-post","status-publish","format-standard","has-post-thumbnail","hentry","category-meldungen"],"acf":[],"yoast_head":"<!-- This site is optimized with the Yoast SEO plugin v27.5 - https:\/\/yoast.com\/product\/yoast-seo-wordpress\/ -->\n<title>Doppelt 60: Christoph Heinigk - Lebenshilfe Dillenburg e.V.<\/title>\n<meta name=\"robots\" content=\"index, follow, max-snippet:-1, max-image-preview:large, max-video-preview:-1\" \/>\n<link rel=\"canonical\" href=\"https:\/\/lebenshilfe-dillenburg.de\/leicht\/doppelt-60-christoph-heinigk\/\" \/>\n<meta property=\"og:locale\" content=\"de_DE\" \/>\n<meta property=\"og:type\" content=\"article\" \/>\n<meta property=\"og:title\" content=\"Doppelt 60: Christoph Heinigk - Lebenshilfe Dillenburg e.V.\" \/>\n<meta property=\"og:description\" content=\"In diesem Jahr feiern wir&nbsp;60 Jahre Lebenshilfe Dillenburg&nbsp;\u2013 und stellen Menschen vor, die uns seit vielen Jahren begleiten und selbst&nbsp;60 Jahre alt werden oder geworden sind. Heute: Aufsichtsratsvorsitzender Christoph Heinigk. Was verbindet Sie pers\u00f6nlich mit der Lebenshilfe Dillenburg und warum haben Sie sich f\u00fcr ein Engagement im Aufsichtsrat entschieden? Christoph Heinigk:&nbsp;Die Lebenshilfe Dillenburg ist einer...\" \/>\n<meta property=\"og:url\" content=\"https:\/\/lebenshilfe-dillenburg.de\/leicht\/doppelt-60-christoph-heinigk\/\" \/>\n<meta property=\"og:site_name\" content=\"Lebenshilfe Dillenburg e.V.\" \/>\n<meta property=\"article:publisher\" content=\"https:\/\/www.facebook.com\/lebenshilfedillenburg\/\" \/>\n<meta property=\"article:published_time\" content=\"2025-11-07T10:43:34+00:00\" \/>\n<meta property=\"article:modified_time\" content=\"2026-02-02T10:40:42+00:00\" \/>\n<meta property=\"og:image\" content=\"https:\/\/lebenshilfe-dillenburg.de\/wp-content\/uploads\/doppelt-60-christoph-heinigk-doppelt-60-teil-2-1.png\" \/>\n\t<meta property=\"og:image:width\" content=\"1080\" \/>\n\t<meta property=\"og:image:height\" content=\"1350\" \/>\n\t<meta property=\"og:image:type\" content=\"image\/png\" \/>\n<meta name=\"author\" content=\"Conny Holtfoth\" \/>\n<meta name=\"twitter:card\" content=\"summary_large_image\" \/>\n<meta name=\"twitter:label1\" content=\"Geschrieben von\" \/>\n\t<meta name=\"twitter:data1\" content=\"Conny Holtfoth\" \/>\n\t<meta name=\"twitter:label2\" content=\"Gesch\u00e4tzte Lesezeit\" \/>\n\t<meta name=\"twitter:data2\" content=\"2\u00a0Minuten\" \/>\n<script type=\"application\/ld+json\" class=\"yoast-schema-graph\">{\"@context\":\"https:\\\/\\\/schema.org\",\"@graph\":[{\"@type\":\"Article\",\"@id\":\"https:\\\/\\\/lebenshilfe-dillenburg.de\\\/leicht\\\/doppelt-60-christoph-heinigk\\\/#article\",\"isPartOf\":{\"@id\":\"https:\\\/\\\/lebenshilfe-dillenburg.de\\\/leicht\\\/doppelt-60-christoph-heinigk\\\/\"},\"author\":{\"name\":\"Conny Holtfoth\",\"@id\":\"https:\\\/\\\/lebenshilfe-dillenburg.de\\\/leicht\\\/#\\\/schema\\\/person\\\/b6c52dad8d881b49213c3345a7cd5efe\"},\"headline\":\"Doppelt 60: Christoph Heinigk\",\"datePublished\":\"2025-11-07T10:43:34+00:00\",\"dateModified\":\"2026-02-02T10:40:42+00:00\",\"mainEntityOfPage\":{\"@id\":\"https:\\\/\\\/lebenshilfe-dillenburg.de\\\/leicht\\\/doppelt-60-christoph-heinigk\\\/\"},\"wordCount\":256,\"publisher\":{\"@id\":\"https:\\\/\\\/lebenshilfe-dillenburg.de\\\/leicht\\\/#organization\"},\"image\":{\"@id\":\"https:\\\/\\\/lebenshilfe-dillenburg.de\\\/leicht\\\/doppelt-60-christoph-heinigk\\\/#primaryimage\"},\"thumbnailUrl\":\"https:\\\/\\\/lebenshilfe-dillenburg.de\\\/wp-content\\\/uploads\\\/christoph-heinigk-aufsichtsratsvorsitzender-lebenshilfe.png\",\"articleSection\":[\"Meldungen\"],\"inLanguage\":\"de\"},{\"@type\":\"WebPage\",\"@id\":\"https:\\\/\\\/lebenshilfe-dillenburg.de\\\/leicht\\\/doppelt-60-christoph-heinigk\\\/\",\"url\":\"https:\\\/\\\/lebenshilfe-dillenburg.de\\\/leicht\\\/doppelt-60-christoph-heinigk\\\/\",\"name\":\"Doppelt 60: Christoph Heinigk - Lebenshilfe Dillenburg e.V.\",\"isPartOf\":{\"@id\":\"https:\\\/\\\/lebenshilfe-dillenburg.de\\\/leicht\\\/#website\"},\"primaryImageOfPage\":{\"@id\":\"https:\\\/\\\/lebenshilfe-dillenburg.de\\\/leicht\\\/doppelt-60-christoph-heinigk\\\/#primaryimage\"},\"image\":{\"@id\":\"https:\\\/\\\/lebenshilfe-dillenburg.de\\\/leicht\\\/doppelt-60-christoph-heinigk\\\/#primaryimage\"},\"thumbnailUrl\":\"https:\\\/\\\/lebenshilfe-dillenburg.de\\\/wp-content\\\/uploads\\\/christoph-heinigk-aufsichtsratsvorsitzender-lebenshilfe.png\",\"datePublished\":\"2025-11-07T10:43:34+00:00\",\"dateModified\":\"2026-02-02T10:40:42+00:00\",\"breadcrumb\":{\"@id\":\"https:\\\/\\\/lebenshilfe-dillenburg.de\\\/leicht\\\/doppelt-60-christoph-heinigk\\\/#breadcrumb\"},\"inLanguage\":\"de\",\"potentialAction\":[{\"@type\":\"ReadAction\",\"target\":[\"https:\\\/\\\/lebenshilfe-dillenburg.de\\\/leicht\\\/doppelt-60-christoph-heinigk\\\/\"]}]},{\"@type\":\"ImageObject\",\"inLanguage\":\"de\",\"@id\":\"https:\\\/\\\/lebenshilfe-dillenburg.de\\\/leicht\\\/doppelt-60-christoph-heinigk\\\/#primaryimage\",\"url\":\"https:\\\/\\\/lebenshilfe-dillenburg.de\\\/wp-content\\\/uploads\\\/christoph-heinigk-aufsichtsratsvorsitzender-lebenshilfe.png\",\"contentUrl\":\"https:\\\/\\\/lebenshilfe-dillenburg.de\\\/wp-content\\\/uploads\\\/christoph-heinigk-aufsichtsratsvorsitzender-lebenshilfe.png\",\"width\":864,\"height\":1080,\"caption\":\"Christoph Heinick, Aufsichtsratsvorsitzender Lebenshilfe Dillenburg, mit Zitat zu N\u00e4chstenliebe und Solidarit\u00e4t.\"},{\"@type\":\"BreadcrumbList\",\"@id\":\"https:\\\/\\\/lebenshilfe-dillenburg.de\\\/leicht\\\/doppelt-60-christoph-heinigk\\\/#breadcrumb\",\"itemListElement\":[{\"@type\":\"ListItem\",\"position\":1,\"name\":\"Startseite der Lebenshilfe Dillenburg\",\"item\":\"https:\\\/\\\/lebenshilfe-dillenburg.de\\\/leicht\\\/\"},{\"@type\":\"ListItem\",\"position\":2,\"name\":\"Doppelt 60: Christoph Heinigk\"}]},{\"@type\":\"WebSite\",\"@id\":\"https:\\\/\\\/lebenshilfe-dillenburg.de\\\/leicht\\\/#website\",\"url\":\"https:\\\/\\\/lebenshilfe-dillenburg.de\\\/leicht\\\/\",\"name\":\"Lebenshilfe Dillenburg \u2013 Teilhabe & Unterst\u00fctzung im Lahn-Dill-Kreis\",\"description\":\"\",\"publisher\":{\"@id\":\"https:\\\/\\\/lebenshilfe-dillenburg.de\\\/leicht\\\/#organization\"},\"potentialAction\":[{\"@type\":\"SearchAction\",\"target\":{\"@type\":\"EntryPoint\",\"urlTemplate\":\"https:\\\/\\\/lebenshilfe-dillenburg.de\\\/leicht\\\/?s={search_term_string}\"},\"query-input\":{\"@type\":\"PropertyValueSpecification\",\"valueRequired\":true,\"valueName\":\"search_term_string\"}}],\"inLanguage\":\"de\"},{\"@type\":\"Organization\",\"@id\":\"https:\\\/\\\/lebenshilfe-dillenburg.de\\\/leicht\\\/#organization\",\"name\":\"Lebenshilfe Dillenburg e.V.\",\"url\":\"https:\\\/\\\/lebenshilfe-dillenburg.de\\\/leicht\\\/\",\"logo\":{\"@type\":\"ImageObject\",\"inLanguage\":\"de\",\"@id\":\"https:\\\/\\\/lebenshilfe-dillenburg.de\\\/leicht\\\/#\\\/schema\\\/logo\\\/image\\\/\",\"url\":\"https:\\\/\\\/lebenshilfe-dillenburg.de\\\/wp-content\\\/uploads\\\/lebenshilfe-dillenburg-desktop.webp\",\"contentUrl\":\"https:\\\/\\\/lebenshilfe-dillenburg.de\\\/wp-content\\\/uploads\\\/lebenshilfe-dillenburg-desktop.webp\",\"width\":461,\"height\":202,\"caption\":\"Lebenshilfe Dillenburg e.V.\"},\"image\":{\"@id\":\"https:\\\/\\\/lebenshilfe-dillenburg.de\\\/leicht\\\/#\\\/schema\\\/logo\\\/image\\\/\"},\"sameAs\":[\"https:\\\/\\\/www.facebook.com\\\/lebenshilfedillenburg\\\/\",\"https:\\\/\\\/www.instagram.com\\\/lebenshilfe_dillenburg\\\/\"]},{\"@type\":\"Person\",\"@id\":\"https:\\\/\\\/lebenshilfe-dillenburg.de\\\/leicht\\\/#\\\/schema\\\/person\\\/b6c52dad8d881b49213c3345a7cd5efe\",\"name\":\"Conny Holtfoth\",\"sameAs\":[\"http:\\\/\\\/lebenshilfe-dillenburg.de\"],\"url\":\"https:\\\/\\\/lebenshilfe-dillenburg.de\\\/leicht\\\/author\\\/conny\\\/\"}]}<\/script>\n<!-- \/ Yoast SEO plugin. -->","yoast_head_json":{"title":"Doppelt 60: Christoph Heinigk - Lebenshilfe Dillenburg e.V.","robots":{"index":"index","follow":"follow","max-snippet":"max-snippet:-1","max-image-preview":"max-image-preview:large","max-video-preview":"max-video-preview:-1"},"canonical":"https:\/\/lebenshilfe-dillenburg.de\/leicht\/doppelt-60-christoph-heinigk\/","og_locale":"de_DE","og_type":"article","og_title":"Doppelt 60: Christoph Heinigk - Lebenshilfe Dillenburg e.V.","og_description":"In diesem Jahr feiern wir&nbsp;60 Jahre Lebenshilfe Dillenburg&nbsp;\u2013 und stellen Menschen vor, die uns seit vielen Jahren begleiten und selbst&nbsp;60 Jahre alt werden oder geworden sind. Heute: Aufsichtsratsvorsitzender Christoph Heinigk. Was verbindet Sie pers\u00f6nlich mit der Lebenshilfe Dillenburg und warum haben Sie sich f\u00fcr ein Engagement im Aufsichtsrat entschieden? Christoph Heinigk:&nbsp;Die Lebenshilfe Dillenburg ist einer...","og_url":"https:\/\/lebenshilfe-dillenburg.de\/leicht\/doppelt-60-christoph-heinigk\/","og_site_name":"Lebenshilfe Dillenburg e.V.","article_publisher":"https:\/\/www.facebook.com\/lebenshilfedillenburg\/","article_published_time":"2025-11-07T10:43:34+00:00","article_modified_time":"2026-02-02T10:40:42+00:00","og_image":[{"width":1080,"height":1350,"url":"https:\/\/lebenshilfe-dillenburg.de\/wp-content\/uploads\/doppelt-60-christoph-heinigk-doppelt-60-teil-2-1.png","type":"image\/png"}],"author":"Conny Holtfoth","twitter_card":"summary_large_image","twitter_misc":{"Geschrieben von":"Conny Holtfoth","Gesch\u00e4tzte Lesezeit":"2\u00a0Minuten"},"schema":{"@context":"https:\/\/schema.org","@graph":[{"@type":"Article","@id":"https:\/\/lebenshilfe-dillenburg.de\/leicht\/doppelt-60-christoph-heinigk\/#article","isPartOf":{"@id":"https:\/\/lebenshilfe-dillenburg.de\/leicht\/doppelt-60-christoph-heinigk\/"},"author":{"name":"Conny Holtfoth","@id":"https:\/\/lebenshilfe-dillenburg.de\/leicht\/#\/schema\/person\/b6c52dad8d881b49213c3345a7cd5efe"},"headline":"Doppelt 60: Christoph Heinigk","datePublished":"2025-11-07T10:43:34+00:00","dateModified":"2026-02-02T10:40:42+00:00","mainEntityOfPage":{"@id":"https:\/\/lebenshilfe-dillenburg.de\/leicht\/doppelt-60-christoph-heinigk\/"},"wordCount":256,"publisher":{"@id":"https:\/\/lebenshilfe-dillenburg.de\/leicht\/#organization"},"image":{"@id":"https:\/\/lebenshilfe-dillenburg.de\/leicht\/doppelt-60-christoph-heinigk\/#primaryimage"},"thumbnailUrl":"https:\/\/lebenshilfe-dillenburg.de\/wp-content\/uploads\/christoph-heinigk-aufsichtsratsvorsitzender-lebenshilfe.png","articleSection":["Meldungen"],"inLanguage":"de"},{"@type":"WebPage","@id":"https:\/\/lebenshilfe-dillenburg.de\/leicht\/doppelt-60-christoph-heinigk\/","url":"https:\/\/lebenshilfe-dillenburg.de\/leicht\/doppelt-60-christoph-heinigk\/","name":"Doppelt 60: Christoph Heinigk - Lebenshilfe Dillenburg e.V.","isPartOf":{"@id":"https:\/\/lebenshilfe-dillenburg.de\/leicht\/#website"},"primaryImageOfPage":{"@id":"https:\/\/lebenshilfe-dillenburg.de\/leicht\/doppelt-60-christoph-heinigk\/#primaryimage"},"image":{"@id":"https:\/\/lebenshilfe-dillenburg.de\/leicht\/doppelt-60-christoph-heinigk\/#primaryimage"},"thumbnailUrl":"https:\/\/lebenshilfe-dillenburg.de\/wp-content\/uploads\/christoph-heinigk-aufsichtsratsvorsitzender-lebenshilfe.png","datePublished":"2025-11-07T10:43:34+00:00","dateModified":"2026-02-02T10:40:42+00:00","breadcrumb":{"@id":"https:\/\/lebenshilfe-dillenburg.de\/leicht\/doppelt-60-christoph-heinigk\/#breadcrumb"},"inLanguage":"de","potentialAction":[{"@type":"ReadAction","target":["https:\/\/lebenshilfe-dillenburg.de\/leicht\/doppelt-60-christoph-heinigk\/"]}]},{"@type":"ImageObject","inLanguage":"de","@id":"https:\/\/lebenshilfe-dillenburg.de\/leicht\/doppelt-60-christoph-heinigk\/#primaryimage","url":"https:\/\/lebenshilfe-dillenburg.de\/wp-content\/uploads\/christoph-heinigk-aufsichtsratsvorsitzender-lebenshilfe.png","contentUrl":"https:\/\/lebenshilfe-dillenburg.de\/wp-content\/uploads\/christoph-heinigk-aufsichtsratsvorsitzender-lebenshilfe.png","width":864,"height":1080,"caption":"Christoph Heinick, Aufsichtsratsvorsitzender Lebenshilfe Dillenburg, mit Zitat zu N\u00e4chstenliebe und Solidarit\u00e4t."},{"@type":"BreadcrumbList","@id":"https:\/\/lebenshilfe-dillenburg.de\/leicht\/doppelt-60-christoph-heinigk\/#breadcrumb","itemListElement":[{"@type":"ListItem","position":1,"name":"Startseite der Lebenshilfe Dillenburg","item":"https:\/\/lebenshilfe-dillenburg.de\/leicht\/"},{"@type":"ListItem","position":2,"name":"Doppelt 60: Christoph Heinigk"}]},{"@type":"WebSite","@id":"https:\/\/lebenshilfe-dillenburg.de\/leicht\/#website","url":"https:\/\/lebenshilfe-dillenburg.de\/leicht\/","name":"Lebenshilfe Dillenburg \u2013 Teilhabe & Unterst\u00fctzung im Lahn-Dill-Kreis","description":"","publisher":{"@id":"https:\/\/lebenshilfe-dillenburg.de\/leicht\/#organization"},"potentialAction":[{"@type":"SearchAction","target":{"@type":"EntryPoint","urlTemplate":"https:\/\/lebenshilfe-dillenburg.de\/leicht\/?s={search_term_string}"},"query-input":{"@type":"PropertyValueSpecification","valueRequired":true,"valueName":"search_term_string"}}],"inLanguage":"de"},{"@type":"Organization","@id":"https:\/\/lebenshilfe-dillenburg.de\/leicht\/#organization","name":"Lebenshilfe Dillenburg e.V.","url":"https:\/\/lebenshilfe-dillenburg.de\/leicht\/","logo":{"@type":"ImageObject","inLanguage":"de","@id":"https:\/\/lebenshilfe-dillenburg.de\/leicht\/#\/schema\/logo\/image\/","url":"https:\/\/lebenshilfe-dillenburg.de\/wp-content\/uploads\/lebenshilfe-dillenburg-desktop.webp","contentUrl":"https:\/\/lebenshilfe-dillenburg.de\/wp-content\/uploads\/lebenshilfe-dillenburg-desktop.webp","width":461,"height":202,"caption":"Lebenshilfe Dillenburg e.V."},"image":{"@id":"https:\/\/lebenshilfe-dillenburg.de\/leicht\/#\/schema\/logo\/image\/"},"sameAs":["https:\/\/www.facebook.com\/lebenshilfedillenburg\/","https:\/\/www.instagram.com\/lebenshilfe_dillenburg\/"]},{"@type":"Person","@id":"https:\/\/lebenshilfe-dillenburg.de\/leicht\/#\/schema\/person\/b6c52dad8d881b49213c3345a7cd5efe","name":"Conny Holtfoth","sameAs":["http:\/\/lebenshilfe-dillenburg.de"],"url":"https:\/\/lebenshilfe-dillenburg.de\/leicht\/author\/conny\/"}]}},"taxonomy_info":{"category":[{"value":53,"label":"Meldungen"}]},"featured_image_src_large":["https:\/\/lebenshilfe-dillenburg.de\/wp-content\/uploads\/christoph-heinigk-aufsichtsratsvorsitzender-lebenshilfe.png",864,1080,false],"author_info":{"display_name":"Conny Holtfoth","author_link":"https:\/\/lebenshilfe-dillenburg.de\/leicht\/author\/conny\/"},"comment_info":0,"category_info":[{"term_id":53,"name":"Meldungen","slug":"meldungen","term_group":0,"term_taxonomy_id":53,"taxonomy":"category","description":"","parent":0,"count":127,"filter":"raw","term_order":"5","cat_ID":53,"category_count":127,"category_description":"","cat_name":"Meldungen","category_nicename":"meldungen","category_parent":0}],"tag_info":false,"_links":{"self":[{"href":"https:\/\/lebenshilfe-dillenburg.de\/leicht\/wp-json\/wp\/v2\/posts\/7183","targetHints":{"allow":["GET"]}}],"collection":[{"href":"https:\/\/lebenshilfe-dillenburg.de\/leicht\/wp-json\/wp\/v2\/posts"}],"about":[{"href":"https:\/\/lebenshilfe-dillenburg.de\/leicht\/wp-json\/wp\/v2\/types\/post"}],"author":[{"embeddable":true,"href":"https:\/\/lebenshilfe-dillenburg.de\/leicht\/wp-json\/wp\/v2\/users\/4"}],"replies":[{"embeddable":true,"href":"https:\/\/lebenshilfe-dillenburg.de\/leicht\/wp-json\/wp\/v2\/comments?post=7183"}],"version-history":[{"count":0,"href":"https:\/\/lebenshilfe-dillenburg.de\/leicht\/wp-json\/wp\/v2\/posts\/7183\/revisions"}],"wp:featuredmedia":[{"embeddable":true,"href":"https:\/\/lebenshilfe-dillenburg.de\/leicht\/wp-json\/wp\/v2\/media\/7235"}],"wp:attachment":[{"href":"https:\/\/lebenshilfe-dillenburg.de\/leicht\/wp-json\/wp\/v2\/media?parent=7183"}],"wp:term":[{"taxonomy":"category","embeddable":true,"href":"https:\/\/lebenshilfe-dillenburg.de\/leicht\/wp-json\/wp\/v2\/categories?post=7183"},{"taxonomy":"post_tag","embeddable":true,"href":"https:\/\/lebenshilfe-dillenburg.de\/leicht\/wp-json\/wp\/v2\/tags?post=7183"}],"curies":[{"name":"wp","href":"https:\/\/api.w.org\/{rel}","templated":true}]}}