{"id":7184,"date":"2025-11-07T11:52:37","date_gmt":"2025-11-07T10:52:37","guid":{"rendered":"https:\/\/www.lebenshilfe-dillenburg.de\/?p=5134"},"modified":"2026-02-10T13:35:15","modified_gmt":"2026-02-10T12:35:15","slug":"premiumgans-fuer-den-guten-zweck","status":"publish","type":"post","link":"https:\/\/lebenshilfe-dillenburg.de\/leicht\/premiumgans-fuer-den-guten-zweck\/","title":{"rendered":"Premiumgans f\u00fcr den guten Zweck"},"content":{"rendered":"\n<p>Gemeinsam mit Familie oder Freunden eine festliche Martinsgans genie\u00dfen \u2013 und dabei auch noch etwas Gutes tun: Diese M\u00f6glichkeit bietet in diesem Jahr der Koch Oliver Ciliox. Der 41-J\u00e4hrige aus Leun hat im September seine neue Stelle in der Gro\u00dfk\u00fcche der Lebenshilfe Dillenburg in Flammersbach angetreten und zugleich eine besondere Spendenaktion gestartet.<\/p>\n\n\n\n<p>Ciliox, der seit \u00fcber 20 Jahren als Koch t\u00e4tig ist und unter dem Namen Koch\u00b3 als Show- und Eventkoch arbeitet, hat sich ganz bewusst f\u00fcr die neue Herausforderung bei der Lebenshilfe entschieden. \u201eMich hat die Aufgabe gereizt \u2013 es ist ein ganz anderes Arbeiten, aber ein sehr angenehmes, weil ich tolle Leute um mich herum habe\u201c, sagt er. Besonders die Zusammenarbeit mit Menschen mit Beeintr\u00e4chtigung empfindet er als bereichernd: \u201eIch erlebe sie als besonders ehrlich und aufrichtig.\u201c<\/p>\n\n\n\n<p>In der Gro\u00dfk\u00fcche der Lebenshilfe arbeitet Ciliox in einem rund 15-k\u00f6pfigen Team. Dort werden t\u00e4glich zwischen 750 und 800 Gerichte f\u00fcr verschiedene Werkstattstandorte, Kindertagesst\u00e4tten und Schulen zubereitet und ausgeliefert \u2013 eine logistische und kulinarische Herausforderung, die das Team professionell meistert.<\/p>\n\n\n\n<p>Neben seiner Arbeit dort bietet Ciliox mit seinem eigenen Gewerbe Koch\u00b3 eine besondere Weihnachtsaktion an: Eine fertig zubereitete Qualit\u00e4ts-Gans aus b\u00e4uerlicher Freilandhaltung, deren Aufzucht und Haltung vom Bundesverband Tierschutz kontrolliert wird. Das Gericht wird mit Kl\u00f6\u00dfen, Apfelrotkohl, einem Liter Rotwein vom Sinner Weinhaus Heuser und einem von der Lebenshilfe Dillenburg produzierten Glas Rinderbr\u00fche direkt nach Hause geliefert \u2013 ein Festmahl f\u00fcr sechs Personen.<\/p>\n\n\n\n<p>Von jeder verkauften Gans spendet Ciliox zehn Euro an die Lebenshilfe Dillenburg. \u201eIch bin erst kurz hier, wurde aber so herzlich aufgenommen und verstehe mich so gut mit den Betreuten, dass ich einfach etwas zur\u00fcckgeben m\u00f6chte. Die Lebenshilfe Dillenburg macht wirklich gute Arbeit\u201c, betont der Koch.<\/p>\n\n\n\n<p>Die Aktion l\u00e4uft vom 11. November bis 26. Dezember, Bestellungen sind bis zum 19. Dezember m\u00f6glich.<\/p>\n\n\n\n<p><a href=\"https:\/\/www.kochhoch3.de\/\">Weitere Infos<\/a><\/p>\n","protected":false},"excerpt":{"rendered":"<p>Gemeinsam mit Familie oder Freunden eine festliche Martinsgans genie\u00dfen \u2013 und dabei auch noch etwas Gutes tun: Diese M\u00f6glichkeit bietet in diesem Jahr der Koch Oliver Ciliox. Der 41-J\u00e4hrige aus Leun hat im September seine neue Stelle in der Gro\u00dfk\u00fcche der Lebenshilfe Dillenburg in Flammersbach angetreten und zugleich eine besondere Spendenaktion gestartet. Ciliox, der seit&#8230;<\/p>\n","protected":false},"author":4,"featured_media":8557,"comment_status":"closed","ping_status":"closed","sticky":false,"template":"","format":"standard","meta":{"_acf_changed":false,"_gspb_post_css":"","_kad_blocks_custom_css":"","_kad_blocks_head_custom_js":"","_kad_blocks_body_custom_js":"","_kad_blocks_footer_custom_js":"","_kad_post_transparent":"","_kad_post_title":"","_kad_post_layout":"","_kad_post_sidebar_id":"","_kad_post_content_style":"","_kad_post_vertical_padding":"","_kad_post_feature":"","_kad_post_feature_position":"","_kad_post_header":false,"_kad_post_footer":false,"_kad_post_classname":"","footnotes":""},"categories":[53,6],"tags":[],"class_list":["post-7184","post","type-post","status-publish","format-standard","has-post-thumbnail","hentry","category-meldungen","category-werkstaette"],"acf":[],"yoast_head":"<!-- This site is optimized with the Yoast SEO plugin v27.5 - https:\/\/yoast.com\/product\/yoast-seo-wordpress\/ -->\n<title>Premiumgans f\u00fcr den guten Zweck - Lebenshilfe Dillenburg e.V.<\/title>\n<meta name=\"robots\" content=\"index, follow, max-snippet:-1, max-image-preview:large, max-video-preview:-1\" \/>\n<link rel=\"canonical\" href=\"https:\/\/lebenshilfe-dillenburg.de\/leicht\/premiumgans-fuer-den-guten-zweck\/\" \/>\n<meta property=\"og:locale\" content=\"de_DE\" \/>\n<meta property=\"og:type\" content=\"article\" \/>\n<meta property=\"og:title\" content=\"Premiumgans f\u00fcr den guten Zweck - Lebenshilfe Dillenburg e.V.\" \/>\n<meta property=\"og:description\" content=\"Gemeinsam mit Familie oder Freunden eine festliche Martinsgans genie\u00dfen \u2013 und dabei auch noch etwas Gutes tun: Diese M\u00f6glichkeit bietet in diesem Jahr der Koch Oliver Ciliox. Der 41-J\u00e4hrige aus Leun hat im September seine neue Stelle in der Gro\u00dfk\u00fcche der Lebenshilfe Dillenburg in Flammersbach angetreten und zugleich eine besondere Spendenaktion gestartet. Ciliox, der seit...\" \/>\n<meta property=\"og:url\" content=\"https:\/\/lebenshilfe-dillenburg.de\/leicht\/premiumgans-fuer-den-guten-zweck\/\" \/>\n<meta property=\"og:site_name\" content=\"Lebenshilfe Dillenburg e.V.\" \/>\n<meta property=\"article:publisher\" content=\"https:\/\/www.facebook.com\/lebenshilfedillenburg\/\" \/>\n<meta property=\"article:published_time\" content=\"2025-11-07T10:52:37+00:00\" \/>\n<meta property=\"article:modified_time\" content=\"2026-02-10T12:35:15+00:00\" \/>\n<meta property=\"og:image\" content=\"https:\/\/lebenshilfe-dillenburg.de\/wp-content\/uploads\/oliver-ciliox-kuechenteam-grosskueche.webp\" \/>\n\t<meta property=\"og:image:width\" content=\"960\" \/>\n\t<meta property=\"og:image:height\" content=\"720\" \/>\n\t<meta property=\"og:image:type\" content=\"image\/webp\" \/>\n<meta name=\"author\" content=\"Conny Holtfoth\" \/>\n<meta name=\"twitter:card\" content=\"summary_large_image\" \/>\n<meta name=\"twitter:label1\" content=\"Geschrieben von\" \/>\n\t<meta name=\"twitter:data1\" content=\"Conny Holtfoth\" \/>\n\t<meta name=\"twitter:label2\" content=\"Gesch\u00e4tzte Lesezeit\" \/>\n\t<meta name=\"twitter:data2\" content=\"2\u00a0Minuten\" \/>\n<script type=\"application\/ld+json\" class=\"yoast-schema-graph\">{\"@context\":\"https:\\\/\\\/schema.org\",\"@graph\":[{\"@type\":\"Article\",\"@id\":\"https:\\\/\\\/lebenshilfe-dillenburg.de\\\/leicht\\\/premiumgans-fuer-den-guten-zweck\\\/#article\",\"isPartOf\":{\"@id\":\"https:\\\/\\\/lebenshilfe-dillenburg.de\\\/leicht\\\/premiumgans-fuer-den-guten-zweck\\\/\"},\"author\":{\"name\":\"Conny Holtfoth\",\"@id\":\"https:\\\/\\\/lebenshilfe-dillenburg.de\\\/leicht\\\/#\\\/schema\\\/person\\\/b6c52dad8d881b49213c3345a7cd5efe\"},\"headline\":\"Premiumgans f\u00fcr den guten Zweck\",\"datePublished\":\"2025-11-07T10:52:37+00:00\",\"dateModified\":\"2026-02-10T12:35:15+00:00\",\"mainEntityOfPage\":{\"@id\":\"https:\\\/\\\/lebenshilfe-dillenburg.de\\\/leicht\\\/premiumgans-fuer-den-guten-zweck\\\/\"},\"wordCount\":315,\"publisher\":{\"@id\":\"https:\\\/\\\/lebenshilfe-dillenburg.de\\\/leicht\\\/#organization\"},\"image\":{\"@id\":\"https:\\\/\\\/lebenshilfe-dillenburg.de\\\/leicht\\\/premiumgans-fuer-den-guten-zweck\\\/#primaryimage\"},\"thumbnailUrl\":\"https:\\\/\\\/lebenshilfe-dillenburg.de\\\/wp-content\\\/uploads\\\/oliver-ciliox-kuechenteam-grosskueche.webp\",\"articleSection\":[\"Meldungen\",\"Werkst\u00e4tten\"],\"inLanguage\":\"de\"},{\"@type\":\"WebPage\",\"@id\":\"https:\\\/\\\/lebenshilfe-dillenburg.de\\\/leicht\\\/premiumgans-fuer-den-guten-zweck\\\/\",\"url\":\"https:\\\/\\\/lebenshilfe-dillenburg.de\\\/leicht\\\/premiumgans-fuer-den-guten-zweck\\\/\",\"name\":\"Premiumgans f\u00fcr den guten Zweck - Lebenshilfe Dillenburg e.V.\",\"isPartOf\":{\"@id\":\"https:\\\/\\\/lebenshilfe-dillenburg.de\\\/leicht\\\/#website\"},\"primaryImageOfPage\":{\"@id\":\"https:\\\/\\\/lebenshilfe-dillenburg.de\\\/leicht\\\/premiumgans-fuer-den-guten-zweck\\\/#primaryimage\"},\"image\":{\"@id\":\"https:\\\/\\\/lebenshilfe-dillenburg.de\\\/leicht\\\/premiumgans-fuer-den-guten-zweck\\\/#primaryimage\"},\"thumbnailUrl\":\"https:\\\/\\\/lebenshilfe-dillenburg.de\\\/wp-content\\\/uploads\\\/oliver-ciliox-kuechenteam-grosskueche.webp\",\"datePublished\":\"2025-11-07T10:52:37+00:00\",\"dateModified\":\"2026-02-10T12:35:15+00:00\",\"breadcrumb\":{\"@id\":\"https:\\\/\\\/lebenshilfe-dillenburg.de\\\/leicht\\\/premiumgans-fuer-den-guten-zweck\\\/#breadcrumb\"},\"inLanguage\":\"de\",\"potentialAction\":[{\"@type\":\"ReadAction\",\"target\":[\"https:\\\/\\\/lebenshilfe-dillenburg.de\\\/leicht\\\/premiumgans-fuer-den-guten-zweck\\\/\"]}]},{\"@type\":\"ImageObject\",\"inLanguage\":\"de\",\"@id\":\"https:\\\/\\\/lebenshilfe-dillenburg.de\\\/leicht\\\/premiumgans-fuer-den-guten-zweck\\\/#primaryimage\",\"url\":\"https:\\\/\\\/lebenshilfe-dillenburg.de\\\/wp-content\\\/uploads\\\/oliver-ciliox-kuechenteam-grosskueche.webp\",\"contentUrl\":\"https:\\\/\\\/lebenshilfe-dillenburg.de\\\/wp-content\\\/uploads\\\/oliver-ciliox-kuechenteam-grosskueche.webp\",\"width\":960,\"height\":720,\"caption\":\"K\u00fcchenteam in Gro\u00dfk\u00fcche l\u00e4chelt mit Kochutensilien an Edelstahltheke.\"},{\"@type\":\"BreadcrumbList\",\"@id\":\"https:\\\/\\\/lebenshilfe-dillenburg.de\\\/leicht\\\/premiumgans-fuer-den-guten-zweck\\\/#breadcrumb\",\"itemListElement\":[{\"@type\":\"ListItem\",\"position\":1,\"name\":\"Startseite der Lebenshilfe Dillenburg\",\"item\":\"https:\\\/\\\/lebenshilfe-dillenburg.de\\\/leicht\\\/\"},{\"@type\":\"ListItem\",\"position\":2,\"name\":\"Premiumgans f\u00fcr den guten Zweck\"}]},{\"@type\":\"WebSite\",\"@id\":\"https:\\\/\\\/lebenshilfe-dillenburg.de\\\/leicht\\\/#website\",\"url\":\"https:\\\/\\\/lebenshilfe-dillenburg.de\\\/leicht\\\/\",\"name\":\"Lebenshilfe Dillenburg \u2013 Teilhabe & Unterst\u00fctzung im Lahn-Dill-Kreis\",\"description\":\"\",\"publisher\":{\"@id\":\"https:\\\/\\\/lebenshilfe-dillenburg.de\\\/leicht\\\/#organization\"},\"potentialAction\":[{\"@type\":\"SearchAction\",\"target\":{\"@type\":\"EntryPoint\",\"urlTemplate\":\"https:\\\/\\\/lebenshilfe-dillenburg.de\\\/leicht\\\/?s={search_term_string}\"},\"query-input\":{\"@type\":\"PropertyValueSpecification\",\"valueRequired\":true,\"valueName\":\"search_term_string\"}}],\"inLanguage\":\"de\"},{\"@type\":\"Organization\",\"@id\":\"https:\\\/\\\/lebenshilfe-dillenburg.de\\\/leicht\\\/#organization\",\"name\":\"Lebenshilfe Dillenburg e.V.\",\"url\":\"https:\\\/\\\/lebenshilfe-dillenburg.de\\\/leicht\\\/\",\"logo\":{\"@type\":\"ImageObject\",\"inLanguage\":\"de\",\"@id\":\"https:\\\/\\\/lebenshilfe-dillenburg.de\\\/leicht\\\/#\\\/schema\\\/logo\\\/image\\\/\",\"url\":\"https:\\\/\\\/lebenshilfe-dillenburg.de\\\/wp-content\\\/uploads\\\/lebenshilfe-dillenburg-desktop.webp\",\"contentUrl\":\"https:\\\/\\\/lebenshilfe-dillenburg.de\\\/wp-content\\\/uploads\\\/lebenshilfe-dillenburg-desktop.webp\",\"width\":461,\"height\":202,\"caption\":\"Lebenshilfe Dillenburg e.V.\"},\"image\":{\"@id\":\"https:\\\/\\\/lebenshilfe-dillenburg.de\\\/leicht\\\/#\\\/schema\\\/logo\\\/image\\\/\"},\"sameAs\":[\"https:\\\/\\\/www.facebook.com\\\/lebenshilfedillenburg\\\/\",\"https:\\\/\\\/www.instagram.com\\\/lebenshilfe_dillenburg\\\/\"]},{\"@type\":\"Person\",\"@id\":\"https:\\\/\\\/lebenshilfe-dillenburg.de\\\/leicht\\\/#\\\/schema\\\/person\\\/b6c52dad8d881b49213c3345a7cd5efe\",\"name\":\"Conny Holtfoth\",\"sameAs\":[\"http:\\\/\\\/lebenshilfe-dillenburg.de\"],\"url\":\"https:\\\/\\\/lebenshilfe-dillenburg.de\\\/leicht\\\/author\\\/conny\\\/\"}]}<\/script>\n<!-- \/ Yoast SEO plugin. -->","yoast_head_json":{"title":"Premiumgans f\u00fcr den guten Zweck - Lebenshilfe Dillenburg e.V.","robots":{"index":"index","follow":"follow","max-snippet":"max-snippet:-1","max-image-preview":"max-image-preview:large","max-video-preview":"max-video-preview:-1"},"canonical":"https:\/\/lebenshilfe-dillenburg.de\/leicht\/premiumgans-fuer-den-guten-zweck\/","og_locale":"de_DE","og_type":"article","og_title":"Premiumgans f\u00fcr den guten Zweck - Lebenshilfe Dillenburg e.V.","og_description":"Gemeinsam mit Familie oder Freunden eine festliche Martinsgans genie\u00dfen \u2013 und dabei auch noch etwas Gutes tun: Diese M\u00f6glichkeit bietet in diesem Jahr der Koch Oliver Ciliox. Der 41-J\u00e4hrige aus Leun hat im September seine neue Stelle in der Gro\u00dfk\u00fcche der Lebenshilfe Dillenburg in Flammersbach angetreten und zugleich eine besondere Spendenaktion gestartet. Ciliox, der seit...","og_url":"https:\/\/lebenshilfe-dillenburg.de\/leicht\/premiumgans-fuer-den-guten-zweck\/","og_site_name":"Lebenshilfe Dillenburg e.V.","article_publisher":"https:\/\/www.facebook.com\/lebenshilfedillenburg\/","article_published_time":"2025-11-07T10:52:37+00:00","article_modified_time":"2026-02-10T12:35:15+00:00","og_image":[{"width":960,"height":720,"url":"https:\/\/lebenshilfe-dillenburg.de\/wp-content\/uploads\/oliver-ciliox-kuechenteam-grosskueche.webp","type":"image\/webp"}],"author":"Conny Holtfoth","twitter_card":"summary_large_image","twitter_misc":{"Geschrieben von":"Conny Holtfoth","Gesch\u00e4tzte Lesezeit":"2\u00a0Minuten"},"schema":{"@context":"https:\/\/schema.org","@graph":[{"@type":"Article","@id":"https:\/\/lebenshilfe-dillenburg.de\/leicht\/premiumgans-fuer-den-guten-zweck\/#article","isPartOf":{"@id":"https:\/\/lebenshilfe-dillenburg.de\/leicht\/premiumgans-fuer-den-guten-zweck\/"},"author":{"name":"Conny Holtfoth","@id":"https:\/\/lebenshilfe-dillenburg.de\/leicht\/#\/schema\/person\/b6c52dad8d881b49213c3345a7cd5efe"},"headline":"Premiumgans f\u00fcr den guten Zweck","datePublished":"2025-11-07T10:52:37+00:00","dateModified":"2026-02-10T12:35:15+00:00","mainEntityOfPage":{"@id":"https:\/\/lebenshilfe-dillenburg.de\/leicht\/premiumgans-fuer-den-guten-zweck\/"},"wordCount":315,"publisher":{"@id":"https:\/\/lebenshilfe-dillenburg.de\/leicht\/#organization"},"image":{"@id":"https:\/\/lebenshilfe-dillenburg.de\/leicht\/premiumgans-fuer-den-guten-zweck\/#primaryimage"},"thumbnailUrl":"https:\/\/lebenshilfe-dillenburg.de\/wp-content\/uploads\/oliver-ciliox-kuechenteam-grosskueche.webp","articleSection":["Meldungen","Werkst\u00e4tten"],"inLanguage":"de"},{"@type":"WebPage","@id":"https:\/\/lebenshilfe-dillenburg.de\/leicht\/premiumgans-fuer-den-guten-zweck\/","url":"https:\/\/lebenshilfe-dillenburg.de\/leicht\/premiumgans-fuer-den-guten-zweck\/","name":"Premiumgans f\u00fcr den guten Zweck - Lebenshilfe Dillenburg e.V.","isPartOf":{"@id":"https:\/\/lebenshilfe-dillenburg.de\/leicht\/#website"},"primaryImageOfPage":{"@id":"https:\/\/lebenshilfe-dillenburg.de\/leicht\/premiumgans-fuer-den-guten-zweck\/#primaryimage"},"image":{"@id":"https:\/\/lebenshilfe-dillenburg.de\/leicht\/premiumgans-fuer-den-guten-zweck\/#primaryimage"},"thumbnailUrl":"https:\/\/lebenshilfe-dillenburg.de\/wp-content\/uploads\/oliver-ciliox-kuechenteam-grosskueche.webp","datePublished":"2025-11-07T10:52:37+00:00","dateModified":"2026-02-10T12:35:15+00:00","breadcrumb":{"@id":"https:\/\/lebenshilfe-dillenburg.de\/leicht\/premiumgans-fuer-den-guten-zweck\/#breadcrumb"},"inLanguage":"de","potentialAction":[{"@type":"ReadAction","target":["https:\/\/lebenshilfe-dillenburg.de\/leicht\/premiumgans-fuer-den-guten-zweck\/"]}]},{"@type":"ImageObject","inLanguage":"de","@id":"https:\/\/lebenshilfe-dillenburg.de\/leicht\/premiumgans-fuer-den-guten-zweck\/#primaryimage","url":"https:\/\/lebenshilfe-dillenburg.de\/wp-content\/uploads\/oliver-ciliox-kuechenteam-grosskueche.webp","contentUrl":"https:\/\/lebenshilfe-dillenburg.de\/wp-content\/uploads\/oliver-ciliox-kuechenteam-grosskueche.webp","width":960,"height":720,"caption":"K\u00fcchenteam in Gro\u00dfk\u00fcche l\u00e4chelt mit Kochutensilien an Edelstahltheke."},{"@type":"BreadcrumbList","@id":"https:\/\/lebenshilfe-dillenburg.de\/leicht\/premiumgans-fuer-den-guten-zweck\/#breadcrumb","itemListElement":[{"@type":"ListItem","position":1,"name":"Startseite der Lebenshilfe Dillenburg","item":"https:\/\/lebenshilfe-dillenburg.de\/leicht\/"},{"@type":"ListItem","position":2,"name":"Premiumgans f\u00fcr den guten Zweck"}]},{"@type":"WebSite","@id":"https:\/\/lebenshilfe-dillenburg.de\/leicht\/#website","url":"https:\/\/lebenshilfe-dillenburg.de\/leicht\/","name":"Lebenshilfe Dillenburg \u2013 Teilhabe & Unterst\u00fctzung im Lahn-Dill-Kreis","description":"","publisher":{"@id":"https:\/\/lebenshilfe-dillenburg.de\/leicht\/#organization"},"potentialAction":[{"@type":"SearchAction","target":{"@type":"EntryPoint","urlTemplate":"https:\/\/lebenshilfe-dillenburg.de\/leicht\/?s={search_term_string}"},"query-input":{"@type":"PropertyValueSpecification","valueRequired":true,"valueName":"search_term_string"}}],"inLanguage":"de"},{"@type":"Organization","@id":"https:\/\/lebenshilfe-dillenburg.de\/leicht\/#organization","name":"Lebenshilfe Dillenburg e.V.","url":"https:\/\/lebenshilfe-dillenburg.de\/leicht\/","logo":{"@type":"ImageObject","inLanguage":"de","@id":"https:\/\/lebenshilfe-dillenburg.de\/leicht\/#\/schema\/logo\/image\/","url":"https:\/\/lebenshilfe-dillenburg.de\/wp-content\/uploads\/lebenshilfe-dillenburg-desktop.webp","contentUrl":"https:\/\/lebenshilfe-dillenburg.de\/wp-content\/uploads\/lebenshilfe-dillenburg-desktop.webp","width":461,"height":202,"caption":"Lebenshilfe Dillenburg e.V."},"image":{"@id":"https:\/\/lebenshilfe-dillenburg.de\/leicht\/#\/schema\/logo\/image\/"},"sameAs":["https:\/\/www.facebook.com\/lebenshilfedillenburg\/","https:\/\/www.instagram.com\/lebenshilfe_dillenburg\/"]},{"@type":"Person","@id":"https:\/\/lebenshilfe-dillenburg.de\/leicht\/#\/schema\/person\/b6c52dad8d881b49213c3345a7cd5efe","name":"Conny Holtfoth","sameAs":["http:\/\/lebenshilfe-dillenburg.de"],"url":"https:\/\/lebenshilfe-dillenburg.de\/leicht\/author\/conny\/"}]}},"taxonomy_info":{"category":[{"value":53,"label":"Meldungen"},{"value":6,"label":"Werkst\u00e4tten"}]},"featured_image_src_large":["https:\/\/lebenshilfe-dillenburg.de\/wp-content\/uploads\/oliver-ciliox-kuechenteam-grosskueche.webp",960,720,false],"author_info":{"display_name":"Conny Holtfoth","author_link":"https:\/\/lebenshilfe-dillenburg.de\/leicht\/author\/conny\/"},"comment_info":0,"category_info":[{"term_id":53,"name":"Meldungen","slug":"meldungen","term_group":0,"term_taxonomy_id":53,"taxonomy":"category","description":"","parent":0,"count":127,"filter":"raw","term_order":"5","cat_ID":53,"category_count":127,"category_description":"","cat_name":"Meldungen","category_nicename":"meldungen","category_parent":0},{"term_id":6,"name":"Werkst\u00e4tten","slug":"werkstaette","term_group":0,"term_taxonomy_id":6,"taxonomy":"category","description":"","parent":0,"count":2,"filter":"raw","term_order":"10","cat_ID":6,"category_count":2,"category_description":"","cat_name":"Werkst\u00e4tten","category_nicename":"werkstaette","category_parent":0}],"tag_info":false,"_links":{"self":[{"href":"https:\/\/lebenshilfe-dillenburg.de\/leicht\/wp-json\/wp\/v2\/posts\/7184","targetHints":{"allow":["GET"]}}],"collection":[{"href":"https:\/\/lebenshilfe-dillenburg.de\/leicht\/wp-json\/wp\/v2\/posts"}],"about":[{"href":"https:\/\/lebenshilfe-dillenburg.de\/leicht\/wp-json\/wp\/v2\/types\/post"}],"author":[{"embeddable":true,"href":"https:\/\/lebenshilfe-dillenburg.de\/leicht\/wp-json\/wp\/v2\/users\/4"}],"replies":[{"embeddable":true,"href":"https:\/\/lebenshilfe-dillenburg.de\/leicht\/wp-json\/wp\/v2\/comments?post=7184"}],"version-history":[{"count":0,"href":"https:\/\/lebenshilfe-dillenburg.de\/leicht\/wp-json\/wp\/v2\/posts\/7184\/revisions"}],"wp:featuredmedia":[{"embeddable":true,"href":"https:\/\/lebenshilfe-dillenburg.de\/leicht\/wp-json\/wp\/v2\/media\/8557"}],"wp:attachment":[{"href":"https:\/\/lebenshilfe-dillenburg.de\/leicht\/wp-json\/wp\/v2\/media?parent=7184"}],"wp:term":[{"taxonomy":"category","embeddable":true,"href":"https:\/\/lebenshilfe-dillenburg.de\/leicht\/wp-json\/wp\/v2\/categories?post=7184"},{"taxonomy":"post_tag","embeddable":true,"href":"https:\/\/lebenshilfe-dillenburg.de\/leicht\/wp-json\/wp\/v2\/tags?post=7184"}],"curies":[{"name":"wp","href":"https:\/\/api.w.org\/{rel}","templated":true}]}}