{"id":7253,"date":"2024-06-13T08:45:53","date_gmt":"2024-06-13T06:45:53","guid":{"rendered":"https:\/\/www.lebenshilfe-dillenburg.de\/?p=4606"},"modified":"2026-01-30T12:09:41","modified_gmt":"2026-01-30T11:09:41","slug":"charity-walknrun-kehrt-zurueck-nach-herborn","status":"publish","type":"post","link":"https:\/\/lebenshilfe-dillenburg.de\/leicht\/charity-walknrun-kehrt-zurueck-nach-herborn\/","title":{"rendered":"Charity Walk &#038; Run kehrt zur\u00fcck nach Herborn"},"content":{"rendered":"<p>Bewegung, Spa\u00df und Gemeinschaft f\u00fcr einen guten Zweck: Der Charity Walk &amp; Run kehrt nach pandemiebedingter Pause wieder zur\u00fcck nach Herborn. Am 7. Juli haben Laufbegeisterte wieder die M\u00f6glichkeit, \u00fcber unterschiedliche Distanzen rund um den Herborner Marktplatz an den Start zu gehen. Auch in diesem Jahr unterst\u00fctzten die Organisatoren der Ahmadiyya Muslim Jugendorganisation als regionale Institution wieder die integrative Kindertagesst\u00e4tte der Lebenshilfe Dillenburg in Herborn-Burg.<\/p>\n<p><!--more-->Der Charity Walk &amp; Run wird weltweit von der Ahmadiyya Muslim Jugendorganisation organisiert und ist bekannt f\u00fcr seine vielf\u00e4ltigen gemeinn\u00fctzigen Initiativen. Herborn ist dabei der kleinste Austragungsort, aber daf\u00fcr einer mit gro\u00dfer Beteiligung und Begeisterung, wie die Mitorganisatoren Sagar Kashif und Shoaib Kabir Ahmed betonen. Daher hofft Kashif, dass in diesem Jahr rund 200 L\u00e4uferinnen und L\u00e4ufer in Herborn teilnehmen. \u201eEs geht nicht in erster Linie um die Zeit, sondern vor allem um den Spa\u00df und um den guten Zweck,\u201c sagt er. Beim Lauf handelt es sich um vom Deutschen Leichtathletik-Verband (DLV) bemessene Strecken.<\/p>\n<p>Der diesj\u00e4hrige Charity Walk &amp; Run unterst\u00fctzt das therapeutische Reiten der integrativen Kindertagesst\u00e4tte Burg. Dieses Projekt vermittelt den Kindern wichtige soziale und motorische F\u00e4higkeiten und hilft ihnen, zur Ruhe zu kommen und Bindung zu einem Tier aufzubauen. \u201eEin absolutes Herzensprojekt\u201c, wie Kita-Leiterin Michelle Duschek anmerkt. \u201eUnd ein gro\u00dfer Gewinn f\u00fcr die Kinder. Daher freuen wir uns sehr, dass dieses Projekt durch den Lauf Unterst\u00fctzung findet.\u201c Die integrative Kita Burg betreut 88 Kinder, zw\u00f6lf davon mit besonderem F\u00f6rderbedarf. Weiterer Spendenempf\u00e4nger neben der Lebenshilfe Dillenburg ist Humanity First, eine internationale gemeinn\u00fctzige Organisation, deren Ziel es ist, humanit\u00e4re Hilfe zu leisten und die Lebensqualit\u00e4t benachteiligter Menschen weltweit zu verbessern.<\/p>\n<p>Anmeldungen f\u00fcr den Walk &amp; Run sind ab sofort m\u00f6glich. Weitere Informationen zur Anmeldung und zur Veranstaltung befinden sich auf der Website www.charity-walk.de. Kurzentschlossene k\u00f6nnen sich auch noch vor Ort ab 10 Uhr anmelden. Startzeit f\u00fcr den 800-Meter-Kinderlauf ist 11.30 Uhr, die L\u00e4ufe \u00fcber 5 und 10 Kilometer sowie 5 Kilometer Walking beginnen um 12 Uhr.<\/p>\n","protected":false},"excerpt":{"rendered":"<p>Bewegung, Spa\u00df und Gemeinschaft f\u00fcr einen guten Zweck: Der Charity Walk &amp; Run kehrt nach pandemiebedingter Pause wieder zur\u00fcck nach Herborn. Am 7. Juli haben Laufbegeisterte wieder die M\u00f6glichkeit, \u00fcber unterschiedliche Distanzen rund um den Herborner Marktplatz an den Start zu gehen. Auch in diesem Jahr unterst\u00fctzten die Organisatoren der Ahmadiyya Muslim Jugendorganisation als regionale&#8230;<\/p>\n","protected":false},"author":4,"featured_media":7298,"comment_status":"closed","ping_status":"closed","sticky":false,"template":"","format":"standard","meta":{"_acf_changed":false,"_gspb_post_css":"","_kad_blocks_custom_css":"","_kad_blocks_head_custom_js":"","_kad_blocks_body_custom_js":"","_kad_blocks_footer_custom_js":"","_kad_post_transparent":"","_kad_post_title":"","_kad_post_layout":"","_kad_post_sidebar_id":"","_kad_post_content_style":"","_kad_post_vertical_padding":"","_kad_post_feature":"","_kad_post_feature_position":"","_kad_post_header":false,"_kad_post_footer":false,"_kad_post_classname":"","footnotes":""},"categories":[53],"tags":[],"class_list":["post-7253","post","type-post","status-publish","format-standard","has-post-thumbnail","hentry","category-meldungen"],"acf":[],"yoast_head":"<!-- This site is optimized with the Yoast SEO plugin v27.5 - https:\/\/yoast.com\/product\/yoast-seo-wordpress\/ -->\n<title>Charity Walk &amp; Run kehrt zur\u00fcck nach Herborn - Lebenshilfe Dillenburg e.V.<\/title>\n<meta name=\"robots\" content=\"index, follow, max-snippet:-1, max-image-preview:large, max-video-preview:-1\" \/>\n<link rel=\"canonical\" href=\"https:\/\/lebenshilfe-dillenburg.de\/leicht\/charity-walknrun-kehrt-zurueck-nach-herborn\/\" \/>\n<meta property=\"og:locale\" content=\"de_DE\" \/>\n<meta property=\"og:type\" content=\"article\" \/>\n<meta property=\"og:title\" content=\"Charity Walk &amp; Run kehrt zur\u00fcck nach Herborn - Lebenshilfe Dillenburg e.V.\" \/>\n<meta property=\"og:description\" content=\"Bewegung, Spa\u00df und Gemeinschaft f\u00fcr einen guten Zweck: Der Charity Walk &amp; Run kehrt nach pandemiebedingter Pause wieder zur\u00fcck nach Herborn. Am 7. Juli haben Laufbegeisterte wieder die M\u00f6glichkeit, \u00fcber unterschiedliche Distanzen rund um den Herborner Marktplatz an den Start zu gehen. Auch in diesem Jahr unterst\u00fctzten die Organisatoren der Ahmadiyya Muslim Jugendorganisation als regionale...\" \/>\n<meta property=\"og:url\" content=\"https:\/\/lebenshilfe-dillenburg.de\/leicht\/charity-walknrun-kehrt-zurueck-nach-herborn\/\" \/>\n<meta property=\"og:site_name\" content=\"Lebenshilfe Dillenburg e.V.\" \/>\n<meta property=\"article:publisher\" content=\"https:\/\/www.facebook.com\/lebenshilfedillenburg\/\" \/>\n<meta property=\"article:published_time\" content=\"2024-06-13T06:45:53+00:00\" \/>\n<meta property=\"article:modified_time\" content=\"2026-01-30T11:09:41+00:00\" \/>\n<meta property=\"og:image\" content=\"https:\/\/lebenshilfe-dillenburg.de\/wp-content\/uploads\/charity-walknrun-kehrt-zurueck-nach-herborn-img-6298-scaled-2.jpg\" \/>\n\t<meta property=\"og:image:width\" content=\"2560\" \/>\n\t<meta property=\"og:image:height\" content=\"1707\" \/>\n\t<meta property=\"og:image:type\" content=\"image\/jpeg\" \/>\n<meta name=\"author\" content=\"Conny Holtfoth\" \/>\n<meta name=\"twitter:card\" content=\"summary_large_image\" \/>\n<meta name=\"twitter:label1\" content=\"Geschrieben von\" \/>\n\t<meta name=\"twitter:data1\" content=\"Conny Holtfoth\" \/>\n\t<meta name=\"twitter:label2\" content=\"Gesch\u00e4tzte Lesezeit\" \/>\n\t<meta name=\"twitter:data2\" content=\"2\u00a0Minuten\" \/>\n<script type=\"application\/ld+json\" class=\"yoast-schema-graph\">{\"@context\":\"https:\\\/\\\/schema.org\",\"@graph\":[{\"@type\":\"Article\",\"@id\":\"https:\\\/\\\/lebenshilfe-dillenburg.de\\\/leicht\\\/charity-walknrun-kehrt-zurueck-nach-herborn\\\/#article\",\"isPartOf\":{\"@id\":\"https:\\\/\\\/lebenshilfe-dillenburg.de\\\/leicht\\\/charity-walknrun-kehrt-zurueck-nach-herborn\\\/\"},\"author\":{\"name\":\"Conny Holtfoth\",\"@id\":\"https:\\\/\\\/lebenshilfe-dillenburg.de\\\/leicht\\\/#\\\/schema\\\/person\\\/b6c52dad8d881b49213c3345a7cd5efe\"},\"headline\":\"Charity Walk &#038; Run kehrt zur\u00fcck nach Herborn\",\"datePublished\":\"2024-06-13T06:45:53+00:00\",\"dateModified\":\"2026-01-30T11:09:41+00:00\",\"mainEntityOfPage\":{\"@id\":\"https:\\\/\\\/lebenshilfe-dillenburg.de\\\/leicht\\\/charity-walknrun-kehrt-zurueck-nach-herborn\\\/\"},\"wordCount\":352,\"publisher\":{\"@id\":\"https:\\\/\\\/lebenshilfe-dillenburg.de\\\/leicht\\\/#organization\"},\"image\":{\"@id\":\"https:\\\/\\\/lebenshilfe-dillenburg.de\\\/leicht\\\/charity-walknrun-kehrt-zurueck-nach-herborn\\\/#primaryimage\"},\"thumbnailUrl\":\"https:\\\/\\\/lebenshilfe-dillenburg.de\\\/wp-content\\\/uploads\\\/charity-walk-run-start-ziel-marktplatz-herborn.jpg\",\"articleSection\":[\"Meldungen\"],\"inLanguage\":\"de\"},{\"@type\":\"WebPage\",\"@id\":\"https:\\\/\\\/lebenshilfe-dillenburg.de\\\/leicht\\\/charity-walknrun-kehrt-zurueck-nach-herborn\\\/\",\"url\":\"https:\\\/\\\/lebenshilfe-dillenburg.de\\\/leicht\\\/charity-walknrun-kehrt-zurueck-nach-herborn\\\/\",\"name\":\"Charity Walk & Run kehrt zur\u00fcck nach Herborn - Lebenshilfe Dillenburg e.V.\",\"isPartOf\":{\"@id\":\"https:\\\/\\\/lebenshilfe-dillenburg.de\\\/leicht\\\/#website\"},\"primaryImageOfPage\":{\"@id\":\"https:\\\/\\\/lebenshilfe-dillenburg.de\\\/leicht\\\/charity-walknrun-kehrt-zurueck-nach-herborn\\\/#primaryimage\"},\"image\":{\"@id\":\"https:\\\/\\\/lebenshilfe-dillenburg.de\\\/leicht\\\/charity-walknrun-kehrt-zurueck-nach-herborn\\\/#primaryimage\"},\"thumbnailUrl\":\"https:\\\/\\\/lebenshilfe-dillenburg.de\\\/wp-content\\\/uploads\\\/charity-walk-run-start-ziel-marktplatz-herborn.jpg\",\"datePublished\":\"2024-06-13T06:45:53+00:00\",\"dateModified\":\"2026-01-30T11:09:41+00:00\",\"breadcrumb\":{\"@id\":\"https:\\\/\\\/lebenshilfe-dillenburg.de\\\/leicht\\\/charity-walknrun-kehrt-zurueck-nach-herborn\\\/#breadcrumb\"},\"inLanguage\":\"de\",\"potentialAction\":[{\"@type\":\"ReadAction\",\"target\":[\"https:\\\/\\\/lebenshilfe-dillenburg.de\\\/leicht\\\/charity-walknrun-kehrt-zurueck-nach-herborn\\\/\"]}]},{\"@type\":\"ImageObject\",\"inLanguage\":\"de\",\"@id\":\"https:\\\/\\\/lebenshilfe-dillenburg.de\\\/leicht\\\/charity-walknrun-kehrt-zurueck-nach-herborn\\\/#primaryimage\",\"url\":\"https:\\\/\\\/lebenshilfe-dillenburg.de\\\/wp-content\\\/uploads\\\/charity-walk-run-start-ziel-marktplatz-herborn.jpg\",\"contentUrl\":\"https:\\\/\\\/lebenshilfe-dillenburg.de\\\/wp-content\\\/uploads\\\/charity-walk-run-start-ziel-marktplatz-herborn.jpg\",\"width\":1500,\"height\":1000,\"caption\":\"Nach pandemiebedingter Pause wird der Herborner Marktplatz wieder zum Start- und Zielpunkt vieler L\u00e4uferinnen und L\u00e4ufer. (Foto: Holtfoth)\"},{\"@type\":\"BreadcrumbList\",\"@id\":\"https:\\\/\\\/lebenshilfe-dillenburg.de\\\/leicht\\\/charity-walknrun-kehrt-zurueck-nach-herborn\\\/#breadcrumb\",\"itemListElement\":[{\"@type\":\"ListItem\",\"position\":1,\"name\":\"Startseite der Lebenshilfe Dillenburg\",\"item\":\"https:\\\/\\\/lebenshilfe-dillenburg.de\\\/leicht\\\/\"},{\"@type\":\"ListItem\",\"position\":2,\"name\":\"Charity Walk &#038; Run kehrt zur\u00fcck nach Herborn\"}]},{\"@type\":\"WebSite\",\"@id\":\"https:\\\/\\\/lebenshilfe-dillenburg.de\\\/leicht\\\/#website\",\"url\":\"https:\\\/\\\/lebenshilfe-dillenburg.de\\\/leicht\\\/\",\"name\":\"Lebenshilfe Dillenburg \u2013 Teilhabe & Unterst\u00fctzung im Lahn-Dill-Kreis\",\"description\":\"\",\"publisher\":{\"@id\":\"https:\\\/\\\/lebenshilfe-dillenburg.de\\\/leicht\\\/#organization\"},\"potentialAction\":[{\"@type\":\"SearchAction\",\"target\":{\"@type\":\"EntryPoint\",\"urlTemplate\":\"https:\\\/\\\/lebenshilfe-dillenburg.de\\\/leicht\\\/?s={search_term_string}\"},\"query-input\":{\"@type\":\"PropertyValueSpecification\",\"valueRequired\":true,\"valueName\":\"search_term_string\"}}],\"inLanguage\":\"de\"},{\"@type\":\"Organization\",\"@id\":\"https:\\\/\\\/lebenshilfe-dillenburg.de\\\/leicht\\\/#organization\",\"name\":\"Lebenshilfe Dillenburg e.V.\",\"url\":\"https:\\\/\\\/lebenshilfe-dillenburg.de\\\/leicht\\\/\",\"logo\":{\"@type\":\"ImageObject\",\"inLanguage\":\"de\",\"@id\":\"https:\\\/\\\/lebenshilfe-dillenburg.de\\\/leicht\\\/#\\\/schema\\\/logo\\\/image\\\/\",\"url\":\"https:\\\/\\\/lebenshilfe-dillenburg.de\\\/wp-content\\\/uploads\\\/lebenshilfe-dillenburg-desktop.webp\",\"contentUrl\":\"https:\\\/\\\/lebenshilfe-dillenburg.de\\\/wp-content\\\/uploads\\\/lebenshilfe-dillenburg-desktop.webp\",\"width\":461,\"height\":202,\"caption\":\"Lebenshilfe Dillenburg e.V.\"},\"image\":{\"@id\":\"https:\\\/\\\/lebenshilfe-dillenburg.de\\\/leicht\\\/#\\\/schema\\\/logo\\\/image\\\/\"},\"sameAs\":[\"https:\\\/\\\/www.facebook.com\\\/lebenshilfedillenburg\\\/\",\"https:\\\/\\\/www.instagram.com\\\/lebenshilfe_dillenburg\\\/\"]},{\"@type\":\"Person\",\"@id\":\"https:\\\/\\\/lebenshilfe-dillenburg.de\\\/leicht\\\/#\\\/schema\\\/person\\\/b6c52dad8d881b49213c3345a7cd5efe\",\"name\":\"Conny Holtfoth\",\"sameAs\":[\"http:\\\/\\\/lebenshilfe-dillenburg.de\"],\"url\":\"https:\\\/\\\/lebenshilfe-dillenburg.de\\\/leicht\\\/author\\\/conny\\\/\"}]}<\/script>\n<!-- \/ Yoast SEO plugin. -->","yoast_head_json":{"title":"Charity Walk & Run kehrt zur\u00fcck nach Herborn - Lebenshilfe Dillenburg e.V.","robots":{"index":"index","follow":"follow","max-snippet":"max-snippet:-1","max-image-preview":"max-image-preview:large","max-video-preview":"max-video-preview:-1"},"canonical":"https:\/\/lebenshilfe-dillenburg.de\/leicht\/charity-walknrun-kehrt-zurueck-nach-herborn\/","og_locale":"de_DE","og_type":"article","og_title":"Charity Walk & Run kehrt zur\u00fcck nach Herborn - Lebenshilfe Dillenburg e.V.","og_description":"Bewegung, Spa\u00df und Gemeinschaft f\u00fcr einen guten Zweck: Der Charity Walk &amp; Run kehrt nach pandemiebedingter Pause wieder zur\u00fcck nach Herborn. Am 7. Juli haben Laufbegeisterte wieder die M\u00f6glichkeit, \u00fcber unterschiedliche Distanzen rund um den Herborner Marktplatz an den Start zu gehen. Auch in diesem Jahr unterst\u00fctzten die Organisatoren der Ahmadiyya Muslim Jugendorganisation als regionale...","og_url":"https:\/\/lebenshilfe-dillenburg.de\/leicht\/charity-walknrun-kehrt-zurueck-nach-herborn\/","og_site_name":"Lebenshilfe Dillenburg e.V.","article_publisher":"https:\/\/www.facebook.com\/lebenshilfedillenburg\/","article_published_time":"2024-06-13T06:45:53+00:00","article_modified_time":"2026-01-30T11:09:41+00:00","og_image":[{"width":2560,"height":1707,"url":"https:\/\/lebenshilfe-dillenburg.de\/wp-content\/uploads\/charity-walknrun-kehrt-zurueck-nach-herborn-img-6298-scaled-2.jpg","type":"image\/jpeg"}],"author":"Conny Holtfoth","twitter_card":"summary_large_image","twitter_misc":{"Geschrieben von":"Conny Holtfoth","Gesch\u00e4tzte Lesezeit":"2\u00a0Minuten"},"schema":{"@context":"https:\/\/schema.org","@graph":[{"@type":"Article","@id":"https:\/\/lebenshilfe-dillenburg.de\/leicht\/charity-walknrun-kehrt-zurueck-nach-herborn\/#article","isPartOf":{"@id":"https:\/\/lebenshilfe-dillenburg.de\/leicht\/charity-walknrun-kehrt-zurueck-nach-herborn\/"},"author":{"name":"Conny Holtfoth","@id":"https:\/\/lebenshilfe-dillenburg.de\/leicht\/#\/schema\/person\/b6c52dad8d881b49213c3345a7cd5efe"},"headline":"Charity Walk &#038; Run kehrt zur\u00fcck nach Herborn","datePublished":"2024-06-13T06:45:53+00:00","dateModified":"2026-01-30T11:09:41+00:00","mainEntityOfPage":{"@id":"https:\/\/lebenshilfe-dillenburg.de\/leicht\/charity-walknrun-kehrt-zurueck-nach-herborn\/"},"wordCount":352,"publisher":{"@id":"https:\/\/lebenshilfe-dillenburg.de\/leicht\/#organization"},"image":{"@id":"https:\/\/lebenshilfe-dillenburg.de\/leicht\/charity-walknrun-kehrt-zurueck-nach-herborn\/#primaryimage"},"thumbnailUrl":"https:\/\/lebenshilfe-dillenburg.de\/wp-content\/uploads\/charity-walk-run-start-ziel-marktplatz-herborn.jpg","articleSection":["Meldungen"],"inLanguage":"de"},{"@type":"WebPage","@id":"https:\/\/lebenshilfe-dillenburg.de\/leicht\/charity-walknrun-kehrt-zurueck-nach-herborn\/","url":"https:\/\/lebenshilfe-dillenburg.de\/leicht\/charity-walknrun-kehrt-zurueck-nach-herborn\/","name":"Charity Walk & Run kehrt zur\u00fcck nach Herborn - Lebenshilfe Dillenburg e.V.","isPartOf":{"@id":"https:\/\/lebenshilfe-dillenburg.de\/leicht\/#website"},"primaryImageOfPage":{"@id":"https:\/\/lebenshilfe-dillenburg.de\/leicht\/charity-walknrun-kehrt-zurueck-nach-herborn\/#primaryimage"},"image":{"@id":"https:\/\/lebenshilfe-dillenburg.de\/leicht\/charity-walknrun-kehrt-zurueck-nach-herborn\/#primaryimage"},"thumbnailUrl":"https:\/\/lebenshilfe-dillenburg.de\/wp-content\/uploads\/charity-walk-run-start-ziel-marktplatz-herborn.jpg","datePublished":"2024-06-13T06:45:53+00:00","dateModified":"2026-01-30T11:09:41+00:00","breadcrumb":{"@id":"https:\/\/lebenshilfe-dillenburg.de\/leicht\/charity-walknrun-kehrt-zurueck-nach-herborn\/#breadcrumb"},"inLanguage":"de","potentialAction":[{"@type":"ReadAction","target":["https:\/\/lebenshilfe-dillenburg.de\/leicht\/charity-walknrun-kehrt-zurueck-nach-herborn\/"]}]},{"@type":"ImageObject","inLanguage":"de","@id":"https:\/\/lebenshilfe-dillenburg.de\/leicht\/charity-walknrun-kehrt-zurueck-nach-herborn\/#primaryimage","url":"https:\/\/lebenshilfe-dillenburg.de\/wp-content\/uploads\/charity-walk-run-start-ziel-marktplatz-herborn.jpg","contentUrl":"https:\/\/lebenshilfe-dillenburg.de\/wp-content\/uploads\/charity-walk-run-start-ziel-marktplatz-herborn.jpg","width":1500,"height":1000,"caption":"Nach pandemiebedingter Pause wird der Herborner Marktplatz wieder zum Start- und Zielpunkt vieler L\u00e4uferinnen und L\u00e4ufer. (Foto: Holtfoth)"},{"@type":"BreadcrumbList","@id":"https:\/\/lebenshilfe-dillenburg.de\/leicht\/charity-walknrun-kehrt-zurueck-nach-herborn\/#breadcrumb","itemListElement":[{"@type":"ListItem","position":1,"name":"Startseite der Lebenshilfe Dillenburg","item":"https:\/\/lebenshilfe-dillenburg.de\/leicht\/"},{"@type":"ListItem","position":2,"name":"Charity Walk &#038; Run kehrt zur\u00fcck nach Herborn"}]},{"@type":"WebSite","@id":"https:\/\/lebenshilfe-dillenburg.de\/leicht\/#website","url":"https:\/\/lebenshilfe-dillenburg.de\/leicht\/","name":"Lebenshilfe Dillenburg \u2013 Teilhabe & Unterst\u00fctzung im Lahn-Dill-Kreis","description":"","publisher":{"@id":"https:\/\/lebenshilfe-dillenburg.de\/leicht\/#organization"},"potentialAction":[{"@type":"SearchAction","target":{"@type":"EntryPoint","urlTemplate":"https:\/\/lebenshilfe-dillenburg.de\/leicht\/?s={search_term_string}"},"query-input":{"@type":"PropertyValueSpecification","valueRequired":true,"valueName":"search_term_string"}}],"inLanguage":"de"},{"@type":"Organization","@id":"https:\/\/lebenshilfe-dillenburg.de\/leicht\/#organization","name":"Lebenshilfe Dillenburg e.V.","url":"https:\/\/lebenshilfe-dillenburg.de\/leicht\/","logo":{"@type":"ImageObject","inLanguage":"de","@id":"https:\/\/lebenshilfe-dillenburg.de\/leicht\/#\/schema\/logo\/image\/","url":"https:\/\/lebenshilfe-dillenburg.de\/wp-content\/uploads\/lebenshilfe-dillenburg-desktop.webp","contentUrl":"https:\/\/lebenshilfe-dillenburg.de\/wp-content\/uploads\/lebenshilfe-dillenburg-desktop.webp","width":461,"height":202,"caption":"Lebenshilfe Dillenburg e.V."},"image":{"@id":"https:\/\/lebenshilfe-dillenburg.de\/leicht\/#\/schema\/logo\/image\/"},"sameAs":["https:\/\/www.facebook.com\/lebenshilfedillenburg\/","https:\/\/www.instagram.com\/lebenshilfe_dillenburg\/"]},{"@type":"Person","@id":"https:\/\/lebenshilfe-dillenburg.de\/leicht\/#\/schema\/person\/b6c52dad8d881b49213c3345a7cd5efe","name":"Conny Holtfoth","sameAs":["http:\/\/lebenshilfe-dillenburg.de"],"url":"https:\/\/lebenshilfe-dillenburg.de\/leicht\/author\/conny\/"}]}},"taxonomy_info":{"category":[{"value":53,"label":"Meldungen"}]},"featured_image_src_large":["https:\/\/lebenshilfe-dillenburg.de\/wp-content\/uploads\/charity-walk-run-start-ziel-marktplatz-herborn-1920x1280.jpg",1366,911,true],"author_info":{"display_name":"Conny Holtfoth","author_link":"https:\/\/lebenshilfe-dillenburg.de\/leicht\/author\/conny\/"},"comment_info":0,"category_info":[{"term_id":53,"name":"Meldungen","slug":"meldungen","term_group":0,"term_taxonomy_id":53,"taxonomy":"category","description":"","parent":0,"count":127,"filter":"raw","term_order":"5","cat_ID":53,"category_count":127,"category_description":"","cat_name":"Meldungen","category_nicename":"meldungen","category_parent":0}],"tag_info":false,"_links":{"self":[{"href":"https:\/\/lebenshilfe-dillenburg.de\/leicht\/wp-json\/wp\/v2\/posts\/7253","targetHints":{"allow":["GET"]}}],"collection":[{"href":"https:\/\/lebenshilfe-dillenburg.de\/leicht\/wp-json\/wp\/v2\/posts"}],"about":[{"href":"https:\/\/lebenshilfe-dillenburg.de\/leicht\/wp-json\/wp\/v2\/types\/post"}],"author":[{"embeddable":true,"href":"https:\/\/lebenshilfe-dillenburg.de\/leicht\/wp-json\/wp\/v2\/users\/4"}],"replies":[{"embeddable":true,"href":"https:\/\/lebenshilfe-dillenburg.de\/leicht\/wp-json\/wp\/v2\/comments?post=7253"}],"version-history":[{"count":0,"href":"https:\/\/lebenshilfe-dillenburg.de\/leicht\/wp-json\/wp\/v2\/posts\/7253\/revisions"}],"wp:featuredmedia":[{"embeddable":true,"href":"https:\/\/lebenshilfe-dillenburg.de\/leicht\/wp-json\/wp\/v2\/media\/7298"}],"wp:attachment":[{"href":"https:\/\/lebenshilfe-dillenburg.de\/leicht\/wp-json\/wp\/v2\/media?parent=7253"}],"wp:term":[{"taxonomy":"category","embeddable":true,"href":"https:\/\/lebenshilfe-dillenburg.de\/leicht\/wp-json\/wp\/v2\/categories?post=7253"},{"taxonomy":"post_tag","embeddable":true,"href":"https:\/\/lebenshilfe-dillenburg.de\/leicht\/wp-json\/wp\/v2\/tags?post=7253"}],"curies":[{"name":"wp","href":"https:\/\/api.w.org\/{rel}","templated":true}]}}