{"id":7255,"date":"2024-06-27T11:08:15","date_gmt":"2024-06-27T09:08:15","guid":{"rendered":"https:\/\/www.lebenshilfe-dillenburg.de\/?p=4659"},"modified":"2026-01-30T12:09:43","modified_gmt":"2026-01-30T11:09:43","slug":"pferde-oldtimer-und-traktoren-zehn-jahre-hoffest","status":"publish","type":"post","link":"https:\/\/lebenshilfe-dillenburg.de\/leicht\/pferde-oldtimer-und-traktoren-zehn-jahre-hoffest\/","title":{"rendered":"Pferde, Oldtimer und Traktoren: Zehn Jahre Hoffest"},"content":{"rendered":"<p>Der Birkenhof Edingen l\u00e4dt unter Mitwirkung der Pferdefreunde Birkenhof, der Ortsvereine, der Oldtimer-IG Dill und erstmals auch der Einachser- und Traktorfreunde aus Bicken und Ulm zu seinem nun schon zehnten Hoffest ein. Traktoren, Oldtimer, Pferde \u2013 am 29. und 30. Juni kommen ab jeweils 11 Uhr Freunde aller Pferdest\u00e4rken wieder voll auf ihre Kosten. \u201eSogar mehr denn je\u201c, wie Jonas Hofmann vom Birkenhof verr\u00e4t.<\/p>\n<p><!--more-->Denn durch die Teilnahme der Bickener und Ulmer ist es dem Birkenhof m\u00f6glich, noch mehr Maschinen an den beiden Tagen zu pr\u00e4sentieren. Das Birkenhof-Fest lockt traditionsgem\u00e4\u00df im zweij\u00e4hrigen Rhythmus hunderte Besucher in den Sinner Ortsteil. \u201eWichtig ist es uns, dass diese Veranstaltung dazu beitr\u00e4gt, das Miteinander im Ort zu f\u00f6rdern und die Ortsgemeinschaft gest\u00e4rkt wird\u201c, so Hofmann. Ein H\u00f6hepunkt des ersten Tages ist die beliebte \u201eEdinger Schlepper-Quadrille\u201c mit 22 Traktoren, deren Choreographie bereits sechs Wochen im Vorfeld einstudiert wird. Auch die \u201eBirkenhof-Rallye\u201c mit den Edinger Ortsvereinen, die stets f\u00fcr viel Begeisterung gesorgt hat, erf\u00e4hrt dieses Jahr eine Neulauflage.<br \/>\nEbenfalls ein Publikumsmagnet ist die vor zwei Jahren erstmals eingef\u00fchrte Reithallen-Disco-Party mit Cocktail-Bar. \u201eBei der Premiere vor zwei Jahren hatten wir bereits 800 Besucher\u201c, blickt Hofmann zur\u00fcck und verspricht: \u201eF\u00fcr dieses Jahr haben wir auch in Sachen Musikanlage noch einmal geh\u00f6rig aufger\u00fcstet.\u201c<br \/>\nBevor die Party startet, gibt es bereits ab 12.30 Uhr ein abwechslungsreiches Programm f\u00fcr Gro\u00df und Klein: Reitsch\u00fcler, Einsteller, Mitglieder der Ortsvereine und die Birkenhof-Mitarbeiter haben einiges vorbereitet \u2013 von Darbietungen \u00fcber Pferdefu\u00dfball bis hin zu Ponyreiten, H\u00fcpfburg und Infost\u00e4nden. \u201eDar\u00fcber hinaus wollen wir der Bev\u00f6lkerung unsere t\u00e4gliche Arbeit als \u00f6kologisch wirtschaftender landwirtschaftlicher Betrieb mit dem Schwerpunkt Pferdehaltung n\u00e4herbringen\u201c, f\u00fcgte Hofmann hinzu.<br \/>\nDer Festsonntag beginnt um 11 Uhr mit einem Gottesdienst, gefolgt von Fr\u00fchschoppen mit Musik der \u201eSilver Birds\u201c. Auch in diesem Jahr stehen wieder eine Tombola mit attraktiven Preisen sowie die beliebte Benefizfahrt der Oldtimer-IG Dill auf dem Programm. Gegen eine kleine Spende sind ab 12 Uhr auf der \u201eDiesel-Wiese\u201c, wie Hofmann sie augenzwinkernd nennt, kleine Sonderfahrten in den rund 25 schmucken Gef\u00e4hrten m\u00f6glich. Die Einnahmen aus den Fahrten und aus der Tombola unterst\u00fctzen die Lebenshilfe Dillenburg. \u201eWir freuen uns sehr, dass wir wieder als Beg\u00fcnstigte ausgew\u00e4hlt wurden\u201c, sagt Lebenshilfe-Vorstand Dirk Botzon erfreut. Der Verein, der sich f\u00fcr Menschen mit Behinderungen einsetzt, hat einen besonderen Bezug zum Birkenhof Edingen. Seit bereits elf Jahren ist \u00fcber die Betriebsintegrierte Besch\u00e4ftigung ein Mitarbeiter aus den Dillenburger Werkst\u00e4tten auf dem Birkenhof t\u00e4tig und ist im Team nicht mehr wegzudenken.<\/p>\n<figure id=\"attachment_4660\" aria-describedby=\"caption-attachment-4660\" style=\"width: 600px\" class=\"wp-caption aligncenter\"><a href=\"https:\/\/lebenshilfe-dillenburg.de\/wp-content\/uploads\/edinger-schlepper-quadrille-auf-dem-feld.jpg\"><img loading=\"lazy\" decoding=\"async\" class=\"size-medium wp-image-4660\" src=\"https:\/\/lebenshilfe-dillenburg.de\/wp-content\/uploads\/2024\/06\/zehn-jahre-pferdestaerke-auf-dem-birkenhof-dsc-0515-600x400.jpg\" alt=\"\" width=\"600\" height=\"400\" \/><\/a><figcaption id=\"caption-attachment-4660\" class=\"wp-caption-text\">Ein Highlight des Wochenendes wird auch diesmal wieder die Edinger Schlepper-Quadrille sein. (Archivfoto: Hofmann)<\/figcaption><\/figure>\n","protected":false},"excerpt":{"rendered":"<p>Der Birkenhof Edingen l\u00e4dt unter Mitwirkung der Pferdefreunde Birkenhof, der Ortsvereine, der Oldtimer-IG Dill und erstmals auch der Einachser- und Traktorfreunde aus Bicken und Ulm zu seinem nun schon zehnten Hoffest ein. Traktoren, Oldtimer, Pferde \u2013 am 29. und 30. Juni kommen ab jeweils 11 Uhr Freunde aller Pferdest\u00e4rken wieder voll auf ihre Kosten. \u201eSogar&#8230;<\/p>\n","protected":false},"author":4,"featured_media":7302,"comment_status":"closed","ping_status":"closed","sticky":false,"template":"","format":"standard","meta":{"_acf_changed":false,"_gspb_post_css":"","_kad_blocks_custom_css":"","_kad_blocks_head_custom_js":"","_kad_blocks_body_custom_js":"","_kad_blocks_footer_custom_js":"","_kad_post_transparent":"","_kad_post_title":"","_kad_post_layout":"","_kad_post_sidebar_id":"","_kad_post_content_style":"","_kad_post_vertical_padding":"","_kad_post_feature":"","_kad_post_feature_position":"","_kad_post_header":false,"_kad_post_footer":false,"_kad_post_classname":"","footnotes":""},"categories":[53],"tags":[],"class_list":["post-7255","post","type-post","status-publish","format-standard","has-post-thumbnail","hentry","category-meldungen"],"acf":[],"yoast_head":"<!-- This site is optimized with the Yoast SEO plugin v27.5 - https:\/\/yoast.com\/product\/yoast-seo-wordpress\/ -->\n<title>Pferde, Oldtimer und Traktoren: Zehn Jahre Hoffest - Lebenshilfe Dillenburg e.V.<\/title>\n<meta name=\"robots\" content=\"index, follow, max-snippet:-1, max-image-preview:large, max-video-preview:-1\" \/>\n<link rel=\"canonical\" href=\"https:\/\/lebenshilfe-dillenburg.de\/leicht\/pferde-oldtimer-und-traktoren-zehn-jahre-hoffest\/\" \/>\n<meta property=\"og:locale\" content=\"de_DE\" \/>\n<meta property=\"og:type\" content=\"article\" \/>\n<meta property=\"og:title\" content=\"Pferde, Oldtimer und Traktoren: Zehn Jahre Hoffest - Lebenshilfe Dillenburg e.V.\" \/>\n<meta property=\"og:description\" content=\"Der Birkenhof Edingen l\u00e4dt unter Mitwirkung der Pferdefreunde Birkenhof, der Ortsvereine, der Oldtimer-IG Dill und erstmals auch der Einachser- und Traktorfreunde aus Bicken und Ulm zu seinem nun schon zehnten Hoffest ein. Traktoren, Oldtimer, Pferde \u2013 am 29. und 30. Juni kommen ab jeweils 11 Uhr Freunde aller Pferdest\u00e4rken wieder voll auf ihre Kosten. \u201eSogar...\" \/>\n<meta property=\"og:url\" content=\"https:\/\/lebenshilfe-dillenburg.de\/leicht\/pferde-oldtimer-und-traktoren-zehn-jahre-hoffest\/\" \/>\n<meta property=\"og:site_name\" content=\"Lebenshilfe Dillenburg e.V.\" \/>\n<meta property=\"article:publisher\" content=\"https:\/\/www.facebook.com\/lebenshilfedillenburg\/\" \/>\n<meta property=\"article:published_time\" content=\"2024-06-27T09:08:15+00:00\" \/>\n<meta property=\"article:modified_time\" content=\"2026-01-30T11:09:43+00:00\" \/>\n<meta property=\"og:image\" content=\"https:\/\/lebenshilfe-dillenburg.de\/wp-content\/uploads\/zehn-jahre-pferdestaerke-auf-dem-birkenhof-img-4523-scaled-1.jpg\" \/>\n\t<meta property=\"og:image:width\" content=\"2560\" \/>\n\t<meta property=\"og:image:height\" content=\"1707\" \/>\n\t<meta property=\"og:image:type\" content=\"image\/jpeg\" \/>\n<meta name=\"author\" content=\"Conny Holtfoth\" \/>\n<meta name=\"twitter:card\" content=\"summary_large_image\" \/>\n<meta name=\"twitter:label1\" content=\"Geschrieben von\" \/>\n\t<meta name=\"twitter:data1\" content=\"Conny Holtfoth\" \/>\n\t<meta name=\"twitter:label2\" content=\"Gesch\u00e4tzte Lesezeit\" \/>\n\t<meta name=\"twitter:data2\" content=\"2\u00a0Minuten\" \/>\n<script type=\"application\/ld+json\" class=\"yoast-schema-graph\">{\"@context\":\"https:\\\/\\\/schema.org\",\"@graph\":[{\"@type\":\"Article\",\"@id\":\"https:\\\/\\\/lebenshilfe-dillenburg.de\\\/leicht\\\/pferde-oldtimer-und-traktoren-zehn-jahre-hoffest\\\/#article\",\"isPartOf\":{\"@id\":\"https:\\\/\\\/lebenshilfe-dillenburg.de\\\/leicht\\\/pferde-oldtimer-und-traktoren-zehn-jahre-hoffest\\\/\"},\"author\":{\"name\":\"Conny Holtfoth\",\"@id\":\"https:\\\/\\\/lebenshilfe-dillenburg.de\\\/leicht\\\/#\\\/schema\\\/person\\\/b6c52dad8d881b49213c3345a7cd5efe\"},\"headline\":\"Pferde, Oldtimer und Traktoren: Zehn Jahre Hoffest\",\"datePublished\":\"2024-06-27T09:08:15+00:00\",\"dateModified\":\"2026-01-30T11:09:43+00:00\",\"mainEntityOfPage\":{\"@id\":\"https:\\\/\\\/lebenshilfe-dillenburg.de\\\/leicht\\\/pferde-oldtimer-und-traktoren-zehn-jahre-hoffest\\\/\"},\"wordCount\":454,\"publisher\":{\"@id\":\"https:\\\/\\\/lebenshilfe-dillenburg.de\\\/leicht\\\/#organization\"},\"image\":{\"@id\":\"https:\\\/\\\/lebenshilfe-dillenburg.de\\\/leicht\\\/pferde-oldtimer-und-traktoren-zehn-jahre-hoffest\\\/#primaryimage\"},\"thumbnailUrl\":\"https:\\\/\\\/lebenshilfe-dillenburg.de\\\/wp-content\\\/uploads\\\/oldtimer-ausfahrt-rote-triumph-tr6-cabrio.jpg\",\"articleSection\":[\"Meldungen\"],\"inLanguage\":\"de\"},{\"@type\":\"WebPage\",\"@id\":\"https:\\\/\\\/lebenshilfe-dillenburg.de\\\/leicht\\\/pferde-oldtimer-und-traktoren-zehn-jahre-hoffest\\\/\",\"url\":\"https:\\\/\\\/lebenshilfe-dillenburg.de\\\/leicht\\\/pferde-oldtimer-und-traktoren-zehn-jahre-hoffest\\\/\",\"name\":\"Pferde, Oldtimer und Traktoren: Zehn Jahre Hoffest - Lebenshilfe Dillenburg e.V.\",\"isPartOf\":{\"@id\":\"https:\\\/\\\/lebenshilfe-dillenburg.de\\\/leicht\\\/#website\"},\"primaryImageOfPage\":{\"@id\":\"https:\\\/\\\/lebenshilfe-dillenburg.de\\\/leicht\\\/pferde-oldtimer-und-traktoren-zehn-jahre-hoffest\\\/#primaryimage\"},\"image\":{\"@id\":\"https:\\\/\\\/lebenshilfe-dillenburg.de\\\/leicht\\\/pferde-oldtimer-und-traktoren-zehn-jahre-hoffest\\\/#primaryimage\"},\"thumbnailUrl\":\"https:\\\/\\\/lebenshilfe-dillenburg.de\\\/wp-content\\\/uploads\\\/oldtimer-ausfahrt-rote-triumph-tr6-cabrio.jpg\",\"datePublished\":\"2024-06-27T09:08:15+00:00\",\"dateModified\":\"2026-01-30T11:09:43+00:00\",\"breadcrumb\":{\"@id\":\"https:\\\/\\\/lebenshilfe-dillenburg.de\\\/leicht\\\/pferde-oldtimer-und-traktoren-zehn-jahre-hoffest\\\/#breadcrumb\"},\"inLanguage\":\"de\",\"potentialAction\":[{\"@type\":\"ReadAction\",\"target\":[\"https:\\\/\\\/lebenshilfe-dillenburg.de\\\/leicht\\\/pferde-oldtimer-und-traktoren-zehn-jahre-hoffest\\\/\"]}]},{\"@type\":\"ImageObject\",\"inLanguage\":\"de\",\"@id\":\"https:\\\/\\\/lebenshilfe-dillenburg.de\\\/leicht\\\/pferde-oldtimer-und-traktoren-zehn-jahre-hoffest\\\/#primaryimage\",\"url\":\"https:\\\/\\\/lebenshilfe-dillenburg.de\\\/wp-content\\\/uploads\\\/oldtimer-ausfahrt-rote-triumph-tr6-cabrio.jpg\",\"contentUrl\":\"https:\\\/\\\/lebenshilfe-dillenburg.de\\\/wp-content\\\/uploads\\\/oldtimer-ausfahrt-rote-triumph-tr6-cabrio.jpg\",\"width\":1500,\"height\":1000,\"caption\":\"Schmucke Gef\u00e4hrte fahren auch diesmal wieder f\u00fcr den guten Zweck (Archivfoto: Holtfoth)\"},{\"@type\":\"BreadcrumbList\",\"@id\":\"https:\\\/\\\/lebenshilfe-dillenburg.de\\\/leicht\\\/pferde-oldtimer-und-traktoren-zehn-jahre-hoffest\\\/#breadcrumb\",\"itemListElement\":[{\"@type\":\"ListItem\",\"position\":1,\"name\":\"Startseite der Lebenshilfe Dillenburg\",\"item\":\"https:\\\/\\\/lebenshilfe-dillenburg.de\\\/leicht\\\/\"},{\"@type\":\"ListItem\",\"position\":2,\"name\":\"Pferde, Oldtimer und Traktoren: Zehn Jahre Hoffest\"}]},{\"@type\":\"WebSite\",\"@id\":\"https:\\\/\\\/lebenshilfe-dillenburg.de\\\/leicht\\\/#website\",\"url\":\"https:\\\/\\\/lebenshilfe-dillenburg.de\\\/leicht\\\/\",\"name\":\"Lebenshilfe Dillenburg \u2013 Teilhabe & Unterst\u00fctzung im Lahn-Dill-Kreis\",\"description\":\"\",\"publisher\":{\"@id\":\"https:\\\/\\\/lebenshilfe-dillenburg.de\\\/leicht\\\/#organization\"},\"potentialAction\":[{\"@type\":\"SearchAction\",\"target\":{\"@type\":\"EntryPoint\",\"urlTemplate\":\"https:\\\/\\\/lebenshilfe-dillenburg.de\\\/leicht\\\/?s={search_term_string}\"},\"query-input\":{\"@type\":\"PropertyValueSpecification\",\"valueRequired\":true,\"valueName\":\"search_term_string\"}}],\"inLanguage\":\"de\"},{\"@type\":\"Organization\",\"@id\":\"https:\\\/\\\/lebenshilfe-dillenburg.de\\\/leicht\\\/#organization\",\"name\":\"Lebenshilfe Dillenburg e.V.\",\"url\":\"https:\\\/\\\/lebenshilfe-dillenburg.de\\\/leicht\\\/\",\"logo\":{\"@type\":\"ImageObject\",\"inLanguage\":\"de\",\"@id\":\"https:\\\/\\\/lebenshilfe-dillenburg.de\\\/leicht\\\/#\\\/schema\\\/logo\\\/image\\\/\",\"url\":\"https:\\\/\\\/lebenshilfe-dillenburg.de\\\/wp-content\\\/uploads\\\/lebenshilfe-dillenburg-desktop.webp\",\"contentUrl\":\"https:\\\/\\\/lebenshilfe-dillenburg.de\\\/wp-content\\\/uploads\\\/lebenshilfe-dillenburg-desktop.webp\",\"width\":461,\"height\":202,\"caption\":\"Lebenshilfe Dillenburg e.V.\"},\"image\":{\"@id\":\"https:\\\/\\\/lebenshilfe-dillenburg.de\\\/leicht\\\/#\\\/schema\\\/logo\\\/image\\\/\"},\"sameAs\":[\"https:\\\/\\\/www.facebook.com\\\/lebenshilfedillenburg\\\/\",\"https:\\\/\\\/www.instagram.com\\\/lebenshilfe_dillenburg\\\/\"]},{\"@type\":\"Person\",\"@id\":\"https:\\\/\\\/lebenshilfe-dillenburg.de\\\/leicht\\\/#\\\/schema\\\/person\\\/b6c52dad8d881b49213c3345a7cd5efe\",\"name\":\"Conny Holtfoth\",\"sameAs\":[\"http:\\\/\\\/lebenshilfe-dillenburg.de\"],\"url\":\"https:\\\/\\\/lebenshilfe-dillenburg.de\\\/leicht\\\/author\\\/conny\\\/\"}]}<\/script>\n<!-- \/ Yoast SEO plugin. -->","yoast_head_json":{"title":"Pferde, Oldtimer und Traktoren: Zehn Jahre Hoffest - Lebenshilfe Dillenburg e.V.","robots":{"index":"index","follow":"follow","max-snippet":"max-snippet:-1","max-image-preview":"max-image-preview:large","max-video-preview":"max-video-preview:-1"},"canonical":"https:\/\/lebenshilfe-dillenburg.de\/leicht\/pferde-oldtimer-und-traktoren-zehn-jahre-hoffest\/","og_locale":"de_DE","og_type":"article","og_title":"Pferde, Oldtimer und Traktoren: Zehn Jahre Hoffest - Lebenshilfe Dillenburg e.V.","og_description":"Der Birkenhof Edingen l\u00e4dt unter Mitwirkung der Pferdefreunde Birkenhof, der Ortsvereine, der Oldtimer-IG Dill und erstmals auch der Einachser- und Traktorfreunde aus Bicken und Ulm zu seinem nun schon zehnten Hoffest ein. Traktoren, Oldtimer, Pferde \u2013 am 29. und 30. Juni kommen ab jeweils 11 Uhr Freunde aller Pferdest\u00e4rken wieder voll auf ihre Kosten. \u201eSogar...","og_url":"https:\/\/lebenshilfe-dillenburg.de\/leicht\/pferde-oldtimer-und-traktoren-zehn-jahre-hoffest\/","og_site_name":"Lebenshilfe Dillenburg e.V.","article_publisher":"https:\/\/www.facebook.com\/lebenshilfedillenburg\/","article_published_time":"2024-06-27T09:08:15+00:00","article_modified_time":"2026-01-30T11:09:43+00:00","og_image":[{"width":2560,"height":1707,"url":"https:\/\/lebenshilfe-dillenburg.de\/wp-content\/uploads\/zehn-jahre-pferdestaerke-auf-dem-birkenhof-img-4523-scaled-1.jpg","type":"image\/jpeg"}],"author":"Conny Holtfoth","twitter_card":"summary_large_image","twitter_misc":{"Geschrieben von":"Conny Holtfoth","Gesch\u00e4tzte Lesezeit":"2\u00a0Minuten"},"schema":{"@context":"https:\/\/schema.org","@graph":[{"@type":"Article","@id":"https:\/\/lebenshilfe-dillenburg.de\/leicht\/pferde-oldtimer-und-traktoren-zehn-jahre-hoffest\/#article","isPartOf":{"@id":"https:\/\/lebenshilfe-dillenburg.de\/leicht\/pferde-oldtimer-und-traktoren-zehn-jahre-hoffest\/"},"author":{"name":"Conny Holtfoth","@id":"https:\/\/lebenshilfe-dillenburg.de\/leicht\/#\/schema\/person\/b6c52dad8d881b49213c3345a7cd5efe"},"headline":"Pferde, Oldtimer und Traktoren: Zehn Jahre Hoffest","datePublished":"2024-06-27T09:08:15+00:00","dateModified":"2026-01-30T11:09:43+00:00","mainEntityOfPage":{"@id":"https:\/\/lebenshilfe-dillenburg.de\/leicht\/pferde-oldtimer-und-traktoren-zehn-jahre-hoffest\/"},"wordCount":454,"publisher":{"@id":"https:\/\/lebenshilfe-dillenburg.de\/leicht\/#organization"},"image":{"@id":"https:\/\/lebenshilfe-dillenburg.de\/leicht\/pferde-oldtimer-und-traktoren-zehn-jahre-hoffest\/#primaryimage"},"thumbnailUrl":"https:\/\/lebenshilfe-dillenburg.de\/wp-content\/uploads\/oldtimer-ausfahrt-rote-triumph-tr6-cabrio.jpg","articleSection":["Meldungen"],"inLanguage":"de"},{"@type":"WebPage","@id":"https:\/\/lebenshilfe-dillenburg.de\/leicht\/pferde-oldtimer-und-traktoren-zehn-jahre-hoffest\/","url":"https:\/\/lebenshilfe-dillenburg.de\/leicht\/pferde-oldtimer-und-traktoren-zehn-jahre-hoffest\/","name":"Pferde, Oldtimer und Traktoren: Zehn Jahre Hoffest - Lebenshilfe Dillenburg e.V.","isPartOf":{"@id":"https:\/\/lebenshilfe-dillenburg.de\/leicht\/#website"},"primaryImageOfPage":{"@id":"https:\/\/lebenshilfe-dillenburg.de\/leicht\/pferde-oldtimer-und-traktoren-zehn-jahre-hoffest\/#primaryimage"},"image":{"@id":"https:\/\/lebenshilfe-dillenburg.de\/leicht\/pferde-oldtimer-und-traktoren-zehn-jahre-hoffest\/#primaryimage"},"thumbnailUrl":"https:\/\/lebenshilfe-dillenburg.de\/wp-content\/uploads\/oldtimer-ausfahrt-rote-triumph-tr6-cabrio.jpg","datePublished":"2024-06-27T09:08:15+00:00","dateModified":"2026-01-30T11:09:43+00:00","breadcrumb":{"@id":"https:\/\/lebenshilfe-dillenburg.de\/leicht\/pferde-oldtimer-und-traktoren-zehn-jahre-hoffest\/#breadcrumb"},"inLanguage":"de","potentialAction":[{"@type":"ReadAction","target":["https:\/\/lebenshilfe-dillenburg.de\/leicht\/pferde-oldtimer-und-traktoren-zehn-jahre-hoffest\/"]}]},{"@type":"ImageObject","inLanguage":"de","@id":"https:\/\/lebenshilfe-dillenburg.de\/leicht\/pferde-oldtimer-und-traktoren-zehn-jahre-hoffest\/#primaryimage","url":"https:\/\/lebenshilfe-dillenburg.de\/wp-content\/uploads\/oldtimer-ausfahrt-rote-triumph-tr6-cabrio.jpg","contentUrl":"https:\/\/lebenshilfe-dillenburg.de\/wp-content\/uploads\/oldtimer-ausfahrt-rote-triumph-tr6-cabrio.jpg","width":1500,"height":1000,"caption":"Schmucke Gef\u00e4hrte fahren auch diesmal wieder f\u00fcr den guten Zweck (Archivfoto: Holtfoth)"},{"@type":"BreadcrumbList","@id":"https:\/\/lebenshilfe-dillenburg.de\/leicht\/pferde-oldtimer-und-traktoren-zehn-jahre-hoffest\/#breadcrumb","itemListElement":[{"@type":"ListItem","position":1,"name":"Startseite der Lebenshilfe Dillenburg","item":"https:\/\/lebenshilfe-dillenburg.de\/leicht\/"},{"@type":"ListItem","position":2,"name":"Pferde, Oldtimer und Traktoren: Zehn Jahre Hoffest"}]},{"@type":"WebSite","@id":"https:\/\/lebenshilfe-dillenburg.de\/leicht\/#website","url":"https:\/\/lebenshilfe-dillenburg.de\/leicht\/","name":"Lebenshilfe Dillenburg \u2013 Teilhabe & Unterst\u00fctzung im Lahn-Dill-Kreis","description":"","publisher":{"@id":"https:\/\/lebenshilfe-dillenburg.de\/leicht\/#organization"},"potentialAction":[{"@type":"SearchAction","target":{"@type":"EntryPoint","urlTemplate":"https:\/\/lebenshilfe-dillenburg.de\/leicht\/?s={search_term_string}"},"query-input":{"@type":"PropertyValueSpecification","valueRequired":true,"valueName":"search_term_string"}}],"inLanguage":"de"},{"@type":"Organization","@id":"https:\/\/lebenshilfe-dillenburg.de\/leicht\/#organization","name":"Lebenshilfe Dillenburg e.V.","url":"https:\/\/lebenshilfe-dillenburg.de\/leicht\/","logo":{"@type":"ImageObject","inLanguage":"de","@id":"https:\/\/lebenshilfe-dillenburg.de\/leicht\/#\/schema\/logo\/image\/","url":"https:\/\/lebenshilfe-dillenburg.de\/wp-content\/uploads\/lebenshilfe-dillenburg-desktop.webp","contentUrl":"https:\/\/lebenshilfe-dillenburg.de\/wp-content\/uploads\/lebenshilfe-dillenburg-desktop.webp","width":461,"height":202,"caption":"Lebenshilfe Dillenburg e.V."},"image":{"@id":"https:\/\/lebenshilfe-dillenburg.de\/leicht\/#\/schema\/logo\/image\/"},"sameAs":["https:\/\/www.facebook.com\/lebenshilfedillenburg\/","https:\/\/www.instagram.com\/lebenshilfe_dillenburg\/"]},{"@type":"Person","@id":"https:\/\/lebenshilfe-dillenburg.de\/leicht\/#\/schema\/person\/b6c52dad8d881b49213c3345a7cd5efe","name":"Conny Holtfoth","sameAs":["http:\/\/lebenshilfe-dillenburg.de"],"url":"https:\/\/lebenshilfe-dillenburg.de\/leicht\/author\/conny\/"}]}},"taxonomy_info":{"category":[{"value":53,"label":"Meldungen"}]},"featured_image_src_large":["https:\/\/lebenshilfe-dillenburg.de\/wp-content\/uploads\/oldtimer-ausfahrt-rote-triumph-tr6-cabrio-1920x1280.jpg",1366,911,true],"author_info":{"display_name":"Conny Holtfoth","author_link":"https:\/\/lebenshilfe-dillenburg.de\/leicht\/author\/conny\/"},"comment_info":0,"category_info":[{"term_id":53,"name":"Meldungen","slug":"meldungen","term_group":0,"term_taxonomy_id":53,"taxonomy":"category","description":"","parent":0,"count":127,"filter":"raw","term_order":"5","cat_ID":53,"category_count":127,"category_description":"","cat_name":"Meldungen","category_nicename":"meldungen","category_parent":0}],"tag_info":false,"_links":{"self":[{"href":"https:\/\/lebenshilfe-dillenburg.de\/leicht\/wp-json\/wp\/v2\/posts\/7255","targetHints":{"allow":["GET"]}}],"collection":[{"href":"https:\/\/lebenshilfe-dillenburg.de\/leicht\/wp-json\/wp\/v2\/posts"}],"about":[{"href":"https:\/\/lebenshilfe-dillenburg.de\/leicht\/wp-json\/wp\/v2\/types\/post"}],"author":[{"embeddable":true,"href":"https:\/\/lebenshilfe-dillenburg.de\/leicht\/wp-json\/wp\/v2\/users\/4"}],"replies":[{"embeddable":true,"href":"https:\/\/lebenshilfe-dillenburg.de\/leicht\/wp-json\/wp\/v2\/comments?post=7255"}],"version-history":[{"count":0,"href":"https:\/\/lebenshilfe-dillenburg.de\/leicht\/wp-json\/wp\/v2\/posts\/7255\/revisions"}],"wp:featuredmedia":[{"embeddable":true,"href":"https:\/\/lebenshilfe-dillenburg.de\/leicht\/wp-json\/wp\/v2\/media\/7302"}],"wp:attachment":[{"href":"https:\/\/lebenshilfe-dillenburg.de\/leicht\/wp-json\/wp\/v2\/media?parent=7255"}],"wp:term":[{"taxonomy":"category","embeddable":true,"href":"https:\/\/lebenshilfe-dillenburg.de\/leicht\/wp-json\/wp\/v2\/categories?post=7255"},{"taxonomy":"post_tag","embeddable":true,"href":"https:\/\/lebenshilfe-dillenburg.de\/leicht\/wp-json\/wp\/v2\/tags?post=7255"}],"curies":[{"name":"wp","href":"https:\/\/api.w.org\/{rel}","templated":true}]}}