{"id":7256,"date":"2024-07-09T10:17:06","date_gmt":"2024-07-09T08:17:06","guid":{"rendered":"https:\/\/www.lebenshilfe-dillenburg.de\/?p=4677"},"modified":"2026-01-30T12:09:42","modified_gmt":"2026-01-30T11:09:42","slug":"heinigk-fuehrt-aufsichtsrat-an","status":"publish","type":"post","link":"https:\/\/lebenshilfe-dillenburg.de\/leicht\/heinigk-fuehrt-aufsichtsrat-an\/","title":{"rendered":"Heinigk f\u00fchrt Aufsichtsrat an"},"content":{"rendered":"<p>Wechsel im Aufsichtsrat der Lebenshilfe Dillenburg: Im Rahmen der Jahreshauptversammlung ist am Donnerstagabend in Manderbach Christoph Heinigk einstimmig zum neuen Vorsitzenden gew\u00e4hlt worden. Der 59-J\u00e4hrige tritt damit die Nachfolge von Michael Koch an, der sein Amt niedergelegt hat. Ebenfalls einstimmig bestimmten die Vereinsmitglieder die bisherige Beisitzerin Pia Graf zur zweiten Vorsitzenden.<!--more--><\/p>\n<p>\u201eMediziner und Mediator. Ein Gesicht der Lebenshilfe Dillenburg.\u201c So beschrieb der frischgew\u00e4hlte Aufsichtsratsvorsitzende Heinigk seinen Vorg\u00e4nger. \u00dcber 30 Jahre war Koch mit der Lebenshilfe Dillenburg eng verbunden &#8211; zun\u00e4chst als Betriebsarzt, dann als stellvertretender Vorsitzender des Aufsichtsrats, bevor er vor zwei Jahren Nachfolger von J\u00fcrgen Raab an der Spitze des Aufsichtsrats wurde. \u201eIch habe die Lebenshilfe Dillenburg in all den Jahren als ein organisches System erlebt\u201c, sagte Koch in seiner abschlie\u00dfenden Rede. \u201eWie ein Baum mit vielen \u00c4sten und Zweigen, bei dem harmonisch alles zusammenpasst: 20 Standorte und trotzdem ein Gef\u00fchl der Zusammengeh\u00f6rigkeit.\u201c<\/p>\n<p>Mit Heinigk \u00fcbernimmt nun jemand das Ruder im Aufsichtsrat, dessen Mindset dem seines Vorg\u00e4ngers nicht un\u00e4hnlich sei, wie Koch betonte. Der Rechtsanwalt und Notar, spezialisiert auf Erbrecht und Familienrecht, und seit 2019 Mitglied im Aufsichtsrat, sei im Austausch stets offen, kritisch und konstruktiv. Sie beide seien Typen, die Konflikte nicht suchen, aber auch nicht scheuen, best\u00e4tigte auch Heinigk. Seine Stellvertreterin ist bei der Lebenshilfe Dillenburg ebenfalls keine Unbekannte: Seit der Geburt von Grafs Sohn, der 1996 mit dem Down-Syndrom auf die Welt kam, ist die 53-J\u00e4hrige aus Arborn mit der Lebenshilfe Dillenburg eng verwoben. \u201eIch m\u00f6chte durch mein Amt der Lebenshilfe Dillenburg etwas von dem zur\u00fcckgeben, was sie f\u00fcr meine Familie getan hat\u201c, erkl\u00e4rte sie.<\/p>\n<p>Neben Heinigk und Graf wurden auch neue Aufsichtsratsmitglieder ernannt. Dr. Jeannine Schreiner scheidet als Beisitzerin aus. Heinigk dankte ihr f\u00fcr ihre ausgezeichnete medizinische Expertise. Sie betonte ebenso wie Koch, dem Verein auch k\u00fcnftig als Ansprechpartner zur Verf\u00fcgung zu stehen. Neu hinzugekommen sind Dagmar Neumann, ehemalige Pflegedienstleitung im \u201eHaus des Lebens\u201c in Herborn, und Friedhelm Gail, Ausbilder und Schwerbehindertenvertreter bei Outokumpu. Als Eltern von Kindern mit Behinderung haben beide enge Ber\u00fchrungspunkte zur Lebenshilfe Dillenburg. Andrea Hentschel, Rolf Stiebing, Christine Blanke, Uwe Rompf und Volker Sch\u00f6nau wurden einstimmig als Beisitzer best\u00e4tigt.<\/p>\n<p>Trotz der Herausforderungen w\u00e4hrend und nach der Corona-Krise konnte die Lebenshilfe Dillenburg einen positiven Jahresabschluss f\u00fcr das Gesch\u00e4ftsjahr 2023 verzeichnen. Die Personalnachbesetzung verlief erfolgreich, die Organisation \u00fcberzeugte als attraktiver Arbeitgeber. Zudem war die Lebenshilfe Dillenburg einer der ersten Tr\u00e4ger, der gleich nach der Einf\u00fchrung der drei neuen hessischen Rahmenvertr\u00e4ge im Bundesteilhabegesetz in der Lage war, nach dem neuen System abzurechnen.<\/p>\n<p>Die Digitalisierung schreitet auch innerhalb der Lebenshilfe Dillenburg voran. Den Anfang hat die Einf\u00fchrung der Digitalen Klientenakte gemacht. Weitere Projekte zur Verschlankung der Prozesse stehen bereits in den Startl\u00f6chern. \u201eDigitalisierung bietet gro\u00dfes Potential, denn sie gibt unseren Mitarbeitenden langfristig die M\u00f6glichkeit, sich auf den Kern ihrer Arbeit zu konzentrieren: die Begleitung der Menschen, die sie betreuen\u201c, betonte Vorstands-Mitglied Dr. Oliver Schmitzer.<\/p>\n<p>Die geplanten Bauma\u00dfnahmen stellen den Verein vor gro\u00dfe Herausforderungen. Der Ersatzneubau in Eibelshausen schien bereits in trockenen T\u00fcchern, doch die einschneidenden Ver\u00e4nderungen auf dem Bau- und Finanzierungssektor im Zuge des Ukraine-Kriegs sorgten daf\u00fcr, dass das Vorhaben scheiterte. Aktuell laufen Gespr\u00e4che mit zwei neuen Investoren.<\/p>\n<p>Ein weiteres, zwingend notwendiges Vorhaben betrifft die Wohnanlage Manderbach. \u201eUnd dieser Ersatzneubau wird im Umfang sehr aufwendig\u201c, so Vorstandsmitglied Dirk Botzon. Denn auf dem bestehenden Grundst\u00fcck m\u00fcssen die vier in die Jahre gekommenen H\u00e4user schrittweise abgerissen und neu gebaut werden, ohne den Betrieb zu unterbrechen. Zudem plant die Lebenshilfe Dillenburg den Bau einer neuen Verwaltung auf ihrem Grundst\u00fcck im Haigerer Erlach, da die Kapazit\u00e4ten am Standort Forstdenkmal in Dillenburg ersch\u00f6pft sind und dort nicht erweitert werden k\u00f6nnen.<\/p>\n<p><strong>Ehrungen: <\/strong><\/p>\n<p><em><strong>25 Jahre<\/strong><\/em><\/p>\n<p>Monika Reinhard, Christel Straub, Ralf Turk, Daniela Malik, Bernd Heck, Regina Tenne, Karina K\u00e4ppele, Peter M\u00fcller, Bianka Hollerbach, Bettina Lehr, Reifen Schmidt, Christine Weiss, Dr. med. Wilhelm Hirlinger, Kornelia Meyer-Koop, Liane Schiller, Daniel Bedenbender, Daniela Trippen-Kohl, Eberhard Greeb, Benjamin Greeb, Iris Schech, Marko Best, Christina Bertrand, Anja Schocher, Antje Rau, Marita Hof, Gerlinde Fuchs.<\/p>\n<p><a href=\"https:\/\/lebenshilfe-dillenburg.de\/wp-content\/uploads\/kollegen-gruppenfoto-ehrung-mit-sonnenblumen.jpg\"><img loading=\"lazy\" decoding=\"async\" class=\"size-medium wp-image-4679 aligncenter\" src=\"https:\/\/lebenshilfe-dillenburg.de\/wp-content\/uploads\/2024\/07\/heinigk-erhaelt-vorsitz-im-aufsichtsrat-img-2242-600x450.jpg\" alt=\"\" width=\"600\" height=\"450\" \/><\/a><\/p>\n<p><em><strong>40 Jahre<\/strong><\/em><\/p>\n<p>Inge Sch\u00f6ndorf, Orthop\u00e4die-Technik Brauns, Hanni Hen\u00df, Silke Kr\u00e4tzer, Iris Seibert, Bernd Kaiser.<\/p>\n<p><a href=\"https:\/\/lebenshilfe-dillenburg.de\/wp-content\/uploads\/ehrung-mitglieder-sonnenblumen-geschenkpakete.jpg\"><img loading=\"lazy\" decoding=\"async\" class=\"size-medium wp-image-4680 aligncenter\" src=\"https:\/\/lebenshilfe-dillenburg.de\/wp-content\/uploads\/2024\/07\/heinigk-erhaelt-vorsitz-im-aufsichtsrat-img-2246-600x450.jpg\" alt=\"\" width=\"600\" height=\"450\" \/><\/a><\/p>\n<p><em><strong>50 Jahre<\/strong><\/em><\/p>\n<p>Evang. Kirchengemeinde Oberro\u00dfbach, Evang. Kirchengemeinde Sch\u00f6nbach\/Erdbach, Evang. Kirchengemeinde Driedorf, Evang. Kirchengemeinde Breitscheid, Evang. Kirchengemeinde Allendorf, Evang. Kirche Dillenburg \u2013 Gemeindeamt, Evang. Kirchengemeinde Eiershausen, Eugen Enseroth, Rudi Seibert, Evang. Kirchengemeinde Seelbach, Evang. Kirchengemeinde Eibach, Evang. Kirchengemeinde Nanzenbach, Evang. Kirchengemeinde Beilstein, Ingrid Heusler, Evang. Kirchengemeinde Frohnhausen, Evang. Kirchengemeinde Manderbach, Evang. Kirchengemeinde Sechshelden, Evang. Kirchengemeinde Fleisbach, Alfred Hennemann, Udo Kahm, Heinz M\u00fcller, Uta Kasper-Sa\u00dfmannshausen.<\/p>\n<p><a href=\"https:\/\/lebenshilfe-dillenburg.de\/wp-content\/uploads\/team-recognition-event-sunflower-gifts.jpg\"><img loading=\"lazy\" decoding=\"async\" class=\"aligncenter size-medium wp-image-4681\" src=\"https:\/\/lebenshilfe-dillenburg.de\/wp-content\/uploads\/2024\/07\/heinigk-erhaelt-vorsitz-im-aufsichtsrat-img-2249-600x450.jpg\" alt=\"\" width=\"600\" height=\"450\" \/><\/a><\/p>\n","protected":false},"excerpt":{"rendered":"<p>Wechsel im Aufsichtsrat der Lebenshilfe Dillenburg: Im Rahmen der Jahreshauptversammlung ist am Donnerstagabend in Manderbach Christoph Heinigk einstimmig zum neuen Vorsitzenden gew\u00e4hlt worden. Der 59-J\u00e4hrige tritt damit die Nachfolge von Michael Koch an, der sein Amt niedergelegt hat. Ebenfalls einstimmig bestimmten die Vereinsmitglieder die bisherige Beisitzerin Pia Graf zur zweiten Vorsitzenden.<\/p>\n","protected":false},"author":4,"featured_media":7303,"comment_status":"closed","ping_status":"closed","sticky":false,"template":"","format":"standard","meta":{"_acf_changed":false,"_gspb_post_css":"","_kad_blocks_custom_css":"","_kad_blocks_head_custom_js":"","_kad_blocks_body_custom_js":"","_kad_blocks_footer_custom_js":"","_kad_post_transparent":"","_kad_post_title":"","_kad_post_layout":"","_kad_post_sidebar_id":"","_kad_post_content_style":"","_kad_post_vertical_padding":"","_kad_post_feature":"","_kad_post_feature_position":"","_kad_post_header":false,"_kad_post_footer":false,"_kad_post_classname":"","footnotes":""},"categories":[53],"tags":[],"class_list":["post-7256","post","type-post","status-publish","format-standard","has-post-thumbnail","hentry","category-meldungen"],"acf":[],"yoast_head":"<!-- This site is optimized with the Yoast SEO plugin v27.5 - https:\/\/yoast.com\/product\/yoast-seo-wordpress\/ -->\n<title>Heinigk f\u00fchrt Aufsichtsrat an - Lebenshilfe Dillenburg e.V.<\/title>\n<meta name=\"robots\" content=\"index, follow, max-snippet:-1, max-image-preview:large, max-video-preview:-1\" \/>\n<link rel=\"canonical\" href=\"https:\/\/lebenshilfe-dillenburg.de\/leicht\/heinigk-fuehrt-aufsichtsrat-an\/\" \/>\n<meta property=\"og:locale\" content=\"de_DE\" \/>\n<meta property=\"og:type\" content=\"article\" \/>\n<meta property=\"og:title\" content=\"Heinigk f\u00fchrt Aufsichtsrat an - Lebenshilfe Dillenburg e.V.\" \/>\n<meta property=\"og:description\" content=\"Wechsel im Aufsichtsrat der Lebenshilfe Dillenburg: Im Rahmen der Jahreshauptversammlung ist am Donnerstagabend in Manderbach Christoph Heinigk einstimmig zum neuen Vorsitzenden gew\u00e4hlt worden. Der 59-J\u00e4hrige tritt damit die Nachfolge von Michael Koch an, der sein Amt niedergelegt hat. Ebenfalls einstimmig bestimmten die Vereinsmitglieder die bisherige Beisitzerin Pia Graf zur zweiten Vorsitzenden.\" \/>\n<meta property=\"og:url\" content=\"https:\/\/lebenshilfe-dillenburg.de\/leicht\/heinigk-fuehrt-aufsichtsrat-an\/\" \/>\n<meta property=\"og:site_name\" content=\"Lebenshilfe Dillenburg e.V.\" \/>\n<meta property=\"article:publisher\" content=\"https:\/\/www.facebook.com\/lebenshilfedillenburg\/\" \/>\n<meta property=\"article:published_time\" content=\"2024-07-09T08:17:06+00:00\" \/>\n<meta property=\"article:modified_time\" content=\"2026-01-30T11:09:42+00:00\" \/>\n<meta property=\"og:image\" content=\"https:\/\/lebenshilfe-dillenburg.de\/wp-content\/uploads\/heinigk-erhaelt-vorsitz-im-aufsichtsrat-img-2241-scaled-1.jpg\" \/>\n\t<meta property=\"og:image:width\" content=\"2560\" \/>\n\t<meta property=\"og:image:height\" content=\"1920\" \/>\n\t<meta property=\"og:image:type\" content=\"image\/jpeg\" \/>\n<meta name=\"author\" content=\"Conny Holtfoth\" \/>\n<meta name=\"twitter:card\" content=\"summary_large_image\" \/>\n<meta name=\"twitter:label1\" content=\"Geschrieben von\" \/>\n\t<meta name=\"twitter:data1\" content=\"Conny Holtfoth\" \/>\n\t<meta name=\"twitter:label2\" content=\"Gesch\u00e4tzte Lesezeit\" \/>\n\t<meta name=\"twitter:data2\" content=\"4\u00a0Minuten\" \/>\n<script type=\"application\/ld+json\" class=\"yoast-schema-graph\">{\"@context\":\"https:\\\/\\\/schema.org\",\"@graph\":[{\"@type\":\"Article\",\"@id\":\"https:\\\/\\\/lebenshilfe-dillenburg.de\\\/leicht\\\/heinigk-fuehrt-aufsichtsrat-an\\\/#article\",\"isPartOf\":{\"@id\":\"https:\\\/\\\/lebenshilfe-dillenburg.de\\\/leicht\\\/heinigk-fuehrt-aufsichtsrat-an\\\/\"},\"author\":{\"name\":\"Conny Holtfoth\",\"@id\":\"https:\\\/\\\/lebenshilfe-dillenburg.de\\\/leicht\\\/#\\\/schema\\\/person\\\/b6c52dad8d881b49213c3345a7cd5efe\"},\"headline\":\"Heinigk f\u00fchrt Aufsichtsrat an\",\"datePublished\":\"2024-07-09T08:17:06+00:00\",\"dateModified\":\"2026-01-30T11:09:42+00:00\",\"mainEntityOfPage\":{\"@id\":\"https:\\\/\\\/lebenshilfe-dillenburg.de\\\/leicht\\\/heinigk-fuehrt-aufsichtsrat-an\\\/\"},\"wordCount\":776,\"publisher\":{\"@id\":\"https:\\\/\\\/lebenshilfe-dillenburg.de\\\/leicht\\\/#organization\"},\"image\":{\"@id\":\"https:\\\/\\\/lebenshilfe-dillenburg.de\\\/leicht\\\/heinigk-fuehrt-aufsichtsrat-an\\\/#primaryimage\"},\"thumbnailUrl\":\"https:\\\/\\\/lebenshilfe-dillenburg.de\\\/wp-content\\\/uploads\\\/kollegen-verabschiedung-mit-blumenstraeussen.jpg\",\"articleSection\":[\"Meldungen\"],\"inLanguage\":\"de\"},{\"@type\":\"WebPage\",\"@id\":\"https:\\\/\\\/lebenshilfe-dillenburg.de\\\/leicht\\\/heinigk-fuehrt-aufsichtsrat-an\\\/\",\"url\":\"https:\\\/\\\/lebenshilfe-dillenburg.de\\\/leicht\\\/heinigk-fuehrt-aufsichtsrat-an\\\/\",\"name\":\"Heinigk f\u00fchrt Aufsichtsrat an - Lebenshilfe Dillenburg e.V.\",\"isPartOf\":{\"@id\":\"https:\\\/\\\/lebenshilfe-dillenburg.de\\\/leicht\\\/#website\"},\"primaryImageOfPage\":{\"@id\":\"https:\\\/\\\/lebenshilfe-dillenburg.de\\\/leicht\\\/heinigk-fuehrt-aufsichtsrat-an\\\/#primaryimage\"},\"image\":{\"@id\":\"https:\\\/\\\/lebenshilfe-dillenburg.de\\\/leicht\\\/heinigk-fuehrt-aufsichtsrat-an\\\/#primaryimage\"},\"thumbnailUrl\":\"https:\\\/\\\/lebenshilfe-dillenburg.de\\\/wp-content\\\/uploads\\\/kollegen-verabschiedung-mit-blumenstraeussen.jpg\",\"datePublished\":\"2024-07-09T08:17:06+00:00\",\"dateModified\":\"2026-01-30T11:09:42+00:00\",\"breadcrumb\":{\"@id\":\"https:\\\/\\\/lebenshilfe-dillenburg.de\\\/leicht\\\/heinigk-fuehrt-aufsichtsrat-an\\\/#breadcrumb\"},\"inLanguage\":\"de\",\"potentialAction\":[{\"@type\":\"ReadAction\",\"target\":[\"https:\\\/\\\/lebenshilfe-dillenburg.de\\\/leicht\\\/heinigk-fuehrt-aufsichtsrat-an\\\/\"]}]},{\"@type\":\"ImageObject\",\"inLanguage\":\"de\",\"@id\":\"https:\\\/\\\/lebenshilfe-dillenburg.de\\\/leicht\\\/heinigk-fuehrt-aufsichtsrat-an\\\/#primaryimage\",\"url\":\"https:\\\/\\\/lebenshilfe-dillenburg.de\\\/wp-content\\\/uploads\\\/kollegen-verabschiedung-mit-blumenstraeussen.jpg\",\"contentUrl\":\"https:\\\/\\\/lebenshilfe-dillenburg.de\\\/wp-content\\\/uploads\\\/kollegen-verabschiedung-mit-blumenstraeussen.jpg\",\"width\":1440,\"height\":1080,\"caption\":\"Christoph Heinigk (l.), Dr. Oliver Schmitzer (2.v.r.) und Dirk Botzon (r.) verabschieden Dr. Jeannine Schreiner und Michael Koch. (Fotos: Holtfoth)\"},{\"@type\":\"BreadcrumbList\",\"@id\":\"https:\\\/\\\/lebenshilfe-dillenburg.de\\\/leicht\\\/heinigk-fuehrt-aufsichtsrat-an\\\/#breadcrumb\",\"itemListElement\":[{\"@type\":\"ListItem\",\"position\":1,\"name\":\"Startseite der Lebenshilfe Dillenburg\",\"item\":\"https:\\\/\\\/lebenshilfe-dillenburg.de\\\/leicht\\\/\"},{\"@type\":\"ListItem\",\"position\":2,\"name\":\"Heinigk f\u00fchrt Aufsichtsrat an\"}]},{\"@type\":\"WebSite\",\"@id\":\"https:\\\/\\\/lebenshilfe-dillenburg.de\\\/leicht\\\/#website\",\"url\":\"https:\\\/\\\/lebenshilfe-dillenburg.de\\\/leicht\\\/\",\"name\":\"Lebenshilfe Dillenburg \u2013 Teilhabe & Unterst\u00fctzung im Lahn-Dill-Kreis\",\"description\":\"\",\"publisher\":{\"@id\":\"https:\\\/\\\/lebenshilfe-dillenburg.de\\\/leicht\\\/#organization\"},\"potentialAction\":[{\"@type\":\"SearchAction\",\"target\":{\"@type\":\"EntryPoint\",\"urlTemplate\":\"https:\\\/\\\/lebenshilfe-dillenburg.de\\\/leicht\\\/?s={search_term_string}\"},\"query-input\":{\"@type\":\"PropertyValueSpecification\",\"valueRequired\":true,\"valueName\":\"search_term_string\"}}],\"inLanguage\":\"de\"},{\"@type\":\"Organization\",\"@id\":\"https:\\\/\\\/lebenshilfe-dillenburg.de\\\/leicht\\\/#organization\",\"name\":\"Lebenshilfe Dillenburg e.V.\",\"url\":\"https:\\\/\\\/lebenshilfe-dillenburg.de\\\/leicht\\\/\",\"logo\":{\"@type\":\"ImageObject\",\"inLanguage\":\"de\",\"@id\":\"https:\\\/\\\/lebenshilfe-dillenburg.de\\\/leicht\\\/#\\\/schema\\\/logo\\\/image\\\/\",\"url\":\"https:\\\/\\\/lebenshilfe-dillenburg.de\\\/wp-content\\\/uploads\\\/lebenshilfe-dillenburg-desktop.webp\",\"contentUrl\":\"https:\\\/\\\/lebenshilfe-dillenburg.de\\\/wp-content\\\/uploads\\\/lebenshilfe-dillenburg-desktop.webp\",\"width\":461,\"height\":202,\"caption\":\"Lebenshilfe Dillenburg e.V.\"},\"image\":{\"@id\":\"https:\\\/\\\/lebenshilfe-dillenburg.de\\\/leicht\\\/#\\\/schema\\\/logo\\\/image\\\/\"},\"sameAs\":[\"https:\\\/\\\/www.facebook.com\\\/lebenshilfedillenburg\\\/\",\"https:\\\/\\\/www.instagram.com\\\/lebenshilfe_dillenburg\\\/\"]},{\"@type\":\"Person\",\"@id\":\"https:\\\/\\\/lebenshilfe-dillenburg.de\\\/leicht\\\/#\\\/schema\\\/person\\\/b6c52dad8d881b49213c3345a7cd5efe\",\"name\":\"Conny Holtfoth\",\"sameAs\":[\"http:\\\/\\\/lebenshilfe-dillenburg.de\"],\"url\":\"https:\\\/\\\/lebenshilfe-dillenburg.de\\\/leicht\\\/author\\\/conny\\\/\"}]}<\/script>\n<!-- \/ Yoast SEO plugin. -->","yoast_head_json":{"title":"Heinigk f\u00fchrt Aufsichtsrat an - Lebenshilfe Dillenburg e.V.","robots":{"index":"index","follow":"follow","max-snippet":"max-snippet:-1","max-image-preview":"max-image-preview:large","max-video-preview":"max-video-preview:-1"},"canonical":"https:\/\/lebenshilfe-dillenburg.de\/leicht\/heinigk-fuehrt-aufsichtsrat-an\/","og_locale":"de_DE","og_type":"article","og_title":"Heinigk f\u00fchrt Aufsichtsrat an - Lebenshilfe Dillenburg e.V.","og_description":"Wechsel im Aufsichtsrat der Lebenshilfe Dillenburg: Im Rahmen der Jahreshauptversammlung ist am Donnerstagabend in Manderbach Christoph Heinigk einstimmig zum neuen Vorsitzenden gew\u00e4hlt worden. Der 59-J\u00e4hrige tritt damit die Nachfolge von Michael Koch an, der sein Amt niedergelegt hat. Ebenfalls einstimmig bestimmten die Vereinsmitglieder die bisherige Beisitzerin Pia Graf zur zweiten Vorsitzenden.","og_url":"https:\/\/lebenshilfe-dillenburg.de\/leicht\/heinigk-fuehrt-aufsichtsrat-an\/","og_site_name":"Lebenshilfe Dillenburg e.V.","article_publisher":"https:\/\/www.facebook.com\/lebenshilfedillenburg\/","article_published_time":"2024-07-09T08:17:06+00:00","article_modified_time":"2026-01-30T11:09:42+00:00","og_image":[{"width":2560,"height":1920,"url":"https:\/\/lebenshilfe-dillenburg.de\/wp-content\/uploads\/heinigk-erhaelt-vorsitz-im-aufsichtsrat-img-2241-scaled-1.jpg","type":"image\/jpeg"}],"author":"Conny Holtfoth","twitter_card":"summary_large_image","twitter_misc":{"Geschrieben von":"Conny Holtfoth","Gesch\u00e4tzte Lesezeit":"4\u00a0Minuten"},"schema":{"@context":"https:\/\/schema.org","@graph":[{"@type":"Article","@id":"https:\/\/lebenshilfe-dillenburg.de\/leicht\/heinigk-fuehrt-aufsichtsrat-an\/#article","isPartOf":{"@id":"https:\/\/lebenshilfe-dillenburg.de\/leicht\/heinigk-fuehrt-aufsichtsrat-an\/"},"author":{"name":"Conny Holtfoth","@id":"https:\/\/lebenshilfe-dillenburg.de\/leicht\/#\/schema\/person\/b6c52dad8d881b49213c3345a7cd5efe"},"headline":"Heinigk f\u00fchrt Aufsichtsrat an","datePublished":"2024-07-09T08:17:06+00:00","dateModified":"2026-01-30T11:09:42+00:00","mainEntityOfPage":{"@id":"https:\/\/lebenshilfe-dillenburg.de\/leicht\/heinigk-fuehrt-aufsichtsrat-an\/"},"wordCount":776,"publisher":{"@id":"https:\/\/lebenshilfe-dillenburg.de\/leicht\/#organization"},"image":{"@id":"https:\/\/lebenshilfe-dillenburg.de\/leicht\/heinigk-fuehrt-aufsichtsrat-an\/#primaryimage"},"thumbnailUrl":"https:\/\/lebenshilfe-dillenburg.de\/wp-content\/uploads\/kollegen-verabschiedung-mit-blumenstraeussen.jpg","articleSection":["Meldungen"],"inLanguage":"de"},{"@type":"WebPage","@id":"https:\/\/lebenshilfe-dillenburg.de\/leicht\/heinigk-fuehrt-aufsichtsrat-an\/","url":"https:\/\/lebenshilfe-dillenburg.de\/leicht\/heinigk-fuehrt-aufsichtsrat-an\/","name":"Heinigk f\u00fchrt Aufsichtsrat an - Lebenshilfe Dillenburg e.V.","isPartOf":{"@id":"https:\/\/lebenshilfe-dillenburg.de\/leicht\/#website"},"primaryImageOfPage":{"@id":"https:\/\/lebenshilfe-dillenburg.de\/leicht\/heinigk-fuehrt-aufsichtsrat-an\/#primaryimage"},"image":{"@id":"https:\/\/lebenshilfe-dillenburg.de\/leicht\/heinigk-fuehrt-aufsichtsrat-an\/#primaryimage"},"thumbnailUrl":"https:\/\/lebenshilfe-dillenburg.de\/wp-content\/uploads\/kollegen-verabschiedung-mit-blumenstraeussen.jpg","datePublished":"2024-07-09T08:17:06+00:00","dateModified":"2026-01-30T11:09:42+00:00","breadcrumb":{"@id":"https:\/\/lebenshilfe-dillenburg.de\/leicht\/heinigk-fuehrt-aufsichtsrat-an\/#breadcrumb"},"inLanguage":"de","potentialAction":[{"@type":"ReadAction","target":["https:\/\/lebenshilfe-dillenburg.de\/leicht\/heinigk-fuehrt-aufsichtsrat-an\/"]}]},{"@type":"ImageObject","inLanguage":"de","@id":"https:\/\/lebenshilfe-dillenburg.de\/leicht\/heinigk-fuehrt-aufsichtsrat-an\/#primaryimage","url":"https:\/\/lebenshilfe-dillenburg.de\/wp-content\/uploads\/kollegen-verabschiedung-mit-blumenstraeussen.jpg","contentUrl":"https:\/\/lebenshilfe-dillenburg.de\/wp-content\/uploads\/kollegen-verabschiedung-mit-blumenstraeussen.jpg","width":1440,"height":1080,"caption":"Christoph Heinigk (l.), Dr. Oliver Schmitzer (2.v.r.) und Dirk Botzon (r.) verabschieden Dr. Jeannine Schreiner und Michael Koch. (Fotos: Holtfoth)"},{"@type":"BreadcrumbList","@id":"https:\/\/lebenshilfe-dillenburg.de\/leicht\/heinigk-fuehrt-aufsichtsrat-an\/#breadcrumb","itemListElement":[{"@type":"ListItem","position":1,"name":"Startseite der Lebenshilfe Dillenburg","item":"https:\/\/lebenshilfe-dillenburg.de\/leicht\/"},{"@type":"ListItem","position":2,"name":"Heinigk f\u00fchrt Aufsichtsrat an"}]},{"@type":"WebSite","@id":"https:\/\/lebenshilfe-dillenburg.de\/leicht\/#website","url":"https:\/\/lebenshilfe-dillenburg.de\/leicht\/","name":"Lebenshilfe Dillenburg \u2013 Teilhabe & Unterst\u00fctzung im Lahn-Dill-Kreis","description":"","publisher":{"@id":"https:\/\/lebenshilfe-dillenburg.de\/leicht\/#organization"},"potentialAction":[{"@type":"SearchAction","target":{"@type":"EntryPoint","urlTemplate":"https:\/\/lebenshilfe-dillenburg.de\/leicht\/?s={search_term_string}"},"query-input":{"@type":"PropertyValueSpecification","valueRequired":true,"valueName":"search_term_string"}}],"inLanguage":"de"},{"@type":"Organization","@id":"https:\/\/lebenshilfe-dillenburg.de\/leicht\/#organization","name":"Lebenshilfe Dillenburg e.V.","url":"https:\/\/lebenshilfe-dillenburg.de\/leicht\/","logo":{"@type":"ImageObject","inLanguage":"de","@id":"https:\/\/lebenshilfe-dillenburg.de\/leicht\/#\/schema\/logo\/image\/","url":"https:\/\/lebenshilfe-dillenburg.de\/wp-content\/uploads\/lebenshilfe-dillenburg-desktop.webp","contentUrl":"https:\/\/lebenshilfe-dillenburg.de\/wp-content\/uploads\/lebenshilfe-dillenburg-desktop.webp","width":461,"height":202,"caption":"Lebenshilfe Dillenburg e.V."},"image":{"@id":"https:\/\/lebenshilfe-dillenburg.de\/leicht\/#\/schema\/logo\/image\/"},"sameAs":["https:\/\/www.facebook.com\/lebenshilfedillenburg\/","https:\/\/www.instagram.com\/lebenshilfe_dillenburg\/"]},{"@type":"Person","@id":"https:\/\/lebenshilfe-dillenburg.de\/leicht\/#\/schema\/person\/b6c52dad8d881b49213c3345a7cd5efe","name":"Conny Holtfoth","sameAs":["http:\/\/lebenshilfe-dillenburg.de"],"url":"https:\/\/lebenshilfe-dillenburg.de\/leicht\/author\/conny\/"}]}},"taxonomy_info":{"category":[{"value":53,"label":"Meldungen"}]},"featured_image_src_large":["https:\/\/lebenshilfe-dillenburg.de\/wp-content\/uploads\/kollegen-verabschiedung-mit-blumenstraeussen-1920x1440.jpg",1366,1025,true],"author_info":{"display_name":"Conny Holtfoth","author_link":"https:\/\/lebenshilfe-dillenburg.de\/leicht\/author\/conny\/"},"comment_info":0,"category_info":[{"term_id":53,"name":"Meldungen","slug":"meldungen","term_group":0,"term_taxonomy_id":53,"taxonomy":"category","description":"","parent":0,"count":127,"filter":"raw","term_order":"5","cat_ID":53,"category_count":127,"category_description":"","cat_name":"Meldungen","category_nicename":"meldungen","category_parent":0}],"tag_info":false,"_links":{"self":[{"href":"https:\/\/lebenshilfe-dillenburg.de\/leicht\/wp-json\/wp\/v2\/posts\/7256","targetHints":{"allow":["GET"]}}],"collection":[{"href":"https:\/\/lebenshilfe-dillenburg.de\/leicht\/wp-json\/wp\/v2\/posts"}],"about":[{"href":"https:\/\/lebenshilfe-dillenburg.de\/leicht\/wp-json\/wp\/v2\/types\/post"}],"author":[{"embeddable":true,"href":"https:\/\/lebenshilfe-dillenburg.de\/leicht\/wp-json\/wp\/v2\/users\/4"}],"replies":[{"embeddable":true,"href":"https:\/\/lebenshilfe-dillenburg.de\/leicht\/wp-json\/wp\/v2\/comments?post=7256"}],"version-history":[{"count":0,"href":"https:\/\/lebenshilfe-dillenburg.de\/leicht\/wp-json\/wp\/v2\/posts\/7256\/revisions"}],"wp:featuredmedia":[{"embeddable":true,"href":"https:\/\/lebenshilfe-dillenburg.de\/leicht\/wp-json\/wp\/v2\/media\/7303"}],"wp:attachment":[{"href":"https:\/\/lebenshilfe-dillenburg.de\/leicht\/wp-json\/wp\/v2\/media?parent=7256"}],"wp:term":[{"taxonomy":"category","embeddable":true,"href":"https:\/\/lebenshilfe-dillenburg.de\/leicht\/wp-json\/wp\/v2\/categories?post=7256"},{"taxonomy":"post_tag","embeddable":true,"href":"https:\/\/lebenshilfe-dillenburg.de\/leicht\/wp-json\/wp\/v2\/tags?post=7256"}],"curies":[{"name":"wp","href":"https:\/\/api.w.org\/{rel}","templated":true}]}}