{"id":7257,"date":"2024-07-09T10:59:16","date_gmt":"2024-07-09T08:59:16","guid":{"rendered":"https:\/\/www.lebenshilfe-dillenburg.de\/?p=4684"},"modified":"2026-01-30T12:09:42","modified_gmt":"2026-01-30T11:09:42","slug":"170-laufen-fuer-den-guten-zweck","status":"publish","type":"post","link":"https:\/\/lebenshilfe-dillenburg.de\/leicht\/170-laufen-fuer-den-guten-zweck\/","title":{"rendered":"170 laufen f\u00fcr den guten Zweck"},"content":{"rendered":"<p class=\"xmsonormal\">Laufen, begegnen, helfen \u2013 diesem Motto ist die Ahmadiyya Muslim Jugendorganisation in der Umsetzung ihres dritten \u201eCharity Walk &amp; Run\u201c (CWR) in der Herborner Altstadt wieder mehr als gerecht geworden. Bei sch\u00f6nstem Laufwetter sind am Sonntag insgesamt 170 Starterinnen und Starter rund um den Marktplatz f\u00fcr den guten Zweck \u00fcber 800 Meter, f\u00fcnf und zehn Kilometer an den Start gegangen.<!--more--><\/p>\n<p class=\"xmsonormal\">\u201eDas ist der Hammer, was ihr hier auf die Beine stellt.\u201c Janek Waldschmidt, erneuter Sieger des F\u00fcnf-Kilometer-Laufs, ergriff w\u00e4hrend der Siegerehrung kurzerhand das Mikrofon und dankte den vielen Helfern, die sich viele N\u00e4chte um die Ohren geschlagen haben, um den Benefizlauf nach der Pandemie erfolgreich zur\u00fcck nach Herborn zu bringen. Auch Jana Gnich, Drittplatzierte \u00fcber die F\u00fcnf-Kilometer-Distanz, war voll des Lobes: \u201eSch\u00f6ne Veranstaltung, gutes Wetter, super organisiert.\u201c<\/p>\n<p class=\"xmsonormal\">Der Charity Walk &amp; Run wird weltweit von der Ahmadiyya Muslim Jugendorganisation organisiert und ist bekannt f\u00fcr seine vielf\u00e4ltigen gemeinn\u00fctzigen Initiativen. Herborn ist dabei der kleinste Austragungsort, aber daf\u00fcr einer mit gro\u00dfer Beteiligung und Begeisterung, \u201eLeider haben wir diesmal die 200-Teilnehmer-Marke nicht ganz knacken k\u00f6nnen\u201c, sagt Organisator Shoaib Kabir Ahmed. \u201eTrotzdem k\u00f6nnen wir stolz auf uns sein. Danke an unser Team, das die Veranstaltung komplett ehrenamtlich geplant und umgesetzt hat, und danke an alle, die mitgelaufen sind. Ohne euch w\u00e4re das Ganze nicht m\u00f6glich.\u201c<\/p>\n<p class=\"xmsonormal\">Wertvolle Unterst\u00fctzung habe die Ahmadiyya Muslim Jugendorganisation dabei von der Stadt Herborn erfahren. Die Hauptsponsoren waren in diesem Jahr das Stadtmarketing Herborn, Tweezi und die Autowerkstatt Zaman. Edeka Mitsch stiftete Obst und Wasser f\u00fcr die Teilnehmenden.<\/p>\n<p class=\"xmsonormal\">80 Prozent der Einnahmen des CWR flie\u00dfen an die integrative Kindertagesst\u00e4tte der Lebenshilfe Dillenburg in Burg \u2013 und zwar in ein Herzensprojekt: das therapeutische Reiten in Breitscheid. Dieses Projekt vermittelt den Kindern wichtige soziale und motorische F\u00e4higkeiten und hilft ihnen, zur Ruhe zu kommen und Bindung zu einem Tier aufzubauen. \u201eWir freuen uns, dass die Einnahmen aus diesem Lauf dieses wunderbare Angebot unterst\u00fctzen\u201c, betonte Lebenshilfe-Vorstand Dirk Botzon. \u201eAnderen zu helfen &#8211; \u00a0diese Motiv findet sich im muslimischen und im christlichen Glauben gleicherma\u00dfen. Und das verbindet uns.\u201c Die Lebenshilfe Dillenburg hatte an diesem Tag gleich zweimal Grund zum Jubeln, denn mit Patrick Brandenburger \u00fcberquerte ein Gruppenleiter der Dillenburger Werkst\u00e4tten als Erster die Ziellinie des Zehn-Kilometer-Laufs. Weiterer Spendenempf\u00e4nger neben der Lebenshilfe Dillenburg ist Humanity First, eine internationale gemeinn\u00fctzige Organisation, deren Ziel es ist, humanit\u00e4re Hilfe zu leisten und die Lebensqualit\u00e4t benachteiligter Menschen weltweit zu verbessern.<\/p>\n<p class=\"xmsonormal\"><b>Ergebnisse: <\/b><\/p>\n<p class=\"xmsonormal\"><b>10 km Damen <\/b><\/p>\n<p class=\"xmsonormal\">1. Sissy Decker 531 0:45:53,1<\/p>\n<p class=\"xmsonormal\">2. Julia Sch\u00e4fer 0:46:10,4<\/p>\n<p class=\"xmsonormal\">3. Christina Dintelmann 0:48:11,8<\/p>\n<p class=\"xmsonormal\"><b>10 km Herren<\/b><\/p>\n<p class=\"xmsonormal\">1. Patrick Brandenburger 0:38:20,2<\/p>\n<p class=\"xmsonormal\">2. Timo G\u00fcrzel 0:44:22,0<\/p>\n<p class=\"xmsonormal\">3. Jens D\u00fcrer 0:44:51,4<\/p>\n<p class=\"xmsonormal\"><b>5 km Damen<\/b><\/p>\n<p class=\"xmsonormal\">1. Katharina Klees 0:22:38,7<\/p>\n<p class=\"xmsonormal\">2. Michaela Uhl 0:25:02,8<\/p>\n<p class=\"xmsonormal\">3. Jana Gnich 0:26:39,9<br \/>\n<b>5 km Herren <\/b><\/p>\n<p class=\"xmsonormal\">1. Janek Waldschmidt 0:18:47,8<\/p>\n<p class=\"xmsonormal\">2. Thomas Kinast 0:19:53,4<\/p>\n<p class=\"xmsonormal\">3. Ettore Gandolfi 0:24:22,4<\/p>\n<p class=\"xmsonormal\"><b>5 km Walken Damen<\/b><\/p>\n<p class=\"xmsonormal\" style=\"text-autospace: none;\">1. Sabrina Lautz 0:43:20,8<\/p>\n<p class=\"xmsonormal\" style=\"text-autospace: none;\">2. Dagmar Krenos 0:44:10,8<\/p>\n<p class=\"xmsonormal\" style=\"text-autospace: none;\">3. Silvia Hannig 0:44:11,4<\/p>\n<p class=\"xmsonormal\"><b>5 km Walken Herren<\/b><\/p>\n<p class=\"xmsonormal\">1. Thomas Gocht 0:43:08,3<\/p>\n<p class=\"xmsonormal\">2. Lukas Schreiber 0:43:20,4<\/p>\n<p class=\"xmsonormal\">3. Samar Ahmad 0:43:40,0<\/p>\n<p class=\"xmsonormal\"><b>800 m M\u00e4dchen<\/b><\/p>\n<p class=\"xmsonormal\">1. Romy Koch 608) 0:03:28,7<\/p>\n<p class=\"xmsonormal\">2. Paula Brandenburger 0:03:32,7<\/p>\n<p class=\"xmsonormal\">3. Linnea Junker 0:03:33,7<\/p>\n<p class=\"xmsonormal\"><b>800 m Jungen <\/b><\/p>\n<p class=\"xmsonormal\">1. Mattis Junker 0:02:54,0<\/p>\n<p class=\"xmsonormal\">2. Lasse Junker 0:03:10,7<\/p>\n<p class=\"xmsonormal\">3. Linus Koch 0:03:22,4<\/p>\n<div id='gallery-1' class='gallery galleryid-7257 gallery-columns-3 gallery-size-thumbnail'><figure class='gallery-item'>\n\t\t\t<div class='gallery-icon portrait'>\n\t\t\t\t<a href='https:\/\/lebenshilfe-dillenburg.de\/leicht\/teilhabe-kooperation\/mosja-modeprojekt\/mosja-better-together-weibliches-model-vorne-2\/'><img loading=\"lazy\" decoding=\"async\" width=\"150\" height=\"150\" src=\"https:\/\/lebenshilfe-dillenburg.de\/wp-content\/uploads\/frau-am-holzzaun-weisses-tshirt-jeans-150x150.webp\" class=\"attachment-thumbnail size-thumbnail\" alt=\"Junge Frau im wei\u00dfen T-Shirt und Jeans lehnt am rustikalen Holzzaun im Abendlicht.\" \/><\/a>\n\t\t\t<\/div><\/figure><figure class='gallery-item'>\n\t\t\t<div class='gallery-icon portrait'>\n\t\t\t\t<a href='https:\/\/lebenshilfe-dillenburg.de\/leicht\/teilhabe-kooperation\/mosja-modeprojekt\/mosja-better-together-weibliches-model-hinten-2\/'><img loading=\"lazy\" decoding=\"async\" width=\"150\" height=\"150\" src=\"https:\/\/lebenshilfe-dillenburg.de\/wp-content\/uploads\/frau-am-holzzaun-blick-ueber-schulter-150x150.webp\" class=\"attachment-thumbnail size-thumbnail\" alt=\"Junge Frau am Holzzaun vor Scheune, blickt l\u00e4chelnd \u00fcber die Schulter im Abendlicht.\" \/><\/a>\n\t\t\t<\/div><\/figure><figure class='gallery-item'>\n\t\t\t<div class='gallery-icon landscape'>\n\t\t\t\t<a href='https:\/\/lebenshilfe-dillenburg.de\/leicht\/teilhabe-kooperation\/mosja-modeprojekt\/mosja-better-together-thumbnail-2\/'><img loading=\"lazy\" decoding=\"async\" width=\"150\" height=\"150\" src=\"https:\/\/lebenshilfe-dillenburg.de\/wp-content\/uploads\/freunde-besser-zusammen-holzwand-150x150.webp\" class=\"attachment-thumbnail size-thumbnail\" alt=\"Vier Freunde lachen vor rustikaler Holzwand mit Schriftzug \u201ebetter together\u201c.\" \/><\/a>\n\t\t\t<\/div><\/figure><figure class='gallery-item'>\n\t\t\t<div class='gallery-icon portrait'>\n\t\t\t\t<a href='https:\/\/lebenshilfe-dillenburg.de\/leicht\/teilhabe-kooperation\/mosja-modeprojekt\/mosja-better-together-spiegel-2\/'><img loading=\"lazy\" decoding=\"async\" width=\"150\" height=\"150\" src=\"https:\/\/lebenshilfe-dillenburg.de\/wp-content\/uploads\/maenner-vor-spiegel-studio-150x150.webp\" class=\"attachment-thumbnail size-thumbnail\" alt=\"Drei M\u00e4nner im Kreativstudio vor Spiegel, Modeatelier mit Kleidung und Pflanzen im Hintergrund.\" \/><\/a>\n\t\t\t<\/div><\/figure><figure class='gallery-item'>\n\t\t\t<div class='gallery-icon portrait'>\n\t\t\t\t<a href='https:\/\/lebenshilfe-dillenburg.de\/leicht\/teilhabe-kooperation\/mosja-modeprojekt\/mosja-better-together-maennliches-model-vorne-2\/'><img loading=\"lazy\" decoding=\"async\" width=\"150\" height=\"150\" src=\"https:\/\/lebenshilfe-dillenburg.de\/wp-content\/uploads\/mann-mit-cap-daumen-hoch-vor-efeuwand-150x150.webp\" class=\"attachment-thumbnail size-thumbnail\" alt=\"Mann mit Cap und Brille zeigt Daumen hoch vor gr\u00fcner Efeuwand.\" \/><\/a>\n\t\t\t<\/div><\/figure><figure class='gallery-item'>\n\t\t\t<div class='gallery-icon portrait'>\n\t\t\t\t<a href='https:\/\/lebenshilfe-dillenburg.de\/leicht\/teilhabe-kooperation\/mosja-modeprojekt\/mosja-better-together-maennliches-model-seitlich-2\/'><img loading=\"lazy\" decoding=\"async\" width=\"150\" height=\"150\" src=\"https:\/\/lebenshilfe-dillenburg.de\/wp-content\/uploads\/mann-mit-cap-und-brille-im-freien-150x150.webp\" class=\"attachment-thumbnail size-thumbnail\" alt=\"Mann mit Cap und Brille im Freien, tr\u00e4gt \u201eBetter Together\u201c T-Shirt.\" \/><\/a>\n\t\t\t<\/div><\/figure>\n\t\t<\/div>\n\n","protected":false},"excerpt":{"rendered":"<p>Laufen, begegnen, helfen \u2013 diesem Motto ist die Ahmadiyya Muslim Jugendorganisation in der Umsetzung ihres dritten \u201eCharity Walk &amp; Run\u201c (CWR) in der Herborner Altstadt wieder mehr als gerecht geworden. Bei sch\u00f6nstem Laufwetter sind am Sonntag insgesamt 170 Starterinnen und Starter rund um den Marktplatz f\u00fcr den guten Zweck \u00fcber 800 Meter, f\u00fcnf und zehn&#8230;<\/p>\n","protected":false},"author":4,"featured_media":7314,"comment_status":"closed","ping_status":"closed","sticky":false,"template":"","format":"standard","meta":{"_acf_changed":false,"_gspb_post_css":"","_kad_blocks_custom_css":"","_kad_blocks_head_custom_js":"","_kad_blocks_body_custom_js":"","_kad_blocks_footer_custom_js":"","_kad_post_transparent":"","_kad_post_title":"","_kad_post_layout":"","_kad_post_sidebar_id":"","_kad_post_content_style":"","_kad_post_vertical_padding":"","_kad_post_feature":"","_kad_post_feature_position":"","_kad_post_header":false,"_kad_post_footer":false,"_kad_post_classname":"","footnotes":""},"categories":[53],"tags":[],"class_list":["post-7257","post","type-post","status-publish","format-standard","has-post-thumbnail","hentry","category-meldungen"],"acf":[],"yoast_head":"<!-- This site is optimized with the Yoast SEO plugin v27.5 - https:\/\/yoast.com\/product\/yoast-seo-wordpress\/ -->\n<title>170 laufen f\u00fcr den guten Zweck - Lebenshilfe Dillenburg e.V.<\/title>\n<meta name=\"robots\" content=\"index, follow, max-snippet:-1, max-image-preview:large, max-video-preview:-1\" \/>\n<link rel=\"canonical\" href=\"https:\/\/lebenshilfe-dillenburg.de\/leicht\/170-laufen-fuer-den-guten-zweck\/\" \/>\n<meta property=\"og:locale\" content=\"de_DE\" \/>\n<meta property=\"og:type\" content=\"article\" \/>\n<meta property=\"og:title\" content=\"170 laufen f\u00fcr den guten Zweck - Lebenshilfe Dillenburg e.V.\" \/>\n<meta property=\"og:description\" content=\"Laufen, begegnen, helfen \u2013 diesem Motto ist die Ahmadiyya Muslim Jugendorganisation in der Umsetzung ihres dritten \u201eCharity Walk &amp; Run\u201c (CWR) in der Herborner Altstadt wieder mehr als gerecht geworden. Bei sch\u00f6nstem Laufwetter sind am Sonntag insgesamt 170 Starterinnen und Starter rund um den Marktplatz f\u00fcr den guten Zweck \u00fcber 800 Meter, f\u00fcnf und zehn...\" \/>\n<meta property=\"og:url\" content=\"https:\/\/lebenshilfe-dillenburg.de\/leicht\/170-laufen-fuer-den-guten-zweck\/\" \/>\n<meta property=\"og:site_name\" content=\"Lebenshilfe Dillenburg e.V.\" \/>\n<meta property=\"article:publisher\" content=\"https:\/\/www.facebook.com\/lebenshilfedillenburg\/\" \/>\n<meta property=\"article:published_time\" content=\"2024-07-09T08:59:16+00:00\" \/>\n<meta property=\"article:modified_time\" content=\"2026-01-30T11:09:42+00:00\" \/>\n<meta property=\"og:image\" content=\"https:\/\/lebenshilfe-dillenburg.de\/wp-content\/uploads\/170-laufen-fuer-den-guten-zweck-img-20240708-wa0147-1.jpg\" \/>\n\t<meta property=\"og:image:width\" content=\"1600\" \/>\n\t<meta property=\"og:image:height\" content=\"1177\" \/>\n\t<meta property=\"og:image:type\" content=\"image\/jpeg\" \/>\n<meta name=\"author\" content=\"Conny Holtfoth\" \/>\n<meta name=\"twitter:card\" content=\"summary_large_image\" \/>\n<meta name=\"twitter:label1\" content=\"Geschrieben von\" \/>\n\t<meta name=\"twitter:data1\" content=\"Conny Holtfoth\" \/>\n\t<meta name=\"twitter:label2\" content=\"Gesch\u00e4tzte Lesezeit\" \/>\n\t<meta name=\"twitter:data2\" content=\"2\u00a0Minuten\" \/>\n<script type=\"application\/ld+json\" class=\"yoast-schema-graph\">{\"@context\":\"https:\\\/\\\/schema.org\",\"@graph\":[{\"@type\":\"Article\",\"@id\":\"https:\\\/\\\/lebenshilfe-dillenburg.de\\\/leicht\\\/170-laufen-fuer-den-guten-zweck\\\/#article\",\"isPartOf\":{\"@id\":\"https:\\\/\\\/lebenshilfe-dillenburg.de\\\/leicht\\\/170-laufen-fuer-den-guten-zweck\\\/\"},\"author\":{\"name\":\"Conny Holtfoth\",\"@id\":\"https:\\\/\\\/lebenshilfe-dillenburg.de\\\/leicht\\\/#\\\/schema\\\/person\\\/b6c52dad8d881b49213c3345a7cd5efe\"},\"headline\":\"170 laufen f\u00fcr den guten Zweck\",\"datePublished\":\"2024-07-09T08:59:16+00:00\",\"dateModified\":\"2026-01-30T11:09:42+00:00\",\"mainEntityOfPage\":{\"@id\":\"https:\\\/\\\/lebenshilfe-dillenburg.de\\\/leicht\\\/170-laufen-fuer-den-guten-zweck\\\/\"},\"wordCount\":494,\"publisher\":{\"@id\":\"https:\\\/\\\/lebenshilfe-dillenburg.de\\\/leicht\\\/#organization\"},\"image\":{\"@id\":\"https:\\\/\\\/lebenshilfe-dillenburg.de\\\/leicht\\\/170-laufen-fuer-den-guten-zweck\\\/#primaryimage\"},\"thumbnailUrl\":\"https:\\\/\\\/lebenshilfe-dillenburg.de\\\/wp-content\\\/uploads\\\/charity-walk-run-start-nach-pandemie.jpg\",\"articleSection\":[\"Meldungen\"],\"inLanguage\":\"de\"},{\"@type\":\"WebPage\",\"@id\":\"https:\\\/\\\/lebenshilfe-dillenburg.de\\\/leicht\\\/170-laufen-fuer-den-guten-zweck\\\/\",\"url\":\"https:\\\/\\\/lebenshilfe-dillenburg.de\\\/leicht\\\/170-laufen-fuer-den-guten-zweck\\\/\",\"name\":\"170 laufen f\u00fcr den guten Zweck - Lebenshilfe Dillenburg e.V.\",\"isPartOf\":{\"@id\":\"https:\\\/\\\/lebenshilfe-dillenburg.de\\\/leicht\\\/#website\"},\"primaryImageOfPage\":{\"@id\":\"https:\\\/\\\/lebenshilfe-dillenburg.de\\\/leicht\\\/170-laufen-fuer-den-guten-zweck\\\/#primaryimage\"},\"image\":{\"@id\":\"https:\\\/\\\/lebenshilfe-dillenburg.de\\\/leicht\\\/170-laufen-fuer-den-guten-zweck\\\/#primaryimage\"},\"thumbnailUrl\":\"https:\\\/\\\/lebenshilfe-dillenburg.de\\\/wp-content\\\/uploads\\\/charity-walk-run-start-nach-pandemie.jpg\",\"datePublished\":\"2024-07-09T08:59:16+00:00\",\"dateModified\":\"2026-01-30T11:09:42+00:00\",\"breadcrumb\":{\"@id\":\"https:\\\/\\\/lebenshilfe-dillenburg.de\\\/leicht\\\/170-laufen-fuer-den-guten-zweck\\\/#breadcrumb\"},\"inLanguage\":\"de\",\"potentialAction\":[{\"@type\":\"ReadAction\",\"target\":[\"https:\\\/\\\/lebenshilfe-dillenburg.de\\\/leicht\\\/170-laufen-fuer-den-guten-zweck\\\/\"]}]},{\"@type\":\"ImageObject\",\"inLanguage\":\"de\",\"@id\":\"https:\\\/\\\/lebenshilfe-dillenburg.de\\\/leicht\\\/170-laufen-fuer-den-guten-zweck\\\/#primaryimage\",\"url\":\"https:\\\/\\\/lebenshilfe-dillenburg.de\\\/wp-content\\\/uploads\\\/charity-walk-run-start-nach-pandemie.jpg\",\"contentUrl\":\"https:\\\/\\\/lebenshilfe-dillenburg.de\\\/wp-content\\\/uploads\\\/charity-walk-run-start-nach-pandemie.jpg\",\"width\":1468,\"height\":1080,\"caption\":\"Startschuss f\u00fcr den ersten Charity Walk & Run nach der Pandemie. (Foto: Faraz Ahmad)\"},{\"@type\":\"BreadcrumbList\",\"@id\":\"https:\\\/\\\/lebenshilfe-dillenburg.de\\\/leicht\\\/170-laufen-fuer-den-guten-zweck\\\/#breadcrumb\",\"itemListElement\":[{\"@type\":\"ListItem\",\"position\":1,\"name\":\"Startseite der Lebenshilfe Dillenburg\",\"item\":\"https:\\\/\\\/lebenshilfe-dillenburg.de\\\/leicht\\\/\"},{\"@type\":\"ListItem\",\"position\":2,\"name\":\"170 laufen f\u00fcr den guten Zweck\"}]},{\"@type\":\"WebSite\",\"@id\":\"https:\\\/\\\/lebenshilfe-dillenburg.de\\\/leicht\\\/#website\",\"url\":\"https:\\\/\\\/lebenshilfe-dillenburg.de\\\/leicht\\\/\",\"name\":\"Lebenshilfe Dillenburg \u2013 Teilhabe & Unterst\u00fctzung im Lahn-Dill-Kreis\",\"description\":\"\",\"publisher\":{\"@id\":\"https:\\\/\\\/lebenshilfe-dillenburg.de\\\/leicht\\\/#organization\"},\"potentialAction\":[{\"@type\":\"SearchAction\",\"target\":{\"@type\":\"EntryPoint\",\"urlTemplate\":\"https:\\\/\\\/lebenshilfe-dillenburg.de\\\/leicht\\\/?s={search_term_string}\"},\"query-input\":{\"@type\":\"PropertyValueSpecification\",\"valueRequired\":true,\"valueName\":\"search_term_string\"}}],\"inLanguage\":\"de\"},{\"@type\":\"Organization\",\"@id\":\"https:\\\/\\\/lebenshilfe-dillenburg.de\\\/leicht\\\/#organization\",\"name\":\"Lebenshilfe Dillenburg e.V.\",\"url\":\"https:\\\/\\\/lebenshilfe-dillenburg.de\\\/leicht\\\/\",\"logo\":{\"@type\":\"ImageObject\",\"inLanguage\":\"de\",\"@id\":\"https:\\\/\\\/lebenshilfe-dillenburg.de\\\/leicht\\\/#\\\/schema\\\/logo\\\/image\\\/\",\"url\":\"https:\\\/\\\/lebenshilfe-dillenburg.de\\\/wp-content\\\/uploads\\\/lebenshilfe-dillenburg-desktop.webp\",\"contentUrl\":\"https:\\\/\\\/lebenshilfe-dillenburg.de\\\/wp-content\\\/uploads\\\/lebenshilfe-dillenburg-desktop.webp\",\"width\":461,\"height\":202,\"caption\":\"Lebenshilfe Dillenburg e.V.\"},\"image\":{\"@id\":\"https:\\\/\\\/lebenshilfe-dillenburg.de\\\/leicht\\\/#\\\/schema\\\/logo\\\/image\\\/\"},\"sameAs\":[\"https:\\\/\\\/www.facebook.com\\\/lebenshilfedillenburg\\\/\",\"https:\\\/\\\/www.instagram.com\\\/lebenshilfe_dillenburg\\\/\"]},{\"@type\":\"Person\",\"@id\":\"https:\\\/\\\/lebenshilfe-dillenburg.de\\\/leicht\\\/#\\\/schema\\\/person\\\/b6c52dad8d881b49213c3345a7cd5efe\",\"name\":\"Conny Holtfoth\",\"sameAs\":[\"http:\\\/\\\/lebenshilfe-dillenburg.de\"],\"url\":\"https:\\\/\\\/lebenshilfe-dillenburg.de\\\/leicht\\\/author\\\/conny\\\/\"}]}<\/script>\n<!-- \/ Yoast SEO plugin. -->","yoast_head_json":{"title":"170 laufen f\u00fcr den guten Zweck - Lebenshilfe Dillenburg e.V.","robots":{"index":"index","follow":"follow","max-snippet":"max-snippet:-1","max-image-preview":"max-image-preview:large","max-video-preview":"max-video-preview:-1"},"canonical":"https:\/\/lebenshilfe-dillenburg.de\/leicht\/170-laufen-fuer-den-guten-zweck\/","og_locale":"de_DE","og_type":"article","og_title":"170 laufen f\u00fcr den guten Zweck - Lebenshilfe Dillenburg e.V.","og_description":"Laufen, begegnen, helfen \u2013 diesem Motto ist die Ahmadiyya Muslim Jugendorganisation in der Umsetzung ihres dritten \u201eCharity Walk &amp; Run\u201c (CWR) in der Herborner Altstadt wieder mehr als gerecht geworden. Bei sch\u00f6nstem Laufwetter sind am Sonntag insgesamt 170 Starterinnen und Starter rund um den Marktplatz f\u00fcr den guten Zweck \u00fcber 800 Meter, f\u00fcnf und zehn...","og_url":"https:\/\/lebenshilfe-dillenburg.de\/leicht\/170-laufen-fuer-den-guten-zweck\/","og_site_name":"Lebenshilfe Dillenburg e.V.","article_publisher":"https:\/\/www.facebook.com\/lebenshilfedillenburg\/","article_published_time":"2024-07-09T08:59:16+00:00","article_modified_time":"2026-01-30T11:09:42+00:00","og_image":[{"width":1600,"height":1177,"url":"https:\/\/lebenshilfe-dillenburg.de\/wp-content\/uploads\/170-laufen-fuer-den-guten-zweck-img-20240708-wa0147-1.jpg","type":"image\/jpeg"}],"author":"Conny Holtfoth","twitter_card":"summary_large_image","twitter_misc":{"Geschrieben von":"Conny Holtfoth","Gesch\u00e4tzte Lesezeit":"2\u00a0Minuten"},"schema":{"@context":"https:\/\/schema.org","@graph":[{"@type":"Article","@id":"https:\/\/lebenshilfe-dillenburg.de\/leicht\/170-laufen-fuer-den-guten-zweck\/#article","isPartOf":{"@id":"https:\/\/lebenshilfe-dillenburg.de\/leicht\/170-laufen-fuer-den-guten-zweck\/"},"author":{"name":"Conny Holtfoth","@id":"https:\/\/lebenshilfe-dillenburg.de\/leicht\/#\/schema\/person\/b6c52dad8d881b49213c3345a7cd5efe"},"headline":"170 laufen f\u00fcr den guten Zweck","datePublished":"2024-07-09T08:59:16+00:00","dateModified":"2026-01-30T11:09:42+00:00","mainEntityOfPage":{"@id":"https:\/\/lebenshilfe-dillenburg.de\/leicht\/170-laufen-fuer-den-guten-zweck\/"},"wordCount":494,"publisher":{"@id":"https:\/\/lebenshilfe-dillenburg.de\/leicht\/#organization"},"image":{"@id":"https:\/\/lebenshilfe-dillenburg.de\/leicht\/170-laufen-fuer-den-guten-zweck\/#primaryimage"},"thumbnailUrl":"https:\/\/lebenshilfe-dillenburg.de\/wp-content\/uploads\/charity-walk-run-start-nach-pandemie.jpg","articleSection":["Meldungen"],"inLanguage":"de"},{"@type":"WebPage","@id":"https:\/\/lebenshilfe-dillenburg.de\/leicht\/170-laufen-fuer-den-guten-zweck\/","url":"https:\/\/lebenshilfe-dillenburg.de\/leicht\/170-laufen-fuer-den-guten-zweck\/","name":"170 laufen f\u00fcr den guten Zweck - Lebenshilfe Dillenburg e.V.","isPartOf":{"@id":"https:\/\/lebenshilfe-dillenburg.de\/leicht\/#website"},"primaryImageOfPage":{"@id":"https:\/\/lebenshilfe-dillenburg.de\/leicht\/170-laufen-fuer-den-guten-zweck\/#primaryimage"},"image":{"@id":"https:\/\/lebenshilfe-dillenburg.de\/leicht\/170-laufen-fuer-den-guten-zweck\/#primaryimage"},"thumbnailUrl":"https:\/\/lebenshilfe-dillenburg.de\/wp-content\/uploads\/charity-walk-run-start-nach-pandemie.jpg","datePublished":"2024-07-09T08:59:16+00:00","dateModified":"2026-01-30T11:09:42+00:00","breadcrumb":{"@id":"https:\/\/lebenshilfe-dillenburg.de\/leicht\/170-laufen-fuer-den-guten-zweck\/#breadcrumb"},"inLanguage":"de","potentialAction":[{"@type":"ReadAction","target":["https:\/\/lebenshilfe-dillenburg.de\/leicht\/170-laufen-fuer-den-guten-zweck\/"]}]},{"@type":"ImageObject","inLanguage":"de","@id":"https:\/\/lebenshilfe-dillenburg.de\/leicht\/170-laufen-fuer-den-guten-zweck\/#primaryimage","url":"https:\/\/lebenshilfe-dillenburg.de\/wp-content\/uploads\/charity-walk-run-start-nach-pandemie.jpg","contentUrl":"https:\/\/lebenshilfe-dillenburg.de\/wp-content\/uploads\/charity-walk-run-start-nach-pandemie.jpg","width":1468,"height":1080,"caption":"Startschuss f\u00fcr den ersten Charity Walk & Run nach der Pandemie. (Foto: Faraz Ahmad)"},{"@type":"BreadcrumbList","@id":"https:\/\/lebenshilfe-dillenburg.de\/leicht\/170-laufen-fuer-den-guten-zweck\/#breadcrumb","itemListElement":[{"@type":"ListItem","position":1,"name":"Startseite der Lebenshilfe Dillenburg","item":"https:\/\/lebenshilfe-dillenburg.de\/leicht\/"},{"@type":"ListItem","position":2,"name":"170 laufen f\u00fcr den guten Zweck"}]},{"@type":"WebSite","@id":"https:\/\/lebenshilfe-dillenburg.de\/leicht\/#website","url":"https:\/\/lebenshilfe-dillenburg.de\/leicht\/","name":"Lebenshilfe Dillenburg \u2013 Teilhabe & Unterst\u00fctzung im Lahn-Dill-Kreis","description":"","publisher":{"@id":"https:\/\/lebenshilfe-dillenburg.de\/leicht\/#organization"},"potentialAction":[{"@type":"SearchAction","target":{"@type":"EntryPoint","urlTemplate":"https:\/\/lebenshilfe-dillenburg.de\/leicht\/?s={search_term_string}"},"query-input":{"@type":"PropertyValueSpecification","valueRequired":true,"valueName":"search_term_string"}}],"inLanguage":"de"},{"@type":"Organization","@id":"https:\/\/lebenshilfe-dillenburg.de\/leicht\/#organization","name":"Lebenshilfe Dillenburg e.V.","url":"https:\/\/lebenshilfe-dillenburg.de\/leicht\/","logo":{"@type":"ImageObject","inLanguage":"de","@id":"https:\/\/lebenshilfe-dillenburg.de\/leicht\/#\/schema\/logo\/image\/","url":"https:\/\/lebenshilfe-dillenburg.de\/wp-content\/uploads\/lebenshilfe-dillenburg-desktop.webp","contentUrl":"https:\/\/lebenshilfe-dillenburg.de\/wp-content\/uploads\/lebenshilfe-dillenburg-desktop.webp","width":461,"height":202,"caption":"Lebenshilfe Dillenburg e.V."},"image":{"@id":"https:\/\/lebenshilfe-dillenburg.de\/leicht\/#\/schema\/logo\/image\/"},"sameAs":["https:\/\/www.facebook.com\/lebenshilfedillenburg\/","https:\/\/www.instagram.com\/lebenshilfe_dillenburg\/"]},{"@type":"Person","@id":"https:\/\/lebenshilfe-dillenburg.de\/leicht\/#\/schema\/person\/b6c52dad8d881b49213c3345a7cd5efe","name":"Conny Holtfoth","sameAs":["http:\/\/lebenshilfe-dillenburg.de"],"url":"https:\/\/lebenshilfe-dillenburg.de\/leicht\/author\/conny\/"}]}},"taxonomy_info":{"category":[{"value":53,"label":"Meldungen"}]},"featured_image_src_large":["https:\/\/lebenshilfe-dillenburg.de\/wp-content\/uploads\/charity-walk-run-start-nach-pandemie.jpg",1366,1005,false],"author_info":{"display_name":"Conny Holtfoth","author_link":"https:\/\/lebenshilfe-dillenburg.de\/leicht\/author\/conny\/"},"comment_info":0,"category_info":[{"term_id":53,"name":"Meldungen","slug":"meldungen","term_group":0,"term_taxonomy_id":53,"taxonomy":"category","description":"","parent":0,"count":127,"filter":"raw","term_order":"5","cat_ID":53,"category_count":127,"category_description":"","cat_name":"Meldungen","category_nicename":"meldungen","category_parent":0}],"tag_info":false,"_links":{"self":[{"href":"https:\/\/lebenshilfe-dillenburg.de\/leicht\/wp-json\/wp\/v2\/posts\/7257","targetHints":{"allow":["GET"]}}],"collection":[{"href":"https:\/\/lebenshilfe-dillenburg.de\/leicht\/wp-json\/wp\/v2\/posts"}],"about":[{"href":"https:\/\/lebenshilfe-dillenburg.de\/leicht\/wp-json\/wp\/v2\/types\/post"}],"author":[{"embeddable":true,"href":"https:\/\/lebenshilfe-dillenburg.de\/leicht\/wp-json\/wp\/v2\/users\/4"}],"replies":[{"embeddable":true,"href":"https:\/\/lebenshilfe-dillenburg.de\/leicht\/wp-json\/wp\/v2\/comments?post=7257"}],"version-history":[{"count":0,"href":"https:\/\/lebenshilfe-dillenburg.de\/leicht\/wp-json\/wp\/v2\/posts\/7257\/revisions"}],"wp:featuredmedia":[{"embeddable":true,"href":"https:\/\/lebenshilfe-dillenburg.de\/leicht\/wp-json\/wp\/v2\/media\/7314"}],"wp:attachment":[{"href":"https:\/\/lebenshilfe-dillenburg.de\/leicht\/wp-json\/wp\/v2\/media?parent=7257"}],"wp:term":[{"taxonomy":"category","embeddable":true,"href":"https:\/\/lebenshilfe-dillenburg.de\/leicht\/wp-json\/wp\/v2\/categories?post=7257"},{"taxonomy":"post_tag","embeddable":true,"href":"https:\/\/lebenshilfe-dillenburg.de\/leicht\/wp-json\/wp\/v2\/tags?post=7257"}],"curies":[{"name":"wp","href":"https:\/\/api.w.org\/{rel}","templated":true}]}}