{"id":7258,"date":"2024-07-11T08:33:47","date_gmt":"2024-07-11T06:33:47","guid":{"rendered":"https:\/\/www.lebenshilfe-dillenburg.de\/?p=4694"},"modified":"2026-01-30T12:09:42","modified_gmt":"2026-01-30T11:09:42","slug":"stiftung-spendet-fuer-tover-tafel-und-band","status":"publish","type":"post","link":"https:\/\/lebenshilfe-dillenburg.de\/leicht\/stiftung-spendet-fuer-tover-tafel-und-band\/","title":{"rendered":"Stiftung spendet f\u00fcr Tover-Tafel und Band"},"content":{"rendered":"<p>Die Stiftung Lebenshilfe Dillenburg hat am Freitag einen symbolischen Scheck in H\u00f6he von 1900 Euro \u00fcberreicht und unterst\u00fctzt damit gleich zwei Projekte des Vereins, die Teilhabe von Menschen mit Behinderung f\u00f6rdern.<!--more--><\/p>\n<p>1600 Euro gehen an die Tagesf\u00f6rderst\u00e4tte am Standort Eibelshausen, wo in zwei Gruppen jeweils sechs bis sieben schwerstmehrfachbehinderte Menschen betreut werden. Dort soll eine Tover-Tafel angeschafft werden. An den Standorten der Tagesf\u00f6rderst\u00e4tte in Dillenburg und im Wohnhaus Haiger hat dieses interaktive Projektionssystem bereits gro\u00dfartige Erfolge erzielt. Eine Tover-Tafel projiziert farbenfrohe und bewegliche Lichtanimationen auf eine Oberfl\u00e4che und wurde speziell entwickelt, um Menschen mit Demenz und geistigen Behinderungen durch spielerische Aktivit\u00e4ten zu stimulieren und ihre kognitiven F\u00e4higkeiten zu f\u00f6rdern. \u201eTover-Tafeln f\u00f6rdern insbesondere bei den von uns betreuten Menschen soziale Teilhabe, Selbstwirksamkeit und Lebensqualit\u00e4t\u201c, erkl\u00e4rte Lea Seibel, Leiterin der Tagesf\u00f6rderst\u00e4tten.<\/p>\n<p>300 Euro erh\u00e4lt die Lebenshilfe-Band \u201eAlles inklusive\u201c, die im vergangenen Jahr das Publikum im Rahmen des nachgeholten Benefizkonzerts zum 25-j\u00e4hrigen Bestehen der Stiftung begeistert hat. Die finanzielle Unterst\u00fctzung dient zur Anschaffung von Gitarrensaiten, Kabeln und andere notwendige Ausr\u00fcstungen. Horst Hartmann vom Sozialen Dienst leitet die Band, in der unter anderem eine blinde Schlagzeugerin mitspielt, seit zehn Jahren. Dirk Botzon, Vorstand der Lebenshilfe Dillenburg, \u00e4u\u00dferte sich begeistert: \u201eEs ist eine tolle Sache, gleich zwei Projekte zu unterst\u00fctzen, die Teilhabe bieten \u2013 einmal in der Musik und einmal in der sozialen Interaktion. Vielen Dank daf\u00fcr.\u201c<\/p>\n<p>Ertr\u00e4ge f\u00fcr Spenden zu erwirtschaften, war f\u00fcr die Stiftung aufgrund der Niedrigzinsphase jahrelang \u201eeine echte Herausforderung\u201c, so Jochen M\u00fcller, Stiftungsvorstandsvorsitzender. Das Benefizkonzert trug einen entscheidenden Teil dazu bei, einen \u00dcberschuss zu erwirtschaften, der nun als Spende \u00fcbergeben werden konnte. \u201eUnser Wunsch ist es, die Stiftung der Lebenshilfe Dillenburg und deren Aufgaben noch bekannter zu machen. F\u00fcr alle, die die Lebenshilfe-Arbeit langfristig unterst\u00fctzen wollen, ist eine Zustiftung zum Stiftungsverm\u00f6gen der richtige Weg, dies kann zum Beispiel durch Schenkungen oder testamentarische Zuwendungen geschehen\u201c, erkl\u00e4rte M\u00fcller.<\/p>\n<p>Dazu bedarf es immer wieder Pr\u00e4senz in der \u00d6ffentlichkeit. Eine weitere Veranstaltung ist bereits in Planung: Am 10. Oktober findet eine Lesung mit Ex-Kommissar und Buchautor Erwin M\u00fcller im Wohnhaus Manderbach statt. Der Eintritt ist kostenlos, Spenden sind jedoch erbeten. Ab 19 Uhr wird M\u00fcller, bekannt aus \u201eAktenzeichen XY\u2026 ungel\u00f6st\u201c, von dem Mordfall im Stippbachtal berichten, einem ungel\u00f6sten Fall aus den 80er Jahren, der nun neu aufgerollt wurde. \u201eHochinteressant\u201c, versprach Stiftungsratsvorsitzender Vincenz Heiliger.<\/p>\n<p>Seit nun schon 27 Jahren setzt sich die Stiftung Lebenshilfe Dillenburg daf\u00fcr ein, Menschen mit Behinderungen eine lebenswerte Zukunft zu sichern und die Arbeit des Vereins Lebenshilfe Dillenburg nachhaltig zu f\u00f6rdern. Als selbstst\u00e4ndige Stiftung des b\u00fcrgerlichen Rechts verfolgt sie ausschlie\u00dflich gemeinn\u00fctzige Zwecke zum Wohle der Menschen mit Behinderung im n\u00f6rdlichen Lahn-Dill-Kreis.<\/p>\n","protected":false},"excerpt":{"rendered":"<p>Die Stiftung Lebenshilfe Dillenburg hat am Freitag einen symbolischen Scheck in H\u00f6he von 1900 Euro \u00fcberreicht und unterst\u00fctzt damit gleich zwei Projekte des Vereins, die Teilhabe von Menschen mit Behinderung f\u00f6rdern.<\/p>\n","protected":false},"author":4,"featured_media":4695,"comment_status":"closed","ping_status":"closed","sticky":false,"template":"","format":"standard","meta":{"_acf_changed":false,"_gspb_post_css":"","_kad_blocks_custom_css":"","_kad_blocks_head_custom_js":"","_kad_blocks_body_custom_js":"","_kad_blocks_footer_custom_js":"","_kad_post_transparent":"","_kad_post_title":"","_kad_post_layout":"","_kad_post_sidebar_id":"","_kad_post_content_style":"","_kad_post_vertical_padding":"","_kad_post_feature":"","_kad_post_feature_position":"","_kad_post_header":false,"_kad_post_footer":false,"_kad_post_classname":"","footnotes":""},"categories":[53],"tags":[],"class_list":["post-7258","post","type-post","status-publish","format-standard","has-post-thumbnail","hentry","category-meldungen"],"acf":[],"yoast_head":"<!-- This site is optimized with the Yoast SEO plugin v27.5 - https:\/\/yoast.com\/product\/yoast-seo-wordpress\/ -->\n<title>Stiftung spendet f\u00fcr Tover-Tafel und Band - Lebenshilfe Dillenburg e.V.<\/title>\n<meta name=\"robots\" content=\"index, follow, max-snippet:-1, max-image-preview:large, max-video-preview:-1\" \/>\n<link rel=\"canonical\" href=\"https:\/\/lebenshilfe-dillenburg.de\/leicht\/stiftung-spendet-fuer-tover-tafel-und-band\/\" \/>\n<meta property=\"og:locale\" content=\"de_DE\" \/>\n<meta property=\"og:type\" content=\"article\" \/>\n<meta property=\"og:title\" content=\"Stiftung spendet f\u00fcr Tover-Tafel und Band - Lebenshilfe Dillenburg e.V.\" \/>\n<meta property=\"og:description\" content=\"Die Stiftung Lebenshilfe Dillenburg hat am Freitag einen symbolischen Scheck in H\u00f6he von 1900 Euro \u00fcberreicht und unterst\u00fctzt damit gleich zwei Projekte des Vereins, die Teilhabe von Menschen mit Behinderung f\u00f6rdern.\" \/>\n<meta property=\"og:url\" content=\"https:\/\/lebenshilfe-dillenburg.de\/leicht\/stiftung-spendet-fuer-tover-tafel-und-band\/\" \/>\n<meta property=\"og:site_name\" content=\"Lebenshilfe Dillenburg e.V.\" \/>\n<meta property=\"article:publisher\" content=\"https:\/\/www.facebook.com\/lebenshilfedillenburg\/\" \/>\n<meta property=\"article:published_time\" content=\"2024-07-11T06:33:47+00:00\" \/>\n<meta property=\"article:modified_time\" content=\"2026-01-30T11:09:42+00:00\" \/>\n<meta property=\"og:image\" content=\"https:\/\/lebenshilfe-dillenburg.de\/wp-content\/uploads\/stiftung-spendet-fuer-tover-tafel-und-band-img-2259-scaled-1.jpg\" \/>\n\t<meta property=\"og:image:width\" content=\"2560\" \/>\n\t<meta property=\"og:image:height\" content=\"1920\" \/>\n\t<meta property=\"og:image:type\" content=\"image\/jpeg\" \/>\n<meta name=\"author\" content=\"Conny Holtfoth\" \/>\n<meta name=\"twitter:card\" content=\"summary_large_image\" \/>\n<meta name=\"twitter:label1\" content=\"Geschrieben von\" \/>\n\t<meta name=\"twitter:data1\" content=\"Conny Holtfoth\" \/>\n\t<meta name=\"twitter:label2\" content=\"Gesch\u00e4tzte Lesezeit\" \/>\n\t<meta name=\"twitter:data2\" content=\"2\u00a0Minuten\" \/>\n<script type=\"application\/ld+json\" class=\"yoast-schema-graph\">{\"@context\":\"https:\\\/\\\/schema.org\",\"@graph\":[{\"@type\":\"Article\",\"@id\":\"https:\\\/\\\/lebenshilfe-dillenburg.de\\\/leicht\\\/stiftung-spendet-fuer-tover-tafel-und-band\\\/#article\",\"isPartOf\":{\"@id\":\"https:\\\/\\\/lebenshilfe-dillenburg.de\\\/leicht\\\/stiftung-spendet-fuer-tover-tafel-und-band\\\/\"},\"author\":{\"name\":\"Conny Holtfoth\",\"@id\":\"https:\\\/\\\/lebenshilfe-dillenburg.de\\\/leicht\\\/#\\\/schema\\\/person\\\/b6c52dad8d881b49213c3345a7cd5efe\"},\"headline\":\"Stiftung spendet f\u00fcr Tover-Tafel und Band\",\"datePublished\":\"2024-07-11T06:33:47+00:00\",\"dateModified\":\"2026-01-30T11:09:42+00:00\",\"mainEntityOfPage\":{\"@id\":\"https:\\\/\\\/lebenshilfe-dillenburg.de\\\/leicht\\\/stiftung-spendet-fuer-tover-tafel-und-band\\\/\"},\"wordCount\":474,\"publisher\":{\"@id\":\"https:\\\/\\\/lebenshilfe-dillenburg.de\\\/leicht\\\/#organization\"},\"image\":{\"@id\":\"https:\\\/\\\/lebenshilfe-dillenburg.de\\\/leicht\\\/stiftung-spendet-fuer-tover-tafel-und-band\\\/#primaryimage\"},\"thumbnailUrl\":\"https:\\\/\\\/lebenshilfe-dillenburg.de\\\/wp-content\\\/uploads\\\/stiftung-scheck-1200-euro-lebenshilfe-dillenburg.jpg\",\"articleSection\":[\"Meldungen\"],\"inLanguage\":\"de\"},{\"@type\":\"WebPage\",\"@id\":\"https:\\\/\\\/lebenshilfe-dillenburg.de\\\/leicht\\\/stiftung-spendet-fuer-tover-tafel-und-band\\\/\",\"url\":\"https:\\\/\\\/lebenshilfe-dillenburg.de\\\/leicht\\\/stiftung-spendet-fuer-tover-tafel-und-band\\\/\",\"name\":\"Stiftung spendet f\u00fcr Tover-Tafel und Band - Lebenshilfe Dillenburg e.V.\",\"isPartOf\":{\"@id\":\"https:\\\/\\\/lebenshilfe-dillenburg.de\\\/leicht\\\/#website\"},\"primaryImageOfPage\":{\"@id\":\"https:\\\/\\\/lebenshilfe-dillenburg.de\\\/leicht\\\/stiftung-spendet-fuer-tover-tafel-und-band\\\/#primaryimage\"},\"image\":{\"@id\":\"https:\\\/\\\/lebenshilfe-dillenburg.de\\\/leicht\\\/stiftung-spendet-fuer-tover-tafel-und-band\\\/#primaryimage\"},\"thumbnailUrl\":\"https:\\\/\\\/lebenshilfe-dillenburg.de\\\/wp-content\\\/uploads\\\/stiftung-scheck-1200-euro-lebenshilfe-dillenburg.jpg\",\"datePublished\":\"2024-07-11T06:33:47+00:00\",\"dateModified\":\"2026-01-30T11:09:42+00:00\",\"breadcrumb\":{\"@id\":\"https:\\\/\\\/lebenshilfe-dillenburg.de\\\/leicht\\\/stiftung-spendet-fuer-tover-tafel-und-band\\\/#breadcrumb\"},\"inLanguage\":\"de\",\"potentialAction\":[{\"@type\":\"ReadAction\",\"target\":[\"https:\\\/\\\/lebenshilfe-dillenburg.de\\\/leicht\\\/stiftung-spendet-fuer-tover-tafel-und-band\\\/\"]}]},{\"@type\":\"ImageObject\",\"inLanguage\":\"de\",\"@id\":\"https:\\\/\\\/lebenshilfe-dillenburg.de\\\/leicht\\\/stiftung-spendet-fuer-tover-tafel-und-band\\\/#primaryimage\",\"url\":\"https:\\\/\\\/lebenshilfe-dillenburg.de\\\/wp-content\\\/uploads\\\/stiftung-scheck-1200-euro-lebenshilfe-dillenburg.jpg\",\"contentUrl\":\"https:\\\/\\\/lebenshilfe-dillenburg.de\\\/wp-content\\\/uploads\\\/stiftung-scheck-1200-euro-lebenshilfe-dillenburg.jpg\",\"width\":1440,\"height\":1080,\"caption\":\"Stiftungsratsvorsitzender Vincenz Heiliger (2.v.l.) und Stiftungsvorstandsvorsitzender Jochen M\u00fcller (3.v.l.) \u00fcberreichen den symbolischen Scheck an Benjamin Weyerich (Leitung Werkstatt Eibelshausen), Lea Seibel (Leitung Tagesf\u00f6rderst\u00e4tte), Horst Hartmann (Sozialer Dienst) und Dirk Botzon (Vorstand Lebenshilfe). (Foto: Holtfoth)\"},{\"@type\":\"BreadcrumbList\",\"@id\":\"https:\\\/\\\/lebenshilfe-dillenburg.de\\\/leicht\\\/stiftung-spendet-fuer-tover-tafel-und-band\\\/#breadcrumb\",\"itemListElement\":[{\"@type\":\"ListItem\",\"position\":1,\"name\":\"Startseite der Lebenshilfe Dillenburg\",\"item\":\"https:\\\/\\\/lebenshilfe-dillenburg.de\\\/leicht\\\/\"},{\"@type\":\"ListItem\",\"position\":2,\"name\":\"Stiftung spendet f\u00fcr Tover-Tafel und Band\"}]},{\"@type\":\"WebSite\",\"@id\":\"https:\\\/\\\/lebenshilfe-dillenburg.de\\\/leicht\\\/#website\",\"url\":\"https:\\\/\\\/lebenshilfe-dillenburg.de\\\/leicht\\\/\",\"name\":\"Lebenshilfe Dillenburg \u2013 Teilhabe & Unterst\u00fctzung im Lahn-Dill-Kreis\",\"description\":\"\",\"publisher\":{\"@id\":\"https:\\\/\\\/lebenshilfe-dillenburg.de\\\/leicht\\\/#organization\"},\"potentialAction\":[{\"@type\":\"SearchAction\",\"target\":{\"@type\":\"EntryPoint\",\"urlTemplate\":\"https:\\\/\\\/lebenshilfe-dillenburg.de\\\/leicht\\\/?s={search_term_string}\"},\"query-input\":{\"@type\":\"PropertyValueSpecification\",\"valueRequired\":true,\"valueName\":\"search_term_string\"}}],\"inLanguage\":\"de\"},{\"@type\":\"Organization\",\"@id\":\"https:\\\/\\\/lebenshilfe-dillenburg.de\\\/leicht\\\/#organization\",\"name\":\"Lebenshilfe Dillenburg e.V.\",\"url\":\"https:\\\/\\\/lebenshilfe-dillenburg.de\\\/leicht\\\/\",\"logo\":{\"@type\":\"ImageObject\",\"inLanguage\":\"de\",\"@id\":\"https:\\\/\\\/lebenshilfe-dillenburg.de\\\/leicht\\\/#\\\/schema\\\/logo\\\/image\\\/\",\"url\":\"https:\\\/\\\/lebenshilfe-dillenburg.de\\\/wp-content\\\/uploads\\\/lebenshilfe-dillenburg-desktop.webp\",\"contentUrl\":\"https:\\\/\\\/lebenshilfe-dillenburg.de\\\/wp-content\\\/uploads\\\/lebenshilfe-dillenburg-desktop.webp\",\"width\":461,\"height\":202,\"caption\":\"Lebenshilfe Dillenburg e.V.\"},\"image\":{\"@id\":\"https:\\\/\\\/lebenshilfe-dillenburg.de\\\/leicht\\\/#\\\/schema\\\/logo\\\/image\\\/\"},\"sameAs\":[\"https:\\\/\\\/www.facebook.com\\\/lebenshilfedillenburg\\\/\",\"https:\\\/\\\/www.instagram.com\\\/lebenshilfe_dillenburg\\\/\"]},{\"@type\":\"Person\",\"@id\":\"https:\\\/\\\/lebenshilfe-dillenburg.de\\\/leicht\\\/#\\\/schema\\\/person\\\/b6c52dad8d881b49213c3345a7cd5efe\",\"name\":\"Conny Holtfoth\",\"sameAs\":[\"http:\\\/\\\/lebenshilfe-dillenburg.de\"],\"url\":\"https:\\\/\\\/lebenshilfe-dillenburg.de\\\/leicht\\\/author\\\/conny\\\/\"}]}<\/script>\n<!-- \/ Yoast SEO plugin. -->","yoast_head_json":{"title":"Stiftung spendet f\u00fcr Tover-Tafel und Band - Lebenshilfe Dillenburg e.V.","robots":{"index":"index","follow":"follow","max-snippet":"max-snippet:-1","max-image-preview":"max-image-preview:large","max-video-preview":"max-video-preview:-1"},"canonical":"https:\/\/lebenshilfe-dillenburg.de\/leicht\/stiftung-spendet-fuer-tover-tafel-und-band\/","og_locale":"de_DE","og_type":"article","og_title":"Stiftung spendet f\u00fcr Tover-Tafel und Band - Lebenshilfe Dillenburg e.V.","og_description":"Die Stiftung Lebenshilfe Dillenburg hat am Freitag einen symbolischen Scheck in H\u00f6he von 1900 Euro \u00fcberreicht und unterst\u00fctzt damit gleich zwei Projekte des Vereins, die Teilhabe von Menschen mit Behinderung f\u00f6rdern.","og_url":"https:\/\/lebenshilfe-dillenburg.de\/leicht\/stiftung-spendet-fuer-tover-tafel-und-band\/","og_site_name":"Lebenshilfe Dillenburg e.V.","article_publisher":"https:\/\/www.facebook.com\/lebenshilfedillenburg\/","article_published_time":"2024-07-11T06:33:47+00:00","article_modified_time":"2026-01-30T11:09:42+00:00","og_image":[{"width":2560,"height":1920,"url":"https:\/\/lebenshilfe-dillenburg.de\/wp-content\/uploads\/stiftung-spendet-fuer-tover-tafel-und-band-img-2259-scaled-1.jpg","type":"image\/jpeg"}],"author":"Conny Holtfoth","twitter_card":"summary_large_image","twitter_misc":{"Geschrieben von":"Conny Holtfoth","Gesch\u00e4tzte Lesezeit":"2\u00a0Minuten"},"schema":{"@context":"https:\/\/schema.org","@graph":[{"@type":"Article","@id":"https:\/\/lebenshilfe-dillenburg.de\/leicht\/stiftung-spendet-fuer-tover-tafel-und-band\/#article","isPartOf":{"@id":"https:\/\/lebenshilfe-dillenburg.de\/leicht\/stiftung-spendet-fuer-tover-tafel-und-band\/"},"author":{"name":"Conny Holtfoth","@id":"https:\/\/lebenshilfe-dillenburg.de\/leicht\/#\/schema\/person\/b6c52dad8d881b49213c3345a7cd5efe"},"headline":"Stiftung spendet f\u00fcr Tover-Tafel und Band","datePublished":"2024-07-11T06:33:47+00:00","dateModified":"2026-01-30T11:09:42+00:00","mainEntityOfPage":{"@id":"https:\/\/lebenshilfe-dillenburg.de\/leicht\/stiftung-spendet-fuer-tover-tafel-und-band\/"},"wordCount":474,"publisher":{"@id":"https:\/\/lebenshilfe-dillenburg.de\/leicht\/#organization"},"image":{"@id":"https:\/\/lebenshilfe-dillenburg.de\/leicht\/stiftung-spendet-fuer-tover-tafel-und-band\/#primaryimage"},"thumbnailUrl":"https:\/\/lebenshilfe-dillenburg.de\/wp-content\/uploads\/stiftung-scheck-1200-euro-lebenshilfe-dillenburg.jpg","articleSection":["Meldungen"],"inLanguage":"de"},{"@type":"WebPage","@id":"https:\/\/lebenshilfe-dillenburg.de\/leicht\/stiftung-spendet-fuer-tover-tafel-und-band\/","url":"https:\/\/lebenshilfe-dillenburg.de\/leicht\/stiftung-spendet-fuer-tover-tafel-und-band\/","name":"Stiftung spendet f\u00fcr Tover-Tafel und Band - Lebenshilfe Dillenburg e.V.","isPartOf":{"@id":"https:\/\/lebenshilfe-dillenburg.de\/leicht\/#website"},"primaryImageOfPage":{"@id":"https:\/\/lebenshilfe-dillenburg.de\/leicht\/stiftung-spendet-fuer-tover-tafel-und-band\/#primaryimage"},"image":{"@id":"https:\/\/lebenshilfe-dillenburg.de\/leicht\/stiftung-spendet-fuer-tover-tafel-und-band\/#primaryimage"},"thumbnailUrl":"https:\/\/lebenshilfe-dillenburg.de\/wp-content\/uploads\/stiftung-scheck-1200-euro-lebenshilfe-dillenburg.jpg","datePublished":"2024-07-11T06:33:47+00:00","dateModified":"2026-01-30T11:09:42+00:00","breadcrumb":{"@id":"https:\/\/lebenshilfe-dillenburg.de\/leicht\/stiftung-spendet-fuer-tover-tafel-und-band\/#breadcrumb"},"inLanguage":"de","potentialAction":[{"@type":"ReadAction","target":["https:\/\/lebenshilfe-dillenburg.de\/leicht\/stiftung-spendet-fuer-tover-tafel-und-band\/"]}]},{"@type":"ImageObject","inLanguage":"de","@id":"https:\/\/lebenshilfe-dillenburg.de\/leicht\/stiftung-spendet-fuer-tover-tafel-und-band\/#primaryimage","url":"https:\/\/lebenshilfe-dillenburg.de\/wp-content\/uploads\/stiftung-scheck-1200-euro-lebenshilfe-dillenburg.jpg","contentUrl":"https:\/\/lebenshilfe-dillenburg.de\/wp-content\/uploads\/stiftung-scheck-1200-euro-lebenshilfe-dillenburg.jpg","width":1440,"height":1080,"caption":"Stiftungsratsvorsitzender Vincenz Heiliger (2.v.l.) und Stiftungsvorstandsvorsitzender Jochen M\u00fcller (3.v.l.) \u00fcberreichen den symbolischen Scheck an Benjamin Weyerich (Leitung Werkstatt Eibelshausen), Lea Seibel (Leitung Tagesf\u00f6rderst\u00e4tte), Horst Hartmann (Sozialer Dienst) und Dirk Botzon (Vorstand Lebenshilfe). (Foto: Holtfoth)"},{"@type":"BreadcrumbList","@id":"https:\/\/lebenshilfe-dillenburg.de\/leicht\/stiftung-spendet-fuer-tover-tafel-und-band\/#breadcrumb","itemListElement":[{"@type":"ListItem","position":1,"name":"Startseite der Lebenshilfe Dillenburg","item":"https:\/\/lebenshilfe-dillenburg.de\/leicht\/"},{"@type":"ListItem","position":2,"name":"Stiftung spendet f\u00fcr Tover-Tafel und Band"}]},{"@type":"WebSite","@id":"https:\/\/lebenshilfe-dillenburg.de\/leicht\/#website","url":"https:\/\/lebenshilfe-dillenburg.de\/leicht\/","name":"Lebenshilfe Dillenburg \u2013 Teilhabe & Unterst\u00fctzung im Lahn-Dill-Kreis","description":"","publisher":{"@id":"https:\/\/lebenshilfe-dillenburg.de\/leicht\/#organization"},"potentialAction":[{"@type":"SearchAction","target":{"@type":"EntryPoint","urlTemplate":"https:\/\/lebenshilfe-dillenburg.de\/leicht\/?s={search_term_string}"},"query-input":{"@type":"PropertyValueSpecification","valueRequired":true,"valueName":"search_term_string"}}],"inLanguage":"de"},{"@type":"Organization","@id":"https:\/\/lebenshilfe-dillenburg.de\/leicht\/#organization","name":"Lebenshilfe Dillenburg e.V.","url":"https:\/\/lebenshilfe-dillenburg.de\/leicht\/","logo":{"@type":"ImageObject","inLanguage":"de","@id":"https:\/\/lebenshilfe-dillenburg.de\/leicht\/#\/schema\/logo\/image\/","url":"https:\/\/lebenshilfe-dillenburg.de\/wp-content\/uploads\/lebenshilfe-dillenburg-desktop.webp","contentUrl":"https:\/\/lebenshilfe-dillenburg.de\/wp-content\/uploads\/lebenshilfe-dillenburg-desktop.webp","width":461,"height":202,"caption":"Lebenshilfe Dillenburg e.V."},"image":{"@id":"https:\/\/lebenshilfe-dillenburg.de\/leicht\/#\/schema\/logo\/image\/"},"sameAs":["https:\/\/www.facebook.com\/lebenshilfedillenburg\/","https:\/\/www.instagram.com\/lebenshilfe_dillenburg\/"]},{"@type":"Person","@id":"https:\/\/lebenshilfe-dillenburg.de\/leicht\/#\/schema\/person\/b6c52dad8d881b49213c3345a7cd5efe","name":"Conny Holtfoth","sameAs":["http:\/\/lebenshilfe-dillenburg.de"],"url":"https:\/\/lebenshilfe-dillenburg.de\/leicht\/author\/conny\/"}]}},"taxonomy_info":{"category":[{"value":53,"label":"Meldungen"}]},"featured_image_src_large":["https:\/\/lebenshilfe-dillenburg.de\/wp-content\/uploads\/stiftung-scheck-1200-euro-lebenshilfe-dillenburg-1920x1440.jpg",1366,1025,true],"author_info":{"display_name":"Conny Holtfoth","author_link":"https:\/\/lebenshilfe-dillenburg.de\/leicht\/author\/conny\/"},"comment_info":0,"category_info":[{"term_id":53,"name":"Meldungen","slug":"meldungen","term_group":0,"term_taxonomy_id":53,"taxonomy":"category","description":"","parent":0,"count":127,"filter":"raw","term_order":"5","cat_ID":53,"category_count":127,"category_description":"","cat_name":"Meldungen","category_nicename":"meldungen","category_parent":0}],"tag_info":false,"_links":{"self":[{"href":"https:\/\/lebenshilfe-dillenburg.de\/leicht\/wp-json\/wp\/v2\/posts\/7258","targetHints":{"allow":["GET"]}}],"collection":[{"href":"https:\/\/lebenshilfe-dillenburg.de\/leicht\/wp-json\/wp\/v2\/posts"}],"about":[{"href":"https:\/\/lebenshilfe-dillenburg.de\/leicht\/wp-json\/wp\/v2\/types\/post"}],"author":[{"embeddable":true,"href":"https:\/\/lebenshilfe-dillenburg.de\/leicht\/wp-json\/wp\/v2\/users\/4"}],"replies":[{"embeddable":true,"href":"https:\/\/lebenshilfe-dillenburg.de\/leicht\/wp-json\/wp\/v2\/comments?post=7258"}],"version-history":[{"count":0,"href":"https:\/\/lebenshilfe-dillenburg.de\/leicht\/wp-json\/wp\/v2\/posts\/7258\/revisions"}],"wp:featuredmedia":[{"embeddable":true,"href":"https:\/\/lebenshilfe-dillenburg.de\/leicht\/wp-json\/wp\/v2\/media\/4695"}],"wp:attachment":[{"href":"https:\/\/lebenshilfe-dillenburg.de\/leicht\/wp-json\/wp\/v2\/media?parent=7258"}],"wp:term":[{"taxonomy":"category","embeddable":true,"href":"https:\/\/lebenshilfe-dillenburg.de\/leicht\/wp-json\/wp\/v2\/categories?post=7258"},{"taxonomy":"post_tag","embeddable":true,"href":"https:\/\/lebenshilfe-dillenburg.de\/leicht\/wp-json\/wp\/v2\/tags?post=7258"}],"curies":[{"name":"wp","href":"https:\/\/api.w.org\/{rel}","templated":true}]}}