{"id":7265,"date":"2024-09-23T09:27:38","date_gmt":"2024-09-23T07:27:38","guid":{"rendered":"https:\/\/www.lebenshilfe-dillenburg.de\/?p=4770"},"modified":"2026-01-30T12:09:42","modified_gmt":"2026-01-30T11:09:42","slug":"wenn-mode-inklusion-foerdert","status":"publish","type":"post","link":"https:\/\/lebenshilfe-dillenburg.de\/leicht\/wenn-mode-inklusion-foerdert\/","title":{"rendered":"Wenn Mode Inklusion f\u00f6rdert"},"content":{"rendered":"<p>4900 Euro vom Modelabel Mosja f\u00fcr die Kulturarbeit der Lebenshilfe Dillenburg: Die Spende stellt nicht nur einen wertvollen Beitrag zur kulturellen Teilhabe von Menschen mit Behinderungen dar, sondern bildet zugleich den Startschuss f\u00fcr ein neues, innovatives Gemeinschaftsprojekt.<!--more--><\/p>\n<p>Ihren Anfang genommen hat die Kooperation zwischen Mosja und Lebenshilfe im vergangenen Jahr mit der Kollektion \u201eBetter together\u201c. Diese entstand unter anderem durch Buse G\u00f6zde-Kizil, eine junge Frau mit Schwerstmehrfachbehinderung, die in der Tagesf\u00f6rderst\u00e4tte der Lebenshilfe Dillenburg betreut wird. Gemeinsam mit dem Herborner Maler Santiago Gallardo designte sie die farbenfrohe Vorlage, die nur kurze Zeit sp\u00e4ter verschiedene Kleidungsst\u00fccke zierte und sich rasant verkaufte. \u201eUnd das ist der sch\u00f6ne Effekt\u201c, betonte Lebenshilfe-Vorstandsmitglied Dr. Oliver Schmitzer. \u201eDie Leute kaufen die St\u00fccke, weil sie cool und qualitativ hochwertig sind, und nicht, weil sie von einem Menschen mit Behinderung hergestellt worden sind. Einige kennen den Hintergrund auch gar nicht.\u201c Dem pflichtete sein Vorstandskollege Dirk Botzon bei: \u201eWir wussten anfangs nicht, welches Ergebnis uns erwartet, aber es passt perfekt zu unserer Philosophie. Auch wir wollen nicht, dass etwa in der Industrie Unternehmen aus Mitleid mit uns zusammenarbeiten, sondern weil wir ein verl\u00e4sslicher und leistungsstarker Gesch\u00e4ftspartner sind.\u201c<\/p>\n<p>Mosja steht f\u00fcr Qualit\u00e4t, aber gleichzeitig auch f\u00fcr soziales Engagement, Nachhaltigkeit und faire Produktionsbedingungen. \u201eWir betreiben eine Art positive Aufkl\u00e4rung\u201c, beschreibt es Ann-Kathrin Klein, einer der kreativen K\u00f6pfe hinter der Marke. \u201eUnd das tun wir nun auch in Sachen Inklusion. Wir wollten mit der Kollektion etwas erreichen, dass Inklusion nicht platt widerspiegelt. Und das ist uns gelungen.\u201c<\/p>\n<p>20 Prozent der Einnahmen aus dem Verkauf der Kollektion flossen nun an die Lebenshilfe Dillenburg. Und das soll keine einmalige Geschichte bleiben. F\u00fcr eine neue Kollektion hat sich Mosja erneut Verst\u00e4rkung von Menschen mit Behinderung geholt: Zwei Besch\u00e4ftigte aus den Dillenburger Werkst\u00e4tten werden als Praktikantinnen bei Mosja mitarbeiten und den kompletten Prozess von Kreativphase \u00fcber Produktion bis hin zum Verkauf mitbegleiten. \u201eEs ist uns wichtig, dass diejenigen, die hinter dem Design stecken, auch einmal die gesamten Abl\u00e4ufe miterleben und erfahren, welche weiten Kreise das Ganze zieht und welche positiven Reaktionen es darauf gibt\u201c, betont Mosja-Gesch\u00e4ftsinhaber Jakob Sahm. Geplant sind Shirts, Hoodies, Taschen und eventuell auch Socken und Caps.<\/p>\n<p>\u201eMich macht es stolz, dass Menschen mit Behinderung erneut eine eigene Kollektion entwickeln\u201c, sagt Lebenshilfe-Kulturreferent Sascha Kirchhoff. \u201eDas m\u00f6chten wir intensivieren und verstetigen.\u201c<\/p>\n","protected":false},"excerpt":{"rendered":"<p>4900 Euro vom Modelabel Mosja f\u00fcr die Kulturarbeit der Lebenshilfe Dillenburg: Die Spende stellt nicht nur einen wertvollen Beitrag zur kulturellen Teilhabe von Menschen mit Behinderungen dar, sondern bildet zugleich den Startschuss f\u00fcr ein neues, innovatives Gemeinschaftsprojekt.<\/p>\n","protected":false},"author":4,"featured_media":7316,"comment_status":"closed","ping_status":"closed","sticky":false,"template":"","format":"standard","meta":{"_acf_changed":false,"_gspb_post_css":"","_kad_blocks_custom_css":"","_kad_blocks_head_custom_js":"","_kad_blocks_body_custom_js":"","_kad_blocks_footer_custom_js":"","_kad_post_transparent":"","_kad_post_title":"","_kad_post_layout":"","_kad_post_sidebar_id":"","_kad_post_content_style":"","_kad_post_vertical_padding":"","_kad_post_feature":"","_kad_post_feature_position":"","_kad_post_header":false,"_kad_post_footer":false,"_kad_post_classname":"","footnotes":""},"categories":[53],"tags":[],"class_list":["post-7265","post","type-post","status-publish","format-standard","has-post-thumbnail","hentry","category-meldungen"],"acf":[],"yoast_head":"<!-- This site is optimized with the Yoast SEO plugin v27.5 - https:\/\/yoast.com\/product\/yoast-seo-wordpress\/ -->\n<title>Wenn Mode Inklusion f\u00f6rdert - Lebenshilfe Dillenburg e.V.<\/title>\n<meta name=\"robots\" content=\"index, follow, max-snippet:-1, max-image-preview:large, max-video-preview:-1\" \/>\n<link rel=\"canonical\" href=\"https:\/\/lebenshilfe-dillenburg.de\/leicht\/wenn-mode-inklusion-foerdert\/\" \/>\n<meta property=\"og:locale\" content=\"de_DE\" \/>\n<meta property=\"og:type\" content=\"article\" \/>\n<meta property=\"og:title\" content=\"Wenn Mode Inklusion f\u00f6rdert - Lebenshilfe Dillenburg e.V.\" \/>\n<meta property=\"og:description\" content=\"4900 Euro vom Modelabel Mosja f\u00fcr die Kulturarbeit der Lebenshilfe Dillenburg: Die Spende stellt nicht nur einen wertvollen Beitrag zur kulturellen Teilhabe von Menschen mit Behinderungen dar, sondern bildet zugleich den Startschuss f\u00fcr ein neues, innovatives Gemeinschaftsprojekt.\" \/>\n<meta property=\"og:url\" content=\"https:\/\/lebenshilfe-dillenburg.de\/leicht\/wenn-mode-inklusion-foerdert\/\" \/>\n<meta property=\"og:site_name\" content=\"Lebenshilfe Dillenburg e.V.\" \/>\n<meta property=\"article:publisher\" content=\"https:\/\/www.facebook.com\/lebenshilfedillenburg\/\" \/>\n<meta property=\"article:published_time\" content=\"2024-09-23T07:27:38+00:00\" \/>\n<meta property=\"article:modified_time\" content=\"2026-01-30T11:09:42+00:00\" \/>\n<meta property=\"og:image\" content=\"https:\/\/lebenshilfe-dillenburg.de\/wp-content\/uploads\/wenn-mode-inklusion-foerdert-2157fa44-6c2e-497f-aa73-f37045e37d9a-scaled-1.jpg\" \/>\n\t<meta property=\"og:image:width\" content=\"2560\" \/>\n\t<meta property=\"og:image:height\" content=\"1920\" \/>\n\t<meta property=\"og:image:type\" content=\"image\/jpeg\" \/>\n<meta name=\"author\" content=\"Conny Holtfoth\" \/>\n<meta name=\"twitter:card\" content=\"summary_large_image\" \/>\n<meta name=\"twitter:label1\" content=\"Geschrieben von\" \/>\n\t<meta name=\"twitter:data1\" content=\"Conny Holtfoth\" \/>\n\t<meta name=\"twitter:label2\" content=\"Gesch\u00e4tzte Lesezeit\" \/>\n\t<meta name=\"twitter:data2\" content=\"2\u00a0Minuten\" \/>\n<script type=\"application\/ld+json\" class=\"yoast-schema-graph\">{\"@context\":\"https:\\\/\\\/schema.org\",\"@graph\":[{\"@type\":\"Article\",\"@id\":\"https:\\\/\\\/lebenshilfe-dillenburg.de\\\/leicht\\\/wenn-mode-inklusion-foerdert\\\/#article\",\"isPartOf\":{\"@id\":\"https:\\\/\\\/lebenshilfe-dillenburg.de\\\/leicht\\\/wenn-mode-inklusion-foerdert\\\/\"},\"author\":{\"name\":\"Conny Holtfoth\",\"@id\":\"https:\\\/\\\/lebenshilfe-dillenburg.de\\\/leicht\\\/#\\\/schema\\\/person\\\/b6c52dad8d881b49213c3345a7cd5efe\"},\"headline\":\"Wenn Mode Inklusion f\u00f6rdert\",\"datePublished\":\"2024-09-23T07:27:38+00:00\",\"dateModified\":\"2026-01-30T11:09:42+00:00\",\"mainEntityOfPage\":{\"@id\":\"https:\\\/\\\/lebenshilfe-dillenburg.de\\\/leicht\\\/wenn-mode-inklusion-foerdert\\\/\"},\"wordCount\":402,\"publisher\":{\"@id\":\"https:\\\/\\\/lebenshilfe-dillenburg.de\\\/leicht\\\/#organization\"},\"image\":{\"@id\":\"https:\\\/\\\/lebenshilfe-dillenburg.de\\\/leicht\\\/wenn-mode-inklusion-foerdert\\\/#primaryimage\"},\"thumbnailUrl\":\"https:\\\/\\\/lebenshilfe-dillenburg.de\\\/wp-content\\\/uploads\\\/teamfoto-kooperation-lebenshilfe-dillenburg.jpg\",\"articleSection\":[\"Meldungen\"],\"inLanguage\":\"de\"},{\"@type\":\"WebPage\",\"@id\":\"https:\\\/\\\/lebenshilfe-dillenburg.de\\\/leicht\\\/wenn-mode-inklusion-foerdert\\\/\",\"url\":\"https:\\\/\\\/lebenshilfe-dillenburg.de\\\/leicht\\\/wenn-mode-inklusion-foerdert\\\/\",\"name\":\"Wenn Mode Inklusion f\u00f6rdert - Lebenshilfe Dillenburg e.V.\",\"isPartOf\":{\"@id\":\"https:\\\/\\\/lebenshilfe-dillenburg.de\\\/leicht\\\/#website\"},\"primaryImageOfPage\":{\"@id\":\"https:\\\/\\\/lebenshilfe-dillenburg.de\\\/leicht\\\/wenn-mode-inklusion-foerdert\\\/#primaryimage\"},\"image\":{\"@id\":\"https:\\\/\\\/lebenshilfe-dillenburg.de\\\/leicht\\\/wenn-mode-inklusion-foerdert\\\/#primaryimage\"},\"thumbnailUrl\":\"https:\\\/\\\/lebenshilfe-dillenburg.de\\\/wp-content\\\/uploads\\\/teamfoto-kooperation-lebenshilfe-dillenburg.jpg\",\"datePublished\":\"2024-09-23T07:27:38+00:00\",\"dateModified\":\"2026-01-30T11:09:42+00:00\",\"breadcrumb\":{\"@id\":\"https:\\\/\\\/lebenshilfe-dillenburg.de\\\/leicht\\\/wenn-mode-inklusion-foerdert\\\/#breadcrumb\"},\"inLanguage\":\"de\",\"potentialAction\":[{\"@type\":\"ReadAction\",\"target\":[\"https:\\\/\\\/lebenshilfe-dillenburg.de\\\/leicht\\\/wenn-mode-inklusion-foerdert\\\/\"]}]},{\"@type\":\"ImageObject\",\"inLanguage\":\"de\",\"@id\":\"https:\\\/\\\/lebenshilfe-dillenburg.de\\\/leicht\\\/wenn-mode-inklusion-foerdert\\\/#primaryimage\",\"url\":\"https:\\\/\\\/lebenshilfe-dillenburg.de\\\/wp-content\\\/uploads\\\/teamfoto-kooperation-lebenshilfe-dillenburg.jpg\",\"contentUrl\":\"https:\\\/\\\/lebenshilfe-dillenburg.de\\\/wp-content\\\/uploads\\\/teamfoto-kooperation-lebenshilfe-dillenburg.jpg\",\"width\":1440,\"height\":1080,\"caption\":\"Jakob Sahm (Mitte) und Ann-Kathrin Klein von Mosja freuen sich \u00fcber die gelungene Kooperation mit der Lebenshilfe Dillenburg (v.l. Vorstandsmitglieder Dirk Botzon und Dr. Oliver Schmitzer sowie Kulturreferent Sascha Kirchhoff). (Foto: Holtfoth)\"},{\"@type\":\"BreadcrumbList\",\"@id\":\"https:\\\/\\\/lebenshilfe-dillenburg.de\\\/leicht\\\/wenn-mode-inklusion-foerdert\\\/#breadcrumb\",\"itemListElement\":[{\"@type\":\"ListItem\",\"position\":1,\"name\":\"Startseite der Lebenshilfe Dillenburg\",\"item\":\"https:\\\/\\\/lebenshilfe-dillenburg.de\\\/leicht\\\/\"},{\"@type\":\"ListItem\",\"position\":2,\"name\":\"Wenn Mode Inklusion f\u00f6rdert\"}]},{\"@type\":\"WebSite\",\"@id\":\"https:\\\/\\\/lebenshilfe-dillenburg.de\\\/leicht\\\/#website\",\"url\":\"https:\\\/\\\/lebenshilfe-dillenburg.de\\\/leicht\\\/\",\"name\":\"Lebenshilfe Dillenburg \u2013 Teilhabe & Unterst\u00fctzung im Lahn-Dill-Kreis\",\"description\":\"\",\"publisher\":{\"@id\":\"https:\\\/\\\/lebenshilfe-dillenburg.de\\\/leicht\\\/#organization\"},\"potentialAction\":[{\"@type\":\"SearchAction\",\"target\":{\"@type\":\"EntryPoint\",\"urlTemplate\":\"https:\\\/\\\/lebenshilfe-dillenburg.de\\\/leicht\\\/?s={search_term_string}\"},\"query-input\":{\"@type\":\"PropertyValueSpecification\",\"valueRequired\":true,\"valueName\":\"search_term_string\"}}],\"inLanguage\":\"de\"},{\"@type\":\"Organization\",\"@id\":\"https:\\\/\\\/lebenshilfe-dillenburg.de\\\/leicht\\\/#organization\",\"name\":\"Lebenshilfe Dillenburg e.V.\",\"url\":\"https:\\\/\\\/lebenshilfe-dillenburg.de\\\/leicht\\\/\",\"logo\":{\"@type\":\"ImageObject\",\"inLanguage\":\"de\",\"@id\":\"https:\\\/\\\/lebenshilfe-dillenburg.de\\\/leicht\\\/#\\\/schema\\\/logo\\\/image\\\/\",\"url\":\"https:\\\/\\\/lebenshilfe-dillenburg.de\\\/wp-content\\\/uploads\\\/lebenshilfe-dillenburg-desktop.webp\",\"contentUrl\":\"https:\\\/\\\/lebenshilfe-dillenburg.de\\\/wp-content\\\/uploads\\\/lebenshilfe-dillenburg-desktop.webp\",\"width\":461,\"height\":202,\"caption\":\"Lebenshilfe Dillenburg e.V.\"},\"image\":{\"@id\":\"https:\\\/\\\/lebenshilfe-dillenburg.de\\\/leicht\\\/#\\\/schema\\\/logo\\\/image\\\/\"},\"sameAs\":[\"https:\\\/\\\/www.facebook.com\\\/lebenshilfedillenburg\\\/\",\"https:\\\/\\\/www.instagram.com\\\/lebenshilfe_dillenburg\\\/\"]},{\"@type\":\"Person\",\"@id\":\"https:\\\/\\\/lebenshilfe-dillenburg.de\\\/leicht\\\/#\\\/schema\\\/person\\\/b6c52dad8d881b49213c3345a7cd5efe\",\"name\":\"Conny Holtfoth\",\"sameAs\":[\"http:\\\/\\\/lebenshilfe-dillenburg.de\"],\"url\":\"https:\\\/\\\/lebenshilfe-dillenburg.de\\\/leicht\\\/author\\\/conny\\\/\"}]}<\/script>\n<!-- \/ Yoast SEO plugin. -->","yoast_head_json":{"title":"Wenn Mode Inklusion f\u00f6rdert - Lebenshilfe Dillenburg e.V.","robots":{"index":"index","follow":"follow","max-snippet":"max-snippet:-1","max-image-preview":"max-image-preview:large","max-video-preview":"max-video-preview:-1"},"canonical":"https:\/\/lebenshilfe-dillenburg.de\/leicht\/wenn-mode-inklusion-foerdert\/","og_locale":"de_DE","og_type":"article","og_title":"Wenn Mode Inklusion f\u00f6rdert - Lebenshilfe Dillenburg e.V.","og_description":"4900 Euro vom Modelabel Mosja f\u00fcr die Kulturarbeit der Lebenshilfe Dillenburg: Die Spende stellt nicht nur einen wertvollen Beitrag zur kulturellen Teilhabe von Menschen mit Behinderungen dar, sondern bildet zugleich den Startschuss f\u00fcr ein neues, innovatives Gemeinschaftsprojekt.","og_url":"https:\/\/lebenshilfe-dillenburg.de\/leicht\/wenn-mode-inklusion-foerdert\/","og_site_name":"Lebenshilfe Dillenburg e.V.","article_publisher":"https:\/\/www.facebook.com\/lebenshilfedillenburg\/","article_published_time":"2024-09-23T07:27:38+00:00","article_modified_time":"2026-01-30T11:09:42+00:00","og_image":[{"width":2560,"height":1920,"url":"https:\/\/lebenshilfe-dillenburg.de\/wp-content\/uploads\/wenn-mode-inklusion-foerdert-2157fa44-6c2e-497f-aa73-f37045e37d9a-scaled-1.jpg","type":"image\/jpeg"}],"author":"Conny Holtfoth","twitter_card":"summary_large_image","twitter_misc":{"Geschrieben von":"Conny Holtfoth","Gesch\u00e4tzte Lesezeit":"2\u00a0Minuten"},"schema":{"@context":"https:\/\/schema.org","@graph":[{"@type":"Article","@id":"https:\/\/lebenshilfe-dillenburg.de\/leicht\/wenn-mode-inklusion-foerdert\/#article","isPartOf":{"@id":"https:\/\/lebenshilfe-dillenburg.de\/leicht\/wenn-mode-inklusion-foerdert\/"},"author":{"name":"Conny Holtfoth","@id":"https:\/\/lebenshilfe-dillenburg.de\/leicht\/#\/schema\/person\/b6c52dad8d881b49213c3345a7cd5efe"},"headline":"Wenn Mode Inklusion f\u00f6rdert","datePublished":"2024-09-23T07:27:38+00:00","dateModified":"2026-01-30T11:09:42+00:00","mainEntityOfPage":{"@id":"https:\/\/lebenshilfe-dillenburg.de\/leicht\/wenn-mode-inklusion-foerdert\/"},"wordCount":402,"publisher":{"@id":"https:\/\/lebenshilfe-dillenburg.de\/leicht\/#organization"},"image":{"@id":"https:\/\/lebenshilfe-dillenburg.de\/leicht\/wenn-mode-inklusion-foerdert\/#primaryimage"},"thumbnailUrl":"https:\/\/lebenshilfe-dillenburg.de\/wp-content\/uploads\/teamfoto-kooperation-lebenshilfe-dillenburg.jpg","articleSection":["Meldungen"],"inLanguage":"de"},{"@type":"WebPage","@id":"https:\/\/lebenshilfe-dillenburg.de\/leicht\/wenn-mode-inklusion-foerdert\/","url":"https:\/\/lebenshilfe-dillenburg.de\/leicht\/wenn-mode-inklusion-foerdert\/","name":"Wenn Mode Inklusion f\u00f6rdert - Lebenshilfe Dillenburg e.V.","isPartOf":{"@id":"https:\/\/lebenshilfe-dillenburg.de\/leicht\/#website"},"primaryImageOfPage":{"@id":"https:\/\/lebenshilfe-dillenburg.de\/leicht\/wenn-mode-inklusion-foerdert\/#primaryimage"},"image":{"@id":"https:\/\/lebenshilfe-dillenburg.de\/leicht\/wenn-mode-inklusion-foerdert\/#primaryimage"},"thumbnailUrl":"https:\/\/lebenshilfe-dillenburg.de\/wp-content\/uploads\/teamfoto-kooperation-lebenshilfe-dillenburg.jpg","datePublished":"2024-09-23T07:27:38+00:00","dateModified":"2026-01-30T11:09:42+00:00","breadcrumb":{"@id":"https:\/\/lebenshilfe-dillenburg.de\/leicht\/wenn-mode-inklusion-foerdert\/#breadcrumb"},"inLanguage":"de","potentialAction":[{"@type":"ReadAction","target":["https:\/\/lebenshilfe-dillenburg.de\/leicht\/wenn-mode-inklusion-foerdert\/"]}]},{"@type":"ImageObject","inLanguage":"de","@id":"https:\/\/lebenshilfe-dillenburg.de\/leicht\/wenn-mode-inklusion-foerdert\/#primaryimage","url":"https:\/\/lebenshilfe-dillenburg.de\/wp-content\/uploads\/teamfoto-kooperation-lebenshilfe-dillenburg.jpg","contentUrl":"https:\/\/lebenshilfe-dillenburg.de\/wp-content\/uploads\/teamfoto-kooperation-lebenshilfe-dillenburg.jpg","width":1440,"height":1080,"caption":"Jakob Sahm (Mitte) und Ann-Kathrin Klein von Mosja freuen sich \u00fcber die gelungene Kooperation mit der Lebenshilfe Dillenburg (v.l. Vorstandsmitglieder Dirk Botzon und Dr. Oliver Schmitzer sowie Kulturreferent Sascha Kirchhoff). (Foto: Holtfoth)"},{"@type":"BreadcrumbList","@id":"https:\/\/lebenshilfe-dillenburg.de\/leicht\/wenn-mode-inklusion-foerdert\/#breadcrumb","itemListElement":[{"@type":"ListItem","position":1,"name":"Startseite der Lebenshilfe Dillenburg","item":"https:\/\/lebenshilfe-dillenburg.de\/leicht\/"},{"@type":"ListItem","position":2,"name":"Wenn Mode Inklusion f\u00f6rdert"}]},{"@type":"WebSite","@id":"https:\/\/lebenshilfe-dillenburg.de\/leicht\/#website","url":"https:\/\/lebenshilfe-dillenburg.de\/leicht\/","name":"Lebenshilfe Dillenburg \u2013 Teilhabe & Unterst\u00fctzung im Lahn-Dill-Kreis","description":"","publisher":{"@id":"https:\/\/lebenshilfe-dillenburg.de\/leicht\/#organization"},"potentialAction":[{"@type":"SearchAction","target":{"@type":"EntryPoint","urlTemplate":"https:\/\/lebenshilfe-dillenburg.de\/leicht\/?s={search_term_string}"},"query-input":{"@type":"PropertyValueSpecification","valueRequired":true,"valueName":"search_term_string"}}],"inLanguage":"de"},{"@type":"Organization","@id":"https:\/\/lebenshilfe-dillenburg.de\/leicht\/#organization","name":"Lebenshilfe Dillenburg e.V.","url":"https:\/\/lebenshilfe-dillenburg.de\/leicht\/","logo":{"@type":"ImageObject","inLanguage":"de","@id":"https:\/\/lebenshilfe-dillenburg.de\/leicht\/#\/schema\/logo\/image\/","url":"https:\/\/lebenshilfe-dillenburg.de\/wp-content\/uploads\/lebenshilfe-dillenburg-desktop.webp","contentUrl":"https:\/\/lebenshilfe-dillenburg.de\/wp-content\/uploads\/lebenshilfe-dillenburg-desktop.webp","width":461,"height":202,"caption":"Lebenshilfe Dillenburg e.V."},"image":{"@id":"https:\/\/lebenshilfe-dillenburg.de\/leicht\/#\/schema\/logo\/image\/"},"sameAs":["https:\/\/www.facebook.com\/lebenshilfedillenburg\/","https:\/\/www.instagram.com\/lebenshilfe_dillenburg\/"]},{"@type":"Person","@id":"https:\/\/lebenshilfe-dillenburg.de\/leicht\/#\/schema\/person\/b6c52dad8d881b49213c3345a7cd5efe","name":"Conny Holtfoth","sameAs":["http:\/\/lebenshilfe-dillenburg.de"],"url":"https:\/\/lebenshilfe-dillenburg.de\/leicht\/author\/conny\/"}]}},"taxonomy_info":{"category":[{"value":53,"label":"Meldungen"}]},"featured_image_src_large":["https:\/\/lebenshilfe-dillenburg.de\/wp-content\/uploads\/teamfoto-kooperation-lebenshilfe-dillenburg-1920x1440.jpg",1366,1025,true],"author_info":{"display_name":"Conny Holtfoth","author_link":"https:\/\/lebenshilfe-dillenburg.de\/leicht\/author\/conny\/"},"comment_info":0,"category_info":[{"term_id":53,"name":"Meldungen","slug":"meldungen","term_group":0,"term_taxonomy_id":53,"taxonomy":"category","description":"","parent":0,"count":127,"filter":"raw","term_order":"5","cat_ID":53,"category_count":127,"category_description":"","cat_name":"Meldungen","category_nicename":"meldungen","category_parent":0}],"tag_info":false,"_links":{"self":[{"href":"https:\/\/lebenshilfe-dillenburg.de\/leicht\/wp-json\/wp\/v2\/posts\/7265","targetHints":{"allow":["GET"]}}],"collection":[{"href":"https:\/\/lebenshilfe-dillenburg.de\/leicht\/wp-json\/wp\/v2\/posts"}],"about":[{"href":"https:\/\/lebenshilfe-dillenburg.de\/leicht\/wp-json\/wp\/v2\/types\/post"}],"author":[{"embeddable":true,"href":"https:\/\/lebenshilfe-dillenburg.de\/leicht\/wp-json\/wp\/v2\/users\/4"}],"replies":[{"embeddable":true,"href":"https:\/\/lebenshilfe-dillenburg.de\/leicht\/wp-json\/wp\/v2\/comments?post=7265"}],"version-history":[{"count":0,"href":"https:\/\/lebenshilfe-dillenburg.de\/leicht\/wp-json\/wp\/v2\/posts\/7265\/revisions"}],"wp:featuredmedia":[{"embeddable":true,"href":"https:\/\/lebenshilfe-dillenburg.de\/leicht\/wp-json\/wp\/v2\/media\/7316"}],"wp:attachment":[{"href":"https:\/\/lebenshilfe-dillenburg.de\/leicht\/wp-json\/wp\/v2\/media?parent=7265"}],"wp:term":[{"taxonomy":"category","embeddable":true,"href":"https:\/\/lebenshilfe-dillenburg.de\/leicht\/wp-json\/wp\/v2\/categories?post=7265"},{"taxonomy":"post_tag","embeddable":true,"href":"https:\/\/lebenshilfe-dillenburg.de\/leicht\/wp-json\/wp\/v2\/tags?post=7265"}],"curies":[{"name":"wp","href":"https:\/\/api.w.org\/{rel}","templated":true}]}}