{"id":7277,"date":"2024-12-10T15:32:36","date_gmt":"2024-12-10T14:32:36","guid":{"rendered":"https:\/\/www.lebenshilfe-dillenburg.de\/?p=4832"},"modified":"2026-01-30T12:09:41","modified_gmt":"2026-01-30T11:09:41","slug":"begegnungsabend-fuer-bib-partner","status":"publish","type":"post","link":"https:\/\/lebenshilfe-dillenburg.de\/leicht\/begegnungsabend-fuer-bib-partner\/","title":{"rendered":"Begegnungsabend f\u00fcr BiB-Partner"},"content":{"rendered":"<p>Gemeinsam essen, gemeinsam Arbeit gestalten \u2013 unter diesem Motto sind k\u00fcrzlich 40 Vertreter von Partnern der Betriebsintegrierten Besch\u00e4ftigung (BiB) in der Reha-Werkstatt Haiger zusammengekommen. Damit dankten die Dillenburger Werkst\u00e4tten den Betrieben f\u00fcr ihren Einsatz dabei, Menschen mit Behinderung einen Platz auf dem ersten Arbeitsmarkt zu erm\u00f6glichen.<!--more--><\/p>\n<p>BiB erm\u00f6glicht Menschen mit Behinderungen, auf dem allgemeinen Arbeitsmarkt t\u00e4tig zu sein, ohne den R\u00fcckhalt der Werkstatt zu verlieren. Sie kombinieren die Vorteile eines festen Arbeitsumfelds mit der Integration in die Arbeitswelt regul\u00e4rer Betriebe. Dabei profitieren sowohl die Besch\u00e4ftigten, die neue Herausforderungen und Kontakte erleben, als auch die Partnerbetriebe, die engagierte und motivierte Mitarbeitende gewinnen.<\/p>\n<p>\u201eBei einem leckeren Buffet kamen wir in einer sch\u00f6nen Runde zusammen\u201c, blickt Lisa Sieber vom Sozialen Dienst der Betriebsintegrierten Besch\u00e4ftigung zur\u00fcck. Neben den Stadtr\u00e4ten war auch der neu gew\u00e4hlte Landrat Carsten Braun zugegen. Dieser erkl\u00e4rte sich bereit, die Schirmherrschaft f\u00fcr die BiB von seinem Vorg\u00e4nger Wolfgang Schuster zu \u00fcbernehmen. Dazu z\u00e4hlen auch j\u00e4hrliche Besuche bei einem der Partnerbetriebe, um die Vielfalt der Arbeitspl\u00e4tze und das Engagement der Unternehmen vor Ort kennenzulernen.<\/p>\n<p>\u201eDie au\u00dferordentliche Vielfalt an Besch\u00e4ftigungsm\u00f6glichkeiten zeigt, wie breit das Spektrum der Branchen bereits ist \u2013 aber auch, dass noch mehr m\u00f6glich ist. Es gibt kaum Grenzen, wenn es darum geht, Menschen mit Behinderungen in den allgemeinen Arbeitsmarkt zu integrieren. Die Entwicklung der BiB-Abteilung ist ma\u00dfgeblich gepr\u00e4gt von der hervorragenden Zusammenarbeit mit allen Arbeitgebern und Mitarbeitenden\u201c, betonte Lars L\u00fcckoff, Bereichsleiter der Dillenburger Werkst\u00e4tten.<\/p>\n<div id='gallery-1' class='gallery galleryid-7277 gallery-columns-3 gallery-size-thumbnail'><figure class='gallery-item'>\n\t\t\t<div class='gallery-icon portrait'>\n\t\t\t\t<a href='https:\/\/lebenshilfe-dillenburg.de\/wp-content\/uploads\/laechelnder-mitarbeiter-am-arbeitsplatz-mit-sichtboxen.webp'><img loading=\"lazy\" decoding=\"async\" width=\"150\" height=\"150\" src=\"https:\/\/lebenshilfe-dillenburg.de\/wp-content\/uploads\/laechelnder-mitarbeiter-am-arbeitsplatz-mit-sichtboxen-150x150.webp\" class=\"attachment-thumbnail size-thumbnail\" alt=\"L\u00e4chelnder Mitarbeiter sortiert Dokumente an Werkbank mit blauen Sichtboxen in Produktionshalle.\" \/><\/a>\n\t\t\t<\/div><\/figure><figure class='gallery-item'>\n\t\t\t<div class='gallery-icon landscape'>\n\t\t\t\t<a href='https:\/\/lebenshilfe-dillenburg.de\/wp-content\/uploads\/lagerarbeiter-mit-hubwagen.webp'><img loading=\"lazy\" decoding=\"async\" width=\"150\" height=\"150\" src=\"https:\/\/lebenshilfe-dillenburg.de\/wp-content\/uploads\/lagerarbeiter-mit-hubwagen-150x150.webp\" class=\"attachment-thumbnail size-thumbnail\" alt=\"Lagerarbeiter mit Hubwagen l\u00e4chelt im Versandlager vor Paletten und Kartons.\" \/><\/a>\n\t\t\t<\/div><\/figure><figure class='gallery-item'>\n\t\t\t<div class='gallery-icon landscape'>\n\t\t\t\t<a href='https:\/\/lebenshilfe-dillenburg.de\/wp-content\/uploads\/papier-sorting-mit-kippgeraet.webp'><img loading=\"lazy\" decoding=\"async\" width=\"150\" height=\"150\" src=\"https:\/\/lebenshilfe-dillenburg.de\/wp-content\/uploads\/papier-sorting-mit-kippgeraet-150x150.webp\" class=\"attachment-thumbnail size-thumbnail\" alt=\"Mitarbeiter sortiert Papier, w\u00e4hrend Kippger\u00e4t Container in Recyclinghalle entleert.\" \/><\/a>\n\t\t\t<\/div><\/figure>\n\t\t<\/div>\n\n","protected":false},"excerpt":{"rendered":"<p>Gemeinsam essen, gemeinsam Arbeit gestalten \u2013 unter diesem Motto sind k\u00fcrzlich 40 Vertreter von Partnern der Betriebsintegrierten Besch\u00e4ftigung (BiB) in der Reha-Werkstatt Haiger zusammengekommen. Damit dankten die Dillenburger Werkst\u00e4tten den Betrieben f\u00fcr ihren Einsatz dabei, Menschen mit Behinderung einen Platz auf dem ersten Arbeitsmarkt zu erm\u00f6glichen.<\/p>\n","protected":false},"author":4,"featured_media":7321,"comment_status":"closed","ping_status":"closed","sticky":false,"template":"","format":"standard","meta":{"_acf_changed":false,"_gspb_post_css":"","_kad_blocks_custom_css":"","_kad_blocks_head_custom_js":"","_kad_blocks_body_custom_js":"","_kad_blocks_footer_custom_js":"","_kad_post_transparent":"","_kad_post_title":"","_kad_post_layout":"","_kad_post_sidebar_id":"","_kad_post_content_style":"","_kad_post_vertical_padding":"","_kad_post_feature":"","_kad_post_feature_position":"","_kad_post_header":false,"_kad_post_footer":false,"_kad_post_classname":"","footnotes":""},"categories":[53],"tags":[],"class_list":["post-7277","post","type-post","status-publish","format-standard","has-post-thumbnail","hentry","category-meldungen"],"acf":[],"yoast_head":"<!-- This site is optimized with the Yoast SEO plugin v27.5 - https:\/\/yoast.com\/product\/yoast-seo-wordpress\/ -->\n<title>Begegnungsabend f\u00fcr BiB-Partner - Lebenshilfe Dillenburg e.V.<\/title>\n<meta name=\"robots\" content=\"index, follow, max-snippet:-1, max-image-preview:large, max-video-preview:-1\" \/>\n<link rel=\"canonical\" href=\"https:\/\/lebenshilfe-dillenburg.de\/leicht\/begegnungsabend-fuer-bib-partner\/\" \/>\n<meta property=\"og:locale\" content=\"de_DE\" \/>\n<meta property=\"og:type\" content=\"article\" \/>\n<meta property=\"og:title\" content=\"Begegnungsabend f\u00fcr BiB-Partner - Lebenshilfe Dillenburg e.V.\" \/>\n<meta property=\"og:description\" content=\"Gemeinsam essen, gemeinsam Arbeit gestalten \u2013 unter diesem Motto sind k\u00fcrzlich 40 Vertreter von Partnern der Betriebsintegrierten Besch\u00e4ftigung (BiB) in der Reha-Werkstatt Haiger zusammengekommen. Damit dankten die Dillenburger Werkst\u00e4tten den Betrieben f\u00fcr ihren Einsatz dabei, Menschen mit Behinderung einen Platz auf dem ersten Arbeitsmarkt zu erm\u00f6glichen.\" \/>\n<meta property=\"og:url\" content=\"https:\/\/lebenshilfe-dillenburg.de\/leicht\/begegnungsabend-fuer-bib-partner\/\" \/>\n<meta property=\"og:site_name\" content=\"Lebenshilfe Dillenburg e.V.\" \/>\n<meta property=\"article:publisher\" content=\"https:\/\/www.facebook.com\/lebenshilfedillenburg\/\" \/>\n<meta property=\"article:published_time\" content=\"2024-12-10T14:32:36+00:00\" \/>\n<meta property=\"article:modified_time\" content=\"2026-01-30T11:09:41+00:00\" \/>\n<meta property=\"og:image\" content=\"https:\/\/lebenshilfe-dillenburg.de\/wp-content\/uploads\/dsc09412-dsc09412-scaled-1.jpg\" \/>\n\t<meta property=\"og:image:width\" content=\"2560\" \/>\n\t<meta property=\"og:image:height\" content=\"1707\" \/>\n\t<meta property=\"og:image:type\" content=\"image\/jpeg\" \/>\n<meta name=\"author\" content=\"Conny Holtfoth\" \/>\n<meta name=\"twitter:card\" content=\"summary_large_image\" \/>\n<meta name=\"twitter:label1\" content=\"Geschrieben von\" \/>\n\t<meta name=\"twitter:data1\" content=\"Conny Holtfoth\" \/>\n\t<meta name=\"twitter:label2\" content=\"Gesch\u00e4tzte Lesezeit\" \/>\n\t<meta name=\"twitter:data2\" content=\"1\u00a0Minute\" \/>\n<script type=\"application\/ld+json\" class=\"yoast-schema-graph\">{\"@context\":\"https:\\\/\\\/schema.org\",\"@graph\":[{\"@type\":\"Article\",\"@id\":\"https:\\\/\\\/lebenshilfe-dillenburg.de\\\/leicht\\\/begegnungsabend-fuer-bib-partner\\\/#article\",\"isPartOf\":{\"@id\":\"https:\\\/\\\/lebenshilfe-dillenburg.de\\\/leicht\\\/begegnungsabend-fuer-bib-partner\\\/\"},\"author\":{\"name\":\"Conny Holtfoth\",\"@id\":\"https:\\\/\\\/lebenshilfe-dillenburg.de\\\/leicht\\\/#\\\/schema\\\/person\\\/b6c52dad8d881b49213c3345a7cd5efe\"},\"headline\":\"Begegnungsabend f\u00fcr BiB-Partner\",\"datePublished\":\"2024-12-10T14:32:36+00:00\",\"dateModified\":\"2026-01-30T11:09:41+00:00\",\"mainEntityOfPage\":{\"@id\":\"https:\\\/\\\/lebenshilfe-dillenburg.de\\\/leicht\\\/begegnungsabend-fuer-bib-partner\\\/\"},\"wordCount\":268,\"publisher\":{\"@id\":\"https:\\\/\\\/lebenshilfe-dillenburg.de\\\/leicht\\\/#organization\"},\"image\":{\"@id\":\"https:\\\/\\\/lebenshilfe-dillenburg.de\\\/leicht\\\/begegnungsabend-fuer-bib-partner\\\/#primaryimage\"},\"thumbnailUrl\":\"https:\\\/\\\/lebenshilfe-dillenburg.de\\\/wp-content\\\/uploads\\\/landrat-braun-begruesst-lueckoff-handschlag.jpg\",\"articleSection\":[\"Meldungen\"],\"inLanguage\":\"de\"},{\"@type\":\"WebPage\",\"@id\":\"https:\\\/\\\/lebenshilfe-dillenburg.de\\\/leicht\\\/begegnungsabend-fuer-bib-partner\\\/\",\"url\":\"https:\\\/\\\/lebenshilfe-dillenburg.de\\\/leicht\\\/begegnungsabend-fuer-bib-partner\\\/\",\"name\":\"Begegnungsabend f\u00fcr BiB-Partner - Lebenshilfe Dillenburg e.V.\",\"isPartOf\":{\"@id\":\"https:\\\/\\\/lebenshilfe-dillenburg.de\\\/leicht\\\/#website\"},\"primaryImageOfPage\":{\"@id\":\"https:\\\/\\\/lebenshilfe-dillenburg.de\\\/leicht\\\/begegnungsabend-fuer-bib-partner\\\/#primaryimage\"},\"image\":{\"@id\":\"https:\\\/\\\/lebenshilfe-dillenburg.de\\\/leicht\\\/begegnungsabend-fuer-bib-partner\\\/#primaryimage\"},\"thumbnailUrl\":\"https:\\\/\\\/lebenshilfe-dillenburg.de\\\/wp-content\\\/uploads\\\/landrat-braun-begruesst-lueckoff-handschlag.jpg\",\"datePublished\":\"2024-12-10T14:32:36+00:00\",\"dateModified\":\"2026-01-30T11:09:41+00:00\",\"breadcrumb\":{\"@id\":\"https:\\\/\\\/lebenshilfe-dillenburg.de\\\/leicht\\\/begegnungsabend-fuer-bib-partner\\\/#breadcrumb\"},\"inLanguage\":\"de\",\"potentialAction\":[{\"@type\":\"ReadAction\",\"target\":[\"https:\\\/\\\/lebenshilfe-dillenburg.de\\\/leicht\\\/begegnungsabend-fuer-bib-partner\\\/\"]}]},{\"@type\":\"ImageObject\",\"inLanguage\":\"de\",\"@id\":\"https:\\\/\\\/lebenshilfe-dillenburg.de\\\/leicht\\\/begegnungsabend-fuer-bib-partner\\\/#primaryimage\",\"url\":\"https:\\\/\\\/lebenshilfe-dillenburg.de\\\/wp-content\\\/uploads\\\/landrat-braun-begruesst-lueckoff-handschlag.jpg\",\"contentUrl\":\"https:\\\/\\\/lebenshilfe-dillenburg.de\\\/wp-content\\\/uploads\\\/landrat-braun-begruesst-lueckoff-handschlag.jpg\",\"width\":1500,\"height\":1000,\"caption\":\"Der neue Landrat Carsten Braun (l.) begr\u00fc\u00dft Werkstatt-Bereichsleiter Lars L\u00fcckoff. (Foto: Kind)\"},{\"@type\":\"BreadcrumbList\",\"@id\":\"https:\\\/\\\/lebenshilfe-dillenburg.de\\\/leicht\\\/begegnungsabend-fuer-bib-partner\\\/#breadcrumb\",\"itemListElement\":[{\"@type\":\"ListItem\",\"position\":1,\"name\":\"Startseite der Lebenshilfe Dillenburg\",\"item\":\"https:\\\/\\\/lebenshilfe-dillenburg.de\\\/leicht\\\/\"},{\"@type\":\"ListItem\",\"position\":2,\"name\":\"Begegnungsabend f\u00fcr BiB-Partner\"}]},{\"@type\":\"WebSite\",\"@id\":\"https:\\\/\\\/lebenshilfe-dillenburg.de\\\/leicht\\\/#website\",\"url\":\"https:\\\/\\\/lebenshilfe-dillenburg.de\\\/leicht\\\/\",\"name\":\"Lebenshilfe Dillenburg \u2013 Teilhabe & Unterst\u00fctzung im Lahn-Dill-Kreis\",\"description\":\"\",\"publisher\":{\"@id\":\"https:\\\/\\\/lebenshilfe-dillenburg.de\\\/leicht\\\/#organization\"},\"potentialAction\":[{\"@type\":\"SearchAction\",\"target\":{\"@type\":\"EntryPoint\",\"urlTemplate\":\"https:\\\/\\\/lebenshilfe-dillenburg.de\\\/leicht\\\/?s={search_term_string}\"},\"query-input\":{\"@type\":\"PropertyValueSpecification\",\"valueRequired\":true,\"valueName\":\"search_term_string\"}}],\"inLanguage\":\"de\"},{\"@type\":\"Organization\",\"@id\":\"https:\\\/\\\/lebenshilfe-dillenburg.de\\\/leicht\\\/#organization\",\"name\":\"Lebenshilfe Dillenburg e.V.\",\"url\":\"https:\\\/\\\/lebenshilfe-dillenburg.de\\\/leicht\\\/\",\"logo\":{\"@type\":\"ImageObject\",\"inLanguage\":\"de\",\"@id\":\"https:\\\/\\\/lebenshilfe-dillenburg.de\\\/leicht\\\/#\\\/schema\\\/logo\\\/image\\\/\",\"url\":\"https:\\\/\\\/lebenshilfe-dillenburg.de\\\/wp-content\\\/uploads\\\/lebenshilfe-dillenburg-desktop.webp\",\"contentUrl\":\"https:\\\/\\\/lebenshilfe-dillenburg.de\\\/wp-content\\\/uploads\\\/lebenshilfe-dillenburg-desktop.webp\",\"width\":461,\"height\":202,\"caption\":\"Lebenshilfe Dillenburg e.V.\"},\"image\":{\"@id\":\"https:\\\/\\\/lebenshilfe-dillenburg.de\\\/leicht\\\/#\\\/schema\\\/logo\\\/image\\\/\"},\"sameAs\":[\"https:\\\/\\\/www.facebook.com\\\/lebenshilfedillenburg\\\/\",\"https:\\\/\\\/www.instagram.com\\\/lebenshilfe_dillenburg\\\/\"]},{\"@type\":\"Person\",\"@id\":\"https:\\\/\\\/lebenshilfe-dillenburg.de\\\/leicht\\\/#\\\/schema\\\/person\\\/b6c52dad8d881b49213c3345a7cd5efe\",\"name\":\"Conny Holtfoth\",\"sameAs\":[\"http:\\\/\\\/lebenshilfe-dillenburg.de\"],\"url\":\"https:\\\/\\\/lebenshilfe-dillenburg.de\\\/leicht\\\/author\\\/conny\\\/\"}]}<\/script>\n<!-- \/ Yoast SEO plugin. -->","yoast_head_json":{"title":"Begegnungsabend f\u00fcr BiB-Partner - Lebenshilfe Dillenburg e.V.","robots":{"index":"index","follow":"follow","max-snippet":"max-snippet:-1","max-image-preview":"max-image-preview:large","max-video-preview":"max-video-preview:-1"},"canonical":"https:\/\/lebenshilfe-dillenburg.de\/leicht\/begegnungsabend-fuer-bib-partner\/","og_locale":"de_DE","og_type":"article","og_title":"Begegnungsabend f\u00fcr BiB-Partner - Lebenshilfe Dillenburg e.V.","og_description":"Gemeinsam essen, gemeinsam Arbeit gestalten \u2013 unter diesem Motto sind k\u00fcrzlich 40 Vertreter von Partnern der Betriebsintegrierten Besch\u00e4ftigung (BiB) in der Reha-Werkstatt Haiger zusammengekommen. Damit dankten die Dillenburger Werkst\u00e4tten den Betrieben f\u00fcr ihren Einsatz dabei, Menschen mit Behinderung einen Platz auf dem ersten Arbeitsmarkt zu erm\u00f6glichen.","og_url":"https:\/\/lebenshilfe-dillenburg.de\/leicht\/begegnungsabend-fuer-bib-partner\/","og_site_name":"Lebenshilfe Dillenburg e.V.","article_publisher":"https:\/\/www.facebook.com\/lebenshilfedillenburg\/","article_published_time":"2024-12-10T14:32:36+00:00","article_modified_time":"2026-01-30T11:09:41+00:00","og_image":[{"width":2560,"height":1707,"url":"https:\/\/lebenshilfe-dillenburg.de\/wp-content\/uploads\/dsc09412-dsc09412-scaled-1.jpg","type":"image\/jpeg"}],"author":"Conny Holtfoth","twitter_card":"summary_large_image","twitter_misc":{"Geschrieben von":"Conny Holtfoth","Gesch\u00e4tzte Lesezeit":"1\u00a0Minute"},"schema":{"@context":"https:\/\/schema.org","@graph":[{"@type":"Article","@id":"https:\/\/lebenshilfe-dillenburg.de\/leicht\/begegnungsabend-fuer-bib-partner\/#article","isPartOf":{"@id":"https:\/\/lebenshilfe-dillenburg.de\/leicht\/begegnungsabend-fuer-bib-partner\/"},"author":{"name":"Conny Holtfoth","@id":"https:\/\/lebenshilfe-dillenburg.de\/leicht\/#\/schema\/person\/b6c52dad8d881b49213c3345a7cd5efe"},"headline":"Begegnungsabend f\u00fcr BiB-Partner","datePublished":"2024-12-10T14:32:36+00:00","dateModified":"2026-01-30T11:09:41+00:00","mainEntityOfPage":{"@id":"https:\/\/lebenshilfe-dillenburg.de\/leicht\/begegnungsabend-fuer-bib-partner\/"},"wordCount":268,"publisher":{"@id":"https:\/\/lebenshilfe-dillenburg.de\/leicht\/#organization"},"image":{"@id":"https:\/\/lebenshilfe-dillenburg.de\/leicht\/begegnungsabend-fuer-bib-partner\/#primaryimage"},"thumbnailUrl":"https:\/\/lebenshilfe-dillenburg.de\/wp-content\/uploads\/landrat-braun-begruesst-lueckoff-handschlag.jpg","articleSection":["Meldungen"],"inLanguage":"de"},{"@type":"WebPage","@id":"https:\/\/lebenshilfe-dillenburg.de\/leicht\/begegnungsabend-fuer-bib-partner\/","url":"https:\/\/lebenshilfe-dillenburg.de\/leicht\/begegnungsabend-fuer-bib-partner\/","name":"Begegnungsabend f\u00fcr BiB-Partner - Lebenshilfe Dillenburg e.V.","isPartOf":{"@id":"https:\/\/lebenshilfe-dillenburg.de\/leicht\/#website"},"primaryImageOfPage":{"@id":"https:\/\/lebenshilfe-dillenburg.de\/leicht\/begegnungsabend-fuer-bib-partner\/#primaryimage"},"image":{"@id":"https:\/\/lebenshilfe-dillenburg.de\/leicht\/begegnungsabend-fuer-bib-partner\/#primaryimage"},"thumbnailUrl":"https:\/\/lebenshilfe-dillenburg.de\/wp-content\/uploads\/landrat-braun-begruesst-lueckoff-handschlag.jpg","datePublished":"2024-12-10T14:32:36+00:00","dateModified":"2026-01-30T11:09:41+00:00","breadcrumb":{"@id":"https:\/\/lebenshilfe-dillenburg.de\/leicht\/begegnungsabend-fuer-bib-partner\/#breadcrumb"},"inLanguage":"de","potentialAction":[{"@type":"ReadAction","target":["https:\/\/lebenshilfe-dillenburg.de\/leicht\/begegnungsabend-fuer-bib-partner\/"]}]},{"@type":"ImageObject","inLanguage":"de","@id":"https:\/\/lebenshilfe-dillenburg.de\/leicht\/begegnungsabend-fuer-bib-partner\/#primaryimage","url":"https:\/\/lebenshilfe-dillenburg.de\/wp-content\/uploads\/landrat-braun-begruesst-lueckoff-handschlag.jpg","contentUrl":"https:\/\/lebenshilfe-dillenburg.de\/wp-content\/uploads\/landrat-braun-begruesst-lueckoff-handschlag.jpg","width":1500,"height":1000,"caption":"Der neue Landrat Carsten Braun (l.) begr\u00fc\u00dft Werkstatt-Bereichsleiter Lars L\u00fcckoff. (Foto: Kind)"},{"@type":"BreadcrumbList","@id":"https:\/\/lebenshilfe-dillenburg.de\/leicht\/begegnungsabend-fuer-bib-partner\/#breadcrumb","itemListElement":[{"@type":"ListItem","position":1,"name":"Startseite der Lebenshilfe Dillenburg","item":"https:\/\/lebenshilfe-dillenburg.de\/leicht\/"},{"@type":"ListItem","position":2,"name":"Begegnungsabend f\u00fcr BiB-Partner"}]},{"@type":"WebSite","@id":"https:\/\/lebenshilfe-dillenburg.de\/leicht\/#website","url":"https:\/\/lebenshilfe-dillenburg.de\/leicht\/","name":"Lebenshilfe Dillenburg \u2013 Teilhabe & Unterst\u00fctzung im Lahn-Dill-Kreis","description":"","publisher":{"@id":"https:\/\/lebenshilfe-dillenburg.de\/leicht\/#organization"},"potentialAction":[{"@type":"SearchAction","target":{"@type":"EntryPoint","urlTemplate":"https:\/\/lebenshilfe-dillenburg.de\/leicht\/?s={search_term_string}"},"query-input":{"@type":"PropertyValueSpecification","valueRequired":true,"valueName":"search_term_string"}}],"inLanguage":"de"},{"@type":"Organization","@id":"https:\/\/lebenshilfe-dillenburg.de\/leicht\/#organization","name":"Lebenshilfe Dillenburg e.V.","url":"https:\/\/lebenshilfe-dillenburg.de\/leicht\/","logo":{"@type":"ImageObject","inLanguage":"de","@id":"https:\/\/lebenshilfe-dillenburg.de\/leicht\/#\/schema\/logo\/image\/","url":"https:\/\/lebenshilfe-dillenburg.de\/wp-content\/uploads\/lebenshilfe-dillenburg-desktop.webp","contentUrl":"https:\/\/lebenshilfe-dillenburg.de\/wp-content\/uploads\/lebenshilfe-dillenburg-desktop.webp","width":461,"height":202,"caption":"Lebenshilfe Dillenburg e.V."},"image":{"@id":"https:\/\/lebenshilfe-dillenburg.de\/leicht\/#\/schema\/logo\/image\/"},"sameAs":["https:\/\/www.facebook.com\/lebenshilfedillenburg\/","https:\/\/www.instagram.com\/lebenshilfe_dillenburg\/"]},{"@type":"Person","@id":"https:\/\/lebenshilfe-dillenburg.de\/leicht\/#\/schema\/person\/b6c52dad8d881b49213c3345a7cd5efe","name":"Conny Holtfoth","sameAs":["http:\/\/lebenshilfe-dillenburg.de"],"url":"https:\/\/lebenshilfe-dillenburg.de\/leicht\/author\/conny\/"}]}},"taxonomy_info":{"category":[{"value":53,"label":"Meldungen"}]},"featured_image_src_large":["https:\/\/lebenshilfe-dillenburg.de\/wp-content\/uploads\/landrat-braun-begruesst-lueckoff-handschlag-1920x1280.jpg",1366,911,true],"author_info":{"display_name":"Conny Holtfoth","author_link":"https:\/\/lebenshilfe-dillenburg.de\/leicht\/author\/conny\/"},"comment_info":0,"category_info":[{"term_id":53,"name":"Meldungen","slug":"meldungen","term_group":0,"term_taxonomy_id":53,"taxonomy":"category","description":"","parent":0,"count":127,"filter":"raw","term_order":"5","cat_ID":53,"category_count":127,"category_description":"","cat_name":"Meldungen","category_nicename":"meldungen","category_parent":0}],"tag_info":false,"_links":{"self":[{"href":"https:\/\/lebenshilfe-dillenburg.de\/leicht\/wp-json\/wp\/v2\/posts\/7277","targetHints":{"allow":["GET"]}}],"collection":[{"href":"https:\/\/lebenshilfe-dillenburg.de\/leicht\/wp-json\/wp\/v2\/posts"}],"about":[{"href":"https:\/\/lebenshilfe-dillenburg.de\/leicht\/wp-json\/wp\/v2\/types\/post"}],"author":[{"embeddable":true,"href":"https:\/\/lebenshilfe-dillenburg.de\/leicht\/wp-json\/wp\/v2\/users\/4"}],"replies":[{"embeddable":true,"href":"https:\/\/lebenshilfe-dillenburg.de\/leicht\/wp-json\/wp\/v2\/comments?post=7277"}],"version-history":[{"count":0,"href":"https:\/\/lebenshilfe-dillenburg.de\/leicht\/wp-json\/wp\/v2\/posts\/7277\/revisions"}],"wp:featuredmedia":[{"embeddable":true,"href":"https:\/\/lebenshilfe-dillenburg.de\/leicht\/wp-json\/wp\/v2\/media\/7321"}],"wp:attachment":[{"href":"https:\/\/lebenshilfe-dillenburg.de\/leicht\/wp-json\/wp\/v2\/media?parent=7277"}],"wp:term":[{"taxonomy":"category","embeddable":true,"href":"https:\/\/lebenshilfe-dillenburg.de\/leicht\/wp-json\/wp\/v2\/categories?post=7277"},{"taxonomy":"post_tag","embeddable":true,"href":"https:\/\/lebenshilfe-dillenburg.de\/leicht\/wp-json\/wp\/v2\/tags?post=7277"}],"curies":[{"name":"wp","href":"https:\/\/api.w.org\/{rel}","templated":true}]}}