{"id":7324,"date":"2023-04-03T09:09:27","date_gmt":"2023-04-03T07:09:27","guid":{"rendered":"https:\/\/www.lebenshilfe-dillenburg.de\/?p=4009"},"modified":"2026-01-30T12:09:39","modified_gmt":"2026-01-30T11:09:39","slug":"die-folgen-der-maximalen-isolation","status":"publish","type":"post","link":"https:\/\/lebenshilfe-dillenburg.de\/leicht\/die-folgen-der-maximalen-isolation\/","title":{"rendered":"Die Folgen der &#8222;maximalen Isolation&#8220;"},"content":{"rendered":"<p>Corona und die Folgen: Abbau pers\u00f6nlicher Treffen, \u00fcberdauernder sozialer R\u00fcckzug, weniger k\u00f6rperliche Aktivit\u00e4t, Lethargie. Gerade bei Kindern hat die Pandemie Spuren hinterlassen. Davon hat k\u00fcrzlich Dr. Christoph Andreis, Leiter der vitos-Kinder- und Jugendklinik f\u00fcr psychische Gesundheit Herborn, im Netzwerktreffen der interdisziplin\u00e4ren Fr\u00fchf\u00f6rder- und Beratungsstelle der Lebenshilfe Dillenburg berichtet.<!--more--><\/p>\n<p>Nach pandemiebedingter Pause hat die interdisziplin\u00e4re Fr\u00fchf\u00f6rder- und Beratungsstelle wieder ihre Kooperationspartner f\u00fcr Ergotherapie, Logop\u00e4die und Physiotherapie zum Netzwerktreffen nach Burg eingeladen &#8211; ein wertvoller Austausch f\u00fcr eine umfassende Begleitung von Kindern bis zum Alter von sechs Jahren, die entwicklungsverz\u00f6gert, behindert oder von Behinderung bedroht sind. Diesmal auch dabei: zahlreiche Kinder\u00e4rztinnen und -\u00e4rzte, die dem Vortrag von Andreis beiwohnten.<\/p>\n<p>\u201eAls 2020 die ersten Corona-F\u00e4lle auftraten, wusste keiner von uns, was f\u00fcr eine herausfordernde Zeit auf uns zukommen w\u00fcrde\u201c blickte Fr\u00fchf\u00f6rderstellenleiterin Ute Eschenbach eingangs zur\u00fcck. Nach einem achtw\u00f6chigen Betretungsverbot z\u00e4hlte jedoch die Fr\u00fchf\u00f6rderung zu den ersten Einrichtungen, die ihre Dienste in Pr\u00e4senz wieder anbieten durften.<\/p>\n<p>Die Zeit der \u201emaximalen Isolation\u201c hatte auch Auswirkungen auf die psychiatrische Versorgung von Kindern. So war w\u00e4hrend des Lockdowns die vitos-Klinik deutlich leerer, Sprechstunden fanden zunehmend per Videokonferenz statt. Doch hat die Phase \u00fcber die Lock-Downs hinweg Spuren hinterlassen und einen \u201eneuen Normalzustand\u201c kreiert, wie Andreis festhielt. Ein Normalzustand, der eine Verlagerung ins Digitale beinhaltet. Ein Normalzustand, der durch den Wegfall von Kindergartenkontakten bei Schulanf\u00e4ngern f\u00fcr \u201enennen wir es ausgepr\u00e4gte Fremdel-Erscheinungen vor dem Schritt in die Schule\u201c sorgten, wie Andreis sagte. Kinder seien weniger gef\u00f6rdert, vorbereitet und ge\u00fcbt. Auch habe gerade bei Kindern mit Migrationshintergrund h\u00e4ufig der sprachliche Input gefehlt, was den Start in die Schule erschwere, kam es erg\u00e4nzend aus der Runde.<\/p>\n<p>Von einem Mehr an station\u00e4ren Behandlungen konnte Andreis nicht berichten \u2013 \u201ezumindest nicht bei uns in Herborn\u201c. Deutlich angestiegen seien hingegen die ambulanten Vorstellungen in der Klinik \u2013 25 bis 30 Prozent mehr als noch vor der Pandemie. Einen Grund in diesem Anstieg sieht Andreis in einem famili\u00e4ren \u201eSystem, das nicht mehr tr\u00e4gt\u201c, weil vorherige Stressbew\u00e4ltigungsmechanismen nicht mehr ausreichend wirken oder teils verloren gegangen sind.<\/p>\n<p>Doch nicht allein die Pandemie stand im Mittelpunkt des Abends, sondern am Ende auch Eschenbach, die nach 33 Jahren Lebenshilfe Dillenburg vom Netzwerk mit zahlreichen Geschenken und gro\u00dfem Dank f\u00fcr ihr gro\u00dfes Engagement in den bevorstehenden Ruhestand verabschiedet wurde. \u201eDie Fr\u00fchf\u00f6rderung \u2013 das war mein Herzensding\u201c, sagte sie und dankte den Partnern f\u00fcr das \u201egro\u00dfe Vertrauen in unser Haus und in unsere Arbeit\u201c. Eine Leitung sei nur so gut wie das Team, das hinter einem stehe, und sie sei dankbar, in ihrer bisherigen langj\u00e4hrigen Stellvertreterin Katharina Warburg die Fr\u00fchf\u00f6rderstelle und auch das Weiterbestehen des Netzwerks in so guten H\u00e4nden zu wissen.<\/p>\n","protected":false},"excerpt":{"rendered":"<p>Corona und die Folgen: Abbau pers\u00f6nlicher Treffen, \u00fcberdauernder sozialer R\u00fcckzug, weniger k\u00f6rperliche Aktivit\u00e4t, Lethargie. Gerade bei Kindern hat die Pandemie Spuren hinterlassen. Davon hat k\u00fcrzlich Dr. Christoph Andreis, Leiter der vitos-Kinder- und Jugendklinik f\u00fcr psychische Gesundheit Herborn, im Netzwerktreffen der interdisziplin\u00e4ren Fr\u00fchf\u00f6rder- und Beratungsstelle der Lebenshilfe Dillenburg berichtet.<\/p>\n","protected":false},"author":4,"featured_media":7341,"comment_status":"closed","ping_status":"closed","sticky":false,"template":"","format":"standard","meta":{"_acf_changed":false,"_gspb_post_css":"","_kad_blocks_custom_css":"","_kad_blocks_head_custom_js":"","_kad_blocks_body_custom_js":"","_kad_blocks_footer_custom_js":"","_kad_post_transparent":"","_kad_post_title":"","_kad_post_layout":"","_kad_post_sidebar_id":"","_kad_post_content_style":"","_kad_post_vertical_padding":"","_kad_post_feature":"","_kad_post_feature_position":"","_kad_post_header":false,"_kad_post_footer":false,"_kad_post_classname":"","footnotes":""},"categories":[53],"tags":[],"class_list":["post-7324","post","type-post","status-publish","format-standard","has-post-thumbnail","hentry","category-meldungen"],"acf":[],"yoast_head":"<!-- This site is optimized with the Yoast SEO plugin v27.5 - https:\/\/yoast.com\/product\/yoast-seo-wordpress\/ -->\n<title>Die Folgen der &quot;maximalen Isolation&quot; - Lebenshilfe Dillenburg e.V.<\/title>\n<meta name=\"robots\" content=\"index, follow, max-snippet:-1, max-image-preview:large, max-video-preview:-1\" \/>\n<link rel=\"canonical\" href=\"https:\/\/lebenshilfe-dillenburg.de\/leicht\/die-folgen-der-maximalen-isolation\/\" \/>\n<meta property=\"og:locale\" content=\"de_DE\" \/>\n<meta property=\"og:type\" content=\"article\" \/>\n<meta property=\"og:title\" content=\"Die Folgen der &quot;maximalen Isolation&quot; - Lebenshilfe Dillenburg e.V.\" \/>\n<meta property=\"og:description\" content=\"Corona und die Folgen: Abbau pers\u00f6nlicher Treffen, \u00fcberdauernder sozialer R\u00fcckzug, weniger k\u00f6rperliche Aktivit\u00e4t, Lethargie. Gerade bei Kindern hat die Pandemie Spuren hinterlassen. Davon hat k\u00fcrzlich Dr. Christoph Andreis, Leiter der vitos-Kinder- und Jugendklinik f\u00fcr psychische Gesundheit Herborn, im Netzwerktreffen der interdisziplin\u00e4ren Fr\u00fchf\u00f6rder- und Beratungsstelle der Lebenshilfe Dillenburg berichtet.\" \/>\n<meta property=\"og:url\" content=\"https:\/\/lebenshilfe-dillenburg.de\/leicht\/die-folgen-der-maximalen-isolation\/\" \/>\n<meta property=\"og:site_name\" content=\"Lebenshilfe Dillenburg e.V.\" \/>\n<meta property=\"article:publisher\" content=\"https:\/\/www.facebook.com\/lebenshilfedillenburg\/\" \/>\n<meta property=\"article:published_time\" content=\"2023-04-03T07:09:27+00:00\" \/>\n<meta property=\"article:modified_time\" content=\"2026-01-30T11:09:39+00:00\" \/>\n<meta property=\"og:image\" content=\"https:\/\/lebenshilfe-dillenburg.de\/wp-content\/uploads\/img-0040-scaled-3.jpg\" \/>\n\t<meta property=\"og:image:width\" content=\"2560\" \/>\n\t<meta property=\"og:image:height\" content=\"1920\" \/>\n\t<meta property=\"og:image:type\" content=\"image\/jpeg\" \/>\n<meta name=\"author\" content=\"Conny Holtfoth\" \/>\n<meta name=\"twitter:card\" content=\"summary_large_image\" \/>\n<meta name=\"twitter:label1\" content=\"Geschrieben von\" \/>\n\t<meta name=\"twitter:data1\" content=\"Conny Holtfoth\" \/>\n\t<meta name=\"twitter:label2\" content=\"Gesch\u00e4tzte Lesezeit\" \/>\n\t<meta name=\"twitter:data2\" content=\"2\u00a0Minuten\" \/>\n<script type=\"application\/ld+json\" class=\"yoast-schema-graph\">{\"@context\":\"https:\\\/\\\/schema.org\",\"@graph\":[{\"@type\":\"Article\",\"@id\":\"https:\\\/\\\/lebenshilfe-dillenburg.de\\\/leicht\\\/die-folgen-der-maximalen-isolation\\\/#article\",\"isPartOf\":{\"@id\":\"https:\\\/\\\/lebenshilfe-dillenburg.de\\\/leicht\\\/die-folgen-der-maximalen-isolation\\\/\"},\"author\":{\"name\":\"Conny Holtfoth\",\"@id\":\"https:\\\/\\\/lebenshilfe-dillenburg.de\\\/leicht\\\/#\\\/schema\\\/person\\\/b6c52dad8d881b49213c3345a7cd5efe\"},\"headline\":\"Die Folgen der &#8222;maximalen Isolation&#8220;\",\"datePublished\":\"2023-04-03T07:09:27+00:00\",\"dateModified\":\"2026-01-30T11:09:39+00:00\",\"mainEntityOfPage\":{\"@id\":\"https:\\\/\\\/lebenshilfe-dillenburg.de\\\/leicht\\\/die-folgen-der-maximalen-isolation\\\/\"},\"wordCount\":481,\"publisher\":{\"@id\":\"https:\\\/\\\/lebenshilfe-dillenburg.de\\\/leicht\\\/#organization\"},\"image\":{\"@id\":\"https:\\\/\\\/lebenshilfe-dillenburg.de\\\/leicht\\\/die-folgen-der-maximalen-isolation\\\/#primaryimage\"},\"thumbnailUrl\":\"https:\\\/\\\/lebenshilfe-dillenburg.de\\\/wp-content\\\/uploads\\\/kinderentwicklung-team-dankesmoment.jpg\",\"articleSection\":[\"Meldungen\"],\"inLanguage\":\"de\"},{\"@type\":\"WebPage\",\"@id\":\"https:\\\/\\\/lebenshilfe-dillenburg.de\\\/leicht\\\/die-folgen-der-maximalen-isolation\\\/\",\"url\":\"https:\\\/\\\/lebenshilfe-dillenburg.de\\\/leicht\\\/die-folgen-der-maximalen-isolation\\\/\",\"name\":\"Die Folgen der \\\"maximalen Isolation\\\" - Lebenshilfe Dillenburg e.V.\",\"isPartOf\":{\"@id\":\"https:\\\/\\\/lebenshilfe-dillenburg.de\\\/leicht\\\/#website\"},\"primaryImageOfPage\":{\"@id\":\"https:\\\/\\\/lebenshilfe-dillenburg.de\\\/leicht\\\/die-folgen-der-maximalen-isolation\\\/#primaryimage\"},\"image\":{\"@id\":\"https:\\\/\\\/lebenshilfe-dillenburg.de\\\/leicht\\\/die-folgen-der-maximalen-isolation\\\/#primaryimage\"},\"thumbnailUrl\":\"https:\\\/\\\/lebenshilfe-dillenburg.de\\\/wp-content\\\/uploads\\\/kinderentwicklung-team-dankesmoment.jpg\",\"datePublished\":\"2023-04-03T07:09:27+00:00\",\"dateModified\":\"2026-01-30T11:09:39+00:00\",\"breadcrumb\":{\"@id\":\"https:\\\/\\\/lebenshilfe-dillenburg.de\\\/leicht\\\/die-folgen-der-maximalen-isolation\\\/#breadcrumb\"},\"inLanguage\":\"de\",\"potentialAction\":[{\"@type\":\"ReadAction\",\"target\":[\"https:\\\/\\\/lebenshilfe-dillenburg.de\\\/leicht\\\/die-folgen-der-maximalen-isolation\\\/\"]}]},{\"@type\":\"ImageObject\",\"inLanguage\":\"de\",\"@id\":\"https:\\\/\\\/lebenshilfe-dillenburg.de\\\/leicht\\\/die-folgen-der-maximalen-isolation\\\/#primaryimage\",\"url\":\"https:\\\/\\\/lebenshilfe-dillenburg.de\\\/wp-content\\\/uploads\\\/kinderentwicklung-team-dankesmoment.jpg\",\"contentUrl\":\"https:\\\/\\\/lebenshilfe-dillenburg.de\\\/wp-content\\\/uploads\\\/kinderentwicklung-team-dankesmoment.jpg\",\"width\":1440,\"height\":1080,\"caption\":\"Gemeinsam f\u00fcr die Entwicklung von Kindern: (v.l.) Ute Eschenbach, Dr. Christoph Andreis und Katharina Warburg. (Foto: Holtfoth)\"},{\"@type\":\"BreadcrumbList\",\"@id\":\"https:\\\/\\\/lebenshilfe-dillenburg.de\\\/leicht\\\/die-folgen-der-maximalen-isolation\\\/#breadcrumb\",\"itemListElement\":[{\"@type\":\"ListItem\",\"position\":1,\"name\":\"Startseite der Lebenshilfe Dillenburg\",\"item\":\"https:\\\/\\\/lebenshilfe-dillenburg.de\\\/leicht\\\/\"},{\"@type\":\"ListItem\",\"position\":2,\"name\":\"Die Folgen der &#8222;maximalen Isolation&#8220;\"}]},{\"@type\":\"WebSite\",\"@id\":\"https:\\\/\\\/lebenshilfe-dillenburg.de\\\/leicht\\\/#website\",\"url\":\"https:\\\/\\\/lebenshilfe-dillenburg.de\\\/leicht\\\/\",\"name\":\"Lebenshilfe Dillenburg \u2013 Teilhabe & Unterst\u00fctzung im Lahn-Dill-Kreis\",\"description\":\"\",\"publisher\":{\"@id\":\"https:\\\/\\\/lebenshilfe-dillenburg.de\\\/leicht\\\/#organization\"},\"potentialAction\":[{\"@type\":\"SearchAction\",\"target\":{\"@type\":\"EntryPoint\",\"urlTemplate\":\"https:\\\/\\\/lebenshilfe-dillenburg.de\\\/leicht\\\/?s={search_term_string}\"},\"query-input\":{\"@type\":\"PropertyValueSpecification\",\"valueRequired\":true,\"valueName\":\"search_term_string\"}}],\"inLanguage\":\"de\"},{\"@type\":\"Organization\",\"@id\":\"https:\\\/\\\/lebenshilfe-dillenburg.de\\\/leicht\\\/#organization\",\"name\":\"Lebenshilfe Dillenburg e.V.\",\"url\":\"https:\\\/\\\/lebenshilfe-dillenburg.de\\\/leicht\\\/\",\"logo\":{\"@type\":\"ImageObject\",\"inLanguage\":\"de\",\"@id\":\"https:\\\/\\\/lebenshilfe-dillenburg.de\\\/leicht\\\/#\\\/schema\\\/logo\\\/image\\\/\",\"url\":\"https:\\\/\\\/lebenshilfe-dillenburg.de\\\/wp-content\\\/uploads\\\/lebenshilfe-dillenburg-desktop.webp\",\"contentUrl\":\"https:\\\/\\\/lebenshilfe-dillenburg.de\\\/wp-content\\\/uploads\\\/lebenshilfe-dillenburg-desktop.webp\",\"width\":461,\"height\":202,\"caption\":\"Lebenshilfe Dillenburg e.V.\"},\"image\":{\"@id\":\"https:\\\/\\\/lebenshilfe-dillenburg.de\\\/leicht\\\/#\\\/schema\\\/logo\\\/image\\\/\"},\"sameAs\":[\"https:\\\/\\\/www.facebook.com\\\/lebenshilfedillenburg\\\/\",\"https:\\\/\\\/www.instagram.com\\\/lebenshilfe_dillenburg\\\/\"]},{\"@type\":\"Person\",\"@id\":\"https:\\\/\\\/lebenshilfe-dillenburg.de\\\/leicht\\\/#\\\/schema\\\/person\\\/b6c52dad8d881b49213c3345a7cd5efe\",\"name\":\"Conny Holtfoth\",\"sameAs\":[\"http:\\\/\\\/lebenshilfe-dillenburg.de\"],\"url\":\"https:\\\/\\\/lebenshilfe-dillenburg.de\\\/leicht\\\/author\\\/conny\\\/\"}]}<\/script>\n<!-- \/ Yoast SEO plugin. -->","yoast_head_json":{"title":"Die Folgen der \"maximalen Isolation\" - Lebenshilfe Dillenburg e.V.","robots":{"index":"index","follow":"follow","max-snippet":"max-snippet:-1","max-image-preview":"max-image-preview:large","max-video-preview":"max-video-preview:-1"},"canonical":"https:\/\/lebenshilfe-dillenburg.de\/leicht\/die-folgen-der-maximalen-isolation\/","og_locale":"de_DE","og_type":"article","og_title":"Die Folgen der \"maximalen Isolation\" - Lebenshilfe Dillenburg e.V.","og_description":"Corona und die Folgen: Abbau pers\u00f6nlicher Treffen, \u00fcberdauernder sozialer R\u00fcckzug, weniger k\u00f6rperliche Aktivit\u00e4t, Lethargie. Gerade bei Kindern hat die Pandemie Spuren hinterlassen. Davon hat k\u00fcrzlich Dr. Christoph Andreis, Leiter der vitos-Kinder- und Jugendklinik f\u00fcr psychische Gesundheit Herborn, im Netzwerktreffen der interdisziplin\u00e4ren Fr\u00fchf\u00f6rder- und Beratungsstelle der Lebenshilfe Dillenburg berichtet.","og_url":"https:\/\/lebenshilfe-dillenburg.de\/leicht\/die-folgen-der-maximalen-isolation\/","og_site_name":"Lebenshilfe Dillenburg e.V.","article_publisher":"https:\/\/www.facebook.com\/lebenshilfedillenburg\/","article_published_time":"2023-04-03T07:09:27+00:00","article_modified_time":"2026-01-30T11:09:39+00:00","og_image":[{"width":2560,"height":1920,"url":"https:\/\/lebenshilfe-dillenburg.de\/wp-content\/uploads\/img-0040-scaled-3.jpg","type":"image\/jpeg"}],"author":"Conny Holtfoth","twitter_card":"summary_large_image","twitter_misc":{"Geschrieben von":"Conny Holtfoth","Gesch\u00e4tzte Lesezeit":"2\u00a0Minuten"},"schema":{"@context":"https:\/\/schema.org","@graph":[{"@type":"Article","@id":"https:\/\/lebenshilfe-dillenburg.de\/leicht\/die-folgen-der-maximalen-isolation\/#article","isPartOf":{"@id":"https:\/\/lebenshilfe-dillenburg.de\/leicht\/die-folgen-der-maximalen-isolation\/"},"author":{"name":"Conny Holtfoth","@id":"https:\/\/lebenshilfe-dillenburg.de\/leicht\/#\/schema\/person\/b6c52dad8d881b49213c3345a7cd5efe"},"headline":"Die Folgen der &#8222;maximalen Isolation&#8220;","datePublished":"2023-04-03T07:09:27+00:00","dateModified":"2026-01-30T11:09:39+00:00","mainEntityOfPage":{"@id":"https:\/\/lebenshilfe-dillenburg.de\/leicht\/die-folgen-der-maximalen-isolation\/"},"wordCount":481,"publisher":{"@id":"https:\/\/lebenshilfe-dillenburg.de\/leicht\/#organization"},"image":{"@id":"https:\/\/lebenshilfe-dillenburg.de\/leicht\/die-folgen-der-maximalen-isolation\/#primaryimage"},"thumbnailUrl":"https:\/\/lebenshilfe-dillenburg.de\/wp-content\/uploads\/kinderentwicklung-team-dankesmoment.jpg","articleSection":["Meldungen"],"inLanguage":"de"},{"@type":"WebPage","@id":"https:\/\/lebenshilfe-dillenburg.de\/leicht\/die-folgen-der-maximalen-isolation\/","url":"https:\/\/lebenshilfe-dillenburg.de\/leicht\/die-folgen-der-maximalen-isolation\/","name":"Die Folgen der \"maximalen Isolation\" - Lebenshilfe Dillenburg e.V.","isPartOf":{"@id":"https:\/\/lebenshilfe-dillenburg.de\/leicht\/#website"},"primaryImageOfPage":{"@id":"https:\/\/lebenshilfe-dillenburg.de\/leicht\/die-folgen-der-maximalen-isolation\/#primaryimage"},"image":{"@id":"https:\/\/lebenshilfe-dillenburg.de\/leicht\/die-folgen-der-maximalen-isolation\/#primaryimage"},"thumbnailUrl":"https:\/\/lebenshilfe-dillenburg.de\/wp-content\/uploads\/kinderentwicklung-team-dankesmoment.jpg","datePublished":"2023-04-03T07:09:27+00:00","dateModified":"2026-01-30T11:09:39+00:00","breadcrumb":{"@id":"https:\/\/lebenshilfe-dillenburg.de\/leicht\/die-folgen-der-maximalen-isolation\/#breadcrumb"},"inLanguage":"de","potentialAction":[{"@type":"ReadAction","target":["https:\/\/lebenshilfe-dillenburg.de\/leicht\/die-folgen-der-maximalen-isolation\/"]}]},{"@type":"ImageObject","inLanguage":"de","@id":"https:\/\/lebenshilfe-dillenburg.de\/leicht\/die-folgen-der-maximalen-isolation\/#primaryimage","url":"https:\/\/lebenshilfe-dillenburg.de\/wp-content\/uploads\/kinderentwicklung-team-dankesmoment.jpg","contentUrl":"https:\/\/lebenshilfe-dillenburg.de\/wp-content\/uploads\/kinderentwicklung-team-dankesmoment.jpg","width":1440,"height":1080,"caption":"Gemeinsam f\u00fcr die Entwicklung von Kindern: (v.l.) Ute Eschenbach, Dr. Christoph Andreis und Katharina Warburg. (Foto: Holtfoth)"},{"@type":"BreadcrumbList","@id":"https:\/\/lebenshilfe-dillenburg.de\/leicht\/die-folgen-der-maximalen-isolation\/#breadcrumb","itemListElement":[{"@type":"ListItem","position":1,"name":"Startseite der Lebenshilfe Dillenburg","item":"https:\/\/lebenshilfe-dillenburg.de\/leicht\/"},{"@type":"ListItem","position":2,"name":"Die Folgen der &#8222;maximalen Isolation&#8220;"}]},{"@type":"WebSite","@id":"https:\/\/lebenshilfe-dillenburg.de\/leicht\/#website","url":"https:\/\/lebenshilfe-dillenburg.de\/leicht\/","name":"Lebenshilfe Dillenburg \u2013 Teilhabe & Unterst\u00fctzung im Lahn-Dill-Kreis","description":"","publisher":{"@id":"https:\/\/lebenshilfe-dillenburg.de\/leicht\/#organization"},"potentialAction":[{"@type":"SearchAction","target":{"@type":"EntryPoint","urlTemplate":"https:\/\/lebenshilfe-dillenburg.de\/leicht\/?s={search_term_string}"},"query-input":{"@type":"PropertyValueSpecification","valueRequired":true,"valueName":"search_term_string"}}],"inLanguage":"de"},{"@type":"Organization","@id":"https:\/\/lebenshilfe-dillenburg.de\/leicht\/#organization","name":"Lebenshilfe Dillenburg e.V.","url":"https:\/\/lebenshilfe-dillenburg.de\/leicht\/","logo":{"@type":"ImageObject","inLanguage":"de","@id":"https:\/\/lebenshilfe-dillenburg.de\/leicht\/#\/schema\/logo\/image\/","url":"https:\/\/lebenshilfe-dillenburg.de\/wp-content\/uploads\/lebenshilfe-dillenburg-desktop.webp","contentUrl":"https:\/\/lebenshilfe-dillenburg.de\/wp-content\/uploads\/lebenshilfe-dillenburg-desktop.webp","width":461,"height":202,"caption":"Lebenshilfe Dillenburg e.V."},"image":{"@id":"https:\/\/lebenshilfe-dillenburg.de\/leicht\/#\/schema\/logo\/image\/"},"sameAs":["https:\/\/www.facebook.com\/lebenshilfedillenburg\/","https:\/\/www.instagram.com\/lebenshilfe_dillenburg\/"]},{"@type":"Person","@id":"https:\/\/lebenshilfe-dillenburg.de\/leicht\/#\/schema\/person\/b6c52dad8d881b49213c3345a7cd5efe","name":"Conny Holtfoth","sameAs":["http:\/\/lebenshilfe-dillenburg.de"],"url":"https:\/\/lebenshilfe-dillenburg.de\/leicht\/author\/conny\/"}]}},"taxonomy_info":{"category":[{"value":53,"label":"Meldungen"}]},"featured_image_src_large":["https:\/\/lebenshilfe-dillenburg.de\/wp-content\/uploads\/kinderentwicklung-team-dankesmoment-1920x1440.jpg",1366,1025,true],"author_info":{"display_name":"Conny Holtfoth","author_link":"https:\/\/lebenshilfe-dillenburg.de\/leicht\/author\/conny\/"},"comment_info":0,"category_info":[{"term_id":53,"name":"Meldungen","slug":"meldungen","term_group":0,"term_taxonomy_id":53,"taxonomy":"category","description":"","parent":0,"count":127,"filter":"raw","term_order":"5","cat_ID":53,"category_count":127,"category_description":"","cat_name":"Meldungen","category_nicename":"meldungen","category_parent":0}],"tag_info":false,"_links":{"self":[{"href":"https:\/\/lebenshilfe-dillenburg.de\/leicht\/wp-json\/wp\/v2\/posts\/7324","targetHints":{"allow":["GET"]}}],"collection":[{"href":"https:\/\/lebenshilfe-dillenburg.de\/leicht\/wp-json\/wp\/v2\/posts"}],"about":[{"href":"https:\/\/lebenshilfe-dillenburg.de\/leicht\/wp-json\/wp\/v2\/types\/post"}],"author":[{"embeddable":true,"href":"https:\/\/lebenshilfe-dillenburg.de\/leicht\/wp-json\/wp\/v2\/users\/4"}],"replies":[{"embeddable":true,"href":"https:\/\/lebenshilfe-dillenburg.de\/leicht\/wp-json\/wp\/v2\/comments?post=7324"}],"version-history":[{"count":0,"href":"https:\/\/lebenshilfe-dillenburg.de\/leicht\/wp-json\/wp\/v2\/posts\/7324\/revisions"}],"wp:featuredmedia":[{"embeddable":true,"href":"https:\/\/lebenshilfe-dillenburg.de\/leicht\/wp-json\/wp\/v2\/media\/7341"}],"wp:attachment":[{"href":"https:\/\/lebenshilfe-dillenburg.de\/leicht\/wp-json\/wp\/v2\/media?parent=7324"}],"wp:term":[{"taxonomy":"category","embeddable":true,"href":"https:\/\/lebenshilfe-dillenburg.de\/leicht\/wp-json\/wp\/v2\/categories?post=7324"},{"taxonomy":"post_tag","embeddable":true,"href":"https:\/\/lebenshilfe-dillenburg.de\/leicht\/wp-json\/wp\/v2\/tags?post=7324"}],"curies":[{"name":"wp","href":"https:\/\/api.w.org\/{rel}","templated":true}]}}