{"id":7325,"date":"2023-04-26T09:52:03","date_gmt":"2023-04-26T07:52:03","guid":{"rendered":"https:\/\/www.lebenshilfe-dillenburg.de\/?p=4025"},"modified":"2026-01-30T12:09:39","modified_gmt":"2026-01-30T11:09:39","slug":"waschtag-fuer-die-lebenshilfe","status":"publish","type":"post","link":"https:\/\/lebenshilfe-dillenburg.de\/leicht\/waschtag-fuer-die-lebenshilfe\/","title":{"rendered":"Waschtag f\u00fcr die Lebenshilfe"},"content":{"rendered":"<p>Fr\u00fchjahrsputz f\u00fcr den guten Zweck: Am Samstag, 6. Mai, veranstaltet das Autohaus Hoch in Gladenbach ab 11 Uhr seinen gro\u00dfen Waschtag und unterst\u00fctzt mit den Einnahmen daraus die Arbeit der Lebenshilfe Dillenburg.<!--more--><\/p>\n<p>Ob kostenlose Premiumw\u00e4sche mit h\u00e4ndischer Vorw\u00e4sche oder kostenloser Fr\u00fchjahrs-Check \u2013 beim Fr\u00fchlingsfest des Autohauses Hoch kommen Autobesitzer voll auf ihre Kosten. Und k\u00f6nnen gleichzeitig noch etwas Gutes tun: Denn f\u00fcr die kostenlosen Dienstleistungen erhofft sich das Autohaus-Team Spenden, die es dann der Lebenshilfe Dillenburg zukommen lassen kann. \u201eDie Lebenshilfe Dillenburg verrichtet eine wertvolle Arbeit hier in der Region, die wir gern regelm\u00e4\u00dfig unterst\u00fctzen\u201c, betont Moritz Hoch vom Autohaus Hoch. So hatte das Autohaus zu Beginn der Pandemie zum Beispiel einen Schutzmasken-Verkauf zu Gunsten des Vereins initiiert. Damals kam eine Summe von 1330 Euro zusammen. \u201eWir hoffen, dass wir auch mit dieser Aktion eine sch\u00f6ne Summe erzielen k\u00f6nnen.\u201c<\/p>\n<p>Als musikalischen Act konnte das Autohaus Hoch f\u00fcr sein Fr\u00fchlingsfest die bekannte Marburger Folk-Pop Band \u201eJanne\u201c gewinnen. F\u00fcr Verk\u00f6stigung wird ebenfalls gesorgt \u2013 auch diese Einnahmen gehen ebenfalls an die Lebenshilfe. \u201eWir freuen uns sehr dar\u00fcber, dass das Autohaus Hoch immer wieder tolle Ideen entwickelt, um einen Personenkreis zu unterst\u00fctzen, der nicht so oft im Mittelpunkt steht\u201c, sagt Lebenshilfe-Vorstand Dirk Botzon. Um noch mehr Besucher zu locken, gibt es extra zum Fr\u00fchlingsfest auch spezielle Sonderkonditionen f\u00fcr Neu- und Gebrauchtwagen sowie f\u00fcr E-Bikes (mit bis zu 20 Prozent Nachlass). \u201eVorbeischauen lohnt sich also\u201c, verspricht Hoch.<\/p>\n","protected":false},"excerpt":{"rendered":"<p>Fr\u00fchjahrsputz f\u00fcr den guten Zweck: Am Samstag, 6. Mai, veranstaltet das Autohaus Hoch in Gladenbach ab 11 Uhr seinen gro\u00dfen Waschtag und unterst\u00fctzt mit den Einnahmen daraus die Arbeit der Lebenshilfe Dillenburg.<\/p>\n","protected":false},"author":4,"featured_media":7342,"comment_status":"closed","ping_status":"closed","sticky":false,"template":"","format":"standard","meta":{"_acf_changed":false,"_gspb_post_css":"","_kad_blocks_custom_css":"","_kad_blocks_head_custom_js":"","_kad_blocks_body_custom_js":"","_kad_blocks_footer_custom_js":"","_kad_post_transparent":"","_kad_post_title":"","_kad_post_layout":"","_kad_post_sidebar_id":"","_kad_post_content_style":"","_kad_post_vertical_padding":"","_kad_post_feature":"","_kad_post_feature_position":"","_kad_post_header":false,"_kad_post_footer":false,"_kad_post_classname":"","footnotes":""},"categories":[53],"tags":[],"class_list":["post-7325","post","type-post","status-publish","format-standard","has-post-thumbnail","hentry","category-meldungen"],"acf":[],"yoast_head":"<!-- This site is optimized with the Yoast SEO plugin v27.5 - https:\/\/yoast.com\/product\/yoast-seo-wordpress\/ -->\n<title>Waschtag f\u00fcr die Lebenshilfe - Lebenshilfe Dillenburg e.V.<\/title>\n<meta name=\"robots\" content=\"index, follow, max-snippet:-1, max-image-preview:large, max-video-preview:-1\" \/>\n<link rel=\"canonical\" href=\"https:\/\/lebenshilfe-dillenburg.de\/leicht\/waschtag-fuer-die-lebenshilfe\/\" \/>\n<meta property=\"og:locale\" content=\"de_DE\" \/>\n<meta property=\"og:type\" content=\"article\" \/>\n<meta property=\"og:title\" content=\"Waschtag f\u00fcr die Lebenshilfe - Lebenshilfe Dillenburg e.V.\" \/>\n<meta property=\"og:description\" content=\"Fr\u00fchjahrsputz f\u00fcr den guten Zweck: Am Samstag, 6. Mai, veranstaltet das Autohaus Hoch in Gladenbach ab 11 Uhr seinen gro\u00dfen Waschtag und unterst\u00fctzt mit den Einnahmen daraus die Arbeit der Lebenshilfe Dillenburg.\" \/>\n<meta property=\"og:url\" content=\"https:\/\/lebenshilfe-dillenburg.de\/leicht\/waschtag-fuer-die-lebenshilfe\/\" \/>\n<meta property=\"og:site_name\" content=\"Lebenshilfe Dillenburg e.V.\" \/>\n<meta property=\"article:publisher\" content=\"https:\/\/www.facebook.com\/lebenshilfedillenburg\/\" \/>\n<meta property=\"article:published_time\" content=\"2023-04-26T07:52:03+00:00\" \/>\n<meta property=\"article:modified_time\" content=\"2026-01-30T11:09:39+00:00\" \/>\n<meta property=\"og:image\" content=\"https:\/\/lebenshilfe-dillenburg.de\/wp-content\/uploads\/waschtag-autohaus-hoch-2.png\" \/>\n\t<meta property=\"og:image:width\" content=\"940\" \/>\n\t<meta property=\"og:image:height\" content=\"637\" \/>\n\t<meta property=\"og:image:type\" content=\"image\/png\" \/>\n<meta name=\"author\" content=\"Conny Holtfoth\" \/>\n<meta name=\"twitter:card\" content=\"summary_large_image\" \/>\n<meta name=\"twitter:label1\" content=\"Geschrieben von\" \/>\n\t<meta name=\"twitter:data1\" content=\"Conny Holtfoth\" \/>\n\t<meta name=\"twitter:label2\" content=\"Gesch\u00e4tzte Lesezeit\" \/>\n\t<meta name=\"twitter:data2\" content=\"1\u00a0Minute\" \/>\n<script type=\"application\/ld+json\" class=\"yoast-schema-graph\">{\"@context\":\"https:\\\/\\\/schema.org\",\"@graph\":[{\"@type\":\"Article\",\"@id\":\"https:\\\/\\\/lebenshilfe-dillenburg.de\\\/leicht\\\/waschtag-fuer-die-lebenshilfe\\\/#article\",\"isPartOf\":{\"@id\":\"https:\\\/\\\/lebenshilfe-dillenburg.de\\\/leicht\\\/waschtag-fuer-die-lebenshilfe\\\/\"},\"author\":{\"name\":\"Conny Holtfoth\",\"@id\":\"https:\\\/\\\/lebenshilfe-dillenburg.de\\\/leicht\\\/#\\\/schema\\\/person\\\/b6c52dad8d881b49213c3345a7cd5efe\"},\"headline\":\"Waschtag f\u00fcr die Lebenshilfe\",\"datePublished\":\"2023-04-26T07:52:03+00:00\",\"dateModified\":\"2026-01-30T11:09:39+00:00\",\"mainEntityOfPage\":{\"@id\":\"https:\\\/\\\/lebenshilfe-dillenburg.de\\\/leicht\\\/waschtag-fuer-die-lebenshilfe\\\/\"},\"wordCount\":256,\"publisher\":{\"@id\":\"https:\\\/\\\/lebenshilfe-dillenburg.de\\\/leicht\\\/#organization\"},\"image\":{\"@id\":\"https:\\\/\\\/lebenshilfe-dillenburg.de\\\/leicht\\\/waschtag-fuer-die-lebenshilfe\\\/#primaryimage\"},\"thumbnailUrl\":\"https:\\\/\\\/lebenshilfe-dillenburg.de\\\/wp-content\\\/uploads\\\/vw-gtd-waschtag-autohaus-hoch-2.png\",\"articleSection\":[\"Meldungen\"],\"inLanguage\":\"de\"},{\"@type\":\"WebPage\",\"@id\":\"https:\\\/\\\/lebenshilfe-dillenburg.de\\\/leicht\\\/waschtag-fuer-die-lebenshilfe\\\/\",\"url\":\"https:\\\/\\\/lebenshilfe-dillenburg.de\\\/leicht\\\/waschtag-fuer-die-lebenshilfe\\\/\",\"name\":\"Waschtag f\u00fcr die Lebenshilfe - Lebenshilfe Dillenburg e.V.\",\"isPartOf\":{\"@id\":\"https:\\\/\\\/lebenshilfe-dillenburg.de\\\/leicht\\\/#website\"},\"primaryImageOfPage\":{\"@id\":\"https:\\\/\\\/lebenshilfe-dillenburg.de\\\/leicht\\\/waschtag-fuer-die-lebenshilfe\\\/#primaryimage\"},\"image\":{\"@id\":\"https:\\\/\\\/lebenshilfe-dillenburg.de\\\/leicht\\\/waschtag-fuer-die-lebenshilfe\\\/#primaryimage\"},\"thumbnailUrl\":\"https:\\\/\\\/lebenshilfe-dillenburg.de\\\/wp-content\\\/uploads\\\/vw-gtd-waschtag-autohaus-hoch-2.png\",\"datePublished\":\"2023-04-26T07:52:03+00:00\",\"dateModified\":\"2026-01-30T11:09:39+00:00\",\"breadcrumb\":{\"@id\":\"https:\\\/\\\/lebenshilfe-dillenburg.de\\\/leicht\\\/waschtag-fuer-die-lebenshilfe\\\/#breadcrumb\"},\"inLanguage\":\"de\",\"potentialAction\":[{\"@type\":\"ReadAction\",\"target\":[\"https:\\\/\\\/lebenshilfe-dillenburg.de\\\/leicht\\\/waschtag-fuer-die-lebenshilfe\\\/\"]}]},{\"@type\":\"ImageObject\",\"inLanguage\":\"de\",\"@id\":\"https:\\\/\\\/lebenshilfe-dillenburg.de\\\/leicht\\\/waschtag-fuer-die-lebenshilfe\\\/#primaryimage\",\"url\":\"https:\\\/\\\/lebenshilfe-dillenburg.de\\\/wp-content\\\/uploads\\\/vw-gtd-waschtag-autohaus-hoch-2.png\",\"contentUrl\":\"https:\\\/\\\/lebenshilfe-dillenburg.de\\\/wp-content\\\/uploads\\\/vw-gtd-waschtag-autohaus-hoch-2.png\",\"width\":940,\"height\":637,\"caption\":\"Das Team vom Autohaus Hoch steht schon in den Startl\u00f6chern f\u00fcr den gro\u00dfen Waschtag am 6. Mai. (Foto: Hoch)\"},{\"@type\":\"BreadcrumbList\",\"@id\":\"https:\\\/\\\/lebenshilfe-dillenburg.de\\\/leicht\\\/waschtag-fuer-die-lebenshilfe\\\/#breadcrumb\",\"itemListElement\":[{\"@type\":\"ListItem\",\"position\":1,\"name\":\"Startseite der Lebenshilfe Dillenburg\",\"item\":\"https:\\\/\\\/lebenshilfe-dillenburg.de\\\/leicht\\\/\"},{\"@type\":\"ListItem\",\"position\":2,\"name\":\"Waschtag f\u00fcr die Lebenshilfe\"}]},{\"@type\":\"WebSite\",\"@id\":\"https:\\\/\\\/lebenshilfe-dillenburg.de\\\/leicht\\\/#website\",\"url\":\"https:\\\/\\\/lebenshilfe-dillenburg.de\\\/leicht\\\/\",\"name\":\"Lebenshilfe Dillenburg \u2013 Teilhabe & Unterst\u00fctzung im Lahn-Dill-Kreis\",\"description\":\"\",\"publisher\":{\"@id\":\"https:\\\/\\\/lebenshilfe-dillenburg.de\\\/leicht\\\/#organization\"},\"potentialAction\":[{\"@type\":\"SearchAction\",\"target\":{\"@type\":\"EntryPoint\",\"urlTemplate\":\"https:\\\/\\\/lebenshilfe-dillenburg.de\\\/leicht\\\/?s={search_term_string}\"},\"query-input\":{\"@type\":\"PropertyValueSpecification\",\"valueRequired\":true,\"valueName\":\"search_term_string\"}}],\"inLanguage\":\"de\"},{\"@type\":\"Organization\",\"@id\":\"https:\\\/\\\/lebenshilfe-dillenburg.de\\\/leicht\\\/#organization\",\"name\":\"Lebenshilfe Dillenburg e.V.\",\"url\":\"https:\\\/\\\/lebenshilfe-dillenburg.de\\\/leicht\\\/\",\"logo\":{\"@type\":\"ImageObject\",\"inLanguage\":\"de\",\"@id\":\"https:\\\/\\\/lebenshilfe-dillenburg.de\\\/leicht\\\/#\\\/schema\\\/logo\\\/image\\\/\",\"url\":\"https:\\\/\\\/lebenshilfe-dillenburg.de\\\/wp-content\\\/uploads\\\/lebenshilfe-dillenburg-desktop.webp\",\"contentUrl\":\"https:\\\/\\\/lebenshilfe-dillenburg.de\\\/wp-content\\\/uploads\\\/lebenshilfe-dillenburg-desktop.webp\",\"width\":461,\"height\":202,\"caption\":\"Lebenshilfe Dillenburg e.V.\"},\"image\":{\"@id\":\"https:\\\/\\\/lebenshilfe-dillenburg.de\\\/leicht\\\/#\\\/schema\\\/logo\\\/image\\\/\"},\"sameAs\":[\"https:\\\/\\\/www.facebook.com\\\/lebenshilfedillenburg\\\/\",\"https:\\\/\\\/www.instagram.com\\\/lebenshilfe_dillenburg\\\/\"]},{\"@type\":\"Person\",\"@id\":\"https:\\\/\\\/lebenshilfe-dillenburg.de\\\/leicht\\\/#\\\/schema\\\/person\\\/b6c52dad8d881b49213c3345a7cd5efe\",\"name\":\"Conny Holtfoth\",\"sameAs\":[\"http:\\\/\\\/lebenshilfe-dillenburg.de\"],\"url\":\"https:\\\/\\\/lebenshilfe-dillenburg.de\\\/leicht\\\/author\\\/conny\\\/\"}]}<\/script>\n<!-- \/ Yoast SEO plugin. -->","yoast_head_json":{"title":"Waschtag f\u00fcr die Lebenshilfe - Lebenshilfe Dillenburg e.V.","robots":{"index":"index","follow":"follow","max-snippet":"max-snippet:-1","max-image-preview":"max-image-preview:large","max-video-preview":"max-video-preview:-1"},"canonical":"https:\/\/lebenshilfe-dillenburg.de\/leicht\/waschtag-fuer-die-lebenshilfe\/","og_locale":"de_DE","og_type":"article","og_title":"Waschtag f\u00fcr die Lebenshilfe - Lebenshilfe Dillenburg e.V.","og_description":"Fr\u00fchjahrsputz f\u00fcr den guten Zweck: Am Samstag, 6. Mai, veranstaltet das Autohaus Hoch in Gladenbach ab 11 Uhr seinen gro\u00dfen Waschtag und unterst\u00fctzt mit den Einnahmen daraus die Arbeit der Lebenshilfe Dillenburg.","og_url":"https:\/\/lebenshilfe-dillenburg.de\/leicht\/waschtag-fuer-die-lebenshilfe\/","og_site_name":"Lebenshilfe Dillenburg e.V.","article_publisher":"https:\/\/www.facebook.com\/lebenshilfedillenburg\/","article_published_time":"2023-04-26T07:52:03+00:00","article_modified_time":"2026-01-30T11:09:39+00:00","og_image":[{"width":940,"height":637,"url":"https:\/\/lebenshilfe-dillenburg.de\/wp-content\/uploads\/waschtag-autohaus-hoch-2.png","type":"image\/png"}],"author":"Conny Holtfoth","twitter_card":"summary_large_image","twitter_misc":{"Geschrieben von":"Conny Holtfoth","Gesch\u00e4tzte Lesezeit":"1\u00a0Minute"},"schema":{"@context":"https:\/\/schema.org","@graph":[{"@type":"Article","@id":"https:\/\/lebenshilfe-dillenburg.de\/leicht\/waschtag-fuer-die-lebenshilfe\/#article","isPartOf":{"@id":"https:\/\/lebenshilfe-dillenburg.de\/leicht\/waschtag-fuer-die-lebenshilfe\/"},"author":{"name":"Conny Holtfoth","@id":"https:\/\/lebenshilfe-dillenburg.de\/leicht\/#\/schema\/person\/b6c52dad8d881b49213c3345a7cd5efe"},"headline":"Waschtag f\u00fcr die Lebenshilfe","datePublished":"2023-04-26T07:52:03+00:00","dateModified":"2026-01-30T11:09:39+00:00","mainEntityOfPage":{"@id":"https:\/\/lebenshilfe-dillenburg.de\/leicht\/waschtag-fuer-die-lebenshilfe\/"},"wordCount":256,"publisher":{"@id":"https:\/\/lebenshilfe-dillenburg.de\/leicht\/#organization"},"image":{"@id":"https:\/\/lebenshilfe-dillenburg.de\/leicht\/waschtag-fuer-die-lebenshilfe\/#primaryimage"},"thumbnailUrl":"https:\/\/lebenshilfe-dillenburg.de\/wp-content\/uploads\/vw-gtd-waschtag-autohaus-hoch-2.png","articleSection":["Meldungen"],"inLanguage":"de"},{"@type":"WebPage","@id":"https:\/\/lebenshilfe-dillenburg.de\/leicht\/waschtag-fuer-die-lebenshilfe\/","url":"https:\/\/lebenshilfe-dillenburg.de\/leicht\/waschtag-fuer-die-lebenshilfe\/","name":"Waschtag f\u00fcr die Lebenshilfe - Lebenshilfe Dillenburg e.V.","isPartOf":{"@id":"https:\/\/lebenshilfe-dillenburg.de\/leicht\/#website"},"primaryImageOfPage":{"@id":"https:\/\/lebenshilfe-dillenburg.de\/leicht\/waschtag-fuer-die-lebenshilfe\/#primaryimage"},"image":{"@id":"https:\/\/lebenshilfe-dillenburg.de\/leicht\/waschtag-fuer-die-lebenshilfe\/#primaryimage"},"thumbnailUrl":"https:\/\/lebenshilfe-dillenburg.de\/wp-content\/uploads\/vw-gtd-waschtag-autohaus-hoch-2.png","datePublished":"2023-04-26T07:52:03+00:00","dateModified":"2026-01-30T11:09:39+00:00","breadcrumb":{"@id":"https:\/\/lebenshilfe-dillenburg.de\/leicht\/waschtag-fuer-die-lebenshilfe\/#breadcrumb"},"inLanguage":"de","potentialAction":[{"@type":"ReadAction","target":["https:\/\/lebenshilfe-dillenburg.de\/leicht\/waschtag-fuer-die-lebenshilfe\/"]}]},{"@type":"ImageObject","inLanguage":"de","@id":"https:\/\/lebenshilfe-dillenburg.de\/leicht\/waschtag-fuer-die-lebenshilfe\/#primaryimage","url":"https:\/\/lebenshilfe-dillenburg.de\/wp-content\/uploads\/vw-gtd-waschtag-autohaus-hoch-2.png","contentUrl":"https:\/\/lebenshilfe-dillenburg.de\/wp-content\/uploads\/vw-gtd-waschtag-autohaus-hoch-2.png","width":940,"height":637,"caption":"Das Team vom Autohaus Hoch steht schon in den Startl\u00f6chern f\u00fcr den gro\u00dfen Waschtag am 6. Mai. (Foto: Hoch)"},{"@type":"BreadcrumbList","@id":"https:\/\/lebenshilfe-dillenburg.de\/leicht\/waschtag-fuer-die-lebenshilfe\/#breadcrumb","itemListElement":[{"@type":"ListItem","position":1,"name":"Startseite der Lebenshilfe Dillenburg","item":"https:\/\/lebenshilfe-dillenburg.de\/leicht\/"},{"@type":"ListItem","position":2,"name":"Waschtag f\u00fcr die Lebenshilfe"}]},{"@type":"WebSite","@id":"https:\/\/lebenshilfe-dillenburg.de\/leicht\/#website","url":"https:\/\/lebenshilfe-dillenburg.de\/leicht\/","name":"Lebenshilfe Dillenburg \u2013 Teilhabe & Unterst\u00fctzung im Lahn-Dill-Kreis","description":"","publisher":{"@id":"https:\/\/lebenshilfe-dillenburg.de\/leicht\/#organization"},"potentialAction":[{"@type":"SearchAction","target":{"@type":"EntryPoint","urlTemplate":"https:\/\/lebenshilfe-dillenburg.de\/leicht\/?s={search_term_string}"},"query-input":{"@type":"PropertyValueSpecification","valueRequired":true,"valueName":"search_term_string"}}],"inLanguage":"de"},{"@type":"Organization","@id":"https:\/\/lebenshilfe-dillenburg.de\/leicht\/#organization","name":"Lebenshilfe Dillenburg e.V.","url":"https:\/\/lebenshilfe-dillenburg.de\/leicht\/","logo":{"@type":"ImageObject","inLanguage":"de","@id":"https:\/\/lebenshilfe-dillenburg.de\/leicht\/#\/schema\/logo\/image\/","url":"https:\/\/lebenshilfe-dillenburg.de\/wp-content\/uploads\/lebenshilfe-dillenburg-desktop.webp","contentUrl":"https:\/\/lebenshilfe-dillenburg.de\/wp-content\/uploads\/lebenshilfe-dillenburg-desktop.webp","width":461,"height":202,"caption":"Lebenshilfe Dillenburg e.V."},"image":{"@id":"https:\/\/lebenshilfe-dillenburg.de\/leicht\/#\/schema\/logo\/image\/"},"sameAs":["https:\/\/www.facebook.com\/lebenshilfedillenburg\/","https:\/\/www.instagram.com\/lebenshilfe_dillenburg\/"]},{"@type":"Person","@id":"https:\/\/lebenshilfe-dillenburg.de\/leicht\/#\/schema\/person\/b6c52dad8d881b49213c3345a7cd5efe","name":"Conny Holtfoth","sameAs":["http:\/\/lebenshilfe-dillenburg.de"],"url":"https:\/\/lebenshilfe-dillenburg.de\/leicht\/author\/conny\/"}]}},"taxonomy_info":{"category":[{"value":53,"label":"Meldungen"}]},"featured_image_src_large":["https:\/\/lebenshilfe-dillenburg.de\/wp-content\/uploads\/vw-gtd-waschtag-autohaus-hoch-2.png",940,637,false],"author_info":{"display_name":"Conny Holtfoth","author_link":"https:\/\/lebenshilfe-dillenburg.de\/leicht\/author\/conny\/"},"comment_info":0,"category_info":[{"term_id":53,"name":"Meldungen","slug":"meldungen","term_group":0,"term_taxonomy_id":53,"taxonomy":"category","description":"","parent":0,"count":127,"filter":"raw","term_order":"5","cat_ID":53,"category_count":127,"category_description":"","cat_name":"Meldungen","category_nicename":"meldungen","category_parent":0}],"tag_info":false,"_links":{"self":[{"href":"https:\/\/lebenshilfe-dillenburg.de\/leicht\/wp-json\/wp\/v2\/posts\/7325","targetHints":{"allow":["GET"]}}],"collection":[{"href":"https:\/\/lebenshilfe-dillenburg.de\/leicht\/wp-json\/wp\/v2\/posts"}],"about":[{"href":"https:\/\/lebenshilfe-dillenburg.de\/leicht\/wp-json\/wp\/v2\/types\/post"}],"author":[{"embeddable":true,"href":"https:\/\/lebenshilfe-dillenburg.de\/leicht\/wp-json\/wp\/v2\/users\/4"}],"replies":[{"embeddable":true,"href":"https:\/\/lebenshilfe-dillenburg.de\/leicht\/wp-json\/wp\/v2\/comments?post=7325"}],"version-history":[{"count":0,"href":"https:\/\/lebenshilfe-dillenburg.de\/leicht\/wp-json\/wp\/v2\/posts\/7325\/revisions"}],"wp:featuredmedia":[{"embeddable":true,"href":"https:\/\/lebenshilfe-dillenburg.de\/leicht\/wp-json\/wp\/v2\/media\/7342"}],"wp:attachment":[{"href":"https:\/\/lebenshilfe-dillenburg.de\/leicht\/wp-json\/wp\/v2\/media?parent=7325"}],"wp:term":[{"taxonomy":"category","embeddable":true,"href":"https:\/\/lebenshilfe-dillenburg.de\/leicht\/wp-json\/wp\/v2\/categories?post=7325"},{"taxonomy":"post_tag","embeddable":true,"href":"https:\/\/lebenshilfe-dillenburg.de\/leicht\/wp-json\/wp\/v2\/tags?post=7325"}],"curies":[{"name":"wp","href":"https:\/\/api.w.org\/{rel}","templated":true}]}}