{"id":7326,"date":"2023-04-28T11:21:15","date_gmt":"2023-04-28T09:21:15","guid":{"rendered":"https:\/\/www.lebenshilfe-dillenburg.de\/?p=4030"},"modified":"2026-01-30T12:09:39","modified_gmt":"2026-01-30T11:09:39","slug":"von-der-werkstatt-in-die-waescherei","status":"publish","type":"post","link":"https:\/\/lebenshilfe-dillenburg.de\/leicht\/von-der-werkstatt-in-die-waescherei\/","title":{"rendered":"Von der Werkstatt in die W\u00e4scherei"},"content":{"rendered":"<p>\u201eHier will ich bleiben.\u201c Jessica Fabel hat ihr berufliches Zuhause gefunden \u2013 im DRK-Seniorenzentrum in Haiger. In der dortigen W\u00e4scherei arbeitet die ehemalige Besch\u00e4ftigte der Reha-Werkstatt Haiger nun schon im siebten Jahr \u2013 vom Praktikum \u00fcber die Betriebsintegrierte Besch\u00e4ftigung (BiB) bis zur Festanstellung im sogenannten Budget f\u00fcr Arbeit (BfA).<\/p>\n<p>Menschen mit Behinderung eine Besch\u00e4ftigung auf dem allgemeinen Arbeitsmarkt zu erm\u00f6glichen \u2013 das ist eines der wichtigen Ziele der Lebenshilfe Dillenburg. Mit der Betriebsintegrierten Besch\u00e4ftigung vermittelt sie schon viele Jahre ihre Werkstattbesch\u00e4ftigten auf einen Arbeitsplatz au\u00dferhalb der Werkst\u00e4tten. Dabei beh\u00e4lt der Besch\u00e4ftigte seinen Status als Mitarbeiter der Werkstatt f\u00fcr behinderte Menschen (WfbM), ist jedoch in die Arbeitsorganisation des besch\u00e4ftigenden Betriebes eingebunden. Anders verh\u00e4lt es sich beim BfA.<\/p>\n<p>Die Abwicklung l\u00e4uft \u00fcber den Kostentr\u00e4ger, den Landeswohlfahrtsverband. Der Arbeitgeber erh\u00e4lt dabei einen Lohnkostenzuschuss \u2013 f\u00fcr viele Arbeitgeber ein attraktiver Anreiz. Dar\u00fcber hinaus h\u00e4lt die \u00dcbernahme des Menschen mit Behinderung f\u00fcr beide Seiten viele M\u00f6glichkeiten bereit. Au\u00dferdem besteht die M\u00f6glichkeit eines R\u00fcckkehrrechts in die Werkstatt.<\/p>\n<figure id=\"attachment_4029\" aria-describedby=\"caption-attachment-4029\" style=\"width: 600px\" class=\"wp-caption aligncenter\"><a href=\"https:\/\/lebenshilfe-dillenburg.de\/wp-content\/uploads\/teamfoto-pflege-uniformen-umkleidebereich.jpg\"><img loading=\"lazy\" decoding=\"async\" class=\"wp-image-4029 size-medium\" src=\"https:\/\/lebenshilfe-dillenburg.de\/wp-content\/uploads\/2023\/04\/img-4795-600x400.jpg\" alt=\"\" width=\"600\" height=\"400\" \/><\/a><figcaption id=\"caption-attachment-4029\" class=\"wp-caption-text\">Die gute Kooperation zwischen DRK-Seniorenzentrum und Lebenshilfe Dillenburg hat es m\u00f6glich gemacht: (h.v.l.) Antje Braun, Anja Laumann, Claudia Michels, Judith Hartmann, (v.v.l.) Lara Bauch, Jessica Fabel und Sarah Gei\u00df. (Foto: Holtfoth)<\/figcaption><\/figure>\n<p>Im Falle von Jessica Fabel sind sich jedoch alle Beteiligten sicher: Es wird funktionieren. Die 34-J\u00e4hrige ist eine von f\u00fcnf Besch\u00e4ftigten, die die Lebenshilfe Dillenburg bereits \u00fcber BfA vermittelt hat. Waschen, b\u00fcgeln, zusammenlegen \u2013 sie hat feste Routinen in ihrem Arbeitsalltag, kann zeitliche Abfolgen sehr gut einsch\u00e4tzen \u201eund muss nicht an die Hand genommen werden, sie wird behandelt wie alle anderen auch\u201c, sagt Hauswirtschaftsleitung Anja Laumann. Jessica Fabel ist fester Bestandteil des vierk\u00f6pfigen W\u00e4scherei-Teams. Auch Judith Hartmann, Leitung des 104-Besch\u00e4ftigten-Betriebs, ist begeistert von ihr: \u201eSie ist immer aufgeschlossen und freundlich.\u201c<\/p>\n<p>\u201eIch bin hier von Anfang an gut aufgenommen worden\u201c, blickt die Haigererin zur\u00fcck. \u201eWas mir immer schon gutgetan hat, ist das Arbeitsklima hier.\u201c Das hat ihr auch durch schwerere Zeiten geholfen \u2013 etwa den Jobwechsel ihrer \u201eFirmen-Patin\u201c, die w\u00e4hrend des BiBs ihre feste Ansprechpartnerin im Betrieb war, oder die erschwerten Bedingungen w\u00e4hrend der Pandemie. All das hat Jessica Fabel gemeistert. Mit entsprechender Unterst\u00fctzung.<\/p>\n<p>Von Seiten der Lebenshilfe stand ihr w\u00e4hrend des BiBs Sarah Gei\u00df als Betreuung zur Seite \u2013 mit regelm\u00e4\u00dfigen Besuchen, regelm\u00e4\u00dfigem Austausch, regelm\u00e4\u00dfiger Reflexion. In kleinen Schritten bereitete sie ihre Betreute auf den bevorstehenden Abnabelungsprozess vor. Die Betreuungsabst\u00e4nde wurden nach und nach vergr\u00f6\u00dfert, Jessica Fabel musste den Arbeitsalltag zunehmend allein bew\u00e4ltigen. Und es funktionierte, auch wenn sich beide erst einmal an die neuen Rollen gew\u00f6hnen mussten, wie Jessica Fabel erz\u00e4hlt: \u201eWir haben noch Kontakt zueinander, aber wenn wir uns sehen, spielt Arbeit nicht mehr die Hauptrolle. In unseren Gespr\u00e4chen wird diese nebens\u00e4chlicher.\u201c<\/p>\n<p>Jessica Fabel hat sich ver\u00e4ndert im Laufe der Zeit beim DRK-Seniorenzentrum.\u00a0 Jetzt ist sie beruflich angekommen. \u201eSie hat sich sehr positiv entwickelt\u201c, beschreibt Anja Laumann die Entwicklung ihrer Mitarbeiterin. Diese selbst sagt von sich: \u201eWenn mir etwas auf der Seele liegt, spreche ich es an. Das konnte ich fr\u00fcher noch nicht, und daraus hat sich dann innerer Stress entwickelt. Jetzt wei\u00df ich: Kommunikation ist alles. Die Stabilit\u00e4t, die ich hier habe, habe ich jetzt auch im Privatleben gefunden.\u201c<\/p>\n<p>Der Lahn-Dill-Kreis ist BfA-Modellregion. Ziel ist es dabei, Faktoren zu ermitteln, die zum Zustandekommen oder Nicht-Zustandekommen von BfA-Pl\u00e4tzen beitragen. F\u00fcr Judith Hartmann steht fest: \u201eEs ist wichtig, offen zu sein, auszuprobieren und nicht gleich aufzugeben. Jeder Mensch hat eine Chance verdient.\u201c<\/p>\n<p>Weitere Infos: Landeswohlfahrtsverband Hessen: Budget f\u00fcr Arbeit (lwv-hessen.de)<\/p>\n","protected":false},"excerpt":{"rendered":"<p>\u201eHier will ich bleiben.\u201c Jessica Fabel hat ihr berufliches Zuhause gefunden \u2013 im DRK-Seniorenzentrum in Haiger. In der dortigen W\u00e4scherei arbeitet die ehemalige Besch\u00e4ftigte der Reha-Werkstatt Haiger nun schon im siebten Jahr \u2013 vom Praktikum \u00fcber die Betriebsintegrierte Besch\u00e4ftigung (BiB) bis zur Festanstellung im sogenannten Budget f\u00fcr Arbeit (BfA). Menschen mit Behinderung eine Besch\u00e4ftigung auf&#8230;<\/p>\n","protected":false},"author":4,"featured_media":7363,"comment_status":"closed","ping_status":"closed","sticky":false,"template":"","format":"standard","meta":{"_acf_changed":false,"_gspb_post_css":"","_kad_blocks_custom_css":"","_kad_blocks_head_custom_js":"","_kad_blocks_body_custom_js":"","_kad_blocks_footer_custom_js":"","_kad_post_transparent":"","_kad_post_title":"","_kad_post_layout":"","_kad_post_sidebar_id":"","_kad_post_content_style":"","_kad_post_vertical_padding":"","_kad_post_feature":"","_kad_post_feature_position":"","_kad_post_header":false,"_kad_post_footer":false,"_kad_post_classname":"","footnotes":""},"categories":[53],"tags":[],"class_list":["post-7326","post","type-post","status-publish","format-standard","has-post-thumbnail","hentry","category-meldungen"],"acf":[],"yoast_head":"<!-- This site is optimized with the Yoast SEO plugin v27.5 - https:\/\/yoast.com\/product\/yoast-seo-wordpress\/ -->\n<title>Von der Werkstatt in die W\u00e4scherei - Lebenshilfe Dillenburg e.V.<\/title>\n<meta name=\"robots\" content=\"index, follow, max-snippet:-1, max-image-preview:large, max-video-preview:-1\" \/>\n<link rel=\"canonical\" href=\"https:\/\/lebenshilfe-dillenburg.de\/leicht\/von-der-werkstatt-in-die-waescherei\/\" \/>\n<meta property=\"og:locale\" content=\"de_DE\" \/>\n<meta property=\"og:type\" content=\"article\" \/>\n<meta property=\"og:title\" content=\"Von der Werkstatt in die W\u00e4scherei - Lebenshilfe Dillenburg e.V.\" \/>\n<meta property=\"og:description\" content=\"\u201eHier will ich bleiben.\u201c Jessica Fabel hat ihr berufliches Zuhause gefunden \u2013 im DRK-Seniorenzentrum in Haiger. In der dortigen W\u00e4scherei arbeitet die ehemalige Besch\u00e4ftigte der Reha-Werkstatt Haiger nun schon im siebten Jahr \u2013 vom Praktikum \u00fcber die Betriebsintegrierte Besch\u00e4ftigung (BiB) bis zur Festanstellung im sogenannten Budget f\u00fcr Arbeit (BfA). Menschen mit Behinderung eine Besch\u00e4ftigung auf...\" \/>\n<meta property=\"og:url\" content=\"https:\/\/lebenshilfe-dillenburg.de\/leicht\/von-der-werkstatt-in-die-waescherei\/\" \/>\n<meta property=\"og:site_name\" content=\"Lebenshilfe Dillenburg e.V.\" \/>\n<meta property=\"article:publisher\" content=\"https:\/\/www.facebook.com\/lebenshilfedillenburg\/\" \/>\n<meta property=\"article:published_time\" content=\"2023-04-28T09:21:15+00:00\" \/>\n<meta property=\"article:modified_time\" content=\"2026-01-30T11:09:39+00:00\" \/>\n<meta property=\"og:image\" content=\"https:\/\/lebenshilfe-dillenburg.de\/wp-content\/uploads\/img-4797-scaled-3.jpg\" \/>\n\t<meta property=\"og:image:width\" content=\"2560\" \/>\n\t<meta property=\"og:image:height\" content=\"1661\" \/>\n\t<meta property=\"og:image:type\" content=\"image\/jpeg\" \/>\n<meta name=\"author\" content=\"Conny Holtfoth\" \/>\n<meta name=\"twitter:card\" content=\"summary_large_image\" \/>\n<meta name=\"twitter:label1\" content=\"Geschrieben von\" \/>\n\t<meta name=\"twitter:data1\" content=\"Conny Holtfoth\" \/>\n\t<meta name=\"twitter:label2\" content=\"Gesch\u00e4tzte Lesezeit\" \/>\n\t<meta name=\"twitter:data2\" content=\"3\u00a0Minuten\" \/>\n<script type=\"application\/ld+json\" class=\"yoast-schema-graph\">{\"@context\":\"https:\\\/\\\/schema.org\",\"@graph\":[{\"@type\":\"Article\",\"@id\":\"https:\\\/\\\/lebenshilfe-dillenburg.de\\\/leicht\\\/von-der-werkstatt-in-die-waescherei\\\/#article\",\"isPartOf\":{\"@id\":\"https:\\\/\\\/lebenshilfe-dillenburg.de\\\/leicht\\\/von-der-werkstatt-in-die-waescherei\\\/\"},\"author\":{\"name\":\"Conny Holtfoth\",\"@id\":\"https:\\\/\\\/lebenshilfe-dillenburg.de\\\/leicht\\\/#\\\/schema\\\/person\\\/b6c52dad8d881b49213c3345a7cd5efe\"},\"headline\":\"Von der Werkstatt in die W\u00e4scherei\",\"datePublished\":\"2023-04-28T09:21:15+00:00\",\"dateModified\":\"2026-01-30T11:09:39+00:00\",\"mainEntityOfPage\":{\"@id\":\"https:\\\/\\\/lebenshilfe-dillenburg.de\\\/leicht\\\/von-der-werkstatt-in-die-waescherei\\\/\"},\"wordCount\":631,\"publisher\":{\"@id\":\"https:\\\/\\\/lebenshilfe-dillenburg.de\\\/leicht\\\/#organization\"},\"image\":{\"@id\":\"https:\\\/\\\/lebenshilfe-dillenburg.de\\\/leicht\\\/von-der-werkstatt-in-die-waescherei\\\/#primaryimage\"},\"thumbnailUrl\":\"https:\\\/\\\/lebenshilfe-dillenburg.de\\\/wp-content\\\/uploads\\\/pflegekraft-industriewaschmaschinen-waescherei-drk-seniorenzentrum.jpg\",\"articleSection\":[\"Meldungen\"],\"inLanguage\":\"de\"},{\"@type\":\"WebPage\",\"@id\":\"https:\\\/\\\/lebenshilfe-dillenburg.de\\\/leicht\\\/von-der-werkstatt-in-die-waescherei\\\/\",\"url\":\"https:\\\/\\\/lebenshilfe-dillenburg.de\\\/leicht\\\/von-der-werkstatt-in-die-waescherei\\\/\",\"name\":\"Von der Werkstatt in die W\u00e4scherei - Lebenshilfe Dillenburg e.V.\",\"isPartOf\":{\"@id\":\"https:\\\/\\\/lebenshilfe-dillenburg.de\\\/leicht\\\/#website\"},\"primaryImageOfPage\":{\"@id\":\"https:\\\/\\\/lebenshilfe-dillenburg.de\\\/leicht\\\/von-der-werkstatt-in-die-waescherei\\\/#primaryimage\"},\"image\":{\"@id\":\"https:\\\/\\\/lebenshilfe-dillenburg.de\\\/leicht\\\/von-der-werkstatt-in-die-waescherei\\\/#primaryimage\"},\"thumbnailUrl\":\"https:\\\/\\\/lebenshilfe-dillenburg.de\\\/wp-content\\\/uploads\\\/pflegekraft-industriewaschmaschinen-waescherei-drk-seniorenzentrum.jpg\",\"datePublished\":\"2023-04-28T09:21:15+00:00\",\"dateModified\":\"2026-01-30T11:09:39+00:00\",\"breadcrumb\":{\"@id\":\"https:\\\/\\\/lebenshilfe-dillenburg.de\\\/leicht\\\/von-der-werkstatt-in-die-waescherei\\\/#breadcrumb\"},\"inLanguage\":\"de\",\"potentialAction\":[{\"@type\":\"ReadAction\",\"target\":[\"https:\\\/\\\/lebenshilfe-dillenburg.de\\\/leicht\\\/von-der-werkstatt-in-die-waescherei\\\/\"]}]},{\"@type\":\"ImageObject\",\"inLanguage\":\"de\",\"@id\":\"https:\\\/\\\/lebenshilfe-dillenburg.de\\\/leicht\\\/von-der-werkstatt-in-die-waescherei\\\/#primaryimage\",\"url\":\"https:\\\/\\\/lebenshilfe-dillenburg.de\\\/wp-content\\\/uploads\\\/pflegekraft-industriewaschmaschinen-waescherei-drk-seniorenzentrum.jpg\",\"contentUrl\":\"https:\\\/\\\/lebenshilfe-dillenburg.de\\\/wp-content\\\/uploads\\\/pflegekraft-industriewaschmaschinen-waescherei-drk-seniorenzentrum.jpg\",\"width\":1500,\"height\":973,\"caption\":\"Jessica Fabel hat im DRK-Seniorenzentrum ihre berufliche Heimat gefunden. (Foto: Holtfoth)\"},{\"@type\":\"BreadcrumbList\",\"@id\":\"https:\\\/\\\/lebenshilfe-dillenburg.de\\\/leicht\\\/von-der-werkstatt-in-die-waescherei\\\/#breadcrumb\",\"itemListElement\":[{\"@type\":\"ListItem\",\"position\":1,\"name\":\"Startseite der Lebenshilfe Dillenburg\",\"item\":\"https:\\\/\\\/lebenshilfe-dillenburg.de\\\/leicht\\\/\"},{\"@type\":\"ListItem\",\"position\":2,\"name\":\"Von der Werkstatt in die W\u00e4scherei\"}]},{\"@type\":\"WebSite\",\"@id\":\"https:\\\/\\\/lebenshilfe-dillenburg.de\\\/leicht\\\/#website\",\"url\":\"https:\\\/\\\/lebenshilfe-dillenburg.de\\\/leicht\\\/\",\"name\":\"Lebenshilfe Dillenburg \u2013 Teilhabe & Unterst\u00fctzung im Lahn-Dill-Kreis\",\"description\":\"\",\"publisher\":{\"@id\":\"https:\\\/\\\/lebenshilfe-dillenburg.de\\\/leicht\\\/#organization\"},\"potentialAction\":[{\"@type\":\"SearchAction\",\"target\":{\"@type\":\"EntryPoint\",\"urlTemplate\":\"https:\\\/\\\/lebenshilfe-dillenburg.de\\\/leicht\\\/?s={search_term_string}\"},\"query-input\":{\"@type\":\"PropertyValueSpecification\",\"valueRequired\":true,\"valueName\":\"search_term_string\"}}],\"inLanguage\":\"de\"},{\"@type\":\"Organization\",\"@id\":\"https:\\\/\\\/lebenshilfe-dillenburg.de\\\/leicht\\\/#organization\",\"name\":\"Lebenshilfe Dillenburg e.V.\",\"url\":\"https:\\\/\\\/lebenshilfe-dillenburg.de\\\/leicht\\\/\",\"logo\":{\"@type\":\"ImageObject\",\"inLanguage\":\"de\",\"@id\":\"https:\\\/\\\/lebenshilfe-dillenburg.de\\\/leicht\\\/#\\\/schema\\\/logo\\\/image\\\/\",\"url\":\"https:\\\/\\\/lebenshilfe-dillenburg.de\\\/wp-content\\\/uploads\\\/lebenshilfe-dillenburg-desktop.webp\",\"contentUrl\":\"https:\\\/\\\/lebenshilfe-dillenburg.de\\\/wp-content\\\/uploads\\\/lebenshilfe-dillenburg-desktop.webp\",\"width\":461,\"height\":202,\"caption\":\"Lebenshilfe Dillenburg e.V.\"},\"image\":{\"@id\":\"https:\\\/\\\/lebenshilfe-dillenburg.de\\\/leicht\\\/#\\\/schema\\\/logo\\\/image\\\/\"},\"sameAs\":[\"https:\\\/\\\/www.facebook.com\\\/lebenshilfedillenburg\\\/\",\"https:\\\/\\\/www.instagram.com\\\/lebenshilfe_dillenburg\\\/\"]},{\"@type\":\"Person\",\"@id\":\"https:\\\/\\\/lebenshilfe-dillenburg.de\\\/leicht\\\/#\\\/schema\\\/person\\\/b6c52dad8d881b49213c3345a7cd5efe\",\"name\":\"Conny Holtfoth\",\"sameAs\":[\"http:\\\/\\\/lebenshilfe-dillenburg.de\"],\"url\":\"https:\\\/\\\/lebenshilfe-dillenburg.de\\\/leicht\\\/author\\\/conny\\\/\"}]}<\/script>\n<!-- \/ Yoast SEO plugin. -->","yoast_head_json":{"title":"Von der Werkstatt in die W\u00e4scherei - Lebenshilfe Dillenburg e.V.","robots":{"index":"index","follow":"follow","max-snippet":"max-snippet:-1","max-image-preview":"max-image-preview:large","max-video-preview":"max-video-preview:-1"},"canonical":"https:\/\/lebenshilfe-dillenburg.de\/leicht\/von-der-werkstatt-in-die-waescherei\/","og_locale":"de_DE","og_type":"article","og_title":"Von der Werkstatt in die W\u00e4scherei - Lebenshilfe Dillenburg e.V.","og_description":"\u201eHier will ich bleiben.\u201c Jessica Fabel hat ihr berufliches Zuhause gefunden \u2013 im DRK-Seniorenzentrum in Haiger. In der dortigen W\u00e4scherei arbeitet die ehemalige Besch\u00e4ftigte der Reha-Werkstatt Haiger nun schon im siebten Jahr \u2013 vom Praktikum \u00fcber die Betriebsintegrierte Besch\u00e4ftigung (BiB) bis zur Festanstellung im sogenannten Budget f\u00fcr Arbeit (BfA). Menschen mit Behinderung eine Besch\u00e4ftigung auf...","og_url":"https:\/\/lebenshilfe-dillenburg.de\/leicht\/von-der-werkstatt-in-die-waescherei\/","og_site_name":"Lebenshilfe Dillenburg e.V.","article_publisher":"https:\/\/www.facebook.com\/lebenshilfedillenburg\/","article_published_time":"2023-04-28T09:21:15+00:00","article_modified_time":"2026-01-30T11:09:39+00:00","og_image":[{"width":2560,"height":1661,"url":"https:\/\/lebenshilfe-dillenburg.de\/wp-content\/uploads\/img-4797-scaled-3.jpg","type":"image\/jpeg"}],"author":"Conny Holtfoth","twitter_card":"summary_large_image","twitter_misc":{"Geschrieben von":"Conny Holtfoth","Gesch\u00e4tzte Lesezeit":"3\u00a0Minuten"},"schema":{"@context":"https:\/\/schema.org","@graph":[{"@type":"Article","@id":"https:\/\/lebenshilfe-dillenburg.de\/leicht\/von-der-werkstatt-in-die-waescherei\/#article","isPartOf":{"@id":"https:\/\/lebenshilfe-dillenburg.de\/leicht\/von-der-werkstatt-in-die-waescherei\/"},"author":{"name":"Conny Holtfoth","@id":"https:\/\/lebenshilfe-dillenburg.de\/leicht\/#\/schema\/person\/b6c52dad8d881b49213c3345a7cd5efe"},"headline":"Von der Werkstatt in die W\u00e4scherei","datePublished":"2023-04-28T09:21:15+00:00","dateModified":"2026-01-30T11:09:39+00:00","mainEntityOfPage":{"@id":"https:\/\/lebenshilfe-dillenburg.de\/leicht\/von-der-werkstatt-in-die-waescherei\/"},"wordCount":631,"publisher":{"@id":"https:\/\/lebenshilfe-dillenburg.de\/leicht\/#organization"},"image":{"@id":"https:\/\/lebenshilfe-dillenburg.de\/leicht\/von-der-werkstatt-in-die-waescherei\/#primaryimage"},"thumbnailUrl":"https:\/\/lebenshilfe-dillenburg.de\/wp-content\/uploads\/pflegekraft-industriewaschmaschinen-waescherei-drk-seniorenzentrum.jpg","articleSection":["Meldungen"],"inLanguage":"de"},{"@type":"WebPage","@id":"https:\/\/lebenshilfe-dillenburg.de\/leicht\/von-der-werkstatt-in-die-waescherei\/","url":"https:\/\/lebenshilfe-dillenburg.de\/leicht\/von-der-werkstatt-in-die-waescherei\/","name":"Von der Werkstatt in die W\u00e4scherei - Lebenshilfe Dillenburg e.V.","isPartOf":{"@id":"https:\/\/lebenshilfe-dillenburg.de\/leicht\/#website"},"primaryImageOfPage":{"@id":"https:\/\/lebenshilfe-dillenburg.de\/leicht\/von-der-werkstatt-in-die-waescherei\/#primaryimage"},"image":{"@id":"https:\/\/lebenshilfe-dillenburg.de\/leicht\/von-der-werkstatt-in-die-waescherei\/#primaryimage"},"thumbnailUrl":"https:\/\/lebenshilfe-dillenburg.de\/wp-content\/uploads\/pflegekraft-industriewaschmaschinen-waescherei-drk-seniorenzentrum.jpg","datePublished":"2023-04-28T09:21:15+00:00","dateModified":"2026-01-30T11:09:39+00:00","breadcrumb":{"@id":"https:\/\/lebenshilfe-dillenburg.de\/leicht\/von-der-werkstatt-in-die-waescherei\/#breadcrumb"},"inLanguage":"de","potentialAction":[{"@type":"ReadAction","target":["https:\/\/lebenshilfe-dillenburg.de\/leicht\/von-der-werkstatt-in-die-waescherei\/"]}]},{"@type":"ImageObject","inLanguage":"de","@id":"https:\/\/lebenshilfe-dillenburg.de\/leicht\/von-der-werkstatt-in-die-waescherei\/#primaryimage","url":"https:\/\/lebenshilfe-dillenburg.de\/wp-content\/uploads\/pflegekraft-industriewaschmaschinen-waescherei-drk-seniorenzentrum.jpg","contentUrl":"https:\/\/lebenshilfe-dillenburg.de\/wp-content\/uploads\/pflegekraft-industriewaschmaschinen-waescherei-drk-seniorenzentrum.jpg","width":1500,"height":973,"caption":"Jessica Fabel hat im DRK-Seniorenzentrum ihre berufliche Heimat gefunden. (Foto: Holtfoth)"},{"@type":"BreadcrumbList","@id":"https:\/\/lebenshilfe-dillenburg.de\/leicht\/von-der-werkstatt-in-die-waescherei\/#breadcrumb","itemListElement":[{"@type":"ListItem","position":1,"name":"Startseite der Lebenshilfe Dillenburg","item":"https:\/\/lebenshilfe-dillenburg.de\/leicht\/"},{"@type":"ListItem","position":2,"name":"Von der Werkstatt in die W\u00e4scherei"}]},{"@type":"WebSite","@id":"https:\/\/lebenshilfe-dillenburg.de\/leicht\/#website","url":"https:\/\/lebenshilfe-dillenburg.de\/leicht\/","name":"Lebenshilfe Dillenburg \u2013 Teilhabe & Unterst\u00fctzung im Lahn-Dill-Kreis","description":"","publisher":{"@id":"https:\/\/lebenshilfe-dillenburg.de\/leicht\/#organization"},"potentialAction":[{"@type":"SearchAction","target":{"@type":"EntryPoint","urlTemplate":"https:\/\/lebenshilfe-dillenburg.de\/leicht\/?s={search_term_string}"},"query-input":{"@type":"PropertyValueSpecification","valueRequired":true,"valueName":"search_term_string"}}],"inLanguage":"de"},{"@type":"Organization","@id":"https:\/\/lebenshilfe-dillenburg.de\/leicht\/#organization","name":"Lebenshilfe Dillenburg e.V.","url":"https:\/\/lebenshilfe-dillenburg.de\/leicht\/","logo":{"@type":"ImageObject","inLanguage":"de","@id":"https:\/\/lebenshilfe-dillenburg.de\/leicht\/#\/schema\/logo\/image\/","url":"https:\/\/lebenshilfe-dillenburg.de\/wp-content\/uploads\/lebenshilfe-dillenburg-desktop.webp","contentUrl":"https:\/\/lebenshilfe-dillenburg.de\/wp-content\/uploads\/lebenshilfe-dillenburg-desktop.webp","width":461,"height":202,"caption":"Lebenshilfe Dillenburg e.V."},"image":{"@id":"https:\/\/lebenshilfe-dillenburg.de\/leicht\/#\/schema\/logo\/image\/"},"sameAs":["https:\/\/www.facebook.com\/lebenshilfedillenburg\/","https:\/\/www.instagram.com\/lebenshilfe_dillenburg\/"]},{"@type":"Person","@id":"https:\/\/lebenshilfe-dillenburg.de\/leicht\/#\/schema\/person\/b6c52dad8d881b49213c3345a7cd5efe","name":"Conny Holtfoth","sameAs":["http:\/\/lebenshilfe-dillenburg.de"],"url":"https:\/\/lebenshilfe-dillenburg.de\/leicht\/author\/conny\/"}]}},"taxonomy_info":{"category":[{"value":53,"label":"Meldungen"}]},"featured_image_src_large":["https:\/\/lebenshilfe-dillenburg.de\/wp-content\/uploads\/pflegekraft-industriewaschmaschinen-waescherei-drk-seniorenzentrum-1920x1246.jpg",1366,886,true],"author_info":{"display_name":"Conny Holtfoth","author_link":"https:\/\/lebenshilfe-dillenburg.de\/leicht\/author\/conny\/"},"comment_info":0,"category_info":[{"term_id":53,"name":"Meldungen","slug":"meldungen","term_group":0,"term_taxonomy_id":53,"taxonomy":"category","description":"","parent":0,"count":127,"filter":"raw","term_order":"5","cat_ID":53,"category_count":127,"category_description":"","cat_name":"Meldungen","category_nicename":"meldungen","category_parent":0}],"tag_info":false,"_links":{"self":[{"href":"https:\/\/lebenshilfe-dillenburg.de\/leicht\/wp-json\/wp\/v2\/posts\/7326","targetHints":{"allow":["GET"]}}],"collection":[{"href":"https:\/\/lebenshilfe-dillenburg.de\/leicht\/wp-json\/wp\/v2\/posts"}],"about":[{"href":"https:\/\/lebenshilfe-dillenburg.de\/leicht\/wp-json\/wp\/v2\/types\/post"}],"author":[{"embeddable":true,"href":"https:\/\/lebenshilfe-dillenburg.de\/leicht\/wp-json\/wp\/v2\/users\/4"}],"replies":[{"embeddable":true,"href":"https:\/\/lebenshilfe-dillenburg.de\/leicht\/wp-json\/wp\/v2\/comments?post=7326"}],"version-history":[{"count":0,"href":"https:\/\/lebenshilfe-dillenburg.de\/leicht\/wp-json\/wp\/v2\/posts\/7326\/revisions"}],"wp:featuredmedia":[{"embeddable":true,"href":"https:\/\/lebenshilfe-dillenburg.de\/leicht\/wp-json\/wp\/v2\/media\/7363"}],"wp:attachment":[{"href":"https:\/\/lebenshilfe-dillenburg.de\/leicht\/wp-json\/wp\/v2\/media?parent=7326"}],"wp:term":[{"taxonomy":"category","embeddable":true,"href":"https:\/\/lebenshilfe-dillenburg.de\/leicht\/wp-json\/wp\/v2\/categories?post=7326"},{"taxonomy":"post_tag","embeddable":true,"href":"https:\/\/lebenshilfe-dillenburg.de\/leicht\/wp-json\/wp\/v2\/tags?post=7326"}],"curies":[{"name":"wp","href":"https:\/\/api.w.org\/{rel}","templated":true}]}}