{"id":7327,"date":"2023-05-23T16:47:48","date_gmt":"2023-05-23T14:47:48","guid":{"rendered":"https:\/\/www.lebenshilfe-dillenburg.de\/?p=4041"},"modified":"2026-01-30T12:09:39","modified_gmt":"2026-01-30T11:09:39","slug":"vierte-klasse-besucht-werkstatt-oberscheld","status":"publish","type":"post","link":"https:\/\/lebenshilfe-dillenburg.de\/leicht\/vierte-klasse-besucht-werkstatt-oberscheld\/","title":{"rendered":"Vierte Klasse besucht Werkstatt"},"content":{"rendered":"<p>Von anf\u00e4nglich sch\u00fcchterner Zur\u00fcckhaltung bis hin zu gro\u00dfer Begeisterung: Der Besuch der vierten Klasse der Schelderwaldschule in der Lebenshilfe-Werkstatt in Oberscheld hat sich als positiv pr\u00e4gendes Erlebnis f\u00fcr alle Beteiligten erwiesen.<!--more--><\/p>\n<p>\u201eWir sind auch aufgeregt, f\u00fcr uns ist ein solcher Besuch auch nicht allt\u00e4glich\u201c, erkl\u00e4rte Einrichtungsleiter Stefan Betz den elf Sch\u00fclerinnen und Sch\u00fclern, die ihn erwartungsvoll, aber auch ein wenig unsicher anschauten. F\u00fcr die meisten von ihnen stellte der Besuch in der Werkstatt die erste Begegnung mit Menschen mit geistigen Behinderungen dar. Um Ber\u00fchrungs\u00e4ngsten schon im fr\u00fchen Alter entgegenzuwirken und ein Bewusstsein zu schaffen f\u00fcr Menschen mit Behinderung, hatte Betz die Kooperation mit der Grundschule bereits vor der Pandemie ins Leben gerufen und sie nun neu aufleben lassen.<\/p>\n<p>Dass in der Werkstatt, in der 78 Menschen mit Behinderung t\u00e4tig sind, industriell gearbeitet wird, erlebten die Sch\u00fclerinnen und Sch\u00fcler schon gleich zu Beginn. \u201eBoah, ein 3D-Drucker!\u201c Als Betz die Gruppe dann durch die gesamte Werkstatt f\u00fchrte, kamen die Kinder aus dem Staunen kaum heraus. Kabelkonfektionierung, Produktion von Sicherungsk\u00e4sten f\u00fcr Wohnwagen \u2013 alles gefertigt von Menschen mit Behinderung.<\/p>\n<p>Nach einer Besichtigung der Werkstatt wurden sie auf die drei Arbeitsgruppen verteilt und erhielten feste Patinnen und Paten, mit denen sie den Rest des Tages zusammenarbeiteten. Schnell brach das Eis: Kinder und Werkstattbesch\u00e4ftigte arbeiteten Hand in Hand und tauschten sich aus \u2013 zun\u00e4chst \u00fcber die Arbeitsschritte, sp\u00e4ter \u00fcber Privates. Ein besonderer Tag, der Eindruck hinterlassen hat, wie Klassenlehrerin Rebekka Hutchinson r\u00fcckblickend sagt: \u201eDie Kinder m\u00fcssen auch zu Hause sehr positiv von dem Tag erz\u00e4hlt haben, denn von den Eltern kam auch tolles Feedback zu dem Tag zur\u00fcck. Die Kinder sind begeistert, die Eltern sind begeistert und ich bin begeistert.\u201c Einige der Sch\u00fcler haben bereits angek\u00fcndigt, als Ferienjobber in die Werkstatt zur\u00fcckkehren zu wollen.<\/p>\n<div id='gallery-1' class='gallery galleryid-7327 gallery-columns-3 gallery-size-thumbnail'><figure class='gallery-item'>\n\t\t\t<div class='gallery-icon portrait'>\n\t\t\t\t<a href='https:\/\/lebenshilfe-dillenburg.de\/leicht\/vierte-klasse-besucht-werkstatt-oberscheld\/foto-28-04-23-09-16-13\/'><img loading=\"lazy\" decoding=\"async\" width=\"150\" height=\"150\" src=\"https:\/\/lebenshilfe-dillenburg.de\/wp-content\/uploads\/maedchen-besucht-technikwerkstatt-kabelmontage-150x150.jpg\" class=\"attachment-thumbnail size-thumbnail\" alt=\"M\u00e4dchen lernt Kabelmontage in der Technikwerkstatt, Frau erkl\u00e4rt Steckverbinder am Arbeitstisch.\" \/><\/a>\n\t\t\t<\/div><\/figure><figure class='gallery-item'>\n\t\t\t<div class='gallery-icon portrait'>\n\t\t\t\t<a href='https:\/\/lebenshilfe-dillenburg.de\/leicht\/vierte-klasse-besucht-werkstatt-oberscheld\/foto-28-04-23-09-19-46\/'><img loading=\"lazy\" decoding=\"async\" width=\"150\" height=\"150\" src=\"https:\/\/lebenshilfe-dillenburg.de\/wp-content\/uploads\/schueler-bauen-technikprojekt-werkstatt-arbeitsplatz-150x150.jpg\" class=\"attachment-thumbnail size-thumbnail\" alt=\"Zwei Sch\u00fcler montieren konzentriert ein Technikprojekt im Werkraum einer Schule.\" \/><\/a>\n\t\t\t<\/div><\/figure>\n\t\t<\/div>\n\n","protected":false},"excerpt":{"rendered":"<p>Von anf\u00e4nglich sch\u00fcchterner Zur\u00fcckhaltung bis hin zu gro\u00dfer Begeisterung: Der Besuch der vierten Klasse der Schelderwaldschule in der Lebenshilfe-Werkstatt in Oberscheld hat sich als positiv pr\u00e4gendes Erlebnis f\u00fcr alle Beteiligten erwiesen.<\/p>\n","protected":false},"author":4,"featured_media":7343,"comment_status":"closed","ping_status":"closed","sticky":false,"template":"","format":"standard","meta":{"_acf_changed":false,"_gspb_post_css":"","_kad_blocks_custom_css":"","_kad_blocks_head_custom_js":"","_kad_blocks_body_custom_js":"","_kad_blocks_footer_custom_js":"","_kad_post_transparent":"","_kad_post_title":"","_kad_post_layout":"","_kad_post_sidebar_id":"","_kad_post_content_style":"","_kad_post_vertical_padding":"","_kad_post_feature":"","_kad_post_feature_position":"","_kad_post_header":false,"_kad_post_footer":false,"_kad_post_classname":"","footnotes":""},"categories":[53],"tags":[58,59,60,61,62],"class_list":["post-7327","post","type-post","status-publish","format-standard","has-post-thumbnail","hentry","category-meldungen","tag-begegnung","tag-behinderung","tag-grundschule","tag-inklusion","tag-werkstatt"],"acf":[],"yoast_head":"<!-- This site is optimized with the Yoast SEO plugin v27.5 - https:\/\/yoast.com\/product\/yoast-seo-wordpress\/ -->\n<title>Vierte Klasse besucht Werkstatt - Lebenshilfe Dillenburg e.V.<\/title>\n<meta name=\"robots\" content=\"index, follow, max-snippet:-1, max-image-preview:large, max-video-preview:-1\" \/>\n<link rel=\"canonical\" href=\"https:\/\/lebenshilfe-dillenburg.de\/leicht\/vierte-klasse-besucht-werkstatt-oberscheld\/\" \/>\n<meta property=\"og:locale\" content=\"de_DE\" \/>\n<meta property=\"og:type\" content=\"article\" \/>\n<meta property=\"og:title\" content=\"Vierte Klasse besucht Werkstatt - Lebenshilfe Dillenburg e.V.\" \/>\n<meta property=\"og:description\" content=\"Von anf\u00e4nglich sch\u00fcchterner Zur\u00fcckhaltung bis hin zu gro\u00dfer Begeisterung: Der Besuch der vierten Klasse der Schelderwaldschule in der Lebenshilfe-Werkstatt in Oberscheld hat sich als positiv pr\u00e4gendes Erlebnis f\u00fcr alle Beteiligten erwiesen.\" \/>\n<meta property=\"og:url\" content=\"https:\/\/lebenshilfe-dillenburg.de\/leicht\/vierte-klasse-besucht-werkstatt-oberscheld\/\" \/>\n<meta property=\"og:site_name\" content=\"Lebenshilfe Dillenburg e.V.\" \/>\n<meta property=\"article:publisher\" content=\"https:\/\/www.facebook.com\/lebenshilfedillenburg\/\" \/>\n<meta property=\"article:published_time\" content=\"2023-05-23T14:47:48+00:00\" \/>\n<meta property=\"article:modified_time\" content=\"2026-01-30T11:09:39+00:00\" \/>\n<meta property=\"og:image\" content=\"https:\/\/lebenshilfe-dillenburg.de\/wp-content\/uploads\/vierte-klasse-besucht-werkstatt-oberscheld-foto-28.04.23-08-54-18-scaled-3.jpg\" \/>\n\t<meta property=\"og:image:width\" content=\"2560\" \/>\n\t<meta property=\"og:image:height\" content=\"1920\" \/>\n\t<meta property=\"og:image:type\" content=\"image\/jpeg\" \/>\n<meta name=\"author\" content=\"Conny Holtfoth\" \/>\n<meta name=\"twitter:card\" content=\"summary_large_image\" \/>\n<meta name=\"twitter:label1\" content=\"Geschrieben von\" \/>\n\t<meta name=\"twitter:data1\" content=\"Conny Holtfoth\" \/>\n\t<meta name=\"twitter:label2\" content=\"Gesch\u00e4tzte Lesezeit\" \/>\n\t<meta name=\"twitter:data2\" content=\"2\u00a0Minuten\" \/>\n<script type=\"application\/ld+json\" class=\"yoast-schema-graph\">{\"@context\":\"https:\\\/\\\/schema.org\",\"@graph\":[{\"@type\":\"Article\",\"@id\":\"https:\\\/\\\/lebenshilfe-dillenburg.de\\\/leicht\\\/vierte-klasse-besucht-werkstatt-oberscheld\\\/#article\",\"isPartOf\":{\"@id\":\"https:\\\/\\\/lebenshilfe-dillenburg.de\\\/leicht\\\/vierte-klasse-besucht-werkstatt-oberscheld\\\/\"},\"author\":{\"name\":\"Conny Holtfoth\",\"@id\":\"https:\\\/\\\/lebenshilfe-dillenburg.de\\\/leicht\\\/#\\\/schema\\\/person\\\/b6c52dad8d881b49213c3345a7cd5efe\"},\"headline\":\"Vierte Klasse besucht Werkstatt\",\"datePublished\":\"2023-05-23T14:47:48+00:00\",\"dateModified\":\"2026-01-30T11:09:39+00:00\",\"mainEntityOfPage\":{\"@id\":\"https:\\\/\\\/lebenshilfe-dillenburg.de\\\/leicht\\\/vierte-klasse-besucht-werkstatt-oberscheld\\\/\"},\"wordCount\":324,\"publisher\":{\"@id\":\"https:\\\/\\\/lebenshilfe-dillenburg.de\\\/leicht\\\/#organization\"},\"image\":{\"@id\":\"https:\\\/\\\/lebenshilfe-dillenburg.de\\\/leicht\\\/vierte-klasse-besucht-werkstatt-oberscheld\\\/#primaryimage\"},\"thumbnailUrl\":\"https:\\\/\\\/lebenshilfe-dillenburg.de\\\/wp-content\\\/uploads\\\/werkstatt-oberscheld-vorfuhrung-schulklasse.jpg\",\"keywords\":[\"begegnung\",\"Behinderung\",\"grundschule\",\"inklusion\",\"werkstatt\"],\"articleSection\":[\"Meldungen\"],\"inLanguage\":\"de\"},{\"@type\":\"WebPage\",\"@id\":\"https:\\\/\\\/lebenshilfe-dillenburg.de\\\/leicht\\\/vierte-klasse-besucht-werkstatt-oberscheld\\\/\",\"url\":\"https:\\\/\\\/lebenshilfe-dillenburg.de\\\/leicht\\\/vierte-klasse-besucht-werkstatt-oberscheld\\\/\",\"name\":\"Vierte Klasse besucht Werkstatt - Lebenshilfe Dillenburg e.V.\",\"isPartOf\":{\"@id\":\"https:\\\/\\\/lebenshilfe-dillenburg.de\\\/leicht\\\/#website\"},\"primaryImageOfPage\":{\"@id\":\"https:\\\/\\\/lebenshilfe-dillenburg.de\\\/leicht\\\/vierte-klasse-besucht-werkstatt-oberscheld\\\/#primaryimage\"},\"image\":{\"@id\":\"https:\\\/\\\/lebenshilfe-dillenburg.de\\\/leicht\\\/vierte-klasse-besucht-werkstatt-oberscheld\\\/#primaryimage\"},\"thumbnailUrl\":\"https:\\\/\\\/lebenshilfe-dillenburg.de\\\/wp-content\\\/uploads\\\/werkstatt-oberscheld-vorfuhrung-schulklasse.jpg\",\"datePublished\":\"2023-05-23T14:47:48+00:00\",\"dateModified\":\"2026-01-30T11:09:39+00:00\",\"breadcrumb\":{\"@id\":\"https:\\\/\\\/lebenshilfe-dillenburg.de\\\/leicht\\\/vierte-klasse-besucht-werkstatt-oberscheld\\\/#breadcrumb\"},\"inLanguage\":\"de\",\"potentialAction\":[{\"@type\":\"ReadAction\",\"target\":[\"https:\\\/\\\/lebenshilfe-dillenburg.de\\\/leicht\\\/vierte-klasse-besucht-werkstatt-oberscheld\\\/\"]}]},{\"@type\":\"ImageObject\",\"inLanguage\":\"de\",\"@id\":\"https:\\\/\\\/lebenshilfe-dillenburg.de\\\/leicht\\\/vierte-klasse-besucht-werkstatt-oberscheld\\\/#primaryimage\",\"url\":\"https:\\\/\\\/lebenshilfe-dillenburg.de\\\/wp-content\\\/uploads\\\/werkstatt-oberscheld-vorfuhrung-schulklasse.jpg\",\"contentUrl\":\"https:\\\/\\\/lebenshilfe-dillenburg.de\\\/wp-content\\\/uploads\\\/werkstatt-oberscheld-vorfuhrung-schulklasse.jpg\",\"width\":1440,\"height\":1080,\"caption\":\"Einrichtungsleiter Stefan Betz zeigte den Sch\u00fclerinnen und Sch\u00fclern, was in der Werkstatt Oberscheld produziert wird. (Foto: Holtfoth)\"},{\"@type\":\"BreadcrumbList\",\"@id\":\"https:\\\/\\\/lebenshilfe-dillenburg.de\\\/leicht\\\/vierte-klasse-besucht-werkstatt-oberscheld\\\/#breadcrumb\",\"itemListElement\":[{\"@type\":\"ListItem\",\"position\":1,\"name\":\"Startseite der Lebenshilfe Dillenburg\",\"item\":\"https:\\\/\\\/lebenshilfe-dillenburg.de\\\/leicht\\\/\"},{\"@type\":\"ListItem\",\"position\":2,\"name\":\"Vierte Klasse besucht Werkstatt\"}]},{\"@type\":\"WebSite\",\"@id\":\"https:\\\/\\\/lebenshilfe-dillenburg.de\\\/leicht\\\/#website\",\"url\":\"https:\\\/\\\/lebenshilfe-dillenburg.de\\\/leicht\\\/\",\"name\":\"Lebenshilfe Dillenburg \u2013 Teilhabe & Unterst\u00fctzung im Lahn-Dill-Kreis\",\"description\":\"\",\"publisher\":{\"@id\":\"https:\\\/\\\/lebenshilfe-dillenburg.de\\\/leicht\\\/#organization\"},\"potentialAction\":[{\"@type\":\"SearchAction\",\"target\":{\"@type\":\"EntryPoint\",\"urlTemplate\":\"https:\\\/\\\/lebenshilfe-dillenburg.de\\\/leicht\\\/?s={search_term_string}\"},\"query-input\":{\"@type\":\"PropertyValueSpecification\",\"valueRequired\":true,\"valueName\":\"search_term_string\"}}],\"inLanguage\":\"de\"},{\"@type\":\"Organization\",\"@id\":\"https:\\\/\\\/lebenshilfe-dillenburg.de\\\/leicht\\\/#organization\",\"name\":\"Lebenshilfe Dillenburg e.V.\",\"url\":\"https:\\\/\\\/lebenshilfe-dillenburg.de\\\/leicht\\\/\",\"logo\":{\"@type\":\"ImageObject\",\"inLanguage\":\"de\",\"@id\":\"https:\\\/\\\/lebenshilfe-dillenburg.de\\\/leicht\\\/#\\\/schema\\\/logo\\\/image\\\/\",\"url\":\"https:\\\/\\\/lebenshilfe-dillenburg.de\\\/wp-content\\\/uploads\\\/lebenshilfe-dillenburg-desktop.webp\",\"contentUrl\":\"https:\\\/\\\/lebenshilfe-dillenburg.de\\\/wp-content\\\/uploads\\\/lebenshilfe-dillenburg-desktop.webp\",\"width\":461,\"height\":202,\"caption\":\"Lebenshilfe Dillenburg e.V.\"},\"image\":{\"@id\":\"https:\\\/\\\/lebenshilfe-dillenburg.de\\\/leicht\\\/#\\\/schema\\\/logo\\\/image\\\/\"},\"sameAs\":[\"https:\\\/\\\/www.facebook.com\\\/lebenshilfedillenburg\\\/\",\"https:\\\/\\\/www.instagram.com\\\/lebenshilfe_dillenburg\\\/\"]},{\"@type\":\"Person\",\"@id\":\"https:\\\/\\\/lebenshilfe-dillenburg.de\\\/leicht\\\/#\\\/schema\\\/person\\\/b6c52dad8d881b49213c3345a7cd5efe\",\"name\":\"Conny Holtfoth\",\"sameAs\":[\"http:\\\/\\\/lebenshilfe-dillenburg.de\"],\"url\":\"https:\\\/\\\/lebenshilfe-dillenburg.de\\\/leicht\\\/author\\\/conny\\\/\"}]}<\/script>\n<!-- \/ Yoast SEO plugin. -->","yoast_head_json":{"title":"Vierte Klasse besucht Werkstatt - Lebenshilfe Dillenburg e.V.","robots":{"index":"index","follow":"follow","max-snippet":"max-snippet:-1","max-image-preview":"max-image-preview:large","max-video-preview":"max-video-preview:-1"},"canonical":"https:\/\/lebenshilfe-dillenburg.de\/leicht\/vierte-klasse-besucht-werkstatt-oberscheld\/","og_locale":"de_DE","og_type":"article","og_title":"Vierte Klasse besucht Werkstatt - Lebenshilfe Dillenburg e.V.","og_description":"Von anf\u00e4nglich sch\u00fcchterner Zur\u00fcckhaltung bis hin zu gro\u00dfer Begeisterung: Der Besuch der vierten Klasse der Schelderwaldschule in der Lebenshilfe-Werkstatt in Oberscheld hat sich als positiv pr\u00e4gendes Erlebnis f\u00fcr alle Beteiligten erwiesen.","og_url":"https:\/\/lebenshilfe-dillenburg.de\/leicht\/vierte-klasse-besucht-werkstatt-oberscheld\/","og_site_name":"Lebenshilfe Dillenburg e.V.","article_publisher":"https:\/\/www.facebook.com\/lebenshilfedillenburg\/","article_published_time":"2023-05-23T14:47:48+00:00","article_modified_time":"2026-01-30T11:09:39+00:00","og_image":[{"width":2560,"height":1920,"url":"https:\/\/lebenshilfe-dillenburg.de\/wp-content\/uploads\/vierte-klasse-besucht-werkstatt-oberscheld-foto-28.04.23-08-54-18-scaled-3.jpg","type":"image\/jpeg"}],"author":"Conny Holtfoth","twitter_card":"summary_large_image","twitter_misc":{"Geschrieben von":"Conny Holtfoth","Gesch\u00e4tzte Lesezeit":"2\u00a0Minuten"},"schema":{"@context":"https:\/\/schema.org","@graph":[{"@type":"Article","@id":"https:\/\/lebenshilfe-dillenburg.de\/leicht\/vierte-klasse-besucht-werkstatt-oberscheld\/#article","isPartOf":{"@id":"https:\/\/lebenshilfe-dillenburg.de\/leicht\/vierte-klasse-besucht-werkstatt-oberscheld\/"},"author":{"name":"Conny Holtfoth","@id":"https:\/\/lebenshilfe-dillenburg.de\/leicht\/#\/schema\/person\/b6c52dad8d881b49213c3345a7cd5efe"},"headline":"Vierte Klasse besucht Werkstatt","datePublished":"2023-05-23T14:47:48+00:00","dateModified":"2026-01-30T11:09:39+00:00","mainEntityOfPage":{"@id":"https:\/\/lebenshilfe-dillenburg.de\/leicht\/vierte-klasse-besucht-werkstatt-oberscheld\/"},"wordCount":324,"publisher":{"@id":"https:\/\/lebenshilfe-dillenburg.de\/leicht\/#organization"},"image":{"@id":"https:\/\/lebenshilfe-dillenburg.de\/leicht\/vierte-klasse-besucht-werkstatt-oberscheld\/#primaryimage"},"thumbnailUrl":"https:\/\/lebenshilfe-dillenburg.de\/wp-content\/uploads\/werkstatt-oberscheld-vorfuhrung-schulklasse.jpg","keywords":["begegnung","Behinderung","grundschule","inklusion","werkstatt"],"articleSection":["Meldungen"],"inLanguage":"de"},{"@type":"WebPage","@id":"https:\/\/lebenshilfe-dillenburg.de\/leicht\/vierte-klasse-besucht-werkstatt-oberscheld\/","url":"https:\/\/lebenshilfe-dillenburg.de\/leicht\/vierte-klasse-besucht-werkstatt-oberscheld\/","name":"Vierte Klasse besucht Werkstatt - Lebenshilfe Dillenburg e.V.","isPartOf":{"@id":"https:\/\/lebenshilfe-dillenburg.de\/leicht\/#website"},"primaryImageOfPage":{"@id":"https:\/\/lebenshilfe-dillenburg.de\/leicht\/vierte-klasse-besucht-werkstatt-oberscheld\/#primaryimage"},"image":{"@id":"https:\/\/lebenshilfe-dillenburg.de\/leicht\/vierte-klasse-besucht-werkstatt-oberscheld\/#primaryimage"},"thumbnailUrl":"https:\/\/lebenshilfe-dillenburg.de\/wp-content\/uploads\/werkstatt-oberscheld-vorfuhrung-schulklasse.jpg","datePublished":"2023-05-23T14:47:48+00:00","dateModified":"2026-01-30T11:09:39+00:00","breadcrumb":{"@id":"https:\/\/lebenshilfe-dillenburg.de\/leicht\/vierte-klasse-besucht-werkstatt-oberscheld\/#breadcrumb"},"inLanguage":"de","potentialAction":[{"@type":"ReadAction","target":["https:\/\/lebenshilfe-dillenburg.de\/leicht\/vierte-klasse-besucht-werkstatt-oberscheld\/"]}]},{"@type":"ImageObject","inLanguage":"de","@id":"https:\/\/lebenshilfe-dillenburg.de\/leicht\/vierte-klasse-besucht-werkstatt-oberscheld\/#primaryimage","url":"https:\/\/lebenshilfe-dillenburg.de\/wp-content\/uploads\/werkstatt-oberscheld-vorfuhrung-schulklasse.jpg","contentUrl":"https:\/\/lebenshilfe-dillenburg.de\/wp-content\/uploads\/werkstatt-oberscheld-vorfuhrung-schulklasse.jpg","width":1440,"height":1080,"caption":"Einrichtungsleiter Stefan Betz zeigte den Sch\u00fclerinnen und Sch\u00fclern, was in der Werkstatt Oberscheld produziert wird. (Foto: Holtfoth)"},{"@type":"BreadcrumbList","@id":"https:\/\/lebenshilfe-dillenburg.de\/leicht\/vierte-klasse-besucht-werkstatt-oberscheld\/#breadcrumb","itemListElement":[{"@type":"ListItem","position":1,"name":"Startseite der Lebenshilfe Dillenburg","item":"https:\/\/lebenshilfe-dillenburg.de\/leicht\/"},{"@type":"ListItem","position":2,"name":"Vierte Klasse besucht Werkstatt"}]},{"@type":"WebSite","@id":"https:\/\/lebenshilfe-dillenburg.de\/leicht\/#website","url":"https:\/\/lebenshilfe-dillenburg.de\/leicht\/","name":"Lebenshilfe Dillenburg \u2013 Teilhabe & Unterst\u00fctzung im Lahn-Dill-Kreis","description":"","publisher":{"@id":"https:\/\/lebenshilfe-dillenburg.de\/leicht\/#organization"},"potentialAction":[{"@type":"SearchAction","target":{"@type":"EntryPoint","urlTemplate":"https:\/\/lebenshilfe-dillenburg.de\/leicht\/?s={search_term_string}"},"query-input":{"@type":"PropertyValueSpecification","valueRequired":true,"valueName":"search_term_string"}}],"inLanguage":"de"},{"@type":"Organization","@id":"https:\/\/lebenshilfe-dillenburg.de\/leicht\/#organization","name":"Lebenshilfe Dillenburg e.V.","url":"https:\/\/lebenshilfe-dillenburg.de\/leicht\/","logo":{"@type":"ImageObject","inLanguage":"de","@id":"https:\/\/lebenshilfe-dillenburg.de\/leicht\/#\/schema\/logo\/image\/","url":"https:\/\/lebenshilfe-dillenburg.de\/wp-content\/uploads\/lebenshilfe-dillenburg-desktop.webp","contentUrl":"https:\/\/lebenshilfe-dillenburg.de\/wp-content\/uploads\/lebenshilfe-dillenburg-desktop.webp","width":461,"height":202,"caption":"Lebenshilfe Dillenburg e.V."},"image":{"@id":"https:\/\/lebenshilfe-dillenburg.de\/leicht\/#\/schema\/logo\/image\/"},"sameAs":["https:\/\/www.facebook.com\/lebenshilfedillenburg\/","https:\/\/www.instagram.com\/lebenshilfe_dillenburg\/"]},{"@type":"Person","@id":"https:\/\/lebenshilfe-dillenburg.de\/leicht\/#\/schema\/person\/b6c52dad8d881b49213c3345a7cd5efe","name":"Conny Holtfoth","sameAs":["http:\/\/lebenshilfe-dillenburg.de"],"url":"https:\/\/lebenshilfe-dillenburg.de\/leicht\/author\/conny\/"}]}},"taxonomy_info":{"category":[{"value":53,"label":"Meldungen"}],"post_tag":[{"value":58,"label":"begegnung"},{"value":59,"label":"Behinderung"},{"value":60,"label":"grundschule"},{"value":61,"label":"inklusion"},{"value":62,"label":"werkstatt"}]},"featured_image_src_large":["https:\/\/lebenshilfe-dillenburg.de\/wp-content\/uploads\/werkstatt-oberscheld-vorfuhrung-schulklasse-1920x1440.jpg",1366,1025,true],"author_info":{"display_name":"Conny Holtfoth","author_link":"https:\/\/lebenshilfe-dillenburg.de\/leicht\/author\/conny\/"},"comment_info":0,"category_info":[{"term_id":53,"name":"Meldungen","slug":"meldungen","term_group":0,"term_taxonomy_id":53,"taxonomy":"category","description":"","parent":0,"count":127,"filter":"raw","term_order":"5","cat_ID":53,"category_count":127,"category_description":"","cat_name":"Meldungen","category_nicename":"meldungen","category_parent":0}],"tag_info":[{"term_id":58,"name":"begegnung","slug":"begegnung","term_group":0,"term_taxonomy_id":58,"taxonomy":"post_tag","description":"","parent":0,"count":1,"filter":"raw","term_order":"15"},{"term_id":59,"name":"Behinderung","slug":"behinderung","term_group":0,"term_taxonomy_id":59,"taxonomy":"post_tag","description":"","parent":0,"count":2,"filter":"raw","term_order":"16"},{"term_id":60,"name":"grundschule","slug":"grundschule","term_group":0,"term_taxonomy_id":60,"taxonomy":"post_tag","description":"","parent":0,"count":1,"filter":"raw","term_order":"17"},{"term_id":61,"name":"inklusion","slug":"inklusion","term_group":0,"term_taxonomy_id":61,"taxonomy":"post_tag","description":"","parent":0,"count":2,"filter":"raw","term_order":"18"},{"term_id":62,"name":"werkstatt","slug":"werkstatt","term_group":0,"term_taxonomy_id":62,"taxonomy":"post_tag","description":"","parent":0,"count":1,"filter":"raw","term_order":"19"}],"_links":{"self":[{"href":"https:\/\/lebenshilfe-dillenburg.de\/leicht\/wp-json\/wp\/v2\/posts\/7327","targetHints":{"allow":["GET"]}}],"collection":[{"href":"https:\/\/lebenshilfe-dillenburg.de\/leicht\/wp-json\/wp\/v2\/posts"}],"about":[{"href":"https:\/\/lebenshilfe-dillenburg.de\/leicht\/wp-json\/wp\/v2\/types\/post"}],"author":[{"embeddable":true,"href":"https:\/\/lebenshilfe-dillenburg.de\/leicht\/wp-json\/wp\/v2\/users\/4"}],"replies":[{"embeddable":true,"href":"https:\/\/lebenshilfe-dillenburg.de\/leicht\/wp-json\/wp\/v2\/comments?post=7327"}],"version-history":[{"count":0,"href":"https:\/\/lebenshilfe-dillenburg.de\/leicht\/wp-json\/wp\/v2\/posts\/7327\/revisions"}],"wp:featuredmedia":[{"embeddable":true,"href":"https:\/\/lebenshilfe-dillenburg.de\/leicht\/wp-json\/wp\/v2\/media\/7343"}],"wp:attachment":[{"href":"https:\/\/lebenshilfe-dillenburg.de\/leicht\/wp-json\/wp\/v2\/media?parent=7327"}],"wp:term":[{"taxonomy":"category","embeddable":true,"href":"https:\/\/lebenshilfe-dillenburg.de\/leicht\/wp-json\/wp\/v2\/categories?post=7327"},{"taxonomy":"post_tag","embeddable":true,"href":"https:\/\/lebenshilfe-dillenburg.de\/leicht\/wp-json\/wp\/v2\/tags?post=7327"}],"curies":[{"name":"wp","href":"https:\/\/api.w.org\/{rel}","templated":true}]}}