{"id":7332,"date":"2023-06-16T11:26:54","date_gmt":"2023-06-16T09:26:54","guid":{"rendered":"https:\/\/www.lebenshilfe-dillenburg.de\/?p=4105"},"modified":"2026-01-30T12:09:39","modified_gmt":"2026-01-30T11:09:39","slug":"fsj-bundesfreiwilligendienst","status":"publish","type":"post","link":"https:\/\/lebenshilfe-dillenburg.de\/leicht\/fsj-bundesfreiwilligendienst\/","title":{"rendered":"FSJ \/ Bundesfreiwilligendienst"},"content":{"rendered":"<p>Wir bieten interessierten Menschen, die sich sozial engagieren m\u00f6chten, Freiwilligendienste im<\/p>\n<h3>Freiwilligen Sozialen Jahr (FSJ) bzw. Bundesfreiwilligendienst (BFD)<\/h3>\n<p>an.<\/p>\n<p>Das Freiwillige Soziale Jahr (FSJ) richtet sich an junge Menschen zwischen 16 und 26 Jahren.<br \/>\nDen Bundesfreiwilligendienst (BFD) k\u00f6nnen Sie auch ableisten, wenn Sie \u00e4lter als 26 Jahre sind.<br \/>\nDen Freiwilligendienst k\u00f6nnen Sie in einem der folgenden Bereiche absolvieren:<\/p>\n<p><strong>Integrative Kindertagesst\u00e4tte:<\/strong><\/p>\n<ul>\n<li>In unserer Integrativen Kindertagesst\u00e4tte betreuen und unterst\u00fctzen Sie behinderte und nichtbehinderte Kinder. Die Einsatzstelle ist Herborn-Burg.<\/li>\n<\/ul>\n<p><strong>Werkstatt f\u00fcr Menschen mit Behinderungen:<\/strong><\/p>\n<ul>\n<li>In unseren Werkst\u00e4tten f\u00fcr behinderte Menschen (WfbM) begleiten und unterst\u00fctzen Sie die Menschen mit Behinderungen (MmB) am Arbeitsplatz sowie bei Bildungs- und Freizeitma\u00dfnahmen. M\u00f6gliche Einsatzstellen sind unsere Werkst\u00e4tten in Dillenburg, Dillenburg-Oberscheld, Eschenburg-Eibelshausen sowie Haiger-Flammersbach.<\/li>\n<\/ul>\n<p><strong>Wohnen:<\/strong><\/p>\n<ul>\n<li>In unseren Wohnh\u00e4usern unterst\u00fctzen Sie die Bewohner bei p\u00e4dagogischen, betreuenden oder hauswirtschaftlichen T\u00e4tigkeiten sowie bei der gesundheitlichen Vorsorge und Freizeitgestaltung. Der Einsatz in den Wohnheimen erfolgt nach Dienstplan. M\u00f6gliche Einsatzstellen sind unsere Wohnh\u00e4user in Dillenburg-Niederscheld, Dillenburg-Manderbach, Eschenburg-Simmersbach oder Haiger.<\/li>\n<\/ul>\n<p><strong>Was wir erwarten:<\/strong><br \/>\nInteresse und Offenheit im Umgang mit Menschen mit Behinderung.<br \/>\nBereitschaft, sich einzubringen und mitzudenken.<br \/>\nBereitschaft, Verantwortung zu \u00fcbernehmen.<br \/>\nTeamf\u00e4higkeit und Reflexionsf\u00e4higkeit.<\/p>\n<p><strong>Wir bieten:<\/strong><br \/>\nW\u00e4hrend des Freiwilligendienstes erhalten Sie ein monatliches Taschengeld sowie eine Sachkostenpauschale. Weiterhin werden die Sozialversicherungsbeitr\u00e4ge in voller H\u00f6he durch die Einsatzstelle \u00fcbernommen. Weitere Leistungen sind Bildungs- bzw. Seminartage sowie Urlaubsanspruch.<\/p>\n<p>Die Freiwilligendienste dauern in der Regel 12 Monate, wobei eine Verl\u00e4ngerung auf 18 Monate m\u00f6glich ist. Das FSJ wird in Vollzeit (39 Wochenstunden) ausge\u00fcbt, der BFD kann bei Freiwilligen ab 27 Jahren auch in Teilzeit (mind. 20,5 Wochenstunden) erfolgen.<\/p>\n<p><strong>Wir freuen uns darauf, Sie kennen zu lernen. Ihre aussagef\u00e4higen Bewerbungsunterlagen senden Sie bitte bis zum 25.06.2023 an: jobs@lebenshilfe-dillenburg.de oder direkt \u00fcber das Formular.<\/strong><\/p>\n<p>&nbsp;<\/p>\n<p>[contact-form-7 id=&#8220;4094&#8243; title=&#8220;Bewerbungsformular&#8220;]<\/p>\n<p>&nbsp;<\/p>\n","protected":false},"excerpt":{"rendered":"<p>Wir bieten interessierten Menschen, die sich sozial engagieren m\u00f6chten, Freiwilligendienste im Freiwilligen Sozialen Jahr (FSJ) bzw. Bundesfreiwilligendienst (BFD) an. Das Freiwillige Soziale Jahr (FSJ) richtet sich an junge Menschen zwischen 16 und 26 Jahren. Den Bundesfreiwilligendienst (BFD) k\u00f6nnen Sie auch ableisten, wenn Sie \u00e4lter als 26 Jahre sind. Den Freiwilligendienst k\u00f6nnen Sie in einem der&#8230;<\/p>\n","protected":false},"author":4,"featured_media":4106,"comment_status":"closed","ping_status":"closed","sticky":false,"template":"","format":"standard","meta":{"_acf_changed":false,"_gspb_post_css":"","_kad_blocks_custom_css":"","_kad_blocks_head_custom_js":"","_kad_blocks_body_custom_js":"","_kad_blocks_footer_custom_js":"","_kad_post_transparent":"","_kad_post_title":"","_kad_post_layout":"","_kad_post_sidebar_id":"","_kad_post_content_style":"","_kad_post_vertical_padding":"","_kad_post_feature":"","_kad_post_feature_position":"","_kad_post_header":false,"_kad_post_footer":false,"_kad_post_classname":"","footnotes":""},"categories":[52],"tags":[],"class_list":["post-7332","post","type-post","status-publish","format-standard","has-post-thumbnail","hentry","category-aktuelles"],"acf":[],"yoast_head":"<!-- This site is optimized with the Yoast SEO plugin v27.5 - https:\/\/yoast.com\/product\/yoast-seo-wordpress\/ -->\n<title>FSJ \/ Bundesfreiwilligendienst - Lebenshilfe Dillenburg e.V.<\/title>\n<meta name=\"robots\" content=\"index, follow, max-snippet:-1, max-image-preview:large, max-video-preview:-1\" \/>\n<link rel=\"canonical\" href=\"https:\/\/lebenshilfe-dillenburg.de\/leicht\/fsj-bundesfreiwilligendienst\/\" \/>\n<meta property=\"og:locale\" content=\"de_DE\" \/>\n<meta property=\"og:type\" content=\"article\" \/>\n<meta property=\"og:title\" content=\"FSJ \/ Bundesfreiwilligendienst - Lebenshilfe Dillenburg e.V.\" \/>\n<meta property=\"og:description\" content=\"Wir bieten interessierten Menschen, die sich sozial engagieren m\u00f6chten, Freiwilligendienste im Freiwilligen Sozialen Jahr (FSJ) bzw. Bundesfreiwilligendienst (BFD) an. Das Freiwillige Soziale Jahr (FSJ) richtet sich an junge Menschen zwischen 16 und 26 Jahren. Den Bundesfreiwilligendienst (BFD) k\u00f6nnen Sie auch ableisten, wenn Sie \u00e4lter als 26 Jahre sind. Den Freiwilligendienst k\u00f6nnen Sie in einem der...\" \/>\n<meta property=\"og:url\" content=\"https:\/\/lebenshilfe-dillenburg.de\/leicht\/fsj-bundesfreiwilligendienst\/\" \/>\n<meta property=\"og:site_name\" content=\"Lebenshilfe Dillenburg e.V.\" \/>\n<meta property=\"article:publisher\" content=\"https:\/\/www.facebook.com\/lebenshilfedillenburg\/\" \/>\n<meta property=\"article:published_time\" content=\"2023-06-16T09:26:54+00:00\" \/>\n<meta property=\"article:modified_time\" content=\"2026-01-30T11:09:39+00:00\" \/>\n<meta property=\"og:image\" content=\"https:\/\/lebenshilfe-dillenburg.de\/wp-content\/uploads\/fsj-bundesfreiwilligendienst-ausschnitt-fsj-2-removebg-preview-1-2.png\" \/>\n\t<meta property=\"og:image:width\" content=\"705\" \/>\n\t<meta property=\"og:image:height\" content=\"354\" \/>\n\t<meta property=\"og:image:type\" content=\"image\/png\" \/>\n<meta name=\"author\" content=\"Conny Holtfoth\" \/>\n<meta name=\"twitter:card\" content=\"summary_large_image\" \/>\n<meta name=\"twitter:label1\" content=\"Geschrieben von\" \/>\n\t<meta name=\"twitter:data1\" content=\"Conny Holtfoth\" \/>\n\t<meta name=\"twitter:label2\" content=\"Gesch\u00e4tzte Lesezeit\" \/>\n\t<meta name=\"twitter:data2\" content=\"2\u00a0Minuten\" \/>\n<script type=\"application\/ld+json\" class=\"yoast-schema-graph\">{\"@context\":\"https:\\\/\\\/schema.org\",\"@graph\":[{\"@type\":\"Article\",\"@id\":\"https:\\\/\\\/lebenshilfe-dillenburg.de\\\/leicht\\\/fsj-bundesfreiwilligendienst\\\/#article\",\"isPartOf\":{\"@id\":\"https:\\\/\\\/lebenshilfe-dillenburg.de\\\/leicht\\\/fsj-bundesfreiwilligendienst\\\/\"},\"author\":{\"name\":\"Conny Holtfoth\",\"@id\":\"https:\\\/\\\/lebenshilfe-dillenburg.de\\\/leicht\\\/#\\\/schema\\\/person\\\/b6c52dad8d881b49213c3345a7cd5efe\"},\"headline\":\"FSJ \\\/ Bundesfreiwilligendienst\",\"datePublished\":\"2023-06-16T09:26:54+00:00\",\"dateModified\":\"2026-01-30T11:09:39+00:00\",\"mainEntityOfPage\":{\"@id\":\"https:\\\/\\\/lebenshilfe-dillenburg.de\\\/leicht\\\/fsj-bundesfreiwilligendienst\\\/\"},\"wordCount\":303,\"publisher\":{\"@id\":\"https:\\\/\\\/lebenshilfe-dillenburg.de\\\/leicht\\\/#organization\"},\"image\":{\"@id\":\"https:\\\/\\\/lebenshilfe-dillenburg.de\\\/leicht\\\/fsj-bundesfreiwilligendienst\\\/#primaryimage\"},\"thumbnailUrl\":\"https:\\\/\\\/lebenshilfe-dillenburg.de\\\/wp-content\\\/uploads\\\/mann-portrait-hand-am-kinn-sonnenbrille.png\",\"articleSection\":[\"Aktuelles\"],\"inLanguage\":\"de\"},{\"@type\":\"WebPage\",\"@id\":\"https:\\\/\\\/lebenshilfe-dillenburg.de\\\/leicht\\\/fsj-bundesfreiwilligendienst\\\/\",\"url\":\"https:\\\/\\\/lebenshilfe-dillenburg.de\\\/leicht\\\/fsj-bundesfreiwilligendienst\\\/\",\"name\":\"FSJ \\\/ Bundesfreiwilligendienst - Lebenshilfe Dillenburg e.V.\",\"isPartOf\":{\"@id\":\"https:\\\/\\\/lebenshilfe-dillenburg.de\\\/leicht\\\/#website\"},\"primaryImageOfPage\":{\"@id\":\"https:\\\/\\\/lebenshilfe-dillenburg.de\\\/leicht\\\/fsj-bundesfreiwilligendienst\\\/#primaryimage\"},\"image\":{\"@id\":\"https:\\\/\\\/lebenshilfe-dillenburg.de\\\/leicht\\\/fsj-bundesfreiwilligendienst\\\/#primaryimage\"},\"thumbnailUrl\":\"https:\\\/\\\/lebenshilfe-dillenburg.de\\\/wp-content\\\/uploads\\\/mann-portrait-hand-am-kinn-sonnenbrille.png\",\"datePublished\":\"2023-06-16T09:26:54+00:00\",\"dateModified\":\"2026-01-30T11:09:39+00:00\",\"breadcrumb\":{\"@id\":\"https:\\\/\\\/lebenshilfe-dillenburg.de\\\/leicht\\\/fsj-bundesfreiwilligendienst\\\/#breadcrumb\"},\"inLanguage\":\"de\",\"potentialAction\":[{\"@type\":\"ReadAction\",\"target\":[\"https:\\\/\\\/lebenshilfe-dillenburg.de\\\/leicht\\\/fsj-bundesfreiwilligendienst\\\/\"]}]},{\"@type\":\"ImageObject\",\"inLanguage\":\"de\",\"@id\":\"https:\\\/\\\/lebenshilfe-dillenburg.de\\\/leicht\\\/fsj-bundesfreiwilligendienst\\\/#primaryimage\",\"url\":\"https:\\\/\\\/lebenshilfe-dillenburg.de\\\/wp-content\\\/uploads\\\/mann-portrait-hand-am-kinn-sonnenbrille.png\",\"contentUrl\":\"https:\\\/\\\/lebenshilfe-dillenburg.de\\\/wp-content\\\/uploads\\\/mann-portrait-hand-am-kinn-sonnenbrille.png\",\"width\":705,\"height\":354,\"caption\":\"Selbstbewusstes M\u00e4nnerportr\u00e4t mit Sonnenbrille auf dem Kopf, Hand am Kinn, gemustertes Hemd.\"},{\"@type\":\"BreadcrumbList\",\"@id\":\"https:\\\/\\\/lebenshilfe-dillenburg.de\\\/leicht\\\/fsj-bundesfreiwilligendienst\\\/#breadcrumb\",\"itemListElement\":[{\"@type\":\"ListItem\",\"position\":1,\"name\":\"Startseite der Lebenshilfe Dillenburg\",\"item\":\"https:\\\/\\\/lebenshilfe-dillenburg.de\\\/leicht\\\/\"},{\"@type\":\"ListItem\",\"position\":2,\"name\":\"FSJ \\\/ Bundesfreiwilligendienst\"}]},{\"@type\":\"WebSite\",\"@id\":\"https:\\\/\\\/lebenshilfe-dillenburg.de\\\/leicht\\\/#website\",\"url\":\"https:\\\/\\\/lebenshilfe-dillenburg.de\\\/leicht\\\/\",\"name\":\"Lebenshilfe Dillenburg \u2013 Teilhabe & Unterst\u00fctzung im Lahn-Dill-Kreis\",\"description\":\"\",\"publisher\":{\"@id\":\"https:\\\/\\\/lebenshilfe-dillenburg.de\\\/leicht\\\/#organization\"},\"potentialAction\":[{\"@type\":\"SearchAction\",\"target\":{\"@type\":\"EntryPoint\",\"urlTemplate\":\"https:\\\/\\\/lebenshilfe-dillenburg.de\\\/leicht\\\/?s={search_term_string}\"},\"query-input\":{\"@type\":\"PropertyValueSpecification\",\"valueRequired\":true,\"valueName\":\"search_term_string\"}}],\"inLanguage\":\"de\"},{\"@type\":\"Organization\",\"@id\":\"https:\\\/\\\/lebenshilfe-dillenburg.de\\\/leicht\\\/#organization\",\"name\":\"Lebenshilfe Dillenburg e.V.\",\"url\":\"https:\\\/\\\/lebenshilfe-dillenburg.de\\\/leicht\\\/\",\"logo\":{\"@type\":\"ImageObject\",\"inLanguage\":\"de\",\"@id\":\"https:\\\/\\\/lebenshilfe-dillenburg.de\\\/leicht\\\/#\\\/schema\\\/logo\\\/image\\\/\",\"url\":\"https:\\\/\\\/lebenshilfe-dillenburg.de\\\/wp-content\\\/uploads\\\/lebenshilfe-dillenburg-desktop.webp\",\"contentUrl\":\"https:\\\/\\\/lebenshilfe-dillenburg.de\\\/wp-content\\\/uploads\\\/lebenshilfe-dillenburg-desktop.webp\",\"width\":461,\"height\":202,\"caption\":\"Lebenshilfe Dillenburg e.V.\"},\"image\":{\"@id\":\"https:\\\/\\\/lebenshilfe-dillenburg.de\\\/leicht\\\/#\\\/schema\\\/logo\\\/image\\\/\"},\"sameAs\":[\"https:\\\/\\\/www.facebook.com\\\/lebenshilfedillenburg\\\/\",\"https:\\\/\\\/www.instagram.com\\\/lebenshilfe_dillenburg\\\/\"]},{\"@type\":\"Person\",\"@id\":\"https:\\\/\\\/lebenshilfe-dillenburg.de\\\/leicht\\\/#\\\/schema\\\/person\\\/b6c52dad8d881b49213c3345a7cd5efe\",\"name\":\"Conny Holtfoth\",\"sameAs\":[\"http:\\\/\\\/lebenshilfe-dillenburg.de\"],\"url\":\"https:\\\/\\\/lebenshilfe-dillenburg.de\\\/leicht\\\/author\\\/conny\\\/\"}]}<\/script>\n<!-- \/ Yoast SEO plugin. -->","yoast_head_json":{"title":"FSJ \/ Bundesfreiwilligendienst - Lebenshilfe Dillenburg e.V.","robots":{"index":"index","follow":"follow","max-snippet":"max-snippet:-1","max-image-preview":"max-image-preview:large","max-video-preview":"max-video-preview:-1"},"canonical":"https:\/\/lebenshilfe-dillenburg.de\/leicht\/fsj-bundesfreiwilligendienst\/","og_locale":"de_DE","og_type":"article","og_title":"FSJ \/ Bundesfreiwilligendienst - Lebenshilfe Dillenburg e.V.","og_description":"Wir bieten interessierten Menschen, die sich sozial engagieren m\u00f6chten, Freiwilligendienste im Freiwilligen Sozialen Jahr (FSJ) bzw. Bundesfreiwilligendienst (BFD) an. Das Freiwillige Soziale Jahr (FSJ) richtet sich an junge Menschen zwischen 16 und 26 Jahren. Den Bundesfreiwilligendienst (BFD) k\u00f6nnen Sie auch ableisten, wenn Sie \u00e4lter als 26 Jahre sind. Den Freiwilligendienst k\u00f6nnen Sie in einem der...","og_url":"https:\/\/lebenshilfe-dillenburg.de\/leicht\/fsj-bundesfreiwilligendienst\/","og_site_name":"Lebenshilfe Dillenburg e.V.","article_publisher":"https:\/\/www.facebook.com\/lebenshilfedillenburg\/","article_published_time":"2023-06-16T09:26:54+00:00","article_modified_time":"2026-01-30T11:09:39+00:00","og_image":[{"width":705,"height":354,"url":"https:\/\/lebenshilfe-dillenburg.de\/wp-content\/uploads\/fsj-bundesfreiwilligendienst-ausschnitt-fsj-2-removebg-preview-1-2.png","type":"image\/png"}],"author":"Conny Holtfoth","twitter_card":"summary_large_image","twitter_misc":{"Geschrieben von":"Conny Holtfoth","Gesch\u00e4tzte Lesezeit":"2\u00a0Minuten"},"schema":{"@context":"https:\/\/schema.org","@graph":[{"@type":"Article","@id":"https:\/\/lebenshilfe-dillenburg.de\/leicht\/fsj-bundesfreiwilligendienst\/#article","isPartOf":{"@id":"https:\/\/lebenshilfe-dillenburg.de\/leicht\/fsj-bundesfreiwilligendienst\/"},"author":{"name":"Conny Holtfoth","@id":"https:\/\/lebenshilfe-dillenburg.de\/leicht\/#\/schema\/person\/b6c52dad8d881b49213c3345a7cd5efe"},"headline":"FSJ \/ Bundesfreiwilligendienst","datePublished":"2023-06-16T09:26:54+00:00","dateModified":"2026-01-30T11:09:39+00:00","mainEntityOfPage":{"@id":"https:\/\/lebenshilfe-dillenburg.de\/leicht\/fsj-bundesfreiwilligendienst\/"},"wordCount":303,"publisher":{"@id":"https:\/\/lebenshilfe-dillenburg.de\/leicht\/#organization"},"image":{"@id":"https:\/\/lebenshilfe-dillenburg.de\/leicht\/fsj-bundesfreiwilligendienst\/#primaryimage"},"thumbnailUrl":"https:\/\/lebenshilfe-dillenburg.de\/wp-content\/uploads\/mann-portrait-hand-am-kinn-sonnenbrille.png","articleSection":["Aktuelles"],"inLanguage":"de"},{"@type":"WebPage","@id":"https:\/\/lebenshilfe-dillenburg.de\/leicht\/fsj-bundesfreiwilligendienst\/","url":"https:\/\/lebenshilfe-dillenburg.de\/leicht\/fsj-bundesfreiwilligendienst\/","name":"FSJ \/ Bundesfreiwilligendienst - Lebenshilfe Dillenburg e.V.","isPartOf":{"@id":"https:\/\/lebenshilfe-dillenburg.de\/leicht\/#website"},"primaryImageOfPage":{"@id":"https:\/\/lebenshilfe-dillenburg.de\/leicht\/fsj-bundesfreiwilligendienst\/#primaryimage"},"image":{"@id":"https:\/\/lebenshilfe-dillenburg.de\/leicht\/fsj-bundesfreiwilligendienst\/#primaryimage"},"thumbnailUrl":"https:\/\/lebenshilfe-dillenburg.de\/wp-content\/uploads\/mann-portrait-hand-am-kinn-sonnenbrille.png","datePublished":"2023-06-16T09:26:54+00:00","dateModified":"2026-01-30T11:09:39+00:00","breadcrumb":{"@id":"https:\/\/lebenshilfe-dillenburg.de\/leicht\/fsj-bundesfreiwilligendienst\/#breadcrumb"},"inLanguage":"de","potentialAction":[{"@type":"ReadAction","target":["https:\/\/lebenshilfe-dillenburg.de\/leicht\/fsj-bundesfreiwilligendienst\/"]}]},{"@type":"ImageObject","inLanguage":"de","@id":"https:\/\/lebenshilfe-dillenburg.de\/leicht\/fsj-bundesfreiwilligendienst\/#primaryimage","url":"https:\/\/lebenshilfe-dillenburg.de\/wp-content\/uploads\/mann-portrait-hand-am-kinn-sonnenbrille.png","contentUrl":"https:\/\/lebenshilfe-dillenburg.de\/wp-content\/uploads\/mann-portrait-hand-am-kinn-sonnenbrille.png","width":705,"height":354,"caption":"Selbstbewusstes M\u00e4nnerportr\u00e4t mit Sonnenbrille auf dem Kopf, Hand am Kinn, gemustertes Hemd."},{"@type":"BreadcrumbList","@id":"https:\/\/lebenshilfe-dillenburg.de\/leicht\/fsj-bundesfreiwilligendienst\/#breadcrumb","itemListElement":[{"@type":"ListItem","position":1,"name":"Startseite der Lebenshilfe Dillenburg","item":"https:\/\/lebenshilfe-dillenburg.de\/leicht\/"},{"@type":"ListItem","position":2,"name":"FSJ \/ Bundesfreiwilligendienst"}]},{"@type":"WebSite","@id":"https:\/\/lebenshilfe-dillenburg.de\/leicht\/#website","url":"https:\/\/lebenshilfe-dillenburg.de\/leicht\/","name":"Lebenshilfe Dillenburg \u2013 Teilhabe & Unterst\u00fctzung im Lahn-Dill-Kreis","description":"","publisher":{"@id":"https:\/\/lebenshilfe-dillenburg.de\/leicht\/#organization"},"potentialAction":[{"@type":"SearchAction","target":{"@type":"EntryPoint","urlTemplate":"https:\/\/lebenshilfe-dillenburg.de\/leicht\/?s={search_term_string}"},"query-input":{"@type":"PropertyValueSpecification","valueRequired":true,"valueName":"search_term_string"}}],"inLanguage":"de"},{"@type":"Organization","@id":"https:\/\/lebenshilfe-dillenburg.de\/leicht\/#organization","name":"Lebenshilfe Dillenburg e.V.","url":"https:\/\/lebenshilfe-dillenburg.de\/leicht\/","logo":{"@type":"ImageObject","inLanguage":"de","@id":"https:\/\/lebenshilfe-dillenburg.de\/leicht\/#\/schema\/logo\/image\/","url":"https:\/\/lebenshilfe-dillenburg.de\/wp-content\/uploads\/lebenshilfe-dillenburg-desktop.webp","contentUrl":"https:\/\/lebenshilfe-dillenburg.de\/wp-content\/uploads\/lebenshilfe-dillenburg-desktop.webp","width":461,"height":202,"caption":"Lebenshilfe Dillenburg e.V."},"image":{"@id":"https:\/\/lebenshilfe-dillenburg.de\/leicht\/#\/schema\/logo\/image\/"},"sameAs":["https:\/\/www.facebook.com\/lebenshilfedillenburg\/","https:\/\/www.instagram.com\/lebenshilfe_dillenburg\/"]},{"@type":"Person","@id":"https:\/\/lebenshilfe-dillenburg.de\/leicht\/#\/schema\/person\/b6c52dad8d881b49213c3345a7cd5efe","name":"Conny Holtfoth","sameAs":["http:\/\/lebenshilfe-dillenburg.de"],"url":"https:\/\/lebenshilfe-dillenburg.de\/leicht\/author\/conny\/"}]}},"taxonomy_info":{"category":[{"value":52,"label":"Aktuelles"}]},"featured_image_src_large":["https:\/\/lebenshilfe-dillenburg.de\/wp-content\/uploads\/mann-portrait-hand-am-kinn-sonnenbrille.png",705,354,false],"author_info":{"display_name":"Conny Holtfoth","author_link":"https:\/\/lebenshilfe-dillenburg.de\/leicht\/author\/conny\/"},"comment_info":0,"category_info":[{"term_id":52,"name":"Aktuelles","slug":"aktuelles","term_group":0,"term_taxonomy_id":52,"taxonomy":"category","description":"","parent":0,"count":22,"filter":"raw","term_order":"4","cat_ID":52,"category_count":22,"category_description":"","cat_name":"Aktuelles","category_nicename":"aktuelles","category_parent":0}],"tag_info":false,"_links":{"self":[{"href":"https:\/\/lebenshilfe-dillenburg.de\/leicht\/wp-json\/wp\/v2\/posts\/7332","targetHints":{"allow":["GET"]}}],"collection":[{"href":"https:\/\/lebenshilfe-dillenburg.de\/leicht\/wp-json\/wp\/v2\/posts"}],"about":[{"href":"https:\/\/lebenshilfe-dillenburg.de\/leicht\/wp-json\/wp\/v2\/types\/post"}],"author":[{"embeddable":true,"href":"https:\/\/lebenshilfe-dillenburg.de\/leicht\/wp-json\/wp\/v2\/users\/4"}],"replies":[{"embeddable":true,"href":"https:\/\/lebenshilfe-dillenburg.de\/leicht\/wp-json\/wp\/v2\/comments?post=7332"}],"version-history":[{"count":0,"href":"https:\/\/lebenshilfe-dillenburg.de\/leicht\/wp-json\/wp\/v2\/posts\/7332\/revisions"}],"wp:featuredmedia":[{"embeddable":true,"href":"https:\/\/lebenshilfe-dillenburg.de\/leicht\/wp-json\/wp\/v2\/media\/4106"}],"wp:attachment":[{"href":"https:\/\/lebenshilfe-dillenburg.de\/leicht\/wp-json\/wp\/v2\/media?parent=7332"}],"wp:term":[{"taxonomy":"category","embeddable":true,"href":"https:\/\/lebenshilfe-dillenburg.de\/leicht\/wp-json\/wp\/v2\/categories?post=7332"},{"taxonomy":"post_tag","embeddable":true,"href":"https:\/\/lebenshilfe-dillenburg.de\/leicht\/wp-json\/wp\/v2\/tags?post=7332"}],"curies":[{"name":"wp","href":"https:\/\/api.w.org\/{rel}","templated":true}]}}