{"id":7335,"date":"2023-06-30T10:43:12","date_gmt":"2023-06-30T08:43:12","guid":{"rendered":"https:\/\/www.lebenshilfe-dillenburg.de\/?p=4203"},"modified":"2026-01-30T12:09:40","modified_gmt":"2026-01-30T11:09:40","slug":"mosja-macht-lebenshilfe-mode","status":"publish","type":"post","link":"https:\/\/lebenshilfe-dillenburg.de\/leicht\/mosja-macht-lebenshilfe-mode\/","title":{"rendered":"Mosja macht Lebenshilfe-Mode"},"content":{"rendered":"<p>Die Lebenshilfe Dillenburg hat jetzt eine eigene hochwertige Kleidungskollektion \u2013 m\u00f6glich gemacht durch das Mode-Label Mosja.<!--more--><br \/>\nDas junge Unternehmen aus Burbach setzt auf stylische Qualit\u00e4t auf der einen, auf faire und nachhaltige Produktion auf der anderen Seite. Auch ist es Jakob Sahm, Pauline Mihm und Ann-Kathrin Klein, den K\u00f6pfen hinter Mosja, ein Anliegen, Herzensprojekte zu unterst\u00fctzen \u2013 wie etwa die Kulturarbeit der Lebenshilfe Dillenburg. Kulturreferent Sascha Kirchhoff kannte die Marke und fragte an, ob man sich eine Zusammenarbeit vorstellen k\u00f6nne. Man konnte. \u201eWir wollen nicht nur an unsere Herzensprojekte spenden, sondern ihnen auch \u00f6ffentliche Wahrnehmung schenken\u201c, erl\u00e4utert Sahm. \u201eSomit finden wir die inklusiven Projekte von Sascha Kirchhoff wundervoll, unterhaltsam und auch ber\u00fchrend.\u201c<\/p>\n<p>Und nicht nur das: Die Lebenshilfe Dillenburg konnte sich auch am Design beteiligen. Buse Kizil, eine junge Frau mit Schwerstmehrfachbehinderung, die in der Tagesf\u00f6rderst\u00e4tte der Lebenshilfe Dillenburg betreut wird, gestaltete gemeinsam mit dem Maler Santiago Gallardo eine Druckvorlage, die nun in der Kollektion \u201eBetter together\u201c verarbeitet wurde.<\/p>\n<figure id=\"attachment_4205\" aria-describedby=\"caption-attachment-4205\" style=\"width: 244px\" class=\"wp-caption alignleft\"><a href=\"https:\/\/lebenshilfe-dillenburg.de\/wp-content\/uploads\/frau-vor-campervan-mit-kunstprint-kleid.jpg\"><img loading=\"lazy\" decoding=\"async\" class=\" wp-image-4205\" src=\"https:\/\/lebenshilfe-dillenburg.de\/wp-content\/uploads\/2023\/06\/mosja-macht-lebenshilfe-mode-dsc02452-400x600.jpg\" alt=\"\" width=\"244\" height=\"366\" \/><\/a><figcaption id=\"caption-attachment-4205\" class=\"wp-caption-text\">Das R\u00fccken-Design stammt von einer Betreuten aus der Tagesf\u00f6rderst\u00e4tte der Lebenshilfe Dillenburg. (Foto: Haustein)<\/figcaption><\/figure>\n<p>P\u00fcnktlich zur Er\u00f6ffnung des neuen Stores in Neunkirchen am Samstag (1. Juli) startet auch der Verkauf der Tops, Shirts, Pullis, Hosen und Kleider der Lebenshilfe-Kollektion. \u201eDie Qualit\u00e4t der St\u00fccke ist unfassbar gut\u201c, sagt Kirchhoff. \u201eDie muss man gesehen und vor allem angefasst haben.\u201c 20 Prozent aus den Einnahmen flie\u00dfen in die Kulturarbeit.<br \/>\nTeil der Kulturarbeit der Lebenshilfe Dillenburg sind unter anderem professionelle Fotoshootings f\u00fcr Menschen mit Behinderung. Menschen mit und ohne Behinderung haben nun gemeinsam vor der Kamera gestanden und die neue Kollektion pr\u00e4sentiert. \u201eToll w\u00e4re, wenn die Menschen \u00fcber den Verkauf dieser Kleidung ins Gespr\u00e4ch kommen \u00fcber Inklusion\u201c, hofft Kirchhoff. Denn der Inklusionsgedanke verbirgt sich auch hinter seiner Arbeit: Menschen mit und ohne Behinderung ganz selbstverst\u00e4ndlich \u00fcber unterschiedliche Kulturfelder zusammenzubringen.<\/p>\n","protected":false},"excerpt":{"rendered":"<p>Die Lebenshilfe Dillenburg hat jetzt eine eigene hochwertige Kleidungskollektion \u2013 m\u00f6glich gemacht durch das Mode-Label Mosja.<\/p>\n","protected":false},"author":4,"featured_media":4204,"comment_status":"closed","ping_status":"closed","sticky":false,"template":"","format":"standard","meta":{"_acf_changed":false,"_gspb_post_css":"","_kad_blocks_custom_css":"","_kad_blocks_head_custom_js":"","_kad_blocks_body_custom_js":"","_kad_blocks_footer_custom_js":"","_kad_post_transparent":"","_kad_post_title":"","_kad_post_layout":"","_kad_post_sidebar_id":"","_kad_post_content_style":"","_kad_post_vertical_padding":"","_kad_post_feature":"","_kad_post_feature_position":"","_kad_post_header":false,"_kad_post_footer":false,"_kad_post_classname":"","footnotes":""},"categories":[53],"tags":[],"class_list":["post-7335","post","type-post","status-publish","format-standard","has-post-thumbnail","hentry","category-meldungen"],"acf":[],"yoast_head":"<!-- This site is optimized with the Yoast SEO plugin v27.5 - https:\/\/yoast.com\/product\/yoast-seo-wordpress\/ -->\n<title>Mosja macht Lebenshilfe-Mode - Lebenshilfe Dillenburg e.V.<\/title>\n<meta name=\"robots\" content=\"index, follow, max-snippet:-1, max-image-preview:large, max-video-preview:-1\" \/>\n<link rel=\"canonical\" href=\"https:\/\/lebenshilfe-dillenburg.de\/leicht\/mosja-macht-lebenshilfe-mode\/\" \/>\n<meta property=\"og:locale\" content=\"de_DE\" \/>\n<meta property=\"og:type\" content=\"article\" \/>\n<meta property=\"og:title\" content=\"Mosja macht Lebenshilfe-Mode - Lebenshilfe Dillenburg e.V.\" \/>\n<meta property=\"og:description\" content=\"Die Lebenshilfe Dillenburg hat jetzt eine eigene hochwertige Kleidungskollektion \u2013 m\u00f6glich gemacht durch das Mode-Label Mosja.\" \/>\n<meta property=\"og:url\" content=\"https:\/\/lebenshilfe-dillenburg.de\/leicht\/mosja-macht-lebenshilfe-mode\/\" \/>\n<meta property=\"og:site_name\" content=\"Lebenshilfe Dillenburg e.V.\" \/>\n<meta property=\"article:publisher\" content=\"https:\/\/www.facebook.com\/lebenshilfedillenburg\/\" \/>\n<meta property=\"article:published_time\" content=\"2023-06-30T08:43:12+00:00\" \/>\n<meta property=\"article:modified_time\" content=\"2026-01-30T11:09:40+00:00\" \/>\n<meta property=\"og:image\" content=\"https:\/\/lebenshilfe-dillenburg.de\/wp-content\/uploads\/mosja-macht-lebenshilfe-mode-dsc02860-scaled-3.jpg\" \/>\n\t<meta property=\"og:image:width\" content=\"2560\" \/>\n\t<meta property=\"og:image:height\" content=\"1707\" \/>\n\t<meta property=\"og:image:type\" content=\"image\/jpeg\" \/>\n<meta name=\"author\" content=\"Conny Holtfoth\" \/>\n<meta name=\"twitter:card\" content=\"summary_large_image\" \/>\n<meta name=\"twitter:label1\" content=\"Geschrieben von\" \/>\n\t<meta name=\"twitter:data1\" content=\"Conny Holtfoth\" \/>\n\t<meta name=\"twitter:label2\" content=\"Gesch\u00e4tzte Lesezeit\" \/>\n\t<meta name=\"twitter:data2\" content=\"2\u00a0Minuten\" \/>\n<script type=\"application\/ld+json\" class=\"yoast-schema-graph\">{\"@context\":\"https:\\\/\\\/schema.org\",\"@graph\":[{\"@type\":\"Article\",\"@id\":\"https:\\\/\\\/lebenshilfe-dillenburg.de\\\/leicht\\\/mosja-macht-lebenshilfe-mode\\\/#article\",\"isPartOf\":{\"@id\":\"https:\\\/\\\/lebenshilfe-dillenburg.de\\\/leicht\\\/mosja-macht-lebenshilfe-mode\\\/\"},\"author\":{\"name\":\"Conny Holtfoth\",\"@id\":\"https:\\\/\\\/lebenshilfe-dillenburg.de\\\/leicht\\\/#\\\/schema\\\/person\\\/b6c52dad8d881b49213c3345a7cd5efe\"},\"headline\":\"Mosja macht Lebenshilfe-Mode\",\"datePublished\":\"2023-06-30T08:43:12+00:00\",\"dateModified\":\"2026-01-30T11:09:40+00:00\",\"mainEntityOfPage\":{\"@id\":\"https:\\\/\\\/lebenshilfe-dillenburg.de\\\/leicht\\\/mosja-macht-lebenshilfe-mode\\\/\"},\"wordCount\":322,\"publisher\":{\"@id\":\"https:\\\/\\\/lebenshilfe-dillenburg.de\\\/leicht\\\/#organization\"},\"image\":{\"@id\":\"https:\\\/\\\/lebenshilfe-dillenburg.de\\\/leicht\\\/mosja-macht-lebenshilfe-mode\\\/#primaryimage\"},\"thumbnailUrl\":\"https:\\\/\\\/lebenshilfe-dillenburg.de\\\/wp-content\\\/uploads\\\/inklusive-models-lebenshilfe-kollektion-gruppe.jpg\",\"articleSection\":[\"Meldungen\"],\"inLanguage\":\"de\"},{\"@type\":\"WebPage\",\"@id\":\"https:\\\/\\\/lebenshilfe-dillenburg.de\\\/leicht\\\/mosja-macht-lebenshilfe-mode\\\/\",\"url\":\"https:\\\/\\\/lebenshilfe-dillenburg.de\\\/leicht\\\/mosja-macht-lebenshilfe-mode\\\/\",\"name\":\"Mosja macht Lebenshilfe-Mode - Lebenshilfe Dillenburg e.V.\",\"isPartOf\":{\"@id\":\"https:\\\/\\\/lebenshilfe-dillenburg.de\\\/leicht\\\/#website\"},\"primaryImageOfPage\":{\"@id\":\"https:\\\/\\\/lebenshilfe-dillenburg.de\\\/leicht\\\/mosja-macht-lebenshilfe-mode\\\/#primaryimage\"},\"image\":{\"@id\":\"https:\\\/\\\/lebenshilfe-dillenburg.de\\\/leicht\\\/mosja-macht-lebenshilfe-mode\\\/#primaryimage\"},\"thumbnailUrl\":\"https:\\\/\\\/lebenshilfe-dillenburg.de\\\/wp-content\\\/uploads\\\/inklusive-models-lebenshilfe-kollektion-gruppe.jpg\",\"datePublished\":\"2023-06-30T08:43:12+00:00\",\"dateModified\":\"2026-01-30T11:09:40+00:00\",\"breadcrumb\":{\"@id\":\"https:\\\/\\\/lebenshilfe-dillenburg.de\\\/leicht\\\/mosja-macht-lebenshilfe-mode\\\/#breadcrumb\"},\"inLanguage\":\"de\",\"potentialAction\":[{\"@type\":\"ReadAction\",\"target\":[\"https:\\\/\\\/lebenshilfe-dillenburg.de\\\/leicht\\\/mosja-macht-lebenshilfe-mode\\\/\"]}]},{\"@type\":\"ImageObject\",\"inLanguage\":\"de\",\"@id\":\"https:\\\/\\\/lebenshilfe-dillenburg.de\\\/leicht\\\/mosja-macht-lebenshilfe-mode\\\/#primaryimage\",\"url\":\"https:\\\/\\\/lebenshilfe-dillenburg.de\\\/wp-content\\\/uploads\\\/inklusive-models-lebenshilfe-kollektion-gruppe.jpg\",\"contentUrl\":\"https:\\\/\\\/lebenshilfe-dillenburg.de\\\/wp-content\\\/uploads\\\/inklusive-models-lebenshilfe-kollektion-gruppe.jpg\",\"width\":1500,\"height\":1000,\"caption\":\"Inklusives Fotoshooting: Unsere Models pr\u00e4sentieren die Lebenshilfe-Kollektion. (Foto: Haustein)\"},{\"@type\":\"BreadcrumbList\",\"@id\":\"https:\\\/\\\/lebenshilfe-dillenburg.de\\\/leicht\\\/mosja-macht-lebenshilfe-mode\\\/#breadcrumb\",\"itemListElement\":[{\"@type\":\"ListItem\",\"position\":1,\"name\":\"Startseite der Lebenshilfe Dillenburg\",\"item\":\"https:\\\/\\\/lebenshilfe-dillenburg.de\\\/leicht\\\/\"},{\"@type\":\"ListItem\",\"position\":2,\"name\":\"Mosja macht Lebenshilfe-Mode\"}]},{\"@type\":\"WebSite\",\"@id\":\"https:\\\/\\\/lebenshilfe-dillenburg.de\\\/leicht\\\/#website\",\"url\":\"https:\\\/\\\/lebenshilfe-dillenburg.de\\\/leicht\\\/\",\"name\":\"Lebenshilfe Dillenburg \u2013 Teilhabe & Unterst\u00fctzung im Lahn-Dill-Kreis\",\"description\":\"\",\"publisher\":{\"@id\":\"https:\\\/\\\/lebenshilfe-dillenburg.de\\\/leicht\\\/#organization\"},\"potentialAction\":[{\"@type\":\"SearchAction\",\"target\":{\"@type\":\"EntryPoint\",\"urlTemplate\":\"https:\\\/\\\/lebenshilfe-dillenburg.de\\\/leicht\\\/?s={search_term_string}\"},\"query-input\":{\"@type\":\"PropertyValueSpecification\",\"valueRequired\":true,\"valueName\":\"search_term_string\"}}],\"inLanguage\":\"de\"},{\"@type\":\"Organization\",\"@id\":\"https:\\\/\\\/lebenshilfe-dillenburg.de\\\/leicht\\\/#organization\",\"name\":\"Lebenshilfe Dillenburg e.V.\",\"url\":\"https:\\\/\\\/lebenshilfe-dillenburg.de\\\/leicht\\\/\",\"logo\":{\"@type\":\"ImageObject\",\"inLanguage\":\"de\",\"@id\":\"https:\\\/\\\/lebenshilfe-dillenburg.de\\\/leicht\\\/#\\\/schema\\\/logo\\\/image\\\/\",\"url\":\"https:\\\/\\\/lebenshilfe-dillenburg.de\\\/wp-content\\\/uploads\\\/lebenshilfe-dillenburg-desktop.webp\",\"contentUrl\":\"https:\\\/\\\/lebenshilfe-dillenburg.de\\\/wp-content\\\/uploads\\\/lebenshilfe-dillenburg-desktop.webp\",\"width\":461,\"height\":202,\"caption\":\"Lebenshilfe Dillenburg e.V.\"},\"image\":{\"@id\":\"https:\\\/\\\/lebenshilfe-dillenburg.de\\\/leicht\\\/#\\\/schema\\\/logo\\\/image\\\/\"},\"sameAs\":[\"https:\\\/\\\/www.facebook.com\\\/lebenshilfedillenburg\\\/\",\"https:\\\/\\\/www.instagram.com\\\/lebenshilfe_dillenburg\\\/\"]},{\"@type\":\"Person\",\"@id\":\"https:\\\/\\\/lebenshilfe-dillenburg.de\\\/leicht\\\/#\\\/schema\\\/person\\\/b6c52dad8d881b49213c3345a7cd5efe\",\"name\":\"Conny Holtfoth\",\"sameAs\":[\"http:\\\/\\\/lebenshilfe-dillenburg.de\"],\"url\":\"https:\\\/\\\/lebenshilfe-dillenburg.de\\\/leicht\\\/author\\\/conny\\\/\"}]}<\/script>\n<!-- \/ Yoast SEO plugin. -->","yoast_head_json":{"title":"Mosja macht Lebenshilfe-Mode - Lebenshilfe Dillenburg e.V.","robots":{"index":"index","follow":"follow","max-snippet":"max-snippet:-1","max-image-preview":"max-image-preview:large","max-video-preview":"max-video-preview:-1"},"canonical":"https:\/\/lebenshilfe-dillenburg.de\/leicht\/mosja-macht-lebenshilfe-mode\/","og_locale":"de_DE","og_type":"article","og_title":"Mosja macht Lebenshilfe-Mode - Lebenshilfe Dillenburg e.V.","og_description":"Die Lebenshilfe Dillenburg hat jetzt eine eigene hochwertige Kleidungskollektion \u2013 m\u00f6glich gemacht durch das Mode-Label Mosja.","og_url":"https:\/\/lebenshilfe-dillenburg.de\/leicht\/mosja-macht-lebenshilfe-mode\/","og_site_name":"Lebenshilfe Dillenburg e.V.","article_publisher":"https:\/\/www.facebook.com\/lebenshilfedillenburg\/","article_published_time":"2023-06-30T08:43:12+00:00","article_modified_time":"2026-01-30T11:09:40+00:00","og_image":[{"width":2560,"height":1707,"url":"https:\/\/lebenshilfe-dillenburg.de\/wp-content\/uploads\/mosja-macht-lebenshilfe-mode-dsc02860-scaled-3.jpg","type":"image\/jpeg"}],"author":"Conny Holtfoth","twitter_card":"summary_large_image","twitter_misc":{"Geschrieben von":"Conny Holtfoth","Gesch\u00e4tzte Lesezeit":"2\u00a0Minuten"},"schema":{"@context":"https:\/\/schema.org","@graph":[{"@type":"Article","@id":"https:\/\/lebenshilfe-dillenburg.de\/leicht\/mosja-macht-lebenshilfe-mode\/#article","isPartOf":{"@id":"https:\/\/lebenshilfe-dillenburg.de\/leicht\/mosja-macht-lebenshilfe-mode\/"},"author":{"name":"Conny Holtfoth","@id":"https:\/\/lebenshilfe-dillenburg.de\/leicht\/#\/schema\/person\/b6c52dad8d881b49213c3345a7cd5efe"},"headline":"Mosja macht Lebenshilfe-Mode","datePublished":"2023-06-30T08:43:12+00:00","dateModified":"2026-01-30T11:09:40+00:00","mainEntityOfPage":{"@id":"https:\/\/lebenshilfe-dillenburg.de\/leicht\/mosja-macht-lebenshilfe-mode\/"},"wordCount":322,"publisher":{"@id":"https:\/\/lebenshilfe-dillenburg.de\/leicht\/#organization"},"image":{"@id":"https:\/\/lebenshilfe-dillenburg.de\/leicht\/mosja-macht-lebenshilfe-mode\/#primaryimage"},"thumbnailUrl":"https:\/\/lebenshilfe-dillenburg.de\/wp-content\/uploads\/inklusive-models-lebenshilfe-kollektion-gruppe.jpg","articleSection":["Meldungen"],"inLanguage":"de"},{"@type":"WebPage","@id":"https:\/\/lebenshilfe-dillenburg.de\/leicht\/mosja-macht-lebenshilfe-mode\/","url":"https:\/\/lebenshilfe-dillenburg.de\/leicht\/mosja-macht-lebenshilfe-mode\/","name":"Mosja macht Lebenshilfe-Mode - Lebenshilfe Dillenburg e.V.","isPartOf":{"@id":"https:\/\/lebenshilfe-dillenburg.de\/leicht\/#website"},"primaryImageOfPage":{"@id":"https:\/\/lebenshilfe-dillenburg.de\/leicht\/mosja-macht-lebenshilfe-mode\/#primaryimage"},"image":{"@id":"https:\/\/lebenshilfe-dillenburg.de\/leicht\/mosja-macht-lebenshilfe-mode\/#primaryimage"},"thumbnailUrl":"https:\/\/lebenshilfe-dillenburg.de\/wp-content\/uploads\/inklusive-models-lebenshilfe-kollektion-gruppe.jpg","datePublished":"2023-06-30T08:43:12+00:00","dateModified":"2026-01-30T11:09:40+00:00","breadcrumb":{"@id":"https:\/\/lebenshilfe-dillenburg.de\/leicht\/mosja-macht-lebenshilfe-mode\/#breadcrumb"},"inLanguage":"de","potentialAction":[{"@type":"ReadAction","target":["https:\/\/lebenshilfe-dillenburg.de\/leicht\/mosja-macht-lebenshilfe-mode\/"]}]},{"@type":"ImageObject","inLanguage":"de","@id":"https:\/\/lebenshilfe-dillenburg.de\/leicht\/mosja-macht-lebenshilfe-mode\/#primaryimage","url":"https:\/\/lebenshilfe-dillenburg.de\/wp-content\/uploads\/inklusive-models-lebenshilfe-kollektion-gruppe.jpg","contentUrl":"https:\/\/lebenshilfe-dillenburg.de\/wp-content\/uploads\/inklusive-models-lebenshilfe-kollektion-gruppe.jpg","width":1500,"height":1000,"caption":"Inklusives Fotoshooting: Unsere Models pr\u00e4sentieren die Lebenshilfe-Kollektion. (Foto: Haustein)"},{"@type":"BreadcrumbList","@id":"https:\/\/lebenshilfe-dillenburg.de\/leicht\/mosja-macht-lebenshilfe-mode\/#breadcrumb","itemListElement":[{"@type":"ListItem","position":1,"name":"Startseite der Lebenshilfe Dillenburg","item":"https:\/\/lebenshilfe-dillenburg.de\/leicht\/"},{"@type":"ListItem","position":2,"name":"Mosja macht Lebenshilfe-Mode"}]},{"@type":"WebSite","@id":"https:\/\/lebenshilfe-dillenburg.de\/leicht\/#website","url":"https:\/\/lebenshilfe-dillenburg.de\/leicht\/","name":"Lebenshilfe Dillenburg \u2013 Teilhabe & Unterst\u00fctzung im Lahn-Dill-Kreis","description":"","publisher":{"@id":"https:\/\/lebenshilfe-dillenburg.de\/leicht\/#organization"},"potentialAction":[{"@type":"SearchAction","target":{"@type":"EntryPoint","urlTemplate":"https:\/\/lebenshilfe-dillenburg.de\/leicht\/?s={search_term_string}"},"query-input":{"@type":"PropertyValueSpecification","valueRequired":true,"valueName":"search_term_string"}}],"inLanguage":"de"},{"@type":"Organization","@id":"https:\/\/lebenshilfe-dillenburg.de\/leicht\/#organization","name":"Lebenshilfe Dillenburg e.V.","url":"https:\/\/lebenshilfe-dillenburg.de\/leicht\/","logo":{"@type":"ImageObject","inLanguage":"de","@id":"https:\/\/lebenshilfe-dillenburg.de\/leicht\/#\/schema\/logo\/image\/","url":"https:\/\/lebenshilfe-dillenburg.de\/wp-content\/uploads\/lebenshilfe-dillenburg-desktop.webp","contentUrl":"https:\/\/lebenshilfe-dillenburg.de\/wp-content\/uploads\/lebenshilfe-dillenburg-desktop.webp","width":461,"height":202,"caption":"Lebenshilfe Dillenburg e.V."},"image":{"@id":"https:\/\/lebenshilfe-dillenburg.de\/leicht\/#\/schema\/logo\/image\/"},"sameAs":["https:\/\/www.facebook.com\/lebenshilfedillenburg\/","https:\/\/www.instagram.com\/lebenshilfe_dillenburg\/"]},{"@type":"Person","@id":"https:\/\/lebenshilfe-dillenburg.de\/leicht\/#\/schema\/person\/b6c52dad8d881b49213c3345a7cd5efe","name":"Conny Holtfoth","sameAs":["http:\/\/lebenshilfe-dillenburg.de"],"url":"https:\/\/lebenshilfe-dillenburg.de\/leicht\/author\/conny\/"}]}},"taxonomy_info":{"category":[{"value":53,"label":"Meldungen"}]},"featured_image_src_large":["https:\/\/lebenshilfe-dillenburg.de\/wp-content\/uploads\/inklusive-models-lebenshilfe-kollektion-gruppe-1920x1280.jpg",1366,911,true],"author_info":{"display_name":"Conny Holtfoth","author_link":"https:\/\/lebenshilfe-dillenburg.de\/leicht\/author\/conny\/"},"comment_info":0,"category_info":[{"term_id":53,"name":"Meldungen","slug":"meldungen","term_group":0,"term_taxonomy_id":53,"taxonomy":"category","description":"","parent":0,"count":127,"filter":"raw","term_order":"5","cat_ID":53,"category_count":127,"category_description":"","cat_name":"Meldungen","category_nicename":"meldungen","category_parent":0}],"tag_info":false,"_links":{"self":[{"href":"https:\/\/lebenshilfe-dillenburg.de\/leicht\/wp-json\/wp\/v2\/posts\/7335","targetHints":{"allow":["GET"]}}],"collection":[{"href":"https:\/\/lebenshilfe-dillenburg.de\/leicht\/wp-json\/wp\/v2\/posts"}],"about":[{"href":"https:\/\/lebenshilfe-dillenburg.de\/leicht\/wp-json\/wp\/v2\/types\/post"}],"author":[{"embeddable":true,"href":"https:\/\/lebenshilfe-dillenburg.de\/leicht\/wp-json\/wp\/v2\/users\/4"}],"replies":[{"embeddable":true,"href":"https:\/\/lebenshilfe-dillenburg.de\/leicht\/wp-json\/wp\/v2\/comments?post=7335"}],"version-history":[{"count":0,"href":"https:\/\/lebenshilfe-dillenburg.de\/leicht\/wp-json\/wp\/v2\/posts\/7335\/revisions"}],"wp:featuredmedia":[{"embeddable":true,"href":"https:\/\/lebenshilfe-dillenburg.de\/leicht\/wp-json\/wp\/v2\/media\/4204"}],"wp:attachment":[{"href":"https:\/\/lebenshilfe-dillenburg.de\/leicht\/wp-json\/wp\/v2\/media?parent=7335"}],"wp:term":[{"taxonomy":"category","embeddable":true,"href":"https:\/\/lebenshilfe-dillenburg.de\/leicht\/wp-json\/wp\/v2\/categories?post=7335"},{"taxonomy":"post_tag","embeddable":true,"href":"https:\/\/lebenshilfe-dillenburg.de\/leicht\/wp-json\/wp\/v2\/tags?post=7335"}],"curies":[{"name":"wp","href":"https:\/\/api.w.org\/{rel}","templated":true}]}}